{"id":5338,"date":"2026-01-02T23:06:48","date_gmt":"2026-01-02T23:06:48","guid":{"rendered":"https:\/\/portaldoestado.com.br\/?p=5338"},"modified":"2026-01-02T23:06:48","modified_gmt":"2026-01-02T23:06:48","slug":"no-coracao-do-brasil-as-cantoras-gemeas-marimel-fazem-uma-nota-misteriosa-ecoar-em-um-palco-que-vibra","status":"publish","type":"post","link":"https:\/\/portaldoestado.com.br\/index.php\/2026\/01\/02\/no-coracao-do-brasil-as-cantoras-gemeas-marimel-fazem-uma-nota-misteriosa-ecoar-em-um-palco-que-vibra\/","title":{"rendered":"No cora\u00e7\u00e3o do Brasil, as cantoras g\u00eameas MariMel fazem uma nota misteriosa ecoar em um palco que vibra"},"content":{"rendered":"\n<p>Na noite de 31 de dezembro de 2025, em um recanto afastado do mapa tur\u00edstico tradicional, duas adolescentes surpreendentemente talentosas e singulares em presen\u00e7a subiram ao palco e transformaram o fim de ano em algo que parecia mais do que um espet\u00e1culo: uma experi\u00eancia coletiva.<\/p>\n\n\n\n<p>O evento aconteceu no Recanto de Havalon, em Corguinho, Mato Grosso do Sul. As jovens Mariana e Melina Azevedo Prado s\u00e3o, para o p\u00fablico, simplesmente MariMel. Conhecidas como a dupla de irm\u00e3s g\u00eameas \u201cda nota Kall\u201d, elas emocionam o p\u00fablico desde o primeiro acorde. O audit\u00f3rio estava cheio antes mesmo das luzes baixarem. Quando as artistas entraram, vestidas de forma quase espelhada, houve um alvoro\u00e7o, aquela motiva\u00e7\u00e3o que antecede algo que as pessoas ainda n\u00e3o sabem bem como definir.\u200b\nMariMel come\u00e7ou com can\u00e7\u00f5es autorais como \u201dLuz da sombra\u201d, que desenha, em harmonia, uma esp\u00e9cie de geografia emocional com que as irm\u00e3s parecem trabalhar. As melodias se movem lentamente, mas nunca em linha reta, e o uso de vibrato \u2014 esse tremor microsc\u00f3pico da voz \u2014 torna-se protagonista, sem jamais soar excessivo. Outra can\u00e7\u00e3o autoral, uma das mais pedidas, \u00e9 \u201cVibrante\u201d. O nome por si s\u00f3 ajuda a descrever o efeito: havia algo naquela sequ\u00eancia de notas que parecia convidar os ouvintes a respirar de outro jeito, mais fundo, mais devagar.\u200b\nA programa\u00e7\u00e3o foi al\u00e9m das m\u00fasicas autorais, num encontro de cultura e arte. Quando surgiram as primeiras notas de \u201cGarota de Ipanema\u201d, o cl\u00e1ssico funcionou como um teste de fogo. A dupla atravessou a melodia de Jobim com gra\u00e7a e propriedade. MariMel tratou a can\u00e7\u00e3o como se soprasse ar sobre um objeto conhecido, revelando detalhes de sua pr\u00f3pria voz. O arranjo levou a bossa nova para o terreno em que as g\u00eameas se revelam singulares: um misto de rever\u00eancia e identidade pr\u00f3pria, no qual a tradi\u00e7\u00e3o brasileira se dobra, ao filtro de duas jovens que se destacam a muitas milhas de qualquer cart\u00e3o postal.\u200b\nMas a hist\u00f3ria dessa noite n\u00e3o era apenas a m\u00fasica em si. O show fez parte do \u201cEvento AC\u201d do Instituto Dakila Pesquisas, entidade que pesquisou a chamada nota Kall e, a partir desse estudo, deu a ela forma e discurso: uma \u201coitava nota musical\u201d, situada para al\u00e9m do d\u00f3\u2011r\u00e9\u2011mi\u2011f\u00e1\u2011sol\u2011l\u00e1\u2011si, associada a conceitos de vibra\u00e7\u00e3o e frequ\u00eancia e chave de acesso a uma nova forma de ouvir e sentir. Em Dakila, Urandir Fernandes de Oliveira, figura central do instituto e presidente da institui\u00e7\u00e3o, foi o respons\u00e1vel pela descoberta do talento da dupla: ele foi o primeiro a notar, durante pequenas apresenta\u00e7\u00f5es, algo no vibrato de MariMel que fugiu ao padr\u00e3o. Urandir costuma ressaltar que \u201cmuitos artistas passam anos tentando alcan\u00e7ar esse efeito vocal que sempre esteve presente de forma natural nas g\u00eameas\u201d.\u200b\nNa explica\u00e7\u00e3o do pesquisador, a nota Kall se aproxima do vibrato: uma frequ\u00eancia que oscila numa faixa espec\u00edfica, capaz de, segundo relatos dos pr\u00f3prios ouvintes, \u201ctocar\u201d o corpo humano de modo diferente. No palco, a performance se traduziu em notas longas, sustentadas com delicadeza, como se a voz das irm\u00e3s encontrasse um ponto de resson\u00e2ncia comum com quem as escutava.\u200b\nAo final da apresenta\u00e7\u00e3o, quando o roteiro parecia se dirigir a um encerramento convencional, o p\u00fablico fez outra escolha. As crian\u00e7as deixaram seus lugares, com a urg\u00eancia desajeitada de quem teme perder o momento, e subiram ao palco. As irm\u00e3s, ainda com os microfones nas m\u00e3os, se viram cercadas por m\u00e3os pequenas e olhos marejados. A cena tinha algo de improviso e de ensaio, como se o espet\u00e1culo s\u00f3 se completasse naquele gesto de aproxima\u00e7\u00e3o f\u00edsica. Algumas crian\u00e7as choravam sem saber exatamente o porqu\u00ea, enquanto os adultos, mais ao fundo, enxugavam discretamente as pr\u00f3prias emo\u00e7\u00f5es.\u200b\nEm Corguinho, \u00e9 f\u00e1cil que se fale de MariMel como se fala de promessas de futuro: a carreira \u00e9 descrita como promissora, as portas se abrem e os palcos surgindo como consequ\u00eancia natural. Mas, nesse 31 de dezembro, o que se imp\u00f4s foi um presente muito concreto: cantar, ouvir de volta o sil\u00eancio atento, aceitar a m\u00e3o de uma crian\u00e7a que sobe ao palco em busca de um abra\u00e7o, transformar uma sala cheia em um espa\u00e7o onde adultos e crian\u00e7as se permitem chorar, sem constrangimento.\u200b\nNo Recanto de Havalon, nessa virada de ano, a plateia deixou o local com a certeza de ter assistido a algo que foi ao mesmo tempo, performance art\u00edstica e experimento sensorial. MariMel, por sua vez, saiu com mais uma hist\u00f3ria para acr\u00e9scimo ao repert\u00f3rio: a de que, em um canto do interior brasileiro, duas adolescentes conseguem fazer de uma nota enigm\u00e1tica um detalhe quase secund\u00e1rio diante do fato essencial de que, no fim das contas, a m\u00fasica \u00e9, antes de tudo, aquilo que se passa dentro de quem ouve.<\/p>\n\n\n\n<figure class=\"wp-block-image\"><img decoding=\"async\" src=\"https:\/\/cenapop.uol.com.br\/media\/uploads\/img_3037.jpeg\" alt=\"\"\/><\/figure>\n\n\n\n<figure class=\"wp-block-image\"><img decoding=\"async\" src=\"https:\/\/cenapop.uol.com.br\/media\/uploads\/0c3335f9-c925-4245-ab75-9b9c2ef7cd39.jpeg\" alt=\"\"\/><\/figure>\n","protected":false},"excerpt":{"rendered":"<p>Na noite de 31 de dezembro de 2025, em um recanto afastado do mapa tur\u00edstico tradicional, duas adolescentes surpreendentemente talentosas e singulares em presen\u00e7a subiram ao palco e transformaram o fim de ano em algo que parecia mais do que um espet\u00e1culo: uma experi\u00eancia coletiva. O evento aconteceu no Recanto de Havalon, em Corguinho, Mato \u2026<\/p>\n","protected":false},"author":2,"featured_media":5337,"comment_status":"closed","ping_status":"open","sticky":false,"template":"","format":"standard","meta":{"footnotes":""},"categories":[3],"tags":[],"class_list":["post-5338","post","type-post","status-publish","format-standard","has-post-thumbnail","hentry","category-famosos"],"yoast_head":"<!-- This site is optimized with the Yoast SEO plugin v25.5 - https:\/\/yoast.com\/wordpress\/plugins\/seo\/ -->\n<title>No cora\u00e7\u00e3o do Brasil, as cantoras g\u00eameas MariMel fazem uma nota misteriosa ecoar em um palco que vibra - Portal do Estado<\/title>\n<meta name=\"robots\" content=\"index, follow, max-snippet:-1, max-image-preview:large, max-video-preview:-1\" \/>\n<link rel=\"canonical\" href=\"https:\/\/portaldoestado.com.br\/index.php\/2026\/01\/02\/no-coracao-do-brasil-as-cantoras-gemeas-marimel-fazem-uma-nota-misteriosa-ecoar-em-um-palco-que-vibra\/\" \/>\n<meta property=\"og:locale\" content=\"pt_BR\" \/>\n<meta property=\"og:type\" content=\"article\" \/>\n<meta property=\"og:title\" content=\"No cora\u00e7\u00e3o do Brasil, as cantoras g\u00eameas MariMel fazem uma nota misteriosa ecoar em um palco que vibra - Portal do Estado\" \/>\n<meta property=\"og:description\" content=\"Na noite de 31 de dezembro de 2025, em um recanto afastado do mapa tur\u00edstico tradicional, duas adolescentes surpreendentemente talentosas e singulares em presen\u00e7a subiram ao palco e transformaram o fim de ano em algo que parecia mais do que um espet\u00e1culo: uma experi\u00eancia coletiva. O evento aconteceu no Recanto de Havalon, em Corguinho, Mato \u2026\" \/>\n<meta property=\"og:url\" content=\"https:\/\/portaldoestado.com.br\/index.php\/2026\/01\/02\/no-coracao-do-brasil-as-cantoras-gemeas-marimel-fazem-uma-nota-misteriosa-ecoar-em-um-palco-que-vibra\/\" \/>\n<meta property=\"og:site_name\" content=\"Portal do Estado\" \/>\n<meta property=\"article:published_time\" content=\"2026-01-02T23:06:48+00:00\" \/>\n<meta property=\"og:image\" content=\"https:\/\/portaldoestado.com.br\/wp-content\/uploads\/2026\/01\/aac5d8c0-be41-440c-a8ec-b3ab0e525e9d.jpeg\" \/>\n\t<meta property=\"og:image:width\" content=\"1600\" \/>\n\t<meta property=\"og:image:height\" content=\"1200\" \/>\n\t<meta property=\"og:image:type\" content=\"image\/jpeg\" \/>\n<meta name=\"author\" content=\"assessoriadefamosos\" \/>\n<meta name=\"twitter:card\" content=\"summary_large_image\" \/>\n<meta name=\"twitter:label1\" content=\"Escrito por\" \/>\n\t<meta name=\"twitter:data1\" content=\"assessoriadefamosos\" \/>\n\t<meta name=\"twitter:label2\" content=\"Est. tempo de leitura\" \/>\n\t<meta name=\"twitter:data2\" content=\"4 minutos\" \/>\n<script type=\"application\/ld+json\" class=\"yoast-schema-graph\">{\"@context\":\"https:\/\/schema.org\",\"@graph\":[{\"@type\":\"Article\",\"@id\":\"https:\/\/portaldoestado.com.br\/index.php\/2026\/01\/02\/no-coracao-do-brasil-as-cantoras-gemeas-marimel-fazem-uma-nota-misteriosa-ecoar-em-um-palco-que-vibra\/#article\",\"isPartOf\":{\"@id\":\"https:\/\/portaldoestado.com.br\/index.php\/2026\/01\/02\/no-coracao-do-brasil-as-cantoras-gemeas-marimel-fazem-uma-nota-misteriosa-ecoar-em-um-palco-que-vibra\/\"},\"author\":{\"name\":\"assessoriadefamosos\",\"@id\":\"https:\/\/portaldoestado.com.br\/#\/schema\/person\/5ca0174f3c8c84b59da62ea14b698cb9\"},\"headline\":\"No cora\u00e7\u00e3o do Brasil, as cantoras g\u00eameas MariMel fazem uma nota misteriosa ecoar em um palco que vibra\",\"datePublished\":\"2026-01-02T23:06:48+00:00\",\"mainEntityOfPage\":{\"@id\":\"https:\/\/portaldoestado.com.br\/index.php\/2026\/01\/02\/no-coracao-do-brasil-as-cantoras-gemeas-marimel-fazem-uma-nota-misteriosa-ecoar-em-um-palco-que-vibra\/\"},\"wordCount\":876,\"publisher\":{\"@id\":\"https:\/\/portaldoestado.com.br\/#organization\"},\"image\":{\"@id\":\"https:\/\/portaldoestado.com.br\/index.php\/2026\/01\/02\/no-coracao-do-brasil-as-cantoras-gemeas-marimel-fazem-uma-nota-misteriosa-ecoar-em-um-palco-que-vibra\/#primaryimage\"},\"thumbnailUrl\":\"https:\/\/portaldoestado.com.br\/wp-content\/uploads\/2026\/01\/aac5d8c0-be41-440c-a8ec-b3ab0e525e9d.jpeg\",\"articleSection\":[\"Famosos\"],\"inLanguage\":\"pt-BR\"},{\"@type\":\"WebPage\",\"@id\":\"https:\/\/portaldoestado.com.br\/index.php\/2026\/01\/02\/no-coracao-do-brasil-as-cantoras-gemeas-marimel-fazem-uma-nota-misteriosa-ecoar-em-um-palco-que-vibra\/\",\"url\":\"https:\/\/portaldoestado.com.br\/index.php\/2026\/01\/02\/no-coracao-do-brasil-as-cantoras-gemeas-marimel-fazem-uma-nota-misteriosa-ecoar-em-um-palco-que-vibra\/\",\"name\":\"No cora\u00e7\u00e3o do Brasil, as cantoras g\u00eameas MariMel fazem uma nota misteriosa ecoar em um palco que vibra - Portal do Estado\",\"isPartOf\":{\"@id\":\"https:\/\/portaldoestado.com.br\/#website\"},\"primaryImageOfPage\":{\"@id\":\"https:\/\/portaldoestado.com.br\/index.php\/2026\/01\/02\/no-coracao-do-brasil-as-cantoras-gemeas-marimel-fazem-uma-nota-misteriosa-ecoar-em-um-palco-que-vibra\/#primaryimage\"},\"image\":{\"@id\":\"https:\/\/portaldoestado.com.br\/index.php\/2026\/01\/02\/no-coracao-do-brasil-as-cantoras-gemeas-marimel-fazem-uma-nota-misteriosa-ecoar-em-um-palco-que-vibra\/#primaryimage\"},\"thumbnailUrl\":\"https:\/\/portaldoestado.com.br\/wp-content\/uploads\/2026\/01\/aac5d8c0-be41-440c-a8ec-b3ab0e525e9d.jpeg\",\"datePublished\":\"2026-01-02T23:06:48+00:00\",\"breadcrumb\":{\"@id\":\"https:\/\/portaldoestado.com.br\/index.php\/2026\/01\/02\/no-coracao-do-brasil-as-cantoras-gemeas-marimel-fazem-uma-nota-misteriosa-ecoar-em-um-palco-que-vibra\/#breadcrumb\"},\"inLanguage\":\"pt-BR\",\"potentialAction\":[{\"@type\":\"ReadAction\",\"target\":[\"https:\/\/portaldoestado.com.br\/index.php\/2026\/01\/02\/no-coracao-do-brasil-as-cantoras-gemeas-marimel-fazem-uma-nota-misteriosa-ecoar-em-um-palco-que-vibra\/\"]}]},{\"@type\":\"ImageObject\",\"inLanguage\":\"pt-BR\",\"@id\":\"https:\/\/portaldoestado.com.br\/index.php\/2026\/01\/02\/no-coracao-do-brasil-as-cantoras-gemeas-marimel-fazem-uma-nota-misteriosa-ecoar-em-um-palco-que-vibra\/#primaryimage\",\"url\":\"https:\/\/portaldoestado.com.br\/wp-content\/uploads\/2026\/01\/aac5d8c0-be41-440c-a8ec-b3ab0e525e9d.jpeg\",\"contentUrl\":\"https:\/\/portaldoestado.com.br\/wp-content\/uploads\/2026\/01\/aac5d8c0-be41-440c-a8ec-b3ab0e525e9d.jpeg\",\"width\":1600,\"height\":1200},{\"@type\":\"BreadcrumbList\",\"@id\":\"https:\/\/portaldoestado.com.br\/index.php\/2026\/01\/02\/no-coracao-do-brasil-as-cantoras-gemeas-marimel-fazem-uma-nota-misteriosa-ecoar-em-um-palco-que-vibra\/#breadcrumb\",\"itemListElement\":[{\"@type\":\"ListItem\",\"position\":1,\"name\":\"In\u00edcio\",\"item\":\"https:\/\/portaldoestado.com.br\/\"},{\"@type\":\"ListItem\",\"position\":2,\"name\":\"No cora\u00e7\u00e3o do Brasil, as cantoras g\u00eameas MariMel fazem uma nota misteriosa ecoar em um palco que vibra\"}]},{\"@type\":\"WebSite\",\"@id\":\"https:\/\/portaldoestado.com.br\/#website\",\"url\":\"https:\/\/portaldoestado.com.br\/\",\"name\":\"Portal do Estado\",\"description\":\"\",\"publisher\":{\"@id\":\"https:\/\/portaldoestado.com.br\/#organization\"},\"potentialAction\":[{\"@type\":\"SearchAction\",\"target\":{\"@type\":\"EntryPoint\",\"urlTemplate\":\"https:\/\/portaldoestado.com.br\/?s={search_term_string}\"},\"query-input\":{\"@type\":\"PropertyValueSpecification\",\"valueRequired\":true,\"valueName\":\"search_term_string\"}}],\"inLanguage\":\"pt-BR\"},{\"@type\":\"Organization\",\"@id\":\"https:\/\/portaldoestado.com.br\/#organization\",\"name\":\"Portal do Estado\",\"url\":\"https:\/\/portaldoestado.com.br\/\",\"logo\":{\"@type\":\"ImageObject\",\"inLanguage\":\"pt-BR\",\"@id\":\"https:\/\/portaldoestado.com.br\/#\/schema\/logo\/image\/\",\"url\":\"https:\/\/portaldoestado.com.br\/wp-content\/uploads\/2025\/04\/cropped-6f69b19a-6472-43bf-b1b3-e1910bbbd4e8.png\",\"contentUrl\":\"https:\/\/portaldoestado.com.br\/wp-content\/uploads\/2025\/04\/cropped-6f69b19a-6472-43bf-b1b3-e1910bbbd4e8.png\",\"width\":1024,\"height\":350,\"caption\":\"Portal do Estado\"},\"image\":{\"@id\":\"https:\/\/portaldoestado.com.br\/#\/schema\/logo\/image\/\"}},{\"@type\":\"Person\",\"@id\":\"https:\/\/portaldoestado.com.br\/#\/schema\/person\/5ca0174f3c8c84b59da62ea14b698cb9\",\"name\":\"assessoriadefamosos\",\"image\":{\"@type\":\"ImageObject\",\"inLanguage\":\"pt-BR\",\"@id\":\"https:\/\/portaldoestado.com.br\/#\/schema\/person\/image\/\",\"url\":\"https:\/\/secure.gravatar.com\/avatar\/a7acbdffcfbbae7240e59f47fe511ec5f5d8c252c779f0b8d9ab02a9e1d8c5ed?s=96&d=mm&r=g\",\"contentUrl\":\"https:\/\/secure.gravatar.com\/avatar\/a7acbdffcfbbae7240e59f47fe511ec5f5d8c252c779f0b8d9ab02a9e1d8c5ed?s=96&d=mm&r=g\",\"caption\":\"assessoriadefamosos\"},\"url\":\"https:\/\/portaldoestado.com.br\/index.php\/author\/assessoriadefamosos\/\"}]}<\/script>\n<!-- \/ Yoast SEO plugin. -->","yoast_head_json":{"title":"No cora\u00e7\u00e3o do Brasil, as cantoras g\u00eameas MariMel fazem uma nota misteriosa ecoar em um palco que vibra - Portal do Estado","robots":{"index":"index","follow":"follow","max-snippet":"max-snippet:-1","max-image-preview":"max-image-preview:large","max-video-preview":"max-video-preview:-1"},"canonical":"https:\/\/portaldoestado.com.br\/index.php\/2026\/01\/02\/no-coracao-do-brasil-as-cantoras-gemeas-marimel-fazem-uma-nota-misteriosa-ecoar-em-um-palco-que-vibra\/","og_locale":"pt_BR","og_type":"article","og_title":"No cora\u00e7\u00e3o do Brasil, as cantoras g\u00eameas MariMel fazem uma nota misteriosa ecoar em um palco que vibra - Portal do Estado","og_description":"Na noite de 31 de dezembro de 2025, em um recanto afastado do mapa tur\u00edstico tradicional, duas adolescentes surpreendentemente talentosas e singulares em presen\u00e7a subiram ao palco e transformaram o fim de ano em algo que parecia mais do que um espet\u00e1culo: uma experi\u00eancia coletiva. O evento aconteceu no Recanto de Havalon, em Corguinho, Mato \u2026","og_url":"https:\/\/portaldoestado.com.br\/index.php\/2026\/01\/02\/no-coracao-do-brasil-as-cantoras-gemeas-marimel-fazem-uma-nota-misteriosa-ecoar-em-um-palco-que-vibra\/","og_site_name":"Portal do Estado","article_published_time":"2026-01-02T23:06:48+00:00","og_image":[{"width":1600,"height":1200,"url":"https:\/\/portaldoestado.com.br\/wp-content\/uploads\/2026\/01\/aac5d8c0-be41-440c-a8ec-b3ab0e525e9d.jpeg","type":"image\/jpeg"}],"author":"assessoriadefamosos","twitter_card":"summary_large_image","twitter_misc":{"Escrito por":"assessoriadefamosos","Est. tempo de leitura":"4 minutos"},"schema":{"@context":"https:\/\/schema.org","@graph":[{"@type":"Article","@id":"https:\/\/portaldoestado.com.br\/index.php\/2026\/01\/02\/no-coracao-do-brasil-as-cantoras-gemeas-marimel-fazem-uma-nota-misteriosa-ecoar-em-um-palco-que-vibra\/#article","isPartOf":{"@id":"https:\/\/portaldoestado.com.br\/index.php\/2026\/01\/02\/no-coracao-do-brasil-as-cantoras-gemeas-marimel-fazem-uma-nota-misteriosa-ecoar-em-um-palco-que-vibra\/"},"author":{"name":"assessoriadefamosos","@id":"https:\/\/portaldoestado.com.br\/#\/schema\/person\/5ca0174f3c8c84b59da62ea14b698cb9"},"headline":"No cora\u00e7\u00e3o do Brasil, as cantoras g\u00eameas MariMel fazem uma nota misteriosa ecoar em um palco que vibra","datePublished":"2026-01-02T23:06:48+00:00","mainEntityOfPage":{"@id":"https:\/\/portaldoestado.com.br\/index.php\/2026\/01\/02\/no-coracao-do-brasil-as-cantoras-gemeas-marimel-fazem-uma-nota-misteriosa-ecoar-em-um-palco-que-vibra\/"},"wordCount":876,"publisher":{"@id":"https:\/\/portaldoestado.com.br\/#organization"},"image":{"@id":"https:\/\/portaldoestado.com.br\/index.php\/2026\/01\/02\/no-coracao-do-brasil-as-cantoras-gemeas-marimel-fazem-uma-nota-misteriosa-ecoar-em-um-palco-que-vibra\/#primaryimage"},"thumbnailUrl":"https:\/\/portaldoestado.com.br\/wp-content\/uploads\/2026\/01\/aac5d8c0-be41-440c-a8ec-b3ab0e525e9d.jpeg","articleSection":["Famosos"],"inLanguage":"pt-BR"},{"@type":"WebPage","@id":"https:\/\/portaldoestado.com.br\/index.php\/2026\/01\/02\/no-coracao-do-brasil-as-cantoras-gemeas-marimel-fazem-uma-nota-misteriosa-ecoar-em-um-palco-que-vibra\/","url":"https:\/\/portaldoestado.com.br\/index.php\/2026\/01\/02\/no-coracao-do-brasil-as-cantoras-gemeas-marimel-fazem-uma-nota-misteriosa-ecoar-em-um-palco-que-vibra\/","name":"No cora\u00e7\u00e3o do Brasil, as cantoras g\u00eameas MariMel fazem uma nota misteriosa ecoar em um palco que vibra - Portal do Estado","isPartOf":{"@id":"https:\/\/portaldoestado.com.br\/#website"},"primaryImageOfPage":{"@id":"https:\/\/portaldoestado.com.br\/index.php\/2026\/01\/02\/no-coracao-do-brasil-as-cantoras-gemeas-marimel-fazem-uma-nota-misteriosa-ecoar-em-um-palco-que-vibra\/#primaryimage"},"image":{"@id":"https:\/\/portaldoestado.com.br\/index.php\/2026\/01\/02\/no-coracao-do-brasil-as-cantoras-gemeas-marimel-fazem-uma-nota-misteriosa-ecoar-em-um-palco-que-vibra\/#primaryimage"},"thumbnailUrl":"https:\/\/portaldoestado.com.br\/wp-content\/uploads\/2026\/01\/aac5d8c0-be41-440c-a8ec-b3ab0e525e9d.jpeg","datePublished":"2026-01-02T23:06:48+00:00","breadcrumb":{"@id":"https:\/\/portaldoestado.com.br\/index.php\/2026\/01\/02\/no-coracao-do-brasil-as-cantoras-gemeas-marimel-fazem-uma-nota-misteriosa-ecoar-em-um-palco-que-vibra\/#breadcrumb"},"inLanguage":"pt-BR","potentialAction":[{"@type":"ReadAction","target":["https:\/\/portaldoestado.com.br\/index.php\/2026\/01\/02\/no-coracao-do-brasil-as-cantoras-gemeas-marimel-fazem-uma-nota-misteriosa-ecoar-em-um-palco-que-vibra\/"]}]},{"@type":"ImageObject","inLanguage":"pt-BR","@id":"https:\/\/portaldoestado.com.br\/index.php\/2026\/01\/02\/no-coracao-do-brasil-as-cantoras-gemeas-marimel-fazem-uma-nota-misteriosa-ecoar-em-um-palco-que-vibra\/#primaryimage","url":"https:\/\/portaldoestado.com.br\/wp-content\/uploads\/2026\/01\/aac5d8c0-be41-440c-a8ec-b3ab0e525e9d.jpeg","contentUrl":"https:\/\/portaldoestado.com.br\/wp-content\/uploads\/2026\/01\/aac5d8c0-be41-440c-a8ec-b3ab0e525e9d.jpeg","width":1600,"height":1200},{"@type":"BreadcrumbList","@id":"https:\/\/portaldoestado.com.br\/index.php\/2026\/01\/02\/no-coracao-do-brasil-as-cantoras-gemeas-marimel-fazem-uma-nota-misteriosa-ecoar-em-um-palco-que-vibra\/#breadcrumb","itemListElement":[{"@type":"ListItem","position":1,"name":"In\u00edcio","item":"https:\/\/portaldoestado.com.br\/"},{"@type":"ListItem","position":2,"name":"No cora\u00e7\u00e3o do Brasil, as cantoras g\u00eameas MariMel fazem uma nota misteriosa ecoar em um palco que vibra"}]},{"@type":"WebSite","@id":"https:\/\/portaldoestado.com.br\/#website","url":"https:\/\/portaldoestado.com.br\/","name":"Portal do Estado","description":"","publisher":{"@id":"https:\/\/portaldoestado.com.br\/#organization"},"potentialAction":[{"@type":"SearchAction","target":{"@type":"EntryPoint","urlTemplate":"https:\/\/portaldoestado.com.br\/?s={search_term_string}"},"query-input":{"@type":"PropertyValueSpecification","valueRequired":true,"valueName":"search_term_string"}}],"inLanguage":"pt-BR"},{"@type":"Organization","@id":"https:\/\/portaldoestado.com.br\/#organization","name":"Portal do Estado","url":"https:\/\/portaldoestado.com.br\/","logo":{"@type":"ImageObject","inLanguage":"pt-BR","@id":"https:\/\/portaldoestado.com.br\/#\/schema\/logo\/image\/","url":"https:\/\/portaldoestado.com.br\/wp-content\/uploads\/2025\/04\/cropped-6f69b19a-6472-43bf-b1b3-e1910bbbd4e8.png","contentUrl":"https:\/\/portaldoestado.com.br\/wp-content\/uploads\/2025\/04\/cropped-6f69b19a-6472-43bf-b1b3-e1910bbbd4e8.png","width":1024,"height":350,"caption":"Portal do Estado"},"image":{"@id":"https:\/\/portaldoestado.com.br\/#\/schema\/logo\/image\/"}},{"@type":"Person","@id":"https:\/\/portaldoestado.com.br\/#\/schema\/person\/5ca0174f3c8c84b59da62ea14b698cb9","name":"assessoriadefamosos","image":{"@type":"ImageObject","inLanguage":"pt-BR","@id":"https:\/\/portaldoestado.com.br\/#\/schema\/person\/image\/","url":"https:\/\/secure.gravatar.com\/avatar\/a7acbdffcfbbae7240e59f47fe511ec5f5d8c252c779f0b8d9ab02a9e1d8c5ed?s=96&d=mm&r=g","contentUrl":"https:\/\/secure.gravatar.com\/avatar\/a7acbdffcfbbae7240e59f47fe511ec5f5d8c252c779f0b8d9ab02a9e1d8c5ed?s=96&d=mm&r=g","caption":"assessoriadefamosos"},"url":"https:\/\/portaldoestado.com.br\/index.php\/author\/assessoriadefamosos\/"}]}},"jetpack_featured_media_url":"https:\/\/portaldoestado.com.br\/wp-content\/uploads\/2026\/01\/aac5d8c0-be41-440c-a8ec-b3ab0e525e9d.jpeg","_links":{"self":[{"href":"https:\/\/portaldoestado.com.br\/index.php\/wp-json\/wp\/v2\/posts\/5338","targetHints":{"allow":["GET"]}}],"collection":[{"href":"https:\/\/portaldoestado.com.br\/index.php\/wp-json\/wp\/v2\/posts"}],"about":[{"href":"https:\/\/portaldoestado.com.br\/index.php\/wp-json\/wp\/v2\/types\/post"}],"author":[{"embeddable":true,"href":"https:\/\/portaldoestado.com.br\/index.php\/wp-json\/wp\/v2\/users\/2"}],"replies":[{"embeddable":true,"href":"https:\/\/portaldoestado.com.br\/index.php\/wp-json\/wp\/v2\/comments?post=5338"}],"version-history":[{"count":1,"href":"https:\/\/portaldoestado.com.br\/index.php\/wp-json\/wp\/v2\/posts\/5338\/revisions"}],"predecessor-version":[{"id":5339,"href":"https:\/\/portaldoestado.com.br\/index.php\/wp-json\/wp\/v2\/posts\/5338\/revisions\/5339"}],"wp:featuredmedia":[{"embeddable":true,"href":"https:\/\/portaldoestado.com.br\/index.php\/wp-json\/wp\/v2\/media\/5337"}],"wp:attachment":[{"href":"https:\/\/portaldoestado.com.br\/index.php\/wp-json\/wp\/v2\/media?parent=5338"}],"wp:term":[{"taxonomy":"category","embeddable":true,"href":"https:\/\/portaldoestado.com.br\/index.php\/wp-json\/wp\/v2\/categories?post=5338"},{"taxonomy":"post_tag","embeddable":true,"href":"https:\/\/portaldoestado.com.br\/index.php\/wp-json\/wp\/v2\/tags?post=5338"}],"curies":[{"name":"wp","href":"https:\/\/api.w.org\/{rel}","templated":true}]}}