{"id":5332,"date":"2026-01-02T18:40:07","date_gmt":"2026-01-02T18:40:07","guid":{"rendered":"https:\/\/portaldoestado.com.br\/?p=5332"},"modified":"2026-01-02T18:40:07","modified_gmt":"2026-01-02T18:40:07","slug":"virada-carioca-lota-o-paissandu-e-inaugura-um-novo-reveillon-no-rio-de-janeiro","status":"publish","type":"post","link":"https:\/\/portaldoestado.com.br\/index.php\/2026\/01\/02\/virada-carioca-lota-o-paissandu-e-inaugura-um-novo-reveillon-no-rio-de-janeiro\/","title":{"rendered":"Virada Carioca lota o Paissandu e inaugura um novo R\u00e9veillon no Rio de Janeiro"},"content":{"rendered":"\n<p>O Rio de Janeiro ganhou um novo R\u00e9veillon. A <strong>Virada Carioca<\/strong>, festa idealizada e realizada por um grupo de amigos, lotou o tradicional <strong>Clube Paissandu<\/strong>, no Leblon, na noite do dia 31 de dezembro, celebrando a chegada de 2026 com casa cheia, fogos, open bar premium durante toda a noite e buffet servido at\u00e9 o caf\u00e9 da manh\u00e3.<\/p>\n\n\n\n<p>Criada para ser uma releitura contempor\u00e2nea da noite carioca \u2014 com sofistica\u00e7\u00e3o, afeto e experi\u00eancias completas \u2014 a Virada Carioca superou as expectativas dos organizadores e do p\u00fablico. Segundo <strong>M\u00f4nica Medeiros<\/strong>, s\u00f3cia e idealizadora da marca, o nome da festa nasce justamente desse prop\u00f3sito.<\/p>\n\n\n\n<p>\u201cA Virada Carioca foi pensada para reviver a ess\u00eancia das grandes noites do Rio, com amigos, m\u00fasica boa e experi\u00eancias que ficam na mem\u00f3ria. Ver o Paissandu lotado confirma que o Rio estava pedindo um R\u00e9veillon assim\u201d, destaca.<\/p>\n\n\n\n<p>Os s\u00f3cios realizadores, amigos de longa data, se uniram com o desejo de resgatar bons momentos, criar novas mem\u00f3rias e proporcionar uma celebra\u00e7\u00e3o elegante, acolhedora e vibrante \u2014 marcas registradas da noite carioca.<\/p>\n\n\n\n<p>O <strong>line-up<\/strong> da Virada Carioca reuniu nomes que conduziram o p\u00fablico por uma viagem musical repleta de nostalgia e energia, com cl\u00e1ssicos dos anos 1990 e 2000. Passaram pelo palco <strong>Mohamed Harfouch<\/strong>, <strong>Rafael Nazareth<\/strong>, <strong>DJ Saddam<\/strong>, <strong>Fl\u00e1via Xex\u00e9o<\/strong>, <strong>Duda M<\/strong> e a <strong>Banda Big Knows<\/strong>, garantindo pista cheia do in\u00edcio ao amanhecer.<\/p>\n\n\n\n<p>Entre os convidados estavam personalidades como <strong>Juliana Didone<\/strong>, <strong>Lucinha Lins<\/strong> e at\u00e9 o CEO da SINOPEC, refor\u00e7ando o car\u00e1ter plural, elegante e internacional da celebra\u00e7\u00e3o.<\/p>\n\n\n\n<p>Com sua primeira edi\u00e7\u00e3o marcada por casa cheia, experi\u00eancia completa e forte repercuss\u00e3o entre convidados, a Virada Carioca se consolida como um novo e promissor R\u00e9veillon no calend\u00e1rio da cidade, reafirmando o Rio de Janeiro como refer\u00eancia em celebra\u00e7\u00f5es memor\u00e1veis e noites inesquec\u00edveis.<\/p>\n","protected":false},"excerpt":{"rendered":"<p>O Rio de Janeiro ganhou um novo R\u00e9veillon. A Virada Carioca, festa idealizada e realizada por um grupo de amigos, lotou o tradicional Clube Paissandu, no Leblon, na noite do dia 31 de dezembro, celebrando a chegada de 2026 com casa cheia, fogos, open bar premium durante toda a noite e buffet servido at\u00e9 o \u2026<\/p>\n","protected":false},"author":2,"featured_media":5331,"comment_status":"closed","ping_status":"open","sticky":false,"template":"","format":"standard","meta":{"footnotes":""},"categories":[3,4],"tags":[],"class_list":["post-5332","post","type-post","status-publish","format-standard","has-post-thumbnail","hentry","category-famosos","category-geral"],"yoast_head":"<!-- This site is optimized with the Yoast SEO plugin v25.5 - https:\/\/yoast.com\/wordpress\/plugins\/seo\/ -->\n<title>Virada Carioca lota o Paissandu e inaugura um novo R\u00e9veillon no Rio de Janeiro - Portal do Estado<\/title>\n<meta name=\"robots\" content=\"index, follow, max-snippet:-1, max-image-preview:large, max-video-preview:-1\" \/>\n<link rel=\"canonical\" href=\"https:\/\/portaldoestado.com.br\/index.php\/2026\/01\/02\/virada-carioca-lota-o-paissandu-e-inaugura-um-novo-reveillon-no-rio-de-janeiro\/\" \/>\n<meta property=\"og:locale\" content=\"pt_BR\" \/>\n<meta property=\"og:type\" content=\"article\" \/>\n<meta property=\"og:title\" content=\"Virada Carioca lota o Paissandu e inaugura um novo R\u00e9veillon no Rio de Janeiro - Portal do Estado\" \/>\n<meta property=\"og:description\" content=\"O Rio de Janeiro ganhou um novo R\u00e9veillon. A Virada Carioca, festa idealizada e realizada por um grupo de amigos, lotou o tradicional Clube Paissandu, no Leblon, na noite do dia 31 de dezembro, celebrando a chegada de 2026 com casa cheia, fogos, open bar premium durante toda a noite e buffet servido at\u00e9 o \u2026\" \/>\n<meta property=\"og:url\" content=\"https:\/\/portaldoestado.com.br\/index.php\/2026\/01\/02\/virada-carioca-lota-o-paissandu-e-inaugura-um-novo-reveillon-no-rio-de-janeiro\/\" \/>\n<meta property=\"og:site_name\" content=\"Portal do Estado\" \/>\n<meta property=\"article:published_time\" content=\"2026-01-02T18:40:07+00:00\" \/>\n<meta property=\"og:image\" content=\"https:\/\/portaldoestado.com.br\/wp-content\/uploads\/2026\/01\/VIRADA-CARIOCA-0026.png\" \/>\n\t<meta property=\"og:image:width\" content=\"1080\" \/>\n\t<meta property=\"og:image:height\" content=\"566\" \/>\n\t<meta property=\"og:image:type\" content=\"image\/png\" \/>\n<meta name=\"author\" content=\"assessoriadefamosos\" \/>\n<meta name=\"twitter:card\" content=\"summary_large_image\" \/>\n<meta name=\"twitter:label1\" content=\"Escrito por\" \/>\n\t<meta name=\"twitter:data1\" content=\"assessoriadefamosos\" \/>\n\t<meta name=\"twitter:label2\" content=\"Est. tempo de leitura\" \/>\n\t<meta name=\"twitter:data2\" content=\"2 minutos\" \/>\n<script type=\"application\/ld+json\" class=\"yoast-schema-graph\">{\"@context\":\"https:\/\/schema.org\",\"@graph\":[{\"@type\":\"Article\",\"@id\":\"https:\/\/portaldoestado.com.br\/index.php\/2026\/01\/02\/virada-carioca-lota-o-paissandu-e-inaugura-um-novo-reveillon-no-rio-de-janeiro\/#article\",\"isPartOf\":{\"@id\":\"https:\/\/portaldoestado.com.br\/index.php\/2026\/01\/02\/virada-carioca-lota-o-paissandu-e-inaugura-um-novo-reveillon-no-rio-de-janeiro\/\"},\"author\":{\"name\":\"assessoriadefamosos\",\"@id\":\"https:\/\/portaldoestado.com.br\/#\/schema\/person\/5ca0174f3c8c84b59da62ea14b698cb9\"},\"headline\":\"Virada Carioca lota o Paissandu e inaugura um novo R\u00e9veillon no Rio de Janeiro\",\"datePublished\":\"2026-01-02T18:40:07+00:00\",\"mainEntityOfPage\":{\"@id\":\"https:\/\/portaldoestado.com.br\/index.php\/2026\/01\/02\/virada-carioca-lota-o-paissandu-e-inaugura-um-novo-reveillon-no-rio-de-janeiro\/\"},\"wordCount\":334,\"publisher\":{\"@id\":\"https:\/\/portaldoestado.com.br\/#organization\"},\"image\":{\"@id\":\"https:\/\/portaldoestado.com.br\/index.php\/2026\/01\/02\/virada-carioca-lota-o-paissandu-e-inaugura-um-novo-reveillon-no-rio-de-janeiro\/#primaryimage\"},\"thumbnailUrl\":\"https:\/\/portaldoestado.com.br\/wp-content\/uploads\/2026\/01\/VIRADA-CARIOCA-0026.png\",\"articleSection\":[\"Famosos\",\"Geral\"],\"inLanguage\":\"pt-BR\"},{\"@type\":\"WebPage\",\"@id\":\"https:\/\/portaldoestado.com.br\/index.php\/2026\/01\/02\/virada-carioca-lota-o-paissandu-e-inaugura-um-novo-reveillon-no-rio-de-janeiro\/\",\"url\":\"https:\/\/portaldoestado.com.br\/index.php\/2026\/01\/02\/virada-carioca-lota-o-paissandu-e-inaugura-um-novo-reveillon-no-rio-de-janeiro\/\",\"name\":\"Virada Carioca lota o Paissandu e inaugura um novo R\u00e9veillon no Rio de Janeiro - Portal do Estado\",\"isPartOf\":{\"@id\":\"https:\/\/portaldoestado.com.br\/#website\"},\"primaryImageOfPage\":{\"@id\":\"https:\/\/portaldoestado.com.br\/index.php\/2026\/01\/02\/virada-carioca-lota-o-paissandu-e-inaugura-um-novo-reveillon-no-rio-de-janeiro\/#primaryimage\"},\"image\":{\"@id\":\"https:\/\/portaldoestado.com.br\/index.php\/2026\/01\/02\/virada-carioca-lota-o-paissandu-e-inaugura-um-novo-reveillon-no-rio-de-janeiro\/#primaryimage\"},\"thumbnailUrl\":\"https:\/\/portaldoestado.com.br\/wp-content\/uploads\/2026\/01\/VIRADA-CARIOCA-0026.png\",\"datePublished\":\"2026-01-02T18:40:07+00:00\",\"breadcrumb\":{\"@id\":\"https:\/\/portaldoestado.com.br\/index.php\/2026\/01\/02\/virada-carioca-lota-o-paissandu-e-inaugura-um-novo-reveillon-no-rio-de-janeiro\/#breadcrumb\"},\"inLanguage\":\"pt-BR\",\"potentialAction\":[{\"@type\":\"ReadAction\",\"target\":[\"https:\/\/portaldoestado.com.br\/index.php\/2026\/01\/02\/virada-carioca-lota-o-paissandu-e-inaugura-um-novo-reveillon-no-rio-de-janeiro\/\"]}]},{\"@type\":\"ImageObject\",\"inLanguage\":\"pt-BR\",\"@id\":\"https:\/\/portaldoestado.com.br\/index.php\/2026\/01\/02\/virada-carioca-lota-o-paissandu-e-inaugura-um-novo-reveillon-no-rio-de-janeiro\/#primaryimage\",\"url\":\"https:\/\/portaldoestado.com.br\/wp-content\/uploads\/2026\/01\/VIRADA-CARIOCA-0026.png\",\"contentUrl\":\"https:\/\/portaldoestado.com.br\/wp-content\/uploads\/2026\/01\/VIRADA-CARIOCA-0026.png\",\"width\":1080,\"height\":566},{\"@type\":\"BreadcrumbList\",\"@id\":\"https:\/\/portaldoestado.com.br\/index.php\/2026\/01\/02\/virada-carioca-lota-o-paissandu-e-inaugura-um-novo-reveillon-no-rio-de-janeiro\/#breadcrumb\",\"itemListElement\":[{\"@type\":\"ListItem\",\"position\":1,\"name\":\"In\u00edcio\",\"item\":\"https:\/\/portaldoestado.com.br\/\"},{\"@type\":\"ListItem\",\"position\":2,\"name\":\"Virada Carioca lota o Paissandu e inaugura um novo R\u00e9veillon no Rio de Janeiro\"}]},{\"@type\":\"WebSite\",\"@id\":\"https:\/\/portaldoestado.com.br\/#website\",\"url\":\"https:\/\/portaldoestado.com.br\/\",\"name\":\"Portal do Estado\",\"description\":\"\",\"publisher\":{\"@id\":\"https:\/\/portaldoestado.com.br\/#organization\"},\"potentialAction\":[{\"@type\":\"SearchAction\",\"target\":{\"@type\":\"EntryPoint\",\"urlTemplate\":\"https:\/\/portaldoestado.com.br\/?s={search_term_string}\"},\"query-input\":{\"@type\":\"PropertyValueSpecification\",\"valueRequired\":true,\"valueName\":\"search_term_string\"}}],\"inLanguage\":\"pt-BR\"},{\"@type\":\"Organization\",\"@id\":\"https:\/\/portaldoestado.com.br\/#organization\",\"name\":\"Portal do Estado\",\"url\":\"https:\/\/portaldoestado.com.br\/\",\"logo\":{\"@type\":\"ImageObject\",\"inLanguage\":\"pt-BR\",\"@id\":\"https:\/\/portaldoestado.com.br\/#\/schema\/logo\/image\/\",\"url\":\"https:\/\/portaldoestado.com.br\/wp-content\/uploads\/2025\/04\/cropped-6f69b19a-6472-43bf-b1b3-e1910bbbd4e8.png\",\"contentUrl\":\"https:\/\/portaldoestado.com.br\/wp-content\/uploads\/2025\/04\/cropped-6f69b19a-6472-43bf-b1b3-e1910bbbd4e8.png\",\"width\":1024,\"height\":350,\"caption\":\"Portal do Estado\"},\"image\":{\"@id\":\"https:\/\/portaldoestado.com.br\/#\/schema\/logo\/image\/\"}},{\"@type\":\"Person\",\"@id\":\"https:\/\/portaldoestado.com.br\/#\/schema\/person\/5ca0174f3c8c84b59da62ea14b698cb9\",\"name\":\"assessoriadefamosos\",\"image\":{\"@type\":\"ImageObject\",\"inLanguage\":\"pt-BR\",\"@id\":\"https:\/\/portaldoestado.com.br\/#\/schema\/person\/image\/\",\"url\":\"https:\/\/secure.gravatar.com\/avatar\/a7acbdffcfbbae7240e59f47fe511ec5f5d8c252c779f0b8d9ab02a9e1d8c5ed?s=96&d=mm&r=g\",\"contentUrl\":\"https:\/\/secure.gravatar.com\/avatar\/a7acbdffcfbbae7240e59f47fe511ec5f5d8c252c779f0b8d9ab02a9e1d8c5ed?s=96&d=mm&r=g\",\"caption\":\"assessoriadefamosos\"},\"url\":\"https:\/\/portaldoestado.com.br\/index.php\/author\/assessoriadefamosos\/\"}]}<\/script>\n<!-- \/ Yoast SEO plugin. -->","yoast_head_json":{"title":"Virada Carioca lota o Paissandu e inaugura um novo R\u00e9veillon no Rio de Janeiro - Portal do Estado","robots":{"index":"index","follow":"follow","max-snippet":"max-snippet:-1","max-image-preview":"max-image-preview:large","max-video-preview":"max-video-preview:-1"},"canonical":"https:\/\/portaldoestado.com.br\/index.php\/2026\/01\/02\/virada-carioca-lota-o-paissandu-e-inaugura-um-novo-reveillon-no-rio-de-janeiro\/","og_locale":"pt_BR","og_type":"article","og_title":"Virada Carioca lota o Paissandu e inaugura um novo R\u00e9veillon no Rio de Janeiro - Portal do Estado","og_description":"O Rio de Janeiro ganhou um novo R\u00e9veillon. A Virada Carioca, festa idealizada e realizada por um grupo de amigos, lotou o tradicional Clube Paissandu, no Leblon, na noite do dia 31 de dezembro, celebrando a chegada de 2026 com casa cheia, fogos, open bar premium durante toda a noite e buffet servido at\u00e9 o \u2026","og_url":"https:\/\/portaldoestado.com.br\/index.php\/2026\/01\/02\/virada-carioca-lota-o-paissandu-e-inaugura-um-novo-reveillon-no-rio-de-janeiro\/","og_site_name":"Portal do Estado","article_published_time":"2026-01-02T18:40:07+00:00","og_image":[{"width":1080,"height":566,"url":"https:\/\/portaldoestado.com.br\/wp-content\/uploads\/2026\/01\/VIRADA-CARIOCA-0026.png","type":"image\/png"}],"author":"assessoriadefamosos","twitter_card":"summary_large_image","twitter_misc":{"Escrito por":"assessoriadefamosos","Est. tempo de leitura":"2 minutos"},"schema":{"@context":"https:\/\/schema.org","@graph":[{"@type":"Article","@id":"https:\/\/portaldoestado.com.br\/index.php\/2026\/01\/02\/virada-carioca-lota-o-paissandu-e-inaugura-um-novo-reveillon-no-rio-de-janeiro\/#article","isPartOf":{"@id":"https:\/\/portaldoestado.com.br\/index.php\/2026\/01\/02\/virada-carioca-lota-o-paissandu-e-inaugura-um-novo-reveillon-no-rio-de-janeiro\/"},"author":{"name":"assessoriadefamosos","@id":"https:\/\/portaldoestado.com.br\/#\/schema\/person\/5ca0174f3c8c84b59da62ea14b698cb9"},"headline":"Virada Carioca lota o Paissandu e inaugura um novo R\u00e9veillon no Rio de Janeiro","datePublished":"2026-01-02T18:40:07+00:00","mainEntityOfPage":{"@id":"https:\/\/portaldoestado.com.br\/index.php\/2026\/01\/02\/virada-carioca-lota-o-paissandu-e-inaugura-um-novo-reveillon-no-rio-de-janeiro\/"},"wordCount":334,"publisher":{"@id":"https:\/\/portaldoestado.com.br\/#organization"},"image":{"@id":"https:\/\/portaldoestado.com.br\/index.php\/2026\/01\/02\/virada-carioca-lota-o-paissandu-e-inaugura-um-novo-reveillon-no-rio-de-janeiro\/#primaryimage"},"thumbnailUrl":"https:\/\/portaldoestado.com.br\/wp-content\/uploads\/2026\/01\/VIRADA-CARIOCA-0026.png","articleSection":["Famosos","Geral"],"inLanguage":"pt-BR"},{"@type":"WebPage","@id":"https:\/\/portaldoestado.com.br\/index.php\/2026\/01\/02\/virada-carioca-lota-o-paissandu-e-inaugura-um-novo-reveillon-no-rio-de-janeiro\/","url":"https:\/\/portaldoestado.com.br\/index.php\/2026\/01\/02\/virada-carioca-lota-o-paissandu-e-inaugura-um-novo-reveillon-no-rio-de-janeiro\/","name":"Virada Carioca lota o Paissandu e inaugura um novo R\u00e9veillon no Rio de Janeiro - Portal do Estado","isPartOf":{"@id":"https:\/\/portaldoestado.com.br\/#website"},"primaryImageOfPage":{"@id":"https:\/\/portaldoestado.com.br\/index.php\/2026\/01\/02\/virada-carioca-lota-o-paissandu-e-inaugura-um-novo-reveillon-no-rio-de-janeiro\/#primaryimage"},"image":{"@id":"https:\/\/portaldoestado.com.br\/index.php\/2026\/01\/02\/virada-carioca-lota-o-paissandu-e-inaugura-um-novo-reveillon-no-rio-de-janeiro\/#primaryimage"},"thumbnailUrl":"https:\/\/portaldoestado.com.br\/wp-content\/uploads\/2026\/01\/VIRADA-CARIOCA-0026.png","datePublished":"2026-01-02T18:40:07+00:00","breadcrumb":{"@id":"https:\/\/portaldoestado.com.br\/index.php\/2026\/01\/02\/virada-carioca-lota-o-paissandu-e-inaugura-um-novo-reveillon-no-rio-de-janeiro\/#breadcrumb"},"inLanguage":"pt-BR","potentialAction":[{"@type":"ReadAction","target":["https:\/\/portaldoestado.com.br\/index.php\/2026\/01\/02\/virada-carioca-lota-o-paissandu-e-inaugura-um-novo-reveillon-no-rio-de-janeiro\/"]}]},{"@type":"ImageObject","inLanguage":"pt-BR","@id":"https:\/\/portaldoestado.com.br\/index.php\/2026\/01\/02\/virada-carioca-lota-o-paissandu-e-inaugura-um-novo-reveillon-no-rio-de-janeiro\/#primaryimage","url":"https:\/\/portaldoestado.com.br\/wp-content\/uploads\/2026\/01\/VIRADA-CARIOCA-0026.png","contentUrl":"https:\/\/portaldoestado.com.br\/wp-content\/uploads\/2026\/01\/VIRADA-CARIOCA-0026.png","width":1080,"height":566},{"@type":"BreadcrumbList","@id":"https:\/\/portaldoestado.com.br\/index.php\/2026\/01\/02\/virada-carioca-lota-o-paissandu-e-inaugura-um-novo-reveillon-no-rio-de-janeiro\/#breadcrumb","itemListElement":[{"@type":"ListItem","position":1,"name":"In\u00edcio","item":"https:\/\/portaldoestado.com.br\/"},{"@type":"ListItem","position":2,"name":"Virada Carioca lota o Paissandu e inaugura um novo R\u00e9veillon no Rio de Janeiro"}]},{"@type":"WebSite","@id":"https:\/\/portaldoestado.com.br\/#website","url":"https:\/\/portaldoestado.com.br\/","name":"Portal do Estado","description":"","publisher":{"@id":"https:\/\/portaldoestado.com.br\/#organization"},"potentialAction":[{"@type":"SearchAction","target":{"@type":"EntryPoint","urlTemplate":"https:\/\/portaldoestado.com.br\/?s={search_term_string}"},"query-input":{"@type":"PropertyValueSpecification","valueRequired":true,"valueName":"search_term_string"}}],"inLanguage":"pt-BR"},{"@type":"Organization","@id":"https:\/\/portaldoestado.com.br\/#organization","name":"Portal do Estado","url":"https:\/\/portaldoestado.com.br\/","logo":{"@type":"ImageObject","inLanguage":"pt-BR","@id":"https:\/\/portaldoestado.com.br\/#\/schema\/logo\/image\/","url":"https:\/\/portaldoestado.com.br\/wp-content\/uploads\/2025\/04\/cropped-6f69b19a-6472-43bf-b1b3-e1910bbbd4e8.png","contentUrl":"https:\/\/portaldoestado.com.br\/wp-content\/uploads\/2025\/04\/cropped-6f69b19a-6472-43bf-b1b3-e1910bbbd4e8.png","width":1024,"height":350,"caption":"Portal do Estado"},"image":{"@id":"https:\/\/portaldoestado.com.br\/#\/schema\/logo\/image\/"}},{"@type":"Person","@id":"https:\/\/portaldoestado.com.br\/#\/schema\/person\/5ca0174f3c8c84b59da62ea14b698cb9","name":"assessoriadefamosos","image":{"@type":"ImageObject","inLanguage":"pt-BR","@id":"https:\/\/portaldoestado.com.br\/#\/schema\/person\/image\/","url":"https:\/\/secure.gravatar.com\/avatar\/a7acbdffcfbbae7240e59f47fe511ec5f5d8c252c779f0b8d9ab02a9e1d8c5ed?s=96&d=mm&r=g","contentUrl":"https:\/\/secure.gravatar.com\/avatar\/a7acbdffcfbbae7240e59f47fe511ec5f5d8c252c779f0b8d9ab02a9e1d8c5ed?s=96&d=mm&r=g","caption":"assessoriadefamosos"},"url":"https:\/\/portaldoestado.com.br\/index.php\/author\/assessoriadefamosos\/"}]}},"jetpack_featured_media_url":"https:\/\/portaldoestado.com.br\/wp-content\/uploads\/2026\/01\/VIRADA-CARIOCA-0026.png","_links":{"self":[{"href":"https:\/\/portaldoestado.com.br\/index.php\/wp-json\/wp\/v2\/posts\/5332","targetHints":{"allow":["GET"]}}],"collection":[{"href":"https:\/\/portaldoestado.com.br\/index.php\/wp-json\/wp\/v2\/posts"}],"about":[{"href":"https:\/\/portaldoestado.com.br\/index.php\/wp-json\/wp\/v2\/types\/post"}],"author":[{"embeddable":true,"href":"https:\/\/portaldoestado.com.br\/index.php\/wp-json\/wp\/v2\/users\/2"}],"replies":[{"embeddable":true,"href":"https:\/\/portaldoestado.com.br\/index.php\/wp-json\/wp\/v2\/comments?post=5332"}],"version-history":[{"count":1,"href":"https:\/\/portaldoestado.com.br\/index.php\/wp-json\/wp\/v2\/posts\/5332\/revisions"}],"predecessor-version":[{"id":5333,"href":"https:\/\/portaldoestado.com.br\/index.php\/wp-json\/wp\/v2\/posts\/5332\/revisions\/5333"}],"wp:featuredmedia":[{"embeddable":true,"href":"https:\/\/portaldoestado.com.br\/index.php\/wp-json\/wp\/v2\/media\/5331"}],"wp:attachment":[{"href":"https:\/\/portaldoestado.com.br\/index.php\/wp-json\/wp\/v2\/media?parent=5332"}],"wp:term":[{"taxonomy":"category","embeddable":true,"href":"https:\/\/portaldoestado.com.br\/index.php\/wp-json\/wp\/v2\/categories?post=5332"},{"taxonomy":"post_tag","embeddable":true,"href":"https:\/\/portaldoestado.com.br\/index.php\/wp-json\/wp\/v2\/tags?post=5332"}],"curies":[{"name":"wp","href":"https:\/\/api.w.org\/{rel}","templated":true}]}}