{"id":5023,"date":"2025-12-07T17:27:26","date_gmt":"2025-12-07T17:27:26","guid":{"rendered":"https:\/\/portaldoestado.com.br\/?p=5023"},"modified":"2025-12-07T17:27:26","modified_gmt":"2025-12-07T17:27:26","slug":"lancamentos-da-semana-joao-gomes-encontra-ivete-jade-expande-seu-pop-e-mais-destaques-musicais","status":"publish","type":"post","link":"https:\/\/portaldoestado.com.br\/index.php\/2025\/12\/07\/lancamentos-da-semana-joao-gomes-encontra-ivete-jade-expande-seu-pop-e-mais-destaques-musicais\/","title":{"rendered":"Lan\u00e7amentos da Semana: Jo\u00e3o Gomes encontra Ivete, Jade expande seu pop e mais destaques musicais"},"content":{"rendered":"\n<p>A primeira semana de dezembro chegou com tudo e mostrou que os artistas n\u00e3o deram tr\u00e9gua na corrida pelos hits do ver\u00e3o de 2026. Entre encontros inesperados, projetos refor\u00e7ados e novos cap\u00edtulos na m\u00fasica brasileira, o cen\u00e1rio promete agradar tanto os f\u00e3s do pop quanto os apaixonados pelo sertanejo.<\/p>\n\n\n<!-- wp:heading \"level\":3 -->\n<h3 class=\"wp-block-heading\"><strong>Jo\u00e3o Gomes e Ivete Sangalo celebram o Nordeste em parceria in\u00e9dita<\/strong><\/h3>\n<!-- \/wp:post-content -->\n\n<!-- wp:paragraph -->\n<p>Um dos lan\u00e7amentos mais comentados da semana veio da uni\u00e3o entre Jo\u00e3o Gomes e Ivete Sangalo. Os artistas apresentam \u201cSaudade Chama Por Voc\u00ea\u201d e \u201cJuazeiro Petrolina\u201d, duas faixas que funcionam como uma carta de amor ao Vale do S\u00e3o Francisco.\nMisturando forr\u00f3, piseiro e refer\u00eancias regionais, a colabora\u00e7\u00e3o cria uma atmosfera nost\u00e1lgica e vibrante. As vozes dos dois artistas, t\u00e3o distintas quanto complementares, refor\u00e7am o car\u00e1ter afetivo do projeto, que conecta hist\u00f3ria, ra\u00edzes e musicalidade.<\/p>\n<!-- \/wp:paragraph -->\n\n<!-- wp:heading \"level\":3 -->\n<h3 class=\"wp-block-heading\"><strong>Jade Thirlwall entrega mais uma dose de pop afiado<\/strong><\/h3>\n<!-- \/wp:heading -->\n\n<!-- wp:paragraph -->\n<p>Em carreira solo desde o fim do Little Mix, Jade Thirlwall segue consolidando seu espa\u00e7o no pop internacional. Depois do impacto de \u201cThat\u2019s Showbiz, Baby!\u201d, ela lan\u00e7a uma edi\u00e7\u00e3o estendida com oito novas faixas.\nO chamado \u201cEncore\u201d mant\u00e9m o brilho do \u00e1lbum original, alternando entre o pop dan\u00e7ante e momentos mais experimentais. Entre as novidades, chamam aten\u00e7\u00e3o a releitura de \u201cFrozen\u201d, cl\u00e1ssico imortalizado por Madonna, e o single rec\u00e9m-divulgado \u201cChurch\u201d.<\/p>\n<!-- \/wp:paragraph -->\n\n<!-- wp:heading \"level\":3 -->\n<h3 class=\"wp-block-heading\"><strong>Felipe e Rodrigo inauguram fase com novo EP<\/strong><\/h3>\n<!-- \/wp:heading -->\n\n<!-- wp:paragraph -->\n<p>A dupla Felipe e Rodrigo, que viralizou com \u201cDois Gumes\u201d, abre sua pr\u00f3xima era musical lan\u00e7ando o EP \u201cVelhos H\u00e1bitos\u201d. Com quatro faixas in\u00e9ditas que se juntam ao hit anterior, o projeto refor\u00e7a a qu\u00edmica dos artistas e aposta em melodias marcantes e letras rom\u00e2nticas \u2013 ingredientes que j\u00e1 conquistaram boa parte do p\u00fablico sertanejo.<\/p>\n<!-- \/wp:paragraph -->\n\n<!-- wp:heading \"level\":3 -->\n<h3 class=\"wp-block-heading\"><strong>Gabi e Rapha apresentam nova etapa com Yasmin Santos<\/strong><\/h3>\n<!-- \/wp:heading -->\n\n<!-- wp:paragraph -->\n<p>No sertanejo feminino, Gabi e Rapha estreiam o EP \u201cNossa Ess\u00eancia \u2013 Vol. 3\u201d, reafirmando a assinatura emocional que caracteriza a dupla.\nO grande destaque fica por conta da participa\u00e7\u00e3o de Yasmin Santos, que adiciona intensidade \u00e0 faixa principal e fortalece ainda mais a identidade das artistas. \u00c9 um encontro que une pot\u00eancia vocal e sensibilidade.<\/p>\n<!-- \/wp:paragraph -->\n\n<!-- wp:heading \"level\":3 -->\n<h3 class=\"wp-block-heading\"><strong>Funk ganha destaque com Puterrier e MC Carol<\/strong><\/h3>\n<!-- \/wp:heading -->\n\n<!-- wp:paragraph -->\n<p>O funk tamb\u00e9m marcou presen\u00e7a entre os lan\u00e7amentos. Puterrier divulga \u201cVou Investir em Voc\u00ea\u201d, colabora\u00e7\u00e3o eletrizante com MC Carol de Niter\u00f3i.\nA m\u00fasica carrega batidas fortes, versos afiados e clima pronto para dominar playlists e pistas, consolidando os dois como representantes importantes da cena atual.<\/p>\n<!-- \/wp:paragraph -->\n\n<!-- wp:heading \"level\":3 -->\n<h3 class=\"wp-block-heading\"><strong>Bellu lan\u00e7a parceria com Ronaldinho Ga\u00facho e Kevin O Chris<\/strong><\/h3>\n<!-- \/wp:heading -->\n\n<!-- wp:paragraph -->\n<p>Encerrando o ano em alta, Bellu apresenta \u201cToda Hora\u201d, um feat que une m\u00fasica e futebol em um s\u00f3 movimento. Amparada pela Tropa do Bruxo, coletivo criado por Ronaldinho Ga\u00facho, a artista divide os vocais com Kevin O Chris e entrega uma faixa animada, urbana e com grande potencial de viralizar.<\/p>\n<!-- \/wp:paragraph -->","protected":false},"excerpt":{"rendered":"<p>A primeira semana de dezembro chegou com tudo e mostrou que os artistas n\u00e3o deram tr\u00e9gua na corrida pelos hits do ver\u00e3o de 2026. Entre encontros inesperados, projetos refor\u00e7ados e novos cap\u00edtulos na m\u00fasica brasileira, o cen\u00e1rio promete agradar tanto os f\u00e3s do pop quanto os apaixonados pelo sertanejo. Jo\u00e3o Gomes e Ivete Sangalo celebram \u2026<\/p>\n","protected":false},"author":2,"featured_media":5022,"comment_status":"closed","ping_status":"open","sticky":false,"template":"","format":"standard","meta":{"footnotes":""},"categories":[3],"tags":[],"class_list":["post-5023","post","type-post","status-publish","format-standard","has-post-thumbnail","hentry","category-famosos"],"yoast_head":"<!-- This site is optimized with the Yoast SEO plugin v25.5 - https:\/\/yoast.com\/wordpress\/plugins\/seo\/ -->\n<title>Lan\u00e7amentos da Semana: Jo\u00e3o Gomes encontra Ivete, Jade expande seu pop e mais destaques musicais - Portal do Estado<\/title>\n<meta name=\"robots\" content=\"index, follow, max-snippet:-1, max-image-preview:large, max-video-preview:-1\" \/>\n<link rel=\"canonical\" href=\"https:\/\/portaldoestado.com.br\/index.php\/2025\/12\/07\/lancamentos-da-semana-joao-gomes-encontra-ivete-jade-expande-seu-pop-e-mais-destaques-musicais\/\" \/>\n<meta property=\"og:locale\" content=\"pt_BR\" \/>\n<meta property=\"og:type\" content=\"article\" \/>\n<meta property=\"og:title\" content=\"Lan\u00e7amentos da Semana: Jo\u00e3o Gomes encontra Ivete, Jade expande seu pop e mais destaques musicais - Portal do Estado\" \/>\n<meta property=\"og:description\" content=\"A primeira semana de dezembro chegou com tudo e mostrou que os artistas n\u00e3o deram tr\u00e9gua na corrida pelos hits do ver\u00e3o de 2026. Entre encontros inesperados, projetos refor\u00e7ados e novos cap\u00edtulos na m\u00fasica brasileira, o cen\u00e1rio promete agradar tanto os f\u00e3s do pop quanto os apaixonados pelo sertanejo. Jo\u00e3o Gomes e Ivete Sangalo celebram \u2026\" \/>\n<meta property=\"og:url\" content=\"https:\/\/portaldoestado.com.br\/index.php\/2025\/12\/07\/lancamentos-da-semana-joao-gomes-encontra-ivete-jade-expande-seu-pop-e-mais-destaques-musicais\/\" \/>\n<meta property=\"og:site_name\" content=\"Portal do Estado\" \/>\n<meta property=\"article:published_time\" content=\"2025-12-07T17:27:26+00:00\" \/>\n<meta property=\"og:image\" content=\"https:\/\/portaldoestado.com.br\/wp-content\/uploads\/2025\/12\/padrao-leo-2025-12-05T150127.986-1.jpg\" \/>\n\t<meta property=\"og:image:width\" content=\"1200\" \/>\n\t<meta property=\"og:image:height\" content=\"900\" \/>\n\t<meta property=\"og:image:type\" content=\"image\/jpeg\" \/>\n<meta name=\"author\" content=\"assessoriadefamosos\" \/>\n<meta name=\"twitter:card\" content=\"summary_large_image\" \/>\n<meta name=\"twitter:label1\" content=\"Escrito por\" \/>\n\t<meta name=\"twitter:data1\" content=\"assessoriadefamosos\" \/>\n\t<meta name=\"twitter:label2\" content=\"Est. tempo de leitura\" \/>\n\t<meta name=\"twitter:data2\" content=\"3 minutos\" \/>\n<script type=\"application\/ld+json\" class=\"yoast-schema-graph\">{\"@context\":\"https:\/\/schema.org\",\"@graph\":[{\"@type\":\"Article\",\"@id\":\"https:\/\/portaldoestado.com.br\/index.php\/2025\/12\/07\/lancamentos-da-semana-joao-gomes-encontra-ivete-jade-expande-seu-pop-e-mais-destaques-musicais\/#article\",\"isPartOf\":{\"@id\":\"https:\/\/portaldoestado.com.br\/index.php\/2025\/12\/07\/lancamentos-da-semana-joao-gomes-encontra-ivete-jade-expande-seu-pop-e-mais-destaques-musicais\/\"},\"author\":{\"name\":\"assessoriadefamosos\",\"@id\":\"https:\/\/portaldoestado.com.br\/#\/schema\/person\/5ca0174f3c8c84b59da62ea14b698cb9\"},\"headline\":\"Lan\u00e7amentos da Semana: Jo\u00e3o Gomes encontra Ivete, Jade expande seu pop e mais destaques musicais\",\"datePublished\":\"2025-12-07T17:27:26+00:00\",\"mainEntityOfPage\":{\"@id\":\"https:\/\/portaldoestado.com.br\/index.php\/2025\/12\/07\/lancamentos-da-semana-joao-gomes-encontra-ivete-jade-expande-seu-pop-e-mais-destaques-musicais\/\"},\"wordCount\":519,\"publisher\":{\"@id\":\"https:\/\/portaldoestado.com.br\/#organization\"},\"image\":{\"@id\":\"https:\/\/portaldoestado.com.br\/index.php\/2025\/12\/07\/lancamentos-da-semana-joao-gomes-encontra-ivete-jade-expande-seu-pop-e-mais-destaques-musicais\/#primaryimage\"},\"thumbnailUrl\":\"https:\/\/portaldoestado.com.br\/wp-content\/uploads\/2025\/12\/padrao-leo-2025-12-05T150127.986-1.jpg\",\"articleSection\":[\"Famosos\"],\"inLanguage\":\"pt-BR\"},{\"@type\":\"WebPage\",\"@id\":\"https:\/\/portaldoestado.com.br\/index.php\/2025\/12\/07\/lancamentos-da-semana-joao-gomes-encontra-ivete-jade-expande-seu-pop-e-mais-destaques-musicais\/\",\"url\":\"https:\/\/portaldoestado.com.br\/index.php\/2025\/12\/07\/lancamentos-da-semana-joao-gomes-encontra-ivete-jade-expande-seu-pop-e-mais-destaques-musicais\/\",\"name\":\"Lan\u00e7amentos da Semana: Jo\u00e3o Gomes encontra Ivete, Jade expande seu pop e mais destaques musicais - Portal do Estado\",\"isPartOf\":{\"@id\":\"https:\/\/portaldoestado.com.br\/#website\"},\"primaryImageOfPage\":{\"@id\":\"https:\/\/portaldoestado.com.br\/index.php\/2025\/12\/07\/lancamentos-da-semana-joao-gomes-encontra-ivete-jade-expande-seu-pop-e-mais-destaques-musicais\/#primaryimage\"},\"image\":{\"@id\":\"https:\/\/portaldoestado.com.br\/index.php\/2025\/12\/07\/lancamentos-da-semana-joao-gomes-encontra-ivete-jade-expande-seu-pop-e-mais-destaques-musicais\/#primaryimage\"},\"thumbnailUrl\":\"https:\/\/portaldoestado.com.br\/wp-content\/uploads\/2025\/12\/padrao-leo-2025-12-05T150127.986-1.jpg\",\"datePublished\":\"2025-12-07T17:27:26+00:00\",\"breadcrumb\":{\"@id\":\"https:\/\/portaldoestado.com.br\/index.php\/2025\/12\/07\/lancamentos-da-semana-joao-gomes-encontra-ivete-jade-expande-seu-pop-e-mais-destaques-musicais\/#breadcrumb\"},\"inLanguage\":\"pt-BR\",\"potentialAction\":[{\"@type\":\"ReadAction\",\"target\":[\"https:\/\/portaldoestado.com.br\/index.php\/2025\/12\/07\/lancamentos-da-semana-joao-gomes-encontra-ivete-jade-expande-seu-pop-e-mais-destaques-musicais\/\"]}]},{\"@type\":\"ImageObject\",\"inLanguage\":\"pt-BR\",\"@id\":\"https:\/\/portaldoestado.com.br\/index.php\/2025\/12\/07\/lancamentos-da-semana-joao-gomes-encontra-ivete-jade-expande-seu-pop-e-mais-destaques-musicais\/#primaryimage\",\"url\":\"https:\/\/portaldoestado.com.br\/wp-content\/uploads\/2025\/12\/padrao-leo-2025-12-05T150127.986-1.jpg\",\"contentUrl\":\"https:\/\/portaldoestado.com.br\/wp-content\/uploads\/2025\/12\/padrao-leo-2025-12-05T150127.986-1.jpg\",\"width\":1200,\"height\":900},{\"@type\":\"BreadcrumbList\",\"@id\":\"https:\/\/portaldoestado.com.br\/index.php\/2025\/12\/07\/lancamentos-da-semana-joao-gomes-encontra-ivete-jade-expande-seu-pop-e-mais-destaques-musicais\/#breadcrumb\",\"itemListElement\":[{\"@type\":\"ListItem\",\"position\":1,\"name\":\"In\u00edcio\",\"item\":\"https:\/\/portaldoestado.com.br\/\"},{\"@type\":\"ListItem\",\"position\":2,\"name\":\"Lan\u00e7amentos da Semana: Jo\u00e3o Gomes encontra Ivete, Jade expande seu pop e mais destaques musicais\"}]},{\"@type\":\"WebSite\",\"@id\":\"https:\/\/portaldoestado.com.br\/#website\",\"url\":\"https:\/\/portaldoestado.com.br\/\",\"name\":\"Portal do Estado\",\"description\":\"\",\"publisher\":{\"@id\":\"https:\/\/portaldoestado.com.br\/#organization\"},\"potentialAction\":[{\"@type\":\"SearchAction\",\"target\":{\"@type\":\"EntryPoint\",\"urlTemplate\":\"https:\/\/portaldoestado.com.br\/?s={search_term_string}\"},\"query-input\":{\"@type\":\"PropertyValueSpecification\",\"valueRequired\":true,\"valueName\":\"search_term_string\"}}],\"inLanguage\":\"pt-BR\"},{\"@type\":\"Organization\",\"@id\":\"https:\/\/portaldoestado.com.br\/#organization\",\"name\":\"Portal do Estado\",\"url\":\"https:\/\/portaldoestado.com.br\/\",\"logo\":{\"@type\":\"ImageObject\",\"inLanguage\":\"pt-BR\",\"@id\":\"https:\/\/portaldoestado.com.br\/#\/schema\/logo\/image\/\",\"url\":\"https:\/\/portaldoestado.com.br\/wp-content\/uploads\/2025\/04\/cropped-6f69b19a-6472-43bf-b1b3-e1910bbbd4e8.png\",\"contentUrl\":\"https:\/\/portaldoestado.com.br\/wp-content\/uploads\/2025\/04\/cropped-6f69b19a-6472-43bf-b1b3-e1910bbbd4e8.png\",\"width\":1024,\"height\":350,\"caption\":\"Portal do Estado\"},\"image\":{\"@id\":\"https:\/\/portaldoestado.com.br\/#\/schema\/logo\/image\/\"}},{\"@type\":\"Person\",\"@id\":\"https:\/\/portaldoestado.com.br\/#\/schema\/person\/5ca0174f3c8c84b59da62ea14b698cb9\",\"name\":\"assessoriadefamosos\",\"image\":{\"@type\":\"ImageObject\",\"inLanguage\":\"pt-BR\",\"@id\":\"https:\/\/portaldoestado.com.br\/#\/schema\/person\/image\/\",\"url\":\"https:\/\/secure.gravatar.com\/avatar\/a7acbdffcfbbae7240e59f47fe511ec5f5d8c252c779f0b8d9ab02a9e1d8c5ed?s=96&d=mm&r=g\",\"contentUrl\":\"https:\/\/secure.gravatar.com\/avatar\/a7acbdffcfbbae7240e59f47fe511ec5f5d8c252c779f0b8d9ab02a9e1d8c5ed?s=96&d=mm&r=g\",\"caption\":\"assessoriadefamosos\"},\"url\":\"https:\/\/portaldoestado.com.br\/index.php\/author\/assessoriadefamosos\/\"}]}<\/script>\n<!-- \/ Yoast SEO plugin. -->","yoast_head_json":{"title":"Lan\u00e7amentos da Semana: Jo\u00e3o Gomes encontra Ivete, Jade expande seu pop e mais destaques musicais - Portal do Estado","robots":{"index":"index","follow":"follow","max-snippet":"max-snippet:-1","max-image-preview":"max-image-preview:large","max-video-preview":"max-video-preview:-1"},"canonical":"https:\/\/portaldoestado.com.br\/index.php\/2025\/12\/07\/lancamentos-da-semana-joao-gomes-encontra-ivete-jade-expande-seu-pop-e-mais-destaques-musicais\/","og_locale":"pt_BR","og_type":"article","og_title":"Lan\u00e7amentos da Semana: Jo\u00e3o Gomes encontra Ivete, Jade expande seu pop e mais destaques musicais - Portal do Estado","og_description":"A primeira semana de dezembro chegou com tudo e mostrou que os artistas n\u00e3o deram tr\u00e9gua na corrida pelos hits do ver\u00e3o de 2026. Entre encontros inesperados, projetos refor\u00e7ados e novos cap\u00edtulos na m\u00fasica brasileira, o cen\u00e1rio promete agradar tanto os f\u00e3s do pop quanto os apaixonados pelo sertanejo. Jo\u00e3o Gomes e Ivete Sangalo celebram \u2026","og_url":"https:\/\/portaldoestado.com.br\/index.php\/2025\/12\/07\/lancamentos-da-semana-joao-gomes-encontra-ivete-jade-expande-seu-pop-e-mais-destaques-musicais\/","og_site_name":"Portal do Estado","article_published_time":"2025-12-07T17:27:26+00:00","og_image":[{"width":1200,"height":900,"url":"https:\/\/portaldoestado.com.br\/wp-content\/uploads\/2025\/12\/padrao-leo-2025-12-05T150127.986-1.jpg","type":"image\/jpeg"}],"author":"assessoriadefamosos","twitter_card":"summary_large_image","twitter_misc":{"Escrito por":"assessoriadefamosos","Est. tempo de leitura":"3 minutos"},"schema":{"@context":"https:\/\/schema.org","@graph":[{"@type":"Article","@id":"https:\/\/portaldoestado.com.br\/index.php\/2025\/12\/07\/lancamentos-da-semana-joao-gomes-encontra-ivete-jade-expande-seu-pop-e-mais-destaques-musicais\/#article","isPartOf":{"@id":"https:\/\/portaldoestado.com.br\/index.php\/2025\/12\/07\/lancamentos-da-semana-joao-gomes-encontra-ivete-jade-expande-seu-pop-e-mais-destaques-musicais\/"},"author":{"name":"assessoriadefamosos","@id":"https:\/\/portaldoestado.com.br\/#\/schema\/person\/5ca0174f3c8c84b59da62ea14b698cb9"},"headline":"Lan\u00e7amentos da Semana: Jo\u00e3o Gomes encontra Ivete, Jade expande seu pop e mais destaques musicais","datePublished":"2025-12-07T17:27:26+00:00","mainEntityOfPage":{"@id":"https:\/\/portaldoestado.com.br\/index.php\/2025\/12\/07\/lancamentos-da-semana-joao-gomes-encontra-ivete-jade-expande-seu-pop-e-mais-destaques-musicais\/"},"wordCount":519,"publisher":{"@id":"https:\/\/portaldoestado.com.br\/#organization"},"image":{"@id":"https:\/\/portaldoestado.com.br\/index.php\/2025\/12\/07\/lancamentos-da-semana-joao-gomes-encontra-ivete-jade-expande-seu-pop-e-mais-destaques-musicais\/#primaryimage"},"thumbnailUrl":"https:\/\/portaldoestado.com.br\/wp-content\/uploads\/2025\/12\/padrao-leo-2025-12-05T150127.986-1.jpg","articleSection":["Famosos"],"inLanguage":"pt-BR"},{"@type":"WebPage","@id":"https:\/\/portaldoestado.com.br\/index.php\/2025\/12\/07\/lancamentos-da-semana-joao-gomes-encontra-ivete-jade-expande-seu-pop-e-mais-destaques-musicais\/","url":"https:\/\/portaldoestado.com.br\/index.php\/2025\/12\/07\/lancamentos-da-semana-joao-gomes-encontra-ivete-jade-expande-seu-pop-e-mais-destaques-musicais\/","name":"Lan\u00e7amentos da Semana: Jo\u00e3o Gomes encontra Ivete, Jade expande seu pop e mais destaques musicais - Portal do Estado","isPartOf":{"@id":"https:\/\/portaldoestado.com.br\/#website"},"primaryImageOfPage":{"@id":"https:\/\/portaldoestado.com.br\/index.php\/2025\/12\/07\/lancamentos-da-semana-joao-gomes-encontra-ivete-jade-expande-seu-pop-e-mais-destaques-musicais\/#primaryimage"},"image":{"@id":"https:\/\/portaldoestado.com.br\/index.php\/2025\/12\/07\/lancamentos-da-semana-joao-gomes-encontra-ivete-jade-expande-seu-pop-e-mais-destaques-musicais\/#primaryimage"},"thumbnailUrl":"https:\/\/portaldoestado.com.br\/wp-content\/uploads\/2025\/12\/padrao-leo-2025-12-05T150127.986-1.jpg","datePublished":"2025-12-07T17:27:26+00:00","breadcrumb":{"@id":"https:\/\/portaldoestado.com.br\/index.php\/2025\/12\/07\/lancamentos-da-semana-joao-gomes-encontra-ivete-jade-expande-seu-pop-e-mais-destaques-musicais\/#breadcrumb"},"inLanguage":"pt-BR","potentialAction":[{"@type":"ReadAction","target":["https:\/\/portaldoestado.com.br\/index.php\/2025\/12\/07\/lancamentos-da-semana-joao-gomes-encontra-ivete-jade-expande-seu-pop-e-mais-destaques-musicais\/"]}]},{"@type":"ImageObject","inLanguage":"pt-BR","@id":"https:\/\/portaldoestado.com.br\/index.php\/2025\/12\/07\/lancamentos-da-semana-joao-gomes-encontra-ivete-jade-expande-seu-pop-e-mais-destaques-musicais\/#primaryimage","url":"https:\/\/portaldoestado.com.br\/wp-content\/uploads\/2025\/12\/padrao-leo-2025-12-05T150127.986-1.jpg","contentUrl":"https:\/\/portaldoestado.com.br\/wp-content\/uploads\/2025\/12\/padrao-leo-2025-12-05T150127.986-1.jpg","width":1200,"height":900},{"@type":"BreadcrumbList","@id":"https:\/\/portaldoestado.com.br\/index.php\/2025\/12\/07\/lancamentos-da-semana-joao-gomes-encontra-ivete-jade-expande-seu-pop-e-mais-destaques-musicais\/#breadcrumb","itemListElement":[{"@type":"ListItem","position":1,"name":"In\u00edcio","item":"https:\/\/portaldoestado.com.br\/"},{"@type":"ListItem","position":2,"name":"Lan\u00e7amentos da Semana: Jo\u00e3o Gomes encontra Ivete, Jade expande seu pop e mais destaques musicais"}]},{"@type":"WebSite","@id":"https:\/\/portaldoestado.com.br\/#website","url":"https:\/\/portaldoestado.com.br\/","name":"Portal do Estado","description":"","publisher":{"@id":"https:\/\/portaldoestado.com.br\/#organization"},"potentialAction":[{"@type":"SearchAction","target":{"@type":"EntryPoint","urlTemplate":"https:\/\/portaldoestado.com.br\/?s={search_term_string}"},"query-input":{"@type":"PropertyValueSpecification","valueRequired":true,"valueName":"search_term_string"}}],"inLanguage":"pt-BR"},{"@type":"Organization","@id":"https:\/\/portaldoestado.com.br\/#organization","name":"Portal do Estado","url":"https:\/\/portaldoestado.com.br\/","logo":{"@type":"ImageObject","inLanguage":"pt-BR","@id":"https:\/\/portaldoestado.com.br\/#\/schema\/logo\/image\/","url":"https:\/\/portaldoestado.com.br\/wp-content\/uploads\/2025\/04\/cropped-6f69b19a-6472-43bf-b1b3-e1910bbbd4e8.png","contentUrl":"https:\/\/portaldoestado.com.br\/wp-content\/uploads\/2025\/04\/cropped-6f69b19a-6472-43bf-b1b3-e1910bbbd4e8.png","width":1024,"height":350,"caption":"Portal do Estado"},"image":{"@id":"https:\/\/portaldoestado.com.br\/#\/schema\/logo\/image\/"}},{"@type":"Person","@id":"https:\/\/portaldoestado.com.br\/#\/schema\/person\/5ca0174f3c8c84b59da62ea14b698cb9","name":"assessoriadefamosos","image":{"@type":"ImageObject","inLanguage":"pt-BR","@id":"https:\/\/portaldoestado.com.br\/#\/schema\/person\/image\/","url":"https:\/\/secure.gravatar.com\/avatar\/a7acbdffcfbbae7240e59f47fe511ec5f5d8c252c779f0b8d9ab02a9e1d8c5ed?s=96&d=mm&r=g","contentUrl":"https:\/\/secure.gravatar.com\/avatar\/a7acbdffcfbbae7240e59f47fe511ec5f5d8c252c779f0b8d9ab02a9e1d8c5ed?s=96&d=mm&r=g","caption":"assessoriadefamosos"},"url":"https:\/\/portaldoestado.com.br\/index.php\/author\/assessoriadefamosos\/"}]}},"jetpack_featured_media_url":"https:\/\/portaldoestado.com.br\/wp-content\/uploads\/2025\/12\/padrao-leo-2025-12-05T150127.986-1.jpg","_links":{"self":[{"href":"https:\/\/portaldoestado.com.br\/index.php\/wp-json\/wp\/v2\/posts\/5023","targetHints":{"allow":["GET"]}}],"collection":[{"href":"https:\/\/portaldoestado.com.br\/index.php\/wp-json\/wp\/v2\/posts"}],"about":[{"href":"https:\/\/portaldoestado.com.br\/index.php\/wp-json\/wp\/v2\/types\/post"}],"author":[{"embeddable":true,"href":"https:\/\/portaldoestado.com.br\/index.php\/wp-json\/wp\/v2\/users\/2"}],"replies":[{"embeddable":true,"href":"https:\/\/portaldoestado.com.br\/index.php\/wp-json\/wp\/v2\/comments?post=5023"}],"version-history":[{"count":1,"href":"https:\/\/portaldoestado.com.br\/index.php\/wp-json\/wp\/v2\/posts\/5023\/revisions"}],"predecessor-version":[{"id":5024,"href":"https:\/\/portaldoestado.com.br\/index.php\/wp-json\/wp\/v2\/posts\/5023\/revisions\/5024"}],"wp:featuredmedia":[{"embeddable":true,"href":"https:\/\/portaldoestado.com.br\/index.php\/wp-json\/wp\/v2\/media\/5022"}],"wp:attachment":[{"href":"https:\/\/portaldoestado.com.br\/index.php\/wp-json\/wp\/v2\/media?parent=5023"}],"wp:term":[{"taxonomy":"category","embeddable":true,"href":"https:\/\/portaldoestado.com.br\/index.php\/wp-json\/wp\/v2\/categories?post=5023"},{"taxonomy":"post_tag","embeddable":true,"href":"https:\/\/portaldoestado.com.br\/index.php\/wp-json\/wp\/v2\/tags?post=5023"}],"curies":[{"name":"wp","href":"https:\/\/api.w.org\/{rel}","templated":true}]}}