{"id":5020,"date":"2025-12-07T17:22:42","date_gmt":"2025-12-07T17:22:42","guid":{"rendered":"https:\/\/portaldoestado.com.br\/?p=5020"},"modified":"2025-12-07T17:22:42","modified_gmt":"2025-12-07T17:22:42","slug":"juliano-cazarre-contesta-sugestao-de-pausa-na-carreira-e-enfatiza-rotina-de-trabalhador-comum","status":"publish","type":"post","link":"https:\/\/portaldoestado.com.br\/index.php\/2025\/12\/07\/juliano-cazarre-contesta-sugestao-de-pausa-na-carreira-e-enfatiza-rotina-de-trabalhador-comum\/","title":{"rendered":"Juliano Cazarr\u00e9 contesta sugest\u00e3o de pausa na carreira e enfatiza rotina de trabalhador comum"},"content":{"rendered":"\n<p>Juliano Cazarr\u00e9 reacendeu o debate sobre a rotina intensa dos atores ao responder um seguidor que sugeriu que ele deveria tirar um tempo para \u201cdar um descanso na imagem\u201d. No ar como Jorginho Ninja em <em>Tr\u00eas Gra\u00e7as<\/em>, o artista deixou claro que n\u00e3o v\u00ea necessidade alguma de fazer longas pausas entre um trabalho e outro \u2014 e que essa cobran\u00e7a n\u00e3o reflete a realidade de quem vive de atua\u00e7\u00e3o.<\/p>\n\n\n\n<p>Ele explicou que o coment\u00e1rio \u00e9 mais comum do que parece, mas que n\u00e3o corresponde ao ritmo profissional da maioria dos artistas. \u201cSempre aparece algu\u00e9m dizendo que eu devia desaparecer um pouco antes de assumir outro papel. Mas isso n\u00e3o existe. Ator trabalha, e trabalha muito\u201d, afirmou.<\/p>\n\n\n\n<p>Cazarr\u00e9 tamb\u00e9m apontou que a no\u00e7\u00e3o de que o p\u00fablico se \u201ccansa\u201d de ver um artista em sequ\u00eancia acaba sendo repetida sem reflex\u00e3o. \u201cFalam como se fosse uma regra universal. S\u00f3 que entre um projeto e outro eu tive um intervalo grande, mais de tr\u00eas meses. Nesse tempo, fiz teatro e ainda interpretei personagens completamente diferentes. Isso, para mim, j\u00e1 \u00e9 renova\u00e7\u00e3o\u201d, explicou.<\/p>\n\n\n\n<p>Para o ator, a compara\u00e7\u00e3o com qualquer outra profiss\u00e3o deixa tudo ainda mais evidente. \u201cQual trabalhador brasileiro descansa mais do que trinta dias no ano? A gente tamb\u00e9m vive assim. S\u00e3o onze meses de trabalho, um m\u00eas de f\u00e9rias. \u00c9 a conta que funciona para todo mundo.\u201d<\/p>\n\n\n\n<p>Em tom bem-humorado, ele ainda brincou com sua rotina familiar. \u201cSe eu parar para descansar imagem, meus filhos \u00e9 que n\u00e3o descansam\u2026 porque n\u00e3o vai ter quem pague as despesas\u201d, disse, rindo.<\/p>\n\n\n\n<p>Cazarr\u00e9, que emendou produ\u00e7\u00f5es como <em>Pantanal<\/em>, <em>Fuzu\u00ea<\/em> e <em>Volta Por Cima<\/em> antes de <em>Tr\u00eas Gra\u00e7as<\/em>, afirmou que manter o ritmo \u00e9 natural para ele. \u201cEu gosto de trabalhar. Me sinto vivo fazendo isso. Ent\u00e3o, para mim, n\u00e3o tem essa de sumir para valorizar nada. O trabalho fala por si.\u201d<\/p>\n","protected":false},"excerpt":{"rendered":"<p>Juliano Cazarr\u00e9 reacendeu o debate sobre a rotina intensa dos atores ao responder um seguidor que sugeriu que ele deveria tirar um tempo para \u201cdar um descanso na imagem\u201d. No ar como Jorginho Ninja em Tr\u00eas Gra\u00e7as, o artista deixou claro que n\u00e3o v\u00ea necessidade alguma de fazer longas pausas entre um trabalho e outro \u2026<\/p>\n","protected":false},"author":2,"featured_media":5019,"comment_status":"closed","ping_status":"open","sticky":false,"template":"","format":"standard","meta":{"footnotes":""},"categories":[3],"tags":[],"class_list":["post-5020","post","type-post","status-publish","format-standard","has-post-thumbnail","hentry","category-famosos"],"yoast_head":"<!-- This site is optimized with the Yoast SEO plugin v25.5 - https:\/\/yoast.com\/wordpress\/plugins\/seo\/ -->\n<title>Juliano Cazarr\u00e9 contesta sugest\u00e3o de pausa na carreira e enfatiza rotina de trabalhador comum - Portal do Estado<\/title>\n<meta name=\"robots\" content=\"index, follow, max-snippet:-1, max-image-preview:large, max-video-preview:-1\" \/>\n<link rel=\"canonical\" href=\"https:\/\/portaldoestado.com.br\/index.php\/2025\/12\/07\/juliano-cazarre-contesta-sugestao-de-pausa-na-carreira-e-enfatiza-rotina-de-trabalhador-comum\/\" \/>\n<meta property=\"og:locale\" content=\"pt_BR\" \/>\n<meta property=\"og:type\" content=\"article\" \/>\n<meta property=\"og:title\" content=\"Juliano Cazarr\u00e9 contesta sugest\u00e3o de pausa na carreira e enfatiza rotina de trabalhador comum - Portal do Estado\" \/>\n<meta property=\"og:description\" content=\"Juliano Cazarr\u00e9 reacendeu o debate sobre a rotina intensa dos atores ao responder um seguidor que sugeriu que ele deveria tirar um tempo para \u201cdar um descanso na imagem\u201d. No ar como Jorginho Ninja em Tr\u00eas Gra\u00e7as, o artista deixou claro que n\u00e3o v\u00ea necessidade alguma de fazer longas pausas entre um trabalho e outro \u2026\" \/>\n<meta property=\"og:url\" content=\"https:\/\/portaldoestado.com.br\/index.php\/2025\/12\/07\/juliano-cazarre-contesta-sugestao-de-pausa-na-carreira-e-enfatiza-rotina-de-trabalhador-comum\/\" \/>\n<meta property=\"og:site_name\" content=\"Portal do Estado\" \/>\n<meta property=\"article:published_time\" content=\"2025-12-07T17:22:42+00:00\" \/>\n<meta property=\"og:image\" content=\"https:\/\/portaldoestado.com.br\/wp-content\/uploads\/2025\/12\/2021-01-07-juliano-cazarre.webp\" \/>\n\t<meta property=\"og:image:width\" content=\"782\" \/>\n\t<meta property=\"og:image:height\" content=\"782\" \/>\n\t<meta property=\"og:image:type\" content=\"image\/webp\" \/>\n<meta name=\"author\" content=\"assessoriadefamosos\" \/>\n<meta name=\"twitter:card\" content=\"summary_large_image\" \/>\n<meta name=\"twitter:label1\" content=\"Escrito por\" \/>\n\t<meta name=\"twitter:data1\" content=\"assessoriadefamosos\" \/>\n\t<meta name=\"twitter:label2\" content=\"Est. tempo de leitura\" \/>\n\t<meta name=\"twitter:data2\" content=\"2 minutos\" \/>\n<script type=\"application\/ld+json\" class=\"yoast-schema-graph\">{\"@context\":\"https:\/\/schema.org\",\"@graph\":[{\"@type\":\"Article\",\"@id\":\"https:\/\/portaldoestado.com.br\/index.php\/2025\/12\/07\/juliano-cazarre-contesta-sugestao-de-pausa-na-carreira-e-enfatiza-rotina-de-trabalhador-comum\/#article\",\"isPartOf\":{\"@id\":\"https:\/\/portaldoestado.com.br\/index.php\/2025\/12\/07\/juliano-cazarre-contesta-sugestao-de-pausa-na-carreira-e-enfatiza-rotina-de-trabalhador-comum\/\"},\"author\":{\"name\":\"assessoriadefamosos\",\"@id\":\"https:\/\/portaldoestado.com.br\/#\/schema\/person\/5ca0174f3c8c84b59da62ea14b698cb9\"},\"headline\":\"Juliano Cazarr\u00e9 contesta sugest\u00e3o de pausa na carreira e enfatiza rotina de trabalhador comum\",\"datePublished\":\"2025-12-07T17:22:42+00:00\",\"mainEntityOfPage\":{\"@id\":\"https:\/\/portaldoestado.com.br\/index.php\/2025\/12\/07\/juliano-cazarre-contesta-sugestao-de-pausa-na-carreira-e-enfatiza-rotina-de-trabalhador-comum\/\"},\"wordCount\":346,\"publisher\":{\"@id\":\"https:\/\/portaldoestado.com.br\/#organization\"},\"image\":{\"@id\":\"https:\/\/portaldoestado.com.br\/index.php\/2025\/12\/07\/juliano-cazarre-contesta-sugestao-de-pausa-na-carreira-e-enfatiza-rotina-de-trabalhador-comum\/#primaryimage\"},\"thumbnailUrl\":\"https:\/\/portaldoestado.com.br\/wp-content\/uploads\/2025\/12\/2021-01-07-juliano-cazarre.webp\",\"articleSection\":[\"Famosos\"],\"inLanguage\":\"pt-BR\"},{\"@type\":\"WebPage\",\"@id\":\"https:\/\/portaldoestado.com.br\/index.php\/2025\/12\/07\/juliano-cazarre-contesta-sugestao-de-pausa-na-carreira-e-enfatiza-rotina-de-trabalhador-comum\/\",\"url\":\"https:\/\/portaldoestado.com.br\/index.php\/2025\/12\/07\/juliano-cazarre-contesta-sugestao-de-pausa-na-carreira-e-enfatiza-rotina-de-trabalhador-comum\/\",\"name\":\"Juliano Cazarr\u00e9 contesta sugest\u00e3o de pausa na carreira e enfatiza rotina de trabalhador comum - Portal do Estado\",\"isPartOf\":{\"@id\":\"https:\/\/portaldoestado.com.br\/#website\"},\"primaryImageOfPage\":{\"@id\":\"https:\/\/portaldoestado.com.br\/index.php\/2025\/12\/07\/juliano-cazarre-contesta-sugestao-de-pausa-na-carreira-e-enfatiza-rotina-de-trabalhador-comum\/#primaryimage\"},\"image\":{\"@id\":\"https:\/\/portaldoestado.com.br\/index.php\/2025\/12\/07\/juliano-cazarre-contesta-sugestao-de-pausa-na-carreira-e-enfatiza-rotina-de-trabalhador-comum\/#primaryimage\"},\"thumbnailUrl\":\"https:\/\/portaldoestado.com.br\/wp-content\/uploads\/2025\/12\/2021-01-07-juliano-cazarre.webp\",\"datePublished\":\"2025-12-07T17:22:42+00:00\",\"breadcrumb\":{\"@id\":\"https:\/\/portaldoestado.com.br\/index.php\/2025\/12\/07\/juliano-cazarre-contesta-sugestao-de-pausa-na-carreira-e-enfatiza-rotina-de-trabalhador-comum\/#breadcrumb\"},\"inLanguage\":\"pt-BR\",\"potentialAction\":[{\"@type\":\"ReadAction\",\"target\":[\"https:\/\/portaldoestado.com.br\/index.php\/2025\/12\/07\/juliano-cazarre-contesta-sugestao-de-pausa-na-carreira-e-enfatiza-rotina-de-trabalhador-comum\/\"]}]},{\"@type\":\"ImageObject\",\"inLanguage\":\"pt-BR\",\"@id\":\"https:\/\/portaldoestado.com.br\/index.php\/2025\/12\/07\/juliano-cazarre-contesta-sugestao-de-pausa-na-carreira-e-enfatiza-rotina-de-trabalhador-comum\/#primaryimage\",\"url\":\"https:\/\/portaldoestado.com.br\/wp-content\/uploads\/2025\/12\/2021-01-07-juliano-cazarre.webp\",\"contentUrl\":\"https:\/\/portaldoestado.com.br\/wp-content\/uploads\/2025\/12\/2021-01-07-juliano-cazarre.webp\",\"width\":782,\"height\":782},{\"@type\":\"BreadcrumbList\",\"@id\":\"https:\/\/portaldoestado.com.br\/index.php\/2025\/12\/07\/juliano-cazarre-contesta-sugestao-de-pausa-na-carreira-e-enfatiza-rotina-de-trabalhador-comum\/#breadcrumb\",\"itemListElement\":[{\"@type\":\"ListItem\",\"position\":1,\"name\":\"In\u00edcio\",\"item\":\"https:\/\/portaldoestado.com.br\/\"},{\"@type\":\"ListItem\",\"position\":2,\"name\":\"Juliano Cazarr\u00e9 contesta sugest\u00e3o de pausa na carreira e enfatiza rotina de trabalhador comum\"}]},{\"@type\":\"WebSite\",\"@id\":\"https:\/\/portaldoestado.com.br\/#website\",\"url\":\"https:\/\/portaldoestado.com.br\/\",\"name\":\"Portal do Estado\",\"description\":\"\",\"publisher\":{\"@id\":\"https:\/\/portaldoestado.com.br\/#organization\"},\"potentialAction\":[{\"@type\":\"SearchAction\",\"target\":{\"@type\":\"EntryPoint\",\"urlTemplate\":\"https:\/\/portaldoestado.com.br\/?s={search_term_string}\"},\"query-input\":{\"@type\":\"PropertyValueSpecification\",\"valueRequired\":true,\"valueName\":\"search_term_string\"}}],\"inLanguage\":\"pt-BR\"},{\"@type\":\"Organization\",\"@id\":\"https:\/\/portaldoestado.com.br\/#organization\",\"name\":\"Portal do Estado\",\"url\":\"https:\/\/portaldoestado.com.br\/\",\"logo\":{\"@type\":\"ImageObject\",\"inLanguage\":\"pt-BR\",\"@id\":\"https:\/\/portaldoestado.com.br\/#\/schema\/logo\/image\/\",\"url\":\"https:\/\/portaldoestado.com.br\/wp-content\/uploads\/2025\/04\/cropped-6f69b19a-6472-43bf-b1b3-e1910bbbd4e8.png\",\"contentUrl\":\"https:\/\/portaldoestado.com.br\/wp-content\/uploads\/2025\/04\/cropped-6f69b19a-6472-43bf-b1b3-e1910bbbd4e8.png\",\"width\":1024,\"height\":350,\"caption\":\"Portal do Estado\"},\"image\":{\"@id\":\"https:\/\/portaldoestado.com.br\/#\/schema\/logo\/image\/\"}},{\"@type\":\"Person\",\"@id\":\"https:\/\/portaldoestado.com.br\/#\/schema\/person\/5ca0174f3c8c84b59da62ea14b698cb9\",\"name\":\"assessoriadefamosos\",\"image\":{\"@type\":\"ImageObject\",\"inLanguage\":\"pt-BR\",\"@id\":\"https:\/\/portaldoestado.com.br\/#\/schema\/person\/image\/\",\"url\":\"https:\/\/secure.gravatar.com\/avatar\/a7acbdffcfbbae7240e59f47fe511ec5f5d8c252c779f0b8d9ab02a9e1d8c5ed?s=96&d=mm&r=g\",\"contentUrl\":\"https:\/\/secure.gravatar.com\/avatar\/a7acbdffcfbbae7240e59f47fe511ec5f5d8c252c779f0b8d9ab02a9e1d8c5ed?s=96&d=mm&r=g\",\"caption\":\"assessoriadefamosos\"},\"url\":\"https:\/\/portaldoestado.com.br\/index.php\/author\/assessoriadefamosos\/\"}]}<\/script>\n<!-- \/ Yoast SEO plugin. -->","yoast_head_json":{"title":"Juliano Cazarr\u00e9 contesta sugest\u00e3o de pausa na carreira e enfatiza rotina de trabalhador comum - Portal do Estado","robots":{"index":"index","follow":"follow","max-snippet":"max-snippet:-1","max-image-preview":"max-image-preview:large","max-video-preview":"max-video-preview:-1"},"canonical":"https:\/\/portaldoestado.com.br\/index.php\/2025\/12\/07\/juliano-cazarre-contesta-sugestao-de-pausa-na-carreira-e-enfatiza-rotina-de-trabalhador-comum\/","og_locale":"pt_BR","og_type":"article","og_title":"Juliano Cazarr\u00e9 contesta sugest\u00e3o de pausa na carreira e enfatiza rotina de trabalhador comum - Portal do Estado","og_description":"Juliano Cazarr\u00e9 reacendeu o debate sobre a rotina intensa dos atores ao responder um seguidor que sugeriu que ele deveria tirar um tempo para \u201cdar um descanso na imagem\u201d. No ar como Jorginho Ninja em Tr\u00eas Gra\u00e7as, o artista deixou claro que n\u00e3o v\u00ea necessidade alguma de fazer longas pausas entre um trabalho e outro \u2026","og_url":"https:\/\/portaldoestado.com.br\/index.php\/2025\/12\/07\/juliano-cazarre-contesta-sugestao-de-pausa-na-carreira-e-enfatiza-rotina-de-trabalhador-comum\/","og_site_name":"Portal do Estado","article_published_time":"2025-12-07T17:22:42+00:00","og_image":[{"width":782,"height":782,"url":"https:\/\/portaldoestado.com.br\/wp-content\/uploads\/2025\/12\/2021-01-07-juliano-cazarre.webp","type":"image\/webp"}],"author":"assessoriadefamosos","twitter_card":"summary_large_image","twitter_misc":{"Escrito por":"assessoriadefamosos","Est. tempo de leitura":"2 minutos"},"schema":{"@context":"https:\/\/schema.org","@graph":[{"@type":"Article","@id":"https:\/\/portaldoestado.com.br\/index.php\/2025\/12\/07\/juliano-cazarre-contesta-sugestao-de-pausa-na-carreira-e-enfatiza-rotina-de-trabalhador-comum\/#article","isPartOf":{"@id":"https:\/\/portaldoestado.com.br\/index.php\/2025\/12\/07\/juliano-cazarre-contesta-sugestao-de-pausa-na-carreira-e-enfatiza-rotina-de-trabalhador-comum\/"},"author":{"name":"assessoriadefamosos","@id":"https:\/\/portaldoestado.com.br\/#\/schema\/person\/5ca0174f3c8c84b59da62ea14b698cb9"},"headline":"Juliano Cazarr\u00e9 contesta sugest\u00e3o de pausa na carreira e enfatiza rotina de trabalhador comum","datePublished":"2025-12-07T17:22:42+00:00","mainEntityOfPage":{"@id":"https:\/\/portaldoestado.com.br\/index.php\/2025\/12\/07\/juliano-cazarre-contesta-sugestao-de-pausa-na-carreira-e-enfatiza-rotina-de-trabalhador-comum\/"},"wordCount":346,"publisher":{"@id":"https:\/\/portaldoestado.com.br\/#organization"},"image":{"@id":"https:\/\/portaldoestado.com.br\/index.php\/2025\/12\/07\/juliano-cazarre-contesta-sugestao-de-pausa-na-carreira-e-enfatiza-rotina-de-trabalhador-comum\/#primaryimage"},"thumbnailUrl":"https:\/\/portaldoestado.com.br\/wp-content\/uploads\/2025\/12\/2021-01-07-juliano-cazarre.webp","articleSection":["Famosos"],"inLanguage":"pt-BR"},{"@type":"WebPage","@id":"https:\/\/portaldoestado.com.br\/index.php\/2025\/12\/07\/juliano-cazarre-contesta-sugestao-de-pausa-na-carreira-e-enfatiza-rotina-de-trabalhador-comum\/","url":"https:\/\/portaldoestado.com.br\/index.php\/2025\/12\/07\/juliano-cazarre-contesta-sugestao-de-pausa-na-carreira-e-enfatiza-rotina-de-trabalhador-comum\/","name":"Juliano Cazarr\u00e9 contesta sugest\u00e3o de pausa na carreira e enfatiza rotina de trabalhador comum - Portal do Estado","isPartOf":{"@id":"https:\/\/portaldoestado.com.br\/#website"},"primaryImageOfPage":{"@id":"https:\/\/portaldoestado.com.br\/index.php\/2025\/12\/07\/juliano-cazarre-contesta-sugestao-de-pausa-na-carreira-e-enfatiza-rotina-de-trabalhador-comum\/#primaryimage"},"image":{"@id":"https:\/\/portaldoestado.com.br\/index.php\/2025\/12\/07\/juliano-cazarre-contesta-sugestao-de-pausa-na-carreira-e-enfatiza-rotina-de-trabalhador-comum\/#primaryimage"},"thumbnailUrl":"https:\/\/portaldoestado.com.br\/wp-content\/uploads\/2025\/12\/2021-01-07-juliano-cazarre.webp","datePublished":"2025-12-07T17:22:42+00:00","breadcrumb":{"@id":"https:\/\/portaldoestado.com.br\/index.php\/2025\/12\/07\/juliano-cazarre-contesta-sugestao-de-pausa-na-carreira-e-enfatiza-rotina-de-trabalhador-comum\/#breadcrumb"},"inLanguage":"pt-BR","potentialAction":[{"@type":"ReadAction","target":["https:\/\/portaldoestado.com.br\/index.php\/2025\/12\/07\/juliano-cazarre-contesta-sugestao-de-pausa-na-carreira-e-enfatiza-rotina-de-trabalhador-comum\/"]}]},{"@type":"ImageObject","inLanguage":"pt-BR","@id":"https:\/\/portaldoestado.com.br\/index.php\/2025\/12\/07\/juliano-cazarre-contesta-sugestao-de-pausa-na-carreira-e-enfatiza-rotina-de-trabalhador-comum\/#primaryimage","url":"https:\/\/portaldoestado.com.br\/wp-content\/uploads\/2025\/12\/2021-01-07-juliano-cazarre.webp","contentUrl":"https:\/\/portaldoestado.com.br\/wp-content\/uploads\/2025\/12\/2021-01-07-juliano-cazarre.webp","width":782,"height":782},{"@type":"BreadcrumbList","@id":"https:\/\/portaldoestado.com.br\/index.php\/2025\/12\/07\/juliano-cazarre-contesta-sugestao-de-pausa-na-carreira-e-enfatiza-rotina-de-trabalhador-comum\/#breadcrumb","itemListElement":[{"@type":"ListItem","position":1,"name":"In\u00edcio","item":"https:\/\/portaldoestado.com.br\/"},{"@type":"ListItem","position":2,"name":"Juliano Cazarr\u00e9 contesta sugest\u00e3o de pausa na carreira e enfatiza rotina de trabalhador comum"}]},{"@type":"WebSite","@id":"https:\/\/portaldoestado.com.br\/#website","url":"https:\/\/portaldoestado.com.br\/","name":"Portal do Estado","description":"","publisher":{"@id":"https:\/\/portaldoestado.com.br\/#organization"},"potentialAction":[{"@type":"SearchAction","target":{"@type":"EntryPoint","urlTemplate":"https:\/\/portaldoestado.com.br\/?s={search_term_string}"},"query-input":{"@type":"PropertyValueSpecification","valueRequired":true,"valueName":"search_term_string"}}],"inLanguage":"pt-BR"},{"@type":"Organization","@id":"https:\/\/portaldoestado.com.br\/#organization","name":"Portal do Estado","url":"https:\/\/portaldoestado.com.br\/","logo":{"@type":"ImageObject","inLanguage":"pt-BR","@id":"https:\/\/portaldoestado.com.br\/#\/schema\/logo\/image\/","url":"https:\/\/portaldoestado.com.br\/wp-content\/uploads\/2025\/04\/cropped-6f69b19a-6472-43bf-b1b3-e1910bbbd4e8.png","contentUrl":"https:\/\/portaldoestado.com.br\/wp-content\/uploads\/2025\/04\/cropped-6f69b19a-6472-43bf-b1b3-e1910bbbd4e8.png","width":1024,"height":350,"caption":"Portal do Estado"},"image":{"@id":"https:\/\/portaldoestado.com.br\/#\/schema\/logo\/image\/"}},{"@type":"Person","@id":"https:\/\/portaldoestado.com.br\/#\/schema\/person\/5ca0174f3c8c84b59da62ea14b698cb9","name":"assessoriadefamosos","image":{"@type":"ImageObject","inLanguage":"pt-BR","@id":"https:\/\/portaldoestado.com.br\/#\/schema\/person\/image\/","url":"https:\/\/secure.gravatar.com\/avatar\/a7acbdffcfbbae7240e59f47fe511ec5f5d8c252c779f0b8d9ab02a9e1d8c5ed?s=96&d=mm&r=g","contentUrl":"https:\/\/secure.gravatar.com\/avatar\/a7acbdffcfbbae7240e59f47fe511ec5f5d8c252c779f0b8d9ab02a9e1d8c5ed?s=96&d=mm&r=g","caption":"assessoriadefamosos"},"url":"https:\/\/portaldoestado.com.br\/index.php\/author\/assessoriadefamosos\/"}]}},"jetpack_featured_media_url":"https:\/\/portaldoestado.com.br\/wp-content\/uploads\/2025\/12\/2021-01-07-juliano-cazarre.webp","_links":{"self":[{"href":"https:\/\/portaldoestado.com.br\/index.php\/wp-json\/wp\/v2\/posts\/5020","targetHints":{"allow":["GET"]}}],"collection":[{"href":"https:\/\/portaldoestado.com.br\/index.php\/wp-json\/wp\/v2\/posts"}],"about":[{"href":"https:\/\/portaldoestado.com.br\/index.php\/wp-json\/wp\/v2\/types\/post"}],"author":[{"embeddable":true,"href":"https:\/\/portaldoestado.com.br\/index.php\/wp-json\/wp\/v2\/users\/2"}],"replies":[{"embeddable":true,"href":"https:\/\/portaldoestado.com.br\/index.php\/wp-json\/wp\/v2\/comments?post=5020"}],"version-history":[{"count":1,"href":"https:\/\/portaldoestado.com.br\/index.php\/wp-json\/wp\/v2\/posts\/5020\/revisions"}],"predecessor-version":[{"id":5021,"href":"https:\/\/portaldoestado.com.br\/index.php\/wp-json\/wp\/v2\/posts\/5020\/revisions\/5021"}],"wp:featuredmedia":[{"embeddable":true,"href":"https:\/\/portaldoestado.com.br\/index.php\/wp-json\/wp\/v2\/media\/5019"}],"wp:attachment":[{"href":"https:\/\/portaldoestado.com.br\/index.php\/wp-json\/wp\/v2\/media?parent=5020"}],"wp:term":[{"taxonomy":"category","embeddable":true,"href":"https:\/\/portaldoestado.com.br\/index.php\/wp-json\/wp\/v2\/categories?post=5020"},{"taxonomy":"post_tag","embeddable":true,"href":"https:\/\/portaldoestado.com.br\/index.php\/wp-json\/wp\/v2\/tags?post=5020"}],"curies":[{"name":"wp","href":"https:\/\/api.w.org\/{rel}","templated":true}]}}