{"id":5002,"date":"2025-12-06T15:42:50","date_gmt":"2025-12-06T15:42:50","guid":{"rendered":"https:\/\/portaldoestado.com.br\/?p=5002"},"modified":"2025-12-06T15:42:50","modified_gmt":"2025-12-06T15:42:50","slug":"lazaro-ramos-comenta-rotina-puxada-de-wagner-moura-na-campanha-do-oscar-e-bonito-ver-essa-felicidade","status":"publish","type":"post","link":"https:\/\/portaldoestado.com.br\/index.php\/2025\/12\/06\/lazaro-ramos-comenta-rotina-puxada-de-wagner-moura-na-campanha-do-oscar-e-bonito-ver-essa-felicidade\/","title":{"rendered":"L\u00e1zaro Ramos comenta rotina puxada de Wagner Moura na campanha do Oscar: \u201c\u00c9 bonito ver essa felicidade\u201d"},"content":{"rendered":"\n<p>Wagner Moura est\u00e1 vivendo uma fase decisiva na carreira. Ap\u00f3s o impacto de <em>O Agente Secreto<\/em>, o ator embarcou de vez na campanha internacional em busca de uma indica\u00e7\u00e3o ao Oscar de Melhor Ator. Entre viagens, eventos e encontros com membros da Academia, a agenda tem sido intensa \u2014 e quem acompanha tudo de perto \u00e9 L\u00e1zaro Ramos, amigo do artista h\u00e1 d\u00e9cadas.<\/p>\n\n\n\n<p>Durante a CCXP, em S\u00e3o Paulo, L\u00e1zaro falou sobre o momento especial de Wagner e se derreteu ao ver o amigo t\u00e3o realizado:\n\u201cEle est\u00e1 radiante. De verdade. Acho que fazia tempo que eu n\u00e3o via o Wagner t\u00e3o feliz. Essa maratona do Oscar \u00e9 cansativa, mas ele est\u00e1 curtindo cada passo. Fico emocionado de assistir isso acontecer com algu\u00e9m t\u00e3o talentoso.\u201d<\/p>\n\n\n\n<p>Com bom humor, L\u00e1zaro contou que, ao ver o filme pela primeira vez, brincou com o amigo:\n\u201cFalei: \u2018Rapaz, voc\u00ea entrega mesmo, viu?\u2019 \u00c9 bom demais sentir orgulho de quem a gente considera fam\u00edlia.\u201d<\/p>\n\n\n\n<p>Mesmo em meio \u00e0 correria, Wagner n\u00e3o se distanciou dos amigos pr\u00f3ximos. Segundo L\u00e1zaro, os dois continuam conversando com frequ\u00eancia:\n\u201cEle sempre arruma um minutinho pra responder. E eu fico no papel de amigo cuidadoso\u2026 pergunto se ele est\u00e1 conseguindo comer, dormir, respirar. Quando a vida acelera, algu\u00e9m precisa lembrar a gente do b\u00e1sico.\u201d<\/p>\n\n\n\n<p>Al\u00e9m de exaltar Wagner, L\u00e1zaro comemorou o momento hist\u00f3rico do cinema brasileiro, especialmente ap\u00f3s o triunfo de <em>Ainda Estou Aqui<\/em> no Oscar e o reconhecimento internacional de <em>O Agente Secreto<\/em>:\n\u201cOs \u00faltimos anos foram marcantes. Sinto que o p\u00fablico voltou a se conectar com nossos filmes de uma maneira muito forte. E 2026 promete ainda mais.\u201d<\/p>\n\n\n\n<p>Para ele, o entusiasmo do p\u00fablico tem sido um fen\u00f4meno raro:\n\u201cCom <em>Ainda Estou Aqui<\/em>, parecia final de campeonato. A torcida era linda. E estou percebendo um movimento parecido com <em>O Agente Secreto<\/em>. As pessoas abra\u00e7aram o filme.\u201d<\/p>\n","protected":false},"excerpt":{"rendered":"<p>Wagner Moura est\u00e1 vivendo uma fase decisiva na carreira. Ap\u00f3s o impacto de O Agente Secreto, o ator embarcou de vez na campanha internacional em busca de uma indica\u00e7\u00e3o ao Oscar de Melhor Ator. Entre viagens, eventos e encontros com membros da Academia, a agenda tem sido intensa \u2014 e quem acompanha tudo de perto \u2026<\/p>\n","protected":false},"author":2,"featured_media":5001,"comment_status":"closed","ping_status":"open","sticky":false,"template":"","format":"standard","meta":{"footnotes":""},"categories":[3],"tags":[],"class_list":["post-5002","post","type-post","status-publish","format-standard","has-post-thumbnail","hentry","category-famosos"],"yoast_head":"<!-- This site is optimized with the Yoast SEO plugin v25.5 - https:\/\/yoast.com\/wordpress\/plugins\/seo\/ -->\n<title>L\u00e1zaro Ramos comenta rotina puxada de Wagner Moura na campanha do Oscar: \u201c\u00c9 bonito ver essa felicidade\u201d - Portal do Estado<\/title>\n<meta name=\"robots\" content=\"index, follow, max-snippet:-1, max-image-preview:large, max-video-preview:-1\" \/>\n<link rel=\"canonical\" href=\"https:\/\/portaldoestado.com.br\/index.php\/2025\/12\/06\/lazaro-ramos-comenta-rotina-puxada-de-wagner-moura-na-campanha-do-oscar-e-bonito-ver-essa-felicidade\/\" \/>\n<meta property=\"og:locale\" content=\"pt_BR\" \/>\n<meta property=\"og:type\" content=\"article\" \/>\n<meta property=\"og:title\" content=\"L\u00e1zaro Ramos comenta rotina puxada de Wagner Moura na campanha do Oscar: \u201c\u00c9 bonito ver essa felicidade\u201d - Portal do Estado\" \/>\n<meta property=\"og:description\" content=\"Wagner Moura est\u00e1 vivendo uma fase decisiva na carreira. Ap\u00f3s o impacto de O Agente Secreto, o ator embarcou de vez na campanha internacional em busca de uma indica\u00e7\u00e3o ao Oscar de Melhor Ator. Entre viagens, eventos e encontros com membros da Academia, a agenda tem sido intensa \u2014 e quem acompanha tudo de perto \u2026\" \/>\n<meta property=\"og:url\" content=\"https:\/\/portaldoestado.com.br\/index.php\/2025\/12\/06\/lazaro-ramos-comenta-rotina-puxada-de-wagner-moura-na-campanha-do-oscar-e-bonito-ver-essa-felicidade\/\" \/>\n<meta property=\"og:site_name\" content=\"Portal do Estado\" \/>\n<meta property=\"article:published_time\" content=\"2025-12-06T15:42:50+00:00\" \/>\n<meta property=\"og:image\" content=\"https:\/\/portaldoestado.com.br\/wp-content\/uploads\/2025\/12\/pHqey9Xj-Design-sem-nome-33.jpg\" \/>\n\t<meta property=\"og:image:width\" content=\"1200\" \/>\n\t<meta property=\"og:image:height\" content=\"900\" \/>\n\t<meta property=\"og:image:type\" content=\"image\/jpeg\" \/>\n<meta name=\"author\" content=\"assessoriadefamosos\" \/>\n<meta name=\"twitter:card\" content=\"summary_large_image\" \/>\n<meta name=\"twitter:label1\" content=\"Escrito por\" \/>\n\t<meta name=\"twitter:data1\" content=\"assessoriadefamosos\" \/>\n\t<meta name=\"twitter:label2\" content=\"Est. tempo de leitura\" \/>\n\t<meta name=\"twitter:data2\" content=\"2 minutos\" \/>\n<script type=\"application\/ld+json\" class=\"yoast-schema-graph\">{\"@context\":\"https:\/\/schema.org\",\"@graph\":[{\"@type\":\"Article\",\"@id\":\"https:\/\/portaldoestado.com.br\/index.php\/2025\/12\/06\/lazaro-ramos-comenta-rotina-puxada-de-wagner-moura-na-campanha-do-oscar-e-bonito-ver-essa-felicidade\/#article\",\"isPartOf\":{\"@id\":\"https:\/\/portaldoestado.com.br\/index.php\/2025\/12\/06\/lazaro-ramos-comenta-rotina-puxada-de-wagner-moura-na-campanha-do-oscar-e-bonito-ver-essa-felicidade\/\"},\"author\":{\"name\":\"assessoriadefamosos\",\"@id\":\"https:\/\/portaldoestado.com.br\/#\/schema\/person\/5ca0174f3c8c84b59da62ea14b698cb9\"},\"headline\":\"L\u00e1zaro Ramos comenta rotina puxada de Wagner Moura na campanha do Oscar: \u201c\u00c9 bonito ver essa felicidade\u201d\",\"datePublished\":\"2025-12-06T15:42:50+00:00\",\"mainEntityOfPage\":{\"@id\":\"https:\/\/portaldoestado.com.br\/index.php\/2025\/12\/06\/lazaro-ramos-comenta-rotina-puxada-de-wagner-moura-na-campanha-do-oscar-e-bonito-ver-essa-felicidade\/\"},\"wordCount\":345,\"publisher\":{\"@id\":\"https:\/\/portaldoestado.com.br\/#organization\"},\"image\":{\"@id\":\"https:\/\/portaldoestado.com.br\/index.php\/2025\/12\/06\/lazaro-ramos-comenta-rotina-puxada-de-wagner-moura-na-campanha-do-oscar-e-bonito-ver-essa-felicidade\/#primaryimage\"},\"thumbnailUrl\":\"https:\/\/portaldoestado.com.br\/wp-content\/uploads\/2025\/12\/pHqey9Xj-Design-sem-nome-33.jpg\",\"articleSection\":[\"Famosos\"],\"inLanguage\":\"pt-BR\"},{\"@type\":\"WebPage\",\"@id\":\"https:\/\/portaldoestado.com.br\/index.php\/2025\/12\/06\/lazaro-ramos-comenta-rotina-puxada-de-wagner-moura-na-campanha-do-oscar-e-bonito-ver-essa-felicidade\/\",\"url\":\"https:\/\/portaldoestado.com.br\/index.php\/2025\/12\/06\/lazaro-ramos-comenta-rotina-puxada-de-wagner-moura-na-campanha-do-oscar-e-bonito-ver-essa-felicidade\/\",\"name\":\"L\u00e1zaro Ramos comenta rotina puxada de Wagner Moura na campanha do Oscar: \u201c\u00c9 bonito ver essa felicidade\u201d - Portal do Estado\",\"isPartOf\":{\"@id\":\"https:\/\/portaldoestado.com.br\/#website\"},\"primaryImageOfPage\":{\"@id\":\"https:\/\/portaldoestado.com.br\/index.php\/2025\/12\/06\/lazaro-ramos-comenta-rotina-puxada-de-wagner-moura-na-campanha-do-oscar-e-bonito-ver-essa-felicidade\/#primaryimage\"},\"image\":{\"@id\":\"https:\/\/portaldoestado.com.br\/index.php\/2025\/12\/06\/lazaro-ramos-comenta-rotina-puxada-de-wagner-moura-na-campanha-do-oscar-e-bonito-ver-essa-felicidade\/#primaryimage\"},\"thumbnailUrl\":\"https:\/\/portaldoestado.com.br\/wp-content\/uploads\/2025\/12\/pHqey9Xj-Design-sem-nome-33.jpg\",\"datePublished\":\"2025-12-06T15:42:50+00:00\",\"breadcrumb\":{\"@id\":\"https:\/\/portaldoestado.com.br\/index.php\/2025\/12\/06\/lazaro-ramos-comenta-rotina-puxada-de-wagner-moura-na-campanha-do-oscar-e-bonito-ver-essa-felicidade\/#breadcrumb\"},\"inLanguage\":\"pt-BR\",\"potentialAction\":[{\"@type\":\"ReadAction\",\"target\":[\"https:\/\/portaldoestado.com.br\/index.php\/2025\/12\/06\/lazaro-ramos-comenta-rotina-puxada-de-wagner-moura-na-campanha-do-oscar-e-bonito-ver-essa-felicidade\/\"]}]},{\"@type\":\"ImageObject\",\"inLanguage\":\"pt-BR\",\"@id\":\"https:\/\/portaldoestado.com.br\/index.php\/2025\/12\/06\/lazaro-ramos-comenta-rotina-puxada-de-wagner-moura-na-campanha-do-oscar-e-bonito-ver-essa-felicidade\/#primaryimage\",\"url\":\"https:\/\/portaldoestado.com.br\/wp-content\/uploads\/2025\/12\/pHqey9Xj-Design-sem-nome-33.jpg\",\"contentUrl\":\"https:\/\/portaldoestado.com.br\/wp-content\/uploads\/2025\/12\/pHqey9Xj-Design-sem-nome-33.jpg\",\"width\":1200,\"height\":900},{\"@type\":\"BreadcrumbList\",\"@id\":\"https:\/\/portaldoestado.com.br\/index.php\/2025\/12\/06\/lazaro-ramos-comenta-rotina-puxada-de-wagner-moura-na-campanha-do-oscar-e-bonito-ver-essa-felicidade\/#breadcrumb\",\"itemListElement\":[{\"@type\":\"ListItem\",\"position\":1,\"name\":\"In\u00edcio\",\"item\":\"https:\/\/portaldoestado.com.br\/\"},{\"@type\":\"ListItem\",\"position\":2,\"name\":\"L\u00e1zaro Ramos comenta rotina puxada de Wagner Moura na campanha do Oscar: \u201c\u00c9 bonito ver essa felicidade\u201d\"}]},{\"@type\":\"WebSite\",\"@id\":\"https:\/\/portaldoestado.com.br\/#website\",\"url\":\"https:\/\/portaldoestado.com.br\/\",\"name\":\"Portal do Estado\",\"description\":\"\",\"publisher\":{\"@id\":\"https:\/\/portaldoestado.com.br\/#organization\"},\"potentialAction\":[{\"@type\":\"SearchAction\",\"target\":{\"@type\":\"EntryPoint\",\"urlTemplate\":\"https:\/\/portaldoestado.com.br\/?s={search_term_string}\"},\"query-input\":{\"@type\":\"PropertyValueSpecification\",\"valueRequired\":true,\"valueName\":\"search_term_string\"}}],\"inLanguage\":\"pt-BR\"},{\"@type\":\"Organization\",\"@id\":\"https:\/\/portaldoestado.com.br\/#organization\",\"name\":\"Portal do Estado\",\"url\":\"https:\/\/portaldoestado.com.br\/\",\"logo\":{\"@type\":\"ImageObject\",\"inLanguage\":\"pt-BR\",\"@id\":\"https:\/\/portaldoestado.com.br\/#\/schema\/logo\/image\/\",\"url\":\"https:\/\/portaldoestado.com.br\/wp-content\/uploads\/2025\/04\/cropped-6f69b19a-6472-43bf-b1b3-e1910bbbd4e8.png\",\"contentUrl\":\"https:\/\/portaldoestado.com.br\/wp-content\/uploads\/2025\/04\/cropped-6f69b19a-6472-43bf-b1b3-e1910bbbd4e8.png\",\"width\":1024,\"height\":350,\"caption\":\"Portal do Estado\"},\"image\":{\"@id\":\"https:\/\/portaldoestado.com.br\/#\/schema\/logo\/image\/\"}},{\"@type\":\"Person\",\"@id\":\"https:\/\/portaldoestado.com.br\/#\/schema\/person\/5ca0174f3c8c84b59da62ea14b698cb9\",\"name\":\"assessoriadefamosos\",\"image\":{\"@type\":\"ImageObject\",\"inLanguage\":\"pt-BR\",\"@id\":\"https:\/\/portaldoestado.com.br\/#\/schema\/person\/image\/\",\"url\":\"https:\/\/secure.gravatar.com\/avatar\/a7acbdffcfbbae7240e59f47fe511ec5f5d8c252c779f0b8d9ab02a9e1d8c5ed?s=96&d=mm&r=g\",\"contentUrl\":\"https:\/\/secure.gravatar.com\/avatar\/a7acbdffcfbbae7240e59f47fe511ec5f5d8c252c779f0b8d9ab02a9e1d8c5ed?s=96&d=mm&r=g\",\"caption\":\"assessoriadefamosos\"},\"url\":\"https:\/\/portaldoestado.com.br\/index.php\/author\/assessoriadefamosos\/\"}]}<\/script>\n<!-- \/ Yoast SEO plugin. -->","yoast_head_json":{"title":"L\u00e1zaro Ramos comenta rotina puxada de Wagner Moura na campanha do Oscar: \u201c\u00c9 bonito ver essa felicidade\u201d - Portal do Estado","robots":{"index":"index","follow":"follow","max-snippet":"max-snippet:-1","max-image-preview":"max-image-preview:large","max-video-preview":"max-video-preview:-1"},"canonical":"https:\/\/portaldoestado.com.br\/index.php\/2025\/12\/06\/lazaro-ramos-comenta-rotina-puxada-de-wagner-moura-na-campanha-do-oscar-e-bonito-ver-essa-felicidade\/","og_locale":"pt_BR","og_type":"article","og_title":"L\u00e1zaro Ramos comenta rotina puxada de Wagner Moura na campanha do Oscar: \u201c\u00c9 bonito ver essa felicidade\u201d - Portal do Estado","og_description":"Wagner Moura est\u00e1 vivendo uma fase decisiva na carreira. Ap\u00f3s o impacto de O Agente Secreto, o ator embarcou de vez na campanha internacional em busca de uma indica\u00e7\u00e3o ao Oscar de Melhor Ator. Entre viagens, eventos e encontros com membros da Academia, a agenda tem sido intensa \u2014 e quem acompanha tudo de perto \u2026","og_url":"https:\/\/portaldoestado.com.br\/index.php\/2025\/12\/06\/lazaro-ramos-comenta-rotina-puxada-de-wagner-moura-na-campanha-do-oscar-e-bonito-ver-essa-felicidade\/","og_site_name":"Portal do Estado","article_published_time":"2025-12-06T15:42:50+00:00","og_image":[{"width":1200,"height":900,"url":"https:\/\/portaldoestado.com.br\/wp-content\/uploads\/2025\/12\/pHqey9Xj-Design-sem-nome-33.jpg","type":"image\/jpeg"}],"author":"assessoriadefamosos","twitter_card":"summary_large_image","twitter_misc":{"Escrito por":"assessoriadefamosos","Est. tempo de leitura":"2 minutos"},"schema":{"@context":"https:\/\/schema.org","@graph":[{"@type":"Article","@id":"https:\/\/portaldoestado.com.br\/index.php\/2025\/12\/06\/lazaro-ramos-comenta-rotina-puxada-de-wagner-moura-na-campanha-do-oscar-e-bonito-ver-essa-felicidade\/#article","isPartOf":{"@id":"https:\/\/portaldoestado.com.br\/index.php\/2025\/12\/06\/lazaro-ramos-comenta-rotina-puxada-de-wagner-moura-na-campanha-do-oscar-e-bonito-ver-essa-felicidade\/"},"author":{"name":"assessoriadefamosos","@id":"https:\/\/portaldoestado.com.br\/#\/schema\/person\/5ca0174f3c8c84b59da62ea14b698cb9"},"headline":"L\u00e1zaro Ramos comenta rotina puxada de Wagner Moura na campanha do Oscar: \u201c\u00c9 bonito ver essa felicidade\u201d","datePublished":"2025-12-06T15:42:50+00:00","mainEntityOfPage":{"@id":"https:\/\/portaldoestado.com.br\/index.php\/2025\/12\/06\/lazaro-ramos-comenta-rotina-puxada-de-wagner-moura-na-campanha-do-oscar-e-bonito-ver-essa-felicidade\/"},"wordCount":345,"publisher":{"@id":"https:\/\/portaldoestado.com.br\/#organization"},"image":{"@id":"https:\/\/portaldoestado.com.br\/index.php\/2025\/12\/06\/lazaro-ramos-comenta-rotina-puxada-de-wagner-moura-na-campanha-do-oscar-e-bonito-ver-essa-felicidade\/#primaryimage"},"thumbnailUrl":"https:\/\/portaldoestado.com.br\/wp-content\/uploads\/2025\/12\/pHqey9Xj-Design-sem-nome-33.jpg","articleSection":["Famosos"],"inLanguage":"pt-BR"},{"@type":"WebPage","@id":"https:\/\/portaldoestado.com.br\/index.php\/2025\/12\/06\/lazaro-ramos-comenta-rotina-puxada-de-wagner-moura-na-campanha-do-oscar-e-bonito-ver-essa-felicidade\/","url":"https:\/\/portaldoestado.com.br\/index.php\/2025\/12\/06\/lazaro-ramos-comenta-rotina-puxada-de-wagner-moura-na-campanha-do-oscar-e-bonito-ver-essa-felicidade\/","name":"L\u00e1zaro Ramos comenta rotina puxada de Wagner Moura na campanha do Oscar: \u201c\u00c9 bonito ver essa felicidade\u201d - Portal do Estado","isPartOf":{"@id":"https:\/\/portaldoestado.com.br\/#website"},"primaryImageOfPage":{"@id":"https:\/\/portaldoestado.com.br\/index.php\/2025\/12\/06\/lazaro-ramos-comenta-rotina-puxada-de-wagner-moura-na-campanha-do-oscar-e-bonito-ver-essa-felicidade\/#primaryimage"},"image":{"@id":"https:\/\/portaldoestado.com.br\/index.php\/2025\/12\/06\/lazaro-ramos-comenta-rotina-puxada-de-wagner-moura-na-campanha-do-oscar-e-bonito-ver-essa-felicidade\/#primaryimage"},"thumbnailUrl":"https:\/\/portaldoestado.com.br\/wp-content\/uploads\/2025\/12\/pHqey9Xj-Design-sem-nome-33.jpg","datePublished":"2025-12-06T15:42:50+00:00","breadcrumb":{"@id":"https:\/\/portaldoestado.com.br\/index.php\/2025\/12\/06\/lazaro-ramos-comenta-rotina-puxada-de-wagner-moura-na-campanha-do-oscar-e-bonito-ver-essa-felicidade\/#breadcrumb"},"inLanguage":"pt-BR","potentialAction":[{"@type":"ReadAction","target":["https:\/\/portaldoestado.com.br\/index.php\/2025\/12\/06\/lazaro-ramos-comenta-rotina-puxada-de-wagner-moura-na-campanha-do-oscar-e-bonito-ver-essa-felicidade\/"]}]},{"@type":"ImageObject","inLanguage":"pt-BR","@id":"https:\/\/portaldoestado.com.br\/index.php\/2025\/12\/06\/lazaro-ramos-comenta-rotina-puxada-de-wagner-moura-na-campanha-do-oscar-e-bonito-ver-essa-felicidade\/#primaryimage","url":"https:\/\/portaldoestado.com.br\/wp-content\/uploads\/2025\/12\/pHqey9Xj-Design-sem-nome-33.jpg","contentUrl":"https:\/\/portaldoestado.com.br\/wp-content\/uploads\/2025\/12\/pHqey9Xj-Design-sem-nome-33.jpg","width":1200,"height":900},{"@type":"BreadcrumbList","@id":"https:\/\/portaldoestado.com.br\/index.php\/2025\/12\/06\/lazaro-ramos-comenta-rotina-puxada-de-wagner-moura-na-campanha-do-oscar-e-bonito-ver-essa-felicidade\/#breadcrumb","itemListElement":[{"@type":"ListItem","position":1,"name":"In\u00edcio","item":"https:\/\/portaldoestado.com.br\/"},{"@type":"ListItem","position":2,"name":"L\u00e1zaro Ramos comenta rotina puxada de Wagner Moura na campanha do Oscar: \u201c\u00c9 bonito ver essa felicidade\u201d"}]},{"@type":"WebSite","@id":"https:\/\/portaldoestado.com.br\/#website","url":"https:\/\/portaldoestado.com.br\/","name":"Portal do Estado","description":"","publisher":{"@id":"https:\/\/portaldoestado.com.br\/#organization"},"potentialAction":[{"@type":"SearchAction","target":{"@type":"EntryPoint","urlTemplate":"https:\/\/portaldoestado.com.br\/?s={search_term_string}"},"query-input":{"@type":"PropertyValueSpecification","valueRequired":true,"valueName":"search_term_string"}}],"inLanguage":"pt-BR"},{"@type":"Organization","@id":"https:\/\/portaldoestado.com.br\/#organization","name":"Portal do Estado","url":"https:\/\/portaldoestado.com.br\/","logo":{"@type":"ImageObject","inLanguage":"pt-BR","@id":"https:\/\/portaldoestado.com.br\/#\/schema\/logo\/image\/","url":"https:\/\/portaldoestado.com.br\/wp-content\/uploads\/2025\/04\/cropped-6f69b19a-6472-43bf-b1b3-e1910bbbd4e8.png","contentUrl":"https:\/\/portaldoestado.com.br\/wp-content\/uploads\/2025\/04\/cropped-6f69b19a-6472-43bf-b1b3-e1910bbbd4e8.png","width":1024,"height":350,"caption":"Portal do Estado"},"image":{"@id":"https:\/\/portaldoestado.com.br\/#\/schema\/logo\/image\/"}},{"@type":"Person","@id":"https:\/\/portaldoestado.com.br\/#\/schema\/person\/5ca0174f3c8c84b59da62ea14b698cb9","name":"assessoriadefamosos","image":{"@type":"ImageObject","inLanguage":"pt-BR","@id":"https:\/\/portaldoestado.com.br\/#\/schema\/person\/image\/","url":"https:\/\/secure.gravatar.com\/avatar\/a7acbdffcfbbae7240e59f47fe511ec5f5d8c252c779f0b8d9ab02a9e1d8c5ed?s=96&d=mm&r=g","contentUrl":"https:\/\/secure.gravatar.com\/avatar\/a7acbdffcfbbae7240e59f47fe511ec5f5d8c252c779f0b8d9ab02a9e1d8c5ed?s=96&d=mm&r=g","caption":"assessoriadefamosos"},"url":"https:\/\/portaldoestado.com.br\/index.php\/author\/assessoriadefamosos\/"}]}},"jetpack_featured_media_url":"https:\/\/portaldoestado.com.br\/wp-content\/uploads\/2025\/12\/pHqey9Xj-Design-sem-nome-33.jpg","_links":{"self":[{"href":"https:\/\/portaldoestado.com.br\/index.php\/wp-json\/wp\/v2\/posts\/5002","targetHints":{"allow":["GET"]}}],"collection":[{"href":"https:\/\/portaldoestado.com.br\/index.php\/wp-json\/wp\/v2\/posts"}],"about":[{"href":"https:\/\/portaldoestado.com.br\/index.php\/wp-json\/wp\/v2\/types\/post"}],"author":[{"embeddable":true,"href":"https:\/\/portaldoestado.com.br\/index.php\/wp-json\/wp\/v2\/users\/2"}],"replies":[{"embeddable":true,"href":"https:\/\/portaldoestado.com.br\/index.php\/wp-json\/wp\/v2\/comments?post=5002"}],"version-history":[{"count":1,"href":"https:\/\/portaldoestado.com.br\/index.php\/wp-json\/wp\/v2\/posts\/5002\/revisions"}],"predecessor-version":[{"id":5003,"href":"https:\/\/portaldoestado.com.br\/index.php\/wp-json\/wp\/v2\/posts\/5002\/revisions\/5003"}],"wp:featuredmedia":[{"embeddable":true,"href":"https:\/\/portaldoestado.com.br\/index.php\/wp-json\/wp\/v2\/media\/5001"}],"wp:attachment":[{"href":"https:\/\/portaldoestado.com.br\/index.php\/wp-json\/wp\/v2\/media?parent=5002"}],"wp:term":[{"taxonomy":"category","embeddable":true,"href":"https:\/\/portaldoestado.com.br\/index.php\/wp-json\/wp\/v2\/categories?post=5002"},{"taxonomy":"post_tag","embeddable":true,"href":"https:\/\/portaldoestado.com.br\/index.php\/wp-json\/wp\/v2\/tags?post=5002"}],"curies":[{"name":"wp","href":"https:\/\/api.w.org\/{rel}","templated":true}]}}