{"id":4999,"date":"2025-12-06T15:38:10","date_gmt":"2025-12-06T15:38:10","guid":{"rendered":"https:\/\/portaldoestado.com.br\/?p=4999"},"modified":"2025-12-06T15:38:10","modified_gmt":"2025-12-06T15:38:10","slug":"gravida-de-zuza-rafa-kalimann-emociona-ao-publicar-carta-aberta-para-a-filha-meu-coracao-virou-outro","status":"publish","type":"post","link":"https:\/\/portaldoestado.com.br\/index.php\/2025\/12\/06\/gravida-de-zuza-rafa-kalimann-emociona-ao-publicar-carta-aberta-para-a-filha-meu-coracao-virou-outro\/","title":{"rendered":"Gr\u00e1vida de Zuza, Rafa Kalimann emociona ao publicar carta aberta para a filha: \u201cMeu cora\u00e7\u00e3o virou outro\u201d"},"content":{"rendered":"\n<p>\u00c0 espera de sua primeira filha, Zuza \u2014 fruto do relacionamento com o cantor Nattan \u2014 Rafa Kalimann presenteou os seguidores com um momento \u00edntimo e cheio de sensibilidade nesta sexta-feira (5\/12). A atriz publicou um v\u00eddeo gravado na praia ao lado do parceiro, em clima leve e carinhoso, enquanto sua voz narrava uma carta escrita especialmente para a beb\u00ea, que deve chegar entre o fim de 2025 e o in\u00edcio de 2026.<\/p>\n\n\n\n<p>Logo no in\u00edcio, Rafa expressa a grandeza emocional que tem vivido durante a gesta\u00e7\u00e3o:\n\u201cOi, filha\u2026 hoje eu queria que voc\u00ea escutasse minha voz. Voc\u00ea \u00e9 o cap\u00edtulo mais doce que j\u00e1 entrou na minha vida, e a sua espera tem sido como um abra\u00e7o constante. Desde menina eu imaginava esse momento \u2014 o de gerar voc\u00ea, de sentir voc\u00ea crescer.\u201d<\/p>\n\n\n\n<p>Rafa contou que a maternidade tem provocado uma profunda transforma\u00e7\u00e3o interior, como se estivesse descobrindo uma nova identidade:\n\u201c\u00c9 uma vers\u00e3o nova que est\u00e1 nascendo aqui dentro. Algo que eu nunca tinha sentido antes. E agora falta t\u00e3o pouco para te ver.\u201d<\/p>\n\n\n\n<p>A atriz tamb\u00e9m descreveu o amor que ela e Nattan j\u00e1 dedicam a Zuza, mesmo antes da menina vir ao mundo:\n\u201c\u00c9 um amor que a gente ainda n\u00e3o sabe medir. Ele existe, ocupa tudo, protege, acolhe. \u00c9 intenso e cresce a cada dia.\u201d<\/p>\n\n\n\n<p>Em um trecho sincero e vulner\u00e1vel, Rafa compartilhou as inseguran\u00e7as t\u00edpicas dessa fase, revelando que nem tudo \u00e9 sempre leve:\n\u201cSeus pais falam muito sobre voc\u00ea, e \u00e0s vezes desabafam tamb\u00e9m\u2026 sobre o medo de errar, sobre as d\u00favidas, sobre n\u00e3o saber exatamente como tudo vai ser. Tem riso, tem choro, tem ansiedade. \u00c9 tudo novo e profundo.\u201d<\/p>\n\n\n\n<p>A influenciadora finalizou mencionando a prepara\u00e7\u00e3o emocional para a chegada da filha e o carinho por cada detalhe vivido na gesta\u00e7\u00e3o:\n\u201cTudo ao nosso redor est\u00e1 ganhando cheiro de come\u00e7o. Estamos renascendo com a sua chegada. Vou sentir falta dos seus chutinhos, de saber que voc\u00ea cresce aqui dentro todos os dias, de carregar dois cora\u00e7\u00f5es no mesmo corpo.\u201d<\/p>\n\n\n\n<p>Com a carta, Rafa refor\u00e7a o quanto a chegada de Zuza j\u00e1 transformou sua rotina, sua vis\u00e3o de mundo e seu cora\u00e7\u00e3o \u2014 antes mesmo de a pequena nascer.<\/p>\n","protected":false},"excerpt":{"rendered":"<p>\u00c0 espera de sua primeira filha, Zuza \u2014 fruto do relacionamento com o cantor Nattan \u2014 Rafa Kalimann presenteou os seguidores com um momento \u00edntimo e cheio de sensibilidade nesta sexta-feira (5\/12). A atriz publicou um v\u00eddeo gravado na praia ao lado do parceiro, em clima leve e carinhoso, enquanto sua voz narrava uma carta \u2026<\/p>\n","protected":false},"author":2,"featured_media":4998,"comment_status":"closed","ping_status":"open","sticky":false,"template":"","format":"standard","meta":{"footnotes":""},"categories":[3],"tags":[],"class_list":["post-4999","post","type-post","status-publish","format-standard","has-post-thumbnail","hentry","category-famosos"],"yoast_head":"<!-- This site is optimized with the Yoast SEO plugin v25.5 - https:\/\/yoast.com\/wordpress\/plugins\/seo\/ -->\n<title>Gr\u00e1vida de Zuza, Rafa Kalimann emociona ao publicar carta aberta para a filha: \u201cMeu cora\u00e7\u00e3o virou outro\u201d - Portal do Estado<\/title>\n<meta name=\"robots\" content=\"index, follow, max-snippet:-1, max-image-preview:large, max-video-preview:-1\" \/>\n<link rel=\"canonical\" href=\"https:\/\/portaldoestado.com.br\/index.php\/2025\/12\/06\/gravida-de-zuza-rafa-kalimann-emociona-ao-publicar-carta-aberta-para-a-filha-meu-coracao-virou-outro\/\" \/>\n<meta property=\"og:locale\" content=\"pt_BR\" \/>\n<meta property=\"og:type\" content=\"article\" \/>\n<meta property=\"og:title\" content=\"Gr\u00e1vida de Zuza, Rafa Kalimann emociona ao publicar carta aberta para a filha: \u201cMeu cora\u00e7\u00e3o virou outro\u201d - Portal do Estado\" \/>\n<meta property=\"og:description\" content=\"\u00c0 espera de sua primeira filha, Zuza \u2014 fruto do relacionamento com o cantor Nattan \u2014 Rafa Kalimann presenteou os seguidores com um momento \u00edntimo e cheio de sensibilidade nesta sexta-feira (5\/12). A atriz publicou um v\u00eddeo gravado na praia ao lado do parceiro, em clima leve e carinhoso, enquanto sua voz narrava uma carta \u2026\" \/>\n<meta property=\"og:url\" content=\"https:\/\/portaldoestado.com.br\/index.php\/2025\/12\/06\/gravida-de-zuza-rafa-kalimann-emociona-ao-publicar-carta-aberta-para-a-filha-meu-coracao-virou-outro\/\" \/>\n<meta property=\"og:site_name\" content=\"Portal do Estado\" \/>\n<meta property=\"article:published_time\" content=\"2025-12-06T15:38:10+00:00\" \/>\n<meta property=\"og:image\" content=\"https:\/\/portaldoestado.com.br\/wp-content\/uploads\/2025\/12\/b1roazJ1-Design-sem-nome-32.jpg\" \/>\n\t<meta property=\"og:image:width\" content=\"1200\" \/>\n\t<meta property=\"og:image:height\" content=\"900\" \/>\n\t<meta property=\"og:image:type\" content=\"image\/jpeg\" \/>\n<meta name=\"author\" content=\"assessoriadefamosos\" \/>\n<meta name=\"twitter:card\" content=\"summary_large_image\" \/>\n<meta name=\"twitter:label1\" content=\"Escrito por\" \/>\n\t<meta name=\"twitter:data1\" content=\"assessoriadefamosos\" \/>\n\t<meta name=\"twitter:label2\" content=\"Est. tempo de leitura\" \/>\n\t<meta name=\"twitter:data2\" content=\"2 minutos\" \/>\n<script type=\"application\/ld+json\" class=\"yoast-schema-graph\">{\"@context\":\"https:\/\/schema.org\",\"@graph\":[{\"@type\":\"Article\",\"@id\":\"https:\/\/portaldoestado.com.br\/index.php\/2025\/12\/06\/gravida-de-zuza-rafa-kalimann-emociona-ao-publicar-carta-aberta-para-a-filha-meu-coracao-virou-outro\/#article\",\"isPartOf\":{\"@id\":\"https:\/\/portaldoestado.com.br\/index.php\/2025\/12\/06\/gravida-de-zuza-rafa-kalimann-emociona-ao-publicar-carta-aberta-para-a-filha-meu-coracao-virou-outro\/\"},\"author\":{\"name\":\"assessoriadefamosos\",\"@id\":\"https:\/\/portaldoestado.com.br\/#\/schema\/person\/5ca0174f3c8c84b59da62ea14b698cb9\"},\"headline\":\"Gr\u00e1vida de Zuza, Rafa Kalimann emociona ao publicar carta aberta para a filha: \u201cMeu cora\u00e7\u00e3o virou outro\u201d\",\"datePublished\":\"2025-12-06T15:38:10+00:00\",\"mainEntityOfPage\":{\"@id\":\"https:\/\/portaldoestado.com.br\/index.php\/2025\/12\/06\/gravida-de-zuza-rafa-kalimann-emociona-ao-publicar-carta-aberta-para-a-filha-meu-coracao-virou-outro\/\"},\"wordCount\":395,\"publisher\":{\"@id\":\"https:\/\/portaldoestado.com.br\/#organization\"},\"image\":{\"@id\":\"https:\/\/portaldoestado.com.br\/index.php\/2025\/12\/06\/gravida-de-zuza-rafa-kalimann-emociona-ao-publicar-carta-aberta-para-a-filha-meu-coracao-virou-outro\/#primaryimage\"},\"thumbnailUrl\":\"https:\/\/portaldoestado.com.br\/wp-content\/uploads\/2025\/12\/b1roazJ1-Design-sem-nome-32.jpg\",\"articleSection\":[\"Famosos\"],\"inLanguage\":\"pt-BR\"},{\"@type\":\"WebPage\",\"@id\":\"https:\/\/portaldoestado.com.br\/index.php\/2025\/12\/06\/gravida-de-zuza-rafa-kalimann-emociona-ao-publicar-carta-aberta-para-a-filha-meu-coracao-virou-outro\/\",\"url\":\"https:\/\/portaldoestado.com.br\/index.php\/2025\/12\/06\/gravida-de-zuza-rafa-kalimann-emociona-ao-publicar-carta-aberta-para-a-filha-meu-coracao-virou-outro\/\",\"name\":\"Gr\u00e1vida de Zuza, Rafa Kalimann emociona ao publicar carta aberta para a filha: \u201cMeu cora\u00e7\u00e3o virou outro\u201d - Portal do Estado\",\"isPartOf\":{\"@id\":\"https:\/\/portaldoestado.com.br\/#website\"},\"primaryImageOfPage\":{\"@id\":\"https:\/\/portaldoestado.com.br\/index.php\/2025\/12\/06\/gravida-de-zuza-rafa-kalimann-emociona-ao-publicar-carta-aberta-para-a-filha-meu-coracao-virou-outro\/#primaryimage\"},\"image\":{\"@id\":\"https:\/\/portaldoestado.com.br\/index.php\/2025\/12\/06\/gravida-de-zuza-rafa-kalimann-emociona-ao-publicar-carta-aberta-para-a-filha-meu-coracao-virou-outro\/#primaryimage\"},\"thumbnailUrl\":\"https:\/\/portaldoestado.com.br\/wp-content\/uploads\/2025\/12\/b1roazJ1-Design-sem-nome-32.jpg\",\"datePublished\":\"2025-12-06T15:38:10+00:00\",\"breadcrumb\":{\"@id\":\"https:\/\/portaldoestado.com.br\/index.php\/2025\/12\/06\/gravida-de-zuza-rafa-kalimann-emociona-ao-publicar-carta-aberta-para-a-filha-meu-coracao-virou-outro\/#breadcrumb\"},\"inLanguage\":\"pt-BR\",\"potentialAction\":[{\"@type\":\"ReadAction\",\"target\":[\"https:\/\/portaldoestado.com.br\/index.php\/2025\/12\/06\/gravida-de-zuza-rafa-kalimann-emociona-ao-publicar-carta-aberta-para-a-filha-meu-coracao-virou-outro\/\"]}]},{\"@type\":\"ImageObject\",\"inLanguage\":\"pt-BR\",\"@id\":\"https:\/\/portaldoestado.com.br\/index.php\/2025\/12\/06\/gravida-de-zuza-rafa-kalimann-emociona-ao-publicar-carta-aberta-para-a-filha-meu-coracao-virou-outro\/#primaryimage\",\"url\":\"https:\/\/portaldoestado.com.br\/wp-content\/uploads\/2025\/12\/b1roazJ1-Design-sem-nome-32.jpg\",\"contentUrl\":\"https:\/\/portaldoestado.com.br\/wp-content\/uploads\/2025\/12\/b1roazJ1-Design-sem-nome-32.jpg\",\"width\":1200,\"height\":900},{\"@type\":\"BreadcrumbList\",\"@id\":\"https:\/\/portaldoestado.com.br\/index.php\/2025\/12\/06\/gravida-de-zuza-rafa-kalimann-emociona-ao-publicar-carta-aberta-para-a-filha-meu-coracao-virou-outro\/#breadcrumb\",\"itemListElement\":[{\"@type\":\"ListItem\",\"position\":1,\"name\":\"In\u00edcio\",\"item\":\"https:\/\/portaldoestado.com.br\/\"},{\"@type\":\"ListItem\",\"position\":2,\"name\":\"Gr\u00e1vida de Zuza, Rafa Kalimann emociona ao publicar carta aberta para a filha: \u201cMeu cora\u00e7\u00e3o virou outro\u201d\"}]},{\"@type\":\"WebSite\",\"@id\":\"https:\/\/portaldoestado.com.br\/#website\",\"url\":\"https:\/\/portaldoestado.com.br\/\",\"name\":\"Portal do Estado\",\"description\":\"\",\"publisher\":{\"@id\":\"https:\/\/portaldoestado.com.br\/#organization\"},\"potentialAction\":[{\"@type\":\"SearchAction\",\"target\":{\"@type\":\"EntryPoint\",\"urlTemplate\":\"https:\/\/portaldoestado.com.br\/?s={search_term_string}\"},\"query-input\":{\"@type\":\"PropertyValueSpecification\",\"valueRequired\":true,\"valueName\":\"search_term_string\"}}],\"inLanguage\":\"pt-BR\"},{\"@type\":\"Organization\",\"@id\":\"https:\/\/portaldoestado.com.br\/#organization\",\"name\":\"Portal do Estado\",\"url\":\"https:\/\/portaldoestado.com.br\/\",\"logo\":{\"@type\":\"ImageObject\",\"inLanguage\":\"pt-BR\",\"@id\":\"https:\/\/portaldoestado.com.br\/#\/schema\/logo\/image\/\",\"url\":\"https:\/\/portaldoestado.com.br\/wp-content\/uploads\/2025\/04\/cropped-6f69b19a-6472-43bf-b1b3-e1910bbbd4e8.png\",\"contentUrl\":\"https:\/\/portaldoestado.com.br\/wp-content\/uploads\/2025\/04\/cropped-6f69b19a-6472-43bf-b1b3-e1910bbbd4e8.png\",\"width\":1024,\"height\":350,\"caption\":\"Portal do Estado\"},\"image\":{\"@id\":\"https:\/\/portaldoestado.com.br\/#\/schema\/logo\/image\/\"}},{\"@type\":\"Person\",\"@id\":\"https:\/\/portaldoestado.com.br\/#\/schema\/person\/5ca0174f3c8c84b59da62ea14b698cb9\",\"name\":\"assessoriadefamosos\",\"image\":{\"@type\":\"ImageObject\",\"inLanguage\":\"pt-BR\",\"@id\":\"https:\/\/portaldoestado.com.br\/#\/schema\/person\/image\/\",\"url\":\"https:\/\/secure.gravatar.com\/avatar\/a7acbdffcfbbae7240e59f47fe511ec5f5d8c252c779f0b8d9ab02a9e1d8c5ed?s=96&d=mm&r=g\",\"contentUrl\":\"https:\/\/secure.gravatar.com\/avatar\/a7acbdffcfbbae7240e59f47fe511ec5f5d8c252c779f0b8d9ab02a9e1d8c5ed?s=96&d=mm&r=g\",\"caption\":\"assessoriadefamosos\"},\"url\":\"https:\/\/portaldoestado.com.br\/index.php\/author\/assessoriadefamosos\/\"}]}<\/script>\n<!-- \/ Yoast SEO plugin. -->","yoast_head_json":{"title":"Gr\u00e1vida de Zuza, Rafa Kalimann emociona ao publicar carta aberta para a filha: \u201cMeu cora\u00e7\u00e3o virou outro\u201d - Portal do Estado","robots":{"index":"index","follow":"follow","max-snippet":"max-snippet:-1","max-image-preview":"max-image-preview:large","max-video-preview":"max-video-preview:-1"},"canonical":"https:\/\/portaldoestado.com.br\/index.php\/2025\/12\/06\/gravida-de-zuza-rafa-kalimann-emociona-ao-publicar-carta-aberta-para-a-filha-meu-coracao-virou-outro\/","og_locale":"pt_BR","og_type":"article","og_title":"Gr\u00e1vida de Zuza, Rafa Kalimann emociona ao publicar carta aberta para a filha: \u201cMeu cora\u00e7\u00e3o virou outro\u201d - Portal do Estado","og_description":"\u00c0 espera de sua primeira filha, Zuza \u2014 fruto do relacionamento com o cantor Nattan \u2014 Rafa Kalimann presenteou os seguidores com um momento \u00edntimo e cheio de sensibilidade nesta sexta-feira (5\/12). A atriz publicou um v\u00eddeo gravado na praia ao lado do parceiro, em clima leve e carinhoso, enquanto sua voz narrava uma carta \u2026","og_url":"https:\/\/portaldoestado.com.br\/index.php\/2025\/12\/06\/gravida-de-zuza-rafa-kalimann-emociona-ao-publicar-carta-aberta-para-a-filha-meu-coracao-virou-outro\/","og_site_name":"Portal do Estado","article_published_time":"2025-12-06T15:38:10+00:00","og_image":[{"width":1200,"height":900,"url":"https:\/\/portaldoestado.com.br\/wp-content\/uploads\/2025\/12\/b1roazJ1-Design-sem-nome-32.jpg","type":"image\/jpeg"}],"author":"assessoriadefamosos","twitter_card":"summary_large_image","twitter_misc":{"Escrito por":"assessoriadefamosos","Est. tempo de leitura":"2 minutos"},"schema":{"@context":"https:\/\/schema.org","@graph":[{"@type":"Article","@id":"https:\/\/portaldoestado.com.br\/index.php\/2025\/12\/06\/gravida-de-zuza-rafa-kalimann-emociona-ao-publicar-carta-aberta-para-a-filha-meu-coracao-virou-outro\/#article","isPartOf":{"@id":"https:\/\/portaldoestado.com.br\/index.php\/2025\/12\/06\/gravida-de-zuza-rafa-kalimann-emociona-ao-publicar-carta-aberta-para-a-filha-meu-coracao-virou-outro\/"},"author":{"name":"assessoriadefamosos","@id":"https:\/\/portaldoestado.com.br\/#\/schema\/person\/5ca0174f3c8c84b59da62ea14b698cb9"},"headline":"Gr\u00e1vida de Zuza, Rafa Kalimann emociona ao publicar carta aberta para a filha: \u201cMeu cora\u00e7\u00e3o virou outro\u201d","datePublished":"2025-12-06T15:38:10+00:00","mainEntityOfPage":{"@id":"https:\/\/portaldoestado.com.br\/index.php\/2025\/12\/06\/gravida-de-zuza-rafa-kalimann-emociona-ao-publicar-carta-aberta-para-a-filha-meu-coracao-virou-outro\/"},"wordCount":395,"publisher":{"@id":"https:\/\/portaldoestado.com.br\/#organization"},"image":{"@id":"https:\/\/portaldoestado.com.br\/index.php\/2025\/12\/06\/gravida-de-zuza-rafa-kalimann-emociona-ao-publicar-carta-aberta-para-a-filha-meu-coracao-virou-outro\/#primaryimage"},"thumbnailUrl":"https:\/\/portaldoestado.com.br\/wp-content\/uploads\/2025\/12\/b1roazJ1-Design-sem-nome-32.jpg","articleSection":["Famosos"],"inLanguage":"pt-BR"},{"@type":"WebPage","@id":"https:\/\/portaldoestado.com.br\/index.php\/2025\/12\/06\/gravida-de-zuza-rafa-kalimann-emociona-ao-publicar-carta-aberta-para-a-filha-meu-coracao-virou-outro\/","url":"https:\/\/portaldoestado.com.br\/index.php\/2025\/12\/06\/gravida-de-zuza-rafa-kalimann-emociona-ao-publicar-carta-aberta-para-a-filha-meu-coracao-virou-outro\/","name":"Gr\u00e1vida de Zuza, Rafa Kalimann emociona ao publicar carta aberta para a filha: \u201cMeu cora\u00e7\u00e3o virou outro\u201d - Portal do Estado","isPartOf":{"@id":"https:\/\/portaldoestado.com.br\/#website"},"primaryImageOfPage":{"@id":"https:\/\/portaldoestado.com.br\/index.php\/2025\/12\/06\/gravida-de-zuza-rafa-kalimann-emociona-ao-publicar-carta-aberta-para-a-filha-meu-coracao-virou-outro\/#primaryimage"},"image":{"@id":"https:\/\/portaldoestado.com.br\/index.php\/2025\/12\/06\/gravida-de-zuza-rafa-kalimann-emociona-ao-publicar-carta-aberta-para-a-filha-meu-coracao-virou-outro\/#primaryimage"},"thumbnailUrl":"https:\/\/portaldoestado.com.br\/wp-content\/uploads\/2025\/12\/b1roazJ1-Design-sem-nome-32.jpg","datePublished":"2025-12-06T15:38:10+00:00","breadcrumb":{"@id":"https:\/\/portaldoestado.com.br\/index.php\/2025\/12\/06\/gravida-de-zuza-rafa-kalimann-emociona-ao-publicar-carta-aberta-para-a-filha-meu-coracao-virou-outro\/#breadcrumb"},"inLanguage":"pt-BR","potentialAction":[{"@type":"ReadAction","target":["https:\/\/portaldoestado.com.br\/index.php\/2025\/12\/06\/gravida-de-zuza-rafa-kalimann-emociona-ao-publicar-carta-aberta-para-a-filha-meu-coracao-virou-outro\/"]}]},{"@type":"ImageObject","inLanguage":"pt-BR","@id":"https:\/\/portaldoestado.com.br\/index.php\/2025\/12\/06\/gravida-de-zuza-rafa-kalimann-emociona-ao-publicar-carta-aberta-para-a-filha-meu-coracao-virou-outro\/#primaryimage","url":"https:\/\/portaldoestado.com.br\/wp-content\/uploads\/2025\/12\/b1roazJ1-Design-sem-nome-32.jpg","contentUrl":"https:\/\/portaldoestado.com.br\/wp-content\/uploads\/2025\/12\/b1roazJ1-Design-sem-nome-32.jpg","width":1200,"height":900},{"@type":"BreadcrumbList","@id":"https:\/\/portaldoestado.com.br\/index.php\/2025\/12\/06\/gravida-de-zuza-rafa-kalimann-emociona-ao-publicar-carta-aberta-para-a-filha-meu-coracao-virou-outro\/#breadcrumb","itemListElement":[{"@type":"ListItem","position":1,"name":"In\u00edcio","item":"https:\/\/portaldoestado.com.br\/"},{"@type":"ListItem","position":2,"name":"Gr\u00e1vida de Zuza, Rafa Kalimann emociona ao publicar carta aberta para a filha: \u201cMeu cora\u00e7\u00e3o virou outro\u201d"}]},{"@type":"WebSite","@id":"https:\/\/portaldoestado.com.br\/#website","url":"https:\/\/portaldoestado.com.br\/","name":"Portal do Estado","description":"","publisher":{"@id":"https:\/\/portaldoestado.com.br\/#organization"},"potentialAction":[{"@type":"SearchAction","target":{"@type":"EntryPoint","urlTemplate":"https:\/\/portaldoestado.com.br\/?s={search_term_string}"},"query-input":{"@type":"PropertyValueSpecification","valueRequired":true,"valueName":"search_term_string"}}],"inLanguage":"pt-BR"},{"@type":"Organization","@id":"https:\/\/portaldoestado.com.br\/#organization","name":"Portal do Estado","url":"https:\/\/portaldoestado.com.br\/","logo":{"@type":"ImageObject","inLanguage":"pt-BR","@id":"https:\/\/portaldoestado.com.br\/#\/schema\/logo\/image\/","url":"https:\/\/portaldoestado.com.br\/wp-content\/uploads\/2025\/04\/cropped-6f69b19a-6472-43bf-b1b3-e1910bbbd4e8.png","contentUrl":"https:\/\/portaldoestado.com.br\/wp-content\/uploads\/2025\/04\/cropped-6f69b19a-6472-43bf-b1b3-e1910bbbd4e8.png","width":1024,"height":350,"caption":"Portal do Estado"},"image":{"@id":"https:\/\/portaldoestado.com.br\/#\/schema\/logo\/image\/"}},{"@type":"Person","@id":"https:\/\/portaldoestado.com.br\/#\/schema\/person\/5ca0174f3c8c84b59da62ea14b698cb9","name":"assessoriadefamosos","image":{"@type":"ImageObject","inLanguage":"pt-BR","@id":"https:\/\/portaldoestado.com.br\/#\/schema\/person\/image\/","url":"https:\/\/secure.gravatar.com\/avatar\/a7acbdffcfbbae7240e59f47fe511ec5f5d8c252c779f0b8d9ab02a9e1d8c5ed?s=96&d=mm&r=g","contentUrl":"https:\/\/secure.gravatar.com\/avatar\/a7acbdffcfbbae7240e59f47fe511ec5f5d8c252c779f0b8d9ab02a9e1d8c5ed?s=96&d=mm&r=g","caption":"assessoriadefamosos"},"url":"https:\/\/portaldoestado.com.br\/index.php\/author\/assessoriadefamosos\/"}]}},"jetpack_featured_media_url":"https:\/\/portaldoestado.com.br\/wp-content\/uploads\/2025\/12\/b1roazJ1-Design-sem-nome-32.jpg","_links":{"self":[{"href":"https:\/\/portaldoestado.com.br\/index.php\/wp-json\/wp\/v2\/posts\/4999","targetHints":{"allow":["GET"]}}],"collection":[{"href":"https:\/\/portaldoestado.com.br\/index.php\/wp-json\/wp\/v2\/posts"}],"about":[{"href":"https:\/\/portaldoestado.com.br\/index.php\/wp-json\/wp\/v2\/types\/post"}],"author":[{"embeddable":true,"href":"https:\/\/portaldoestado.com.br\/index.php\/wp-json\/wp\/v2\/users\/2"}],"replies":[{"embeddable":true,"href":"https:\/\/portaldoestado.com.br\/index.php\/wp-json\/wp\/v2\/comments?post=4999"}],"version-history":[{"count":1,"href":"https:\/\/portaldoestado.com.br\/index.php\/wp-json\/wp\/v2\/posts\/4999\/revisions"}],"predecessor-version":[{"id":5000,"href":"https:\/\/portaldoestado.com.br\/index.php\/wp-json\/wp\/v2\/posts\/4999\/revisions\/5000"}],"wp:featuredmedia":[{"embeddable":true,"href":"https:\/\/portaldoestado.com.br\/index.php\/wp-json\/wp\/v2\/media\/4998"}],"wp:attachment":[{"href":"https:\/\/portaldoestado.com.br\/index.php\/wp-json\/wp\/v2\/media?parent=4999"}],"wp:term":[{"taxonomy":"category","embeddable":true,"href":"https:\/\/portaldoestado.com.br\/index.php\/wp-json\/wp\/v2\/categories?post=4999"},{"taxonomy":"post_tag","embeddable":true,"href":"https:\/\/portaldoestado.com.br\/index.php\/wp-json\/wp\/v2\/tags?post=4999"}],"curies":[{"name":"wp","href":"https:\/\/api.w.org\/{rel}","templated":true}]}}