{"id":4996,"date":"2025-12-06T15:33:14","date_gmt":"2025-12-06T15:33:14","guid":{"rendered":"https:\/\/portaldoestado.com.br\/?p=4996"},"modified":"2025-12-06T15:33:14","modified_gmt":"2025-12-06T15:33:14","slug":"noite-animada-no-rio-aniversario-do-irmao-de-vini-jr-reune-famosos-pagode-e-chegada-especial-de-virginia-fonseca","status":"publish","type":"post","link":"https:\/\/portaldoestado.com.br\/index.php\/2025\/12\/06\/noite-animada-no-rio-aniversario-do-irmao-de-vini-jr-reune-famosos-pagode-e-chegada-especial-de-virginia-fonseca\/","title":{"rendered":"Noite animada no Rio: anivers\u00e1rio do irm\u00e3o de Vini Jr. re\u00fane famosos, pagode e chegada especial de Virginia Fonseca"},"content":{"rendered":"\n<p>A casa de Vini Jr., na Zona Oeste do Rio, virou ponto de encontro de influenciadores e familiares na noite desta sexta-feira (5\/12), quando Netinho, irm\u00e3o do jogador, celebrou mais um ano de vida. A movimenta\u00e7\u00e3o intensa na entrada do condom\u00ednio j\u00e1 anunciava que a comemora\u00e7\u00e3o seria daquelas que atravessam a madrugada.<\/p>\n\n\n\n<p>V\u00eddeos enviados ao portal mostravam um fluxo constante de carros e convidados chegando, refor\u00e7ando o clima de farra. Entre os presentes, uma das mais aguardadas era <strong>Virginia Fonseca<\/strong>, que viajou sozinha at\u00e9 o Rio exclusivamente para prestigiar o cunhado. A influenciadora, que havia retornado recentemente para Goi\u00e2nia ap\u00f3s uma temporada com a fam\u00edlia do namorado, fez quest\u00e3o de marcar presen\u00e7a na celebra\u00e7\u00e3o \u2014 e causou alvoro\u00e7o com o presente escolhido.<\/p>\n\n\n\n<p>Virginia chegou carregando um <strong>chocotone de tamanho impressionante<\/strong>, totalmente personalizado e avaliado em mais de R$ 5 mil, que j\u00e1 havia viralizado horas antes da festa por causa do aspecto luxuoso e inusitado.<\/p>\n\n\n<!-- wp:heading \"level\":3 -->\n<h3 class=\"wp-block-heading\">Pagode ao vivo embala a comemora\u00e7\u00e3o<\/h3>\n<!-- \/wp:post-content -->\n\n<!-- wp:paragraph -->\n<p>J\u00e1 na madrugada deste s\u00e1bado (6\/12), Virginia mostrou em seus stories um pouco da atmosfera da festa. Ao lado de amigas como <strong>Tain\u00e1 Milit\u00e3o<\/strong>, ela surgiu sorridente enquanto curtia o show de pagode ao vivo contratado para animar o evento. O clima era descontra\u00eddo, com os convidados cantando juntos e celebrando cada momento.<\/p>\n<!-- \/wp:paragraph -->\n\n<!-- wp:paragraph -->\n<p>O \u00e1pice da noite veio com o \u201cparab\u00e9ns\u201d dedicado a Netinho. Cercado pelos presentes, o aniversariante recebeu abra\u00e7os, manifesta\u00e7\u00f5es de carinho e um coro animado que tomou conta do sal\u00e3o.<\/p>\n<!-- \/wp:paragraph -->\n\n<!-- wp:heading \"level\":3 -->\n<h3 class=\"wp-block-heading\">Homenagem de Vini Jr. mesmo longe<\/h3>\n<!-- \/wp:heading -->\n\n<!-- wp:paragraph -->\n<p>Devido a compromissos com o Real Madrid, Vini Jr. n\u00e3o conseguiu comparecer \u00e0 festa, mas deixou registrada uma mensagem carinhosa para o irm\u00e3o nas redes sociais, desejando sa\u00fade, paz e refor\u00e7ando o v\u00ednculo entre eles.<\/p>\n<!-- \/wp:paragraph -->\n\n<!-- wp:heading \"level\":3 -->\n<h3 class=\"wp-block-heading\">Celebra\u00e7\u00e3o marcada por energia e muita gente<\/h3>\n<!-- \/wp:heading -->\n\n<!-- wp:paragraph -->\n<p>Enquanto dentro da mans\u00e3o a m\u00fasica dominava o ambiente, do lado de fora o entra e sai de convidados seguia intenso. A fam\u00edlia do jogador, conhecida por promover festas cheias e animadas, mais uma vez reuniu uma multid\u00e3o para comemorar uma data especial.<\/p>\n<!-- \/wp:paragraph -->\n\n<!-- wp:paragraph -->\n<p>Virginia, completamente integrada ao c\u00edrculo familiar, aproveitou a noite com espontaneidade e participou de todos os momentos importantes, refor\u00e7ando o clima acolhedor e festivo que marcou o anivers\u00e1rio de Netinho.<\/p>\n<!-- \/wp:paragraph -->","protected":false},"excerpt":{"rendered":"<p>A casa de Vini Jr., na Zona Oeste do Rio, virou ponto de encontro de influenciadores e familiares na noite desta sexta-feira (5\/12), quando Netinho, irm\u00e3o do jogador, celebrou mais um ano de vida. A movimenta\u00e7\u00e3o intensa na entrada do condom\u00ednio j\u00e1 anunciava que a comemora\u00e7\u00e3o seria daquelas que atravessam a madrugada. V\u00eddeos enviados ao \u2026<\/p>\n","protected":false},"author":2,"featured_media":4995,"comment_status":"closed","ping_status":"open","sticky":false,"template":"","format":"standard","meta":{"footnotes":""},"categories":[3],"tags":[],"class_list":["post-4996","post","type-post","status-publish","format-standard","has-post-thumbnail","hentry","category-famosos"],"yoast_head":"<!-- This site is optimized with the Yoast SEO plugin v25.5 - https:\/\/yoast.com\/wordpress\/plugins\/seo\/ -->\n<title>Noite animada no Rio: anivers\u00e1rio do irm\u00e3o de Vini Jr. re\u00fane famosos, pagode e chegada especial de Virginia Fonseca - Portal do Estado<\/title>\n<meta name=\"robots\" content=\"index, follow, max-snippet:-1, max-image-preview:large, max-video-preview:-1\" \/>\n<link rel=\"canonical\" href=\"https:\/\/portaldoestado.com.br\/index.php\/2025\/12\/06\/noite-animada-no-rio-aniversario-do-irmao-de-vini-jr-reune-famosos-pagode-e-chegada-especial-de-virginia-fonseca\/\" \/>\n<meta property=\"og:locale\" content=\"pt_BR\" \/>\n<meta property=\"og:type\" content=\"article\" \/>\n<meta property=\"og:title\" content=\"Noite animada no Rio: anivers\u00e1rio do irm\u00e3o de Vini Jr. re\u00fane famosos, pagode e chegada especial de Virginia Fonseca - Portal do Estado\" \/>\n<meta property=\"og:description\" content=\"A casa de Vini Jr., na Zona Oeste do Rio, virou ponto de encontro de influenciadores e familiares na noite desta sexta-feira (5\/12), quando Netinho, irm\u00e3o do jogador, celebrou mais um ano de vida. A movimenta\u00e7\u00e3o intensa na entrada do condom\u00ednio j\u00e1 anunciava que a comemora\u00e7\u00e3o seria daquelas que atravessam a madrugada. V\u00eddeos enviados ao \u2026\" \/>\n<meta property=\"og:url\" content=\"https:\/\/portaldoestado.com.br\/index.php\/2025\/12\/06\/noite-animada-no-rio-aniversario-do-irmao-de-vini-jr-reune-famosos-pagode-e-chegada-especial-de-virginia-fonseca\/\" \/>\n<meta property=\"og:site_name\" content=\"Portal do Estado\" \/>\n<meta property=\"article:published_time\" content=\"2025-12-06T15:33:14+00:00\" \/>\n<meta property=\"og:image\" content=\"https:\/\/portaldoestado.com.br\/wp-content\/uploads\/2025\/12\/zC2oaXLW-Design-sem-nome-30.jpg\" \/>\n\t<meta property=\"og:image:width\" content=\"1200\" \/>\n\t<meta property=\"og:image:height\" content=\"900\" \/>\n\t<meta property=\"og:image:type\" content=\"image\/jpeg\" \/>\n<meta name=\"author\" content=\"assessoriadefamosos\" \/>\n<meta name=\"twitter:card\" content=\"summary_large_image\" \/>\n<meta name=\"twitter:label1\" content=\"Escrito por\" \/>\n\t<meta name=\"twitter:data1\" content=\"assessoriadefamosos\" \/>\n\t<meta name=\"twitter:label2\" content=\"Est. tempo de leitura\" \/>\n\t<meta name=\"twitter:data2\" content=\"2 minutos\" \/>\n<script type=\"application\/ld+json\" class=\"yoast-schema-graph\">{\"@context\":\"https:\/\/schema.org\",\"@graph\":[{\"@type\":\"Article\",\"@id\":\"https:\/\/portaldoestado.com.br\/index.php\/2025\/12\/06\/noite-animada-no-rio-aniversario-do-irmao-de-vini-jr-reune-famosos-pagode-e-chegada-especial-de-virginia-fonseca\/#article\",\"isPartOf\":{\"@id\":\"https:\/\/portaldoestado.com.br\/index.php\/2025\/12\/06\/noite-animada-no-rio-aniversario-do-irmao-de-vini-jr-reune-famosos-pagode-e-chegada-especial-de-virginia-fonseca\/\"},\"author\":{\"name\":\"assessoriadefamosos\",\"@id\":\"https:\/\/portaldoestado.com.br\/#\/schema\/person\/5ca0174f3c8c84b59da62ea14b698cb9\"},\"headline\":\"Noite animada no Rio: anivers\u00e1rio do irm\u00e3o de Vini Jr. re\u00fane famosos, pagode e chegada especial de Virginia Fonseca\",\"datePublished\":\"2025-12-06T15:33:14+00:00\",\"mainEntityOfPage\":{\"@id\":\"https:\/\/portaldoestado.com.br\/index.php\/2025\/12\/06\/noite-animada-no-rio-aniversario-do-irmao-de-vini-jr-reune-famosos-pagode-e-chegada-especial-de-virginia-fonseca\/\"},\"wordCount\":416,\"publisher\":{\"@id\":\"https:\/\/portaldoestado.com.br\/#organization\"},\"image\":{\"@id\":\"https:\/\/portaldoestado.com.br\/index.php\/2025\/12\/06\/noite-animada-no-rio-aniversario-do-irmao-de-vini-jr-reune-famosos-pagode-e-chegada-especial-de-virginia-fonseca\/#primaryimage\"},\"thumbnailUrl\":\"https:\/\/portaldoestado.com.br\/wp-content\/uploads\/2025\/12\/zC2oaXLW-Design-sem-nome-30.jpg\",\"articleSection\":[\"Famosos\"],\"inLanguage\":\"pt-BR\"},{\"@type\":\"WebPage\",\"@id\":\"https:\/\/portaldoestado.com.br\/index.php\/2025\/12\/06\/noite-animada-no-rio-aniversario-do-irmao-de-vini-jr-reune-famosos-pagode-e-chegada-especial-de-virginia-fonseca\/\",\"url\":\"https:\/\/portaldoestado.com.br\/index.php\/2025\/12\/06\/noite-animada-no-rio-aniversario-do-irmao-de-vini-jr-reune-famosos-pagode-e-chegada-especial-de-virginia-fonseca\/\",\"name\":\"Noite animada no Rio: anivers\u00e1rio do irm\u00e3o de Vini Jr. re\u00fane famosos, pagode e chegada especial de Virginia Fonseca - Portal do Estado\",\"isPartOf\":{\"@id\":\"https:\/\/portaldoestado.com.br\/#website\"},\"primaryImageOfPage\":{\"@id\":\"https:\/\/portaldoestado.com.br\/index.php\/2025\/12\/06\/noite-animada-no-rio-aniversario-do-irmao-de-vini-jr-reune-famosos-pagode-e-chegada-especial-de-virginia-fonseca\/#primaryimage\"},\"image\":{\"@id\":\"https:\/\/portaldoestado.com.br\/index.php\/2025\/12\/06\/noite-animada-no-rio-aniversario-do-irmao-de-vini-jr-reune-famosos-pagode-e-chegada-especial-de-virginia-fonseca\/#primaryimage\"},\"thumbnailUrl\":\"https:\/\/portaldoestado.com.br\/wp-content\/uploads\/2025\/12\/zC2oaXLW-Design-sem-nome-30.jpg\",\"datePublished\":\"2025-12-06T15:33:14+00:00\",\"breadcrumb\":{\"@id\":\"https:\/\/portaldoestado.com.br\/index.php\/2025\/12\/06\/noite-animada-no-rio-aniversario-do-irmao-de-vini-jr-reune-famosos-pagode-e-chegada-especial-de-virginia-fonseca\/#breadcrumb\"},\"inLanguage\":\"pt-BR\",\"potentialAction\":[{\"@type\":\"ReadAction\",\"target\":[\"https:\/\/portaldoestado.com.br\/index.php\/2025\/12\/06\/noite-animada-no-rio-aniversario-do-irmao-de-vini-jr-reune-famosos-pagode-e-chegada-especial-de-virginia-fonseca\/\"]}]},{\"@type\":\"ImageObject\",\"inLanguage\":\"pt-BR\",\"@id\":\"https:\/\/portaldoestado.com.br\/index.php\/2025\/12\/06\/noite-animada-no-rio-aniversario-do-irmao-de-vini-jr-reune-famosos-pagode-e-chegada-especial-de-virginia-fonseca\/#primaryimage\",\"url\":\"https:\/\/portaldoestado.com.br\/wp-content\/uploads\/2025\/12\/zC2oaXLW-Design-sem-nome-30.jpg\",\"contentUrl\":\"https:\/\/portaldoestado.com.br\/wp-content\/uploads\/2025\/12\/zC2oaXLW-Design-sem-nome-30.jpg\",\"width\":1200,\"height\":900},{\"@type\":\"BreadcrumbList\",\"@id\":\"https:\/\/portaldoestado.com.br\/index.php\/2025\/12\/06\/noite-animada-no-rio-aniversario-do-irmao-de-vini-jr-reune-famosos-pagode-e-chegada-especial-de-virginia-fonseca\/#breadcrumb\",\"itemListElement\":[{\"@type\":\"ListItem\",\"position\":1,\"name\":\"In\u00edcio\",\"item\":\"https:\/\/portaldoestado.com.br\/\"},{\"@type\":\"ListItem\",\"position\":2,\"name\":\"Noite animada no Rio: anivers\u00e1rio do irm\u00e3o de Vini Jr. re\u00fane famosos, pagode e chegada especial de Virginia Fonseca\"}]},{\"@type\":\"WebSite\",\"@id\":\"https:\/\/portaldoestado.com.br\/#website\",\"url\":\"https:\/\/portaldoestado.com.br\/\",\"name\":\"Portal do Estado\",\"description\":\"\",\"publisher\":{\"@id\":\"https:\/\/portaldoestado.com.br\/#organization\"},\"potentialAction\":[{\"@type\":\"SearchAction\",\"target\":{\"@type\":\"EntryPoint\",\"urlTemplate\":\"https:\/\/portaldoestado.com.br\/?s={search_term_string}\"},\"query-input\":{\"@type\":\"PropertyValueSpecification\",\"valueRequired\":true,\"valueName\":\"search_term_string\"}}],\"inLanguage\":\"pt-BR\"},{\"@type\":\"Organization\",\"@id\":\"https:\/\/portaldoestado.com.br\/#organization\",\"name\":\"Portal do Estado\",\"url\":\"https:\/\/portaldoestado.com.br\/\",\"logo\":{\"@type\":\"ImageObject\",\"inLanguage\":\"pt-BR\",\"@id\":\"https:\/\/portaldoestado.com.br\/#\/schema\/logo\/image\/\",\"url\":\"https:\/\/portaldoestado.com.br\/wp-content\/uploads\/2025\/04\/cropped-6f69b19a-6472-43bf-b1b3-e1910bbbd4e8.png\",\"contentUrl\":\"https:\/\/portaldoestado.com.br\/wp-content\/uploads\/2025\/04\/cropped-6f69b19a-6472-43bf-b1b3-e1910bbbd4e8.png\",\"width\":1024,\"height\":350,\"caption\":\"Portal do Estado\"},\"image\":{\"@id\":\"https:\/\/portaldoestado.com.br\/#\/schema\/logo\/image\/\"}},{\"@type\":\"Person\",\"@id\":\"https:\/\/portaldoestado.com.br\/#\/schema\/person\/5ca0174f3c8c84b59da62ea14b698cb9\",\"name\":\"assessoriadefamosos\",\"image\":{\"@type\":\"ImageObject\",\"inLanguage\":\"pt-BR\",\"@id\":\"https:\/\/portaldoestado.com.br\/#\/schema\/person\/image\/\",\"url\":\"https:\/\/secure.gravatar.com\/avatar\/a7acbdffcfbbae7240e59f47fe511ec5f5d8c252c779f0b8d9ab02a9e1d8c5ed?s=96&d=mm&r=g\",\"contentUrl\":\"https:\/\/secure.gravatar.com\/avatar\/a7acbdffcfbbae7240e59f47fe511ec5f5d8c252c779f0b8d9ab02a9e1d8c5ed?s=96&d=mm&r=g\",\"caption\":\"assessoriadefamosos\"},\"url\":\"https:\/\/portaldoestado.com.br\/index.php\/author\/assessoriadefamosos\/\"}]}<\/script>\n<!-- \/ Yoast SEO plugin. -->","yoast_head_json":{"title":"Noite animada no Rio: anivers\u00e1rio do irm\u00e3o de Vini Jr. re\u00fane famosos, pagode e chegada especial de Virginia Fonseca - Portal do Estado","robots":{"index":"index","follow":"follow","max-snippet":"max-snippet:-1","max-image-preview":"max-image-preview:large","max-video-preview":"max-video-preview:-1"},"canonical":"https:\/\/portaldoestado.com.br\/index.php\/2025\/12\/06\/noite-animada-no-rio-aniversario-do-irmao-de-vini-jr-reune-famosos-pagode-e-chegada-especial-de-virginia-fonseca\/","og_locale":"pt_BR","og_type":"article","og_title":"Noite animada no Rio: anivers\u00e1rio do irm\u00e3o de Vini Jr. re\u00fane famosos, pagode e chegada especial de Virginia Fonseca - Portal do Estado","og_description":"A casa de Vini Jr., na Zona Oeste do Rio, virou ponto de encontro de influenciadores e familiares na noite desta sexta-feira (5\/12), quando Netinho, irm\u00e3o do jogador, celebrou mais um ano de vida. A movimenta\u00e7\u00e3o intensa na entrada do condom\u00ednio j\u00e1 anunciava que a comemora\u00e7\u00e3o seria daquelas que atravessam a madrugada. V\u00eddeos enviados ao \u2026","og_url":"https:\/\/portaldoestado.com.br\/index.php\/2025\/12\/06\/noite-animada-no-rio-aniversario-do-irmao-de-vini-jr-reune-famosos-pagode-e-chegada-especial-de-virginia-fonseca\/","og_site_name":"Portal do Estado","article_published_time":"2025-12-06T15:33:14+00:00","og_image":[{"width":1200,"height":900,"url":"https:\/\/portaldoestado.com.br\/wp-content\/uploads\/2025\/12\/zC2oaXLW-Design-sem-nome-30.jpg","type":"image\/jpeg"}],"author":"assessoriadefamosos","twitter_card":"summary_large_image","twitter_misc":{"Escrito por":"assessoriadefamosos","Est. tempo de leitura":"2 minutos"},"schema":{"@context":"https:\/\/schema.org","@graph":[{"@type":"Article","@id":"https:\/\/portaldoestado.com.br\/index.php\/2025\/12\/06\/noite-animada-no-rio-aniversario-do-irmao-de-vini-jr-reune-famosos-pagode-e-chegada-especial-de-virginia-fonseca\/#article","isPartOf":{"@id":"https:\/\/portaldoestado.com.br\/index.php\/2025\/12\/06\/noite-animada-no-rio-aniversario-do-irmao-de-vini-jr-reune-famosos-pagode-e-chegada-especial-de-virginia-fonseca\/"},"author":{"name":"assessoriadefamosos","@id":"https:\/\/portaldoestado.com.br\/#\/schema\/person\/5ca0174f3c8c84b59da62ea14b698cb9"},"headline":"Noite animada no Rio: anivers\u00e1rio do irm\u00e3o de Vini Jr. re\u00fane famosos, pagode e chegada especial de Virginia Fonseca","datePublished":"2025-12-06T15:33:14+00:00","mainEntityOfPage":{"@id":"https:\/\/portaldoestado.com.br\/index.php\/2025\/12\/06\/noite-animada-no-rio-aniversario-do-irmao-de-vini-jr-reune-famosos-pagode-e-chegada-especial-de-virginia-fonseca\/"},"wordCount":416,"publisher":{"@id":"https:\/\/portaldoestado.com.br\/#organization"},"image":{"@id":"https:\/\/portaldoestado.com.br\/index.php\/2025\/12\/06\/noite-animada-no-rio-aniversario-do-irmao-de-vini-jr-reune-famosos-pagode-e-chegada-especial-de-virginia-fonseca\/#primaryimage"},"thumbnailUrl":"https:\/\/portaldoestado.com.br\/wp-content\/uploads\/2025\/12\/zC2oaXLW-Design-sem-nome-30.jpg","articleSection":["Famosos"],"inLanguage":"pt-BR"},{"@type":"WebPage","@id":"https:\/\/portaldoestado.com.br\/index.php\/2025\/12\/06\/noite-animada-no-rio-aniversario-do-irmao-de-vini-jr-reune-famosos-pagode-e-chegada-especial-de-virginia-fonseca\/","url":"https:\/\/portaldoestado.com.br\/index.php\/2025\/12\/06\/noite-animada-no-rio-aniversario-do-irmao-de-vini-jr-reune-famosos-pagode-e-chegada-especial-de-virginia-fonseca\/","name":"Noite animada no Rio: anivers\u00e1rio do irm\u00e3o de Vini Jr. re\u00fane famosos, pagode e chegada especial de Virginia Fonseca - Portal do Estado","isPartOf":{"@id":"https:\/\/portaldoestado.com.br\/#website"},"primaryImageOfPage":{"@id":"https:\/\/portaldoestado.com.br\/index.php\/2025\/12\/06\/noite-animada-no-rio-aniversario-do-irmao-de-vini-jr-reune-famosos-pagode-e-chegada-especial-de-virginia-fonseca\/#primaryimage"},"image":{"@id":"https:\/\/portaldoestado.com.br\/index.php\/2025\/12\/06\/noite-animada-no-rio-aniversario-do-irmao-de-vini-jr-reune-famosos-pagode-e-chegada-especial-de-virginia-fonseca\/#primaryimage"},"thumbnailUrl":"https:\/\/portaldoestado.com.br\/wp-content\/uploads\/2025\/12\/zC2oaXLW-Design-sem-nome-30.jpg","datePublished":"2025-12-06T15:33:14+00:00","breadcrumb":{"@id":"https:\/\/portaldoestado.com.br\/index.php\/2025\/12\/06\/noite-animada-no-rio-aniversario-do-irmao-de-vini-jr-reune-famosos-pagode-e-chegada-especial-de-virginia-fonseca\/#breadcrumb"},"inLanguage":"pt-BR","potentialAction":[{"@type":"ReadAction","target":["https:\/\/portaldoestado.com.br\/index.php\/2025\/12\/06\/noite-animada-no-rio-aniversario-do-irmao-de-vini-jr-reune-famosos-pagode-e-chegada-especial-de-virginia-fonseca\/"]}]},{"@type":"ImageObject","inLanguage":"pt-BR","@id":"https:\/\/portaldoestado.com.br\/index.php\/2025\/12\/06\/noite-animada-no-rio-aniversario-do-irmao-de-vini-jr-reune-famosos-pagode-e-chegada-especial-de-virginia-fonseca\/#primaryimage","url":"https:\/\/portaldoestado.com.br\/wp-content\/uploads\/2025\/12\/zC2oaXLW-Design-sem-nome-30.jpg","contentUrl":"https:\/\/portaldoestado.com.br\/wp-content\/uploads\/2025\/12\/zC2oaXLW-Design-sem-nome-30.jpg","width":1200,"height":900},{"@type":"BreadcrumbList","@id":"https:\/\/portaldoestado.com.br\/index.php\/2025\/12\/06\/noite-animada-no-rio-aniversario-do-irmao-de-vini-jr-reune-famosos-pagode-e-chegada-especial-de-virginia-fonseca\/#breadcrumb","itemListElement":[{"@type":"ListItem","position":1,"name":"In\u00edcio","item":"https:\/\/portaldoestado.com.br\/"},{"@type":"ListItem","position":2,"name":"Noite animada no Rio: anivers\u00e1rio do irm\u00e3o de Vini Jr. re\u00fane famosos, pagode e chegada especial de Virginia Fonseca"}]},{"@type":"WebSite","@id":"https:\/\/portaldoestado.com.br\/#website","url":"https:\/\/portaldoestado.com.br\/","name":"Portal do Estado","description":"","publisher":{"@id":"https:\/\/portaldoestado.com.br\/#organization"},"potentialAction":[{"@type":"SearchAction","target":{"@type":"EntryPoint","urlTemplate":"https:\/\/portaldoestado.com.br\/?s={search_term_string}"},"query-input":{"@type":"PropertyValueSpecification","valueRequired":true,"valueName":"search_term_string"}}],"inLanguage":"pt-BR"},{"@type":"Organization","@id":"https:\/\/portaldoestado.com.br\/#organization","name":"Portal do Estado","url":"https:\/\/portaldoestado.com.br\/","logo":{"@type":"ImageObject","inLanguage":"pt-BR","@id":"https:\/\/portaldoestado.com.br\/#\/schema\/logo\/image\/","url":"https:\/\/portaldoestado.com.br\/wp-content\/uploads\/2025\/04\/cropped-6f69b19a-6472-43bf-b1b3-e1910bbbd4e8.png","contentUrl":"https:\/\/portaldoestado.com.br\/wp-content\/uploads\/2025\/04\/cropped-6f69b19a-6472-43bf-b1b3-e1910bbbd4e8.png","width":1024,"height":350,"caption":"Portal do Estado"},"image":{"@id":"https:\/\/portaldoestado.com.br\/#\/schema\/logo\/image\/"}},{"@type":"Person","@id":"https:\/\/portaldoestado.com.br\/#\/schema\/person\/5ca0174f3c8c84b59da62ea14b698cb9","name":"assessoriadefamosos","image":{"@type":"ImageObject","inLanguage":"pt-BR","@id":"https:\/\/portaldoestado.com.br\/#\/schema\/person\/image\/","url":"https:\/\/secure.gravatar.com\/avatar\/a7acbdffcfbbae7240e59f47fe511ec5f5d8c252c779f0b8d9ab02a9e1d8c5ed?s=96&d=mm&r=g","contentUrl":"https:\/\/secure.gravatar.com\/avatar\/a7acbdffcfbbae7240e59f47fe511ec5f5d8c252c779f0b8d9ab02a9e1d8c5ed?s=96&d=mm&r=g","caption":"assessoriadefamosos"},"url":"https:\/\/portaldoestado.com.br\/index.php\/author\/assessoriadefamosos\/"}]}},"jetpack_featured_media_url":"https:\/\/portaldoestado.com.br\/wp-content\/uploads\/2025\/12\/zC2oaXLW-Design-sem-nome-30.jpg","_links":{"self":[{"href":"https:\/\/portaldoestado.com.br\/index.php\/wp-json\/wp\/v2\/posts\/4996","targetHints":{"allow":["GET"]}}],"collection":[{"href":"https:\/\/portaldoestado.com.br\/index.php\/wp-json\/wp\/v2\/posts"}],"about":[{"href":"https:\/\/portaldoestado.com.br\/index.php\/wp-json\/wp\/v2\/types\/post"}],"author":[{"embeddable":true,"href":"https:\/\/portaldoestado.com.br\/index.php\/wp-json\/wp\/v2\/users\/2"}],"replies":[{"embeddable":true,"href":"https:\/\/portaldoestado.com.br\/index.php\/wp-json\/wp\/v2\/comments?post=4996"}],"version-history":[{"count":1,"href":"https:\/\/portaldoestado.com.br\/index.php\/wp-json\/wp\/v2\/posts\/4996\/revisions"}],"predecessor-version":[{"id":4997,"href":"https:\/\/portaldoestado.com.br\/index.php\/wp-json\/wp\/v2\/posts\/4996\/revisions\/4997"}],"wp:featuredmedia":[{"embeddable":true,"href":"https:\/\/portaldoestado.com.br\/index.php\/wp-json\/wp\/v2\/media\/4995"}],"wp:attachment":[{"href":"https:\/\/portaldoestado.com.br\/index.php\/wp-json\/wp\/v2\/media?parent=4996"}],"wp:term":[{"taxonomy":"category","embeddable":true,"href":"https:\/\/portaldoestado.com.br\/index.php\/wp-json\/wp\/v2\/categories?post=4996"},{"taxonomy":"post_tag","embeddable":true,"href":"https:\/\/portaldoestado.com.br\/index.php\/wp-json\/wp\/v2\/tags?post=4996"}],"curies":[{"name":"wp","href":"https:\/\/api.w.org\/{rel}","templated":true}]}}