{"id":4993,"date":"2025-12-06T15:30:16","date_gmt":"2025-12-06T15:30:16","guid":{"rendered":"https:\/\/portaldoestado.com.br\/?p=4993"},"modified":"2025-12-06T15:30:16","modified_gmt":"2025-12-06T15:30:16","slug":"bruna-biancardi-relembra-inicio-complicado-com-rafaella-santos-e-fala-sobre-como-relacao-evoluiu","status":"publish","type":"post","link":"https:\/\/portaldoestado.com.br\/index.php\/2025\/12\/06\/bruna-biancardi-relembra-inicio-complicado-com-rafaella-santos-e-fala-sobre-como-relacao-evoluiu\/","title":{"rendered":"Bruna Biancardi relembra in\u00edcio complicado com Rafaella Santos e fala sobre como rela\u00e7\u00e3o evoluiu"},"content":{"rendered":"\n<p>Bruna Biancardi voltou a abrir o cora\u00e7\u00e3o ao falar sobre sua conviv\u00eancia com Rafaella Santos, irm\u00e3 de Neymar Jr. Em um v\u00eddeo especial para o quadro \u201cBru na Cozinha\u201d, divulgado nesta sexta-feira (5\/12), a influenciadora comentou que a rela\u00e7\u00e3o entre as duas nem sempre foi t\u00e3o leve quanto \u00e9 hoje.<\/p>\n\n\n\n<p>Enquanto preparavam uma sobremesa natalina, Bruna revelou que, no come\u00e7o de seu relacionamento com Neymar, precisou lidar com o forte ci\u00fame da cunhada.\n<strong>\u201cA Rafa \u00e9 muito ciumenta com ele. No in\u00edcio foi bem desafiador pra mim\u201d,<\/strong> contou, rindo da situa\u00e7\u00e3o.<\/p>\n\n\n\n<p>Rafaella, por sua vez, n\u00e3o fugiu do assunto. Com bom humor, admitiu que realmente implicava com a nova namorada do irm\u00e3o:\n<strong>\u201cFoi dif\u00edcil mesmo. Eu pegava no p\u00e9. Agora j\u00e1 estou mais tranquila, aprendi a dividir.\u201d<\/strong><\/p>\n\n\n\n<p>A conversa descontra\u00edda mostrou o quanto a rela\u00e7\u00e3o amadureceu. Bruna ainda destacou o carinho que tem pela cunhada:\n<strong>\u201cEla \u00e9 divertida, acolhedora, uma anfitri\u00e3 incr\u00edvel e uma tia super dedicada. Tenho muita sorte de ter ela comigo.\u201d<\/strong><\/p>\n\n\n\n<hr class=\"wp-block-separator has-alpha-channel-opacity\"\/>\n\n\n<!-- wp:heading \"level\":3 -->\n<h3 class=\"wp-block-heading\">Rafaella comenta afastamento das redes e vida ao lado de Gabigol<\/h3>\n<!-- \/wp:post-content -->\n\n<!-- wp:paragraph -->\n<p>Durante o encontro, Rafaella tamb\u00e9m abriu espa\u00e7o para falar sobre sua vida pessoal. Ela contou que optou por se afastar das redes sociais para viver um per\u00edodo mais reservado, focando no relacionamento com Gabigol. O casal est\u00e1 morando em Belo Horizonte desde que o atacante se integrou ao Cruzeiro.<\/p>\n<!-- \/wp:paragraph -->\n\n<!-- wp:paragraph -->\n<p>Segundo Rafaella, a nova rotina trouxe experi\u00eancias que ela n\u00e3o imaginava viver t\u00e3o cedo:\n<strong>\u201c\u00c9 uma vida de casados mesmo, algo que eu achava que n\u00e3o ia acontecer agora. Mas est\u00e1 sendo \u00f3timo. Estamos conhecendo mais um ao outro, e nosso relacionamento est\u00e1 em uma fase maravilhosa.\u201d<\/strong><\/p>\n<!-- \/wp:paragraph -->\n\n<!-- wp:paragraph -->\n<p>Ao final do v\u00eddeo, ficou evidente que o passado cheio de ci\u00fames ficou para tr\u00e1s. Bruna e Rafaella hoje compartilham parceria, leveza e, claro, boas hist\u00f3rias para relembrar.<\/p>\n<!-- \/wp:paragraph -->","protected":false},"excerpt":{"rendered":"<p>Bruna Biancardi voltou a abrir o cora\u00e7\u00e3o ao falar sobre sua conviv\u00eancia com Rafaella Santos, irm\u00e3 de Neymar Jr. Em um v\u00eddeo especial para o quadro \u201cBru na Cozinha\u201d, divulgado nesta sexta-feira (5\/12), a influenciadora comentou que a rela\u00e7\u00e3o entre as duas nem sempre foi t\u00e3o leve quanto \u00e9 hoje. Enquanto preparavam uma sobremesa natalina, \u2026<\/p>\n","protected":false},"author":2,"featured_media":4992,"comment_status":"closed","ping_status":"open","sticky":false,"template":"","format":"standard","meta":{"footnotes":""},"categories":[3],"tags":[],"class_list":["post-4993","post","type-post","status-publish","format-standard","has-post-thumbnail","hentry","category-famosos"],"yoast_head":"<!-- This site is optimized with the Yoast SEO plugin v25.5 - https:\/\/yoast.com\/wordpress\/plugins\/seo\/ -->\n<title>Bruna Biancardi relembra in\u00edcio complicado com Rafaella Santos e fala sobre como rela\u00e7\u00e3o evoluiu - Portal do Estado<\/title>\n<meta name=\"robots\" content=\"index, follow, max-snippet:-1, max-image-preview:large, max-video-preview:-1\" \/>\n<link rel=\"canonical\" href=\"https:\/\/portaldoestado.com.br\/index.php\/2025\/12\/06\/bruna-biancardi-relembra-inicio-complicado-com-rafaella-santos-e-fala-sobre-como-relacao-evoluiu\/\" \/>\n<meta property=\"og:locale\" content=\"pt_BR\" \/>\n<meta property=\"og:type\" content=\"article\" \/>\n<meta property=\"og:title\" content=\"Bruna Biancardi relembra in\u00edcio complicado com Rafaella Santos e fala sobre como rela\u00e7\u00e3o evoluiu - Portal do Estado\" \/>\n<meta property=\"og:description\" content=\"Bruna Biancardi voltou a abrir o cora\u00e7\u00e3o ao falar sobre sua conviv\u00eancia com Rafaella Santos, irm\u00e3 de Neymar Jr. Em um v\u00eddeo especial para o quadro \u201cBru na Cozinha\u201d, divulgado nesta sexta-feira (5\/12), a influenciadora comentou que a rela\u00e7\u00e3o entre as duas nem sempre foi t\u00e3o leve quanto \u00e9 hoje. Enquanto preparavam uma sobremesa natalina, \u2026\" \/>\n<meta property=\"og:url\" content=\"https:\/\/portaldoestado.com.br\/index.php\/2025\/12\/06\/bruna-biancardi-relembra-inicio-complicado-com-rafaella-santos-e-fala-sobre-como-relacao-evoluiu\/\" \/>\n<meta property=\"og:site_name\" content=\"Portal do Estado\" \/>\n<meta property=\"article:published_time\" content=\"2025-12-06T15:30:16+00:00\" \/>\n<meta property=\"og:image\" content=\"https:\/\/portaldoestado.com.br\/wp-content\/uploads\/2025\/12\/ES4J755q-Design-sem-nome-29.jpg\" \/>\n\t<meta property=\"og:image:width\" content=\"1200\" \/>\n\t<meta property=\"og:image:height\" content=\"900\" \/>\n\t<meta property=\"og:image:type\" content=\"image\/jpeg\" \/>\n<meta name=\"author\" content=\"assessoriadefamosos\" \/>\n<meta name=\"twitter:card\" content=\"summary_large_image\" \/>\n<meta name=\"twitter:label1\" content=\"Escrito por\" \/>\n\t<meta name=\"twitter:data1\" content=\"assessoriadefamosos\" \/>\n\t<meta name=\"twitter:label2\" content=\"Est. tempo de leitura\" \/>\n\t<meta name=\"twitter:data2\" content=\"2 minutos\" \/>\n<script type=\"application\/ld+json\" class=\"yoast-schema-graph\">{\"@context\":\"https:\/\/schema.org\",\"@graph\":[{\"@type\":\"Article\",\"@id\":\"https:\/\/portaldoestado.com.br\/index.php\/2025\/12\/06\/bruna-biancardi-relembra-inicio-complicado-com-rafaella-santos-e-fala-sobre-como-relacao-evoluiu\/#article\",\"isPartOf\":{\"@id\":\"https:\/\/portaldoestado.com.br\/index.php\/2025\/12\/06\/bruna-biancardi-relembra-inicio-complicado-com-rafaella-santos-e-fala-sobre-como-relacao-evoluiu\/\"},\"author\":{\"name\":\"assessoriadefamosos\",\"@id\":\"https:\/\/portaldoestado.com.br\/#\/schema\/person\/5ca0174f3c8c84b59da62ea14b698cb9\"},\"headline\":\"Bruna Biancardi relembra in\u00edcio complicado com Rafaella Santos e fala sobre como rela\u00e7\u00e3o evoluiu\",\"datePublished\":\"2025-12-06T15:30:16+00:00\",\"mainEntityOfPage\":{\"@id\":\"https:\/\/portaldoestado.com.br\/index.php\/2025\/12\/06\/bruna-biancardi-relembra-inicio-complicado-com-rafaella-santos-e-fala-sobre-como-relacao-evoluiu\/\"},\"wordCount\":336,\"publisher\":{\"@id\":\"https:\/\/portaldoestado.com.br\/#organization\"},\"image\":{\"@id\":\"https:\/\/portaldoestado.com.br\/index.php\/2025\/12\/06\/bruna-biancardi-relembra-inicio-complicado-com-rafaella-santos-e-fala-sobre-como-relacao-evoluiu\/#primaryimage\"},\"thumbnailUrl\":\"https:\/\/portaldoestado.com.br\/wp-content\/uploads\/2025\/12\/ES4J755q-Design-sem-nome-29.jpg\",\"articleSection\":[\"Famosos\"],\"inLanguage\":\"pt-BR\"},{\"@type\":\"WebPage\",\"@id\":\"https:\/\/portaldoestado.com.br\/index.php\/2025\/12\/06\/bruna-biancardi-relembra-inicio-complicado-com-rafaella-santos-e-fala-sobre-como-relacao-evoluiu\/\",\"url\":\"https:\/\/portaldoestado.com.br\/index.php\/2025\/12\/06\/bruna-biancardi-relembra-inicio-complicado-com-rafaella-santos-e-fala-sobre-como-relacao-evoluiu\/\",\"name\":\"Bruna Biancardi relembra in\u00edcio complicado com Rafaella Santos e fala sobre como rela\u00e7\u00e3o evoluiu - Portal do Estado\",\"isPartOf\":{\"@id\":\"https:\/\/portaldoestado.com.br\/#website\"},\"primaryImageOfPage\":{\"@id\":\"https:\/\/portaldoestado.com.br\/index.php\/2025\/12\/06\/bruna-biancardi-relembra-inicio-complicado-com-rafaella-santos-e-fala-sobre-como-relacao-evoluiu\/#primaryimage\"},\"image\":{\"@id\":\"https:\/\/portaldoestado.com.br\/index.php\/2025\/12\/06\/bruna-biancardi-relembra-inicio-complicado-com-rafaella-santos-e-fala-sobre-como-relacao-evoluiu\/#primaryimage\"},\"thumbnailUrl\":\"https:\/\/portaldoestado.com.br\/wp-content\/uploads\/2025\/12\/ES4J755q-Design-sem-nome-29.jpg\",\"datePublished\":\"2025-12-06T15:30:16+00:00\",\"breadcrumb\":{\"@id\":\"https:\/\/portaldoestado.com.br\/index.php\/2025\/12\/06\/bruna-biancardi-relembra-inicio-complicado-com-rafaella-santos-e-fala-sobre-como-relacao-evoluiu\/#breadcrumb\"},\"inLanguage\":\"pt-BR\",\"potentialAction\":[{\"@type\":\"ReadAction\",\"target\":[\"https:\/\/portaldoestado.com.br\/index.php\/2025\/12\/06\/bruna-biancardi-relembra-inicio-complicado-com-rafaella-santos-e-fala-sobre-como-relacao-evoluiu\/\"]}]},{\"@type\":\"ImageObject\",\"inLanguage\":\"pt-BR\",\"@id\":\"https:\/\/portaldoestado.com.br\/index.php\/2025\/12\/06\/bruna-biancardi-relembra-inicio-complicado-com-rafaella-santos-e-fala-sobre-como-relacao-evoluiu\/#primaryimage\",\"url\":\"https:\/\/portaldoestado.com.br\/wp-content\/uploads\/2025\/12\/ES4J755q-Design-sem-nome-29.jpg\",\"contentUrl\":\"https:\/\/portaldoestado.com.br\/wp-content\/uploads\/2025\/12\/ES4J755q-Design-sem-nome-29.jpg\",\"width\":1200,\"height\":900},{\"@type\":\"BreadcrumbList\",\"@id\":\"https:\/\/portaldoestado.com.br\/index.php\/2025\/12\/06\/bruna-biancardi-relembra-inicio-complicado-com-rafaella-santos-e-fala-sobre-como-relacao-evoluiu\/#breadcrumb\",\"itemListElement\":[{\"@type\":\"ListItem\",\"position\":1,\"name\":\"In\u00edcio\",\"item\":\"https:\/\/portaldoestado.com.br\/\"},{\"@type\":\"ListItem\",\"position\":2,\"name\":\"Bruna Biancardi relembra in\u00edcio complicado com Rafaella Santos e fala sobre como rela\u00e7\u00e3o evoluiu\"}]},{\"@type\":\"WebSite\",\"@id\":\"https:\/\/portaldoestado.com.br\/#website\",\"url\":\"https:\/\/portaldoestado.com.br\/\",\"name\":\"Portal do Estado\",\"description\":\"\",\"publisher\":{\"@id\":\"https:\/\/portaldoestado.com.br\/#organization\"},\"potentialAction\":[{\"@type\":\"SearchAction\",\"target\":{\"@type\":\"EntryPoint\",\"urlTemplate\":\"https:\/\/portaldoestado.com.br\/?s={search_term_string}\"},\"query-input\":{\"@type\":\"PropertyValueSpecification\",\"valueRequired\":true,\"valueName\":\"search_term_string\"}}],\"inLanguage\":\"pt-BR\"},{\"@type\":\"Organization\",\"@id\":\"https:\/\/portaldoestado.com.br\/#organization\",\"name\":\"Portal do Estado\",\"url\":\"https:\/\/portaldoestado.com.br\/\",\"logo\":{\"@type\":\"ImageObject\",\"inLanguage\":\"pt-BR\",\"@id\":\"https:\/\/portaldoestado.com.br\/#\/schema\/logo\/image\/\",\"url\":\"https:\/\/portaldoestado.com.br\/wp-content\/uploads\/2025\/04\/cropped-6f69b19a-6472-43bf-b1b3-e1910bbbd4e8.png\",\"contentUrl\":\"https:\/\/portaldoestado.com.br\/wp-content\/uploads\/2025\/04\/cropped-6f69b19a-6472-43bf-b1b3-e1910bbbd4e8.png\",\"width\":1024,\"height\":350,\"caption\":\"Portal do Estado\"},\"image\":{\"@id\":\"https:\/\/portaldoestado.com.br\/#\/schema\/logo\/image\/\"}},{\"@type\":\"Person\",\"@id\":\"https:\/\/portaldoestado.com.br\/#\/schema\/person\/5ca0174f3c8c84b59da62ea14b698cb9\",\"name\":\"assessoriadefamosos\",\"image\":{\"@type\":\"ImageObject\",\"inLanguage\":\"pt-BR\",\"@id\":\"https:\/\/portaldoestado.com.br\/#\/schema\/person\/image\/\",\"url\":\"https:\/\/secure.gravatar.com\/avatar\/a7acbdffcfbbae7240e59f47fe511ec5f5d8c252c779f0b8d9ab02a9e1d8c5ed?s=96&d=mm&r=g\",\"contentUrl\":\"https:\/\/secure.gravatar.com\/avatar\/a7acbdffcfbbae7240e59f47fe511ec5f5d8c252c779f0b8d9ab02a9e1d8c5ed?s=96&d=mm&r=g\",\"caption\":\"assessoriadefamosos\"},\"url\":\"https:\/\/portaldoestado.com.br\/index.php\/author\/assessoriadefamosos\/\"}]}<\/script>\n<!-- \/ Yoast SEO plugin. -->","yoast_head_json":{"title":"Bruna Biancardi relembra in\u00edcio complicado com Rafaella Santos e fala sobre como rela\u00e7\u00e3o evoluiu - Portal do Estado","robots":{"index":"index","follow":"follow","max-snippet":"max-snippet:-1","max-image-preview":"max-image-preview:large","max-video-preview":"max-video-preview:-1"},"canonical":"https:\/\/portaldoestado.com.br\/index.php\/2025\/12\/06\/bruna-biancardi-relembra-inicio-complicado-com-rafaella-santos-e-fala-sobre-como-relacao-evoluiu\/","og_locale":"pt_BR","og_type":"article","og_title":"Bruna Biancardi relembra in\u00edcio complicado com Rafaella Santos e fala sobre como rela\u00e7\u00e3o evoluiu - Portal do Estado","og_description":"Bruna Biancardi voltou a abrir o cora\u00e7\u00e3o ao falar sobre sua conviv\u00eancia com Rafaella Santos, irm\u00e3 de Neymar Jr. Em um v\u00eddeo especial para o quadro \u201cBru na Cozinha\u201d, divulgado nesta sexta-feira (5\/12), a influenciadora comentou que a rela\u00e7\u00e3o entre as duas nem sempre foi t\u00e3o leve quanto \u00e9 hoje. Enquanto preparavam uma sobremesa natalina, \u2026","og_url":"https:\/\/portaldoestado.com.br\/index.php\/2025\/12\/06\/bruna-biancardi-relembra-inicio-complicado-com-rafaella-santos-e-fala-sobre-como-relacao-evoluiu\/","og_site_name":"Portal do Estado","article_published_time":"2025-12-06T15:30:16+00:00","og_image":[{"width":1200,"height":900,"url":"https:\/\/portaldoestado.com.br\/wp-content\/uploads\/2025\/12\/ES4J755q-Design-sem-nome-29.jpg","type":"image\/jpeg"}],"author":"assessoriadefamosos","twitter_card":"summary_large_image","twitter_misc":{"Escrito por":"assessoriadefamosos","Est. tempo de leitura":"2 minutos"},"schema":{"@context":"https:\/\/schema.org","@graph":[{"@type":"Article","@id":"https:\/\/portaldoestado.com.br\/index.php\/2025\/12\/06\/bruna-biancardi-relembra-inicio-complicado-com-rafaella-santos-e-fala-sobre-como-relacao-evoluiu\/#article","isPartOf":{"@id":"https:\/\/portaldoestado.com.br\/index.php\/2025\/12\/06\/bruna-biancardi-relembra-inicio-complicado-com-rafaella-santos-e-fala-sobre-como-relacao-evoluiu\/"},"author":{"name":"assessoriadefamosos","@id":"https:\/\/portaldoestado.com.br\/#\/schema\/person\/5ca0174f3c8c84b59da62ea14b698cb9"},"headline":"Bruna Biancardi relembra in\u00edcio complicado com Rafaella Santos e fala sobre como rela\u00e7\u00e3o evoluiu","datePublished":"2025-12-06T15:30:16+00:00","mainEntityOfPage":{"@id":"https:\/\/portaldoestado.com.br\/index.php\/2025\/12\/06\/bruna-biancardi-relembra-inicio-complicado-com-rafaella-santos-e-fala-sobre-como-relacao-evoluiu\/"},"wordCount":336,"publisher":{"@id":"https:\/\/portaldoestado.com.br\/#organization"},"image":{"@id":"https:\/\/portaldoestado.com.br\/index.php\/2025\/12\/06\/bruna-biancardi-relembra-inicio-complicado-com-rafaella-santos-e-fala-sobre-como-relacao-evoluiu\/#primaryimage"},"thumbnailUrl":"https:\/\/portaldoestado.com.br\/wp-content\/uploads\/2025\/12\/ES4J755q-Design-sem-nome-29.jpg","articleSection":["Famosos"],"inLanguage":"pt-BR"},{"@type":"WebPage","@id":"https:\/\/portaldoestado.com.br\/index.php\/2025\/12\/06\/bruna-biancardi-relembra-inicio-complicado-com-rafaella-santos-e-fala-sobre-como-relacao-evoluiu\/","url":"https:\/\/portaldoestado.com.br\/index.php\/2025\/12\/06\/bruna-biancardi-relembra-inicio-complicado-com-rafaella-santos-e-fala-sobre-como-relacao-evoluiu\/","name":"Bruna Biancardi relembra in\u00edcio complicado com Rafaella Santos e fala sobre como rela\u00e7\u00e3o evoluiu - Portal do Estado","isPartOf":{"@id":"https:\/\/portaldoestado.com.br\/#website"},"primaryImageOfPage":{"@id":"https:\/\/portaldoestado.com.br\/index.php\/2025\/12\/06\/bruna-biancardi-relembra-inicio-complicado-com-rafaella-santos-e-fala-sobre-como-relacao-evoluiu\/#primaryimage"},"image":{"@id":"https:\/\/portaldoestado.com.br\/index.php\/2025\/12\/06\/bruna-biancardi-relembra-inicio-complicado-com-rafaella-santos-e-fala-sobre-como-relacao-evoluiu\/#primaryimage"},"thumbnailUrl":"https:\/\/portaldoestado.com.br\/wp-content\/uploads\/2025\/12\/ES4J755q-Design-sem-nome-29.jpg","datePublished":"2025-12-06T15:30:16+00:00","breadcrumb":{"@id":"https:\/\/portaldoestado.com.br\/index.php\/2025\/12\/06\/bruna-biancardi-relembra-inicio-complicado-com-rafaella-santos-e-fala-sobre-como-relacao-evoluiu\/#breadcrumb"},"inLanguage":"pt-BR","potentialAction":[{"@type":"ReadAction","target":["https:\/\/portaldoestado.com.br\/index.php\/2025\/12\/06\/bruna-biancardi-relembra-inicio-complicado-com-rafaella-santos-e-fala-sobre-como-relacao-evoluiu\/"]}]},{"@type":"ImageObject","inLanguage":"pt-BR","@id":"https:\/\/portaldoestado.com.br\/index.php\/2025\/12\/06\/bruna-biancardi-relembra-inicio-complicado-com-rafaella-santos-e-fala-sobre-como-relacao-evoluiu\/#primaryimage","url":"https:\/\/portaldoestado.com.br\/wp-content\/uploads\/2025\/12\/ES4J755q-Design-sem-nome-29.jpg","contentUrl":"https:\/\/portaldoestado.com.br\/wp-content\/uploads\/2025\/12\/ES4J755q-Design-sem-nome-29.jpg","width":1200,"height":900},{"@type":"BreadcrumbList","@id":"https:\/\/portaldoestado.com.br\/index.php\/2025\/12\/06\/bruna-biancardi-relembra-inicio-complicado-com-rafaella-santos-e-fala-sobre-como-relacao-evoluiu\/#breadcrumb","itemListElement":[{"@type":"ListItem","position":1,"name":"In\u00edcio","item":"https:\/\/portaldoestado.com.br\/"},{"@type":"ListItem","position":2,"name":"Bruna Biancardi relembra in\u00edcio complicado com Rafaella Santos e fala sobre como rela\u00e7\u00e3o evoluiu"}]},{"@type":"WebSite","@id":"https:\/\/portaldoestado.com.br\/#website","url":"https:\/\/portaldoestado.com.br\/","name":"Portal do Estado","description":"","publisher":{"@id":"https:\/\/portaldoestado.com.br\/#organization"},"potentialAction":[{"@type":"SearchAction","target":{"@type":"EntryPoint","urlTemplate":"https:\/\/portaldoestado.com.br\/?s={search_term_string}"},"query-input":{"@type":"PropertyValueSpecification","valueRequired":true,"valueName":"search_term_string"}}],"inLanguage":"pt-BR"},{"@type":"Organization","@id":"https:\/\/portaldoestado.com.br\/#organization","name":"Portal do Estado","url":"https:\/\/portaldoestado.com.br\/","logo":{"@type":"ImageObject","inLanguage":"pt-BR","@id":"https:\/\/portaldoestado.com.br\/#\/schema\/logo\/image\/","url":"https:\/\/portaldoestado.com.br\/wp-content\/uploads\/2025\/04\/cropped-6f69b19a-6472-43bf-b1b3-e1910bbbd4e8.png","contentUrl":"https:\/\/portaldoestado.com.br\/wp-content\/uploads\/2025\/04\/cropped-6f69b19a-6472-43bf-b1b3-e1910bbbd4e8.png","width":1024,"height":350,"caption":"Portal do Estado"},"image":{"@id":"https:\/\/portaldoestado.com.br\/#\/schema\/logo\/image\/"}},{"@type":"Person","@id":"https:\/\/portaldoestado.com.br\/#\/schema\/person\/5ca0174f3c8c84b59da62ea14b698cb9","name":"assessoriadefamosos","image":{"@type":"ImageObject","inLanguage":"pt-BR","@id":"https:\/\/portaldoestado.com.br\/#\/schema\/person\/image\/","url":"https:\/\/secure.gravatar.com\/avatar\/a7acbdffcfbbae7240e59f47fe511ec5f5d8c252c779f0b8d9ab02a9e1d8c5ed?s=96&d=mm&r=g","contentUrl":"https:\/\/secure.gravatar.com\/avatar\/a7acbdffcfbbae7240e59f47fe511ec5f5d8c252c779f0b8d9ab02a9e1d8c5ed?s=96&d=mm&r=g","caption":"assessoriadefamosos"},"url":"https:\/\/portaldoestado.com.br\/index.php\/author\/assessoriadefamosos\/"}]}},"jetpack_featured_media_url":"https:\/\/portaldoestado.com.br\/wp-content\/uploads\/2025\/12\/ES4J755q-Design-sem-nome-29.jpg","_links":{"self":[{"href":"https:\/\/portaldoestado.com.br\/index.php\/wp-json\/wp\/v2\/posts\/4993","targetHints":{"allow":["GET"]}}],"collection":[{"href":"https:\/\/portaldoestado.com.br\/index.php\/wp-json\/wp\/v2\/posts"}],"about":[{"href":"https:\/\/portaldoestado.com.br\/index.php\/wp-json\/wp\/v2\/types\/post"}],"author":[{"embeddable":true,"href":"https:\/\/portaldoestado.com.br\/index.php\/wp-json\/wp\/v2\/users\/2"}],"replies":[{"embeddable":true,"href":"https:\/\/portaldoestado.com.br\/index.php\/wp-json\/wp\/v2\/comments?post=4993"}],"version-history":[{"count":1,"href":"https:\/\/portaldoestado.com.br\/index.php\/wp-json\/wp\/v2\/posts\/4993\/revisions"}],"predecessor-version":[{"id":4994,"href":"https:\/\/portaldoestado.com.br\/index.php\/wp-json\/wp\/v2\/posts\/4993\/revisions\/4994"}],"wp:featuredmedia":[{"embeddable":true,"href":"https:\/\/portaldoestado.com.br\/index.php\/wp-json\/wp\/v2\/media\/4992"}],"wp:attachment":[{"href":"https:\/\/portaldoestado.com.br\/index.php\/wp-json\/wp\/v2\/media?parent=4993"}],"wp:term":[{"taxonomy":"category","embeddable":true,"href":"https:\/\/portaldoestado.com.br\/index.php\/wp-json\/wp\/v2\/categories?post=4993"},{"taxonomy":"post_tag","embeddable":true,"href":"https:\/\/portaldoestado.com.br\/index.php\/wp-json\/wp\/v2\/tags?post=4993"}],"curies":[{"name":"wp","href":"https:\/\/api.w.org\/{rel}","templated":true}]}}