{"id":4990,"date":"2025-12-06T15:25:56","date_gmt":"2025-12-06T15:25:56","guid":{"rendered":"https:\/\/portaldoestado.com.br\/?p=4990"},"modified":"2025-12-06T15:25:56","modified_gmt":"2025-12-06T15:25:56","slug":"karoline-lima-e-leo-pereira-retomam-relacionamento-apos-periodo-separados","status":"publish","type":"post","link":"https:\/\/portaldoestado.com.br\/index.php\/2025\/12\/06\/karoline-lima-e-leo-pereira-retomam-relacionamento-apos-periodo-separados\/","title":{"rendered":"Karoline Lima e L\u00e9o Pereira retomam relacionamento ap\u00f3s per\u00edodo separados"},"content":{"rendered":"\n<p>Depois de dois meses distantes, Karoline Lima e L\u00e9o Pereira decidiram dar uma nova chance ao amor. A influenciadora e o zagueiro do Flamengo anunciaram oficialmente a reconcilia\u00e7\u00e3o na noite desta sexta-feira (5\/12), encantando os f\u00e3s com um registro rom\u00e2ntico publicado simultaneamente nas redes sociais.<\/p>\n\n\n\n<p>Na foto, os dois surgem abra\u00e7ados, demonstrando sintonia renovada. L\u00e9o, que viveu uma semana marcante ao conquistar dois t\u00edtulos pelo Flamengo, aproveitou o momento para se declarar:\n<strong>\u201cEu quero voc\u00ea todos os dias. Se o destino nos uniu, \u00e9 porque ainda temos muito pra viver. Te amo.\u201d<\/strong><\/p>\n\n\n\n<p>A demonstra\u00e7\u00e3o p\u00fablica de afeto movimentou a web. Entre os coment\u00e1rios, Lucas Guimar\u00e3es deixou um \u201cLindos\u201d, enquanto o jogador Matheuzinho apareceu com emojis de cora\u00e7\u00e3o, celebrando o reencontro do casal.<\/p>\n\n\n\n<hr class=\"wp-block-separator has-alpha-channel-opacity\"\/>\n\n\n<!-- wp:heading \"level\":3 -->\n<h3 class=\"wp-block-heading\">Reaproxima\u00e7\u00e3o j\u00e1 vinha acontecendo<\/h3>\n<!-- \/wp:post-content -->\n\n<!-- wp:paragraph -->\n<p>O an\u00fancio da volta n\u00e3o surpreendeu completamente os internautas mais atentos. Desde que romperam em setembro, Karoline e L\u00e9o deram sinais de que a hist\u00f3ria entre eles poderia n\u00e3o ter chegado ao fim. O t\u00e9rmino havia sido marcado pela exclus\u00e3o de fotos, unfollow m\u00fatuo e mudan\u00e7a no tom das postagens.<\/p>\n<!-- \/wp:paragraph -->\n\n<!-- wp:paragraph -->\n<p>Mesmo assim, os dois continuaram circulando pelos mesmos lugares. Em outubro, foram vistos na Barra da Tijuca, no Rio de Janeiro, alimentando rumores de que a conviv\u00eancia seguia amig\u00e1vel. Em novembro, outro flagra no mesmo bairro refor\u00e7ou ainda mais a possibilidade de reconcilia\u00e7\u00e3o.<\/p>\n<!-- \/wp:paragraph -->\n\n<!-- wp:separator -->\n<hr class=\"wp-block-separator has-alpha-channel-opacity\"\/>\n<!-- \/wp:separator -->\n\n<!-- wp:heading \"level\":3 -->\n<h3 class=\"wp-block-heading\">Karoline j\u00e1 desconfiava que a volta poderia acontecer<\/h3>\n<!-- \/wp:heading -->\n\n<!-- wp:paragraph -->\n<p>Dias antes da confirma\u00e7\u00e3o oficial, Karoline comentou que n\u00e3o descartava reatar com o atleta. Com cautela, ela afirmou que tudo estava sendo tratado com leveza e sem pressa:\n<strong>\u201cVamos ver um dia de cada vez. A gente vai organizando aos poucos, mas vai tudo ser organizado.\u201d<\/strong><\/p>\n<!-- \/wp:paragraph -->\n\n<!-- wp:paragraph -->\n<p>Agora, com o relacionamento retomado e as demonstra\u00e7\u00f5es p\u00fablicas de carinho, f\u00e3s comemoram a nova fase do casal \u2014 que parece ter encontrado o momento certo para retomar a hist\u00f3ria.<\/p>\n<!-- \/wp:paragraph -->","protected":false},"excerpt":{"rendered":"<p>Depois de dois meses distantes, Karoline Lima e L\u00e9o Pereira decidiram dar uma nova chance ao amor. A influenciadora e o zagueiro do Flamengo anunciaram oficialmente a reconcilia\u00e7\u00e3o na noite desta sexta-feira (5\/12), encantando os f\u00e3s com um registro rom\u00e2ntico publicado simultaneamente nas redes sociais. Na foto, os dois surgem abra\u00e7ados, demonstrando sintonia renovada. L\u00e9o, \u2026<\/p>\n","protected":false},"author":2,"featured_media":4989,"comment_status":"closed","ping_status":"open","sticky":false,"template":"","format":"standard","meta":{"footnotes":""},"categories":[3],"tags":[],"class_list":["post-4990","post","type-post","status-publish","format-standard","has-post-thumbnail","hentry","category-famosos"],"yoast_head":"<!-- This site is optimized with the Yoast SEO plugin v25.5 - https:\/\/yoast.com\/wordpress\/plugins\/seo\/ -->\n<title>Karoline Lima e L\u00e9o Pereira retomam relacionamento ap\u00f3s per\u00edodo separados - Portal do Estado<\/title>\n<meta name=\"robots\" content=\"index, follow, max-snippet:-1, max-image-preview:large, max-video-preview:-1\" \/>\n<link rel=\"canonical\" href=\"https:\/\/portaldoestado.com.br\/index.php\/2025\/12\/06\/karoline-lima-e-leo-pereira-retomam-relacionamento-apos-periodo-separados\/\" \/>\n<meta property=\"og:locale\" content=\"pt_BR\" \/>\n<meta property=\"og:type\" content=\"article\" \/>\n<meta property=\"og:title\" content=\"Karoline Lima e L\u00e9o Pereira retomam relacionamento ap\u00f3s per\u00edodo separados - Portal do Estado\" \/>\n<meta property=\"og:description\" content=\"Depois de dois meses distantes, Karoline Lima e L\u00e9o Pereira decidiram dar uma nova chance ao amor. A influenciadora e o zagueiro do Flamengo anunciaram oficialmente a reconcilia\u00e7\u00e3o na noite desta sexta-feira (5\/12), encantando os f\u00e3s com um registro rom\u00e2ntico publicado simultaneamente nas redes sociais. Na foto, os dois surgem abra\u00e7ados, demonstrando sintonia renovada. L\u00e9o, \u2026\" \/>\n<meta property=\"og:url\" content=\"https:\/\/portaldoestado.com.br\/index.php\/2025\/12\/06\/karoline-lima-e-leo-pereira-retomam-relacionamento-apos-periodo-separados\/\" \/>\n<meta property=\"og:site_name\" content=\"Portal do Estado\" \/>\n<meta property=\"article:published_time\" content=\"2025-12-06T15:25:56+00:00\" \/>\n<meta name=\"author\" content=\"assessoriadefamosos\" \/>\n<meta name=\"twitter:card\" content=\"summary_large_image\" \/>\n<meta name=\"twitter:label1\" content=\"Escrito por\" \/>\n\t<meta name=\"twitter:data1\" content=\"assessoriadefamosos\" \/>\n\t<meta name=\"twitter:label2\" content=\"Est. tempo de leitura\" \/>\n\t<meta name=\"twitter:data2\" content=\"2 minutos\" \/>\n<script type=\"application\/ld+json\" class=\"yoast-schema-graph\">{\"@context\":\"https:\/\/schema.org\",\"@graph\":[{\"@type\":\"Article\",\"@id\":\"https:\/\/portaldoestado.com.br\/index.php\/2025\/12\/06\/karoline-lima-e-leo-pereira-retomam-relacionamento-apos-periodo-separados\/#article\",\"isPartOf\":{\"@id\":\"https:\/\/portaldoestado.com.br\/index.php\/2025\/12\/06\/karoline-lima-e-leo-pereira-retomam-relacionamento-apos-periodo-separados\/\"},\"author\":{\"name\":\"assessoriadefamosos\",\"@id\":\"https:\/\/portaldoestado.com.br\/#\/schema\/person\/5ca0174f3c8c84b59da62ea14b698cb9\"},\"headline\":\"Karoline Lima e L\u00e9o Pereira retomam relacionamento ap\u00f3s per\u00edodo separados\",\"datePublished\":\"2025-12-06T15:25:56+00:00\",\"mainEntityOfPage\":{\"@id\":\"https:\/\/portaldoestado.com.br\/index.php\/2025\/12\/06\/karoline-lima-e-leo-pereira-retomam-relacionamento-apos-periodo-separados\/\"},\"wordCount\":345,\"publisher\":{\"@id\":\"https:\/\/portaldoestado.com.br\/#organization\"},\"image\":{\"@id\":\"https:\/\/portaldoestado.com.br\/index.php\/2025\/12\/06\/karoline-lima-e-leo-pereira-retomam-relacionamento-apos-periodo-separados\/#primaryimage\"},\"thumbnailUrl\":\"https:\/\/portaldoestado.com.br\/wp-content\/uploads\/2025\/12\/befunky-collage-2024-07-05t185043.859.avif\",\"articleSection\":[\"Famosos\"],\"inLanguage\":\"pt-BR\"},{\"@type\":\"WebPage\",\"@id\":\"https:\/\/portaldoestado.com.br\/index.php\/2025\/12\/06\/karoline-lima-e-leo-pereira-retomam-relacionamento-apos-periodo-separados\/\",\"url\":\"https:\/\/portaldoestado.com.br\/index.php\/2025\/12\/06\/karoline-lima-e-leo-pereira-retomam-relacionamento-apos-periodo-separados\/\",\"name\":\"Karoline Lima e L\u00e9o Pereira retomam relacionamento ap\u00f3s per\u00edodo separados - Portal do Estado\",\"isPartOf\":{\"@id\":\"https:\/\/portaldoestado.com.br\/#website\"},\"primaryImageOfPage\":{\"@id\":\"https:\/\/portaldoestado.com.br\/index.php\/2025\/12\/06\/karoline-lima-e-leo-pereira-retomam-relacionamento-apos-periodo-separados\/#primaryimage\"},\"image\":{\"@id\":\"https:\/\/portaldoestado.com.br\/index.php\/2025\/12\/06\/karoline-lima-e-leo-pereira-retomam-relacionamento-apos-periodo-separados\/#primaryimage\"},\"thumbnailUrl\":\"https:\/\/portaldoestado.com.br\/wp-content\/uploads\/2025\/12\/befunky-collage-2024-07-05t185043.859.avif\",\"datePublished\":\"2025-12-06T15:25:56+00:00\",\"breadcrumb\":{\"@id\":\"https:\/\/portaldoestado.com.br\/index.php\/2025\/12\/06\/karoline-lima-e-leo-pereira-retomam-relacionamento-apos-periodo-separados\/#breadcrumb\"},\"inLanguage\":\"pt-BR\",\"potentialAction\":[{\"@type\":\"ReadAction\",\"target\":[\"https:\/\/portaldoestado.com.br\/index.php\/2025\/12\/06\/karoline-lima-e-leo-pereira-retomam-relacionamento-apos-periodo-separados\/\"]}]},{\"@type\":\"ImageObject\",\"inLanguage\":\"pt-BR\",\"@id\":\"https:\/\/portaldoestado.com.br\/index.php\/2025\/12\/06\/karoline-lima-e-leo-pereira-retomam-relacionamento-apos-periodo-separados\/#primaryimage\",\"url\":\"https:\/\/portaldoestado.com.br\/wp-content\/uploads\/2025\/12\/befunky-collage-2024-07-05t185043.859.avif\",\"contentUrl\":\"https:\/\/portaldoestado.com.br\/wp-content\/uploads\/2025\/12\/befunky-collage-2024-07-05t185043.859.avif\",\"width\":924,\"height\":545},{\"@type\":\"BreadcrumbList\",\"@id\":\"https:\/\/portaldoestado.com.br\/index.php\/2025\/12\/06\/karoline-lima-e-leo-pereira-retomam-relacionamento-apos-periodo-separados\/#breadcrumb\",\"itemListElement\":[{\"@type\":\"ListItem\",\"position\":1,\"name\":\"In\u00edcio\",\"item\":\"https:\/\/portaldoestado.com.br\/\"},{\"@type\":\"ListItem\",\"position\":2,\"name\":\"Karoline Lima e L\u00e9o Pereira retomam relacionamento ap\u00f3s per\u00edodo separados\"}]},{\"@type\":\"WebSite\",\"@id\":\"https:\/\/portaldoestado.com.br\/#website\",\"url\":\"https:\/\/portaldoestado.com.br\/\",\"name\":\"Portal do Estado\",\"description\":\"\",\"publisher\":{\"@id\":\"https:\/\/portaldoestado.com.br\/#organization\"},\"potentialAction\":[{\"@type\":\"SearchAction\",\"target\":{\"@type\":\"EntryPoint\",\"urlTemplate\":\"https:\/\/portaldoestado.com.br\/?s={search_term_string}\"},\"query-input\":{\"@type\":\"PropertyValueSpecification\",\"valueRequired\":true,\"valueName\":\"search_term_string\"}}],\"inLanguage\":\"pt-BR\"},{\"@type\":\"Organization\",\"@id\":\"https:\/\/portaldoestado.com.br\/#organization\",\"name\":\"Portal do Estado\",\"url\":\"https:\/\/portaldoestado.com.br\/\",\"logo\":{\"@type\":\"ImageObject\",\"inLanguage\":\"pt-BR\",\"@id\":\"https:\/\/portaldoestado.com.br\/#\/schema\/logo\/image\/\",\"url\":\"https:\/\/portaldoestado.com.br\/wp-content\/uploads\/2025\/04\/cropped-6f69b19a-6472-43bf-b1b3-e1910bbbd4e8.png\",\"contentUrl\":\"https:\/\/portaldoestado.com.br\/wp-content\/uploads\/2025\/04\/cropped-6f69b19a-6472-43bf-b1b3-e1910bbbd4e8.png\",\"width\":1024,\"height\":350,\"caption\":\"Portal do Estado\"},\"image\":{\"@id\":\"https:\/\/portaldoestado.com.br\/#\/schema\/logo\/image\/\"}},{\"@type\":\"Person\",\"@id\":\"https:\/\/portaldoestado.com.br\/#\/schema\/person\/5ca0174f3c8c84b59da62ea14b698cb9\",\"name\":\"assessoriadefamosos\",\"image\":{\"@type\":\"ImageObject\",\"inLanguage\":\"pt-BR\",\"@id\":\"https:\/\/portaldoestado.com.br\/#\/schema\/person\/image\/\",\"url\":\"https:\/\/secure.gravatar.com\/avatar\/a7acbdffcfbbae7240e59f47fe511ec5f5d8c252c779f0b8d9ab02a9e1d8c5ed?s=96&d=mm&r=g\",\"contentUrl\":\"https:\/\/secure.gravatar.com\/avatar\/a7acbdffcfbbae7240e59f47fe511ec5f5d8c252c779f0b8d9ab02a9e1d8c5ed?s=96&d=mm&r=g\",\"caption\":\"assessoriadefamosos\"},\"url\":\"https:\/\/portaldoestado.com.br\/index.php\/author\/assessoriadefamosos\/\"}]}<\/script>\n<!-- \/ Yoast SEO plugin. -->","yoast_head_json":{"title":"Karoline Lima e L\u00e9o Pereira retomam relacionamento ap\u00f3s per\u00edodo separados - Portal do Estado","robots":{"index":"index","follow":"follow","max-snippet":"max-snippet:-1","max-image-preview":"max-image-preview:large","max-video-preview":"max-video-preview:-1"},"canonical":"https:\/\/portaldoestado.com.br\/index.php\/2025\/12\/06\/karoline-lima-e-leo-pereira-retomam-relacionamento-apos-periodo-separados\/","og_locale":"pt_BR","og_type":"article","og_title":"Karoline Lima e L\u00e9o Pereira retomam relacionamento ap\u00f3s per\u00edodo separados - Portal do Estado","og_description":"Depois de dois meses distantes, Karoline Lima e L\u00e9o Pereira decidiram dar uma nova chance ao amor. A influenciadora e o zagueiro do Flamengo anunciaram oficialmente a reconcilia\u00e7\u00e3o na noite desta sexta-feira (5\/12), encantando os f\u00e3s com um registro rom\u00e2ntico publicado simultaneamente nas redes sociais. Na foto, os dois surgem abra\u00e7ados, demonstrando sintonia renovada. L\u00e9o, \u2026","og_url":"https:\/\/portaldoestado.com.br\/index.php\/2025\/12\/06\/karoline-lima-e-leo-pereira-retomam-relacionamento-apos-periodo-separados\/","og_site_name":"Portal do Estado","article_published_time":"2025-12-06T15:25:56+00:00","author":"assessoriadefamosos","twitter_card":"summary_large_image","twitter_misc":{"Escrito por":"assessoriadefamosos","Est. tempo de leitura":"2 minutos"},"schema":{"@context":"https:\/\/schema.org","@graph":[{"@type":"Article","@id":"https:\/\/portaldoestado.com.br\/index.php\/2025\/12\/06\/karoline-lima-e-leo-pereira-retomam-relacionamento-apos-periodo-separados\/#article","isPartOf":{"@id":"https:\/\/portaldoestado.com.br\/index.php\/2025\/12\/06\/karoline-lima-e-leo-pereira-retomam-relacionamento-apos-periodo-separados\/"},"author":{"name":"assessoriadefamosos","@id":"https:\/\/portaldoestado.com.br\/#\/schema\/person\/5ca0174f3c8c84b59da62ea14b698cb9"},"headline":"Karoline Lima e L\u00e9o Pereira retomam relacionamento ap\u00f3s per\u00edodo separados","datePublished":"2025-12-06T15:25:56+00:00","mainEntityOfPage":{"@id":"https:\/\/portaldoestado.com.br\/index.php\/2025\/12\/06\/karoline-lima-e-leo-pereira-retomam-relacionamento-apos-periodo-separados\/"},"wordCount":345,"publisher":{"@id":"https:\/\/portaldoestado.com.br\/#organization"},"image":{"@id":"https:\/\/portaldoestado.com.br\/index.php\/2025\/12\/06\/karoline-lima-e-leo-pereira-retomam-relacionamento-apos-periodo-separados\/#primaryimage"},"thumbnailUrl":"https:\/\/portaldoestado.com.br\/wp-content\/uploads\/2025\/12\/befunky-collage-2024-07-05t185043.859.avif","articleSection":["Famosos"],"inLanguage":"pt-BR"},{"@type":"WebPage","@id":"https:\/\/portaldoestado.com.br\/index.php\/2025\/12\/06\/karoline-lima-e-leo-pereira-retomam-relacionamento-apos-periodo-separados\/","url":"https:\/\/portaldoestado.com.br\/index.php\/2025\/12\/06\/karoline-lima-e-leo-pereira-retomam-relacionamento-apos-periodo-separados\/","name":"Karoline Lima e L\u00e9o Pereira retomam relacionamento ap\u00f3s per\u00edodo separados - Portal do Estado","isPartOf":{"@id":"https:\/\/portaldoestado.com.br\/#website"},"primaryImageOfPage":{"@id":"https:\/\/portaldoestado.com.br\/index.php\/2025\/12\/06\/karoline-lima-e-leo-pereira-retomam-relacionamento-apos-periodo-separados\/#primaryimage"},"image":{"@id":"https:\/\/portaldoestado.com.br\/index.php\/2025\/12\/06\/karoline-lima-e-leo-pereira-retomam-relacionamento-apos-periodo-separados\/#primaryimage"},"thumbnailUrl":"https:\/\/portaldoestado.com.br\/wp-content\/uploads\/2025\/12\/befunky-collage-2024-07-05t185043.859.avif","datePublished":"2025-12-06T15:25:56+00:00","breadcrumb":{"@id":"https:\/\/portaldoestado.com.br\/index.php\/2025\/12\/06\/karoline-lima-e-leo-pereira-retomam-relacionamento-apos-periodo-separados\/#breadcrumb"},"inLanguage":"pt-BR","potentialAction":[{"@type":"ReadAction","target":["https:\/\/portaldoestado.com.br\/index.php\/2025\/12\/06\/karoline-lima-e-leo-pereira-retomam-relacionamento-apos-periodo-separados\/"]}]},{"@type":"ImageObject","inLanguage":"pt-BR","@id":"https:\/\/portaldoestado.com.br\/index.php\/2025\/12\/06\/karoline-lima-e-leo-pereira-retomam-relacionamento-apos-periodo-separados\/#primaryimage","url":"https:\/\/portaldoestado.com.br\/wp-content\/uploads\/2025\/12\/befunky-collage-2024-07-05t185043.859.avif","contentUrl":"https:\/\/portaldoestado.com.br\/wp-content\/uploads\/2025\/12\/befunky-collage-2024-07-05t185043.859.avif","width":924,"height":545},{"@type":"BreadcrumbList","@id":"https:\/\/portaldoestado.com.br\/index.php\/2025\/12\/06\/karoline-lima-e-leo-pereira-retomam-relacionamento-apos-periodo-separados\/#breadcrumb","itemListElement":[{"@type":"ListItem","position":1,"name":"In\u00edcio","item":"https:\/\/portaldoestado.com.br\/"},{"@type":"ListItem","position":2,"name":"Karoline Lima e L\u00e9o Pereira retomam relacionamento ap\u00f3s per\u00edodo separados"}]},{"@type":"WebSite","@id":"https:\/\/portaldoestado.com.br\/#website","url":"https:\/\/portaldoestado.com.br\/","name":"Portal do Estado","description":"","publisher":{"@id":"https:\/\/portaldoestado.com.br\/#organization"},"potentialAction":[{"@type":"SearchAction","target":{"@type":"EntryPoint","urlTemplate":"https:\/\/portaldoestado.com.br\/?s={search_term_string}"},"query-input":{"@type":"PropertyValueSpecification","valueRequired":true,"valueName":"search_term_string"}}],"inLanguage":"pt-BR"},{"@type":"Organization","@id":"https:\/\/portaldoestado.com.br\/#organization","name":"Portal do Estado","url":"https:\/\/portaldoestado.com.br\/","logo":{"@type":"ImageObject","inLanguage":"pt-BR","@id":"https:\/\/portaldoestado.com.br\/#\/schema\/logo\/image\/","url":"https:\/\/portaldoestado.com.br\/wp-content\/uploads\/2025\/04\/cropped-6f69b19a-6472-43bf-b1b3-e1910bbbd4e8.png","contentUrl":"https:\/\/portaldoestado.com.br\/wp-content\/uploads\/2025\/04\/cropped-6f69b19a-6472-43bf-b1b3-e1910bbbd4e8.png","width":1024,"height":350,"caption":"Portal do Estado"},"image":{"@id":"https:\/\/portaldoestado.com.br\/#\/schema\/logo\/image\/"}},{"@type":"Person","@id":"https:\/\/portaldoestado.com.br\/#\/schema\/person\/5ca0174f3c8c84b59da62ea14b698cb9","name":"assessoriadefamosos","image":{"@type":"ImageObject","inLanguage":"pt-BR","@id":"https:\/\/portaldoestado.com.br\/#\/schema\/person\/image\/","url":"https:\/\/secure.gravatar.com\/avatar\/a7acbdffcfbbae7240e59f47fe511ec5f5d8c252c779f0b8d9ab02a9e1d8c5ed?s=96&d=mm&r=g","contentUrl":"https:\/\/secure.gravatar.com\/avatar\/a7acbdffcfbbae7240e59f47fe511ec5f5d8c252c779f0b8d9ab02a9e1d8c5ed?s=96&d=mm&r=g","caption":"assessoriadefamosos"},"url":"https:\/\/portaldoestado.com.br\/index.php\/author\/assessoriadefamosos\/"}]}},"jetpack_featured_media_url":"https:\/\/portaldoestado.com.br\/wp-content\/uploads\/2025\/12\/befunky-collage-2024-07-05t185043.859.avif","_links":{"self":[{"href":"https:\/\/portaldoestado.com.br\/index.php\/wp-json\/wp\/v2\/posts\/4990","targetHints":{"allow":["GET"]}}],"collection":[{"href":"https:\/\/portaldoestado.com.br\/index.php\/wp-json\/wp\/v2\/posts"}],"about":[{"href":"https:\/\/portaldoestado.com.br\/index.php\/wp-json\/wp\/v2\/types\/post"}],"author":[{"embeddable":true,"href":"https:\/\/portaldoestado.com.br\/index.php\/wp-json\/wp\/v2\/users\/2"}],"replies":[{"embeddable":true,"href":"https:\/\/portaldoestado.com.br\/index.php\/wp-json\/wp\/v2\/comments?post=4990"}],"version-history":[{"count":1,"href":"https:\/\/portaldoestado.com.br\/index.php\/wp-json\/wp\/v2\/posts\/4990\/revisions"}],"predecessor-version":[{"id":4991,"href":"https:\/\/portaldoestado.com.br\/index.php\/wp-json\/wp\/v2\/posts\/4990\/revisions\/4991"}],"wp:featuredmedia":[{"embeddable":true,"href":"https:\/\/portaldoestado.com.br\/index.php\/wp-json\/wp\/v2\/media\/4989"}],"wp:attachment":[{"href":"https:\/\/portaldoestado.com.br\/index.php\/wp-json\/wp\/v2\/media?parent=4990"}],"wp:term":[{"taxonomy":"category","embeddable":true,"href":"https:\/\/portaldoestado.com.br\/index.php\/wp-json\/wp\/v2\/categories?post=4990"},{"taxonomy":"post_tag","embeddable":true,"href":"https:\/\/portaldoestado.com.br\/index.php\/wp-json\/wp\/v2\/tags?post=4990"}],"curies":[{"name":"wp","href":"https:\/\/api.w.org\/{rel}","templated":true}]}}