{"id":4978,"date":"2025-12-05T21:36:54","date_gmt":"2025-12-05T21:36:54","guid":{"rendered":"https:\/\/portaldoestado.com.br\/?p=4978"},"modified":"2025-12-05T21:36:54","modified_gmt":"2025-12-05T21:36:54","slug":"marcia-dantas-leva-embate-com-luiz-bacci-aos-tribunais-e-busca-reparacao-por-danos-morais","status":"publish","type":"post","link":"https:\/\/portaldoestado.com.br\/index.php\/2025\/12\/05\/marcia-dantas-leva-embate-com-luiz-bacci-aos-tribunais-e-busca-reparacao-por-danos-morais\/","title":{"rendered":"M\u00e1rcia Dantas leva embate com Luiz Bacci aos tribunais e busca repara\u00e7\u00e3o por danos morais"},"content":{"rendered":"\n<p>O desacordo entre M\u00e1rcia Dantas e Luiz Bacci ganhou contornos judiciais ap\u00f3s a apresentadora mover uma a\u00e7\u00e3o contra o jornalista. Ela afirma ter sido alvo de ataques e insinua\u00e7\u00f5es prejudiciais publicados no perfil de Bacci no Instagram, e pede uma indeniza\u00e7\u00e3o de R$ 50 mil, al\u00e9m do direito de resposta \u2014 j\u00e1 assegurado pela Justi\u00e7a em decis\u00e3o inicial.<\/p>\n\n\n\n<p>O caso teve in\u00edcio quando M\u00e1rcia divulgou, em sua p\u00e1gina especializada em not\u00edcias, que o rapper Oruam estaria sendo considerado pelo PT do Rio de Janeiro para disputar um cargo nas elei\u00e7\u00f5es de 2026. A informa\u00e7\u00e3o, por\u00e9m, foi posteriormente negada pela pr\u00f3pria sigla, gerando repercuss\u00e3o entre internautas.<\/p>\n\n\n\n<p>A discuss\u00e3o escalou depois que Luiz Bacci compartilhou o epis\u00f3dio com seus mais de 25 milh\u00f5es de seguidores, alegando que M\u00e1rcia havia publicado conte\u00fado sem confirma\u00e7\u00e3o e sugerindo que ela se vitimizava ao lidar com cr\u00edticas. A postagem tamb\u00e9m levantava suspeitas sobre o motivo de sua sa\u00edda do SBT, insinuando problemas de comportamento \u2014 algo que M\u00e1rcia refuta com veem\u00eancia.<\/p>\n\n\n\n<p>Segundo a jornalista, sua demiss\u00e3o ocorreu em meio a ajustes internos no departamento de jornalismo da emissora, sem qualquer liga\u00e7\u00e3o com conflitos com colegas de trabalho. Para ela, as declara\u00e7\u00f5es divulgadas por Bacci extrapolaram o debate profissional e afetaram sua credibilidade.<\/p>\n\n\n\n<p>A ju\u00edza Maria Helena Bueno, da 5\u00aa Vara C\u00edvel de S\u00e3o Paulo, concedeu liminar que garante a M\u00e1rcia o direito de publicar sua resposta diretamente no perfil do apresentador. A an\u00e1lise sobre o pedido de indeniza\u00e7\u00e3o e demais solicita\u00e7\u00f5es segue em andamento.<\/p>\n\n\n\n<p>A equipe de Bacci afirmou \u00e0 imprensa que n\u00e3o foi formalmente comunicada da a\u00e7\u00e3o e que n\u00e3o pretende comentar disputas judiciais. M\u00e1rcia, por outro lado, refor\u00e7ou que o processo busca mais do que compensa\u00e7\u00e3o financeira \u2014 segundo ela, o objetivo \u00e9 garantir respeito \u00e0 sua imagem e uma retrata\u00e7\u00e3o clara diante do p\u00fablico.<\/p>\n","protected":false},"excerpt":{"rendered":"<p>O desacordo entre M\u00e1rcia Dantas e Luiz Bacci ganhou contornos judiciais ap\u00f3s a apresentadora mover uma a\u00e7\u00e3o contra o jornalista. Ela afirma ter sido alvo de ataques e insinua\u00e7\u00f5es prejudiciais publicados no perfil de Bacci no Instagram, e pede uma indeniza\u00e7\u00e3o de R$ 50 mil, al\u00e9m do direito de resposta \u2014 j\u00e1 assegurado pela Justi\u00e7a \u2026<\/p>\n","protected":false},"author":2,"featured_media":4977,"comment_status":"closed","ping_status":"open","sticky":false,"template":"","format":"standard","meta":{"footnotes":""},"categories":[3],"tags":[],"class_list":["post-4978","post","type-post","status-publish","format-standard","has-post-thumbnail","hentry","category-famosos"],"yoast_head":"<!-- This site is optimized with the Yoast SEO plugin v25.5 - https:\/\/yoast.com\/wordpress\/plugins\/seo\/ -->\n<title>M\u00e1rcia Dantas leva embate com Luiz Bacci aos tribunais e busca repara\u00e7\u00e3o por danos morais - Portal do Estado<\/title>\n<meta name=\"robots\" content=\"index, follow, max-snippet:-1, max-image-preview:large, max-video-preview:-1\" \/>\n<link rel=\"canonical\" href=\"https:\/\/portaldoestado.com.br\/index.php\/2025\/12\/05\/marcia-dantas-leva-embate-com-luiz-bacci-aos-tribunais-e-busca-reparacao-por-danos-morais\/\" \/>\n<meta property=\"og:locale\" content=\"pt_BR\" \/>\n<meta property=\"og:type\" content=\"article\" \/>\n<meta property=\"og:title\" content=\"M\u00e1rcia Dantas leva embate com Luiz Bacci aos tribunais e busca repara\u00e7\u00e3o por danos morais - Portal do Estado\" \/>\n<meta property=\"og:description\" content=\"O desacordo entre M\u00e1rcia Dantas e Luiz Bacci ganhou contornos judiciais ap\u00f3s a apresentadora mover uma a\u00e7\u00e3o contra o jornalista. Ela afirma ter sido alvo de ataques e insinua\u00e7\u00f5es prejudiciais publicados no perfil de Bacci no Instagram, e pede uma indeniza\u00e7\u00e3o de R$ 50 mil, al\u00e9m do direito de resposta \u2014 j\u00e1 assegurado pela Justi\u00e7a \u2026\" \/>\n<meta property=\"og:url\" content=\"https:\/\/portaldoestado.com.br\/index.php\/2025\/12\/05\/marcia-dantas-leva-embate-com-luiz-bacci-aos-tribunais-e-busca-reparacao-por-danos-morais\/\" \/>\n<meta property=\"og:site_name\" content=\"Portal do Estado\" \/>\n<meta property=\"article:published_time\" content=\"2025-12-05T21:36:54+00:00\" \/>\n<meta property=\"og:image\" content=\"https:\/\/portaldoestado.com.br\/wp-content\/uploads\/2025\/12\/marcia-dantas-bacci.jpg\" \/>\n\t<meta property=\"og:image:width\" content=\"1200\" \/>\n\t<meta property=\"og:image:height\" content=\"900\" \/>\n\t<meta property=\"og:image:type\" content=\"image\/jpeg\" \/>\n<meta name=\"author\" content=\"assessoriadefamosos\" \/>\n<meta name=\"twitter:card\" content=\"summary_large_image\" \/>\n<meta name=\"twitter:label1\" content=\"Escrito por\" \/>\n\t<meta name=\"twitter:data1\" content=\"assessoriadefamosos\" \/>\n\t<meta name=\"twitter:label2\" content=\"Est. tempo de leitura\" \/>\n\t<meta name=\"twitter:data2\" content=\"2 minutos\" \/>\n<script type=\"application\/ld+json\" class=\"yoast-schema-graph\">{\"@context\":\"https:\/\/schema.org\",\"@graph\":[{\"@type\":\"Article\",\"@id\":\"https:\/\/portaldoestado.com.br\/index.php\/2025\/12\/05\/marcia-dantas-leva-embate-com-luiz-bacci-aos-tribunais-e-busca-reparacao-por-danos-morais\/#article\",\"isPartOf\":{\"@id\":\"https:\/\/portaldoestado.com.br\/index.php\/2025\/12\/05\/marcia-dantas-leva-embate-com-luiz-bacci-aos-tribunais-e-busca-reparacao-por-danos-morais\/\"},\"author\":{\"name\":\"assessoriadefamosos\",\"@id\":\"https:\/\/portaldoestado.com.br\/#\/schema\/person\/5ca0174f3c8c84b59da62ea14b698cb9\"},\"headline\":\"M\u00e1rcia Dantas leva embate com Luiz Bacci aos tribunais e busca repara\u00e7\u00e3o por danos morais\",\"datePublished\":\"2025-12-05T21:36:54+00:00\",\"mainEntityOfPage\":{\"@id\":\"https:\/\/portaldoestado.com.br\/index.php\/2025\/12\/05\/marcia-dantas-leva-embate-com-luiz-bacci-aos-tribunais-e-busca-reparacao-por-danos-morais\/\"},\"wordCount\":354,\"publisher\":{\"@id\":\"https:\/\/portaldoestado.com.br\/#organization\"},\"image\":{\"@id\":\"https:\/\/portaldoestado.com.br\/index.php\/2025\/12\/05\/marcia-dantas-leva-embate-com-luiz-bacci-aos-tribunais-e-busca-reparacao-por-danos-morais\/#primaryimage\"},\"thumbnailUrl\":\"https:\/\/portaldoestado.com.br\/wp-content\/uploads\/2025\/12\/marcia-dantas-bacci.jpg\",\"articleSection\":[\"Famosos\"],\"inLanguage\":\"pt-BR\"},{\"@type\":\"WebPage\",\"@id\":\"https:\/\/portaldoestado.com.br\/index.php\/2025\/12\/05\/marcia-dantas-leva-embate-com-luiz-bacci-aos-tribunais-e-busca-reparacao-por-danos-morais\/\",\"url\":\"https:\/\/portaldoestado.com.br\/index.php\/2025\/12\/05\/marcia-dantas-leva-embate-com-luiz-bacci-aos-tribunais-e-busca-reparacao-por-danos-morais\/\",\"name\":\"M\u00e1rcia Dantas leva embate com Luiz Bacci aos tribunais e busca repara\u00e7\u00e3o por danos morais - Portal do Estado\",\"isPartOf\":{\"@id\":\"https:\/\/portaldoestado.com.br\/#website\"},\"primaryImageOfPage\":{\"@id\":\"https:\/\/portaldoestado.com.br\/index.php\/2025\/12\/05\/marcia-dantas-leva-embate-com-luiz-bacci-aos-tribunais-e-busca-reparacao-por-danos-morais\/#primaryimage\"},\"image\":{\"@id\":\"https:\/\/portaldoestado.com.br\/index.php\/2025\/12\/05\/marcia-dantas-leva-embate-com-luiz-bacci-aos-tribunais-e-busca-reparacao-por-danos-morais\/#primaryimage\"},\"thumbnailUrl\":\"https:\/\/portaldoestado.com.br\/wp-content\/uploads\/2025\/12\/marcia-dantas-bacci.jpg\",\"datePublished\":\"2025-12-05T21:36:54+00:00\",\"breadcrumb\":{\"@id\":\"https:\/\/portaldoestado.com.br\/index.php\/2025\/12\/05\/marcia-dantas-leva-embate-com-luiz-bacci-aos-tribunais-e-busca-reparacao-por-danos-morais\/#breadcrumb\"},\"inLanguage\":\"pt-BR\",\"potentialAction\":[{\"@type\":\"ReadAction\",\"target\":[\"https:\/\/portaldoestado.com.br\/index.php\/2025\/12\/05\/marcia-dantas-leva-embate-com-luiz-bacci-aos-tribunais-e-busca-reparacao-por-danos-morais\/\"]}]},{\"@type\":\"ImageObject\",\"inLanguage\":\"pt-BR\",\"@id\":\"https:\/\/portaldoestado.com.br\/index.php\/2025\/12\/05\/marcia-dantas-leva-embate-com-luiz-bacci-aos-tribunais-e-busca-reparacao-por-danos-morais\/#primaryimage\",\"url\":\"https:\/\/portaldoestado.com.br\/wp-content\/uploads\/2025\/12\/marcia-dantas-bacci.jpg\",\"contentUrl\":\"https:\/\/portaldoestado.com.br\/wp-content\/uploads\/2025\/12\/marcia-dantas-bacci.jpg\",\"width\":1200,\"height\":900},{\"@type\":\"BreadcrumbList\",\"@id\":\"https:\/\/portaldoestado.com.br\/index.php\/2025\/12\/05\/marcia-dantas-leva-embate-com-luiz-bacci-aos-tribunais-e-busca-reparacao-por-danos-morais\/#breadcrumb\",\"itemListElement\":[{\"@type\":\"ListItem\",\"position\":1,\"name\":\"In\u00edcio\",\"item\":\"https:\/\/portaldoestado.com.br\/\"},{\"@type\":\"ListItem\",\"position\":2,\"name\":\"M\u00e1rcia Dantas leva embate com Luiz Bacci aos tribunais e busca repara\u00e7\u00e3o por danos morais\"}]},{\"@type\":\"WebSite\",\"@id\":\"https:\/\/portaldoestado.com.br\/#website\",\"url\":\"https:\/\/portaldoestado.com.br\/\",\"name\":\"Portal do Estado\",\"description\":\"\",\"publisher\":{\"@id\":\"https:\/\/portaldoestado.com.br\/#organization\"},\"potentialAction\":[{\"@type\":\"SearchAction\",\"target\":{\"@type\":\"EntryPoint\",\"urlTemplate\":\"https:\/\/portaldoestado.com.br\/?s={search_term_string}\"},\"query-input\":{\"@type\":\"PropertyValueSpecification\",\"valueRequired\":true,\"valueName\":\"search_term_string\"}}],\"inLanguage\":\"pt-BR\"},{\"@type\":\"Organization\",\"@id\":\"https:\/\/portaldoestado.com.br\/#organization\",\"name\":\"Portal do Estado\",\"url\":\"https:\/\/portaldoestado.com.br\/\",\"logo\":{\"@type\":\"ImageObject\",\"inLanguage\":\"pt-BR\",\"@id\":\"https:\/\/portaldoestado.com.br\/#\/schema\/logo\/image\/\",\"url\":\"https:\/\/portaldoestado.com.br\/wp-content\/uploads\/2025\/04\/cropped-6f69b19a-6472-43bf-b1b3-e1910bbbd4e8.png\",\"contentUrl\":\"https:\/\/portaldoestado.com.br\/wp-content\/uploads\/2025\/04\/cropped-6f69b19a-6472-43bf-b1b3-e1910bbbd4e8.png\",\"width\":1024,\"height\":350,\"caption\":\"Portal do Estado\"},\"image\":{\"@id\":\"https:\/\/portaldoestado.com.br\/#\/schema\/logo\/image\/\"}},{\"@type\":\"Person\",\"@id\":\"https:\/\/portaldoestado.com.br\/#\/schema\/person\/5ca0174f3c8c84b59da62ea14b698cb9\",\"name\":\"assessoriadefamosos\",\"image\":{\"@type\":\"ImageObject\",\"inLanguage\":\"pt-BR\",\"@id\":\"https:\/\/portaldoestado.com.br\/#\/schema\/person\/image\/\",\"url\":\"https:\/\/secure.gravatar.com\/avatar\/a7acbdffcfbbae7240e59f47fe511ec5f5d8c252c779f0b8d9ab02a9e1d8c5ed?s=96&d=mm&r=g\",\"contentUrl\":\"https:\/\/secure.gravatar.com\/avatar\/a7acbdffcfbbae7240e59f47fe511ec5f5d8c252c779f0b8d9ab02a9e1d8c5ed?s=96&d=mm&r=g\",\"caption\":\"assessoriadefamosos\"},\"url\":\"https:\/\/portaldoestado.com.br\/index.php\/author\/assessoriadefamosos\/\"}]}<\/script>\n<!-- \/ Yoast SEO plugin. -->","yoast_head_json":{"title":"M\u00e1rcia Dantas leva embate com Luiz Bacci aos tribunais e busca repara\u00e7\u00e3o por danos morais - Portal do Estado","robots":{"index":"index","follow":"follow","max-snippet":"max-snippet:-1","max-image-preview":"max-image-preview:large","max-video-preview":"max-video-preview:-1"},"canonical":"https:\/\/portaldoestado.com.br\/index.php\/2025\/12\/05\/marcia-dantas-leva-embate-com-luiz-bacci-aos-tribunais-e-busca-reparacao-por-danos-morais\/","og_locale":"pt_BR","og_type":"article","og_title":"M\u00e1rcia Dantas leva embate com Luiz Bacci aos tribunais e busca repara\u00e7\u00e3o por danos morais - Portal do Estado","og_description":"O desacordo entre M\u00e1rcia Dantas e Luiz Bacci ganhou contornos judiciais ap\u00f3s a apresentadora mover uma a\u00e7\u00e3o contra o jornalista. Ela afirma ter sido alvo de ataques e insinua\u00e7\u00f5es prejudiciais publicados no perfil de Bacci no Instagram, e pede uma indeniza\u00e7\u00e3o de R$ 50 mil, al\u00e9m do direito de resposta \u2014 j\u00e1 assegurado pela Justi\u00e7a \u2026","og_url":"https:\/\/portaldoestado.com.br\/index.php\/2025\/12\/05\/marcia-dantas-leva-embate-com-luiz-bacci-aos-tribunais-e-busca-reparacao-por-danos-morais\/","og_site_name":"Portal do Estado","article_published_time":"2025-12-05T21:36:54+00:00","og_image":[{"width":1200,"height":900,"url":"https:\/\/portaldoestado.com.br\/wp-content\/uploads\/2025\/12\/marcia-dantas-bacci.jpg","type":"image\/jpeg"}],"author":"assessoriadefamosos","twitter_card":"summary_large_image","twitter_misc":{"Escrito por":"assessoriadefamosos","Est. tempo de leitura":"2 minutos"},"schema":{"@context":"https:\/\/schema.org","@graph":[{"@type":"Article","@id":"https:\/\/portaldoestado.com.br\/index.php\/2025\/12\/05\/marcia-dantas-leva-embate-com-luiz-bacci-aos-tribunais-e-busca-reparacao-por-danos-morais\/#article","isPartOf":{"@id":"https:\/\/portaldoestado.com.br\/index.php\/2025\/12\/05\/marcia-dantas-leva-embate-com-luiz-bacci-aos-tribunais-e-busca-reparacao-por-danos-morais\/"},"author":{"name":"assessoriadefamosos","@id":"https:\/\/portaldoestado.com.br\/#\/schema\/person\/5ca0174f3c8c84b59da62ea14b698cb9"},"headline":"M\u00e1rcia Dantas leva embate com Luiz Bacci aos tribunais e busca repara\u00e7\u00e3o por danos morais","datePublished":"2025-12-05T21:36:54+00:00","mainEntityOfPage":{"@id":"https:\/\/portaldoestado.com.br\/index.php\/2025\/12\/05\/marcia-dantas-leva-embate-com-luiz-bacci-aos-tribunais-e-busca-reparacao-por-danos-morais\/"},"wordCount":354,"publisher":{"@id":"https:\/\/portaldoestado.com.br\/#organization"},"image":{"@id":"https:\/\/portaldoestado.com.br\/index.php\/2025\/12\/05\/marcia-dantas-leva-embate-com-luiz-bacci-aos-tribunais-e-busca-reparacao-por-danos-morais\/#primaryimage"},"thumbnailUrl":"https:\/\/portaldoestado.com.br\/wp-content\/uploads\/2025\/12\/marcia-dantas-bacci.jpg","articleSection":["Famosos"],"inLanguage":"pt-BR"},{"@type":"WebPage","@id":"https:\/\/portaldoestado.com.br\/index.php\/2025\/12\/05\/marcia-dantas-leva-embate-com-luiz-bacci-aos-tribunais-e-busca-reparacao-por-danos-morais\/","url":"https:\/\/portaldoestado.com.br\/index.php\/2025\/12\/05\/marcia-dantas-leva-embate-com-luiz-bacci-aos-tribunais-e-busca-reparacao-por-danos-morais\/","name":"M\u00e1rcia Dantas leva embate com Luiz Bacci aos tribunais e busca repara\u00e7\u00e3o por danos morais - Portal do Estado","isPartOf":{"@id":"https:\/\/portaldoestado.com.br\/#website"},"primaryImageOfPage":{"@id":"https:\/\/portaldoestado.com.br\/index.php\/2025\/12\/05\/marcia-dantas-leva-embate-com-luiz-bacci-aos-tribunais-e-busca-reparacao-por-danos-morais\/#primaryimage"},"image":{"@id":"https:\/\/portaldoestado.com.br\/index.php\/2025\/12\/05\/marcia-dantas-leva-embate-com-luiz-bacci-aos-tribunais-e-busca-reparacao-por-danos-morais\/#primaryimage"},"thumbnailUrl":"https:\/\/portaldoestado.com.br\/wp-content\/uploads\/2025\/12\/marcia-dantas-bacci.jpg","datePublished":"2025-12-05T21:36:54+00:00","breadcrumb":{"@id":"https:\/\/portaldoestado.com.br\/index.php\/2025\/12\/05\/marcia-dantas-leva-embate-com-luiz-bacci-aos-tribunais-e-busca-reparacao-por-danos-morais\/#breadcrumb"},"inLanguage":"pt-BR","potentialAction":[{"@type":"ReadAction","target":["https:\/\/portaldoestado.com.br\/index.php\/2025\/12\/05\/marcia-dantas-leva-embate-com-luiz-bacci-aos-tribunais-e-busca-reparacao-por-danos-morais\/"]}]},{"@type":"ImageObject","inLanguage":"pt-BR","@id":"https:\/\/portaldoestado.com.br\/index.php\/2025\/12\/05\/marcia-dantas-leva-embate-com-luiz-bacci-aos-tribunais-e-busca-reparacao-por-danos-morais\/#primaryimage","url":"https:\/\/portaldoestado.com.br\/wp-content\/uploads\/2025\/12\/marcia-dantas-bacci.jpg","contentUrl":"https:\/\/portaldoestado.com.br\/wp-content\/uploads\/2025\/12\/marcia-dantas-bacci.jpg","width":1200,"height":900},{"@type":"BreadcrumbList","@id":"https:\/\/portaldoestado.com.br\/index.php\/2025\/12\/05\/marcia-dantas-leva-embate-com-luiz-bacci-aos-tribunais-e-busca-reparacao-por-danos-morais\/#breadcrumb","itemListElement":[{"@type":"ListItem","position":1,"name":"In\u00edcio","item":"https:\/\/portaldoestado.com.br\/"},{"@type":"ListItem","position":2,"name":"M\u00e1rcia Dantas leva embate com Luiz Bacci aos tribunais e busca repara\u00e7\u00e3o por danos morais"}]},{"@type":"WebSite","@id":"https:\/\/portaldoestado.com.br\/#website","url":"https:\/\/portaldoestado.com.br\/","name":"Portal do Estado","description":"","publisher":{"@id":"https:\/\/portaldoestado.com.br\/#organization"},"potentialAction":[{"@type":"SearchAction","target":{"@type":"EntryPoint","urlTemplate":"https:\/\/portaldoestado.com.br\/?s={search_term_string}"},"query-input":{"@type":"PropertyValueSpecification","valueRequired":true,"valueName":"search_term_string"}}],"inLanguage":"pt-BR"},{"@type":"Organization","@id":"https:\/\/portaldoestado.com.br\/#organization","name":"Portal do Estado","url":"https:\/\/portaldoestado.com.br\/","logo":{"@type":"ImageObject","inLanguage":"pt-BR","@id":"https:\/\/portaldoestado.com.br\/#\/schema\/logo\/image\/","url":"https:\/\/portaldoestado.com.br\/wp-content\/uploads\/2025\/04\/cropped-6f69b19a-6472-43bf-b1b3-e1910bbbd4e8.png","contentUrl":"https:\/\/portaldoestado.com.br\/wp-content\/uploads\/2025\/04\/cropped-6f69b19a-6472-43bf-b1b3-e1910bbbd4e8.png","width":1024,"height":350,"caption":"Portal do Estado"},"image":{"@id":"https:\/\/portaldoestado.com.br\/#\/schema\/logo\/image\/"}},{"@type":"Person","@id":"https:\/\/portaldoestado.com.br\/#\/schema\/person\/5ca0174f3c8c84b59da62ea14b698cb9","name":"assessoriadefamosos","image":{"@type":"ImageObject","inLanguage":"pt-BR","@id":"https:\/\/portaldoestado.com.br\/#\/schema\/person\/image\/","url":"https:\/\/secure.gravatar.com\/avatar\/a7acbdffcfbbae7240e59f47fe511ec5f5d8c252c779f0b8d9ab02a9e1d8c5ed?s=96&d=mm&r=g","contentUrl":"https:\/\/secure.gravatar.com\/avatar\/a7acbdffcfbbae7240e59f47fe511ec5f5d8c252c779f0b8d9ab02a9e1d8c5ed?s=96&d=mm&r=g","caption":"assessoriadefamosos"},"url":"https:\/\/portaldoestado.com.br\/index.php\/author\/assessoriadefamosos\/"}]}},"jetpack_featured_media_url":"https:\/\/portaldoestado.com.br\/wp-content\/uploads\/2025\/12\/marcia-dantas-bacci.jpg","_links":{"self":[{"href":"https:\/\/portaldoestado.com.br\/index.php\/wp-json\/wp\/v2\/posts\/4978","targetHints":{"allow":["GET"]}}],"collection":[{"href":"https:\/\/portaldoestado.com.br\/index.php\/wp-json\/wp\/v2\/posts"}],"about":[{"href":"https:\/\/portaldoestado.com.br\/index.php\/wp-json\/wp\/v2\/types\/post"}],"author":[{"embeddable":true,"href":"https:\/\/portaldoestado.com.br\/index.php\/wp-json\/wp\/v2\/users\/2"}],"replies":[{"embeddable":true,"href":"https:\/\/portaldoestado.com.br\/index.php\/wp-json\/wp\/v2\/comments?post=4978"}],"version-history":[{"count":1,"href":"https:\/\/portaldoestado.com.br\/index.php\/wp-json\/wp\/v2\/posts\/4978\/revisions"}],"predecessor-version":[{"id":4979,"href":"https:\/\/portaldoestado.com.br\/index.php\/wp-json\/wp\/v2\/posts\/4978\/revisions\/4979"}],"wp:featuredmedia":[{"embeddable":true,"href":"https:\/\/portaldoestado.com.br\/index.php\/wp-json\/wp\/v2\/media\/4977"}],"wp:attachment":[{"href":"https:\/\/portaldoestado.com.br\/index.php\/wp-json\/wp\/v2\/media?parent=4978"}],"wp:term":[{"taxonomy":"category","embeddable":true,"href":"https:\/\/portaldoestado.com.br\/index.php\/wp-json\/wp\/v2\/categories?post=4978"},{"taxonomy":"post_tag","embeddable":true,"href":"https:\/\/portaldoestado.com.br\/index.php\/wp-json\/wp\/v2\/tags?post=4978"}],"curies":[{"name":"wp","href":"https:\/\/api.w.org\/{rel}","templated":true}]}}