{"id":4870,"date":"2025-12-02T20:08:10","date_gmt":"2025-12-02T20:08:10","guid":{"rendered":"https:\/\/portaldoestado.com.br\/?p=4870"},"modified":"2025-12-02T20:08:10","modified_gmt":"2025-12-02T20:08:10","slug":"mavie-filha-de-neymar-e-bruna-biancardi-vive-experiencia-encantadora-em-vila-natalina-e-entrega-primeira-cartinha-ao-papai-noel","status":"publish","type":"post","link":"https:\/\/portaldoestado.com.br\/index.php\/2025\/12\/02\/mavie-filha-de-neymar-e-bruna-biancardi-vive-experiencia-encantadora-em-vila-natalina-e-entrega-primeira-cartinha-ao-papai-noel\/","title":{"rendered":"Mavie, filha de Neymar e Bruna Biancardi, vive experi\u00eancia encantadora em vila natalina e entrega primeira cartinha ao Papai Noel"},"content":{"rendered":"\n<p>O esp\u00edrito natalino j\u00e1 tomou conta da casa de Neymar Jr. e Bruna Biancardi \u2014 e quem mais aproveitou o clima foi a pequena <strong>Mavie<\/strong>, de dois anos. A menina protagonizou um momento especial ao visitar uma vila tem\u00e1tica em S\u00e3o Paulo e escrever sua primeira cartinha para o Papai Noel, em um passeio cheio de encanto e descobertas nesta segunda-feira (1\u00ba\/12).<\/p>\n\n\n\n<p>Bruna registrou toda a experi\u00eancia nas redes sociais. Em um dos v\u00eddeos, Mavie aparece sorridente, acenando para o Papai Noel enquanto saboreia um sorvete \u2014 que, para ela, acabou sendo o ponto alto da visita. A sinceridade da pequena divertiu a m\u00e3e e rendeu coment\u00e1rios carinhosos dos seguidores.<\/p>\n\n\n\n<p>A fam\u00edlia esteve na <strong>Villa de Natal S\u00e3o Paulo<\/strong>, no Parque Villa-Lobos, que conta com cen\u00e1rios fotogr\u00e1ficos, atividades interativas, apresenta\u00e7\u00f5es, a tradicional casa do Papai Noel e oficinas que estimulam a criatividade das crian\u00e7as. A atra\u00e7\u00e3o segue aberta at\u00e9 o dia 28 de dezembro.<\/p>\n\n\n\n<p>Al\u00e9m de Mavie, Neymar e Bruna tamb\u00e9m s\u00e3o pais de <strong>Mel<\/strong>, beb\u00ea que nasceu em julho. O jogador ainda \u00e9 pai de <strong>Davi Lucca<\/strong>, de 14 anos, e de <strong>Helena<\/strong>, de um ano.<\/p>\n\n\n\n<p>Com brilho nos olhos e muita do\u00e7ura, Mavie mostrou que a magia do Natal j\u00e1 come\u00e7ou \u2014 e que sua primeira cartinha promete dar in\u00edcio a muitas tradi\u00e7\u00f5es afetivas da fam\u00edlia.<\/p>\n","protected":false},"excerpt":{"rendered":"<p>O esp\u00edrito natalino j\u00e1 tomou conta da casa de Neymar Jr. e Bruna Biancardi \u2014 e quem mais aproveitou o clima foi a pequena Mavie, de dois anos. A menina protagonizou um momento especial ao visitar uma vila tem\u00e1tica em S\u00e3o Paulo e escrever sua primeira cartinha para o Papai Noel, em um passeio cheio \u2026<\/p>\n","protected":false},"author":2,"featured_media":4869,"comment_status":"closed","ping_status":"open","sticky":false,"template":"","format":"standard","meta":{"footnotes":""},"categories":[3],"tags":[],"class_list":["post-4870","post","type-post","status-publish","format-standard","has-post-thumbnail","hentry","category-famosos"],"yoast_head":"<!-- This site is optimized with the Yoast SEO plugin v25.5 - https:\/\/yoast.com\/wordpress\/plugins\/seo\/ -->\n<title>Mavie, filha de Neymar e Bruna Biancardi, vive experi\u00eancia encantadora em vila natalina e entrega primeira cartinha ao Papai Noel - Portal do Estado<\/title>\n<meta name=\"robots\" content=\"index, follow, max-snippet:-1, max-image-preview:large, max-video-preview:-1\" \/>\n<link rel=\"canonical\" href=\"https:\/\/portaldoestado.com.br\/index.php\/2025\/12\/02\/mavie-filha-de-neymar-e-bruna-biancardi-vive-experiencia-encantadora-em-vila-natalina-e-entrega-primeira-cartinha-ao-papai-noel\/\" \/>\n<meta property=\"og:locale\" content=\"pt_BR\" \/>\n<meta property=\"og:type\" content=\"article\" \/>\n<meta property=\"og:title\" content=\"Mavie, filha de Neymar e Bruna Biancardi, vive experi\u00eancia encantadora em vila natalina e entrega primeira cartinha ao Papai Noel - Portal do Estado\" \/>\n<meta property=\"og:description\" content=\"O esp\u00edrito natalino j\u00e1 tomou conta da casa de Neymar Jr. e Bruna Biancardi \u2014 e quem mais aproveitou o clima foi a pequena Mavie, de dois anos. A menina protagonizou um momento especial ao visitar uma vila tem\u00e1tica em S\u00e3o Paulo e escrever sua primeira cartinha para o Papai Noel, em um passeio cheio \u2026\" \/>\n<meta property=\"og:url\" content=\"https:\/\/portaldoestado.com.br\/index.php\/2025\/12\/02\/mavie-filha-de-neymar-e-bruna-biancardi-vive-experiencia-encantadora-em-vila-natalina-e-entrega-primeira-cartinha-ao-papai-noel\/\" \/>\n<meta property=\"og:site_name\" content=\"Portal do Estado\" \/>\n<meta property=\"article:published_time\" content=\"2025-12-02T20:08:10+00:00\" \/>\n<meta property=\"og:image\" content=\"https:\/\/portaldoestado.com.br\/wp-content\/uploads\/2025\/12\/foto-leo-dias-2025-12-01T234701.165.png\" \/>\n\t<meta property=\"og:image:width\" content=\"1200\" \/>\n\t<meta property=\"og:image:height\" content=\"900\" \/>\n\t<meta property=\"og:image:type\" content=\"image\/png\" \/>\n<meta name=\"author\" content=\"assessoriadefamosos\" \/>\n<meta name=\"twitter:card\" content=\"summary_large_image\" \/>\n<meta name=\"twitter:label1\" content=\"Escrito por\" \/>\n\t<meta name=\"twitter:data1\" content=\"assessoriadefamosos\" \/>\n\t<meta name=\"twitter:label2\" content=\"Est. tempo de leitura\" \/>\n\t<meta name=\"twitter:data2\" content=\"1 minuto\" \/>\n<script type=\"application\/ld+json\" class=\"yoast-schema-graph\">{\"@context\":\"https:\/\/schema.org\",\"@graph\":[{\"@type\":\"Article\",\"@id\":\"https:\/\/portaldoestado.com.br\/index.php\/2025\/12\/02\/mavie-filha-de-neymar-e-bruna-biancardi-vive-experiencia-encantadora-em-vila-natalina-e-entrega-primeira-cartinha-ao-papai-noel\/#article\",\"isPartOf\":{\"@id\":\"https:\/\/portaldoestado.com.br\/index.php\/2025\/12\/02\/mavie-filha-de-neymar-e-bruna-biancardi-vive-experiencia-encantadora-em-vila-natalina-e-entrega-primeira-cartinha-ao-papai-noel\/\"},\"author\":{\"name\":\"assessoriadefamosos\",\"@id\":\"https:\/\/portaldoestado.com.br\/#\/schema\/person\/5ca0174f3c8c84b59da62ea14b698cb9\"},\"headline\":\"Mavie, filha de Neymar e Bruna Biancardi, vive experi\u00eancia encantadora em vila natalina e entrega primeira cartinha ao Papai Noel\",\"datePublished\":\"2025-12-02T20:08:10+00:00\",\"mainEntityOfPage\":{\"@id\":\"https:\/\/portaldoestado.com.br\/index.php\/2025\/12\/02\/mavie-filha-de-neymar-e-bruna-biancardi-vive-experiencia-encantadora-em-vila-natalina-e-entrega-primeira-cartinha-ao-papai-noel\/\"},\"wordCount\":254,\"publisher\":{\"@id\":\"https:\/\/portaldoestado.com.br\/#organization\"},\"image\":{\"@id\":\"https:\/\/portaldoestado.com.br\/index.php\/2025\/12\/02\/mavie-filha-de-neymar-e-bruna-biancardi-vive-experiencia-encantadora-em-vila-natalina-e-entrega-primeira-cartinha-ao-papai-noel\/#primaryimage\"},\"thumbnailUrl\":\"https:\/\/portaldoestado.com.br\/wp-content\/uploads\/2025\/12\/foto-leo-dias-2025-12-01T234701.165.png\",\"articleSection\":[\"Famosos\"],\"inLanguage\":\"pt-BR\"},{\"@type\":\"WebPage\",\"@id\":\"https:\/\/portaldoestado.com.br\/index.php\/2025\/12\/02\/mavie-filha-de-neymar-e-bruna-biancardi-vive-experiencia-encantadora-em-vila-natalina-e-entrega-primeira-cartinha-ao-papai-noel\/\",\"url\":\"https:\/\/portaldoestado.com.br\/index.php\/2025\/12\/02\/mavie-filha-de-neymar-e-bruna-biancardi-vive-experiencia-encantadora-em-vila-natalina-e-entrega-primeira-cartinha-ao-papai-noel\/\",\"name\":\"Mavie, filha de Neymar e Bruna Biancardi, vive experi\u00eancia encantadora em vila natalina e entrega primeira cartinha ao Papai Noel - Portal do Estado\",\"isPartOf\":{\"@id\":\"https:\/\/portaldoestado.com.br\/#website\"},\"primaryImageOfPage\":{\"@id\":\"https:\/\/portaldoestado.com.br\/index.php\/2025\/12\/02\/mavie-filha-de-neymar-e-bruna-biancardi-vive-experiencia-encantadora-em-vila-natalina-e-entrega-primeira-cartinha-ao-papai-noel\/#primaryimage\"},\"image\":{\"@id\":\"https:\/\/portaldoestado.com.br\/index.php\/2025\/12\/02\/mavie-filha-de-neymar-e-bruna-biancardi-vive-experiencia-encantadora-em-vila-natalina-e-entrega-primeira-cartinha-ao-papai-noel\/#primaryimage\"},\"thumbnailUrl\":\"https:\/\/portaldoestado.com.br\/wp-content\/uploads\/2025\/12\/foto-leo-dias-2025-12-01T234701.165.png\",\"datePublished\":\"2025-12-02T20:08:10+00:00\",\"breadcrumb\":{\"@id\":\"https:\/\/portaldoestado.com.br\/index.php\/2025\/12\/02\/mavie-filha-de-neymar-e-bruna-biancardi-vive-experiencia-encantadora-em-vila-natalina-e-entrega-primeira-cartinha-ao-papai-noel\/#breadcrumb\"},\"inLanguage\":\"pt-BR\",\"potentialAction\":[{\"@type\":\"ReadAction\",\"target\":[\"https:\/\/portaldoestado.com.br\/index.php\/2025\/12\/02\/mavie-filha-de-neymar-e-bruna-biancardi-vive-experiencia-encantadora-em-vila-natalina-e-entrega-primeira-cartinha-ao-papai-noel\/\"]}]},{\"@type\":\"ImageObject\",\"inLanguage\":\"pt-BR\",\"@id\":\"https:\/\/portaldoestado.com.br\/index.php\/2025\/12\/02\/mavie-filha-de-neymar-e-bruna-biancardi-vive-experiencia-encantadora-em-vila-natalina-e-entrega-primeira-cartinha-ao-papai-noel\/#primaryimage\",\"url\":\"https:\/\/portaldoestado.com.br\/wp-content\/uploads\/2025\/12\/foto-leo-dias-2025-12-01T234701.165.png\",\"contentUrl\":\"https:\/\/portaldoestado.com.br\/wp-content\/uploads\/2025\/12\/foto-leo-dias-2025-12-01T234701.165.png\",\"width\":1200,\"height\":900},{\"@type\":\"BreadcrumbList\",\"@id\":\"https:\/\/portaldoestado.com.br\/index.php\/2025\/12\/02\/mavie-filha-de-neymar-e-bruna-biancardi-vive-experiencia-encantadora-em-vila-natalina-e-entrega-primeira-cartinha-ao-papai-noel\/#breadcrumb\",\"itemListElement\":[{\"@type\":\"ListItem\",\"position\":1,\"name\":\"In\u00edcio\",\"item\":\"https:\/\/portaldoestado.com.br\/\"},{\"@type\":\"ListItem\",\"position\":2,\"name\":\"Mavie, filha de Neymar e Bruna Biancardi, vive experi\u00eancia encantadora em vila natalina e entrega primeira cartinha ao Papai Noel\"}]},{\"@type\":\"WebSite\",\"@id\":\"https:\/\/portaldoestado.com.br\/#website\",\"url\":\"https:\/\/portaldoestado.com.br\/\",\"name\":\"Portal do Estado\",\"description\":\"\",\"publisher\":{\"@id\":\"https:\/\/portaldoestado.com.br\/#organization\"},\"potentialAction\":[{\"@type\":\"SearchAction\",\"target\":{\"@type\":\"EntryPoint\",\"urlTemplate\":\"https:\/\/portaldoestado.com.br\/?s={search_term_string}\"},\"query-input\":{\"@type\":\"PropertyValueSpecification\",\"valueRequired\":true,\"valueName\":\"search_term_string\"}}],\"inLanguage\":\"pt-BR\"},{\"@type\":\"Organization\",\"@id\":\"https:\/\/portaldoestado.com.br\/#organization\",\"name\":\"Portal do Estado\",\"url\":\"https:\/\/portaldoestado.com.br\/\",\"logo\":{\"@type\":\"ImageObject\",\"inLanguage\":\"pt-BR\",\"@id\":\"https:\/\/portaldoestado.com.br\/#\/schema\/logo\/image\/\",\"url\":\"https:\/\/portaldoestado.com.br\/wp-content\/uploads\/2025\/04\/cropped-6f69b19a-6472-43bf-b1b3-e1910bbbd4e8.png\",\"contentUrl\":\"https:\/\/portaldoestado.com.br\/wp-content\/uploads\/2025\/04\/cropped-6f69b19a-6472-43bf-b1b3-e1910bbbd4e8.png\",\"width\":1024,\"height\":350,\"caption\":\"Portal do Estado\"},\"image\":{\"@id\":\"https:\/\/portaldoestado.com.br\/#\/schema\/logo\/image\/\"}},{\"@type\":\"Person\",\"@id\":\"https:\/\/portaldoestado.com.br\/#\/schema\/person\/5ca0174f3c8c84b59da62ea14b698cb9\",\"name\":\"assessoriadefamosos\",\"image\":{\"@type\":\"ImageObject\",\"inLanguage\":\"pt-BR\",\"@id\":\"https:\/\/portaldoestado.com.br\/#\/schema\/person\/image\/\",\"url\":\"https:\/\/secure.gravatar.com\/avatar\/a7acbdffcfbbae7240e59f47fe511ec5f5d8c252c779f0b8d9ab02a9e1d8c5ed?s=96&d=mm&r=g\",\"contentUrl\":\"https:\/\/secure.gravatar.com\/avatar\/a7acbdffcfbbae7240e59f47fe511ec5f5d8c252c779f0b8d9ab02a9e1d8c5ed?s=96&d=mm&r=g\",\"caption\":\"assessoriadefamosos\"},\"url\":\"https:\/\/portaldoestado.com.br\/index.php\/author\/assessoriadefamosos\/\"}]}<\/script>\n<!-- \/ Yoast SEO plugin. -->","yoast_head_json":{"title":"Mavie, filha de Neymar e Bruna Biancardi, vive experi\u00eancia encantadora em vila natalina e entrega primeira cartinha ao Papai Noel - Portal do Estado","robots":{"index":"index","follow":"follow","max-snippet":"max-snippet:-1","max-image-preview":"max-image-preview:large","max-video-preview":"max-video-preview:-1"},"canonical":"https:\/\/portaldoestado.com.br\/index.php\/2025\/12\/02\/mavie-filha-de-neymar-e-bruna-biancardi-vive-experiencia-encantadora-em-vila-natalina-e-entrega-primeira-cartinha-ao-papai-noel\/","og_locale":"pt_BR","og_type":"article","og_title":"Mavie, filha de Neymar e Bruna Biancardi, vive experi\u00eancia encantadora em vila natalina e entrega primeira cartinha ao Papai Noel - Portal do Estado","og_description":"O esp\u00edrito natalino j\u00e1 tomou conta da casa de Neymar Jr. e Bruna Biancardi \u2014 e quem mais aproveitou o clima foi a pequena Mavie, de dois anos. A menina protagonizou um momento especial ao visitar uma vila tem\u00e1tica em S\u00e3o Paulo e escrever sua primeira cartinha para o Papai Noel, em um passeio cheio \u2026","og_url":"https:\/\/portaldoestado.com.br\/index.php\/2025\/12\/02\/mavie-filha-de-neymar-e-bruna-biancardi-vive-experiencia-encantadora-em-vila-natalina-e-entrega-primeira-cartinha-ao-papai-noel\/","og_site_name":"Portal do Estado","article_published_time":"2025-12-02T20:08:10+00:00","og_image":[{"width":1200,"height":900,"url":"https:\/\/portaldoestado.com.br\/wp-content\/uploads\/2025\/12\/foto-leo-dias-2025-12-01T234701.165.png","type":"image\/png"}],"author":"assessoriadefamosos","twitter_card":"summary_large_image","twitter_misc":{"Escrito por":"assessoriadefamosos","Est. tempo de leitura":"1 minuto"},"schema":{"@context":"https:\/\/schema.org","@graph":[{"@type":"Article","@id":"https:\/\/portaldoestado.com.br\/index.php\/2025\/12\/02\/mavie-filha-de-neymar-e-bruna-biancardi-vive-experiencia-encantadora-em-vila-natalina-e-entrega-primeira-cartinha-ao-papai-noel\/#article","isPartOf":{"@id":"https:\/\/portaldoestado.com.br\/index.php\/2025\/12\/02\/mavie-filha-de-neymar-e-bruna-biancardi-vive-experiencia-encantadora-em-vila-natalina-e-entrega-primeira-cartinha-ao-papai-noel\/"},"author":{"name":"assessoriadefamosos","@id":"https:\/\/portaldoestado.com.br\/#\/schema\/person\/5ca0174f3c8c84b59da62ea14b698cb9"},"headline":"Mavie, filha de Neymar e Bruna Biancardi, vive experi\u00eancia encantadora em vila natalina e entrega primeira cartinha ao Papai Noel","datePublished":"2025-12-02T20:08:10+00:00","mainEntityOfPage":{"@id":"https:\/\/portaldoestado.com.br\/index.php\/2025\/12\/02\/mavie-filha-de-neymar-e-bruna-biancardi-vive-experiencia-encantadora-em-vila-natalina-e-entrega-primeira-cartinha-ao-papai-noel\/"},"wordCount":254,"publisher":{"@id":"https:\/\/portaldoestado.com.br\/#organization"},"image":{"@id":"https:\/\/portaldoestado.com.br\/index.php\/2025\/12\/02\/mavie-filha-de-neymar-e-bruna-biancardi-vive-experiencia-encantadora-em-vila-natalina-e-entrega-primeira-cartinha-ao-papai-noel\/#primaryimage"},"thumbnailUrl":"https:\/\/portaldoestado.com.br\/wp-content\/uploads\/2025\/12\/foto-leo-dias-2025-12-01T234701.165.png","articleSection":["Famosos"],"inLanguage":"pt-BR"},{"@type":"WebPage","@id":"https:\/\/portaldoestado.com.br\/index.php\/2025\/12\/02\/mavie-filha-de-neymar-e-bruna-biancardi-vive-experiencia-encantadora-em-vila-natalina-e-entrega-primeira-cartinha-ao-papai-noel\/","url":"https:\/\/portaldoestado.com.br\/index.php\/2025\/12\/02\/mavie-filha-de-neymar-e-bruna-biancardi-vive-experiencia-encantadora-em-vila-natalina-e-entrega-primeira-cartinha-ao-papai-noel\/","name":"Mavie, filha de Neymar e Bruna Biancardi, vive experi\u00eancia encantadora em vila natalina e entrega primeira cartinha ao Papai Noel - Portal do Estado","isPartOf":{"@id":"https:\/\/portaldoestado.com.br\/#website"},"primaryImageOfPage":{"@id":"https:\/\/portaldoestado.com.br\/index.php\/2025\/12\/02\/mavie-filha-de-neymar-e-bruna-biancardi-vive-experiencia-encantadora-em-vila-natalina-e-entrega-primeira-cartinha-ao-papai-noel\/#primaryimage"},"image":{"@id":"https:\/\/portaldoestado.com.br\/index.php\/2025\/12\/02\/mavie-filha-de-neymar-e-bruna-biancardi-vive-experiencia-encantadora-em-vila-natalina-e-entrega-primeira-cartinha-ao-papai-noel\/#primaryimage"},"thumbnailUrl":"https:\/\/portaldoestado.com.br\/wp-content\/uploads\/2025\/12\/foto-leo-dias-2025-12-01T234701.165.png","datePublished":"2025-12-02T20:08:10+00:00","breadcrumb":{"@id":"https:\/\/portaldoestado.com.br\/index.php\/2025\/12\/02\/mavie-filha-de-neymar-e-bruna-biancardi-vive-experiencia-encantadora-em-vila-natalina-e-entrega-primeira-cartinha-ao-papai-noel\/#breadcrumb"},"inLanguage":"pt-BR","potentialAction":[{"@type":"ReadAction","target":["https:\/\/portaldoestado.com.br\/index.php\/2025\/12\/02\/mavie-filha-de-neymar-e-bruna-biancardi-vive-experiencia-encantadora-em-vila-natalina-e-entrega-primeira-cartinha-ao-papai-noel\/"]}]},{"@type":"ImageObject","inLanguage":"pt-BR","@id":"https:\/\/portaldoestado.com.br\/index.php\/2025\/12\/02\/mavie-filha-de-neymar-e-bruna-biancardi-vive-experiencia-encantadora-em-vila-natalina-e-entrega-primeira-cartinha-ao-papai-noel\/#primaryimage","url":"https:\/\/portaldoestado.com.br\/wp-content\/uploads\/2025\/12\/foto-leo-dias-2025-12-01T234701.165.png","contentUrl":"https:\/\/portaldoestado.com.br\/wp-content\/uploads\/2025\/12\/foto-leo-dias-2025-12-01T234701.165.png","width":1200,"height":900},{"@type":"BreadcrumbList","@id":"https:\/\/portaldoestado.com.br\/index.php\/2025\/12\/02\/mavie-filha-de-neymar-e-bruna-biancardi-vive-experiencia-encantadora-em-vila-natalina-e-entrega-primeira-cartinha-ao-papai-noel\/#breadcrumb","itemListElement":[{"@type":"ListItem","position":1,"name":"In\u00edcio","item":"https:\/\/portaldoestado.com.br\/"},{"@type":"ListItem","position":2,"name":"Mavie, filha de Neymar e Bruna Biancardi, vive experi\u00eancia encantadora em vila natalina e entrega primeira cartinha ao Papai Noel"}]},{"@type":"WebSite","@id":"https:\/\/portaldoestado.com.br\/#website","url":"https:\/\/portaldoestado.com.br\/","name":"Portal do Estado","description":"","publisher":{"@id":"https:\/\/portaldoestado.com.br\/#organization"},"potentialAction":[{"@type":"SearchAction","target":{"@type":"EntryPoint","urlTemplate":"https:\/\/portaldoestado.com.br\/?s={search_term_string}"},"query-input":{"@type":"PropertyValueSpecification","valueRequired":true,"valueName":"search_term_string"}}],"inLanguage":"pt-BR"},{"@type":"Organization","@id":"https:\/\/portaldoestado.com.br\/#organization","name":"Portal do Estado","url":"https:\/\/portaldoestado.com.br\/","logo":{"@type":"ImageObject","inLanguage":"pt-BR","@id":"https:\/\/portaldoestado.com.br\/#\/schema\/logo\/image\/","url":"https:\/\/portaldoestado.com.br\/wp-content\/uploads\/2025\/04\/cropped-6f69b19a-6472-43bf-b1b3-e1910bbbd4e8.png","contentUrl":"https:\/\/portaldoestado.com.br\/wp-content\/uploads\/2025\/04\/cropped-6f69b19a-6472-43bf-b1b3-e1910bbbd4e8.png","width":1024,"height":350,"caption":"Portal do Estado"},"image":{"@id":"https:\/\/portaldoestado.com.br\/#\/schema\/logo\/image\/"}},{"@type":"Person","@id":"https:\/\/portaldoestado.com.br\/#\/schema\/person\/5ca0174f3c8c84b59da62ea14b698cb9","name":"assessoriadefamosos","image":{"@type":"ImageObject","inLanguage":"pt-BR","@id":"https:\/\/portaldoestado.com.br\/#\/schema\/person\/image\/","url":"https:\/\/secure.gravatar.com\/avatar\/a7acbdffcfbbae7240e59f47fe511ec5f5d8c252c779f0b8d9ab02a9e1d8c5ed?s=96&d=mm&r=g","contentUrl":"https:\/\/secure.gravatar.com\/avatar\/a7acbdffcfbbae7240e59f47fe511ec5f5d8c252c779f0b8d9ab02a9e1d8c5ed?s=96&d=mm&r=g","caption":"assessoriadefamosos"},"url":"https:\/\/portaldoestado.com.br\/index.php\/author\/assessoriadefamosos\/"}]}},"jetpack_featured_media_url":"https:\/\/portaldoestado.com.br\/wp-content\/uploads\/2025\/12\/foto-leo-dias-2025-12-01T234701.165.png","_links":{"self":[{"href":"https:\/\/portaldoestado.com.br\/index.php\/wp-json\/wp\/v2\/posts\/4870","targetHints":{"allow":["GET"]}}],"collection":[{"href":"https:\/\/portaldoestado.com.br\/index.php\/wp-json\/wp\/v2\/posts"}],"about":[{"href":"https:\/\/portaldoestado.com.br\/index.php\/wp-json\/wp\/v2\/types\/post"}],"author":[{"embeddable":true,"href":"https:\/\/portaldoestado.com.br\/index.php\/wp-json\/wp\/v2\/users\/2"}],"replies":[{"embeddable":true,"href":"https:\/\/portaldoestado.com.br\/index.php\/wp-json\/wp\/v2\/comments?post=4870"}],"version-history":[{"count":1,"href":"https:\/\/portaldoestado.com.br\/index.php\/wp-json\/wp\/v2\/posts\/4870\/revisions"}],"predecessor-version":[{"id":4871,"href":"https:\/\/portaldoestado.com.br\/index.php\/wp-json\/wp\/v2\/posts\/4870\/revisions\/4871"}],"wp:featuredmedia":[{"embeddable":true,"href":"https:\/\/portaldoestado.com.br\/index.php\/wp-json\/wp\/v2\/media\/4869"}],"wp:attachment":[{"href":"https:\/\/portaldoestado.com.br\/index.php\/wp-json\/wp\/v2\/media?parent=4870"}],"wp:term":[{"taxonomy":"category","embeddable":true,"href":"https:\/\/portaldoestado.com.br\/index.php\/wp-json\/wp\/v2\/categories?post=4870"},{"taxonomy":"post_tag","embeddable":true,"href":"https:\/\/portaldoestado.com.br\/index.php\/wp-json\/wp\/v2\/tags?post=4870"}],"curies":[{"name":"wp","href":"https:\/\/api.w.org\/{rel}","templated":true}]}}