{"id":4681,"date":"2025-11-26T17:59:09","date_gmt":"2025-11-26T17:59:09","guid":{"rendered":"https:\/\/portaldoestado.com.br\/?p=4681"},"modified":"2025-11-26T17:59:09","modified_gmt":"2025-11-26T17:59:09","slug":"marcelo-calone-celebra-legado-impacto-social-e-novos-horizontes-no-lancamento-do-livro-empreendedores-de-impacto","status":"publish","type":"post","link":"https:\/\/portaldoestado.com.br\/index.php\/2025\/11\/26\/marcelo-calone-celebra-legado-impacto-social-e-novos-horizontes-no-lancamento-do-livro-empreendedores-de-impacto\/","title":{"rendered":"Marcelo Calone celebra legado, impacto social e novos horizontes no lan\u00e7amento do livro Empreendedores de Impacto"},"content":{"rendered":"\n<p>O lan\u00e7amento do livro \u201cEmpreendedores de Impacto\u201d, da editora Reflex\u00e3o sob dire\u00e7\u00e3o de Caroline Diaz, promete entrar para a hist\u00f3ria como um dos encontros mais relevantes do universo empresarial e midi\u00e1tico brasileiro.<\/p>\n\n\n\n<p>Entre os nomes consagrados que participaram da obra, quem ganha protagonismo \u00e9 Marcelo Calone, estrategista midi\u00e1tico de marcas, personalidades e ve\u00edculos, reconhecido por transformar dados, emo\u00e7\u00e3o e storytelling cinematogr\u00e1fico em um modelo de neg\u00f3cios admirado por executivos, celebridades e institui\u00e7\u00f5es globais.<\/p>\n\n\n\n<p>Durante o evento, Calone emocionou o p\u00fablico ao relembrar como sua trajet\u00f3ria profissional foi moldada por grandes refer\u00eancias da comunica\u00e7\u00e3o e do entretenimento \u2014 entre elas Xuxa Meneghel, Eloi e N\u00e9vio Carlone \u2014 al\u00e9m de passagens marcantes por ve\u00edculos como R\u00e1dio Tupi e TV Gazeta, e conex\u00f5es estrat\u00e9gicas que hoje incluem a Organiza\u00e7\u00e3o das Na\u00e7\u00f5es Unidas (ONU).<\/p>\n\n\n\n<p>Em seu discurso, refor\u00e7ou o poder do storytelling guiado pela intelig\u00eancia executiva:<\/p>\n\n\n\n<p>\u201cEu conto hist\u00f3rias atrav\u00e9s da ci\u00eancia. Com uma tecnologia pr\u00f3pria e linguagem cinematogr\u00e1fica, transformo narrativas com personalidades em ativos emocionais que garantem ROI para as marcas, tudo isso ancorado em responsabilidade social e sustentabilidade, por sermos signat\u00e1rios do Pacto Global da ONU.\u201d<\/p>\n\n\n\n<p>A rea\u00e7\u00e3o da plateia confirmou: para al\u00e9m de uma fala inspiradora, trata-se de uma vis\u00e3o concreta sobre o futuro da comunica\u00e7\u00e3o \u2014 onde marcas n\u00e3o compram espa\u00e7o, mas conquistam relev\u00e2ncia.<\/p>\n\n\n\n<p><strong>Uma trajet\u00f3ria guiada por prop\u00f3sito<\/strong><\/p>\n\n\n\n<p>Marcelo Calone consolidou sua carreira a partir de tr\u00eas pilares: inova\u00e7\u00e3o, responsabilidade social e impacto cultural. Seu trabalho ultrapassa o campo tradicional do marketing e avan\u00e7a para a influ\u00eancia positiva, desenvolvendo estrat\u00e9gias para empresas e personalidades que buscam legado, e n\u00e3o apenas audi\u00eancia.<\/p>\n\n\n\n<p>Inspirado por \u00edcones que transformaram a comunica\u00e7\u00e3o no Brasil, como Xuxa Meneghel, e por empreendedores vision\u00e1rios como Eloi e Nevio Carlone, Calone construiu um modelo pr\u00f3prio: unir dados, ci\u00eancia, emo\u00e7\u00e3o e prop\u00f3sito em um \u00fanico ecossistema de marca.<\/p>\n\n\n\n<p><strong>Uma noite de estrelas, conte\u00fado e rever\u00eancia<\/strong><\/p>\n\n\n\n<p>O evento de lan\u00e7amento deve reunir personalidades que marcaram gera\u00e7\u00f5es e seguem influenciando comportamentos. Entre os nomes confirmados est\u00e3o:<\/p>\n\n\n\n<ul class=\"wp-block-list\">\n<li>Adriana Colin, s\u00edmbolo de eleg\u00e2ncia e profissionalismo;<\/li>\n\n\n\n<li>Sonia Abr\u00e3o, uma das vozes mais influentes da TV brasileira;<\/li>\n\n\n\n<li>Claudia Rodrigues e sua companheira Adriane Bonato, representantes de supera\u00e7\u00e3o e reinven\u00e7\u00e3o.<\/li>\n<\/ul>\n\n\n\n<p>Al\u00e9m deles, empres\u00e1rios, jornalistas, l\u00edderes de impacto e personalidades de diferentes setores estar\u00e3o presentes para celebrar o livro e seus coautores.<\/p>\n\n\n\n<p>Calone fez quest\u00e3o de destacar cada um dos profissionais que dividem com ele as p\u00e1ginas da obra: Carlos Pasetti, Filippo Pedrinola, Gustavo Pereira, J\u00fanior Donatto, Luciano Telles, Marco Biaggi, M\u00e1rio Fonseca, Roberto Jalonetsky e S\u00e9rgio Arantes.<\/p>\n\n\n\n<p>Segundo ele, todos representam \u201cpe\u00e7as fundamentais na constru\u00e7\u00e3o de um Brasil mais inovador, consciente e humanizado\u201d.<\/p>\n\n\n\n<p><strong>Mais que um lan\u00e7amento \u2014 um manifesto<\/strong><\/p>\n\n\n\n<p>O encontro vai al\u00e9m da apresenta\u00e7\u00e3o de um novo t\u00edtulo editorial. \u00c9 um manifesto sobre a for\u00e7a das hist\u00f3rias na transforma\u00e7\u00e3o de neg\u00f3cios, carreiras e trajet\u00f3rias. Um espa\u00e7o onde legado, m\u00eddia, ci\u00eancia de dados e responsabilidade social convergem.<\/p>\n\n\n\n<p>Neste cap\u00edtulo, Marcelo Calone se afirma como uma voz que inspira, provoca e abre caminhos para marcas, personalidades e para um pa\u00eds que precisa de exemplos que unam emo\u00e7\u00e3o, estrat\u00e9gia e humanidade.<\/p>\n","protected":false},"excerpt":{"rendered":"<p>O lan\u00e7amento do livro \u201cEmpreendedores de Impacto\u201d, da editora Reflex\u00e3o sob dire\u00e7\u00e3o de Caroline Diaz, promete entrar para a hist\u00f3ria como um dos encontros mais relevantes do universo empresarial e midi\u00e1tico brasileiro. Entre os nomes consagrados que participaram da obra, quem ganha protagonismo \u00e9 Marcelo Calone, estrategista midi\u00e1tico de marcas, personalidades e ve\u00edculos, reconhecido por \u2026<\/p>\n","protected":false},"author":2,"featured_media":4680,"comment_status":"closed","ping_status":"open","sticky":false,"template":"","format":"standard","meta":{"footnotes":""},"categories":[3],"tags":[],"class_list":["post-4681","post","type-post","status-publish","format-standard","has-post-thumbnail","hentry","category-famosos"],"yoast_head":"<!-- This site is optimized with the Yoast SEO plugin v25.5 - https:\/\/yoast.com\/wordpress\/plugins\/seo\/ -->\n<title>Marcelo Calone celebra legado, impacto social e novos horizontes no lan\u00e7amento do livro Empreendedores de Impacto - Portal do Estado<\/title>\n<meta name=\"robots\" content=\"index, follow, max-snippet:-1, max-image-preview:large, max-video-preview:-1\" \/>\n<link rel=\"canonical\" href=\"https:\/\/portaldoestado.com.br\/index.php\/2025\/11\/26\/marcelo-calone-celebra-legado-impacto-social-e-novos-horizontes-no-lancamento-do-livro-empreendedores-de-impacto\/\" \/>\n<meta property=\"og:locale\" content=\"pt_BR\" \/>\n<meta property=\"og:type\" content=\"article\" \/>\n<meta property=\"og:title\" content=\"Marcelo Calone celebra legado, impacto social e novos horizontes no lan\u00e7amento do livro Empreendedores de Impacto - Portal do Estado\" \/>\n<meta property=\"og:description\" content=\"O lan\u00e7amento do livro \u201cEmpreendedores de Impacto\u201d, da editora Reflex\u00e3o sob dire\u00e7\u00e3o de Caroline Diaz, promete entrar para a hist\u00f3ria como um dos encontros mais relevantes do universo empresarial e midi\u00e1tico brasileiro. Entre os nomes consagrados que participaram da obra, quem ganha protagonismo \u00e9 Marcelo Calone, estrategista midi\u00e1tico de marcas, personalidades e ve\u00edculos, reconhecido por \u2026\" \/>\n<meta property=\"og:url\" content=\"https:\/\/portaldoestado.com.br\/index.php\/2025\/11\/26\/marcelo-calone-celebra-legado-impacto-social-e-novos-horizontes-no-lancamento-do-livro-empreendedores-de-impacto\/\" \/>\n<meta property=\"og:site_name\" content=\"Portal do Estado\" \/>\n<meta property=\"article:published_time\" content=\"2025-11-26T17:59:09+00:00\" \/>\n<meta property=\"og:image\" content=\"https:\/\/portaldoestado.com.br\/wp-content\/uploads\/2025\/11\/7e45b7f8-d514-47c5-93e8-f8655a3fb17d.jpeg\" \/>\n\t<meta property=\"og:image:width\" content=\"1024\" \/>\n\t<meta property=\"og:image:height\" content=\"651\" \/>\n\t<meta property=\"og:image:type\" content=\"image\/jpeg\" \/>\n<meta name=\"author\" content=\"assessoriadefamosos\" \/>\n<meta name=\"twitter:card\" content=\"summary_large_image\" \/>\n<meta name=\"twitter:label1\" content=\"Escrito por\" \/>\n\t<meta name=\"twitter:data1\" content=\"assessoriadefamosos\" \/>\n\t<meta name=\"twitter:label2\" content=\"Est. tempo de leitura\" \/>\n\t<meta name=\"twitter:data2\" content=\"3 minutos\" \/>\n<script type=\"application\/ld+json\" class=\"yoast-schema-graph\">{\"@context\":\"https:\/\/schema.org\",\"@graph\":[{\"@type\":\"Article\",\"@id\":\"https:\/\/portaldoestado.com.br\/index.php\/2025\/11\/26\/marcelo-calone-celebra-legado-impacto-social-e-novos-horizontes-no-lancamento-do-livro-empreendedores-de-impacto\/#article\",\"isPartOf\":{\"@id\":\"https:\/\/portaldoestado.com.br\/index.php\/2025\/11\/26\/marcelo-calone-celebra-legado-impacto-social-e-novos-horizontes-no-lancamento-do-livro-empreendedores-de-impacto\/\"},\"author\":{\"name\":\"assessoriadefamosos\",\"@id\":\"https:\/\/portaldoestado.com.br\/#\/schema\/person\/5ca0174f3c8c84b59da62ea14b698cb9\"},\"headline\":\"Marcelo Calone celebra legado, impacto social e novos horizontes no lan\u00e7amento do livro Empreendedores de Impacto\",\"datePublished\":\"2025-11-26T17:59:09+00:00\",\"mainEntityOfPage\":{\"@id\":\"https:\/\/portaldoestado.com.br\/index.php\/2025\/11\/26\/marcelo-calone-celebra-legado-impacto-social-e-novos-horizontes-no-lancamento-do-livro-empreendedores-de-impacto\/\"},\"wordCount\":606,\"publisher\":{\"@id\":\"https:\/\/portaldoestado.com.br\/#organization\"},\"image\":{\"@id\":\"https:\/\/portaldoestado.com.br\/index.php\/2025\/11\/26\/marcelo-calone-celebra-legado-impacto-social-e-novos-horizontes-no-lancamento-do-livro-empreendedores-de-impacto\/#primaryimage\"},\"thumbnailUrl\":\"https:\/\/portaldoestado.com.br\/wp-content\/uploads\/2025\/11\/7e45b7f8-d514-47c5-93e8-f8655a3fb17d.jpeg\",\"articleSection\":[\"Famosos\"],\"inLanguage\":\"pt-BR\"},{\"@type\":\"WebPage\",\"@id\":\"https:\/\/portaldoestado.com.br\/index.php\/2025\/11\/26\/marcelo-calone-celebra-legado-impacto-social-e-novos-horizontes-no-lancamento-do-livro-empreendedores-de-impacto\/\",\"url\":\"https:\/\/portaldoestado.com.br\/index.php\/2025\/11\/26\/marcelo-calone-celebra-legado-impacto-social-e-novos-horizontes-no-lancamento-do-livro-empreendedores-de-impacto\/\",\"name\":\"Marcelo Calone celebra legado, impacto social e novos horizontes no lan\u00e7amento do livro Empreendedores de Impacto - Portal do Estado\",\"isPartOf\":{\"@id\":\"https:\/\/portaldoestado.com.br\/#website\"},\"primaryImageOfPage\":{\"@id\":\"https:\/\/portaldoestado.com.br\/index.php\/2025\/11\/26\/marcelo-calone-celebra-legado-impacto-social-e-novos-horizontes-no-lancamento-do-livro-empreendedores-de-impacto\/#primaryimage\"},\"image\":{\"@id\":\"https:\/\/portaldoestado.com.br\/index.php\/2025\/11\/26\/marcelo-calone-celebra-legado-impacto-social-e-novos-horizontes-no-lancamento-do-livro-empreendedores-de-impacto\/#primaryimage\"},\"thumbnailUrl\":\"https:\/\/portaldoestado.com.br\/wp-content\/uploads\/2025\/11\/7e45b7f8-d514-47c5-93e8-f8655a3fb17d.jpeg\",\"datePublished\":\"2025-11-26T17:59:09+00:00\",\"breadcrumb\":{\"@id\":\"https:\/\/portaldoestado.com.br\/index.php\/2025\/11\/26\/marcelo-calone-celebra-legado-impacto-social-e-novos-horizontes-no-lancamento-do-livro-empreendedores-de-impacto\/#breadcrumb\"},\"inLanguage\":\"pt-BR\",\"potentialAction\":[{\"@type\":\"ReadAction\",\"target\":[\"https:\/\/portaldoestado.com.br\/index.php\/2025\/11\/26\/marcelo-calone-celebra-legado-impacto-social-e-novos-horizontes-no-lancamento-do-livro-empreendedores-de-impacto\/\"]}]},{\"@type\":\"ImageObject\",\"inLanguage\":\"pt-BR\",\"@id\":\"https:\/\/portaldoestado.com.br\/index.php\/2025\/11\/26\/marcelo-calone-celebra-legado-impacto-social-e-novos-horizontes-no-lancamento-do-livro-empreendedores-de-impacto\/#primaryimage\",\"url\":\"https:\/\/portaldoestado.com.br\/wp-content\/uploads\/2025\/11\/7e45b7f8-d514-47c5-93e8-f8655a3fb17d.jpeg\",\"contentUrl\":\"https:\/\/portaldoestado.com.br\/wp-content\/uploads\/2025\/11\/7e45b7f8-d514-47c5-93e8-f8655a3fb17d.jpeg\",\"width\":1024,\"height\":651},{\"@type\":\"BreadcrumbList\",\"@id\":\"https:\/\/portaldoestado.com.br\/index.php\/2025\/11\/26\/marcelo-calone-celebra-legado-impacto-social-e-novos-horizontes-no-lancamento-do-livro-empreendedores-de-impacto\/#breadcrumb\",\"itemListElement\":[{\"@type\":\"ListItem\",\"position\":1,\"name\":\"In\u00edcio\",\"item\":\"https:\/\/portaldoestado.com.br\/\"},{\"@type\":\"ListItem\",\"position\":2,\"name\":\"Marcelo Calone celebra legado, impacto social e novos horizontes no lan\u00e7amento do livro Empreendedores de Impacto\"}]},{\"@type\":\"WebSite\",\"@id\":\"https:\/\/portaldoestado.com.br\/#website\",\"url\":\"https:\/\/portaldoestado.com.br\/\",\"name\":\"Portal do Estado\",\"description\":\"\",\"publisher\":{\"@id\":\"https:\/\/portaldoestado.com.br\/#organization\"},\"potentialAction\":[{\"@type\":\"SearchAction\",\"target\":{\"@type\":\"EntryPoint\",\"urlTemplate\":\"https:\/\/portaldoestado.com.br\/?s={search_term_string}\"},\"query-input\":{\"@type\":\"PropertyValueSpecification\",\"valueRequired\":true,\"valueName\":\"search_term_string\"}}],\"inLanguage\":\"pt-BR\"},{\"@type\":\"Organization\",\"@id\":\"https:\/\/portaldoestado.com.br\/#organization\",\"name\":\"Portal do Estado\",\"url\":\"https:\/\/portaldoestado.com.br\/\",\"logo\":{\"@type\":\"ImageObject\",\"inLanguage\":\"pt-BR\",\"@id\":\"https:\/\/portaldoestado.com.br\/#\/schema\/logo\/image\/\",\"url\":\"https:\/\/portaldoestado.com.br\/wp-content\/uploads\/2025\/04\/cropped-6f69b19a-6472-43bf-b1b3-e1910bbbd4e8.png\",\"contentUrl\":\"https:\/\/portaldoestado.com.br\/wp-content\/uploads\/2025\/04\/cropped-6f69b19a-6472-43bf-b1b3-e1910bbbd4e8.png\",\"width\":1024,\"height\":350,\"caption\":\"Portal do Estado\"},\"image\":{\"@id\":\"https:\/\/portaldoestado.com.br\/#\/schema\/logo\/image\/\"}},{\"@type\":\"Person\",\"@id\":\"https:\/\/portaldoestado.com.br\/#\/schema\/person\/5ca0174f3c8c84b59da62ea14b698cb9\",\"name\":\"assessoriadefamosos\",\"image\":{\"@type\":\"ImageObject\",\"inLanguage\":\"pt-BR\",\"@id\":\"https:\/\/portaldoestado.com.br\/#\/schema\/person\/image\/\",\"url\":\"https:\/\/secure.gravatar.com\/avatar\/a7acbdffcfbbae7240e59f47fe511ec5f5d8c252c779f0b8d9ab02a9e1d8c5ed?s=96&d=mm&r=g\",\"contentUrl\":\"https:\/\/secure.gravatar.com\/avatar\/a7acbdffcfbbae7240e59f47fe511ec5f5d8c252c779f0b8d9ab02a9e1d8c5ed?s=96&d=mm&r=g\",\"caption\":\"assessoriadefamosos\"},\"url\":\"https:\/\/portaldoestado.com.br\/index.php\/author\/assessoriadefamosos\/\"}]}<\/script>\n<!-- \/ Yoast SEO plugin. -->","yoast_head_json":{"title":"Marcelo Calone celebra legado, impacto social e novos horizontes no lan\u00e7amento do livro Empreendedores de Impacto - Portal do Estado","robots":{"index":"index","follow":"follow","max-snippet":"max-snippet:-1","max-image-preview":"max-image-preview:large","max-video-preview":"max-video-preview:-1"},"canonical":"https:\/\/portaldoestado.com.br\/index.php\/2025\/11\/26\/marcelo-calone-celebra-legado-impacto-social-e-novos-horizontes-no-lancamento-do-livro-empreendedores-de-impacto\/","og_locale":"pt_BR","og_type":"article","og_title":"Marcelo Calone celebra legado, impacto social e novos horizontes no lan\u00e7amento do livro Empreendedores de Impacto - Portal do Estado","og_description":"O lan\u00e7amento do livro \u201cEmpreendedores de Impacto\u201d, da editora Reflex\u00e3o sob dire\u00e7\u00e3o de Caroline Diaz, promete entrar para a hist\u00f3ria como um dos encontros mais relevantes do universo empresarial e midi\u00e1tico brasileiro. Entre os nomes consagrados que participaram da obra, quem ganha protagonismo \u00e9 Marcelo Calone, estrategista midi\u00e1tico de marcas, personalidades e ve\u00edculos, reconhecido por \u2026","og_url":"https:\/\/portaldoestado.com.br\/index.php\/2025\/11\/26\/marcelo-calone-celebra-legado-impacto-social-e-novos-horizontes-no-lancamento-do-livro-empreendedores-de-impacto\/","og_site_name":"Portal do Estado","article_published_time":"2025-11-26T17:59:09+00:00","og_image":[{"width":1024,"height":651,"url":"https:\/\/portaldoestado.com.br\/wp-content\/uploads\/2025\/11\/7e45b7f8-d514-47c5-93e8-f8655a3fb17d.jpeg","type":"image\/jpeg"}],"author":"assessoriadefamosos","twitter_card":"summary_large_image","twitter_misc":{"Escrito por":"assessoriadefamosos","Est. tempo de leitura":"3 minutos"},"schema":{"@context":"https:\/\/schema.org","@graph":[{"@type":"Article","@id":"https:\/\/portaldoestado.com.br\/index.php\/2025\/11\/26\/marcelo-calone-celebra-legado-impacto-social-e-novos-horizontes-no-lancamento-do-livro-empreendedores-de-impacto\/#article","isPartOf":{"@id":"https:\/\/portaldoestado.com.br\/index.php\/2025\/11\/26\/marcelo-calone-celebra-legado-impacto-social-e-novos-horizontes-no-lancamento-do-livro-empreendedores-de-impacto\/"},"author":{"name":"assessoriadefamosos","@id":"https:\/\/portaldoestado.com.br\/#\/schema\/person\/5ca0174f3c8c84b59da62ea14b698cb9"},"headline":"Marcelo Calone celebra legado, impacto social e novos horizontes no lan\u00e7amento do livro Empreendedores de Impacto","datePublished":"2025-11-26T17:59:09+00:00","mainEntityOfPage":{"@id":"https:\/\/portaldoestado.com.br\/index.php\/2025\/11\/26\/marcelo-calone-celebra-legado-impacto-social-e-novos-horizontes-no-lancamento-do-livro-empreendedores-de-impacto\/"},"wordCount":606,"publisher":{"@id":"https:\/\/portaldoestado.com.br\/#organization"},"image":{"@id":"https:\/\/portaldoestado.com.br\/index.php\/2025\/11\/26\/marcelo-calone-celebra-legado-impacto-social-e-novos-horizontes-no-lancamento-do-livro-empreendedores-de-impacto\/#primaryimage"},"thumbnailUrl":"https:\/\/portaldoestado.com.br\/wp-content\/uploads\/2025\/11\/7e45b7f8-d514-47c5-93e8-f8655a3fb17d.jpeg","articleSection":["Famosos"],"inLanguage":"pt-BR"},{"@type":"WebPage","@id":"https:\/\/portaldoestado.com.br\/index.php\/2025\/11\/26\/marcelo-calone-celebra-legado-impacto-social-e-novos-horizontes-no-lancamento-do-livro-empreendedores-de-impacto\/","url":"https:\/\/portaldoestado.com.br\/index.php\/2025\/11\/26\/marcelo-calone-celebra-legado-impacto-social-e-novos-horizontes-no-lancamento-do-livro-empreendedores-de-impacto\/","name":"Marcelo Calone celebra legado, impacto social e novos horizontes no lan\u00e7amento do livro Empreendedores de Impacto - Portal do Estado","isPartOf":{"@id":"https:\/\/portaldoestado.com.br\/#website"},"primaryImageOfPage":{"@id":"https:\/\/portaldoestado.com.br\/index.php\/2025\/11\/26\/marcelo-calone-celebra-legado-impacto-social-e-novos-horizontes-no-lancamento-do-livro-empreendedores-de-impacto\/#primaryimage"},"image":{"@id":"https:\/\/portaldoestado.com.br\/index.php\/2025\/11\/26\/marcelo-calone-celebra-legado-impacto-social-e-novos-horizontes-no-lancamento-do-livro-empreendedores-de-impacto\/#primaryimage"},"thumbnailUrl":"https:\/\/portaldoestado.com.br\/wp-content\/uploads\/2025\/11\/7e45b7f8-d514-47c5-93e8-f8655a3fb17d.jpeg","datePublished":"2025-11-26T17:59:09+00:00","breadcrumb":{"@id":"https:\/\/portaldoestado.com.br\/index.php\/2025\/11\/26\/marcelo-calone-celebra-legado-impacto-social-e-novos-horizontes-no-lancamento-do-livro-empreendedores-de-impacto\/#breadcrumb"},"inLanguage":"pt-BR","potentialAction":[{"@type":"ReadAction","target":["https:\/\/portaldoestado.com.br\/index.php\/2025\/11\/26\/marcelo-calone-celebra-legado-impacto-social-e-novos-horizontes-no-lancamento-do-livro-empreendedores-de-impacto\/"]}]},{"@type":"ImageObject","inLanguage":"pt-BR","@id":"https:\/\/portaldoestado.com.br\/index.php\/2025\/11\/26\/marcelo-calone-celebra-legado-impacto-social-e-novos-horizontes-no-lancamento-do-livro-empreendedores-de-impacto\/#primaryimage","url":"https:\/\/portaldoestado.com.br\/wp-content\/uploads\/2025\/11\/7e45b7f8-d514-47c5-93e8-f8655a3fb17d.jpeg","contentUrl":"https:\/\/portaldoestado.com.br\/wp-content\/uploads\/2025\/11\/7e45b7f8-d514-47c5-93e8-f8655a3fb17d.jpeg","width":1024,"height":651},{"@type":"BreadcrumbList","@id":"https:\/\/portaldoestado.com.br\/index.php\/2025\/11\/26\/marcelo-calone-celebra-legado-impacto-social-e-novos-horizontes-no-lancamento-do-livro-empreendedores-de-impacto\/#breadcrumb","itemListElement":[{"@type":"ListItem","position":1,"name":"In\u00edcio","item":"https:\/\/portaldoestado.com.br\/"},{"@type":"ListItem","position":2,"name":"Marcelo Calone celebra legado, impacto social e novos horizontes no lan\u00e7amento do livro Empreendedores de Impacto"}]},{"@type":"WebSite","@id":"https:\/\/portaldoestado.com.br\/#website","url":"https:\/\/portaldoestado.com.br\/","name":"Portal do Estado","description":"","publisher":{"@id":"https:\/\/portaldoestado.com.br\/#organization"},"potentialAction":[{"@type":"SearchAction","target":{"@type":"EntryPoint","urlTemplate":"https:\/\/portaldoestado.com.br\/?s={search_term_string}"},"query-input":{"@type":"PropertyValueSpecification","valueRequired":true,"valueName":"search_term_string"}}],"inLanguage":"pt-BR"},{"@type":"Organization","@id":"https:\/\/portaldoestado.com.br\/#organization","name":"Portal do Estado","url":"https:\/\/portaldoestado.com.br\/","logo":{"@type":"ImageObject","inLanguage":"pt-BR","@id":"https:\/\/portaldoestado.com.br\/#\/schema\/logo\/image\/","url":"https:\/\/portaldoestado.com.br\/wp-content\/uploads\/2025\/04\/cropped-6f69b19a-6472-43bf-b1b3-e1910bbbd4e8.png","contentUrl":"https:\/\/portaldoestado.com.br\/wp-content\/uploads\/2025\/04\/cropped-6f69b19a-6472-43bf-b1b3-e1910bbbd4e8.png","width":1024,"height":350,"caption":"Portal do Estado"},"image":{"@id":"https:\/\/portaldoestado.com.br\/#\/schema\/logo\/image\/"}},{"@type":"Person","@id":"https:\/\/portaldoestado.com.br\/#\/schema\/person\/5ca0174f3c8c84b59da62ea14b698cb9","name":"assessoriadefamosos","image":{"@type":"ImageObject","inLanguage":"pt-BR","@id":"https:\/\/portaldoestado.com.br\/#\/schema\/person\/image\/","url":"https:\/\/secure.gravatar.com\/avatar\/a7acbdffcfbbae7240e59f47fe511ec5f5d8c252c779f0b8d9ab02a9e1d8c5ed?s=96&d=mm&r=g","contentUrl":"https:\/\/secure.gravatar.com\/avatar\/a7acbdffcfbbae7240e59f47fe511ec5f5d8c252c779f0b8d9ab02a9e1d8c5ed?s=96&d=mm&r=g","caption":"assessoriadefamosos"},"url":"https:\/\/portaldoestado.com.br\/index.php\/author\/assessoriadefamosos\/"}]}},"jetpack_featured_media_url":"https:\/\/portaldoestado.com.br\/wp-content\/uploads\/2025\/11\/7e45b7f8-d514-47c5-93e8-f8655a3fb17d.jpeg","_links":{"self":[{"href":"https:\/\/portaldoestado.com.br\/index.php\/wp-json\/wp\/v2\/posts\/4681","targetHints":{"allow":["GET"]}}],"collection":[{"href":"https:\/\/portaldoestado.com.br\/index.php\/wp-json\/wp\/v2\/posts"}],"about":[{"href":"https:\/\/portaldoestado.com.br\/index.php\/wp-json\/wp\/v2\/types\/post"}],"author":[{"embeddable":true,"href":"https:\/\/portaldoestado.com.br\/index.php\/wp-json\/wp\/v2\/users\/2"}],"replies":[{"embeddable":true,"href":"https:\/\/portaldoestado.com.br\/index.php\/wp-json\/wp\/v2\/comments?post=4681"}],"version-history":[{"count":1,"href":"https:\/\/portaldoestado.com.br\/index.php\/wp-json\/wp\/v2\/posts\/4681\/revisions"}],"predecessor-version":[{"id":4682,"href":"https:\/\/portaldoestado.com.br\/index.php\/wp-json\/wp\/v2\/posts\/4681\/revisions\/4682"}],"wp:featuredmedia":[{"embeddable":true,"href":"https:\/\/portaldoestado.com.br\/index.php\/wp-json\/wp\/v2\/media\/4680"}],"wp:attachment":[{"href":"https:\/\/portaldoestado.com.br\/index.php\/wp-json\/wp\/v2\/media?parent=4681"}],"wp:term":[{"taxonomy":"category","embeddable":true,"href":"https:\/\/portaldoestado.com.br\/index.php\/wp-json\/wp\/v2\/categories?post=4681"},{"taxonomy":"post_tag","embeddable":true,"href":"https:\/\/portaldoestado.com.br\/index.php\/wp-json\/wp\/v2\/tags?post=4681"}],"curies":[{"name":"wp","href":"https:\/\/api.w.org\/{rel}","templated":true}]}}