{"id":4678,"date":"2025-11-26T17:48:30","date_gmt":"2025-11-26T17:48:30","guid":{"rendered":"https:\/\/portaldoestado.com.br\/?p=4678"},"modified":"2025-11-26T17:48:30","modified_gmt":"2025-11-26T17:48:30","slug":"explosao-digital-live-de-geraldo-luis-com-val-couto-quebra-recorde-e-domina-as-redes","status":"publish","type":"post","link":"https:\/\/portaldoestado.com.br\/index.php\/2025\/11\/26\/explosao-digital-live-de-geraldo-luis-com-val-couto-quebra-recorde-e-domina-as-redes\/","title":{"rendered":"Explos\u00e3o digital: Live de Geraldo Lu\u00eds com Val Couto quebra recorde e domina as redes"},"content":{"rendered":"\n<p>A noite de ter\u00e7a-feira rendeu um marco para o apresentador Geraldo Lu\u00eds. Sua transmiss\u00e3o ao vivo no YouTube \u2014 que recebeu o astr\u00f3logo e tar\u00f3logo Val Couto \u2014 ultrapassou a impressionante marca de 104 mil acessos simult\u00e2neos, colocando o jornalista entre os maiores nomes do entretenimento digital no Brasil.<\/p>\n\n\n\n<p>O n\u00famero confirma a ascens\u00e3o de Geraldo no ambiente online, ampliando o impacto de sua comunica\u00e7\u00e3o popular, que hoje vai muito al\u00e9m da TV aberta.<\/p>\n\n\n\n<p><strong>Encontro espiritual movimenta o pa\u00eds<\/strong><\/p>\n\n\n\n<p>A presen\u00e7a de Val Couto foi o ponto alto da live. Considerado um dos espiritualistas mais comentados da atualidade, ele atrai uma audi\u00eancia fiel por conta das previs\u00f5es, an\u00e1lises energ\u00e9ticas e da forte liga\u00e7\u00e3o com a mentora espiritual cigana Nadjara. Durante a transmiss\u00e3o, Val trouxe mensagens sobre comportamento, espiritualidade e direcionamentos que mantiveram o p\u00fablico conectado do in\u00edcio ao fim.<\/p>\n\n\n\n<p>A combina\u00e7\u00e3o entre o carisma de Geraldo e o misticismo de Val criou um clima envolvente e altamente compartilhado nas redes.<\/p>\n\n\n\n<p><strong>Geraldo Lu\u00eds confirma for\u00e7a fora da TV<\/strong><\/p>\n\n\n\n<p>O sucesso da live refor\u00e7a a nova fase digital do apresentador. Comandando o Aqui Agora no SBT e apostando simultaneamente nas plataformas online, Geraldo tem mostrado capacidade de atrair p\u00fablico em qualquer formato \u2014 seja no jornalismo popular ou em bate-papos com temas espirituais.<\/p>\n\n\n\n<p>A resposta do p\u00fablico indica que a mistura de espontaneidade e credibilidade segue como sua marca mais forte.<\/p>\n\n\n\n<p><strong>Val Couto cresce como fen\u00f4meno espiritual<\/strong><\/p>\n\n\n\n<p>J\u00e1 Val Couto consolida sua imagem como um dos nomes mais procurados do pa\u00eds quando o assunto \u00e9 espiritualidade. Com presen\u00e7a constante em r\u00e1dios, TVs e podcasts, ele acumula milhares de seguidores e viraliza frequentemente com previs\u00f5es e an\u00e1lises. Sua participa\u00e7\u00e3o na live impulsionou os coment\u00e1rios e gerou grande repercuss\u00e3o entre internautas.<\/p>\n\n\n\n<p><strong>Transmiss\u00e3o vira assunto nacional<\/strong><\/p>\n\n\n\n<p>Minutos ap\u00f3s o in\u00edcio, hashtags relacionadas ao encontro entre Geraldo e Val passaram a circular nas redes sociais, impulsionadas pelo engajamento da audi\u00eancia. O resultado foi uma das lives mais comentadas da semana, colocando o nome dos dois entre os destaques digitais.<\/p>\n\n\n\n<p><strong>O que vem por a\u00ed<\/strong><\/p>\n\n\n\n<p>Com a recep\u00e7\u00e3o extremamente positiva, novas transmiss\u00f5es j\u00e1 est\u00e3o sendo aguardadas pelo p\u00fablico. A excelente qu\u00edmica entre Geraldo Lu\u00eds e Val Couto deve render novos conte\u00fados e futuras parcerias no canal.<\/p>\n\n\n\n<p>Assista \u00e0 live completa:<\/p>\n\n\n\n<p>\ud83d\udc49 https:\/\/www.youtube.com\/live\/KTXN5qAeeug?si=Yq2qR1gNaMCRHBPe<\/p>\n","protected":false},"excerpt":{"rendered":"<p>A noite de ter\u00e7a-feira rendeu um marco para o apresentador Geraldo Lu\u00eds. Sua transmiss\u00e3o ao vivo no YouTube \u2014 que recebeu o astr\u00f3logo e tar\u00f3logo Val Couto \u2014 ultrapassou a impressionante marca de 104 mil acessos simult\u00e2neos, colocando o jornalista entre os maiores nomes do entretenimento digital no Brasil. O n\u00famero confirma a ascens\u00e3o de \u2026<\/p>\n","protected":false},"author":2,"featured_media":4677,"comment_status":"closed","ping_status":"open","sticky":false,"template":"","format":"standard","meta":{"footnotes":""},"categories":[3],"tags":[],"class_list":["post-4678","post","type-post","status-publish","format-standard","has-post-thumbnail","hentry","category-famosos"],"yoast_head":"<!-- This site is optimized with the Yoast SEO plugin v25.5 - https:\/\/yoast.com\/wordpress\/plugins\/seo\/ -->\n<title>Explos\u00e3o digital: Live de Geraldo Lu\u00eds com Val Couto quebra recorde e domina as redes - Portal do Estado<\/title>\n<meta name=\"robots\" content=\"index, follow, max-snippet:-1, max-image-preview:large, max-video-preview:-1\" \/>\n<link rel=\"canonical\" href=\"https:\/\/portaldoestado.com.br\/index.php\/2025\/11\/26\/explosao-digital-live-de-geraldo-luis-com-val-couto-quebra-recorde-e-domina-as-redes\/\" \/>\n<meta property=\"og:locale\" content=\"pt_BR\" \/>\n<meta property=\"og:type\" content=\"article\" \/>\n<meta property=\"og:title\" content=\"Explos\u00e3o digital: Live de Geraldo Lu\u00eds com Val Couto quebra recorde e domina as redes - Portal do Estado\" \/>\n<meta property=\"og:description\" content=\"A noite de ter\u00e7a-feira rendeu um marco para o apresentador Geraldo Lu\u00eds. Sua transmiss\u00e3o ao vivo no YouTube \u2014 que recebeu o astr\u00f3logo e tar\u00f3logo Val Couto \u2014 ultrapassou a impressionante marca de 104 mil acessos simult\u00e2neos, colocando o jornalista entre os maiores nomes do entretenimento digital no Brasil. O n\u00famero confirma a ascens\u00e3o de \u2026\" \/>\n<meta property=\"og:url\" content=\"https:\/\/portaldoestado.com.br\/index.php\/2025\/11\/26\/explosao-digital-live-de-geraldo-luis-com-val-couto-quebra-recorde-e-domina-as-redes\/\" \/>\n<meta property=\"og:site_name\" content=\"Portal do Estado\" \/>\n<meta property=\"article:published_time\" content=\"2025-11-26T17:48:30+00:00\" \/>\n<meta property=\"og:image\" content=\"https:\/\/portaldoestado.com.br\/wp-content\/uploads\/2025\/11\/494ea8ef-1164-4cbc-b09e-c67530c8e78e.jpeg\" \/>\n\t<meta property=\"og:image:width\" content=\"1280\" \/>\n\t<meta property=\"og:image:height\" content=\"720\" \/>\n\t<meta property=\"og:image:type\" content=\"image\/jpeg\" \/>\n<meta name=\"author\" content=\"assessoriadefamosos\" \/>\n<meta name=\"twitter:card\" content=\"summary_large_image\" \/>\n<meta name=\"twitter:label1\" content=\"Escrito por\" \/>\n\t<meta name=\"twitter:data1\" content=\"assessoriadefamosos\" \/>\n\t<meta name=\"twitter:label2\" content=\"Est. tempo de leitura\" \/>\n\t<meta name=\"twitter:data2\" content=\"2 minutos\" \/>\n<script type=\"application\/ld+json\" class=\"yoast-schema-graph\">{\"@context\":\"https:\/\/schema.org\",\"@graph\":[{\"@type\":\"Article\",\"@id\":\"https:\/\/portaldoestado.com.br\/index.php\/2025\/11\/26\/explosao-digital-live-de-geraldo-luis-com-val-couto-quebra-recorde-e-domina-as-redes\/#article\",\"isPartOf\":{\"@id\":\"https:\/\/portaldoestado.com.br\/index.php\/2025\/11\/26\/explosao-digital-live-de-geraldo-luis-com-val-couto-quebra-recorde-e-domina-as-redes\/\"},\"author\":{\"name\":\"assessoriadefamosos\",\"@id\":\"https:\/\/portaldoestado.com.br\/#\/schema\/person\/5ca0174f3c8c84b59da62ea14b698cb9\"},\"headline\":\"Explos\u00e3o digital: Live de Geraldo Lu\u00eds com Val Couto quebra recorde e domina as redes\",\"datePublished\":\"2025-11-26T17:48:30+00:00\",\"mainEntityOfPage\":{\"@id\":\"https:\/\/portaldoestado.com.br\/index.php\/2025\/11\/26\/explosao-digital-live-de-geraldo-luis-com-val-couto-quebra-recorde-e-domina-as-redes\/\"},\"wordCount\":441,\"publisher\":{\"@id\":\"https:\/\/portaldoestado.com.br\/#organization\"},\"image\":{\"@id\":\"https:\/\/portaldoestado.com.br\/index.php\/2025\/11\/26\/explosao-digital-live-de-geraldo-luis-com-val-couto-quebra-recorde-e-domina-as-redes\/#primaryimage\"},\"thumbnailUrl\":\"https:\/\/portaldoestado.com.br\/wp-content\/uploads\/2025\/11\/494ea8ef-1164-4cbc-b09e-c67530c8e78e.jpeg\",\"articleSection\":[\"Famosos\"],\"inLanguage\":\"pt-BR\"},{\"@type\":\"WebPage\",\"@id\":\"https:\/\/portaldoestado.com.br\/index.php\/2025\/11\/26\/explosao-digital-live-de-geraldo-luis-com-val-couto-quebra-recorde-e-domina-as-redes\/\",\"url\":\"https:\/\/portaldoestado.com.br\/index.php\/2025\/11\/26\/explosao-digital-live-de-geraldo-luis-com-val-couto-quebra-recorde-e-domina-as-redes\/\",\"name\":\"Explos\u00e3o digital: Live de Geraldo Lu\u00eds com Val Couto quebra recorde e domina as redes - Portal do Estado\",\"isPartOf\":{\"@id\":\"https:\/\/portaldoestado.com.br\/#website\"},\"primaryImageOfPage\":{\"@id\":\"https:\/\/portaldoestado.com.br\/index.php\/2025\/11\/26\/explosao-digital-live-de-geraldo-luis-com-val-couto-quebra-recorde-e-domina-as-redes\/#primaryimage\"},\"image\":{\"@id\":\"https:\/\/portaldoestado.com.br\/index.php\/2025\/11\/26\/explosao-digital-live-de-geraldo-luis-com-val-couto-quebra-recorde-e-domina-as-redes\/#primaryimage\"},\"thumbnailUrl\":\"https:\/\/portaldoestado.com.br\/wp-content\/uploads\/2025\/11\/494ea8ef-1164-4cbc-b09e-c67530c8e78e.jpeg\",\"datePublished\":\"2025-11-26T17:48:30+00:00\",\"breadcrumb\":{\"@id\":\"https:\/\/portaldoestado.com.br\/index.php\/2025\/11\/26\/explosao-digital-live-de-geraldo-luis-com-val-couto-quebra-recorde-e-domina-as-redes\/#breadcrumb\"},\"inLanguage\":\"pt-BR\",\"potentialAction\":[{\"@type\":\"ReadAction\",\"target\":[\"https:\/\/portaldoestado.com.br\/index.php\/2025\/11\/26\/explosao-digital-live-de-geraldo-luis-com-val-couto-quebra-recorde-e-domina-as-redes\/\"]}]},{\"@type\":\"ImageObject\",\"inLanguage\":\"pt-BR\",\"@id\":\"https:\/\/portaldoestado.com.br\/index.php\/2025\/11\/26\/explosao-digital-live-de-geraldo-luis-com-val-couto-quebra-recorde-e-domina-as-redes\/#primaryimage\",\"url\":\"https:\/\/portaldoestado.com.br\/wp-content\/uploads\/2025\/11\/494ea8ef-1164-4cbc-b09e-c67530c8e78e.jpeg\",\"contentUrl\":\"https:\/\/portaldoestado.com.br\/wp-content\/uploads\/2025\/11\/494ea8ef-1164-4cbc-b09e-c67530c8e78e.jpeg\",\"width\":1280,\"height\":720},{\"@type\":\"BreadcrumbList\",\"@id\":\"https:\/\/portaldoestado.com.br\/index.php\/2025\/11\/26\/explosao-digital-live-de-geraldo-luis-com-val-couto-quebra-recorde-e-domina-as-redes\/#breadcrumb\",\"itemListElement\":[{\"@type\":\"ListItem\",\"position\":1,\"name\":\"In\u00edcio\",\"item\":\"https:\/\/portaldoestado.com.br\/\"},{\"@type\":\"ListItem\",\"position\":2,\"name\":\"Explos\u00e3o digital: Live de Geraldo Lu\u00eds com Val Couto quebra recorde e domina as redes\"}]},{\"@type\":\"WebSite\",\"@id\":\"https:\/\/portaldoestado.com.br\/#website\",\"url\":\"https:\/\/portaldoestado.com.br\/\",\"name\":\"Portal do Estado\",\"description\":\"\",\"publisher\":{\"@id\":\"https:\/\/portaldoestado.com.br\/#organization\"},\"potentialAction\":[{\"@type\":\"SearchAction\",\"target\":{\"@type\":\"EntryPoint\",\"urlTemplate\":\"https:\/\/portaldoestado.com.br\/?s={search_term_string}\"},\"query-input\":{\"@type\":\"PropertyValueSpecification\",\"valueRequired\":true,\"valueName\":\"search_term_string\"}}],\"inLanguage\":\"pt-BR\"},{\"@type\":\"Organization\",\"@id\":\"https:\/\/portaldoestado.com.br\/#organization\",\"name\":\"Portal do Estado\",\"url\":\"https:\/\/portaldoestado.com.br\/\",\"logo\":{\"@type\":\"ImageObject\",\"inLanguage\":\"pt-BR\",\"@id\":\"https:\/\/portaldoestado.com.br\/#\/schema\/logo\/image\/\",\"url\":\"https:\/\/portaldoestado.com.br\/wp-content\/uploads\/2025\/04\/cropped-6f69b19a-6472-43bf-b1b3-e1910bbbd4e8.png\",\"contentUrl\":\"https:\/\/portaldoestado.com.br\/wp-content\/uploads\/2025\/04\/cropped-6f69b19a-6472-43bf-b1b3-e1910bbbd4e8.png\",\"width\":1024,\"height\":350,\"caption\":\"Portal do Estado\"},\"image\":{\"@id\":\"https:\/\/portaldoestado.com.br\/#\/schema\/logo\/image\/\"}},{\"@type\":\"Person\",\"@id\":\"https:\/\/portaldoestado.com.br\/#\/schema\/person\/5ca0174f3c8c84b59da62ea14b698cb9\",\"name\":\"assessoriadefamosos\",\"image\":{\"@type\":\"ImageObject\",\"inLanguage\":\"pt-BR\",\"@id\":\"https:\/\/portaldoestado.com.br\/#\/schema\/person\/image\/\",\"url\":\"https:\/\/secure.gravatar.com\/avatar\/a7acbdffcfbbae7240e59f47fe511ec5f5d8c252c779f0b8d9ab02a9e1d8c5ed?s=96&d=mm&r=g\",\"contentUrl\":\"https:\/\/secure.gravatar.com\/avatar\/a7acbdffcfbbae7240e59f47fe511ec5f5d8c252c779f0b8d9ab02a9e1d8c5ed?s=96&d=mm&r=g\",\"caption\":\"assessoriadefamosos\"},\"url\":\"https:\/\/portaldoestado.com.br\/index.php\/author\/assessoriadefamosos\/\"}]}<\/script>\n<!-- \/ Yoast SEO plugin. -->","yoast_head_json":{"title":"Explos\u00e3o digital: Live de Geraldo Lu\u00eds com Val Couto quebra recorde e domina as redes - Portal do Estado","robots":{"index":"index","follow":"follow","max-snippet":"max-snippet:-1","max-image-preview":"max-image-preview:large","max-video-preview":"max-video-preview:-1"},"canonical":"https:\/\/portaldoestado.com.br\/index.php\/2025\/11\/26\/explosao-digital-live-de-geraldo-luis-com-val-couto-quebra-recorde-e-domina-as-redes\/","og_locale":"pt_BR","og_type":"article","og_title":"Explos\u00e3o digital: Live de Geraldo Lu\u00eds com Val Couto quebra recorde e domina as redes - Portal do Estado","og_description":"A noite de ter\u00e7a-feira rendeu um marco para o apresentador Geraldo Lu\u00eds. Sua transmiss\u00e3o ao vivo no YouTube \u2014 que recebeu o astr\u00f3logo e tar\u00f3logo Val Couto \u2014 ultrapassou a impressionante marca de 104 mil acessos simult\u00e2neos, colocando o jornalista entre os maiores nomes do entretenimento digital no Brasil. O n\u00famero confirma a ascens\u00e3o de \u2026","og_url":"https:\/\/portaldoestado.com.br\/index.php\/2025\/11\/26\/explosao-digital-live-de-geraldo-luis-com-val-couto-quebra-recorde-e-domina-as-redes\/","og_site_name":"Portal do Estado","article_published_time":"2025-11-26T17:48:30+00:00","og_image":[{"width":1280,"height":720,"url":"https:\/\/portaldoestado.com.br\/wp-content\/uploads\/2025\/11\/494ea8ef-1164-4cbc-b09e-c67530c8e78e.jpeg","type":"image\/jpeg"}],"author":"assessoriadefamosos","twitter_card":"summary_large_image","twitter_misc":{"Escrito por":"assessoriadefamosos","Est. tempo de leitura":"2 minutos"},"schema":{"@context":"https:\/\/schema.org","@graph":[{"@type":"Article","@id":"https:\/\/portaldoestado.com.br\/index.php\/2025\/11\/26\/explosao-digital-live-de-geraldo-luis-com-val-couto-quebra-recorde-e-domina-as-redes\/#article","isPartOf":{"@id":"https:\/\/portaldoestado.com.br\/index.php\/2025\/11\/26\/explosao-digital-live-de-geraldo-luis-com-val-couto-quebra-recorde-e-domina-as-redes\/"},"author":{"name":"assessoriadefamosos","@id":"https:\/\/portaldoestado.com.br\/#\/schema\/person\/5ca0174f3c8c84b59da62ea14b698cb9"},"headline":"Explos\u00e3o digital: Live de Geraldo Lu\u00eds com Val Couto quebra recorde e domina as redes","datePublished":"2025-11-26T17:48:30+00:00","mainEntityOfPage":{"@id":"https:\/\/portaldoestado.com.br\/index.php\/2025\/11\/26\/explosao-digital-live-de-geraldo-luis-com-val-couto-quebra-recorde-e-domina-as-redes\/"},"wordCount":441,"publisher":{"@id":"https:\/\/portaldoestado.com.br\/#organization"},"image":{"@id":"https:\/\/portaldoestado.com.br\/index.php\/2025\/11\/26\/explosao-digital-live-de-geraldo-luis-com-val-couto-quebra-recorde-e-domina-as-redes\/#primaryimage"},"thumbnailUrl":"https:\/\/portaldoestado.com.br\/wp-content\/uploads\/2025\/11\/494ea8ef-1164-4cbc-b09e-c67530c8e78e.jpeg","articleSection":["Famosos"],"inLanguage":"pt-BR"},{"@type":"WebPage","@id":"https:\/\/portaldoestado.com.br\/index.php\/2025\/11\/26\/explosao-digital-live-de-geraldo-luis-com-val-couto-quebra-recorde-e-domina-as-redes\/","url":"https:\/\/portaldoestado.com.br\/index.php\/2025\/11\/26\/explosao-digital-live-de-geraldo-luis-com-val-couto-quebra-recorde-e-domina-as-redes\/","name":"Explos\u00e3o digital: Live de Geraldo Lu\u00eds com Val Couto quebra recorde e domina as redes - Portal do Estado","isPartOf":{"@id":"https:\/\/portaldoestado.com.br\/#website"},"primaryImageOfPage":{"@id":"https:\/\/portaldoestado.com.br\/index.php\/2025\/11\/26\/explosao-digital-live-de-geraldo-luis-com-val-couto-quebra-recorde-e-domina-as-redes\/#primaryimage"},"image":{"@id":"https:\/\/portaldoestado.com.br\/index.php\/2025\/11\/26\/explosao-digital-live-de-geraldo-luis-com-val-couto-quebra-recorde-e-domina-as-redes\/#primaryimage"},"thumbnailUrl":"https:\/\/portaldoestado.com.br\/wp-content\/uploads\/2025\/11\/494ea8ef-1164-4cbc-b09e-c67530c8e78e.jpeg","datePublished":"2025-11-26T17:48:30+00:00","breadcrumb":{"@id":"https:\/\/portaldoestado.com.br\/index.php\/2025\/11\/26\/explosao-digital-live-de-geraldo-luis-com-val-couto-quebra-recorde-e-domina-as-redes\/#breadcrumb"},"inLanguage":"pt-BR","potentialAction":[{"@type":"ReadAction","target":["https:\/\/portaldoestado.com.br\/index.php\/2025\/11\/26\/explosao-digital-live-de-geraldo-luis-com-val-couto-quebra-recorde-e-domina-as-redes\/"]}]},{"@type":"ImageObject","inLanguage":"pt-BR","@id":"https:\/\/portaldoestado.com.br\/index.php\/2025\/11\/26\/explosao-digital-live-de-geraldo-luis-com-val-couto-quebra-recorde-e-domina-as-redes\/#primaryimage","url":"https:\/\/portaldoestado.com.br\/wp-content\/uploads\/2025\/11\/494ea8ef-1164-4cbc-b09e-c67530c8e78e.jpeg","contentUrl":"https:\/\/portaldoestado.com.br\/wp-content\/uploads\/2025\/11\/494ea8ef-1164-4cbc-b09e-c67530c8e78e.jpeg","width":1280,"height":720},{"@type":"BreadcrumbList","@id":"https:\/\/portaldoestado.com.br\/index.php\/2025\/11\/26\/explosao-digital-live-de-geraldo-luis-com-val-couto-quebra-recorde-e-domina-as-redes\/#breadcrumb","itemListElement":[{"@type":"ListItem","position":1,"name":"In\u00edcio","item":"https:\/\/portaldoestado.com.br\/"},{"@type":"ListItem","position":2,"name":"Explos\u00e3o digital: Live de Geraldo Lu\u00eds com Val Couto quebra recorde e domina as redes"}]},{"@type":"WebSite","@id":"https:\/\/portaldoestado.com.br\/#website","url":"https:\/\/portaldoestado.com.br\/","name":"Portal do Estado","description":"","publisher":{"@id":"https:\/\/portaldoestado.com.br\/#organization"},"potentialAction":[{"@type":"SearchAction","target":{"@type":"EntryPoint","urlTemplate":"https:\/\/portaldoestado.com.br\/?s={search_term_string}"},"query-input":{"@type":"PropertyValueSpecification","valueRequired":true,"valueName":"search_term_string"}}],"inLanguage":"pt-BR"},{"@type":"Organization","@id":"https:\/\/portaldoestado.com.br\/#organization","name":"Portal do Estado","url":"https:\/\/portaldoestado.com.br\/","logo":{"@type":"ImageObject","inLanguage":"pt-BR","@id":"https:\/\/portaldoestado.com.br\/#\/schema\/logo\/image\/","url":"https:\/\/portaldoestado.com.br\/wp-content\/uploads\/2025\/04\/cropped-6f69b19a-6472-43bf-b1b3-e1910bbbd4e8.png","contentUrl":"https:\/\/portaldoestado.com.br\/wp-content\/uploads\/2025\/04\/cropped-6f69b19a-6472-43bf-b1b3-e1910bbbd4e8.png","width":1024,"height":350,"caption":"Portal do Estado"},"image":{"@id":"https:\/\/portaldoestado.com.br\/#\/schema\/logo\/image\/"}},{"@type":"Person","@id":"https:\/\/portaldoestado.com.br\/#\/schema\/person\/5ca0174f3c8c84b59da62ea14b698cb9","name":"assessoriadefamosos","image":{"@type":"ImageObject","inLanguage":"pt-BR","@id":"https:\/\/portaldoestado.com.br\/#\/schema\/person\/image\/","url":"https:\/\/secure.gravatar.com\/avatar\/a7acbdffcfbbae7240e59f47fe511ec5f5d8c252c779f0b8d9ab02a9e1d8c5ed?s=96&d=mm&r=g","contentUrl":"https:\/\/secure.gravatar.com\/avatar\/a7acbdffcfbbae7240e59f47fe511ec5f5d8c252c779f0b8d9ab02a9e1d8c5ed?s=96&d=mm&r=g","caption":"assessoriadefamosos"},"url":"https:\/\/portaldoestado.com.br\/index.php\/author\/assessoriadefamosos\/"}]}},"jetpack_featured_media_url":"https:\/\/portaldoestado.com.br\/wp-content\/uploads\/2025\/11\/494ea8ef-1164-4cbc-b09e-c67530c8e78e.jpeg","_links":{"self":[{"href":"https:\/\/portaldoestado.com.br\/index.php\/wp-json\/wp\/v2\/posts\/4678","targetHints":{"allow":["GET"]}}],"collection":[{"href":"https:\/\/portaldoestado.com.br\/index.php\/wp-json\/wp\/v2\/posts"}],"about":[{"href":"https:\/\/portaldoestado.com.br\/index.php\/wp-json\/wp\/v2\/types\/post"}],"author":[{"embeddable":true,"href":"https:\/\/portaldoestado.com.br\/index.php\/wp-json\/wp\/v2\/users\/2"}],"replies":[{"embeddable":true,"href":"https:\/\/portaldoestado.com.br\/index.php\/wp-json\/wp\/v2\/comments?post=4678"}],"version-history":[{"count":1,"href":"https:\/\/portaldoestado.com.br\/index.php\/wp-json\/wp\/v2\/posts\/4678\/revisions"}],"predecessor-version":[{"id":4679,"href":"https:\/\/portaldoestado.com.br\/index.php\/wp-json\/wp\/v2\/posts\/4678\/revisions\/4679"}],"wp:featuredmedia":[{"embeddable":true,"href":"https:\/\/portaldoestado.com.br\/index.php\/wp-json\/wp\/v2\/media\/4677"}],"wp:attachment":[{"href":"https:\/\/portaldoestado.com.br\/index.php\/wp-json\/wp\/v2\/media?parent=4678"}],"wp:term":[{"taxonomy":"category","embeddable":true,"href":"https:\/\/portaldoestado.com.br\/index.php\/wp-json\/wp\/v2\/categories?post=4678"},{"taxonomy":"post_tag","embeddable":true,"href":"https:\/\/portaldoestado.com.br\/index.php\/wp-json\/wp\/v2\/tags?post=4678"}],"curies":[{"name":"wp","href":"https:\/\/api.w.org\/{rel}","templated":true}]}}