{"id":4675,"date":"2025-11-26T17:42:41","date_gmt":"2025-11-26T17:42:41","guid":{"rendered":"https:\/\/portaldoestado.com.br\/?p=4675"},"modified":"2025-11-26T17:42:41","modified_gmt":"2025-11-26T17:42:41","slug":"climao-em-a-fazenda-17-expulsao-roca-relampago-e-discussoes-acaloradas-marcam-madrugada-historica","status":"publish","type":"post","link":"https:\/\/portaldoestado.com.br\/index.php\/2025\/11\/26\/climao-em-a-fazenda-17-expulsao-roca-relampago-e-discussoes-acaloradas-marcam-madrugada-historica\/","title":{"rendered":"Clim\u00e3o em \u201cA Fazenda 17\u201d: expuls\u00e3o, ro\u00e7a rel\u00e2mpago e discuss\u00f5es acaloradas marcam madrugada hist\u00f3rica"},"content":{"rendered":"\n<p>A noite de ter\u00e7a-feira (25\/11) em <em>A Fazenda 17<\/em> entrou para a lista das mais tensas da temporada. O que come\u00e7ou como uma simples noite de elimina\u00e7\u00e3o terminou em expuls\u00e3o, nova forma\u00e7\u00e3o de ro\u00e7a, barracos intensos e clima de total instabilidade dentro da sede.<\/p>\n\n\n\n<p>Logo ap\u00f3s Fabiano Moraes e Kathy Maravilha garantirem suas perman\u00eancias na disputa \u2014 deixando Maria Caporusso para tr\u00e1s com 47,15% dos votos \u2014 os pe\u00f5es sequer tiveram tempo para respirar. A produ\u00e7\u00e3o convocou todos para a forma\u00e7\u00e3o de mais uma berlinda, a d\u00e9cima da edi\u00e7\u00e3o, reacendendo rivalidades.<\/p>\n\n\n<!-- wp:heading \"level\":3 -->\n<h3 class=\"wp-block-heading\"><strong>Poderes de Saory disparam primeira fa\u00edsca<\/strong><\/h3>\n<!-- \/wp:post-content -->\n\n<!-- wp:paragraph -->\n<p>Bicampe\u00e3 da Prova de Fogo, Saory Cardoso decidiu manter o pergaminho branco e entregou o laranja nas m\u00e3os de Dudu Camargo. A imunidade conquistada por ela no Resta Um j\u00e1 deu o tom da noite, antecipando o confronto direto entre os grupos.<\/p>\n<!-- \/wp:paragraph -->\n\n<!-- wp:heading \"level\":3 -->\n<h3 class=\"wp-block-heading\"><strong>Wal\u00e9rio na mira e avalanche de votos em Rayane<\/strong><\/h3>\n<!-- \/wp:heading -->\n\n<!-- wp:paragraph -->\n<p>Dudu n\u00e3o perdeu tempo e indicou Wal\u00e9rio Ara\u00fajo, alegando que o estilista teria desmerecido o reality em algumas de suas falas. Wal\u00e9rio respondeu firme, garantindo determina\u00e7\u00e3o para continuar no jogo.<\/p>\n<!-- \/wp:paragraph -->\n\n<!-- wp:paragraph -->\n<p>Na vota\u00e7\u00e3o aberta, o alvo da vez foi Rayane Figliuzzi, que acumulou sete votos. Ela puxou Kathy da Baia, mas o Poder Laranja alterou o rumo da din\u00e2mica: Dudu decidiu trocar Kathy por Toninho Tornado. O humorista, ao iniciar o Resta Um, acabou deixando Luiz Mesquita como o \u00faltimo a escapar \u2014 e portanto, tamb\u00e9m roceiro.<\/p>\n<!-- \/wp:paragraph -->\n\n<!-- wp:heading \"level\":3 -->\n<h3 class=\"wp-block-heading\"><strong>Prova do Fazendeiro define salva\u00e7\u00e3o<\/strong><\/h3>\n<!-- \/wp:heading -->\n\n<!-- wp:paragraph -->\n<p>Com a Ro\u00e7a montada, ficou decidido que Toninho Tornado, Luiz Mesquita e Wal\u00e9rio Ara\u00fajo disputariam o chap\u00e9u de Fazendeiro na prova desta quarta-feira (26). Rayane, vetada por Luiz, est\u00e1 automaticamente na zona de risco.<\/p>\n<!-- \/wp:paragraph -->\n\n<!-- wp:heading \"level\":3 -->\n<h3 class=\"wp-block-heading\"><strong>Expuls\u00e3o de Cr\u00e9o Kellab vira ponto de ruptura<\/strong><\/h3>\n<!-- \/wp:heading -->\n\n<!-- wp:paragraph -->\n<p>A madrugada, por\u00e9m, guardava o momento mais dram\u00e1tico: a expuls\u00e3o de Cr\u00e9o Kellab. Ap\u00f3s um bate-boca intenso com Fabiano Moraes, o ator ultrapassou os limites estabelecidos pelo programa. Adriane Galisteu apareceu de surpresa para comunicar sua sa\u00edda imediata, deixando todos chocados.<\/p>\n<!-- \/wp:paragraph -->\n\n<!-- wp:paragraph -->\n<p>A trajet\u00f3ria de Cr\u00e9o, at\u00e9 ent\u00e3o marcada por momentos de calmaria e pequenas tens\u00f5es, ganhou um fim repentino \u2014 reacendendo a instabilidade entre os competidores.<\/p>\n<!-- \/wp:paragraph -->\n\n<!-- wp:heading \"level\":3 -->\n<h3 class=\"wp-block-heading\"><strong>Maria Caporusso deixa o reality ap\u00f3s trajet\u00f3ria turbulenta<\/strong><\/h3>\n<!-- \/wp:heading -->\n\n<!-- wp:paragraph -->\n<p>Eliminada mais cedo, Maria Caporusso saiu do programa carregando um hist\u00f3rico de conflitos e romances. O envolvimento com Matheus ap\u00f3s o t\u00e9rmino dele com Duda gerou tens\u00e3o na casa, e a falta de aliados acabou isolando a influenciadora. Sem vit\u00f3rias em provas e acumulando atritos, sua elimina\u00e7\u00e3o j\u00e1 era considerada prov\u00e1vel.<\/p>\n<!-- \/wp:paragraph -->\n\n<!-- wp:heading \"level\":3 -->\n<h3 class=\"wp-block-heading\"><strong>Briga na cozinha vira um dos barracos mais explosivos da edi\u00e7\u00e3o<\/strong><\/h3>\n<!-- \/wp:heading -->\n\n<!-- wp:paragraph -->\n<p>Para completar a noite ca\u00f3tica, um desentendimento dom\u00e9stico se transformou em gritaria generalizada. Carol Lekker e Rayane Figliuzzi se desentenderam por causa da limpeza da cozinha. Carol reclamou da suposta falta de colabora\u00e7\u00e3o da rival, que reagiu com ironia e provoca\u00e7\u00f5es.<\/p>\n<!-- \/wp:paragraph -->\n\n<!-- wp:paragraph -->\n<p>O descontrole tomou conta: Carol atirou partes do fog\u00e3o para o lado, Rayane a xingou repetidamente e at\u00e9 improvisou novos insultos. As duas chegaram a se aproximar fisicamente, aumentando o nervosismo na casa.<\/p>\n<!-- \/wp:paragraph -->\n\n<!-- wp:paragraph -->\n<p>Com expuls\u00e3o, barracos e uma ro\u00e7a quente formada, a madrugada foi um verdadeiro vendaval em <em>A Fazenda 17<\/em>, deixando o p\u00fablico ansioso para os pr\u00f3ximos cap\u00edtulos \u2014 e os pe\u00f5es, ainda mais divididos.<\/p>\n<!-- \/wp:paragraph -->","protected":false},"excerpt":{"rendered":"<p>A noite de ter\u00e7a-feira (25\/11) em A Fazenda 17 entrou para a lista das mais tensas da temporada. O que come\u00e7ou como uma simples noite de elimina\u00e7\u00e3o terminou em expuls\u00e3o, nova forma\u00e7\u00e3o de ro\u00e7a, barracos intensos e clima de total instabilidade dentro da sede. Logo ap\u00f3s Fabiano Moraes e Kathy Maravilha garantirem suas perman\u00eancias na \u2026<\/p>\n","protected":false},"author":2,"featured_media":4674,"comment_status":"closed","ping_status":"open","sticky":false,"template":"","format":"standard","meta":{"footnotes":""},"categories":[3],"tags":[],"class_list":["post-4675","post","type-post","status-publish","format-standard","has-post-thumbnail","hentry","category-famosos"],"yoast_head":"<!-- This site is optimized with the Yoast SEO plugin v25.5 - https:\/\/yoast.com\/wordpress\/plugins\/seo\/ -->\n<title>Clim\u00e3o em \u201cA Fazenda 17\u201d: expuls\u00e3o, ro\u00e7a rel\u00e2mpago e discuss\u00f5es acaloradas marcam madrugada hist\u00f3rica - Portal do Estado<\/title>\n<meta name=\"robots\" content=\"index, follow, max-snippet:-1, max-image-preview:large, max-video-preview:-1\" \/>\n<link rel=\"canonical\" href=\"https:\/\/portaldoestado.com.br\/index.php\/2025\/11\/26\/climao-em-a-fazenda-17-expulsao-roca-relampago-e-discussoes-acaloradas-marcam-madrugada-historica\/\" \/>\n<meta property=\"og:locale\" content=\"pt_BR\" \/>\n<meta property=\"og:type\" content=\"article\" \/>\n<meta property=\"og:title\" content=\"Clim\u00e3o em \u201cA Fazenda 17\u201d: expuls\u00e3o, ro\u00e7a rel\u00e2mpago e discuss\u00f5es acaloradas marcam madrugada hist\u00f3rica - Portal do Estado\" \/>\n<meta property=\"og:description\" content=\"A noite de ter\u00e7a-feira (25\/11) em A Fazenda 17 entrou para a lista das mais tensas da temporada. O que come\u00e7ou como uma simples noite de elimina\u00e7\u00e3o terminou em expuls\u00e3o, nova forma\u00e7\u00e3o de ro\u00e7a, barracos intensos e clima de total instabilidade dentro da sede. Logo ap\u00f3s Fabiano Moraes e Kathy Maravilha garantirem suas perman\u00eancias na \u2026\" \/>\n<meta property=\"og:url\" content=\"https:\/\/portaldoestado.com.br\/index.php\/2025\/11\/26\/climao-em-a-fazenda-17-expulsao-roca-relampago-e-discussoes-acaloradas-marcam-madrugada-historica\/\" \/>\n<meta property=\"og:site_name\" content=\"Portal do Estado\" \/>\n<meta property=\"article:published_time\" content=\"2025-11-26T17:42:41+00:00\" \/>\n<meta property=\"og:image\" content=\"https:\/\/portaldoestado.com.br\/wp-content\/uploads\/2025\/11\/noite-de-tensao-em-a-fazenda-17_1_147401.webp\" \/>\n\t<meta property=\"og:image:width\" content=\"750\" \/>\n\t<meta property=\"og:image:height\" content=\"422\" \/>\n\t<meta property=\"og:image:type\" content=\"image\/webp\" \/>\n<meta name=\"author\" content=\"assessoriadefamosos\" \/>\n<meta name=\"twitter:card\" content=\"summary_large_image\" \/>\n<meta name=\"twitter:label1\" content=\"Escrito por\" \/>\n\t<meta name=\"twitter:data1\" content=\"assessoriadefamosos\" \/>\n\t<meta name=\"twitter:label2\" content=\"Est. tempo de leitura\" \/>\n\t<meta name=\"twitter:data2\" content=\"3 minutos\" \/>\n<script type=\"application\/ld+json\" class=\"yoast-schema-graph\">{\"@context\":\"https:\/\/schema.org\",\"@graph\":[{\"@type\":\"Article\",\"@id\":\"https:\/\/portaldoestado.com.br\/index.php\/2025\/11\/26\/climao-em-a-fazenda-17-expulsao-roca-relampago-e-discussoes-acaloradas-marcam-madrugada-historica\/#article\",\"isPartOf\":{\"@id\":\"https:\/\/portaldoestado.com.br\/index.php\/2025\/11\/26\/climao-em-a-fazenda-17-expulsao-roca-relampago-e-discussoes-acaloradas-marcam-madrugada-historica\/\"},\"author\":{\"name\":\"assessoriadefamosos\",\"@id\":\"https:\/\/portaldoestado.com.br\/#\/schema\/person\/5ca0174f3c8c84b59da62ea14b698cb9\"},\"headline\":\"Clim\u00e3o em \u201cA Fazenda 17\u201d: expuls\u00e3o, ro\u00e7a rel\u00e2mpago e discuss\u00f5es acaloradas marcam madrugada hist\u00f3rica\",\"datePublished\":\"2025-11-26T17:42:41+00:00\",\"mainEntityOfPage\":{\"@id\":\"https:\/\/portaldoestado.com.br\/index.php\/2025\/11\/26\/climao-em-a-fazenda-17-expulsao-roca-relampago-e-discussoes-acaloradas-marcam-madrugada-historica\/\"},\"wordCount\":596,\"publisher\":{\"@id\":\"https:\/\/portaldoestado.com.br\/#organization\"},\"image\":{\"@id\":\"https:\/\/portaldoestado.com.br\/index.php\/2025\/11\/26\/climao-em-a-fazenda-17-expulsao-roca-relampago-e-discussoes-acaloradas-marcam-madrugada-historica\/#primaryimage\"},\"thumbnailUrl\":\"https:\/\/portaldoestado.com.br\/wp-content\/uploads\/2025\/11\/noite-de-tensao-em-a-fazenda-17_1_147401.webp\",\"articleSection\":[\"Famosos\"],\"inLanguage\":\"pt-BR\"},{\"@type\":\"WebPage\",\"@id\":\"https:\/\/portaldoestado.com.br\/index.php\/2025\/11\/26\/climao-em-a-fazenda-17-expulsao-roca-relampago-e-discussoes-acaloradas-marcam-madrugada-historica\/\",\"url\":\"https:\/\/portaldoestado.com.br\/index.php\/2025\/11\/26\/climao-em-a-fazenda-17-expulsao-roca-relampago-e-discussoes-acaloradas-marcam-madrugada-historica\/\",\"name\":\"Clim\u00e3o em \u201cA Fazenda 17\u201d: expuls\u00e3o, ro\u00e7a rel\u00e2mpago e discuss\u00f5es acaloradas marcam madrugada hist\u00f3rica - Portal do Estado\",\"isPartOf\":{\"@id\":\"https:\/\/portaldoestado.com.br\/#website\"},\"primaryImageOfPage\":{\"@id\":\"https:\/\/portaldoestado.com.br\/index.php\/2025\/11\/26\/climao-em-a-fazenda-17-expulsao-roca-relampago-e-discussoes-acaloradas-marcam-madrugada-historica\/#primaryimage\"},\"image\":{\"@id\":\"https:\/\/portaldoestado.com.br\/index.php\/2025\/11\/26\/climao-em-a-fazenda-17-expulsao-roca-relampago-e-discussoes-acaloradas-marcam-madrugada-historica\/#primaryimage\"},\"thumbnailUrl\":\"https:\/\/portaldoestado.com.br\/wp-content\/uploads\/2025\/11\/noite-de-tensao-em-a-fazenda-17_1_147401.webp\",\"datePublished\":\"2025-11-26T17:42:41+00:00\",\"breadcrumb\":{\"@id\":\"https:\/\/portaldoestado.com.br\/index.php\/2025\/11\/26\/climao-em-a-fazenda-17-expulsao-roca-relampago-e-discussoes-acaloradas-marcam-madrugada-historica\/#breadcrumb\"},\"inLanguage\":\"pt-BR\",\"potentialAction\":[{\"@type\":\"ReadAction\",\"target\":[\"https:\/\/portaldoestado.com.br\/index.php\/2025\/11\/26\/climao-em-a-fazenda-17-expulsao-roca-relampago-e-discussoes-acaloradas-marcam-madrugada-historica\/\"]}]},{\"@type\":\"ImageObject\",\"inLanguage\":\"pt-BR\",\"@id\":\"https:\/\/portaldoestado.com.br\/index.php\/2025\/11\/26\/climao-em-a-fazenda-17-expulsao-roca-relampago-e-discussoes-acaloradas-marcam-madrugada-historica\/#primaryimage\",\"url\":\"https:\/\/portaldoestado.com.br\/wp-content\/uploads\/2025\/11\/noite-de-tensao-em-a-fazenda-17_1_147401.webp\",\"contentUrl\":\"https:\/\/portaldoestado.com.br\/wp-content\/uploads\/2025\/11\/noite-de-tensao-em-a-fazenda-17_1_147401.webp\",\"width\":750,\"height\":422},{\"@type\":\"BreadcrumbList\",\"@id\":\"https:\/\/portaldoestado.com.br\/index.php\/2025\/11\/26\/climao-em-a-fazenda-17-expulsao-roca-relampago-e-discussoes-acaloradas-marcam-madrugada-historica\/#breadcrumb\",\"itemListElement\":[{\"@type\":\"ListItem\",\"position\":1,\"name\":\"In\u00edcio\",\"item\":\"https:\/\/portaldoestado.com.br\/\"},{\"@type\":\"ListItem\",\"position\":2,\"name\":\"Clim\u00e3o em \u201cA Fazenda 17\u201d: expuls\u00e3o, ro\u00e7a rel\u00e2mpago e discuss\u00f5es acaloradas marcam madrugada hist\u00f3rica\"}]},{\"@type\":\"WebSite\",\"@id\":\"https:\/\/portaldoestado.com.br\/#website\",\"url\":\"https:\/\/portaldoestado.com.br\/\",\"name\":\"Portal do Estado\",\"description\":\"\",\"publisher\":{\"@id\":\"https:\/\/portaldoestado.com.br\/#organization\"},\"potentialAction\":[{\"@type\":\"SearchAction\",\"target\":{\"@type\":\"EntryPoint\",\"urlTemplate\":\"https:\/\/portaldoestado.com.br\/?s={search_term_string}\"},\"query-input\":{\"@type\":\"PropertyValueSpecification\",\"valueRequired\":true,\"valueName\":\"search_term_string\"}}],\"inLanguage\":\"pt-BR\"},{\"@type\":\"Organization\",\"@id\":\"https:\/\/portaldoestado.com.br\/#organization\",\"name\":\"Portal do Estado\",\"url\":\"https:\/\/portaldoestado.com.br\/\",\"logo\":{\"@type\":\"ImageObject\",\"inLanguage\":\"pt-BR\",\"@id\":\"https:\/\/portaldoestado.com.br\/#\/schema\/logo\/image\/\",\"url\":\"https:\/\/portaldoestado.com.br\/wp-content\/uploads\/2025\/04\/cropped-6f69b19a-6472-43bf-b1b3-e1910bbbd4e8.png\",\"contentUrl\":\"https:\/\/portaldoestado.com.br\/wp-content\/uploads\/2025\/04\/cropped-6f69b19a-6472-43bf-b1b3-e1910bbbd4e8.png\",\"width\":1024,\"height\":350,\"caption\":\"Portal do Estado\"},\"image\":{\"@id\":\"https:\/\/portaldoestado.com.br\/#\/schema\/logo\/image\/\"}},{\"@type\":\"Person\",\"@id\":\"https:\/\/portaldoestado.com.br\/#\/schema\/person\/5ca0174f3c8c84b59da62ea14b698cb9\",\"name\":\"assessoriadefamosos\",\"image\":{\"@type\":\"ImageObject\",\"inLanguage\":\"pt-BR\",\"@id\":\"https:\/\/portaldoestado.com.br\/#\/schema\/person\/image\/\",\"url\":\"https:\/\/secure.gravatar.com\/avatar\/a7acbdffcfbbae7240e59f47fe511ec5f5d8c252c779f0b8d9ab02a9e1d8c5ed?s=96&d=mm&r=g\",\"contentUrl\":\"https:\/\/secure.gravatar.com\/avatar\/a7acbdffcfbbae7240e59f47fe511ec5f5d8c252c779f0b8d9ab02a9e1d8c5ed?s=96&d=mm&r=g\",\"caption\":\"assessoriadefamosos\"},\"url\":\"https:\/\/portaldoestado.com.br\/index.php\/author\/assessoriadefamosos\/\"}]}<\/script>\n<!-- \/ Yoast SEO plugin. -->","yoast_head_json":{"title":"Clim\u00e3o em \u201cA Fazenda 17\u201d: expuls\u00e3o, ro\u00e7a rel\u00e2mpago e discuss\u00f5es acaloradas marcam madrugada hist\u00f3rica - Portal do Estado","robots":{"index":"index","follow":"follow","max-snippet":"max-snippet:-1","max-image-preview":"max-image-preview:large","max-video-preview":"max-video-preview:-1"},"canonical":"https:\/\/portaldoestado.com.br\/index.php\/2025\/11\/26\/climao-em-a-fazenda-17-expulsao-roca-relampago-e-discussoes-acaloradas-marcam-madrugada-historica\/","og_locale":"pt_BR","og_type":"article","og_title":"Clim\u00e3o em \u201cA Fazenda 17\u201d: expuls\u00e3o, ro\u00e7a rel\u00e2mpago e discuss\u00f5es acaloradas marcam madrugada hist\u00f3rica - Portal do Estado","og_description":"A noite de ter\u00e7a-feira (25\/11) em A Fazenda 17 entrou para a lista das mais tensas da temporada. O que come\u00e7ou como uma simples noite de elimina\u00e7\u00e3o terminou em expuls\u00e3o, nova forma\u00e7\u00e3o de ro\u00e7a, barracos intensos e clima de total instabilidade dentro da sede. Logo ap\u00f3s Fabiano Moraes e Kathy Maravilha garantirem suas perman\u00eancias na \u2026","og_url":"https:\/\/portaldoestado.com.br\/index.php\/2025\/11\/26\/climao-em-a-fazenda-17-expulsao-roca-relampago-e-discussoes-acaloradas-marcam-madrugada-historica\/","og_site_name":"Portal do Estado","article_published_time":"2025-11-26T17:42:41+00:00","og_image":[{"width":750,"height":422,"url":"https:\/\/portaldoestado.com.br\/wp-content\/uploads\/2025\/11\/noite-de-tensao-em-a-fazenda-17_1_147401.webp","type":"image\/webp"}],"author":"assessoriadefamosos","twitter_card":"summary_large_image","twitter_misc":{"Escrito por":"assessoriadefamosos","Est. tempo de leitura":"3 minutos"},"schema":{"@context":"https:\/\/schema.org","@graph":[{"@type":"Article","@id":"https:\/\/portaldoestado.com.br\/index.php\/2025\/11\/26\/climao-em-a-fazenda-17-expulsao-roca-relampago-e-discussoes-acaloradas-marcam-madrugada-historica\/#article","isPartOf":{"@id":"https:\/\/portaldoestado.com.br\/index.php\/2025\/11\/26\/climao-em-a-fazenda-17-expulsao-roca-relampago-e-discussoes-acaloradas-marcam-madrugada-historica\/"},"author":{"name":"assessoriadefamosos","@id":"https:\/\/portaldoestado.com.br\/#\/schema\/person\/5ca0174f3c8c84b59da62ea14b698cb9"},"headline":"Clim\u00e3o em \u201cA Fazenda 17\u201d: expuls\u00e3o, ro\u00e7a rel\u00e2mpago e discuss\u00f5es acaloradas marcam madrugada hist\u00f3rica","datePublished":"2025-11-26T17:42:41+00:00","mainEntityOfPage":{"@id":"https:\/\/portaldoestado.com.br\/index.php\/2025\/11\/26\/climao-em-a-fazenda-17-expulsao-roca-relampago-e-discussoes-acaloradas-marcam-madrugada-historica\/"},"wordCount":596,"publisher":{"@id":"https:\/\/portaldoestado.com.br\/#organization"},"image":{"@id":"https:\/\/portaldoestado.com.br\/index.php\/2025\/11\/26\/climao-em-a-fazenda-17-expulsao-roca-relampago-e-discussoes-acaloradas-marcam-madrugada-historica\/#primaryimage"},"thumbnailUrl":"https:\/\/portaldoestado.com.br\/wp-content\/uploads\/2025\/11\/noite-de-tensao-em-a-fazenda-17_1_147401.webp","articleSection":["Famosos"],"inLanguage":"pt-BR"},{"@type":"WebPage","@id":"https:\/\/portaldoestado.com.br\/index.php\/2025\/11\/26\/climao-em-a-fazenda-17-expulsao-roca-relampago-e-discussoes-acaloradas-marcam-madrugada-historica\/","url":"https:\/\/portaldoestado.com.br\/index.php\/2025\/11\/26\/climao-em-a-fazenda-17-expulsao-roca-relampago-e-discussoes-acaloradas-marcam-madrugada-historica\/","name":"Clim\u00e3o em \u201cA Fazenda 17\u201d: expuls\u00e3o, ro\u00e7a rel\u00e2mpago e discuss\u00f5es acaloradas marcam madrugada hist\u00f3rica - Portal do Estado","isPartOf":{"@id":"https:\/\/portaldoestado.com.br\/#website"},"primaryImageOfPage":{"@id":"https:\/\/portaldoestado.com.br\/index.php\/2025\/11\/26\/climao-em-a-fazenda-17-expulsao-roca-relampago-e-discussoes-acaloradas-marcam-madrugada-historica\/#primaryimage"},"image":{"@id":"https:\/\/portaldoestado.com.br\/index.php\/2025\/11\/26\/climao-em-a-fazenda-17-expulsao-roca-relampago-e-discussoes-acaloradas-marcam-madrugada-historica\/#primaryimage"},"thumbnailUrl":"https:\/\/portaldoestado.com.br\/wp-content\/uploads\/2025\/11\/noite-de-tensao-em-a-fazenda-17_1_147401.webp","datePublished":"2025-11-26T17:42:41+00:00","breadcrumb":{"@id":"https:\/\/portaldoestado.com.br\/index.php\/2025\/11\/26\/climao-em-a-fazenda-17-expulsao-roca-relampago-e-discussoes-acaloradas-marcam-madrugada-historica\/#breadcrumb"},"inLanguage":"pt-BR","potentialAction":[{"@type":"ReadAction","target":["https:\/\/portaldoestado.com.br\/index.php\/2025\/11\/26\/climao-em-a-fazenda-17-expulsao-roca-relampago-e-discussoes-acaloradas-marcam-madrugada-historica\/"]}]},{"@type":"ImageObject","inLanguage":"pt-BR","@id":"https:\/\/portaldoestado.com.br\/index.php\/2025\/11\/26\/climao-em-a-fazenda-17-expulsao-roca-relampago-e-discussoes-acaloradas-marcam-madrugada-historica\/#primaryimage","url":"https:\/\/portaldoestado.com.br\/wp-content\/uploads\/2025\/11\/noite-de-tensao-em-a-fazenda-17_1_147401.webp","contentUrl":"https:\/\/portaldoestado.com.br\/wp-content\/uploads\/2025\/11\/noite-de-tensao-em-a-fazenda-17_1_147401.webp","width":750,"height":422},{"@type":"BreadcrumbList","@id":"https:\/\/portaldoestado.com.br\/index.php\/2025\/11\/26\/climao-em-a-fazenda-17-expulsao-roca-relampago-e-discussoes-acaloradas-marcam-madrugada-historica\/#breadcrumb","itemListElement":[{"@type":"ListItem","position":1,"name":"In\u00edcio","item":"https:\/\/portaldoestado.com.br\/"},{"@type":"ListItem","position":2,"name":"Clim\u00e3o em \u201cA Fazenda 17\u201d: expuls\u00e3o, ro\u00e7a rel\u00e2mpago e discuss\u00f5es acaloradas marcam madrugada hist\u00f3rica"}]},{"@type":"WebSite","@id":"https:\/\/portaldoestado.com.br\/#website","url":"https:\/\/portaldoestado.com.br\/","name":"Portal do Estado","description":"","publisher":{"@id":"https:\/\/portaldoestado.com.br\/#organization"},"potentialAction":[{"@type":"SearchAction","target":{"@type":"EntryPoint","urlTemplate":"https:\/\/portaldoestado.com.br\/?s={search_term_string}"},"query-input":{"@type":"PropertyValueSpecification","valueRequired":true,"valueName":"search_term_string"}}],"inLanguage":"pt-BR"},{"@type":"Organization","@id":"https:\/\/portaldoestado.com.br\/#organization","name":"Portal do Estado","url":"https:\/\/portaldoestado.com.br\/","logo":{"@type":"ImageObject","inLanguage":"pt-BR","@id":"https:\/\/portaldoestado.com.br\/#\/schema\/logo\/image\/","url":"https:\/\/portaldoestado.com.br\/wp-content\/uploads\/2025\/04\/cropped-6f69b19a-6472-43bf-b1b3-e1910bbbd4e8.png","contentUrl":"https:\/\/portaldoestado.com.br\/wp-content\/uploads\/2025\/04\/cropped-6f69b19a-6472-43bf-b1b3-e1910bbbd4e8.png","width":1024,"height":350,"caption":"Portal do Estado"},"image":{"@id":"https:\/\/portaldoestado.com.br\/#\/schema\/logo\/image\/"}},{"@type":"Person","@id":"https:\/\/portaldoestado.com.br\/#\/schema\/person\/5ca0174f3c8c84b59da62ea14b698cb9","name":"assessoriadefamosos","image":{"@type":"ImageObject","inLanguage":"pt-BR","@id":"https:\/\/portaldoestado.com.br\/#\/schema\/person\/image\/","url":"https:\/\/secure.gravatar.com\/avatar\/a7acbdffcfbbae7240e59f47fe511ec5f5d8c252c779f0b8d9ab02a9e1d8c5ed?s=96&d=mm&r=g","contentUrl":"https:\/\/secure.gravatar.com\/avatar\/a7acbdffcfbbae7240e59f47fe511ec5f5d8c252c779f0b8d9ab02a9e1d8c5ed?s=96&d=mm&r=g","caption":"assessoriadefamosos"},"url":"https:\/\/portaldoestado.com.br\/index.php\/author\/assessoriadefamosos\/"}]}},"jetpack_featured_media_url":"https:\/\/portaldoestado.com.br\/wp-content\/uploads\/2025\/11\/noite-de-tensao-em-a-fazenda-17_1_147401.webp","_links":{"self":[{"href":"https:\/\/portaldoestado.com.br\/index.php\/wp-json\/wp\/v2\/posts\/4675","targetHints":{"allow":["GET"]}}],"collection":[{"href":"https:\/\/portaldoestado.com.br\/index.php\/wp-json\/wp\/v2\/posts"}],"about":[{"href":"https:\/\/portaldoestado.com.br\/index.php\/wp-json\/wp\/v2\/types\/post"}],"author":[{"embeddable":true,"href":"https:\/\/portaldoestado.com.br\/index.php\/wp-json\/wp\/v2\/users\/2"}],"replies":[{"embeddable":true,"href":"https:\/\/portaldoestado.com.br\/index.php\/wp-json\/wp\/v2\/comments?post=4675"}],"version-history":[{"count":1,"href":"https:\/\/portaldoestado.com.br\/index.php\/wp-json\/wp\/v2\/posts\/4675\/revisions"}],"predecessor-version":[{"id":4676,"href":"https:\/\/portaldoestado.com.br\/index.php\/wp-json\/wp\/v2\/posts\/4675\/revisions\/4676"}],"wp:featuredmedia":[{"embeddable":true,"href":"https:\/\/portaldoestado.com.br\/index.php\/wp-json\/wp\/v2\/media\/4674"}],"wp:attachment":[{"href":"https:\/\/portaldoestado.com.br\/index.php\/wp-json\/wp\/v2\/media?parent=4675"}],"wp:term":[{"taxonomy":"category","embeddable":true,"href":"https:\/\/portaldoestado.com.br\/index.php\/wp-json\/wp\/v2\/categories?post=4675"},{"taxonomy":"post_tag","embeddable":true,"href":"https:\/\/portaldoestado.com.br\/index.php\/wp-json\/wp\/v2\/tags?post=4675"}],"curies":[{"name":"wp","href":"https:\/\/api.w.org\/{rel}","templated":true}]}}