{"id":4672,"date":"2025-11-26T17:36:23","date_gmt":"2025-11-26T17:36:23","guid":{"rendered":"https:\/\/portaldoestado.com.br\/?p=4672"},"modified":"2025-11-26T17:36:23","modified_gmt":"2025-11-26T17:36:23","slug":"clarice-alves-integra-a-sexta-temporada-de-impuros-e-amplia-presenca-no-audiovisual-brasileiro-e-europeu","status":"publish","type":"post","link":"https:\/\/portaldoestado.com.br\/index.php\/2025\/11\/26\/clarice-alves-integra-a-sexta-temporada-de-impuros-e-amplia-presenca-no-audiovisual-brasileiro-e-europeu\/","title":{"rendered":"Clarice Alves integra a sexta temporada de \u201cImpuros\u201d e amplia presen\u00e7a no audiovisual brasileiro e europeu"},"content":{"rendered":"\n<p>Clarice Alves acaba de confirmar sua participa\u00e7\u00e3o na sexta temporada de <em>Impuros<\/em>, produ\u00e7\u00e3o do Disney+ que retrata o cen\u00e1rio do crime organizado no Rio de Janeiro durante os anos 1990. A s\u00e9rie, liderada pelos personagens Evandro do Dend\u00ea (Raphael Logam) e o agente federal Morello (Rui Ricardo Diaz), tornou-se um dos maiores sucessos do streaming nacional \u2014 e agora contar\u00e1 com o refor\u00e7o da atriz.<\/p>\n\n\n\n<p>Vivendo entre Madrid e o Rio, Clarice retoma projetos no Brasil ao mesmo tempo em que fortalece sua carreira fora do pa\u00eds. No curr\u00edculo nacional, ela j\u00e1 participou de produ\u00e7\u00f5es como <em>Tempo de Amar<\/em> e <em>Passaporte para a Liberdade<\/em>, consolidando sua presen\u00e7a em diferentes formatos e g\u00eaneros. Fora das telas, mant\u00e9m uma forte liga\u00e7\u00e3o com o pa\u00eds: ela \u00e9 esposa do jogador Marcelo, refer\u00eancia no Fluminense e figura marcante na Sele\u00e7\u00e3o Brasileira.<\/p>\n\n\n\n<p>A entrada em <em>Impuros<\/em> coincide com um per\u00edodo de expans\u00e3o profissional no exterior. Residente na Espanha, Clarice tem participado de projetos locais e conquistado cada vez mais espa\u00e7o no mercado europeu. Seu novo trabalho por l\u00e1 \u00e9 <em>Todo Lo Que Nunca Fuimos<\/em>, adapta\u00e7\u00e3o do romance de Alice Kellen que deve chegar aos cinemas em 2026. Dirigido por Jorge Alonso, o filme conta tamb\u00e9m com Maxi Iglesias e Margarida Corceiro no elenco.<\/p>\n\n\n\n<p>A atriz ainda acumula outras experi\u00eancias internacionais, incluindo o longa italiano <em>Diminuta<\/em> e o papel principal do thriller espanhol <em>Urub\u00fa<\/em>, gravado na Amaz\u00f4nia \u2014 uma produ\u00e7\u00e3o que refor\u00e7a sua versatilidade e disposi\u00e7\u00e3o para desafios.<\/p>\n\n\n\n<p>Com grava\u00e7\u00f5es no Brasil e estreias no exterior marcadas para os pr\u00f3ximos anos, Clarice Alves vive um momento de forte proje\u00e7\u00e3o, alternando entre dois mercados e construindo uma carreira cada vez mais global.<\/p>\n","protected":false},"excerpt":{"rendered":"<p>Clarice Alves acaba de confirmar sua participa\u00e7\u00e3o na sexta temporada de Impuros, produ\u00e7\u00e3o do Disney+ que retrata o cen\u00e1rio do crime organizado no Rio de Janeiro durante os anos 1990. A s\u00e9rie, liderada pelos personagens Evandro do Dend\u00ea (Raphael Logam) e o agente federal Morello (Rui Ricardo Diaz), tornou-se um dos maiores sucessos do streaming \u2026<\/p>\n","protected":false},"author":2,"featured_media":4671,"comment_status":"closed","ping_status":"open","sticky":false,"template":"","format":"standard","meta":{"footnotes":""},"categories":[3],"tags":[],"class_list":["post-4672","post","type-post","status-publish","format-standard","has-post-thumbnail","hentry","category-famosos"],"yoast_head":"<!-- This site is optimized with the Yoast SEO plugin v25.5 - https:\/\/yoast.com\/wordpress\/plugins\/seo\/ -->\n<title>Clarice Alves integra a sexta temporada de \u201cImpuros\u201d e amplia presen\u00e7a no audiovisual brasileiro e europeu - Portal do Estado<\/title>\n<meta name=\"robots\" content=\"index, follow, max-snippet:-1, max-image-preview:large, max-video-preview:-1\" \/>\n<link rel=\"canonical\" href=\"https:\/\/portaldoestado.com.br\/index.php\/2025\/11\/26\/clarice-alves-integra-a-sexta-temporada-de-impuros-e-amplia-presenca-no-audiovisual-brasileiro-e-europeu\/\" \/>\n<meta property=\"og:locale\" content=\"pt_BR\" \/>\n<meta property=\"og:type\" content=\"article\" \/>\n<meta property=\"og:title\" content=\"Clarice Alves integra a sexta temporada de \u201cImpuros\u201d e amplia presen\u00e7a no audiovisual brasileiro e europeu - Portal do Estado\" \/>\n<meta property=\"og:description\" content=\"Clarice Alves acaba de confirmar sua participa\u00e7\u00e3o na sexta temporada de Impuros, produ\u00e7\u00e3o do Disney+ que retrata o cen\u00e1rio do crime organizado no Rio de Janeiro durante os anos 1990. A s\u00e9rie, liderada pelos personagens Evandro do Dend\u00ea (Raphael Logam) e o agente federal Morello (Rui Ricardo Diaz), tornou-se um dos maiores sucessos do streaming \u2026\" \/>\n<meta property=\"og:url\" content=\"https:\/\/portaldoestado.com.br\/index.php\/2025\/11\/26\/clarice-alves-integra-a-sexta-temporada-de-impuros-e-amplia-presenca-no-audiovisual-brasileiro-e-europeu\/\" \/>\n<meta property=\"og:site_name\" content=\"Portal do Estado\" \/>\n<meta property=\"article:published_time\" content=\"2025-11-26T17:36:23+00:00\" \/>\n<meta property=\"og:image\" content=\"https:\/\/portaldoestado.com.br\/wp-content\/uploads\/2025\/11\/MV5BZGQ4YmU4ODMtM2NhNS00OWY5LWFjNGQtMTcxYzcwNjg0NTljXkEyXkFqcGc@._V1_CR42822733335000_-scaled-1.jpg\" \/>\n\t<meta property=\"og:image:width\" content=\"1706\" \/>\n\t<meta property=\"og:image:height\" content=\"2560\" \/>\n\t<meta property=\"og:image:type\" content=\"image\/jpeg\" \/>\n<meta name=\"author\" content=\"assessoriadefamosos\" \/>\n<meta name=\"twitter:card\" content=\"summary_large_image\" \/>\n<meta name=\"twitter:label1\" content=\"Escrito por\" \/>\n\t<meta name=\"twitter:data1\" content=\"assessoriadefamosos\" \/>\n\t<meta name=\"twitter:label2\" content=\"Est. tempo de leitura\" \/>\n\t<meta name=\"twitter:data2\" content=\"1 minuto\" \/>\n<script type=\"application\/ld+json\" class=\"yoast-schema-graph\">{\"@context\":\"https:\/\/schema.org\",\"@graph\":[{\"@type\":\"Article\",\"@id\":\"https:\/\/portaldoestado.com.br\/index.php\/2025\/11\/26\/clarice-alves-integra-a-sexta-temporada-de-impuros-e-amplia-presenca-no-audiovisual-brasileiro-e-europeu\/#article\",\"isPartOf\":{\"@id\":\"https:\/\/portaldoestado.com.br\/index.php\/2025\/11\/26\/clarice-alves-integra-a-sexta-temporada-de-impuros-e-amplia-presenca-no-audiovisual-brasileiro-e-europeu\/\"},\"author\":{\"name\":\"assessoriadefamosos\",\"@id\":\"https:\/\/portaldoestado.com.br\/#\/schema\/person\/5ca0174f3c8c84b59da62ea14b698cb9\"},\"headline\":\"Clarice Alves integra a sexta temporada de \u201cImpuros\u201d e amplia presen\u00e7a no audiovisual brasileiro e europeu\",\"datePublished\":\"2025-11-26T17:36:23+00:00\",\"mainEntityOfPage\":{\"@id\":\"https:\/\/portaldoestado.com.br\/index.php\/2025\/11\/26\/clarice-alves-integra-a-sexta-temporada-de-impuros-e-amplia-presenca-no-audiovisual-brasileiro-e-europeu\/\"},\"wordCount\":314,\"publisher\":{\"@id\":\"https:\/\/portaldoestado.com.br\/#organization\"},\"image\":{\"@id\":\"https:\/\/portaldoestado.com.br\/index.php\/2025\/11\/26\/clarice-alves-integra-a-sexta-temporada-de-impuros-e-amplia-presenca-no-audiovisual-brasileiro-e-europeu\/#primaryimage\"},\"thumbnailUrl\":\"https:\/\/portaldoestado.com.br\/wp-content\/uploads\/2025\/11\/MV5BZGQ4YmU4ODMtM2NhNS00OWY5LWFjNGQtMTcxYzcwNjg0NTljXkEyXkFqcGc@._V1_CR42822733335000_-scaled-1.jpg\",\"articleSection\":[\"Famosos\"],\"inLanguage\":\"pt-BR\"},{\"@type\":\"WebPage\",\"@id\":\"https:\/\/portaldoestado.com.br\/index.php\/2025\/11\/26\/clarice-alves-integra-a-sexta-temporada-de-impuros-e-amplia-presenca-no-audiovisual-brasileiro-e-europeu\/\",\"url\":\"https:\/\/portaldoestado.com.br\/index.php\/2025\/11\/26\/clarice-alves-integra-a-sexta-temporada-de-impuros-e-amplia-presenca-no-audiovisual-brasileiro-e-europeu\/\",\"name\":\"Clarice Alves integra a sexta temporada de \u201cImpuros\u201d e amplia presen\u00e7a no audiovisual brasileiro e europeu - Portal do Estado\",\"isPartOf\":{\"@id\":\"https:\/\/portaldoestado.com.br\/#website\"},\"primaryImageOfPage\":{\"@id\":\"https:\/\/portaldoestado.com.br\/index.php\/2025\/11\/26\/clarice-alves-integra-a-sexta-temporada-de-impuros-e-amplia-presenca-no-audiovisual-brasileiro-e-europeu\/#primaryimage\"},\"image\":{\"@id\":\"https:\/\/portaldoestado.com.br\/index.php\/2025\/11\/26\/clarice-alves-integra-a-sexta-temporada-de-impuros-e-amplia-presenca-no-audiovisual-brasileiro-e-europeu\/#primaryimage\"},\"thumbnailUrl\":\"https:\/\/portaldoestado.com.br\/wp-content\/uploads\/2025\/11\/MV5BZGQ4YmU4ODMtM2NhNS00OWY5LWFjNGQtMTcxYzcwNjg0NTljXkEyXkFqcGc@._V1_CR42822733335000_-scaled-1.jpg\",\"datePublished\":\"2025-11-26T17:36:23+00:00\",\"breadcrumb\":{\"@id\":\"https:\/\/portaldoestado.com.br\/index.php\/2025\/11\/26\/clarice-alves-integra-a-sexta-temporada-de-impuros-e-amplia-presenca-no-audiovisual-brasileiro-e-europeu\/#breadcrumb\"},\"inLanguage\":\"pt-BR\",\"potentialAction\":[{\"@type\":\"ReadAction\",\"target\":[\"https:\/\/portaldoestado.com.br\/index.php\/2025\/11\/26\/clarice-alves-integra-a-sexta-temporada-de-impuros-e-amplia-presenca-no-audiovisual-brasileiro-e-europeu\/\"]}]},{\"@type\":\"ImageObject\",\"inLanguage\":\"pt-BR\",\"@id\":\"https:\/\/portaldoestado.com.br\/index.php\/2025\/11\/26\/clarice-alves-integra-a-sexta-temporada-de-impuros-e-amplia-presenca-no-audiovisual-brasileiro-e-europeu\/#primaryimage\",\"url\":\"https:\/\/portaldoestado.com.br\/wp-content\/uploads\/2025\/11\/MV5BZGQ4YmU4ODMtM2NhNS00OWY5LWFjNGQtMTcxYzcwNjg0NTljXkEyXkFqcGc@._V1_CR42822733335000_-scaled-1.jpg\",\"contentUrl\":\"https:\/\/portaldoestado.com.br\/wp-content\/uploads\/2025\/11\/MV5BZGQ4YmU4ODMtM2NhNS00OWY5LWFjNGQtMTcxYzcwNjg0NTljXkEyXkFqcGc@._V1_CR42822733335000_-scaled-1.jpg\",\"width\":1706,\"height\":2560},{\"@type\":\"BreadcrumbList\",\"@id\":\"https:\/\/portaldoestado.com.br\/index.php\/2025\/11\/26\/clarice-alves-integra-a-sexta-temporada-de-impuros-e-amplia-presenca-no-audiovisual-brasileiro-e-europeu\/#breadcrumb\",\"itemListElement\":[{\"@type\":\"ListItem\",\"position\":1,\"name\":\"In\u00edcio\",\"item\":\"https:\/\/portaldoestado.com.br\/\"},{\"@type\":\"ListItem\",\"position\":2,\"name\":\"Clarice Alves integra a sexta temporada de \u201cImpuros\u201d e amplia presen\u00e7a no audiovisual brasileiro e europeu\"}]},{\"@type\":\"WebSite\",\"@id\":\"https:\/\/portaldoestado.com.br\/#website\",\"url\":\"https:\/\/portaldoestado.com.br\/\",\"name\":\"Portal do Estado\",\"description\":\"\",\"publisher\":{\"@id\":\"https:\/\/portaldoestado.com.br\/#organization\"},\"potentialAction\":[{\"@type\":\"SearchAction\",\"target\":{\"@type\":\"EntryPoint\",\"urlTemplate\":\"https:\/\/portaldoestado.com.br\/?s={search_term_string}\"},\"query-input\":{\"@type\":\"PropertyValueSpecification\",\"valueRequired\":true,\"valueName\":\"search_term_string\"}}],\"inLanguage\":\"pt-BR\"},{\"@type\":\"Organization\",\"@id\":\"https:\/\/portaldoestado.com.br\/#organization\",\"name\":\"Portal do Estado\",\"url\":\"https:\/\/portaldoestado.com.br\/\",\"logo\":{\"@type\":\"ImageObject\",\"inLanguage\":\"pt-BR\",\"@id\":\"https:\/\/portaldoestado.com.br\/#\/schema\/logo\/image\/\",\"url\":\"https:\/\/portaldoestado.com.br\/wp-content\/uploads\/2025\/04\/cropped-6f69b19a-6472-43bf-b1b3-e1910bbbd4e8.png\",\"contentUrl\":\"https:\/\/portaldoestado.com.br\/wp-content\/uploads\/2025\/04\/cropped-6f69b19a-6472-43bf-b1b3-e1910bbbd4e8.png\",\"width\":1024,\"height\":350,\"caption\":\"Portal do Estado\"},\"image\":{\"@id\":\"https:\/\/portaldoestado.com.br\/#\/schema\/logo\/image\/\"}},{\"@type\":\"Person\",\"@id\":\"https:\/\/portaldoestado.com.br\/#\/schema\/person\/5ca0174f3c8c84b59da62ea14b698cb9\",\"name\":\"assessoriadefamosos\",\"image\":{\"@type\":\"ImageObject\",\"inLanguage\":\"pt-BR\",\"@id\":\"https:\/\/portaldoestado.com.br\/#\/schema\/person\/image\/\",\"url\":\"https:\/\/secure.gravatar.com\/avatar\/a7acbdffcfbbae7240e59f47fe511ec5f5d8c252c779f0b8d9ab02a9e1d8c5ed?s=96&d=mm&r=g\",\"contentUrl\":\"https:\/\/secure.gravatar.com\/avatar\/a7acbdffcfbbae7240e59f47fe511ec5f5d8c252c779f0b8d9ab02a9e1d8c5ed?s=96&d=mm&r=g\",\"caption\":\"assessoriadefamosos\"},\"url\":\"https:\/\/portaldoestado.com.br\/index.php\/author\/assessoriadefamosos\/\"}]}<\/script>\n<!-- \/ Yoast SEO plugin. -->","yoast_head_json":{"title":"Clarice Alves integra a sexta temporada de \u201cImpuros\u201d e amplia presen\u00e7a no audiovisual brasileiro e europeu - Portal do Estado","robots":{"index":"index","follow":"follow","max-snippet":"max-snippet:-1","max-image-preview":"max-image-preview:large","max-video-preview":"max-video-preview:-1"},"canonical":"https:\/\/portaldoestado.com.br\/index.php\/2025\/11\/26\/clarice-alves-integra-a-sexta-temporada-de-impuros-e-amplia-presenca-no-audiovisual-brasileiro-e-europeu\/","og_locale":"pt_BR","og_type":"article","og_title":"Clarice Alves integra a sexta temporada de \u201cImpuros\u201d e amplia presen\u00e7a no audiovisual brasileiro e europeu - Portal do Estado","og_description":"Clarice Alves acaba de confirmar sua participa\u00e7\u00e3o na sexta temporada de Impuros, produ\u00e7\u00e3o do Disney+ que retrata o cen\u00e1rio do crime organizado no Rio de Janeiro durante os anos 1990. A s\u00e9rie, liderada pelos personagens Evandro do Dend\u00ea (Raphael Logam) e o agente federal Morello (Rui Ricardo Diaz), tornou-se um dos maiores sucessos do streaming \u2026","og_url":"https:\/\/portaldoestado.com.br\/index.php\/2025\/11\/26\/clarice-alves-integra-a-sexta-temporada-de-impuros-e-amplia-presenca-no-audiovisual-brasileiro-e-europeu\/","og_site_name":"Portal do Estado","article_published_time":"2025-11-26T17:36:23+00:00","og_image":[{"width":1706,"height":2560,"url":"https:\/\/portaldoestado.com.br\/wp-content\/uploads\/2025\/11\/MV5BZGQ4YmU4ODMtM2NhNS00OWY5LWFjNGQtMTcxYzcwNjg0NTljXkEyXkFqcGc@._V1_CR42822733335000_-scaled-1.jpg","type":"image\/jpeg"}],"author":"assessoriadefamosos","twitter_card":"summary_large_image","twitter_misc":{"Escrito por":"assessoriadefamosos","Est. tempo de leitura":"1 minuto"},"schema":{"@context":"https:\/\/schema.org","@graph":[{"@type":"Article","@id":"https:\/\/portaldoestado.com.br\/index.php\/2025\/11\/26\/clarice-alves-integra-a-sexta-temporada-de-impuros-e-amplia-presenca-no-audiovisual-brasileiro-e-europeu\/#article","isPartOf":{"@id":"https:\/\/portaldoestado.com.br\/index.php\/2025\/11\/26\/clarice-alves-integra-a-sexta-temporada-de-impuros-e-amplia-presenca-no-audiovisual-brasileiro-e-europeu\/"},"author":{"name":"assessoriadefamosos","@id":"https:\/\/portaldoestado.com.br\/#\/schema\/person\/5ca0174f3c8c84b59da62ea14b698cb9"},"headline":"Clarice Alves integra a sexta temporada de \u201cImpuros\u201d e amplia presen\u00e7a no audiovisual brasileiro e europeu","datePublished":"2025-11-26T17:36:23+00:00","mainEntityOfPage":{"@id":"https:\/\/portaldoestado.com.br\/index.php\/2025\/11\/26\/clarice-alves-integra-a-sexta-temporada-de-impuros-e-amplia-presenca-no-audiovisual-brasileiro-e-europeu\/"},"wordCount":314,"publisher":{"@id":"https:\/\/portaldoestado.com.br\/#organization"},"image":{"@id":"https:\/\/portaldoestado.com.br\/index.php\/2025\/11\/26\/clarice-alves-integra-a-sexta-temporada-de-impuros-e-amplia-presenca-no-audiovisual-brasileiro-e-europeu\/#primaryimage"},"thumbnailUrl":"https:\/\/portaldoestado.com.br\/wp-content\/uploads\/2025\/11\/MV5BZGQ4YmU4ODMtM2NhNS00OWY5LWFjNGQtMTcxYzcwNjg0NTljXkEyXkFqcGc@._V1_CR42822733335000_-scaled-1.jpg","articleSection":["Famosos"],"inLanguage":"pt-BR"},{"@type":"WebPage","@id":"https:\/\/portaldoestado.com.br\/index.php\/2025\/11\/26\/clarice-alves-integra-a-sexta-temporada-de-impuros-e-amplia-presenca-no-audiovisual-brasileiro-e-europeu\/","url":"https:\/\/portaldoestado.com.br\/index.php\/2025\/11\/26\/clarice-alves-integra-a-sexta-temporada-de-impuros-e-amplia-presenca-no-audiovisual-brasileiro-e-europeu\/","name":"Clarice Alves integra a sexta temporada de \u201cImpuros\u201d e amplia presen\u00e7a no audiovisual brasileiro e europeu - Portal do Estado","isPartOf":{"@id":"https:\/\/portaldoestado.com.br\/#website"},"primaryImageOfPage":{"@id":"https:\/\/portaldoestado.com.br\/index.php\/2025\/11\/26\/clarice-alves-integra-a-sexta-temporada-de-impuros-e-amplia-presenca-no-audiovisual-brasileiro-e-europeu\/#primaryimage"},"image":{"@id":"https:\/\/portaldoestado.com.br\/index.php\/2025\/11\/26\/clarice-alves-integra-a-sexta-temporada-de-impuros-e-amplia-presenca-no-audiovisual-brasileiro-e-europeu\/#primaryimage"},"thumbnailUrl":"https:\/\/portaldoestado.com.br\/wp-content\/uploads\/2025\/11\/MV5BZGQ4YmU4ODMtM2NhNS00OWY5LWFjNGQtMTcxYzcwNjg0NTljXkEyXkFqcGc@._V1_CR42822733335000_-scaled-1.jpg","datePublished":"2025-11-26T17:36:23+00:00","breadcrumb":{"@id":"https:\/\/portaldoestado.com.br\/index.php\/2025\/11\/26\/clarice-alves-integra-a-sexta-temporada-de-impuros-e-amplia-presenca-no-audiovisual-brasileiro-e-europeu\/#breadcrumb"},"inLanguage":"pt-BR","potentialAction":[{"@type":"ReadAction","target":["https:\/\/portaldoestado.com.br\/index.php\/2025\/11\/26\/clarice-alves-integra-a-sexta-temporada-de-impuros-e-amplia-presenca-no-audiovisual-brasileiro-e-europeu\/"]}]},{"@type":"ImageObject","inLanguage":"pt-BR","@id":"https:\/\/portaldoestado.com.br\/index.php\/2025\/11\/26\/clarice-alves-integra-a-sexta-temporada-de-impuros-e-amplia-presenca-no-audiovisual-brasileiro-e-europeu\/#primaryimage","url":"https:\/\/portaldoestado.com.br\/wp-content\/uploads\/2025\/11\/MV5BZGQ4YmU4ODMtM2NhNS00OWY5LWFjNGQtMTcxYzcwNjg0NTljXkEyXkFqcGc@._V1_CR42822733335000_-scaled-1.jpg","contentUrl":"https:\/\/portaldoestado.com.br\/wp-content\/uploads\/2025\/11\/MV5BZGQ4YmU4ODMtM2NhNS00OWY5LWFjNGQtMTcxYzcwNjg0NTljXkEyXkFqcGc@._V1_CR42822733335000_-scaled-1.jpg","width":1706,"height":2560},{"@type":"BreadcrumbList","@id":"https:\/\/portaldoestado.com.br\/index.php\/2025\/11\/26\/clarice-alves-integra-a-sexta-temporada-de-impuros-e-amplia-presenca-no-audiovisual-brasileiro-e-europeu\/#breadcrumb","itemListElement":[{"@type":"ListItem","position":1,"name":"In\u00edcio","item":"https:\/\/portaldoestado.com.br\/"},{"@type":"ListItem","position":2,"name":"Clarice Alves integra a sexta temporada de \u201cImpuros\u201d e amplia presen\u00e7a no audiovisual brasileiro e europeu"}]},{"@type":"WebSite","@id":"https:\/\/portaldoestado.com.br\/#website","url":"https:\/\/portaldoestado.com.br\/","name":"Portal do Estado","description":"","publisher":{"@id":"https:\/\/portaldoestado.com.br\/#organization"},"potentialAction":[{"@type":"SearchAction","target":{"@type":"EntryPoint","urlTemplate":"https:\/\/portaldoestado.com.br\/?s={search_term_string}"},"query-input":{"@type":"PropertyValueSpecification","valueRequired":true,"valueName":"search_term_string"}}],"inLanguage":"pt-BR"},{"@type":"Organization","@id":"https:\/\/portaldoestado.com.br\/#organization","name":"Portal do Estado","url":"https:\/\/portaldoestado.com.br\/","logo":{"@type":"ImageObject","inLanguage":"pt-BR","@id":"https:\/\/portaldoestado.com.br\/#\/schema\/logo\/image\/","url":"https:\/\/portaldoestado.com.br\/wp-content\/uploads\/2025\/04\/cropped-6f69b19a-6472-43bf-b1b3-e1910bbbd4e8.png","contentUrl":"https:\/\/portaldoestado.com.br\/wp-content\/uploads\/2025\/04\/cropped-6f69b19a-6472-43bf-b1b3-e1910bbbd4e8.png","width":1024,"height":350,"caption":"Portal do Estado"},"image":{"@id":"https:\/\/portaldoestado.com.br\/#\/schema\/logo\/image\/"}},{"@type":"Person","@id":"https:\/\/portaldoestado.com.br\/#\/schema\/person\/5ca0174f3c8c84b59da62ea14b698cb9","name":"assessoriadefamosos","image":{"@type":"ImageObject","inLanguage":"pt-BR","@id":"https:\/\/portaldoestado.com.br\/#\/schema\/person\/image\/","url":"https:\/\/secure.gravatar.com\/avatar\/a7acbdffcfbbae7240e59f47fe511ec5f5d8c252c779f0b8d9ab02a9e1d8c5ed?s=96&d=mm&r=g","contentUrl":"https:\/\/secure.gravatar.com\/avatar\/a7acbdffcfbbae7240e59f47fe511ec5f5d8c252c779f0b8d9ab02a9e1d8c5ed?s=96&d=mm&r=g","caption":"assessoriadefamosos"},"url":"https:\/\/portaldoestado.com.br\/index.php\/author\/assessoriadefamosos\/"}]}},"jetpack_featured_media_url":"https:\/\/portaldoestado.com.br\/wp-content\/uploads\/2025\/11\/MV5BZGQ4YmU4ODMtM2NhNS00OWY5LWFjNGQtMTcxYzcwNjg0NTljXkEyXkFqcGc@._V1_CR42822733335000_-scaled-1.jpg","_links":{"self":[{"href":"https:\/\/portaldoestado.com.br\/index.php\/wp-json\/wp\/v2\/posts\/4672","targetHints":{"allow":["GET"]}}],"collection":[{"href":"https:\/\/portaldoestado.com.br\/index.php\/wp-json\/wp\/v2\/posts"}],"about":[{"href":"https:\/\/portaldoestado.com.br\/index.php\/wp-json\/wp\/v2\/types\/post"}],"author":[{"embeddable":true,"href":"https:\/\/portaldoestado.com.br\/index.php\/wp-json\/wp\/v2\/users\/2"}],"replies":[{"embeddable":true,"href":"https:\/\/portaldoestado.com.br\/index.php\/wp-json\/wp\/v2\/comments?post=4672"}],"version-history":[{"count":1,"href":"https:\/\/portaldoestado.com.br\/index.php\/wp-json\/wp\/v2\/posts\/4672\/revisions"}],"predecessor-version":[{"id":4673,"href":"https:\/\/portaldoestado.com.br\/index.php\/wp-json\/wp\/v2\/posts\/4672\/revisions\/4673"}],"wp:featuredmedia":[{"embeddable":true,"href":"https:\/\/portaldoestado.com.br\/index.php\/wp-json\/wp\/v2\/media\/4671"}],"wp:attachment":[{"href":"https:\/\/portaldoestado.com.br\/index.php\/wp-json\/wp\/v2\/media?parent=4672"}],"wp:term":[{"taxonomy":"category","embeddable":true,"href":"https:\/\/portaldoestado.com.br\/index.php\/wp-json\/wp\/v2\/categories?post=4672"},{"taxonomy":"post_tag","embeddable":true,"href":"https:\/\/portaldoestado.com.br\/index.php\/wp-json\/wp\/v2\/tags?post=4672"}],"curies":[{"name":"wp","href":"https:\/\/api.w.org\/{rel}","templated":true}]}}