{"id":4669,"date":"2025-11-26T17:30:04","date_gmt":"2025-11-26T17:30:04","guid":{"rendered":"https:\/\/portaldoestado.com.br\/?p=4669"},"modified":"2025-11-26T17:30:04","modified_gmt":"2025-11-26T17:30:04","slug":"debora-bloch-compartilha-como-tem-sido-a-vida-apos-viver-odete-roitman-e-comenta-planos-futuros","status":"publish","type":"post","link":"https:\/\/portaldoestado.com.br\/index.php\/2025\/11\/26\/debora-bloch-compartilha-como-tem-sido-a-vida-apos-viver-odete-roitman-e-comenta-planos-futuros\/","title":{"rendered":"Debora Bloch compartilha como tem sido a vida ap\u00f3s viver Odete Roitman e comenta planos futuros"},"content":{"rendered":"\n<p>Depois de dar vida \u00e0 nova vers\u00e3o de Odete Roitman no remake de <em>Vale Tudo<\/em>, Debora Bloch est\u00e1 aproveitando um per\u00edodo de respiro. A novela terminou em 17 de outubro, mas o impacto da personagem segue forte \u2014 tanto no p\u00fablico quanto na rotina da atriz, eleita Mulher do Ano no Men of The Year 2025 pela <em>GQ Brasil<\/em>. Em entrevista \u00e0 revista, ela contou como tem preenchido seus dias ap\u00f3s meses de dedica\u00e7\u00e3o intensa \u00e0s grava\u00e7\u00f5es.<\/p>\n\n\n\n<p>O trabalho exigiu uma agenda rigorosa: idas di\u00e1rias aos est\u00fadios, de segunda a s\u00e1bado, e domingos reservados para estudar textos e preparar as cenas da semana seguinte. Com o fim da novela, Debora decidiu desacelerar e permitir que o corpo e a mente descansassem.<\/p>\n\n\n\n<p>Agora, com o tempo reorganizado, ela quer retomar cuidados que ficaram em segundo plano. A artista revelou que planeja retornar \u00e0 rotina de treinos, alternando sess\u00f5es de ioga e muscula\u00e7\u00e3o. \u201cAtividade f\u00edsica sempre fez parte da minha vida. Quando era menina, sonhava em ser bailarina. E o teatro, de certa forma, tamb\u00e9m \u00e9 um esporte: exige preparo, resist\u00eancia e muita energia\u201d, comentou.<\/p>\n\n\n\n<p>Ao olhar para o trabalho mais recente, Debora afirma que interpretar Odete n\u00e3o foi exatamente um presente inesperado. Para ela, o papel representou a soma de anos de experi\u00eancia e preparo. \u201cA oportunidade veio no momento certo. Eu estava pronta e pude aproveitar cada instante\u201d, refletiu.<\/p>\n\n\n\n<p>Em rela\u00e7\u00e3o ao futuro, a atriz prefere manter a agenda aberta. Sem pressa para assumir novos compromissos, ela admite sentir falta dos palcos e lembra que sua \u00faltima pe\u00e7a aconteceu antes da pandemia \u2014 um sinal claro de que o teatro pode ser o pr\u00f3ximo passo.<\/p>\n\n\n\n<p>Por enquanto, Debora segue em clima de leveza, aproveitando o p\u00f3s-novela para se reconectar consigo mesma e deixar que os pr\u00f3ximos projetos apare\u00e7am naturalmente.<\/p>\n","protected":false},"excerpt":{"rendered":"<p>Depois de dar vida \u00e0 nova vers\u00e3o de Odete Roitman no remake de Vale Tudo, Debora Bloch est\u00e1 aproveitando um per\u00edodo de respiro. A novela terminou em 17 de outubro, mas o impacto da personagem segue forte \u2014 tanto no p\u00fablico quanto na rotina da atriz, eleita Mulher do Ano no Men of The Year \u2026<\/p>\n","protected":false},"author":2,"featured_media":4668,"comment_status":"closed","ping_status":"open","sticky":false,"template":"","format":"standard","meta":{"footnotes":""},"categories":[3],"tags":[],"class_list":["post-4669","post","type-post","status-publish","format-standard","has-post-thumbnail","hentry","category-famosos"],"yoast_head":"<!-- This site is optimized with the Yoast SEO plugin v25.5 - https:\/\/yoast.com\/wordpress\/plugins\/seo\/ -->\n<title>Debora Bloch compartilha como tem sido a vida ap\u00f3s viver Odete Roitman e comenta planos futuros - Portal do Estado<\/title>\n<meta name=\"robots\" content=\"index, follow, max-snippet:-1, max-image-preview:large, max-video-preview:-1\" \/>\n<link rel=\"canonical\" href=\"https:\/\/portaldoestado.com.br\/index.php\/2025\/11\/26\/debora-bloch-compartilha-como-tem-sido-a-vida-apos-viver-odete-roitman-e-comenta-planos-futuros\/\" \/>\n<meta property=\"og:locale\" content=\"pt_BR\" \/>\n<meta property=\"og:type\" content=\"article\" \/>\n<meta property=\"og:title\" content=\"Debora Bloch compartilha como tem sido a vida ap\u00f3s viver Odete Roitman e comenta planos futuros - Portal do Estado\" \/>\n<meta property=\"og:description\" content=\"Depois de dar vida \u00e0 nova vers\u00e3o de Odete Roitman no remake de Vale Tudo, Debora Bloch est\u00e1 aproveitando um per\u00edodo de respiro. A novela terminou em 17 de outubro, mas o impacto da personagem segue forte \u2014 tanto no p\u00fablico quanto na rotina da atriz, eleita Mulher do Ano no Men of The Year \u2026\" \/>\n<meta property=\"og:url\" content=\"https:\/\/portaldoestado.com.br\/index.php\/2025\/11\/26\/debora-bloch-compartilha-como-tem-sido-a-vida-apos-viver-odete-roitman-e-comenta-planos-futuros\/\" \/>\n<meta property=\"og:site_name\" content=\"Portal do Estado\" \/>\n<meta property=\"article:published_time\" content=\"2025-11-26T17:30:04+00:00\" \/>\n<meta property=\"og:image\" content=\"https:\/\/portaldoestado.com.br\/wp-content\/uploads\/2025\/11\/whatsapp-image-2025-03-31-at-063201.jpeg\" \/>\n\t<meta property=\"og:image:width\" content=\"1000\" \/>\n\t<meta property=\"og:image:height\" content=\"604\" \/>\n\t<meta property=\"og:image:type\" content=\"image\/jpeg\" \/>\n<meta name=\"author\" content=\"assessoriadefamosos\" \/>\n<meta name=\"twitter:card\" content=\"summary_large_image\" \/>\n<meta name=\"twitter:label1\" content=\"Escrito por\" \/>\n\t<meta name=\"twitter:data1\" content=\"assessoriadefamosos\" \/>\n\t<meta name=\"twitter:label2\" content=\"Est. tempo de leitura\" \/>\n\t<meta name=\"twitter:data2\" content=\"2 minutos\" \/>\n<script type=\"application\/ld+json\" class=\"yoast-schema-graph\">{\"@context\":\"https:\/\/schema.org\",\"@graph\":[{\"@type\":\"Article\",\"@id\":\"https:\/\/portaldoestado.com.br\/index.php\/2025\/11\/26\/debora-bloch-compartilha-como-tem-sido-a-vida-apos-viver-odete-roitman-e-comenta-planos-futuros\/#article\",\"isPartOf\":{\"@id\":\"https:\/\/portaldoestado.com.br\/index.php\/2025\/11\/26\/debora-bloch-compartilha-como-tem-sido-a-vida-apos-viver-odete-roitman-e-comenta-planos-futuros\/\"},\"author\":{\"name\":\"assessoriadefamosos\",\"@id\":\"https:\/\/portaldoestado.com.br\/#\/schema\/person\/5ca0174f3c8c84b59da62ea14b698cb9\"},\"headline\":\"Debora Bloch compartilha como tem sido a vida ap\u00f3s viver Odete Roitman e comenta planos futuros\",\"datePublished\":\"2025-11-26T17:30:04+00:00\",\"mainEntityOfPage\":{\"@id\":\"https:\/\/portaldoestado.com.br\/index.php\/2025\/11\/26\/debora-bloch-compartilha-como-tem-sido-a-vida-apos-viver-odete-roitman-e-comenta-planos-futuros\/\"},\"wordCount\":330,\"publisher\":{\"@id\":\"https:\/\/portaldoestado.com.br\/#organization\"},\"image\":{\"@id\":\"https:\/\/portaldoestado.com.br\/index.php\/2025\/11\/26\/debora-bloch-compartilha-como-tem-sido-a-vida-apos-viver-odete-roitman-e-comenta-planos-futuros\/#primaryimage\"},\"thumbnailUrl\":\"https:\/\/portaldoestado.com.br\/wp-content\/uploads\/2025\/11\/whatsapp-image-2025-03-31-at-063201.jpeg\",\"articleSection\":[\"Famosos\"],\"inLanguage\":\"pt-BR\"},{\"@type\":\"WebPage\",\"@id\":\"https:\/\/portaldoestado.com.br\/index.php\/2025\/11\/26\/debora-bloch-compartilha-como-tem-sido-a-vida-apos-viver-odete-roitman-e-comenta-planos-futuros\/\",\"url\":\"https:\/\/portaldoestado.com.br\/index.php\/2025\/11\/26\/debora-bloch-compartilha-como-tem-sido-a-vida-apos-viver-odete-roitman-e-comenta-planos-futuros\/\",\"name\":\"Debora Bloch compartilha como tem sido a vida ap\u00f3s viver Odete Roitman e comenta planos futuros - Portal do Estado\",\"isPartOf\":{\"@id\":\"https:\/\/portaldoestado.com.br\/#website\"},\"primaryImageOfPage\":{\"@id\":\"https:\/\/portaldoestado.com.br\/index.php\/2025\/11\/26\/debora-bloch-compartilha-como-tem-sido-a-vida-apos-viver-odete-roitman-e-comenta-planos-futuros\/#primaryimage\"},\"image\":{\"@id\":\"https:\/\/portaldoestado.com.br\/index.php\/2025\/11\/26\/debora-bloch-compartilha-como-tem-sido-a-vida-apos-viver-odete-roitman-e-comenta-planos-futuros\/#primaryimage\"},\"thumbnailUrl\":\"https:\/\/portaldoestado.com.br\/wp-content\/uploads\/2025\/11\/whatsapp-image-2025-03-31-at-063201.jpeg\",\"datePublished\":\"2025-11-26T17:30:04+00:00\",\"breadcrumb\":{\"@id\":\"https:\/\/portaldoestado.com.br\/index.php\/2025\/11\/26\/debora-bloch-compartilha-como-tem-sido-a-vida-apos-viver-odete-roitman-e-comenta-planos-futuros\/#breadcrumb\"},\"inLanguage\":\"pt-BR\",\"potentialAction\":[{\"@type\":\"ReadAction\",\"target\":[\"https:\/\/portaldoestado.com.br\/index.php\/2025\/11\/26\/debora-bloch-compartilha-como-tem-sido-a-vida-apos-viver-odete-roitman-e-comenta-planos-futuros\/\"]}]},{\"@type\":\"ImageObject\",\"inLanguage\":\"pt-BR\",\"@id\":\"https:\/\/portaldoestado.com.br\/index.php\/2025\/11\/26\/debora-bloch-compartilha-como-tem-sido-a-vida-apos-viver-odete-roitman-e-comenta-planos-futuros\/#primaryimage\",\"url\":\"https:\/\/portaldoestado.com.br\/wp-content\/uploads\/2025\/11\/whatsapp-image-2025-03-31-at-063201.jpeg\",\"contentUrl\":\"https:\/\/portaldoestado.com.br\/wp-content\/uploads\/2025\/11\/whatsapp-image-2025-03-31-at-063201.jpeg\",\"width\":1000,\"height\":604},{\"@type\":\"BreadcrumbList\",\"@id\":\"https:\/\/portaldoestado.com.br\/index.php\/2025\/11\/26\/debora-bloch-compartilha-como-tem-sido-a-vida-apos-viver-odete-roitman-e-comenta-planos-futuros\/#breadcrumb\",\"itemListElement\":[{\"@type\":\"ListItem\",\"position\":1,\"name\":\"In\u00edcio\",\"item\":\"https:\/\/portaldoestado.com.br\/\"},{\"@type\":\"ListItem\",\"position\":2,\"name\":\"Debora Bloch compartilha como tem sido a vida ap\u00f3s viver Odete Roitman e comenta planos futuros\"}]},{\"@type\":\"WebSite\",\"@id\":\"https:\/\/portaldoestado.com.br\/#website\",\"url\":\"https:\/\/portaldoestado.com.br\/\",\"name\":\"Portal do Estado\",\"description\":\"\",\"publisher\":{\"@id\":\"https:\/\/portaldoestado.com.br\/#organization\"},\"potentialAction\":[{\"@type\":\"SearchAction\",\"target\":{\"@type\":\"EntryPoint\",\"urlTemplate\":\"https:\/\/portaldoestado.com.br\/?s={search_term_string}\"},\"query-input\":{\"@type\":\"PropertyValueSpecification\",\"valueRequired\":true,\"valueName\":\"search_term_string\"}}],\"inLanguage\":\"pt-BR\"},{\"@type\":\"Organization\",\"@id\":\"https:\/\/portaldoestado.com.br\/#organization\",\"name\":\"Portal do Estado\",\"url\":\"https:\/\/portaldoestado.com.br\/\",\"logo\":{\"@type\":\"ImageObject\",\"inLanguage\":\"pt-BR\",\"@id\":\"https:\/\/portaldoestado.com.br\/#\/schema\/logo\/image\/\",\"url\":\"https:\/\/portaldoestado.com.br\/wp-content\/uploads\/2025\/04\/cropped-6f69b19a-6472-43bf-b1b3-e1910bbbd4e8.png\",\"contentUrl\":\"https:\/\/portaldoestado.com.br\/wp-content\/uploads\/2025\/04\/cropped-6f69b19a-6472-43bf-b1b3-e1910bbbd4e8.png\",\"width\":1024,\"height\":350,\"caption\":\"Portal do Estado\"},\"image\":{\"@id\":\"https:\/\/portaldoestado.com.br\/#\/schema\/logo\/image\/\"}},{\"@type\":\"Person\",\"@id\":\"https:\/\/portaldoestado.com.br\/#\/schema\/person\/5ca0174f3c8c84b59da62ea14b698cb9\",\"name\":\"assessoriadefamosos\",\"image\":{\"@type\":\"ImageObject\",\"inLanguage\":\"pt-BR\",\"@id\":\"https:\/\/portaldoestado.com.br\/#\/schema\/person\/image\/\",\"url\":\"https:\/\/secure.gravatar.com\/avatar\/a7acbdffcfbbae7240e59f47fe511ec5f5d8c252c779f0b8d9ab02a9e1d8c5ed?s=96&d=mm&r=g\",\"contentUrl\":\"https:\/\/secure.gravatar.com\/avatar\/a7acbdffcfbbae7240e59f47fe511ec5f5d8c252c779f0b8d9ab02a9e1d8c5ed?s=96&d=mm&r=g\",\"caption\":\"assessoriadefamosos\"},\"url\":\"https:\/\/portaldoestado.com.br\/index.php\/author\/assessoriadefamosos\/\"}]}<\/script>\n<!-- \/ Yoast SEO plugin. -->","yoast_head_json":{"title":"Debora Bloch compartilha como tem sido a vida ap\u00f3s viver Odete Roitman e comenta planos futuros - Portal do Estado","robots":{"index":"index","follow":"follow","max-snippet":"max-snippet:-1","max-image-preview":"max-image-preview:large","max-video-preview":"max-video-preview:-1"},"canonical":"https:\/\/portaldoestado.com.br\/index.php\/2025\/11\/26\/debora-bloch-compartilha-como-tem-sido-a-vida-apos-viver-odete-roitman-e-comenta-planos-futuros\/","og_locale":"pt_BR","og_type":"article","og_title":"Debora Bloch compartilha como tem sido a vida ap\u00f3s viver Odete Roitman e comenta planos futuros - Portal do Estado","og_description":"Depois de dar vida \u00e0 nova vers\u00e3o de Odete Roitman no remake de Vale Tudo, Debora Bloch est\u00e1 aproveitando um per\u00edodo de respiro. A novela terminou em 17 de outubro, mas o impacto da personagem segue forte \u2014 tanto no p\u00fablico quanto na rotina da atriz, eleita Mulher do Ano no Men of The Year \u2026","og_url":"https:\/\/portaldoestado.com.br\/index.php\/2025\/11\/26\/debora-bloch-compartilha-como-tem-sido-a-vida-apos-viver-odete-roitman-e-comenta-planos-futuros\/","og_site_name":"Portal do Estado","article_published_time":"2025-11-26T17:30:04+00:00","og_image":[{"width":1000,"height":604,"url":"https:\/\/portaldoestado.com.br\/wp-content\/uploads\/2025\/11\/whatsapp-image-2025-03-31-at-063201.jpeg","type":"image\/jpeg"}],"author":"assessoriadefamosos","twitter_card":"summary_large_image","twitter_misc":{"Escrito por":"assessoriadefamosos","Est. tempo de leitura":"2 minutos"},"schema":{"@context":"https:\/\/schema.org","@graph":[{"@type":"Article","@id":"https:\/\/portaldoestado.com.br\/index.php\/2025\/11\/26\/debora-bloch-compartilha-como-tem-sido-a-vida-apos-viver-odete-roitman-e-comenta-planos-futuros\/#article","isPartOf":{"@id":"https:\/\/portaldoestado.com.br\/index.php\/2025\/11\/26\/debora-bloch-compartilha-como-tem-sido-a-vida-apos-viver-odete-roitman-e-comenta-planos-futuros\/"},"author":{"name":"assessoriadefamosos","@id":"https:\/\/portaldoestado.com.br\/#\/schema\/person\/5ca0174f3c8c84b59da62ea14b698cb9"},"headline":"Debora Bloch compartilha como tem sido a vida ap\u00f3s viver Odete Roitman e comenta planos futuros","datePublished":"2025-11-26T17:30:04+00:00","mainEntityOfPage":{"@id":"https:\/\/portaldoestado.com.br\/index.php\/2025\/11\/26\/debora-bloch-compartilha-como-tem-sido-a-vida-apos-viver-odete-roitman-e-comenta-planos-futuros\/"},"wordCount":330,"publisher":{"@id":"https:\/\/portaldoestado.com.br\/#organization"},"image":{"@id":"https:\/\/portaldoestado.com.br\/index.php\/2025\/11\/26\/debora-bloch-compartilha-como-tem-sido-a-vida-apos-viver-odete-roitman-e-comenta-planos-futuros\/#primaryimage"},"thumbnailUrl":"https:\/\/portaldoestado.com.br\/wp-content\/uploads\/2025\/11\/whatsapp-image-2025-03-31-at-063201.jpeg","articleSection":["Famosos"],"inLanguage":"pt-BR"},{"@type":"WebPage","@id":"https:\/\/portaldoestado.com.br\/index.php\/2025\/11\/26\/debora-bloch-compartilha-como-tem-sido-a-vida-apos-viver-odete-roitman-e-comenta-planos-futuros\/","url":"https:\/\/portaldoestado.com.br\/index.php\/2025\/11\/26\/debora-bloch-compartilha-como-tem-sido-a-vida-apos-viver-odete-roitman-e-comenta-planos-futuros\/","name":"Debora Bloch compartilha como tem sido a vida ap\u00f3s viver Odete Roitman e comenta planos futuros - Portal do Estado","isPartOf":{"@id":"https:\/\/portaldoestado.com.br\/#website"},"primaryImageOfPage":{"@id":"https:\/\/portaldoestado.com.br\/index.php\/2025\/11\/26\/debora-bloch-compartilha-como-tem-sido-a-vida-apos-viver-odete-roitman-e-comenta-planos-futuros\/#primaryimage"},"image":{"@id":"https:\/\/portaldoestado.com.br\/index.php\/2025\/11\/26\/debora-bloch-compartilha-como-tem-sido-a-vida-apos-viver-odete-roitman-e-comenta-planos-futuros\/#primaryimage"},"thumbnailUrl":"https:\/\/portaldoestado.com.br\/wp-content\/uploads\/2025\/11\/whatsapp-image-2025-03-31-at-063201.jpeg","datePublished":"2025-11-26T17:30:04+00:00","breadcrumb":{"@id":"https:\/\/portaldoestado.com.br\/index.php\/2025\/11\/26\/debora-bloch-compartilha-como-tem-sido-a-vida-apos-viver-odete-roitman-e-comenta-planos-futuros\/#breadcrumb"},"inLanguage":"pt-BR","potentialAction":[{"@type":"ReadAction","target":["https:\/\/portaldoestado.com.br\/index.php\/2025\/11\/26\/debora-bloch-compartilha-como-tem-sido-a-vida-apos-viver-odete-roitman-e-comenta-planos-futuros\/"]}]},{"@type":"ImageObject","inLanguage":"pt-BR","@id":"https:\/\/portaldoestado.com.br\/index.php\/2025\/11\/26\/debora-bloch-compartilha-como-tem-sido-a-vida-apos-viver-odete-roitman-e-comenta-planos-futuros\/#primaryimage","url":"https:\/\/portaldoestado.com.br\/wp-content\/uploads\/2025\/11\/whatsapp-image-2025-03-31-at-063201.jpeg","contentUrl":"https:\/\/portaldoestado.com.br\/wp-content\/uploads\/2025\/11\/whatsapp-image-2025-03-31-at-063201.jpeg","width":1000,"height":604},{"@type":"BreadcrumbList","@id":"https:\/\/portaldoestado.com.br\/index.php\/2025\/11\/26\/debora-bloch-compartilha-como-tem-sido-a-vida-apos-viver-odete-roitman-e-comenta-planos-futuros\/#breadcrumb","itemListElement":[{"@type":"ListItem","position":1,"name":"In\u00edcio","item":"https:\/\/portaldoestado.com.br\/"},{"@type":"ListItem","position":2,"name":"Debora Bloch compartilha como tem sido a vida ap\u00f3s viver Odete Roitman e comenta planos futuros"}]},{"@type":"WebSite","@id":"https:\/\/portaldoestado.com.br\/#website","url":"https:\/\/portaldoestado.com.br\/","name":"Portal do Estado","description":"","publisher":{"@id":"https:\/\/portaldoestado.com.br\/#organization"},"potentialAction":[{"@type":"SearchAction","target":{"@type":"EntryPoint","urlTemplate":"https:\/\/portaldoestado.com.br\/?s={search_term_string}"},"query-input":{"@type":"PropertyValueSpecification","valueRequired":true,"valueName":"search_term_string"}}],"inLanguage":"pt-BR"},{"@type":"Organization","@id":"https:\/\/portaldoestado.com.br\/#organization","name":"Portal do Estado","url":"https:\/\/portaldoestado.com.br\/","logo":{"@type":"ImageObject","inLanguage":"pt-BR","@id":"https:\/\/portaldoestado.com.br\/#\/schema\/logo\/image\/","url":"https:\/\/portaldoestado.com.br\/wp-content\/uploads\/2025\/04\/cropped-6f69b19a-6472-43bf-b1b3-e1910bbbd4e8.png","contentUrl":"https:\/\/portaldoestado.com.br\/wp-content\/uploads\/2025\/04\/cropped-6f69b19a-6472-43bf-b1b3-e1910bbbd4e8.png","width":1024,"height":350,"caption":"Portal do Estado"},"image":{"@id":"https:\/\/portaldoestado.com.br\/#\/schema\/logo\/image\/"}},{"@type":"Person","@id":"https:\/\/portaldoestado.com.br\/#\/schema\/person\/5ca0174f3c8c84b59da62ea14b698cb9","name":"assessoriadefamosos","image":{"@type":"ImageObject","inLanguage":"pt-BR","@id":"https:\/\/portaldoestado.com.br\/#\/schema\/person\/image\/","url":"https:\/\/secure.gravatar.com\/avatar\/a7acbdffcfbbae7240e59f47fe511ec5f5d8c252c779f0b8d9ab02a9e1d8c5ed?s=96&d=mm&r=g","contentUrl":"https:\/\/secure.gravatar.com\/avatar\/a7acbdffcfbbae7240e59f47fe511ec5f5d8c252c779f0b8d9ab02a9e1d8c5ed?s=96&d=mm&r=g","caption":"assessoriadefamosos"},"url":"https:\/\/portaldoestado.com.br\/index.php\/author\/assessoriadefamosos\/"}]}},"jetpack_featured_media_url":"https:\/\/portaldoestado.com.br\/wp-content\/uploads\/2025\/11\/whatsapp-image-2025-03-31-at-063201.jpeg","_links":{"self":[{"href":"https:\/\/portaldoestado.com.br\/index.php\/wp-json\/wp\/v2\/posts\/4669","targetHints":{"allow":["GET"]}}],"collection":[{"href":"https:\/\/portaldoestado.com.br\/index.php\/wp-json\/wp\/v2\/posts"}],"about":[{"href":"https:\/\/portaldoestado.com.br\/index.php\/wp-json\/wp\/v2\/types\/post"}],"author":[{"embeddable":true,"href":"https:\/\/portaldoestado.com.br\/index.php\/wp-json\/wp\/v2\/users\/2"}],"replies":[{"embeddable":true,"href":"https:\/\/portaldoestado.com.br\/index.php\/wp-json\/wp\/v2\/comments?post=4669"}],"version-history":[{"count":1,"href":"https:\/\/portaldoestado.com.br\/index.php\/wp-json\/wp\/v2\/posts\/4669\/revisions"}],"predecessor-version":[{"id":4670,"href":"https:\/\/portaldoestado.com.br\/index.php\/wp-json\/wp\/v2\/posts\/4669\/revisions\/4670"}],"wp:featuredmedia":[{"embeddable":true,"href":"https:\/\/portaldoestado.com.br\/index.php\/wp-json\/wp\/v2\/media\/4668"}],"wp:attachment":[{"href":"https:\/\/portaldoestado.com.br\/index.php\/wp-json\/wp\/v2\/media?parent=4669"}],"wp:term":[{"taxonomy":"category","embeddable":true,"href":"https:\/\/portaldoestado.com.br\/index.php\/wp-json\/wp\/v2\/categories?post=4669"},{"taxonomy":"post_tag","embeddable":true,"href":"https:\/\/portaldoestado.com.br\/index.php\/wp-json\/wp\/v2\/tags?post=4669"}],"curies":[{"name":"wp","href":"https:\/\/api.w.org\/{rel}","templated":true}]}}