{"id":4663,"date":"2025-11-26T17:23:00","date_gmt":"2025-11-26T17:23:00","guid":{"rendered":"https:\/\/portaldoestado.com.br\/?p=4663"},"modified":"2025-11-26T17:23:00","modified_gmt":"2025-11-26T17:23:00","slug":"virginia-fonseca-relata-acidente-com-canetinha-enquanto-brincava-com-maria-flor-aconteceu-do-nada","status":"publish","type":"post","link":"https:\/\/portaldoestado.com.br\/index.php\/2025\/11\/26\/virginia-fonseca-relata-acidente-com-canetinha-enquanto-brincava-com-maria-flor-aconteceu-do-nada\/","title":{"rendered":"Virginia Fonseca relata acidente com canetinha enquanto brincava com Maria Flor: \u201cAconteceu do nada\u201d"},"content":{"rendered":"\n<p>Nesta quarta-feira (26\/11), Virginia Fonseca divertiu os seguidores ao relatar mais um imprevisto envolvendo suas filhas. A influenciadora contou que acabou machucando o olho durante uma brincadeira com Maria Flor, sua filha do meio com Z\u00e9 Felipe, enquanto as duas coloriam juntas.<\/p>\n\n\n\n<p>Nos stories, Virginia surgiu com o olho vermelho e lacrimejando, explicando como tudo aconteceu:\n\u201cGente, meu rosto j\u00e1 est\u00e1 super sens\u00edvel por causa do laser, e agora isso\u2026 Estava colorindo com a Flor, ela abriu a canetinha e, do nada, veio direto no meu olho. Mas foi sem querer, claro.\u201d<\/p>\n\n\n\n<p>A pequena apareceu logo em seguida, visivelmente preocupada, pedindo desculpas:\n\u201cEu falei desculpa pra mam\u00e3e\u201d, disse Maria Flor.\nVirginia ent\u00e3o a tranquilizou, refor\u00e7ando que n\u00e3o houve problema: \u201cFalou sim, meu amor. Est\u00e1 tudo bem.\u201d<\/p>\n\n\n\n<p>Com bom humor, a influenciadora ainda brincou na legenda:\n\u201cComigo nunca \u00e9 tranquilo\u2026 kkkk\u201d.<\/p>\n\n\n\n<p>O rosto avermelhado de Virginia \u00e9 resultado de um procedimento a laser feito no in\u00edcio da semana, indicado para tratar manchas causadas por espinhas. Mesmo lidando com a recupera\u00e7\u00e3o e agora com um olho irritado, ela garantiu que est\u00e1 bem e seguiu o dia normalmente, mostrando que acidentes leves fazem parte da rotina de m\u00e3e.<\/p>\n","protected":false},"excerpt":{"rendered":"<p>Nesta quarta-feira (26\/11), Virginia Fonseca divertiu os seguidores ao relatar mais um imprevisto envolvendo suas filhas. A influenciadora contou que acabou machucando o olho durante uma brincadeira com Maria Flor, sua filha do meio com Z\u00e9 Felipe, enquanto as duas coloriam juntas. Nos stories, Virginia surgiu com o olho vermelho e lacrimejando, explicando como tudo \u2026<\/p>\n","protected":false},"author":2,"featured_media":4662,"comment_status":"closed","ping_status":"open","sticky":false,"template":"","format":"standard","meta":{"footnotes":""},"categories":[3],"tags":[],"class_list":["post-4663","post","type-post","status-publish","format-standard","has-post-thumbnail","hentry","category-famosos"],"yoast_head":"<!-- This site is optimized with the Yoast SEO plugin v25.5 - https:\/\/yoast.com\/wordpress\/plugins\/seo\/ -->\n<title>Virginia Fonseca relata acidente com canetinha enquanto brincava com Maria Flor: \u201cAconteceu do nada\u201d - Portal do Estado<\/title>\n<meta name=\"robots\" content=\"index, follow, max-snippet:-1, max-image-preview:large, max-video-preview:-1\" \/>\n<link rel=\"canonical\" href=\"https:\/\/portaldoestado.com.br\/index.php\/2025\/11\/26\/virginia-fonseca-relata-acidente-com-canetinha-enquanto-brincava-com-maria-flor-aconteceu-do-nada\/\" \/>\n<meta property=\"og:locale\" content=\"pt_BR\" \/>\n<meta property=\"og:type\" content=\"article\" \/>\n<meta property=\"og:title\" content=\"Virginia Fonseca relata acidente com canetinha enquanto brincava com Maria Flor: \u201cAconteceu do nada\u201d - Portal do Estado\" \/>\n<meta property=\"og:description\" content=\"Nesta quarta-feira (26\/11), Virginia Fonseca divertiu os seguidores ao relatar mais um imprevisto envolvendo suas filhas. A influenciadora contou que acabou machucando o olho durante uma brincadeira com Maria Flor, sua filha do meio com Z\u00e9 Felipe, enquanto as duas coloriam juntas. Nos stories, Virginia surgiu com o olho vermelho e lacrimejando, explicando como tudo \u2026\" \/>\n<meta property=\"og:url\" content=\"https:\/\/portaldoestado.com.br\/index.php\/2025\/11\/26\/virginia-fonseca-relata-acidente-com-canetinha-enquanto-brincava-com-maria-flor-aconteceu-do-nada\/\" \/>\n<meta property=\"og:site_name\" content=\"Portal do Estado\" \/>\n<meta property=\"article:published_time\" content=\"2025-11-26T17:23:00+00:00\" \/>\n<meta property=\"og:image\" content=\"https:\/\/portaldoestado.com.br\/wp-content\/uploads\/2025\/11\/foto-virginia-machuca-olho-colorindo-com-maria-alice-ela-abriu-a-canetinha-e-boom.png\" \/>\n\t<meta property=\"og:image:width\" content=\"1200\" \/>\n\t<meta property=\"og:image:height\" content=\"900\" \/>\n\t<meta property=\"og:image:type\" content=\"image\/png\" \/>\n<meta name=\"author\" content=\"assessoriadefamosos\" \/>\n<meta name=\"twitter:card\" content=\"summary_large_image\" \/>\n<meta name=\"twitter:label1\" content=\"Escrito por\" \/>\n\t<meta name=\"twitter:data1\" content=\"assessoriadefamosos\" \/>\n\t<meta name=\"twitter:label2\" content=\"Est. tempo de leitura\" \/>\n\t<meta name=\"twitter:data2\" content=\"1 minuto\" \/>\n<script type=\"application\/ld+json\" class=\"yoast-schema-graph\">{\"@context\":\"https:\/\/schema.org\",\"@graph\":[{\"@type\":\"Article\",\"@id\":\"https:\/\/portaldoestado.com.br\/index.php\/2025\/11\/26\/virginia-fonseca-relata-acidente-com-canetinha-enquanto-brincava-com-maria-flor-aconteceu-do-nada\/#article\",\"isPartOf\":{\"@id\":\"https:\/\/portaldoestado.com.br\/index.php\/2025\/11\/26\/virginia-fonseca-relata-acidente-com-canetinha-enquanto-brincava-com-maria-flor-aconteceu-do-nada\/\"},\"author\":{\"name\":\"assessoriadefamosos\",\"@id\":\"https:\/\/portaldoestado.com.br\/#\/schema\/person\/5ca0174f3c8c84b59da62ea14b698cb9\"},\"headline\":\"Virginia Fonseca relata acidente com canetinha enquanto brincava com Maria Flor: \u201cAconteceu do nada\u201d\",\"datePublished\":\"2025-11-26T17:23:00+00:00\",\"mainEntityOfPage\":{\"@id\":\"https:\/\/portaldoestado.com.br\/index.php\/2025\/11\/26\/virginia-fonseca-relata-acidente-com-canetinha-enquanto-brincava-com-maria-flor-aconteceu-do-nada\/\"},\"wordCount\":214,\"publisher\":{\"@id\":\"https:\/\/portaldoestado.com.br\/#organization\"},\"image\":{\"@id\":\"https:\/\/portaldoestado.com.br\/index.php\/2025\/11\/26\/virginia-fonseca-relata-acidente-com-canetinha-enquanto-brincava-com-maria-flor-aconteceu-do-nada\/#primaryimage\"},\"thumbnailUrl\":\"https:\/\/portaldoestado.com.br\/wp-content\/uploads\/2025\/11\/foto-virginia-machuca-olho-colorindo-com-maria-alice-ela-abriu-a-canetinha-e-boom.png\",\"articleSection\":[\"Famosos\"],\"inLanguage\":\"pt-BR\"},{\"@type\":\"WebPage\",\"@id\":\"https:\/\/portaldoestado.com.br\/index.php\/2025\/11\/26\/virginia-fonseca-relata-acidente-com-canetinha-enquanto-brincava-com-maria-flor-aconteceu-do-nada\/\",\"url\":\"https:\/\/portaldoestado.com.br\/index.php\/2025\/11\/26\/virginia-fonseca-relata-acidente-com-canetinha-enquanto-brincava-com-maria-flor-aconteceu-do-nada\/\",\"name\":\"Virginia Fonseca relata acidente com canetinha enquanto brincava com Maria Flor: \u201cAconteceu do nada\u201d - Portal do Estado\",\"isPartOf\":{\"@id\":\"https:\/\/portaldoestado.com.br\/#website\"},\"primaryImageOfPage\":{\"@id\":\"https:\/\/portaldoestado.com.br\/index.php\/2025\/11\/26\/virginia-fonseca-relata-acidente-com-canetinha-enquanto-brincava-com-maria-flor-aconteceu-do-nada\/#primaryimage\"},\"image\":{\"@id\":\"https:\/\/portaldoestado.com.br\/index.php\/2025\/11\/26\/virginia-fonseca-relata-acidente-com-canetinha-enquanto-brincava-com-maria-flor-aconteceu-do-nada\/#primaryimage\"},\"thumbnailUrl\":\"https:\/\/portaldoestado.com.br\/wp-content\/uploads\/2025\/11\/foto-virginia-machuca-olho-colorindo-com-maria-alice-ela-abriu-a-canetinha-e-boom.png\",\"datePublished\":\"2025-11-26T17:23:00+00:00\",\"breadcrumb\":{\"@id\":\"https:\/\/portaldoestado.com.br\/index.php\/2025\/11\/26\/virginia-fonseca-relata-acidente-com-canetinha-enquanto-brincava-com-maria-flor-aconteceu-do-nada\/#breadcrumb\"},\"inLanguage\":\"pt-BR\",\"potentialAction\":[{\"@type\":\"ReadAction\",\"target\":[\"https:\/\/portaldoestado.com.br\/index.php\/2025\/11\/26\/virginia-fonseca-relata-acidente-com-canetinha-enquanto-brincava-com-maria-flor-aconteceu-do-nada\/\"]}]},{\"@type\":\"ImageObject\",\"inLanguage\":\"pt-BR\",\"@id\":\"https:\/\/portaldoestado.com.br\/index.php\/2025\/11\/26\/virginia-fonseca-relata-acidente-com-canetinha-enquanto-brincava-com-maria-flor-aconteceu-do-nada\/#primaryimage\",\"url\":\"https:\/\/portaldoestado.com.br\/wp-content\/uploads\/2025\/11\/foto-virginia-machuca-olho-colorindo-com-maria-alice-ela-abriu-a-canetinha-e-boom.png\",\"contentUrl\":\"https:\/\/portaldoestado.com.br\/wp-content\/uploads\/2025\/11\/foto-virginia-machuca-olho-colorindo-com-maria-alice-ela-abriu-a-canetinha-e-boom.png\",\"width\":1200,\"height\":900},{\"@type\":\"BreadcrumbList\",\"@id\":\"https:\/\/portaldoestado.com.br\/index.php\/2025\/11\/26\/virginia-fonseca-relata-acidente-com-canetinha-enquanto-brincava-com-maria-flor-aconteceu-do-nada\/#breadcrumb\",\"itemListElement\":[{\"@type\":\"ListItem\",\"position\":1,\"name\":\"In\u00edcio\",\"item\":\"https:\/\/portaldoestado.com.br\/\"},{\"@type\":\"ListItem\",\"position\":2,\"name\":\"Virginia Fonseca relata acidente com canetinha enquanto brincava com Maria Flor: \u201cAconteceu do nada\u201d\"}]},{\"@type\":\"WebSite\",\"@id\":\"https:\/\/portaldoestado.com.br\/#website\",\"url\":\"https:\/\/portaldoestado.com.br\/\",\"name\":\"Portal do Estado\",\"description\":\"\",\"publisher\":{\"@id\":\"https:\/\/portaldoestado.com.br\/#organization\"},\"potentialAction\":[{\"@type\":\"SearchAction\",\"target\":{\"@type\":\"EntryPoint\",\"urlTemplate\":\"https:\/\/portaldoestado.com.br\/?s={search_term_string}\"},\"query-input\":{\"@type\":\"PropertyValueSpecification\",\"valueRequired\":true,\"valueName\":\"search_term_string\"}}],\"inLanguage\":\"pt-BR\"},{\"@type\":\"Organization\",\"@id\":\"https:\/\/portaldoestado.com.br\/#organization\",\"name\":\"Portal do Estado\",\"url\":\"https:\/\/portaldoestado.com.br\/\",\"logo\":{\"@type\":\"ImageObject\",\"inLanguage\":\"pt-BR\",\"@id\":\"https:\/\/portaldoestado.com.br\/#\/schema\/logo\/image\/\",\"url\":\"https:\/\/portaldoestado.com.br\/wp-content\/uploads\/2025\/04\/cropped-6f69b19a-6472-43bf-b1b3-e1910bbbd4e8.png\",\"contentUrl\":\"https:\/\/portaldoestado.com.br\/wp-content\/uploads\/2025\/04\/cropped-6f69b19a-6472-43bf-b1b3-e1910bbbd4e8.png\",\"width\":1024,\"height\":350,\"caption\":\"Portal do Estado\"},\"image\":{\"@id\":\"https:\/\/portaldoestado.com.br\/#\/schema\/logo\/image\/\"}},{\"@type\":\"Person\",\"@id\":\"https:\/\/portaldoestado.com.br\/#\/schema\/person\/5ca0174f3c8c84b59da62ea14b698cb9\",\"name\":\"assessoriadefamosos\",\"image\":{\"@type\":\"ImageObject\",\"inLanguage\":\"pt-BR\",\"@id\":\"https:\/\/portaldoestado.com.br\/#\/schema\/person\/image\/\",\"url\":\"https:\/\/secure.gravatar.com\/avatar\/a7acbdffcfbbae7240e59f47fe511ec5f5d8c252c779f0b8d9ab02a9e1d8c5ed?s=96&d=mm&r=g\",\"contentUrl\":\"https:\/\/secure.gravatar.com\/avatar\/a7acbdffcfbbae7240e59f47fe511ec5f5d8c252c779f0b8d9ab02a9e1d8c5ed?s=96&d=mm&r=g\",\"caption\":\"assessoriadefamosos\"},\"url\":\"https:\/\/portaldoestado.com.br\/index.php\/author\/assessoriadefamosos\/\"}]}<\/script>\n<!-- \/ Yoast SEO plugin. -->","yoast_head_json":{"title":"Virginia Fonseca relata acidente com canetinha enquanto brincava com Maria Flor: \u201cAconteceu do nada\u201d - Portal do Estado","robots":{"index":"index","follow":"follow","max-snippet":"max-snippet:-1","max-image-preview":"max-image-preview:large","max-video-preview":"max-video-preview:-1"},"canonical":"https:\/\/portaldoestado.com.br\/index.php\/2025\/11\/26\/virginia-fonseca-relata-acidente-com-canetinha-enquanto-brincava-com-maria-flor-aconteceu-do-nada\/","og_locale":"pt_BR","og_type":"article","og_title":"Virginia Fonseca relata acidente com canetinha enquanto brincava com Maria Flor: \u201cAconteceu do nada\u201d - Portal do Estado","og_description":"Nesta quarta-feira (26\/11), Virginia Fonseca divertiu os seguidores ao relatar mais um imprevisto envolvendo suas filhas. A influenciadora contou que acabou machucando o olho durante uma brincadeira com Maria Flor, sua filha do meio com Z\u00e9 Felipe, enquanto as duas coloriam juntas. Nos stories, Virginia surgiu com o olho vermelho e lacrimejando, explicando como tudo \u2026","og_url":"https:\/\/portaldoestado.com.br\/index.php\/2025\/11\/26\/virginia-fonseca-relata-acidente-com-canetinha-enquanto-brincava-com-maria-flor-aconteceu-do-nada\/","og_site_name":"Portal do Estado","article_published_time":"2025-11-26T17:23:00+00:00","og_image":[{"width":1200,"height":900,"url":"https:\/\/portaldoestado.com.br\/wp-content\/uploads\/2025\/11\/foto-virginia-machuca-olho-colorindo-com-maria-alice-ela-abriu-a-canetinha-e-boom.png","type":"image\/png"}],"author":"assessoriadefamosos","twitter_card":"summary_large_image","twitter_misc":{"Escrito por":"assessoriadefamosos","Est. tempo de leitura":"1 minuto"},"schema":{"@context":"https:\/\/schema.org","@graph":[{"@type":"Article","@id":"https:\/\/portaldoestado.com.br\/index.php\/2025\/11\/26\/virginia-fonseca-relata-acidente-com-canetinha-enquanto-brincava-com-maria-flor-aconteceu-do-nada\/#article","isPartOf":{"@id":"https:\/\/portaldoestado.com.br\/index.php\/2025\/11\/26\/virginia-fonseca-relata-acidente-com-canetinha-enquanto-brincava-com-maria-flor-aconteceu-do-nada\/"},"author":{"name":"assessoriadefamosos","@id":"https:\/\/portaldoestado.com.br\/#\/schema\/person\/5ca0174f3c8c84b59da62ea14b698cb9"},"headline":"Virginia Fonseca relata acidente com canetinha enquanto brincava com Maria Flor: \u201cAconteceu do nada\u201d","datePublished":"2025-11-26T17:23:00+00:00","mainEntityOfPage":{"@id":"https:\/\/portaldoestado.com.br\/index.php\/2025\/11\/26\/virginia-fonseca-relata-acidente-com-canetinha-enquanto-brincava-com-maria-flor-aconteceu-do-nada\/"},"wordCount":214,"publisher":{"@id":"https:\/\/portaldoestado.com.br\/#organization"},"image":{"@id":"https:\/\/portaldoestado.com.br\/index.php\/2025\/11\/26\/virginia-fonseca-relata-acidente-com-canetinha-enquanto-brincava-com-maria-flor-aconteceu-do-nada\/#primaryimage"},"thumbnailUrl":"https:\/\/portaldoestado.com.br\/wp-content\/uploads\/2025\/11\/foto-virginia-machuca-olho-colorindo-com-maria-alice-ela-abriu-a-canetinha-e-boom.png","articleSection":["Famosos"],"inLanguage":"pt-BR"},{"@type":"WebPage","@id":"https:\/\/portaldoestado.com.br\/index.php\/2025\/11\/26\/virginia-fonseca-relata-acidente-com-canetinha-enquanto-brincava-com-maria-flor-aconteceu-do-nada\/","url":"https:\/\/portaldoestado.com.br\/index.php\/2025\/11\/26\/virginia-fonseca-relata-acidente-com-canetinha-enquanto-brincava-com-maria-flor-aconteceu-do-nada\/","name":"Virginia Fonseca relata acidente com canetinha enquanto brincava com Maria Flor: \u201cAconteceu do nada\u201d - Portal do Estado","isPartOf":{"@id":"https:\/\/portaldoestado.com.br\/#website"},"primaryImageOfPage":{"@id":"https:\/\/portaldoestado.com.br\/index.php\/2025\/11\/26\/virginia-fonseca-relata-acidente-com-canetinha-enquanto-brincava-com-maria-flor-aconteceu-do-nada\/#primaryimage"},"image":{"@id":"https:\/\/portaldoestado.com.br\/index.php\/2025\/11\/26\/virginia-fonseca-relata-acidente-com-canetinha-enquanto-brincava-com-maria-flor-aconteceu-do-nada\/#primaryimage"},"thumbnailUrl":"https:\/\/portaldoestado.com.br\/wp-content\/uploads\/2025\/11\/foto-virginia-machuca-olho-colorindo-com-maria-alice-ela-abriu-a-canetinha-e-boom.png","datePublished":"2025-11-26T17:23:00+00:00","breadcrumb":{"@id":"https:\/\/portaldoestado.com.br\/index.php\/2025\/11\/26\/virginia-fonseca-relata-acidente-com-canetinha-enquanto-brincava-com-maria-flor-aconteceu-do-nada\/#breadcrumb"},"inLanguage":"pt-BR","potentialAction":[{"@type":"ReadAction","target":["https:\/\/portaldoestado.com.br\/index.php\/2025\/11\/26\/virginia-fonseca-relata-acidente-com-canetinha-enquanto-brincava-com-maria-flor-aconteceu-do-nada\/"]}]},{"@type":"ImageObject","inLanguage":"pt-BR","@id":"https:\/\/portaldoestado.com.br\/index.php\/2025\/11\/26\/virginia-fonseca-relata-acidente-com-canetinha-enquanto-brincava-com-maria-flor-aconteceu-do-nada\/#primaryimage","url":"https:\/\/portaldoestado.com.br\/wp-content\/uploads\/2025\/11\/foto-virginia-machuca-olho-colorindo-com-maria-alice-ela-abriu-a-canetinha-e-boom.png","contentUrl":"https:\/\/portaldoestado.com.br\/wp-content\/uploads\/2025\/11\/foto-virginia-machuca-olho-colorindo-com-maria-alice-ela-abriu-a-canetinha-e-boom.png","width":1200,"height":900},{"@type":"BreadcrumbList","@id":"https:\/\/portaldoestado.com.br\/index.php\/2025\/11\/26\/virginia-fonseca-relata-acidente-com-canetinha-enquanto-brincava-com-maria-flor-aconteceu-do-nada\/#breadcrumb","itemListElement":[{"@type":"ListItem","position":1,"name":"In\u00edcio","item":"https:\/\/portaldoestado.com.br\/"},{"@type":"ListItem","position":2,"name":"Virginia Fonseca relata acidente com canetinha enquanto brincava com Maria Flor: \u201cAconteceu do nada\u201d"}]},{"@type":"WebSite","@id":"https:\/\/portaldoestado.com.br\/#website","url":"https:\/\/portaldoestado.com.br\/","name":"Portal do Estado","description":"","publisher":{"@id":"https:\/\/portaldoestado.com.br\/#organization"},"potentialAction":[{"@type":"SearchAction","target":{"@type":"EntryPoint","urlTemplate":"https:\/\/portaldoestado.com.br\/?s={search_term_string}"},"query-input":{"@type":"PropertyValueSpecification","valueRequired":true,"valueName":"search_term_string"}}],"inLanguage":"pt-BR"},{"@type":"Organization","@id":"https:\/\/portaldoestado.com.br\/#organization","name":"Portal do Estado","url":"https:\/\/portaldoestado.com.br\/","logo":{"@type":"ImageObject","inLanguage":"pt-BR","@id":"https:\/\/portaldoestado.com.br\/#\/schema\/logo\/image\/","url":"https:\/\/portaldoestado.com.br\/wp-content\/uploads\/2025\/04\/cropped-6f69b19a-6472-43bf-b1b3-e1910bbbd4e8.png","contentUrl":"https:\/\/portaldoestado.com.br\/wp-content\/uploads\/2025\/04\/cropped-6f69b19a-6472-43bf-b1b3-e1910bbbd4e8.png","width":1024,"height":350,"caption":"Portal do Estado"},"image":{"@id":"https:\/\/portaldoestado.com.br\/#\/schema\/logo\/image\/"}},{"@type":"Person","@id":"https:\/\/portaldoestado.com.br\/#\/schema\/person\/5ca0174f3c8c84b59da62ea14b698cb9","name":"assessoriadefamosos","image":{"@type":"ImageObject","inLanguage":"pt-BR","@id":"https:\/\/portaldoestado.com.br\/#\/schema\/person\/image\/","url":"https:\/\/secure.gravatar.com\/avatar\/a7acbdffcfbbae7240e59f47fe511ec5f5d8c252c779f0b8d9ab02a9e1d8c5ed?s=96&d=mm&r=g","contentUrl":"https:\/\/secure.gravatar.com\/avatar\/a7acbdffcfbbae7240e59f47fe511ec5f5d8c252c779f0b8d9ab02a9e1d8c5ed?s=96&d=mm&r=g","caption":"assessoriadefamosos"},"url":"https:\/\/portaldoestado.com.br\/index.php\/author\/assessoriadefamosos\/"}]}},"jetpack_featured_media_url":"https:\/\/portaldoestado.com.br\/wp-content\/uploads\/2025\/11\/foto-virginia-machuca-olho-colorindo-com-maria-alice-ela-abriu-a-canetinha-e-boom.png","_links":{"self":[{"href":"https:\/\/portaldoestado.com.br\/index.php\/wp-json\/wp\/v2\/posts\/4663","targetHints":{"allow":["GET"]}}],"collection":[{"href":"https:\/\/portaldoestado.com.br\/index.php\/wp-json\/wp\/v2\/posts"}],"about":[{"href":"https:\/\/portaldoestado.com.br\/index.php\/wp-json\/wp\/v2\/types\/post"}],"author":[{"embeddable":true,"href":"https:\/\/portaldoestado.com.br\/index.php\/wp-json\/wp\/v2\/users\/2"}],"replies":[{"embeddable":true,"href":"https:\/\/portaldoestado.com.br\/index.php\/wp-json\/wp\/v2\/comments?post=4663"}],"version-history":[{"count":1,"href":"https:\/\/portaldoestado.com.br\/index.php\/wp-json\/wp\/v2\/posts\/4663\/revisions"}],"predecessor-version":[{"id":4664,"href":"https:\/\/portaldoestado.com.br\/index.php\/wp-json\/wp\/v2\/posts\/4663\/revisions\/4664"}],"wp:featuredmedia":[{"embeddable":true,"href":"https:\/\/portaldoestado.com.br\/index.php\/wp-json\/wp\/v2\/media\/4662"}],"wp:attachment":[{"href":"https:\/\/portaldoestado.com.br\/index.php\/wp-json\/wp\/v2\/media?parent=4663"}],"wp:term":[{"taxonomy":"category","embeddable":true,"href":"https:\/\/portaldoestado.com.br\/index.php\/wp-json\/wp\/v2\/categories?post=4663"},{"taxonomy":"post_tag","embeddable":true,"href":"https:\/\/portaldoestado.com.br\/index.php\/wp-json\/wp\/v2\/tags?post=4663"}],"curies":[{"name":"wp","href":"https:\/\/api.w.org\/{rel}","templated":true}]}}