{"id":4660,"date":"2025-11-26T17:18:33","date_gmt":"2025-11-26T17:18:33","guid":{"rendered":"https:\/\/portaldoestado.com.br\/?p=4660"},"modified":"2025-11-26T17:18:33","modified_gmt":"2025-11-26T17:18:33","slug":"flora-relembra-inicio-do-romance-com-gilberto-gil-e-fala-sobre-convivencia-com-os-filhos-do-cantor","status":"publish","type":"post","link":"https:\/\/portaldoestado.com.br\/index.php\/2025\/11\/26\/flora-relembra-inicio-do-romance-com-gilberto-gil-e-fala-sobre-convivencia-com-os-filhos-do-cantor\/","title":{"rendered":"Flora relembra in\u00edcio do romance com Gilberto Gil e fala sobre conviv\u00eancia com os filhos do cantor"},"content":{"rendered":"\n<p>Quase meio s\u00e9culo ap\u00f3s come\u00e7ar sua vida ao lado de Gilberto Gil, Flora Gil abriu detalhes in\u00e9ditos sobre o in\u00edcio do relacionamento com o m\u00fasico e sobre como foi, ainda adolescente, assumir o papel de madrasta de cinco crian\u00e7as. A empres\u00e1ria conversou sobre o assunto no podcast <em>MenoTalks<\/em>, onde revisitou momentos que marcaram sua hist\u00f3ria com o artista.<\/p>\n\n\n\n<p>Flora tinha apenas 18 anos quando conheceu Gil, em uma noite de ver\u00e3o na Bahia. Segundo ela, tudo come\u00e7ou na sa\u00edda de um show dos Novos Baianos. Sem saber como retornar para casa, ela foi surpreendida quando o cantor, acompanhado de Regina Cas\u00e9 e de sua filha Nara, ofereceu uma carona.\n\u201cEle parou o carro numa gentileza total. A gente n\u00e3o conhecia nada ali, estava completamente perdida. E foi assim que nosso primeiro contato aconteceu\u201d, relatou.<\/p>\n\n\n\n<p>O encontro casual virou convite para um programa na praia no dia seguinte \u2014 e a\u00ed o envolvimento entre os dois come\u00e7ou a surgir.\n\u201cFicamos mais uns dez dias na Bahia. N\u00e3o queria voltar. Quando retornei para S\u00e3o Paulo, tentei continuar minha rotina, mas logo j\u00e1 estava namorando o Gil. Em pouco tempo, me mudei para o Rio\u201d, contou.<\/p>\n\n\n\n<p>A diferen\u00e7a de idade era grande: enquanto Flora vivia o fim da adolesc\u00eancia, Gil j\u00e1 tinha 36 anos e uma extensa trajet\u00f3ria pessoal e profissional. Mesmo assim, ela n\u00e3o hesitou em embarcar no relacionamento.\n\u201cCasei com 19 e seguimos juntos desde ent\u00e3o. Tivemos o Bem seis anos depois. A vida se desenrolou num ritmo muito natural. Hoje j\u00e1 s\u00e3o 45 anos de hist\u00f3ria\u201d, destacou.<\/p>\n\n\n<!-- wp:heading \"level\":3 -->\n<h3 class=\"wp-block-heading\">Conciliar vida a dois, trabalho e fam\u00edlia<\/h3>\n<!-- \/wp:post-content -->\n\n<!-- wp:paragraph -->\n<p>Flora explicou que sempre encontrou uma forma equilibrada de participar tanto da vida \u00edntima quanto dos projetos profissionais do cantor.\n\u201cCostumo dizer que decido muita coisa, mas sempre conversando com ele. \u00c9 uma parceria. Hoje temos a Maria Gil, irm\u00e3 da Preta, mediando parte das decis\u00f5es. Minha equipe tamb\u00e9m \u00e9 como fam\u00edlia. Todo mundo est\u00e1 comigo h\u00e1 d\u00e9cadas\u201d, afirmou.<\/p>\n<!-- \/wp:paragraph -->\n\n<!-- wp:heading \"level\":3 -->\n<h3 class=\"wp-block-heading\">Ser madrasta t\u00e3o jovem<\/h3>\n<!-- \/wp:heading -->\n\n<!-- wp:paragraph -->\n<p>A empres\u00e1ria tamb\u00e9m relembrou como foi assumir a responsabilidade de conviver com os filhos de Gil.\n\u201cCom as mais velhas foi tranquilo, porque o Gil j\u00e1 n\u00e3o estava mais com as m\u00e3es delas. Mas com Pedro, Maria e Preta a situa\u00e7\u00e3o era diferente, porque ele estava saindo de um casamento. Eu era vista como algu\u00e9m que estava chegando no meio de tudo\u201d, contou.<\/p>\n<!-- \/wp:paragraph -->\n\n<!-- wp:paragraph -->\n<p>Apesar disso, Flora garante que a conex\u00e3o com Preta aconteceu de forma r\u00e1pida e sincera.\n\u201cA Preta logo se aproximou de mim. Era pequena, tinha 5 ou 6 anos, e come\u00e7ou a passar fins de semana em casa. Foi um la\u00e7o que nasceu naturalmente\u201d, disse.<\/p>\n<!-- \/wp:paragraph -->\n\n<!-- wp:paragraph -->\n<p>Gilberto Gil, antes de formar sua fam\u00edlia com Flora, j\u00e1 era pai de Nara e Mar\u00edlia, do casamento com Belina de Aguiar, e de Pedro, Maria e Preta, frutos da uni\u00e3o com Sandra Gad\u00ealha. Com Flora, vieram Bem, Bela e Jos\u00e9, completando o grupo de oito filhos.<\/p>\n<!-- \/wp:paragraph -->\n\n<!-- wp:paragraph -->\n<p>Entre mem\u00f3rias, desafios e descobertas, Flora resume sua jornada ao lado de Gil como uma hist\u00f3ria guiada por afeto, parceria e uma conviv\u00eancia familiar que, apesar de complexa, se consolidou ao longo de 45 anos.<\/p>\n<!-- \/wp:paragraph -->","protected":false},"excerpt":{"rendered":"<p>Quase meio s\u00e9culo ap\u00f3s come\u00e7ar sua vida ao lado de Gilberto Gil, Flora Gil abriu detalhes in\u00e9ditos sobre o in\u00edcio do relacionamento com o m\u00fasico e sobre como foi, ainda adolescente, assumir o papel de madrasta de cinco crian\u00e7as. A empres\u00e1ria conversou sobre o assunto no podcast MenoTalks, onde revisitou momentos que marcaram sua hist\u00f3ria \u2026<\/p>\n","protected":false},"author":2,"featured_media":4659,"comment_status":"closed","ping_status":"open","sticky":false,"template":"","format":"standard","meta":{"footnotes":""},"categories":[3],"tags":[],"class_list":["post-4660","post","type-post","status-publish","format-standard","has-post-thumbnail","hentry","category-famosos"],"yoast_head":"<!-- This site is optimized with the Yoast SEO plugin v25.5 - https:\/\/yoast.com\/wordpress\/plugins\/seo\/ -->\n<title>Flora relembra in\u00edcio do romance com Gilberto Gil e fala sobre conviv\u00eancia com os filhos do cantor - Portal do Estado<\/title>\n<meta name=\"robots\" content=\"index, follow, max-snippet:-1, max-image-preview:large, max-video-preview:-1\" \/>\n<link rel=\"canonical\" href=\"https:\/\/portaldoestado.com.br\/index.php\/2025\/11\/26\/flora-relembra-inicio-do-romance-com-gilberto-gil-e-fala-sobre-convivencia-com-os-filhos-do-cantor\/\" \/>\n<meta property=\"og:locale\" content=\"pt_BR\" \/>\n<meta property=\"og:type\" content=\"article\" \/>\n<meta property=\"og:title\" content=\"Flora relembra in\u00edcio do romance com Gilberto Gil e fala sobre conviv\u00eancia com os filhos do cantor - Portal do Estado\" \/>\n<meta property=\"og:description\" content=\"Quase meio s\u00e9culo ap\u00f3s come\u00e7ar sua vida ao lado de Gilberto Gil, Flora Gil abriu detalhes in\u00e9ditos sobre o in\u00edcio do relacionamento com o m\u00fasico e sobre como foi, ainda adolescente, assumir o papel de madrasta de cinco crian\u00e7as. A empres\u00e1ria conversou sobre o assunto no podcast MenoTalks, onde revisitou momentos que marcaram sua hist\u00f3ria \u2026\" \/>\n<meta property=\"og:url\" content=\"https:\/\/portaldoestado.com.br\/index.php\/2025\/11\/26\/flora-relembra-inicio-do-romance-com-gilberto-gil-e-fala-sobre-convivencia-com-os-filhos-do-cantor\/\" \/>\n<meta property=\"og:site_name\" content=\"Portal do Estado\" \/>\n<meta property=\"article:published_time\" content=\"2025-11-26T17:18:33+00:00\" \/>\n<meta property=\"og:image\" content=\"https:\/\/portaldoestado.com.br\/wp-content\/uploads\/2025\/11\/foto-mulher-de-gilberto-gil-denuncia-a-venda-de-ingressos-falsos-para-turne-de-cantor.png\" \/>\n\t<meta property=\"og:image:width\" content=\"1200\" \/>\n\t<meta property=\"og:image:height\" content=\"900\" \/>\n\t<meta property=\"og:image:type\" content=\"image\/png\" \/>\n<meta name=\"author\" content=\"assessoriadefamosos\" \/>\n<meta name=\"twitter:card\" content=\"summary_large_image\" \/>\n<meta name=\"twitter:label1\" content=\"Escrito por\" \/>\n\t<meta name=\"twitter:data1\" content=\"assessoriadefamosos\" \/>\n\t<meta name=\"twitter:label2\" content=\"Est. tempo de leitura\" \/>\n\t<meta name=\"twitter:data2\" content=\"3 minutos\" \/>\n<script type=\"application\/ld+json\" class=\"yoast-schema-graph\">{\"@context\":\"https:\/\/schema.org\",\"@graph\":[{\"@type\":\"Article\",\"@id\":\"https:\/\/portaldoestado.com.br\/index.php\/2025\/11\/26\/flora-relembra-inicio-do-romance-com-gilberto-gil-e-fala-sobre-convivencia-com-os-filhos-do-cantor\/#article\",\"isPartOf\":{\"@id\":\"https:\/\/portaldoestado.com.br\/index.php\/2025\/11\/26\/flora-relembra-inicio-do-romance-com-gilberto-gil-e-fala-sobre-convivencia-com-os-filhos-do-cantor\/\"},\"author\":{\"name\":\"assessoriadefamosos\",\"@id\":\"https:\/\/portaldoestado.com.br\/#\/schema\/person\/5ca0174f3c8c84b59da62ea14b698cb9\"},\"headline\":\"Flora relembra in\u00edcio do romance com Gilberto Gil e fala sobre conviv\u00eancia com os filhos do cantor\",\"datePublished\":\"2025-11-26T17:18:33+00:00\",\"mainEntityOfPage\":{\"@id\":\"https:\/\/portaldoestado.com.br\/index.php\/2025\/11\/26\/flora-relembra-inicio-do-romance-com-gilberto-gil-e-fala-sobre-convivencia-com-os-filhos-do-cantor\/\"},\"wordCount\":572,\"publisher\":{\"@id\":\"https:\/\/portaldoestado.com.br\/#organization\"},\"image\":{\"@id\":\"https:\/\/portaldoestado.com.br\/index.php\/2025\/11\/26\/flora-relembra-inicio-do-romance-com-gilberto-gil-e-fala-sobre-convivencia-com-os-filhos-do-cantor\/#primaryimage\"},\"thumbnailUrl\":\"https:\/\/portaldoestado.com.br\/wp-content\/uploads\/2025\/11\/foto-mulher-de-gilberto-gil-denuncia-a-venda-de-ingressos-falsos-para-turne-de-cantor.png\",\"articleSection\":[\"Famosos\"],\"inLanguage\":\"pt-BR\"},{\"@type\":\"WebPage\",\"@id\":\"https:\/\/portaldoestado.com.br\/index.php\/2025\/11\/26\/flora-relembra-inicio-do-romance-com-gilberto-gil-e-fala-sobre-convivencia-com-os-filhos-do-cantor\/\",\"url\":\"https:\/\/portaldoestado.com.br\/index.php\/2025\/11\/26\/flora-relembra-inicio-do-romance-com-gilberto-gil-e-fala-sobre-convivencia-com-os-filhos-do-cantor\/\",\"name\":\"Flora relembra in\u00edcio do romance com Gilberto Gil e fala sobre conviv\u00eancia com os filhos do cantor - Portal do Estado\",\"isPartOf\":{\"@id\":\"https:\/\/portaldoestado.com.br\/#website\"},\"primaryImageOfPage\":{\"@id\":\"https:\/\/portaldoestado.com.br\/index.php\/2025\/11\/26\/flora-relembra-inicio-do-romance-com-gilberto-gil-e-fala-sobre-convivencia-com-os-filhos-do-cantor\/#primaryimage\"},\"image\":{\"@id\":\"https:\/\/portaldoestado.com.br\/index.php\/2025\/11\/26\/flora-relembra-inicio-do-romance-com-gilberto-gil-e-fala-sobre-convivencia-com-os-filhos-do-cantor\/#primaryimage\"},\"thumbnailUrl\":\"https:\/\/portaldoestado.com.br\/wp-content\/uploads\/2025\/11\/foto-mulher-de-gilberto-gil-denuncia-a-venda-de-ingressos-falsos-para-turne-de-cantor.png\",\"datePublished\":\"2025-11-26T17:18:33+00:00\",\"breadcrumb\":{\"@id\":\"https:\/\/portaldoestado.com.br\/index.php\/2025\/11\/26\/flora-relembra-inicio-do-romance-com-gilberto-gil-e-fala-sobre-convivencia-com-os-filhos-do-cantor\/#breadcrumb\"},\"inLanguage\":\"pt-BR\",\"potentialAction\":[{\"@type\":\"ReadAction\",\"target\":[\"https:\/\/portaldoestado.com.br\/index.php\/2025\/11\/26\/flora-relembra-inicio-do-romance-com-gilberto-gil-e-fala-sobre-convivencia-com-os-filhos-do-cantor\/\"]}]},{\"@type\":\"ImageObject\",\"inLanguage\":\"pt-BR\",\"@id\":\"https:\/\/portaldoestado.com.br\/index.php\/2025\/11\/26\/flora-relembra-inicio-do-romance-com-gilberto-gil-e-fala-sobre-convivencia-com-os-filhos-do-cantor\/#primaryimage\",\"url\":\"https:\/\/portaldoestado.com.br\/wp-content\/uploads\/2025\/11\/foto-mulher-de-gilberto-gil-denuncia-a-venda-de-ingressos-falsos-para-turne-de-cantor.png\",\"contentUrl\":\"https:\/\/portaldoestado.com.br\/wp-content\/uploads\/2025\/11\/foto-mulher-de-gilberto-gil-denuncia-a-venda-de-ingressos-falsos-para-turne-de-cantor.png\",\"width\":1200,\"height\":900},{\"@type\":\"BreadcrumbList\",\"@id\":\"https:\/\/portaldoestado.com.br\/index.php\/2025\/11\/26\/flora-relembra-inicio-do-romance-com-gilberto-gil-e-fala-sobre-convivencia-com-os-filhos-do-cantor\/#breadcrumb\",\"itemListElement\":[{\"@type\":\"ListItem\",\"position\":1,\"name\":\"In\u00edcio\",\"item\":\"https:\/\/portaldoestado.com.br\/\"},{\"@type\":\"ListItem\",\"position\":2,\"name\":\"Flora relembra in\u00edcio do romance com Gilberto Gil e fala sobre conviv\u00eancia com os filhos do cantor\"}]},{\"@type\":\"WebSite\",\"@id\":\"https:\/\/portaldoestado.com.br\/#website\",\"url\":\"https:\/\/portaldoestado.com.br\/\",\"name\":\"Portal do Estado\",\"description\":\"\",\"publisher\":{\"@id\":\"https:\/\/portaldoestado.com.br\/#organization\"},\"potentialAction\":[{\"@type\":\"SearchAction\",\"target\":{\"@type\":\"EntryPoint\",\"urlTemplate\":\"https:\/\/portaldoestado.com.br\/?s={search_term_string}\"},\"query-input\":{\"@type\":\"PropertyValueSpecification\",\"valueRequired\":true,\"valueName\":\"search_term_string\"}}],\"inLanguage\":\"pt-BR\"},{\"@type\":\"Organization\",\"@id\":\"https:\/\/portaldoestado.com.br\/#organization\",\"name\":\"Portal do Estado\",\"url\":\"https:\/\/portaldoestado.com.br\/\",\"logo\":{\"@type\":\"ImageObject\",\"inLanguage\":\"pt-BR\",\"@id\":\"https:\/\/portaldoestado.com.br\/#\/schema\/logo\/image\/\",\"url\":\"https:\/\/portaldoestado.com.br\/wp-content\/uploads\/2025\/04\/cropped-6f69b19a-6472-43bf-b1b3-e1910bbbd4e8.png\",\"contentUrl\":\"https:\/\/portaldoestado.com.br\/wp-content\/uploads\/2025\/04\/cropped-6f69b19a-6472-43bf-b1b3-e1910bbbd4e8.png\",\"width\":1024,\"height\":350,\"caption\":\"Portal do Estado\"},\"image\":{\"@id\":\"https:\/\/portaldoestado.com.br\/#\/schema\/logo\/image\/\"}},{\"@type\":\"Person\",\"@id\":\"https:\/\/portaldoestado.com.br\/#\/schema\/person\/5ca0174f3c8c84b59da62ea14b698cb9\",\"name\":\"assessoriadefamosos\",\"image\":{\"@type\":\"ImageObject\",\"inLanguage\":\"pt-BR\",\"@id\":\"https:\/\/portaldoestado.com.br\/#\/schema\/person\/image\/\",\"url\":\"https:\/\/secure.gravatar.com\/avatar\/a7acbdffcfbbae7240e59f47fe511ec5f5d8c252c779f0b8d9ab02a9e1d8c5ed?s=96&d=mm&r=g\",\"contentUrl\":\"https:\/\/secure.gravatar.com\/avatar\/a7acbdffcfbbae7240e59f47fe511ec5f5d8c252c779f0b8d9ab02a9e1d8c5ed?s=96&d=mm&r=g\",\"caption\":\"assessoriadefamosos\"},\"url\":\"https:\/\/portaldoestado.com.br\/index.php\/author\/assessoriadefamosos\/\"}]}<\/script>\n<!-- \/ Yoast SEO plugin. -->","yoast_head_json":{"title":"Flora relembra in\u00edcio do romance com Gilberto Gil e fala sobre conviv\u00eancia com os filhos do cantor - Portal do Estado","robots":{"index":"index","follow":"follow","max-snippet":"max-snippet:-1","max-image-preview":"max-image-preview:large","max-video-preview":"max-video-preview:-1"},"canonical":"https:\/\/portaldoestado.com.br\/index.php\/2025\/11\/26\/flora-relembra-inicio-do-romance-com-gilberto-gil-e-fala-sobre-convivencia-com-os-filhos-do-cantor\/","og_locale":"pt_BR","og_type":"article","og_title":"Flora relembra in\u00edcio do romance com Gilberto Gil e fala sobre conviv\u00eancia com os filhos do cantor - Portal do Estado","og_description":"Quase meio s\u00e9culo ap\u00f3s come\u00e7ar sua vida ao lado de Gilberto Gil, Flora Gil abriu detalhes in\u00e9ditos sobre o in\u00edcio do relacionamento com o m\u00fasico e sobre como foi, ainda adolescente, assumir o papel de madrasta de cinco crian\u00e7as. A empres\u00e1ria conversou sobre o assunto no podcast MenoTalks, onde revisitou momentos que marcaram sua hist\u00f3ria \u2026","og_url":"https:\/\/portaldoestado.com.br\/index.php\/2025\/11\/26\/flora-relembra-inicio-do-romance-com-gilberto-gil-e-fala-sobre-convivencia-com-os-filhos-do-cantor\/","og_site_name":"Portal do Estado","article_published_time":"2025-11-26T17:18:33+00:00","og_image":[{"width":1200,"height":900,"url":"https:\/\/portaldoestado.com.br\/wp-content\/uploads\/2025\/11\/foto-mulher-de-gilberto-gil-denuncia-a-venda-de-ingressos-falsos-para-turne-de-cantor.png","type":"image\/png"}],"author":"assessoriadefamosos","twitter_card":"summary_large_image","twitter_misc":{"Escrito por":"assessoriadefamosos","Est. tempo de leitura":"3 minutos"},"schema":{"@context":"https:\/\/schema.org","@graph":[{"@type":"Article","@id":"https:\/\/portaldoestado.com.br\/index.php\/2025\/11\/26\/flora-relembra-inicio-do-romance-com-gilberto-gil-e-fala-sobre-convivencia-com-os-filhos-do-cantor\/#article","isPartOf":{"@id":"https:\/\/portaldoestado.com.br\/index.php\/2025\/11\/26\/flora-relembra-inicio-do-romance-com-gilberto-gil-e-fala-sobre-convivencia-com-os-filhos-do-cantor\/"},"author":{"name":"assessoriadefamosos","@id":"https:\/\/portaldoestado.com.br\/#\/schema\/person\/5ca0174f3c8c84b59da62ea14b698cb9"},"headline":"Flora relembra in\u00edcio do romance com Gilberto Gil e fala sobre conviv\u00eancia com os filhos do cantor","datePublished":"2025-11-26T17:18:33+00:00","mainEntityOfPage":{"@id":"https:\/\/portaldoestado.com.br\/index.php\/2025\/11\/26\/flora-relembra-inicio-do-romance-com-gilberto-gil-e-fala-sobre-convivencia-com-os-filhos-do-cantor\/"},"wordCount":572,"publisher":{"@id":"https:\/\/portaldoestado.com.br\/#organization"},"image":{"@id":"https:\/\/portaldoestado.com.br\/index.php\/2025\/11\/26\/flora-relembra-inicio-do-romance-com-gilberto-gil-e-fala-sobre-convivencia-com-os-filhos-do-cantor\/#primaryimage"},"thumbnailUrl":"https:\/\/portaldoestado.com.br\/wp-content\/uploads\/2025\/11\/foto-mulher-de-gilberto-gil-denuncia-a-venda-de-ingressos-falsos-para-turne-de-cantor.png","articleSection":["Famosos"],"inLanguage":"pt-BR"},{"@type":"WebPage","@id":"https:\/\/portaldoestado.com.br\/index.php\/2025\/11\/26\/flora-relembra-inicio-do-romance-com-gilberto-gil-e-fala-sobre-convivencia-com-os-filhos-do-cantor\/","url":"https:\/\/portaldoestado.com.br\/index.php\/2025\/11\/26\/flora-relembra-inicio-do-romance-com-gilberto-gil-e-fala-sobre-convivencia-com-os-filhos-do-cantor\/","name":"Flora relembra in\u00edcio do romance com Gilberto Gil e fala sobre conviv\u00eancia com os filhos do cantor - Portal do Estado","isPartOf":{"@id":"https:\/\/portaldoestado.com.br\/#website"},"primaryImageOfPage":{"@id":"https:\/\/portaldoestado.com.br\/index.php\/2025\/11\/26\/flora-relembra-inicio-do-romance-com-gilberto-gil-e-fala-sobre-convivencia-com-os-filhos-do-cantor\/#primaryimage"},"image":{"@id":"https:\/\/portaldoestado.com.br\/index.php\/2025\/11\/26\/flora-relembra-inicio-do-romance-com-gilberto-gil-e-fala-sobre-convivencia-com-os-filhos-do-cantor\/#primaryimage"},"thumbnailUrl":"https:\/\/portaldoestado.com.br\/wp-content\/uploads\/2025\/11\/foto-mulher-de-gilberto-gil-denuncia-a-venda-de-ingressos-falsos-para-turne-de-cantor.png","datePublished":"2025-11-26T17:18:33+00:00","breadcrumb":{"@id":"https:\/\/portaldoestado.com.br\/index.php\/2025\/11\/26\/flora-relembra-inicio-do-romance-com-gilberto-gil-e-fala-sobre-convivencia-com-os-filhos-do-cantor\/#breadcrumb"},"inLanguage":"pt-BR","potentialAction":[{"@type":"ReadAction","target":["https:\/\/portaldoestado.com.br\/index.php\/2025\/11\/26\/flora-relembra-inicio-do-romance-com-gilberto-gil-e-fala-sobre-convivencia-com-os-filhos-do-cantor\/"]}]},{"@type":"ImageObject","inLanguage":"pt-BR","@id":"https:\/\/portaldoestado.com.br\/index.php\/2025\/11\/26\/flora-relembra-inicio-do-romance-com-gilberto-gil-e-fala-sobre-convivencia-com-os-filhos-do-cantor\/#primaryimage","url":"https:\/\/portaldoestado.com.br\/wp-content\/uploads\/2025\/11\/foto-mulher-de-gilberto-gil-denuncia-a-venda-de-ingressos-falsos-para-turne-de-cantor.png","contentUrl":"https:\/\/portaldoestado.com.br\/wp-content\/uploads\/2025\/11\/foto-mulher-de-gilberto-gil-denuncia-a-venda-de-ingressos-falsos-para-turne-de-cantor.png","width":1200,"height":900},{"@type":"BreadcrumbList","@id":"https:\/\/portaldoestado.com.br\/index.php\/2025\/11\/26\/flora-relembra-inicio-do-romance-com-gilberto-gil-e-fala-sobre-convivencia-com-os-filhos-do-cantor\/#breadcrumb","itemListElement":[{"@type":"ListItem","position":1,"name":"In\u00edcio","item":"https:\/\/portaldoestado.com.br\/"},{"@type":"ListItem","position":2,"name":"Flora relembra in\u00edcio do romance com Gilberto Gil e fala sobre conviv\u00eancia com os filhos do cantor"}]},{"@type":"WebSite","@id":"https:\/\/portaldoestado.com.br\/#website","url":"https:\/\/portaldoestado.com.br\/","name":"Portal do Estado","description":"","publisher":{"@id":"https:\/\/portaldoestado.com.br\/#organization"},"potentialAction":[{"@type":"SearchAction","target":{"@type":"EntryPoint","urlTemplate":"https:\/\/portaldoestado.com.br\/?s={search_term_string}"},"query-input":{"@type":"PropertyValueSpecification","valueRequired":true,"valueName":"search_term_string"}}],"inLanguage":"pt-BR"},{"@type":"Organization","@id":"https:\/\/portaldoestado.com.br\/#organization","name":"Portal do Estado","url":"https:\/\/portaldoestado.com.br\/","logo":{"@type":"ImageObject","inLanguage":"pt-BR","@id":"https:\/\/portaldoestado.com.br\/#\/schema\/logo\/image\/","url":"https:\/\/portaldoestado.com.br\/wp-content\/uploads\/2025\/04\/cropped-6f69b19a-6472-43bf-b1b3-e1910bbbd4e8.png","contentUrl":"https:\/\/portaldoestado.com.br\/wp-content\/uploads\/2025\/04\/cropped-6f69b19a-6472-43bf-b1b3-e1910bbbd4e8.png","width":1024,"height":350,"caption":"Portal do Estado"},"image":{"@id":"https:\/\/portaldoestado.com.br\/#\/schema\/logo\/image\/"}},{"@type":"Person","@id":"https:\/\/portaldoestado.com.br\/#\/schema\/person\/5ca0174f3c8c84b59da62ea14b698cb9","name":"assessoriadefamosos","image":{"@type":"ImageObject","inLanguage":"pt-BR","@id":"https:\/\/portaldoestado.com.br\/#\/schema\/person\/image\/","url":"https:\/\/secure.gravatar.com\/avatar\/a7acbdffcfbbae7240e59f47fe511ec5f5d8c252c779f0b8d9ab02a9e1d8c5ed?s=96&d=mm&r=g","contentUrl":"https:\/\/secure.gravatar.com\/avatar\/a7acbdffcfbbae7240e59f47fe511ec5f5d8c252c779f0b8d9ab02a9e1d8c5ed?s=96&d=mm&r=g","caption":"assessoriadefamosos"},"url":"https:\/\/portaldoestado.com.br\/index.php\/author\/assessoriadefamosos\/"}]}},"jetpack_featured_media_url":"https:\/\/portaldoestado.com.br\/wp-content\/uploads\/2025\/11\/foto-mulher-de-gilberto-gil-denuncia-a-venda-de-ingressos-falsos-para-turne-de-cantor.png","_links":{"self":[{"href":"https:\/\/portaldoestado.com.br\/index.php\/wp-json\/wp\/v2\/posts\/4660","targetHints":{"allow":["GET"]}}],"collection":[{"href":"https:\/\/portaldoestado.com.br\/index.php\/wp-json\/wp\/v2\/posts"}],"about":[{"href":"https:\/\/portaldoestado.com.br\/index.php\/wp-json\/wp\/v2\/types\/post"}],"author":[{"embeddable":true,"href":"https:\/\/portaldoestado.com.br\/index.php\/wp-json\/wp\/v2\/users\/2"}],"replies":[{"embeddable":true,"href":"https:\/\/portaldoestado.com.br\/index.php\/wp-json\/wp\/v2\/comments?post=4660"}],"version-history":[{"count":1,"href":"https:\/\/portaldoestado.com.br\/index.php\/wp-json\/wp\/v2\/posts\/4660\/revisions"}],"predecessor-version":[{"id":4661,"href":"https:\/\/portaldoestado.com.br\/index.php\/wp-json\/wp\/v2\/posts\/4660\/revisions\/4661"}],"wp:featuredmedia":[{"embeddable":true,"href":"https:\/\/portaldoestado.com.br\/index.php\/wp-json\/wp\/v2\/media\/4659"}],"wp:attachment":[{"href":"https:\/\/portaldoestado.com.br\/index.php\/wp-json\/wp\/v2\/media?parent=4660"}],"wp:term":[{"taxonomy":"category","embeddable":true,"href":"https:\/\/portaldoestado.com.br\/index.php\/wp-json\/wp\/v2\/categories?post=4660"},{"taxonomy":"post_tag","embeddable":true,"href":"https:\/\/portaldoestado.com.br\/index.php\/wp-json\/wp\/v2\/tags?post=4660"}],"curies":[{"name":"wp","href":"https:\/\/api.w.org\/{rel}","templated":true}]}}