{"id":4657,"date":"2025-11-26T17:13:51","date_gmt":"2025-11-26T17:13:51","guid":{"rendered":"https:\/\/portaldoestado.com.br\/?p=4657"},"modified":"2025-11-26T17:13:51","modified_gmt":"2025-11-26T17:13:51","slug":"apos-reprovar-escolha-de-jose-loreto-como-chorao-sonia-abrao-revela-resposta-enviada-pelo-ator","status":"publish","type":"post","link":"https:\/\/portaldoestado.com.br\/index.php\/2025\/11\/26\/apos-reprovar-escolha-de-jose-loreto-como-chorao-sonia-abrao-revela-resposta-enviada-pelo-ator\/","title":{"rendered":"Ap\u00f3s reprovar escolha de Jos\u00e9 Loreto como Chor\u00e3o, Sonia Abr\u00e3o revela resposta enviada pelo ator"},"content":{"rendered":"\n<p>A cinebiografia de Chor\u00e3o ainda nem chegou ao p\u00fablico, mas j\u00e1 movimenta debates \u2014 inclusive dentro da pr\u00f3pria fam\u00edlia do cantor. Sonia Abr\u00e3o, prima do vocalista do Charlie Brown Jr., voltou a comentar a escolha de Jos\u00e9 Loreto para viver o artista nos cinemas e revelou que o ator chegou a enviar uma mensagem ap\u00f3s tomar conhecimento das cr\u00edticas.<\/p>\n\n\n\n<p>Durante participa\u00e7\u00e3o no podcast <em>Na Telinha Talk<\/em>, divulgada na \u00faltima segunda-feira (24\/11), a apresentadora admitiu que nunca se identificou com a escala\u00e7\u00e3o de Loreto.\n\u201cEu n\u00e3o consigo enxergar o Alexandre nele. Minha irm\u00e3 sempre disse que o Jos\u00e9 Loreto lembrava fisicamente, mas para mim simplesmente n\u00e3o bate\u201d, explicou.<\/p>\n\n\n\n<p>Apesar da opini\u00e3o contr\u00e1ria, Sonia afirmou que pretende assistir ao filme, que se baseia no livro <em>Se n\u00e3o eu, quem vai fazer voc\u00ea feliz?<\/em>, escrito por Graziela Gon\u00e7alves, a vi\u00fava do m\u00fasico. Ela destacou que uma boa atua\u00e7\u00e3o pode alterar percep\u00e7\u00f5es.\n\u201c\u00c0s vezes, a interpreta\u00e7\u00e3o vai al\u00e9m da apar\u00eancia. J\u00e1 vi isso acontecer muitas vezes no cinema. Ent\u00e3o eu quero ver antes de julgar\u201d, ponderou.<\/p>\n\n\n\n<p>Segundo a apresentadora, Jos\u00e9 Loreto reagiu de forma educada e tranquila aos coment\u00e1rios.\n\u201cEle brincou dizendo que, se dependesse de mim, ele n\u00e3o teria nem feito o teste\u201d, contou Sonia. Em seguida, o ator teria pedido que ela aguardasse o resultado final antes de condenar sua participa\u00e7\u00e3o.\n\u201cEle falou: \u2018Assista primeiro. Eu estudei, me entreguei, mergulhei nesse papel\u2019. Foi simp\u00e1tico e respeitoso.\u201d<\/p>\n\n\n\n<p>Sonia ainda comentou que, ao ouvir o \u00e1udio de Loreto, percebeu que o ator parecia j\u00e1 estar totalmente imerso no personagem.\n\u201cNo jeito de falar, no tom de voz\u2026 Ele estava claramente trabalhando essa energia do Chor\u00e3o. Talvez ele realmente me surpreenda\u201d, admitiu, deixando aberta a possibilidade de rever sua opini\u00e3o ap\u00f3s o lan\u00e7amento.<\/p>\n","protected":false},"excerpt":{"rendered":"<p>A cinebiografia de Chor\u00e3o ainda nem chegou ao p\u00fablico, mas j\u00e1 movimenta debates \u2014 inclusive dentro da pr\u00f3pria fam\u00edlia do cantor. Sonia Abr\u00e3o, prima do vocalista do Charlie Brown Jr., voltou a comentar a escolha de Jos\u00e9 Loreto para viver o artista nos cinemas e revelou que o ator chegou a enviar uma mensagem ap\u00f3s \u2026<\/p>\n","protected":false},"author":2,"featured_media":4656,"comment_status":"closed","ping_status":"open","sticky":false,"template":"","format":"standard","meta":{"footnotes":""},"categories":[3],"tags":[],"class_list":["post-4657","post","type-post","status-publish","format-standard","has-post-thumbnail","hentry","category-famosos"],"yoast_head":"<!-- This site is optimized with the Yoast SEO plugin v25.5 - https:\/\/yoast.com\/wordpress\/plugins\/seo\/ -->\n<title>Ap\u00f3s reprovar escolha de Jos\u00e9 Loreto como Chor\u00e3o, Sonia Abr\u00e3o revela resposta enviada pelo ator - Portal do Estado<\/title>\n<meta name=\"robots\" content=\"index, follow, max-snippet:-1, max-image-preview:large, max-video-preview:-1\" \/>\n<link rel=\"canonical\" href=\"https:\/\/portaldoestado.com.br\/index.php\/2025\/11\/26\/apos-reprovar-escolha-de-jose-loreto-como-chorao-sonia-abrao-revela-resposta-enviada-pelo-ator\/\" \/>\n<meta property=\"og:locale\" content=\"pt_BR\" \/>\n<meta property=\"og:type\" content=\"article\" \/>\n<meta property=\"og:title\" content=\"Ap\u00f3s reprovar escolha de Jos\u00e9 Loreto como Chor\u00e3o, Sonia Abr\u00e3o revela resposta enviada pelo ator - Portal do Estado\" \/>\n<meta property=\"og:description\" content=\"A cinebiografia de Chor\u00e3o ainda nem chegou ao p\u00fablico, mas j\u00e1 movimenta debates \u2014 inclusive dentro da pr\u00f3pria fam\u00edlia do cantor. Sonia Abr\u00e3o, prima do vocalista do Charlie Brown Jr., voltou a comentar a escolha de Jos\u00e9 Loreto para viver o artista nos cinemas e revelou que o ator chegou a enviar uma mensagem ap\u00f3s \u2026\" \/>\n<meta property=\"og:url\" content=\"https:\/\/portaldoestado.com.br\/index.php\/2025\/11\/26\/apos-reprovar-escolha-de-jose-loreto-como-chorao-sonia-abrao-revela-resposta-enviada-pelo-ator\/\" \/>\n<meta property=\"og:site_name\" content=\"Portal do Estado\" \/>\n<meta property=\"article:published_time\" content=\"2025-11-26T17:13:51+00:00\" \/>\n<meta property=\"og:image\" content=\"https:\/\/portaldoestado.com.br\/wp-content\/uploads\/2025\/11\/igyYnyyw-Design-sem-nome-10.jpg\" \/>\n\t<meta property=\"og:image:width\" content=\"1200\" \/>\n\t<meta property=\"og:image:height\" content=\"900\" \/>\n\t<meta property=\"og:image:type\" content=\"image\/jpeg\" \/>\n<meta name=\"author\" content=\"assessoriadefamosos\" \/>\n<meta name=\"twitter:card\" content=\"summary_large_image\" \/>\n<meta name=\"twitter:label1\" content=\"Escrito por\" \/>\n\t<meta name=\"twitter:data1\" content=\"assessoriadefamosos\" \/>\n\t<meta name=\"twitter:label2\" content=\"Est. tempo de leitura\" \/>\n\t<meta name=\"twitter:data2\" content=\"2 minutos\" \/>\n<script type=\"application\/ld+json\" class=\"yoast-schema-graph\">{\"@context\":\"https:\/\/schema.org\",\"@graph\":[{\"@type\":\"Article\",\"@id\":\"https:\/\/portaldoestado.com.br\/index.php\/2025\/11\/26\/apos-reprovar-escolha-de-jose-loreto-como-chorao-sonia-abrao-revela-resposta-enviada-pelo-ator\/#article\",\"isPartOf\":{\"@id\":\"https:\/\/portaldoestado.com.br\/index.php\/2025\/11\/26\/apos-reprovar-escolha-de-jose-loreto-como-chorao-sonia-abrao-revela-resposta-enviada-pelo-ator\/\"},\"author\":{\"name\":\"assessoriadefamosos\",\"@id\":\"https:\/\/portaldoestado.com.br\/#\/schema\/person\/5ca0174f3c8c84b59da62ea14b698cb9\"},\"headline\":\"Ap\u00f3s reprovar escolha de Jos\u00e9 Loreto como Chor\u00e3o, Sonia Abr\u00e3o revela resposta enviada pelo ator\",\"datePublished\":\"2025-11-26T17:13:51+00:00\",\"mainEntityOfPage\":{\"@id\":\"https:\/\/portaldoestado.com.br\/index.php\/2025\/11\/26\/apos-reprovar-escolha-de-jose-loreto-como-chorao-sonia-abrao-revela-resposta-enviada-pelo-ator\/\"},\"wordCount\":335,\"publisher\":{\"@id\":\"https:\/\/portaldoestado.com.br\/#organization\"},\"image\":{\"@id\":\"https:\/\/portaldoestado.com.br\/index.php\/2025\/11\/26\/apos-reprovar-escolha-de-jose-loreto-como-chorao-sonia-abrao-revela-resposta-enviada-pelo-ator\/#primaryimage\"},\"thumbnailUrl\":\"https:\/\/portaldoestado.com.br\/wp-content\/uploads\/2025\/11\/igyYnyyw-Design-sem-nome-10.jpg\",\"articleSection\":[\"Famosos\"],\"inLanguage\":\"pt-BR\"},{\"@type\":\"WebPage\",\"@id\":\"https:\/\/portaldoestado.com.br\/index.php\/2025\/11\/26\/apos-reprovar-escolha-de-jose-loreto-como-chorao-sonia-abrao-revela-resposta-enviada-pelo-ator\/\",\"url\":\"https:\/\/portaldoestado.com.br\/index.php\/2025\/11\/26\/apos-reprovar-escolha-de-jose-loreto-como-chorao-sonia-abrao-revela-resposta-enviada-pelo-ator\/\",\"name\":\"Ap\u00f3s reprovar escolha de Jos\u00e9 Loreto como Chor\u00e3o, Sonia Abr\u00e3o revela resposta enviada pelo ator - Portal do Estado\",\"isPartOf\":{\"@id\":\"https:\/\/portaldoestado.com.br\/#website\"},\"primaryImageOfPage\":{\"@id\":\"https:\/\/portaldoestado.com.br\/index.php\/2025\/11\/26\/apos-reprovar-escolha-de-jose-loreto-como-chorao-sonia-abrao-revela-resposta-enviada-pelo-ator\/#primaryimage\"},\"image\":{\"@id\":\"https:\/\/portaldoestado.com.br\/index.php\/2025\/11\/26\/apos-reprovar-escolha-de-jose-loreto-como-chorao-sonia-abrao-revela-resposta-enviada-pelo-ator\/#primaryimage\"},\"thumbnailUrl\":\"https:\/\/portaldoestado.com.br\/wp-content\/uploads\/2025\/11\/igyYnyyw-Design-sem-nome-10.jpg\",\"datePublished\":\"2025-11-26T17:13:51+00:00\",\"breadcrumb\":{\"@id\":\"https:\/\/portaldoestado.com.br\/index.php\/2025\/11\/26\/apos-reprovar-escolha-de-jose-loreto-como-chorao-sonia-abrao-revela-resposta-enviada-pelo-ator\/#breadcrumb\"},\"inLanguage\":\"pt-BR\",\"potentialAction\":[{\"@type\":\"ReadAction\",\"target\":[\"https:\/\/portaldoestado.com.br\/index.php\/2025\/11\/26\/apos-reprovar-escolha-de-jose-loreto-como-chorao-sonia-abrao-revela-resposta-enviada-pelo-ator\/\"]}]},{\"@type\":\"ImageObject\",\"inLanguage\":\"pt-BR\",\"@id\":\"https:\/\/portaldoestado.com.br\/index.php\/2025\/11\/26\/apos-reprovar-escolha-de-jose-loreto-como-chorao-sonia-abrao-revela-resposta-enviada-pelo-ator\/#primaryimage\",\"url\":\"https:\/\/portaldoestado.com.br\/wp-content\/uploads\/2025\/11\/igyYnyyw-Design-sem-nome-10.jpg\",\"contentUrl\":\"https:\/\/portaldoestado.com.br\/wp-content\/uploads\/2025\/11\/igyYnyyw-Design-sem-nome-10.jpg\",\"width\":1200,\"height\":900},{\"@type\":\"BreadcrumbList\",\"@id\":\"https:\/\/portaldoestado.com.br\/index.php\/2025\/11\/26\/apos-reprovar-escolha-de-jose-loreto-como-chorao-sonia-abrao-revela-resposta-enviada-pelo-ator\/#breadcrumb\",\"itemListElement\":[{\"@type\":\"ListItem\",\"position\":1,\"name\":\"In\u00edcio\",\"item\":\"https:\/\/portaldoestado.com.br\/\"},{\"@type\":\"ListItem\",\"position\":2,\"name\":\"Ap\u00f3s reprovar escolha de Jos\u00e9 Loreto como Chor\u00e3o, Sonia Abr\u00e3o revela resposta enviada pelo ator\"}]},{\"@type\":\"WebSite\",\"@id\":\"https:\/\/portaldoestado.com.br\/#website\",\"url\":\"https:\/\/portaldoestado.com.br\/\",\"name\":\"Portal do Estado\",\"description\":\"\",\"publisher\":{\"@id\":\"https:\/\/portaldoestado.com.br\/#organization\"},\"potentialAction\":[{\"@type\":\"SearchAction\",\"target\":{\"@type\":\"EntryPoint\",\"urlTemplate\":\"https:\/\/portaldoestado.com.br\/?s={search_term_string}\"},\"query-input\":{\"@type\":\"PropertyValueSpecification\",\"valueRequired\":true,\"valueName\":\"search_term_string\"}}],\"inLanguage\":\"pt-BR\"},{\"@type\":\"Organization\",\"@id\":\"https:\/\/portaldoestado.com.br\/#organization\",\"name\":\"Portal do Estado\",\"url\":\"https:\/\/portaldoestado.com.br\/\",\"logo\":{\"@type\":\"ImageObject\",\"inLanguage\":\"pt-BR\",\"@id\":\"https:\/\/portaldoestado.com.br\/#\/schema\/logo\/image\/\",\"url\":\"https:\/\/portaldoestado.com.br\/wp-content\/uploads\/2025\/04\/cropped-6f69b19a-6472-43bf-b1b3-e1910bbbd4e8.png\",\"contentUrl\":\"https:\/\/portaldoestado.com.br\/wp-content\/uploads\/2025\/04\/cropped-6f69b19a-6472-43bf-b1b3-e1910bbbd4e8.png\",\"width\":1024,\"height\":350,\"caption\":\"Portal do Estado\"},\"image\":{\"@id\":\"https:\/\/portaldoestado.com.br\/#\/schema\/logo\/image\/\"}},{\"@type\":\"Person\",\"@id\":\"https:\/\/portaldoestado.com.br\/#\/schema\/person\/5ca0174f3c8c84b59da62ea14b698cb9\",\"name\":\"assessoriadefamosos\",\"image\":{\"@type\":\"ImageObject\",\"inLanguage\":\"pt-BR\",\"@id\":\"https:\/\/portaldoestado.com.br\/#\/schema\/person\/image\/\",\"url\":\"https:\/\/secure.gravatar.com\/avatar\/a7acbdffcfbbae7240e59f47fe511ec5f5d8c252c779f0b8d9ab02a9e1d8c5ed?s=96&d=mm&r=g\",\"contentUrl\":\"https:\/\/secure.gravatar.com\/avatar\/a7acbdffcfbbae7240e59f47fe511ec5f5d8c252c779f0b8d9ab02a9e1d8c5ed?s=96&d=mm&r=g\",\"caption\":\"assessoriadefamosos\"},\"url\":\"https:\/\/portaldoestado.com.br\/index.php\/author\/assessoriadefamosos\/\"}]}<\/script>\n<!-- \/ Yoast SEO plugin. -->","yoast_head_json":{"title":"Ap\u00f3s reprovar escolha de Jos\u00e9 Loreto como Chor\u00e3o, Sonia Abr\u00e3o revela resposta enviada pelo ator - Portal do Estado","robots":{"index":"index","follow":"follow","max-snippet":"max-snippet:-1","max-image-preview":"max-image-preview:large","max-video-preview":"max-video-preview:-1"},"canonical":"https:\/\/portaldoestado.com.br\/index.php\/2025\/11\/26\/apos-reprovar-escolha-de-jose-loreto-como-chorao-sonia-abrao-revela-resposta-enviada-pelo-ator\/","og_locale":"pt_BR","og_type":"article","og_title":"Ap\u00f3s reprovar escolha de Jos\u00e9 Loreto como Chor\u00e3o, Sonia Abr\u00e3o revela resposta enviada pelo ator - Portal do Estado","og_description":"A cinebiografia de Chor\u00e3o ainda nem chegou ao p\u00fablico, mas j\u00e1 movimenta debates \u2014 inclusive dentro da pr\u00f3pria fam\u00edlia do cantor. Sonia Abr\u00e3o, prima do vocalista do Charlie Brown Jr., voltou a comentar a escolha de Jos\u00e9 Loreto para viver o artista nos cinemas e revelou que o ator chegou a enviar uma mensagem ap\u00f3s \u2026","og_url":"https:\/\/portaldoestado.com.br\/index.php\/2025\/11\/26\/apos-reprovar-escolha-de-jose-loreto-como-chorao-sonia-abrao-revela-resposta-enviada-pelo-ator\/","og_site_name":"Portal do Estado","article_published_time":"2025-11-26T17:13:51+00:00","og_image":[{"width":1200,"height":900,"url":"https:\/\/portaldoestado.com.br\/wp-content\/uploads\/2025\/11\/igyYnyyw-Design-sem-nome-10.jpg","type":"image\/jpeg"}],"author":"assessoriadefamosos","twitter_card":"summary_large_image","twitter_misc":{"Escrito por":"assessoriadefamosos","Est. tempo de leitura":"2 minutos"},"schema":{"@context":"https:\/\/schema.org","@graph":[{"@type":"Article","@id":"https:\/\/portaldoestado.com.br\/index.php\/2025\/11\/26\/apos-reprovar-escolha-de-jose-loreto-como-chorao-sonia-abrao-revela-resposta-enviada-pelo-ator\/#article","isPartOf":{"@id":"https:\/\/portaldoestado.com.br\/index.php\/2025\/11\/26\/apos-reprovar-escolha-de-jose-loreto-como-chorao-sonia-abrao-revela-resposta-enviada-pelo-ator\/"},"author":{"name":"assessoriadefamosos","@id":"https:\/\/portaldoestado.com.br\/#\/schema\/person\/5ca0174f3c8c84b59da62ea14b698cb9"},"headline":"Ap\u00f3s reprovar escolha de Jos\u00e9 Loreto como Chor\u00e3o, Sonia Abr\u00e3o revela resposta enviada pelo ator","datePublished":"2025-11-26T17:13:51+00:00","mainEntityOfPage":{"@id":"https:\/\/portaldoestado.com.br\/index.php\/2025\/11\/26\/apos-reprovar-escolha-de-jose-loreto-como-chorao-sonia-abrao-revela-resposta-enviada-pelo-ator\/"},"wordCount":335,"publisher":{"@id":"https:\/\/portaldoestado.com.br\/#organization"},"image":{"@id":"https:\/\/portaldoestado.com.br\/index.php\/2025\/11\/26\/apos-reprovar-escolha-de-jose-loreto-como-chorao-sonia-abrao-revela-resposta-enviada-pelo-ator\/#primaryimage"},"thumbnailUrl":"https:\/\/portaldoestado.com.br\/wp-content\/uploads\/2025\/11\/igyYnyyw-Design-sem-nome-10.jpg","articleSection":["Famosos"],"inLanguage":"pt-BR"},{"@type":"WebPage","@id":"https:\/\/portaldoestado.com.br\/index.php\/2025\/11\/26\/apos-reprovar-escolha-de-jose-loreto-como-chorao-sonia-abrao-revela-resposta-enviada-pelo-ator\/","url":"https:\/\/portaldoestado.com.br\/index.php\/2025\/11\/26\/apos-reprovar-escolha-de-jose-loreto-como-chorao-sonia-abrao-revela-resposta-enviada-pelo-ator\/","name":"Ap\u00f3s reprovar escolha de Jos\u00e9 Loreto como Chor\u00e3o, Sonia Abr\u00e3o revela resposta enviada pelo ator - Portal do Estado","isPartOf":{"@id":"https:\/\/portaldoestado.com.br\/#website"},"primaryImageOfPage":{"@id":"https:\/\/portaldoestado.com.br\/index.php\/2025\/11\/26\/apos-reprovar-escolha-de-jose-loreto-como-chorao-sonia-abrao-revela-resposta-enviada-pelo-ator\/#primaryimage"},"image":{"@id":"https:\/\/portaldoestado.com.br\/index.php\/2025\/11\/26\/apos-reprovar-escolha-de-jose-loreto-como-chorao-sonia-abrao-revela-resposta-enviada-pelo-ator\/#primaryimage"},"thumbnailUrl":"https:\/\/portaldoestado.com.br\/wp-content\/uploads\/2025\/11\/igyYnyyw-Design-sem-nome-10.jpg","datePublished":"2025-11-26T17:13:51+00:00","breadcrumb":{"@id":"https:\/\/portaldoestado.com.br\/index.php\/2025\/11\/26\/apos-reprovar-escolha-de-jose-loreto-como-chorao-sonia-abrao-revela-resposta-enviada-pelo-ator\/#breadcrumb"},"inLanguage":"pt-BR","potentialAction":[{"@type":"ReadAction","target":["https:\/\/portaldoestado.com.br\/index.php\/2025\/11\/26\/apos-reprovar-escolha-de-jose-loreto-como-chorao-sonia-abrao-revela-resposta-enviada-pelo-ator\/"]}]},{"@type":"ImageObject","inLanguage":"pt-BR","@id":"https:\/\/portaldoestado.com.br\/index.php\/2025\/11\/26\/apos-reprovar-escolha-de-jose-loreto-como-chorao-sonia-abrao-revela-resposta-enviada-pelo-ator\/#primaryimage","url":"https:\/\/portaldoestado.com.br\/wp-content\/uploads\/2025\/11\/igyYnyyw-Design-sem-nome-10.jpg","contentUrl":"https:\/\/portaldoestado.com.br\/wp-content\/uploads\/2025\/11\/igyYnyyw-Design-sem-nome-10.jpg","width":1200,"height":900},{"@type":"BreadcrumbList","@id":"https:\/\/portaldoestado.com.br\/index.php\/2025\/11\/26\/apos-reprovar-escolha-de-jose-loreto-como-chorao-sonia-abrao-revela-resposta-enviada-pelo-ator\/#breadcrumb","itemListElement":[{"@type":"ListItem","position":1,"name":"In\u00edcio","item":"https:\/\/portaldoestado.com.br\/"},{"@type":"ListItem","position":2,"name":"Ap\u00f3s reprovar escolha de Jos\u00e9 Loreto como Chor\u00e3o, Sonia Abr\u00e3o revela resposta enviada pelo ator"}]},{"@type":"WebSite","@id":"https:\/\/portaldoestado.com.br\/#website","url":"https:\/\/portaldoestado.com.br\/","name":"Portal do Estado","description":"","publisher":{"@id":"https:\/\/portaldoestado.com.br\/#organization"},"potentialAction":[{"@type":"SearchAction","target":{"@type":"EntryPoint","urlTemplate":"https:\/\/portaldoestado.com.br\/?s={search_term_string}"},"query-input":{"@type":"PropertyValueSpecification","valueRequired":true,"valueName":"search_term_string"}}],"inLanguage":"pt-BR"},{"@type":"Organization","@id":"https:\/\/portaldoestado.com.br\/#organization","name":"Portal do Estado","url":"https:\/\/portaldoestado.com.br\/","logo":{"@type":"ImageObject","inLanguage":"pt-BR","@id":"https:\/\/portaldoestado.com.br\/#\/schema\/logo\/image\/","url":"https:\/\/portaldoestado.com.br\/wp-content\/uploads\/2025\/04\/cropped-6f69b19a-6472-43bf-b1b3-e1910bbbd4e8.png","contentUrl":"https:\/\/portaldoestado.com.br\/wp-content\/uploads\/2025\/04\/cropped-6f69b19a-6472-43bf-b1b3-e1910bbbd4e8.png","width":1024,"height":350,"caption":"Portal do Estado"},"image":{"@id":"https:\/\/portaldoestado.com.br\/#\/schema\/logo\/image\/"}},{"@type":"Person","@id":"https:\/\/portaldoestado.com.br\/#\/schema\/person\/5ca0174f3c8c84b59da62ea14b698cb9","name":"assessoriadefamosos","image":{"@type":"ImageObject","inLanguage":"pt-BR","@id":"https:\/\/portaldoestado.com.br\/#\/schema\/person\/image\/","url":"https:\/\/secure.gravatar.com\/avatar\/a7acbdffcfbbae7240e59f47fe511ec5f5d8c252c779f0b8d9ab02a9e1d8c5ed?s=96&d=mm&r=g","contentUrl":"https:\/\/secure.gravatar.com\/avatar\/a7acbdffcfbbae7240e59f47fe511ec5f5d8c252c779f0b8d9ab02a9e1d8c5ed?s=96&d=mm&r=g","caption":"assessoriadefamosos"},"url":"https:\/\/portaldoestado.com.br\/index.php\/author\/assessoriadefamosos\/"}]}},"jetpack_featured_media_url":"https:\/\/portaldoestado.com.br\/wp-content\/uploads\/2025\/11\/igyYnyyw-Design-sem-nome-10.jpg","_links":{"self":[{"href":"https:\/\/portaldoestado.com.br\/index.php\/wp-json\/wp\/v2\/posts\/4657","targetHints":{"allow":["GET"]}}],"collection":[{"href":"https:\/\/portaldoestado.com.br\/index.php\/wp-json\/wp\/v2\/posts"}],"about":[{"href":"https:\/\/portaldoestado.com.br\/index.php\/wp-json\/wp\/v2\/types\/post"}],"author":[{"embeddable":true,"href":"https:\/\/portaldoestado.com.br\/index.php\/wp-json\/wp\/v2\/users\/2"}],"replies":[{"embeddable":true,"href":"https:\/\/portaldoestado.com.br\/index.php\/wp-json\/wp\/v2\/comments?post=4657"}],"version-history":[{"count":1,"href":"https:\/\/portaldoestado.com.br\/index.php\/wp-json\/wp\/v2\/posts\/4657\/revisions"}],"predecessor-version":[{"id":4658,"href":"https:\/\/portaldoestado.com.br\/index.php\/wp-json\/wp\/v2\/posts\/4657\/revisions\/4658"}],"wp:featuredmedia":[{"embeddable":true,"href":"https:\/\/portaldoestado.com.br\/index.php\/wp-json\/wp\/v2\/media\/4656"}],"wp:attachment":[{"href":"https:\/\/portaldoestado.com.br\/index.php\/wp-json\/wp\/v2\/media?parent=4657"}],"wp:term":[{"taxonomy":"category","embeddable":true,"href":"https:\/\/portaldoestado.com.br\/index.php\/wp-json\/wp\/v2\/categories?post=4657"},{"taxonomy":"post_tag","embeddable":true,"href":"https:\/\/portaldoestado.com.br\/index.php\/wp-json\/wp\/v2\/tags?post=4657"}],"curies":[{"name":"wp","href":"https:\/\/api.w.org\/{rel}","templated":true}]}}