{"id":4654,"date":"2025-11-26T17:09:36","date_gmt":"2025-11-26T17:09:36","guid":{"rendered":"https:\/\/portaldoestado.com.br\/?p=4654"},"modified":"2025-11-26T17:09:36","modified_gmt":"2025-11-26T17:09:36","slug":"entre-eventos-e-descoberta-do-segundo-filho-lore-improta-fala-sobre-mudancas-no-corpo-durante-a-gravidez","status":"publish","type":"post","link":"https:\/\/portaldoestado.com.br\/index.php\/2025\/11\/26\/entre-eventos-e-descoberta-do-segundo-filho-lore-improta-fala-sobre-mudancas-no-corpo-durante-a-gravidez\/","title":{"rendered":"Entre eventos e descoberta do segundo filho, Lore Improta fala sobre mudan\u00e7as no corpo durante a gravidez"},"content":{"rendered":"\n<p>Gr\u00e1vida do segundo filho com L\u00e9o Santana, a dan\u00e7arina Lore Improta tem sentido na pr\u00e1tica as transforma\u00e7\u00f5es da maternidade. Na noite desta ter\u00e7a-feira (25\/11), ela participou da pr\u00e9-estreia do filme <em>Zootopia 2<\/em>, em S\u00e3o Paulo, e comentou sobre os ajustes que precisou fazer no guarda-roupa por causa da gesta\u00e7\u00e3o.<\/p>\n\n\n\n<p>\u201cGente, o que os seios de gr\u00e1vida fazem n\u00e3o est\u00e1 escrito! O povo fica enlouquecido. Agora \u00e9 toda uma log\u00edstica para escolher roupa\u2026 Tem ensaio de Carnaval, Carnatal, Natal, R\u00e9veillon, f\u00e9rias. Biqu\u00edni, s\u00f3 se for G ou GG. Fim de ano \u00e9 muita coisa ao mesmo tempo\u201d, relatou, bem-humorada.<\/p>\n\n\n\n<p>Lore e L\u00e9o, que j\u00e1 s\u00e3o pais de Liz, de 4 anos, anunciaram no domingo (23\/11) que est\u00e3o esperando um menino. A revela\u00e7\u00e3o aconteceu de forma especial durante a grava\u00e7\u00e3o do DVD de 20 anos de carreira do cantor, em Salvador. O Farol da Barra foi iluminado de azul, arrancando l\u00e1grimas do casal.\n\u201cFoi muito emocionante. Sonhamos com esse momento e viv\u00ea-lo na nossa terra foi ainda mais especial\u201d, contou Lore.<\/p>\n\n\n\n<p>Depois da surpresa, o casal reuniu amigos e familiares no camarim para revelar os padrinhos do beb\u00ea: Naiara Santana, irm\u00e3 de L\u00e9o, e o amigo Marcelo Britto.\n\u201cEles agora fazem parte oficialmente da nossa fam\u00edlia nesse novo cap\u00edtulo. Amamos voc\u00eas\u201d, declarou a dan\u00e7arina.<\/p>\n\n\n\n<p>Apesar das especula\u00e7\u00f5es, o nome do beb\u00ea ainda n\u00e3o foi definido. Lore fez quest\u00e3o de esclarecer que as not\u00edcias que circulam sobre a escolha s\u00e3o falsas.\n\u201cGente, s\u00f3 pra deixar claro: eu e L\u00e9o ainda n\u00e3o decidimos o nome do nosso filho. Est\u00e1 saindo em v\u00e1rios sites, mas n\u00e3o est\u00e1 escolhido ainda\u201d, afirmou.<\/p>\n","protected":false},"excerpt":{"rendered":"<p>Gr\u00e1vida do segundo filho com L\u00e9o Santana, a dan\u00e7arina Lore Improta tem sentido na pr\u00e1tica as transforma\u00e7\u00f5es da maternidade. Na noite desta ter\u00e7a-feira (25\/11), ela participou da pr\u00e9-estreia do filme Zootopia 2, em S\u00e3o Paulo, e comentou sobre os ajustes que precisou fazer no guarda-roupa por causa da gesta\u00e7\u00e3o. \u201cGente, o que os seios de \u2026<\/p>\n","protected":false},"author":2,"featured_media":4653,"comment_status":"closed","ping_status":"open","sticky":false,"template":"","format":"standard","meta":{"footnotes":""},"categories":[3],"tags":[],"class_list":["post-4654","post","type-post","status-publish","format-standard","has-post-thumbnail","hentry","category-famosos"],"yoast_head":"<!-- This site is optimized with the Yoast SEO plugin v25.5 - https:\/\/yoast.com\/wordpress\/plugins\/seo\/ -->\n<title>Entre eventos e descoberta do segundo filho, Lore Improta fala sobre mudan\u00e7as no corpo durante a gravidez - Portal do Estado<\/title>\n<meta name=\"robots\" content=\"index, follow, max-snippet:-1, max-image-preview:large, max-video-preview:-1\" \/>\n<link rel=\"canonical\" href=\"https:\/\/portaldoestado.com.br\/index.php\/2025\/11\/26\/entre-eventos-e-descoberta-do-segundo-filho-lore-improta-fala-sobre-mudancas-no-corpo-durante-a-gravidez\/\" \/>\n<meta property=\"og:locale\" content=\"pt_BR\" \/>\n<meta property=\"og:type\" content=\"article\" \/>\n<meta property=\"og:title\" content=\"Entre eventos e descoberta do segundo filho, Lore Improta fala sobre mudan\u00e7as no corpo durante a gravidez - Portal do Estado\" \/>\n<meta property=\"og:description\" content=\"Gr\u00e1vida do segundo filho com L\u00e9o Santana, a dan\u00e7arina Lore Improta tem sentido na pr\u00e1tica as transforma\u00e7\u00f5es da maternidade. Na noite desta ter\u00e7a-feira (25\/11), ela participou da pr\u00e9-estreia do filme Zootopia 2, em S\u00e3o Paulo, e comentou sobre os ajustes que precisou fazer no guarda-roupa por causa da gesta\u00e7\u00e3o. \u201cGente, o que os seios de \u2026\" \/>\n<meta property=\"og:url\" content=\"https:\/\/portaldoestado.com.br\/index.php\/2025\/11\/26\/entre-eventos-e-descoberta-do-segundo-filho-lore-improta-fala-sobre-mudancas-no-corpo-durante-a-gravidez\/\" \/>\n<meta property=\"og:site_name\" content=\"Portal do Estado\" \/>\n<meta property=\"article:published_time\" content=\"2025-11-26T17:09:36+00:00\" \/>\n<meta property=\"og:image\" content=\"https:\/\/portaldoestado.com.br\/wp-content\/uploads\/2025\/11\/RShuhMgr-Design-sem-nome-7.jpg\" \/>\n\t<meta property=\"og:image:width\" content=\"1200\" \/>\n\t<meta property=\"og:image:height\" content=\"900\" \/>\n\t<meta property=\"og:image:type\" content=\"image\/jpeg\" \/>\n<meta name=\"author\" content=\"assessoriadefamosos\" \/>\n<meta name=\"twitter:card\" content=\"summary_large_image\" \/>\n<meta name=\"twitter:label1\" content=\"Escrito por\" \/>\n\t<meta name=\"twitter:data1\" content=\"assessoriadefamosos\" \/>\n\t<meta name=\"twitter:label2\" content=\"Est. tempo de leitura\" \/>\n\t<meta name=\"twitter:data2\" content=\"1 minuto\" \/>\n<script type=\"application\/ld+json\" class=\"yoast-schema-graph\">{\"@context\":\"https:\/\/schema.org\",\"@graph\":[{\"@type\":\"Article\",\"@id\":\"https:\/\/portaldoestado.com.br\/index.php\/2025\/11\/26\/entre-eventos-e-descoberta-do-segundo-filho-lore-improta-fala-sobre-mudancas-no-corpo-durante-a-gravidez\/#article\",\"isPartOf\":{\"@id\":\"https:\/\/portaldoestado.com.br\/index.php\/2025\/11\/26\/entre-eventos-e-descoberta-do-segundo-filho-lore-improta-fala-sobre-mudancas-no-corpo-durante-a-gravidez\/\"},\"author\":{\"name\":\"assessoriadefamosos\",\"@id\":\"https:\/\/portaldoestado.com.br\/#\/schema\/person\/5ca0174f3c8c84b59da62ea14b698cb9\"},\"headline\":\"Entre eventos e descoberta do segundo filho, Lore Improta fala sobre mudan\u00e7as no corpo durante a gravidez\",\"datePublished\":\"2025-11-26T17:09:36+00:00\",\"mainEntityOfPage\":{\"@id\":\"https:\/\/portaldoestado.com.br\/index.php\/2025\/11\/26\/entre-eventos-e-descoberta-do-segundo-filho-lore-improta-fala-sobre-mudancas-no-corpo-durante-a-gravidez\/\"},\"wordCount\":312,\"publisher\":{\"@id\":\"https:\/\/portaldoestado.com.br\/#organization\"},\"image\":{\"@id\":\"https:\/\/portaldoestado.com.br\/index.php\/2025\/11\/26\/entre-eventos-e-descoberta-do-segundo-filho-lore-improta-fala-sobre-mudancas-no-corpo-durante-a-gravidez\/#primaryimage\"},\"thumbnailUrl\":\"https:\/\/portaldoestado.com.br\/wp-content\/uploads\/2025\/11\/RShuhMgr-Design-sem-nome-7.jpg\",\"articleSection\":[\"Famosos\"],\"inLanguage\":\"pt-BR\"},{\"@type\":\"WebPage\",\"@id\":\"https:\/\/portaldoestado.com.br\/index.php\/2025\/11\/26\/entre-eventos-e-descoberta-do-segundo-filho-lore-improta-fala-sobre-mudancas-no-corpo-durante-a-gravidez\/\",\"url\":\"https:\/\/portaldoestado.com.br\/index.php\/2025\/11\/26\/entre-eventos-e-descoberta-do-segundo-filho-lore-improta-fala-sobre-mudancas-no-corpo-durante-a-gravidez\/\",\"name\":\"Entre eventos e descoberta do segundo filho, Lore Improta fala sobre mudan\u00e7as no corpo durante a gravidez - Portal do Estado\",\"isPartOf\":{\"@id\":\"https:\/\/portaldoestado.com.br\/#website\"},\"primaryImageOfPage\":{\"@id\":\"https:\/\/portaldoestado.com.br\/index.php\/2025\/11\/26\/entre-eventos-e-descoberta-do-segundo-filho-lore-improta-fala-sobre-mudancas-no-corpo-durante-a-gravidez\/#primaryimage\"},\"image\":{\"@id\":\"https:\/\/portaldoestado.com.br\/index.php\/2025\/11\/26\/entre-eventos-e-descoberta-do-segundo-filho-lore-improta-fala-sobre-mudancas-no-corpo-durante-a-gravidez\/#primaryimage\"},\"thumbnailUrl\":\"https:\/\/portaldoestado.com.br\/wp-content\/uploads\/2025\/11\/RShuhMgr-Design-sem-nome-7.jpg\",\"datePublished\":\"2025-11-26T17:09:36+00:00\",\"breadcrumb\":{\"@id\":\"https:\/\/portaldoestado.com.br\/index.php\/2025\/11\/26\/entre-eventos-e-descoberta-do-segundo-filho-lore-improta-fala-sobre-mudancas-no-corpo-durante-a-gravidez\/#breadcrumb\"},\"inLanguage\":\"pt-BR\",\"potentialAction\":[{\"@type\":\"ReadAction\",\"target\":[\"https:\/\/portaldoestado.com.br\/index.php\/2025\/11\/26\/entre-eventos-e-descoberta-do-segundo-filho-lore-improta-fala-sobre-mudancas-no-corpo-durante-a-gravidez\/\"]}]},{\"@type\":\"ImageObject\",\"inLanguage\":\"pt-BR\",\"@id\":\"https:\/\/portaldoestado.com.br\/index.php\/2025\/11\/26\/entre-eventos-e-descoberta-do-segundo-filho-lore-improta-fala-sobre-mudancas-no-corpo-durante-a-gravidez\/#primaryimage\",\"url\":\"https:\/\/portaldoestado.com.br\/wp-content\/uploads\/2025\/11\/RShuhMgr-Design-sem-nome-7.jpg\",\"contentUrl\":\"https:\/\/portaldoestado.com.br\/wp-content\/uploads\/2025\/11\/RShuhMgr-Design-sem-nome-7.jpg\",\"width\":1200,\"height\":900},{\"@type\":\"BreadcrumbList\",\"@id\":\"https:\/\/portaldoestado.com.br\/index.php\/2025\/11\/26\/entre-eventos-e-descoberta-do-segundo-filho-lore-improta-fala-sobre-mudancas-no-corpo-durante-a-gravidez\/#breadcrumb\",\"itemListElement\":[{\"@type\":\"ListItem\",\"position\":1,\"name\":\"In\u00edcio\",\"item\":\"https:\/\/portaldoestado.com.br\/\"},{\"@type\":\"ListItem\",\"position\":2,\"name\":\"Entre eventos e descoberta do segundo filho, Lore Improta fala sobre mudan\u00e7as no corpo durante a gravidez\"}]},{\"@type\":\"WebSite\",\"@id\":\"https:\/\/portaldoestado.com.br\/#website\",\"url\":\"https:\/\/portaldoestado.com.br\/\",\"name\":\"Portal do Estado\",\"description\":\"\",\"publisher\":{\"@id\":\"https:\/\/portaldoestado.com.br\/#organization\"},\"potentialAction\":[{\"@type\":\"SearchAction\",\"target\":{\"@type\":\"EntryPoint\",\"urlTemplate\":\"https:\/\/portaldoestado.com.br\/?s={search_term_string}\"},\"query-input\":{\"@type\":\"PropertyValueSpecification\",\"valueRequired\":true,\"valueName\":\"search_term_string\"}}],\"inLanguage\":\"pt-BR\"},{\"@type\":\"Organization\",\"@id\":\"https:\/\/portaldoestado.com.br\/#organization\",\"name\":\"Portal do Estado\",\"url\":\"https:\/\/portaldoestado.com.br\/\",\"logo\":{\"@type\":\"ImageObject\",\"inLanguage\":\"pt-BR\",\"@id\":\"https:\/\/portaldoestado.com.br\/#\/schema\/logo\/image\/\",\"url\":\"https:\/\/portaldoestado.com.br\/wp-content\/uploads\/2025\/04\/cropped-6f69b19a-6472-43bf-b1b3-e1910bbbd4e8.png\",\"contentUrl\":\"https:\/\/portaldoestado.com.br\/wp-content\/uploads\/2025\/04\/cropped-6f69b19a-6472-43bf-b1b3-e1910bbbd4e8.png\",\"width\":1024,\"height\":350,\"caption\":\"Portal do Estado\"},\"image\":{\"@id\":\"https:\/\/portaldoestado.com.br\/#\/schema\/logo\/image\/\"}},{\"@type\":\"Person\",\"@id\":\"https:\/\/portaldoestado.com.br\/#\/schema\/person\/5ca0174f3c8c84b59da62ea14b698cb9\",\"name\":\"assessoriadefamosos\",\"image\":{\"@type\":\"ImageObject\",\"inLanguage\":\"pt-BR\",\"@id\":\"https:\/\/portaldoestado.com.br\/#\/schema\/person\/image\/\",\"url\":\"https:\/\/secure.gravatar.com\/avatar\/a7acbdffcfbbae7240e59f47fe511ec5f5d8c252c779f0b8d9ab02a9e1d8c5ed?s=96&d=mm&r=g\",\"contentUrl\":\"https:\/\/secure.gravatar.com\/avatar\/a7acbdffcfbbae7240e59f47fe511ec5f5d8c252c779f0b8d9ab02a9e1d8c5ed?s=96&d=mm&r=g\",\"caption\":\"assessoriadefamosos\"},\"url\":\"https:\/\/portaldoestado.com.br\/index.php\/author\/assessoriadefamosos\/\"}]}<\/script>\n<!-- \/ Yoast SEO plugin. -->","yoast_head_json":{"title":"Entre eventos e descoberta do segundo filho, Lore Improta fala sobre mudan\u00e7as no corpo durante a gravidez - Portal do Estado","robots":{"index":"index","follow":"follow","max-snippet":"max-snippet:-1","max-image-preview":"max-image-preview:large","max-video-preview":"max-video-preview:-1"},"canonical":"https:\/\/portaldoestado.com.br\/index.php\/2025\/11\/26\/entre-eventos-e-descoberta-do-segundo-filho-lore-improta-fala-sobre-mudancas-no-corpo-durante-a-gravidez\/","og_locale":"pt_BR","og_type":"article","og_title":"Entre eventos e descoberta do segundo filho, Lore Improta fala sobre mudan\u00e7as no corpo durante a gravidez - Portal do Estado","og_description":"Gr\u00e1vida do segundo filho com L\u00e9o Santana, a dan\u00e7arina Lore Improta tem sentido na pr\u00e1tica as transforma\u00e7\u00f5es da maternidade. Na noite desta ter\u00e7a-feira (25\/11), ela participou da pr\u00e9-estreia do filme Zootopia 2, em S\u00e3o Paulo, e comentou sobre os ajustes que precisou fazer no guarda-roupa por causa da gesta\u00e7\u00e3o. \u201cGente, o que os seios de \u2026","og_url":"https:\/\/portaldoestado.com.br\/index.php\/2025\/11\/26\/entre-eventos-e-descoberta-do-segundo-filho-lore-improta-fala-sobre-mudancas-no-corpo-durante-a-gravidez\/","og_site_name":"Portal do Estado","article_published_time":"2025-11-26T17:09:36+00:00","og_image":[{"width":1200,"height":900,"url":"https:\/\/portaldoestado.com.br\/wp-content\/uploads\/2025\/11\/RShuhMgr-Design-sem-nome-7.jpg","type":"image\/jpeg"}],"author":"assessoriadefamosos","twitter_card":"summary_large_image","twitter_misc":{"Escrito por":"assessoriadefamosos","Est. tempo de leitura":"1 minuto"},"schema":{"@context":"https:\/\/schema.org","@graph":[{"@type":"Article","@id":"https:\/\/portaldoestado.com.br\/index.php\/2025\/11\/26\/entre-eventos-e-descoberta-do-segundo-filho-lore-improta-fala-sobre-mudancas-no-corpo-durante-a-gravidez\/#article","isPartOf":{"@id":"https:\/\/portaldoestado.com.br\/index.php\/2025\/11\/26\/entre-eventos-e-descoberta-do-segundo-filho-lore-improta-fala-sobre-mudancas-no-corpo-durante-a-gravidez\/"},"author":{"name":"assessoriadefamosos","@id":"https:\/\/portaldoestado.com.br\/#\/schema\/person\/5ca0174f3c8c84b59da62ea14b698cb9"},"headline":"Entre eventos e descoberta do segundo filho, Lore Improta fala sobre mudan\u00e7as no corpo durante a gravidez","datePublished":"2025-11-26T17:09:36+00:00","mainEntityOfPage":{"@id":"https:\/\/portaldoestado.com.br\/index.php\/2025\/11\/26\/entre-eventos-e-descoberta-do-segundo-filho-lore-improta-fala-sobre-mudancas-no-corpo-durante-a-gravidez\/"},"wordCount":312,"publisher":{"@id":"https:\/\/portaldoestado.com.br\/#organization"},"image":{"@id":"https:\/\/portaldoestado.com.br\/index.php\/2025\/11\/26\/entre-eventos-e-descoberta-do-segundo-filho-lore-improta-fala-sobre-mudancas-no-corpo-durante-a-gravidez\/#primaryimage"},"thumbnailUrl":"https:\/\/portaldoestado.com.br\/wp-content\/uploads\/2025\/11\/RShuhMgr-Design-sem-nome-7.jpg","articleSection":["Famosos"],"inLanguage":"pt-BR"},{"@type":"WebPage","@id":"https:\/\/portaldoestado.com.br\/index.php\/2025\/11\/26\/entre-eventos-e-descoberta-do-segundo-filho-lore-improta-fala-sobre-mudancas-no-corpo-durante-a-gravidez\/","url":"https:\/\/portaldoestado.com.br\/index.php\/2025\/11\/26\/entre-eventos-e-descoberta-do-segundo-filho-lore-improta-fala-sobre-mudancas-no-corpo-durante-a-gravidez\/","name":"Entre eventos e descoberta do segundo filho, Lore Improta fala sobre mudan\u00e7as no corpo durante a gravidez - Portal do Estado","isPartOf":{"@id":"https:\/\/portaldoestado.com.br\/#website"},"primaryImageOfPage":{"@id":"https:\/\/portaldoestado.com.br\/index.php\/2025\/11\/26\/entre-eventos-e-descoberta-do-segundo-filho-lore-improta-fala-sobre-mudancas-no-corpo-durante-a-gravidez\/#primaryimage"},"image":{"@id":"https:\/\/portaldoestado.com.br\/index.php\/2025\/11\/26\/entre-eventos-e-descoberta-do-segundo-filho-lore-improta-fala-sobre-mudancas-no-corpo-durante-a-gravidez\/#primaryimage"},"thumbnailUrl":"https:\/\/portaldoestado.com.br\/wp-content\/uploads\/2025\/11\/RShuhMgr-Design-sem-nome-7.jpg","datePublished":"2025-11-26T17:09:36+00:00","breadcrumb":{"@id":"https:\/\/portaldoestado.com.br\/index.php\/2025\/11\/26\/entre-eventos-e-descoberta-do-segundo-filho-lore-improta-fala-sobre-mudancas-no-corpo-durante-a-gravidez\/#breadcrumb"},"inLanguage":"pt-BR","potentialAction":[{"@type":"ReadAction","target":["https:\/\/portaldoestado.com.br\/index.php\/2025\/11\/26\/entre-eventos-e-descoberta-do-segundo-filho-lore-improta-fala-sobre-mudancas-no-corpo-durante-a-gravidez\/"]}]},{"@type":"ImageObject","inLanguage":"pt-BR","@id":"https:\/\/portaldoestado.com.br\/index.php\/2025\/11\/26\/entre-eventos-e-descoberta-do-segundo-filho-lore-improta-fala-sobre-mudancas-no-corpo-durante-a-gravidez\/#primaryimage","url":"https:\/\/portaldoestado.com.br\/wp-content\/uploads\/2025\/11\/RShuhMgr-Design-sem-nome-7.jpg","contentUrl":"https:\/\/portaldoestado.com.br\/wp-content\/uploads\/2025\/11\/RShuhMgr-Design-sem-nome-7.jpg","width":1200,"height":900},{"@type":"BreadcrumbList","@id":"https:\/\/portaldoestado.com.br\/index.php\/2025\/11\/26\/entre-eventos-e-descoberta-do-segundo-filho-lore-improta-fala-sobre-mudancas-no-corpo-durante-a-gravidez\/#breadcrumb","itemListElement":[{"@type":"ListItem","position":1,"name":"In\u00edcio","item":"https:\/\/portaldoestado.com.br\/"},{"@type":"ListItem","position":2,"name":"Entre eventos e descoberta do segundo filho, Lore Improta fala sobre mudan\u00e7as no corpo durante a gravidez"}]},{"@type":"WebSite","@id":"https:\/\/portaldoestado.com.br\/#website","url":"https:\/\/portaldoestado.com.br\/","name":"Portal do Estado","description":"","publisher":{"@id":"https:\/\/portaldoestado.com.br\/#organization"},"potentialAction":[{"@type":"SearchAction","target":{"@type":"EntryPoint","urlTemplate":"https:\/\/portaldoestado.com.br\/?s={search_term_string}"},"query-input":{"@type":"PropertyValueSpecification","valueRequired":true,"valueName":"search_term_string"}}],"inLanguage":"pt-BR"},{"@type":"Organization","@id":"https:\/\/portaldoestado.com.br\/#organization","name":"Portal do Estado","url":"https:\/\/portaldoestado.com.br\/","logo":{"@type":"ImageObject","inLanguage":"pt-BR","@id":"https:\/\/portaldoestado.com.br\/#\/schema\/logo\/image\/","url":"https:\/\/portaldoestado.com.br\/wp-content\/uploads\/2025\/04\/cropped-6f69b19a-6472-43bf-b1b3-e1910bbbd4e8.png","contentUrl":"https:\/\/portaldoestado.com.br\/wp-content\/uploads\/2025\/04\/cropped-6f69b19a-6472-43bf-b1b3-e1910bbbd4e8.png","width":1024,"height":350,"caption":"Portal do Estado"},"image":{"@id":"https:\/\/portaldoestado.com.br\/#\/schema\/logo\/image\/"}},{"@type":"Person","@id":"https:\/\/portaldoestado.com.br\/#\/schema\/person\/5ca0174f3c8c84b59da62ea14b698cb9","name":"assessoriadefamosos","image":{"@type":"ImageObject","inLanguage":"pt-BR","@id":"https:\/\/portaldoestado.com.br\/#\/schema\/person\/image\/","url":"https:\/\/secure.gravatar.com\/avatar\/a7acbdffcfbbae7240e59f47fe511ec5f5d8c252c779f0b8d9ab02a9e1d8c5ed?s=96&d=mm&r=g","contentUrl":"https:\/\/secure.gravatar.com\/avatar\/a7acbdffcfbbae7240e59f47fe511ec5f5d8c252c779f0b8d9ab02a9e1d8c5ed?s=96&d=mm&r=g","caption":"assessoriadefamosos"},"url":"https:\/\/portaldoestado.com.br\/index.php\/author\/assessoriadefamosos\/"}]}},"jetpack_featured_media_url":"https:\/\/portaldoestado.com.br\/wp-content\/uploads\/2025\/11\/RShuhMgr-Design-sem-nome-7.jpg","_links":{"self":[{"href":"https:\/\/portaldoestado.com.br\/index.php\/wp-json\/wp\/v2\/posts\/4654","targetHints":{"allow":["GET"]}}],"collection":[{"href":"https:\/\/portaldoestado.com.br\/index.php\/wp-json\/wp\/v2\/posts"}],"about":[{"href":"https:\/\/portaldoestado.com.br\/index.php\/wp-json\/wp\/v2\/types\/post"}],"author":[{"embeddable":true,"href":"https:\/\/portaldoestado.com.br\/index.php\/wp-json\/wp\/v2\/users\/2"}],"replies":[{"embeddable":true,"href":"https:\/\/portaldoestado.com.br\/index.php\/wp-json\/wp\/v2\/comments?post=4654"}],"version-history":[{"count":1,"href":"https:\/\/portaldoestado.com.br\/index.php\/wp-json\/wp\/v2\/posts\/4654\/revisions"}],"predecessor-version":[{"id":4655,"href":"https:\/\/portaldoestado.com.br\/index.php\/wp-json\/wp\/v2\/posts\/4654\/revisions\/4655"}],"wp:featuredmedia":[{"embeddable":true,"href":"https:\/\/portaldoestado.com.br\/index.php\/wp-json\/wp\/v2\/media\/4653"}],"wp:attachment":[{"href":"https:\/\/portaldoestado.com.br\/index.php\/wp-json\/wp\/v2\/media?parent=4654"}],"wp:term":[{"taxonomy":"category","embeddable":true,"href":"https:\/\/portaldoestado.com.br\/index.php\/wp-json\/wp\/v2\/categories?post=4654"},{"taxonomy":"post_tag","embeddable":true,"href":"https:\/\/portaldoestado.com.br\/index.php\/wp-json\/wp\/v2\/tags?post=4654"}],"curies":[{"name":"wp","href":"https:\/\/api.w.org\/{rel}","templated":true}]}}