{"id":4651,"date":"2025-11-26T17:05:47","date_gmt":"2025-11-26T17:05:47","guid":{"rendered":"https:\/\/portaldoestado.com.br\/?p=4651"},"modified":"2025-11-26T17:05:47","modified_gmt":"2025-11-26T17:05:47","slug":"rafa-kalimann-e-nattan-mostram-detalhes-do-cha-de-bebe-de-zuza-e-celebram-reta-final-da-gestacao","status":"publish","type":"post","link":"https:\/\/portaldoestado.com.br\/index.php\/2025\/11\/26\/rafa-kalimann-e-nattan-mostram-detalhes-do-cha-de-bebe-de-zuza-e-celebram-reta-final-da-gestacao\/","title":{"rendered":"Rafa Kalimann e Nattan mostram detalhes do ch\u00e1 de beb\u00ea de Zuza e celebram reta final da gesta\u00e7\u00e3o"},"content":{"rendered":"\n<p>Rafa Kalimann e Nattan abriram mais um cap\u00edtulo especial da espera pela primeira filha, Zuza. Na ter\u00e7a-feira (25\/11), o casal realizou em S\u00e3o Paulo um ch\u00e1 de beb\u00ea intimista, marcado por uma est\u00e9tica rom\u00e2ntica e muitos toques pessoais.<\/p>\n\n\n\n<p>O ambiente foi decorado com arranjos florais em tons suaves, que combinaram com o bolo de tr\u00eas andares escolhido para a festa \u2014 uma pe\u00e7a rosa, adornada com la\u00e7os, detalhes dourados e as iniciais da beb\u00ea, que roubou a cena entre os convidados.<\/p>\n\n\n\n<p>Rafa, de 32 anos, falou sobre a emo\u00e7\u00e3o de se aproximar do momento do parto:\n\u201cN\u00e3o quer\u00edamos deixar esse dia passar em branco. Mesmo com familiares ausentes, fizemos quest\u00e3o de reunir quem est\u00e1 perto. A Zuza est\u00e1 quase chegando, e quer\u00edamos celebrar essa fase t\u00e3o especial\u201d, contou a influenciadora.<\/p>\n\n\n\n<p>Nattan, por sua vez, divertiu os presentes ao comentar que nunca teve festas t\u00e3o elaboradas:\n\u201c\u00c9 tudo novidade pra mim. Tive poucos anivers\u00e1rios na vida e nenhum com um bolo bonito assim. Estou muito feliz. J\u00e1 sinto que estou vivendo a paternidade, mas sei que nada vai se comparar ao dia em que eu pegar essa menina no colo\u201d, disse o cantor, que recebeu amigos vindos de Fortaleza.<\/p>\n\n\n\n<p>Dias antes, no \u00faltimo domingo (23\/11), o casal participou de um curso para pais de primeira viagem exibido no \u201cDoming\u00e3o com Huck\u201d. A forma\u00e7\u00e3o incluiu pr\u00e1ticas de cuidados b\u00e1sicos, como banho, massagem, troca de fraldas e t\u00e9cnicas para acalmar c\u00f3licas \u2014 tudo gravado na pr\u00f3pria casa dos futuros pais.<\/p>\n\n\n\n<p>Com previs\u00e3o de nascimento entre o fim de 2025 e o in\u00edcio de 2026, a chegada de Zuza vem sendo compartilhada nas redes sociais, onde Rafa e Nattan mostram cada etapa da prepara\u00e7\u00e3o. Eles j\u00e1 afirmaram que pretendem assumir sozinhos os cuidados iniciais da filha, sem o aux\u00edlio de bab\u00e1s.<\/p>\n","protected":false},"excerpt":{"rendered":"<p>Rafa Kalimann e Nattan abriram mais um cap\u00edtulo especial da espera pela primeira filha, Zuza. Na ter\u00e7a-feira (25\/11), o casal realizou em S\u00e3o Paulo um ch\u00e1 de beb\u00ea intimista, marcado por uma est\u00e9tica rom\u00e2ntica e muitos toques pessoais. O ambiente foi decorado com arranjos florais em tons suaves, que combinaram com o bolo de tr\u00eas \u2026<\/p>\n","protected":false},"author":2,"featured_media":4650,"comment_status":"closed","ping_status":"open","sticky":false,"template":"","format":"standard","meta":{"footnotes":""},"categories":[3],"tags":[],"class_list":["post-4651","post","type-post","status-publish","format-standard","has-post-thumbnail","hentry","category-famosos"],"yoast_head":"<!-- This site is optimized with the Yoast SEO plugin v25.5 - https:\/\/yoast.com\/wordpress\/plugins\/seo\/ -->\n<title>Rafa Kalimann e Nattan mostram detalhes do ch\u00e1 de beb\u00ea de Zuza e celebram reta final da gesta\u00e7\u00e3o - Portal do Estado<\/title>\n<meta name=\"robots\" content=\"index, follow, max-snippet:-1, max-image-preview:large, max-video-preview:-1\" \/>\n<link rel=\"canonical\" href=\"https:\/\/portaldoestado.com.br\/index.php\/2025\/11\/26\/rafa-kalimann-e-nattan-mostram-detalhes-do-cha-de-bebe-de-zuza-e-celebram-reta-final-da-gestacao\/\" \/>\n<meta property=\"og:locale\" content=\"pt_BR\" \/>\n<meta property=\"og:type\" content=\"article\" \/>\n<meta property=\"og:title\" content=\"Rafa Kalimann e Nattan mostram detalhes do ch\u00e1 de beb\u00ea de Zuza e celebram reta final da gesta\u00e7\u00e3o - Portal do Estado\" \/>\n<meta property=\"og:description\" content=\"Rafa Kalimann e Nattan abriram mais um cap\u00edtulo especial da espera pela primeira filha, Zuza. Na ter\u00e7a-feira (25\/11), o casal realizou em S\u00e3o Paulo um ch\u00e1 de beb\u00ea intimista, marcado por uma est\u00e9tica rom\u00e2ntica e muitos toques pessoais. O ambiente foi decorado com arranjos florais em tons suaves, que combinaram com o bolo de tr\u00eas \u2026\" \/>\n<meta property=\"og:url\" content=\"https:\/\/portaldoestado.com.br\/index.php\/2025\/11\/26\/rafa-kalimann-e-nattan-mostram-detalhes-do-cha-de-bebe-de-zuza-e-celebram-reta-final-da-gestacao\/\" \/>\n<meta property=\"og:site_name\" content=\"Portal do Estado\" \/>\n<meta property=\"article:published_time\" content=\"2025-11-26T17:05:47+00:00\" \/>\n<meta property=\"og:image\" content=\"https:\/\/portaldoestado.com.br\/wp-content\/uploads\/2025\/11\/nNOjb7zW-Design-sem-nome-8.jpg\" \/>\n\t<meta property=\"og:image:width\" content=\"1200\" \/>\n\t<meta property=\"og:image:height\" content=\"900\" \/>\n\t<meta property=\"og:image:type\" content=\"image\/jpeg\" \/>\n<meta name=\"author\" content=\"assessoriadefamosos\" \/>\n<meta name=\"twitter:card\" content=\"summary_large_image\" \/>\n<meta name=\"twitter:label1\" content=\"Escrito por\" \/>\n\t<meta name=\"twitter:data1\" content=\"assessoriadefamosos\" \/>\n\t<meta name=\"twitter:label2\" content=\"Est. tempo de leitura\" \/>\n\t<meta name=\"twitter:data2\" content=\"2 minutos\" \/>\n<script type=\"application\/ld+json\" class=\"yoast-schema-graph\">{\"@context\":\"https:\/\/schema.org\",\"@graph\":[{\"@type\":\"Article\",\"@id\":\"https:\/\/portaldoestado.com.br\/index.php\/2025\/11\/26\/rafa-kalimann-e-nattan-mostram-detalhes-do-cha-de-bebe-de-zuza-e-celebram-reta-final-da-gestacao\/#article\",\"isPartOf\":{\"@id\":\"https:\/\/portaldoestado.com.br\/index.php\/2025\/11\/26\/rafa-kalimann-e-nattan-mostram-detalhes-do-cha-de-bebe-de-zuza-e-celebram-reta-final-da-gestacao\/\"},\"author\":{\"name\":\"assessoriadefamosos\",\"@id\":\"https:\/\/portaldoestado.com.br\/#\/schema\/person\/5ca0174f3c8c84b59da62ea14b698cb9\"},\"headline\":\"Rafa Kalimann e Nattan mostram detalhes do ch\u00e1 de beb\u00ea de Zuza e celebram reta final da gesta\u00e7\u00e3o\",\"datePublished\":\"2025-11-26T17:05:47+00:00\",\"mainEntityOfPage\":{\"@id\":\"https:\/\/portaldoestado.com.br\/index.php\/2025\/11\/26\/rafa-kalimann-e-nattan-mostram-detalhes-do-cha-de-bebe-de-zuza-e-celebram-reta-final-da-gestacao\/\"},\"wordCount\":336,\"publisher\":{\"@id\":\"https:\/\/portaldoestado.com.br\/#organization\"},\"image\":{\"@id\":\"https:\/\/portaldoestado.com.br\/index.php\/2025\/11\/26\/rafa-kalimann-e-nattan-mostram-detalhes-do-cha-de-bebe-de-zuza-e-celebram-reta-final-da-gestacao\/#primaryimage\"},\"thumbnailUrl\":\"https:\/\/portaldoestado.com.br\/wp-content\/uploads\/2025\/11\/nNOjb7zW-Design-sem-nome-8.jpg\",\"articleSection\":[\"Famosos\"],\"inLanguage\":\"pt-BR\"},{\"@type\":\"WebPage\",\"@id\":\"https:\/\/portaldoestado.com.br\/index.php\/2025\/11\/26\/rafa-kalimann-e-nattan-mostram-detalhes-do-cha-de-bebe-de-zuza-e-celebram-reta-final-da-gestacao\/\",\"url\":\"https:\/\/portaldoestado.com.br\/index.php\/2025\/11\/26\/rafa-kalimann-e-nattan-mostram-detalhes-do-cha-de-bebe-de-zuza-e-celebram-reta-final-da-gestacao\/\",\"name\":\"Rafa Kalimann e Nattan mostram detalhes do ch\u00e1 de beb\u00ea de Zuza e celebram reta final da gesta\u00e7\u00e3o - Portal do Estado\",\"isPartOf\":{\"@id\":\"https:\/\/portaldoestado.com.br\/#website\"},\"primaryImageOfPage\":{\"@id\":\"https:\/\/portaldoestado.com.br\/index.php\/2025\/11\/26\/rafa-kalimann-e-nattan-mostram-detalhes-do-cha-de-bebe-de-zuza-e-celebram-reta-final-da-gestacao\/#primaryimage\"},\"image\":{\"@id\":\"https:\/\/portaldoestado.com.br\/index.php\/2025\/11\/26\/rafa-kalimann-e-nattan-mostram-detalhes-do-cha-de-bebe-de-zuza-e-celebram-reta-final-da-gestacao\/#primaryimage\"},\"thumbnailUrl\":\"https:\/\/portaldoestado.com.br\/wp-content\/uploads\/2025\/11\/nNOjb7zW-Design-sem-nome-8.jpg\",\"datePublished\":\"2025-11-26T17:05:47+00:00\",\"breadcrumb\":{\"@id\":\"https:\/\/portaldoestado.com.br\/index.php\/2025\/11\/26\/rafa-kalimann-e-nattan-mostram-detalhes-do-cha-de-bebe-de-zuza-e-celebram-reta-final-da-gestacao\/#breadcrumb\"},\"inLanguage\":\"pt-BR\",\"potentialAction\":[{\"@type\":\"ReadAction\",\"target\":[\"https:\/\/portaldoestado.com.br\/index.php\/2025\/11\/26\/rafa-kalimann-e-nattan-mostram-detalhes-do-cha-de-bebe-de-zuza-e-celebram-reta-final-da-gestacao\/\"]}]},{\"@type\":\"ImageObject\",\"inLanguage\":\"pt-BR\",\"@id\":\"https:\/\/portaldoestado.com.br\/index.php\/2025\/11\/26\/rafa-kalimann-e-nattan-mostram-detalhes-do-cha-de-bebe-de-zuza-e-celebram-reta-final-da-gestacao\/#primaryimage\",\"url\":\"https:\/\/portaldoestado.com.br\/wp-content\/uploads\/2025\/11\/nNOjb7zW-Design-sem-nome-8.jpg\",\"contentUrl\":\"https:\/\/portaldoestado.com.br\/wp-content\/uploads\/2025\/11\/nNOjb7zW-Design-sem-nome-8.jpg\",\"width\":1200,\"height\":900},{\"@type\":\"BreadcrumbList\",\"@id\":\"https:\/\/portaldoestado.com.br\/index.php\/2025\/11\/26\/rafa-kalimann-e-nattan-mostram-detalhes-do-cha-de-bebe-de-zuza-e-celebram-reta-final-da-gestacao\/#breadcrumb\",\"itemListElement\":[{\"@type\":\"ListItem\",\"position\":1,\"name\":\"In\u00edcio\",\"item\":\"https:\/\/portaldoestado.com.br\/\"},{\"@type\":\"ListItem\",\"position\":2,\"name\":\"Rafa Kalimann e Nattan mostram detalhes do ch\u00e1 de beb\u00ea de Zuza e celebram reta final da gesta\u00e7\u00e3o\"}]},{\"@type\":\"WebSite\",\"@id\":\"https:\/\/portaldoestado.com.br\/#website\",\"url\":\"https:\/\/portaldoestado.com.br\/\",\"name\":\"Portal do Estado\",\"description\":\"\",\"publisher\":{\"@id\":\"https:\/\/portaldoestado.com.br\/#organization\"},\"potentialAction\":[{\"@type\":\"SearchAction\",\"target\":{\"@type\":\"EntryPoint\",\"urlTemplate\":\"https:\/\/portaldoestado.com.br\/?s={search_term_string}\"},\"query-input\":{\"@type\":\"PropertyValueSpecification\",\"valueRequired\":true,\"valueName\":\"search_term_string\"}}],\"inLanguage\":\"pt-BR\"},{\"@type\":\"Organization\",\"@id\":\"https:\/\/portaldoestado.com.br\/#organization\",\"name\":\"Portal do Estado\",\"url\":\"https:\/\/portaldoestado.com.br\/\",\"logo\":{\"@type\":\"ImageObject\",\"inLanguage\":\"pt-BR\",\"@id\":\"https:\/\/portaldoestado.com.br\/#\/schema\/logo\/image\/\",\"url\":\"https:\/\/portaldoestado.com.br\/wp-content\/uploads\/2025\/04\/cropped-6f69b19a-6472-43bf-b1b3-e1910bbbd4e8.png\",\"contentUrl\":\"https:\/\/portaldoestado.com.br\/wp-content\/uploads\/2025\/04\/cropped-6f69b19a-6472-43bf-b1b3-e1910bbbd4e8.png\",\"width\":1024,\"height\":350,\"caption\":\"Portal do Estado\"},\"image\":{\"@id\":\"https:\/\/portaldoestado.com.br\/#\/schema\/logo\/image\/\"}},{\"@type\":\"Person\",\"@id\":\"https:\/\/portaldoestado.com.br\/#\/schema\/person\/5ca0174f3c8c84b59da62ea14b698cb9\",\"name\":\"assessoriadefamosos\",\"image\":{\"@type\":\"ImageObject\",\"inLanguage\":\"pt-BR\",\"@id\":\"https:\/\/portaldoestado.com.br\/#\/schema\/person\/image\/\",\"url\":\"https:\/\/secure.gravatar.com\/avatar\/a7acbdffcfbbae7240e59f47fe511ec5f5d8c252c779f0b8d9ab02a9e1d8c5ed?s=96&d=mm&r=g\",\"contentUrl\":\"https:\/\/secure.gravatar.com\/avatar\/a7acbdffcfbbae7240e59f47fe511ec5f5d8c252c779f0b8d9ab02a9e1d8c5ed?s=96&d=mm&r=g\",\"caption\":\"assessoriadefamosos\"},\"url\":\"https:\/\/portaldoestado.com.br\/index.php\/author\/assessoriadefamosos\/\"}]}<\/script>\n<!-- \/ Yoast SEO plugin. -->","yoast_head_json":{"title":"Rafa Kalimann e Nattan mostram detalhes do ch\u00e1 de beb\u00ea de Zuza e celebram reta final da gesta\u00e7\u00e3o - Portal do Estado","robots":{"index":"index","follow":"follow","max-snippet":"max-snippet:-1","max-image-preview":"max-image-preview:large","max-video-preview":"max-video-preview:-1"},"canonical":"https:\/\/portaldoestado.com.br\/index.php\/2025\/11\/26\/rafa-kalimann-e-nattan-mostram-detalhes-do-cha-de-bebe-de-zuza-e-celebram-reta-final-da-gestacao\/","og_locale":"pt_BR","og_type":"article","og_title":"Rafa Kalimann e Nattan mostram detalhes do ch\u00e1 de beb\u00ea de Zuza e celebram reta final da gesta\u00e7\u00e3o - Portal do Estado","og_description":"Rafa Kalimann e Nattan abriram mais um cap\u00edtulo especial da espera pela primeira filha, Zuza. Na ter\u00e7a-feira (25\/11), o casal realizou em S\u00e3o Paulo um ch\u00e1 de beb\u00ea intimista, marcado por uma est\u00e9tica rom\u00e2ntica e muitos toques pessoais. O ambiente foi decorado com arranjos florais em tons suaves, que combinaram com o bolo de tr\u00eas \u2026","og_url":"https:\/\/portaldoestado.com.br\/index.php\/2025\/11\/26\/rafa-kalimann-e-nattan-mostram-detalhes-do-cha-de-bebe-de-zuza-e-celebram-reta-final-da-gestacao\/","og_site_name":"Portal do Estado","article_published_time":"2025-11-26T17:05:47+00:00","og_image":[{"width":1200,"height":900,"url":"https:\/\/portaldoestado.com.br\/wp-content\/uploads\/2025\/11\/nNOjb7zW-Design-sem-nome-8.jpg","type":"image\/jpeg"}],"author":"assessoriadefamosos","twitter_card":"summary_large_image","twitter_misc":{"Escrito por":"assessoriadefamosos","Est. tempo de leitura":"2 minutos"},"schema":{"@context":"https:\/\/schema.org","@graph":[{"@type":"Article","@id":"https:\/\/portaldoestado.com.br\/index.php\/2025\/11\/26\/rafa-kalimann-e-nattan-mostram-detalhes-do-cha-de-bebe-de-zuza-e-celebram-reta-final-da-gestacao\/#article","isPartOf":{"@id":"https:\/\/portaldoestado.com.br\/index.php\/2025\/11\/26\/rafa-kalimann-e-nattan-mostram-detalhes-do-cha-de-bebe-de-zuza-e-celebram-reta-final-da-gestacao\/"},"author":{"name":"assessoriadefamosos","@id":"https:\/\/portaldoestado.com.br\/#\/schema\/person\/5ca0174f3c8c84b59da62ea14b698cb9"},"headline":"Rafa Kalimann e Nattan mostram detalhes do ch\u00e1 de beb\u00ea de Zuza e celebram reta final da gesta\u00e7\u00e3o","datePublished":"2025-11-26T17:05:47+00:00","mainEntityOfPage":{"@id":"https:\/\/portaldoestado.com.br\/index.php\/2025\/11\/26\/rafa-kalimann-e-nattan-mostram-detalhes-do-cha-de-bebe-de-zuza-e-celebram-reta-final-da-gestacao\/"},"wordCount":336,"publisher":{"@id":"https:\/\/portaldoestado.com.br\/#organization"},"image":{"@id":"https:\/\/portaldoestado.com.br\/index.php\/2025\/11\/26\/rafa-kalimann-e-nattan-mostram-detalhes-do-cha-de-bebe-de-zuza-e-celebram-reta-final-da-gestacao\/#primaryimage"},"thumbnailUrl":"https:\/\/portaldoestado.com.br\/wp-content\/uploads\/2025\/11\/nNOjb7zW-Design-sem-nome-8.jpg","articleSection":["Famosos"],"inLanguage":"pt-BR"},{"@type":"WebPage","@id":"https:\/\/portaldoestado.com.br\/index.php\/2025\/11\/26\/rafa-kalimann-e-nattan-mostram-detalhes-do-cha-de-bebe-de-zuza-e-celebram-reta-final-da-gestacao\/","url":"https:\/\/portaldoestado.com.br\/index.php\/2025\/11\/26\/rafa-kalimann-e-nattan-mostram-detalhes-do-cha-de-bebe-de-zuza-e-celebram-reta-final-da-gestacao\/","name":"Rafa Kalimann e Nattan mostram detalhes do ch\u00e1 de beb\u00ea de Zuza e celebram reta final da gesta\u00e7\u00e3o - Portal do Estado","isPartOf":{"@id":"https:\/\/portaldoestado.com.br\/#website"},"primaryImageOfPage":{"@id":"https:\/\/portaldoestado.com.br\/index.php\/2025\/11\/26\/rafa-kalimann-e-nattan-mostram-detalhes-do-cha-de-bebe-de-zuza-e-celebram-reta-final-da-gestacao\/#primaryimage"},"image":{"@id":"https:\/\/portaldoestado.com.br\/index.php\/2025\/11\/26\/rafa-kalimann-e-nattan-mostram-detalhes-do-cha-de-bebe-de-zuza-e-celebram-reta-final-da-gestacao\/#primaryimage"},"thumbnailUrl":"https:\/\/portaldoestado.com.br\/wp-content\/uploads\/2025\/11\/nNOjb7zW-Design-sem-nome-8.jpg","datePublished":"2025-11-26T17:05:47+00:00","breadcrumb":{"@id":"https:\/\/portaldoestado.com.br\/index.php\/2025\/11\/26\/rafa-kalimann-e-nattan-mostram-detalhes-do-cha-de-bebe-de-zuza-e-celebram-reta-final-da-gestacao\/#breadcrumb"},"inLanguage":"pt-BR","potentialAction":[{"@type":"ReadAction","target":["https:\/\/portaldoestado.com.br\/index.php\/2025\/11\/26\/rafa-kalimann-e-nattan-mostram-detalhes-do-cha-de-bebe-de-zuza-e-celebram-reta-final-da-gestacao\/"]}]},{"@type":"ImageObject","inLanguage":"pt-BR","@id":"https:\/\/portaldoestado.com.br\/index.php\/2025\/11\/26\/rafa-kalimann-e-nattan-mostram-detalhes-do-cha-de-bebe-de-zuza-e-celebram-reta-final-da-gestacao\/#primaryimage","url":"https:\/\/portaldoestado.com.br\/wp-content\/uploads\/2025\/11\/nNOjb7zW-Design-sem-nome-8.jpg","contentUrl":"https:\/\/portaldoestado.com.br\/wp-content\/uploads\/2025\/11\/nNOjb7zW-Design-sem-nome-8.jpg","width":1200,"height":900},{"@type":"BreadcrumbList","@id":"https:\/\/portaldoestado.com.br\/index.php\/2025\/11\/26\/rafa-kalimann-e-nattan-mostram-detalhes-do-cha-de-bebe-de-zuza-e-celebram-reta-final-da-gestacao\/#breadcrumb","itemListElement":[{"@type":"ListItem","position":1,"name":"In\u00edcio","item":"https:\/\/portaldoestado.com.br\/"},{"@type":"ListItem","position":2,"name":"Rafa Kalimann e Nattan mostram detalhes do ch\u00e1 de beb\u00ea de Zuza e celebram reta final da gesta\u00e7\u00e3o"}]},{"@type":"WebSite","@id":"https:\/\/portaldoestado.com.br\/#website","url":"https:\/\/portaldoestado.com.br\/","name":"Portal do Estado","description":"","publisher":{"@id":"https:\/\/portaldoestado.com.br\/#organization"},"potentialAction":[{"@type":"SearchAction","target":{"@type":"EntryPoint","urlTemplate":"https:\/\/portaldoestado.com.br\/?s={search_term_string}"},"query-input":{"@type":"PropertyValueSpecification","valueRequired":true,"valueName":"search_term_string"}}],"inLanguage":"pt-BR"},{"@type":"Organization","@id":"https:\/\/portaldoestado.com.br\/#organization","name":"Portal do Estado","url":"https:\/\/portaldoestado.com.br\/","logo":{"@type":"ImageObject","inLanguage":"pt-BR","@id":"https:\/\/portaldoestado.com.br\/#\/schema\/logo\/image\/","url":"https:\/\/portaldoestado.com.br\/wp-content\/uploads\/2025\/04\/cropped-6f69b19a-6472-43bf-b1b3-e1910bbbd4e8.png","contentUrl":"https:\/\/portaldoestado.com.br\/wp-content\/uploads\/2025\/04\/cropped-6f69b19a-6472-43bf-b1b3-e1910bbbd4e8.png","width":1024,"height":350,"caption":"Portal do Estado"},"image":{"@id":"https:\/\/portaldoestado.com.br\/#\/schema\/logo\/image\/"}},{"@type":"Person","@id":"https:\/\/portaldoestado.com.br\/#\/schema\/person\/5ca0174f3c8c84b59da62ea14b698cb9","name":"assessoriadefamosos","image":{"@type":"ImageObject","inLanguage":"pt-BR","@id":"https:\/\/portaldoestado.com.br\/#\/schema\/person\/image\/","url":"https:\/\/secure.gravatar.com\/avatar\/a7acbdffcfbbae7240e59f47fe511ec5f5d8c252c779f0b8d9ab02a9e1d8c5ed?s=96&d=mm&r=g","contentUrl":"https:\/\/secure.gravatar.com\/avatar\/a7acbdffcfbbae7240e59f47fe511ec5f5d8c252c779f0b8d9ab02a9e1d8c5ed?s=96&d=mm&r=g","caption":"assessoriadefamosos"},"url":"https:\/\/portaldoestado.com.br\/index.php\/author\/assessoriadefamosos\/"}]}},"jetpack_featured_media_url":"https:\/\/portaldoestado.com.br\/wp-content\/uploads\/2025\/11\/nNOjb7zW-Design-sem-nome-8.jpg","_links":{"self":[{"href":"https:\/\/portaldoestado.com.br\/index.php\/wp-json\/wp\/v2\/posts\/4651","targetHints":{"allow":["GET"]}}],"collection":[{"href":"https:\/\/portaldoestado.com.br\/index.php\/wp-json\/wp\/v2\/posts"}],"about":[{"href":"https:\/\/portaldoestado.com.br\/index.php\/wp-json\/wp\/v2\/types\/post"}],"author":[{"embeddable":true,"href":"https:\/\/portaldoestado.com.br\/index.php\/wp-json\/wp\/v2\/users\/2"}],"replies":[{"embeddable":true,"href":"https:\/\/portaldoestado.com.br\/index.php\/wp-json\/wp\/v2\/comments?post=4651"}],"version-history":[{"count":1,"href":"https:\/\/portaldoestado.com.br\/index.php\/wp-json\/wp\/v2\/posts\/4651\/revisions"}],"predecessor-version":[{"id":4652,"href":"https:\/\/portaldoestado.com.br\/index.php\/wp-json\/wp\/v2\/posts\/4651\/revisions\/4652"}],"wp:featuredmedia":[{"embeddable":true,"href":"https:\/\/portaldoestado.com.br\/index.php\/wp-json\/wp\/v2\/media\/4650"}],"wp:attachment":[{"href":"https:\/\/portaldoestado.com.br\/index.php\/wp-json\/wp\/v2\/media?parent=4651"}],"wp:term":[{"taxonomy":"category","embeddable":true,"href":"https:\/\/portaldoestado.com.br\/index.php\/wp-json\/wp\/v2\/categories?post=4651"},{"taxonomy":"post_tag","embeddable":true,"href":"https:\/\/portaldoestado.com.br\/index.php\/wp-json\/wp\/v2\/tags?post=4651"}],"curies":[{"name":"wp","href":"https:\/\/api.w.org\/{rel}","templated":true}]}}