{"id":4126,"date":"2025-10-30T14:39:59","date_gmt":"2025-10-30T14:39:59","guid":{"rendered":"https:\/\/portaldoestado.com.br\/?p=4126"},"modified":"2025-10-30T14:39:59","modified_gmt":"2025-10-30T14:39:59","slug":"flamengo-avanca-a-final-da-libertadores-mesmo-com-desfalque-e-empata-com-racing","status":"publish","type":"post","link":"https:\/\/portaldoestado.com.br\/index.php\/2025\/10\/30\/flamengo-avanca-a-final-da-libertadores-mesmo-com-desfalque-e-empata-com-racing\/","title":{"rendered":"Flamengo avan\u00e7a \u00e0 final da Libertadores mesmo com desfalque e empata com Racing"},"content":{"rendered":"\n<p>O <strong>Flamengo<\/strong> est\u00e1 classificado para a final da <strong>Copa Libertadores da Am\u00e9rica<\/strong> ap\u00f3s empatar por 0 a 0 com o <strong>Racing-ARG<\/strong>, nesta quarta-feira (29\/10), em Avellaneda. No jogo de ida, a equipe carioca havia garantido vantagem com a vit\u00f3ria por 1 a 0, gol do colombiano <strong>Carrascal<\/strong>.<\/p>\n\n\n\n<p>A partida come\u00e7ou com oportunidades para ambos os lados. Luiz Ara\u00fajo arriscou de fora da \u00e1rea e obrigou <strong>Agust\u00edn Rossi<\/strong> a fazer boa defesa. Do outro lado, o goleiro do Flamengo, <strong>C\u00e1ssio Cambeses<\/strong>, tamb\u00e9m trabalhou em finaliza\u00e7\u00f5es de Conechy, mantendo o placar equilibrado. Diferente do confronto de ida, o Racing controlou mais a bola, enquanto o Rubro-Negro apostava nos contra-ataques.<\/p>\n\n\n\n<p>O jogo ficou ainda mais tenso aos 10 minutos do segundo tempo, quando <strong>Gonzalo Plata<\/strong> foi expulso ap\u00f3s atingir o zagueiro Rojo com a m\u00e3o em lance pol\u00eamico. Com um jogador a menos, o Flamengo reorganizou a equipe: <strong>Danilo<\/strong> e <strong>Emerson Royal<\/strong> refor\u00e7aram a defesa, <strong>Sa\u00fal<\/strong> e <strong>Evertton Ara\u00fajo<\/strong> auxiliaram no meio-campo, e <strong>Bruno Henrique<\/strong> atuou mais isolado no ataque.<\/p>\n\n\n\n<p>Mesmo com a vantagem num\u00e9rica, o Racing pressionou e buscou o gol at\u00e9 o \u00faltimo minuto, mas Rossi brilhou ao defender finaliza\u00e7\u00f5es de <strong>Mart\u00ednez<\/strong> e <strong>Luciano Vietto<\/strong>, garantindo a classifica\u00e7\u00e3o do time carioca.<\/p>\n\n\n\n<p>Agora, o Flamengo espera o advers\u00e1rio da final, que sair\u00e1 do duelo entre <strong>Palmeiras<\/strong> e <strong>LDU-EQU<\/strong>. Os equatorianos venceram o primeiro jogo em Quito por 3 a 0, deixando a decis\u00e3o em aberto. A grande final da Libertadores ser\u00e1 em <strong>29 de novembro<\/strong>, na cidade de <strong>Lima, Peru<\/strong>.<\/p>\n\n\n\n<p>Com a classifica\u00e7\u00e3o, o Flamengo chega \u00e0 <strong>quinta final da hist\u00f3ria na competi\u00e7\u00e3o<\/strong>, sendo a <strong>quarta nos \u00faltimos sete anos<\/strong>, com t\u00edtulos conquistados em 1981, 2019 e 2022, e vice-campeonato em 2021.<\/p>\n","protected":false},"excerpt":{"rendered":"<p>O Flamengo est\u00e1 classificado para a final da Copa Libertadores da Am\u00e9rica ap\u00f3s empatar por 0 a 0 com o Racing-ARG, nesta quarta-feira (29\/10), em Avellaneda. No jogo de ida, a equipe carioca havia garantido vantagem com a vit\u00f3ria por 1 a 0, gol do colombiano Carrascal. A partida come\u00e7ou com oportunidades para ambos os \u2026<\/p>\n","protected":false},"author":2,"featured_media":4125,"comment_status":"closed","ping_status":"open","sticky":false,"template":"","format":"standard","meta":{"footnotes":""},"categories":[3],"tags":[],"class_list":["post-4126","post","type-post","status-publish","format-standard","has-post-thumbnail","hentry","category-famosos"],"yoast_head":"<!-- This site is optimized with the Yoast SEO plugin v25.5 - https:\/\/yoast.com\/wordpress\/plugins\/seo\/ -->\n<title>Flamengo avan\u00e7a \u00e0 final da Libertadores mesmo com desfalque e empata com Racing - Portal do Estado<\/title>\n<meta name=\"robots\" content=\"index, follow, max-snippet:-1, max-image-preview:large, max-video-preview:-1\" \/>\n<link rel=\"canonical\" href=\"https:\/\/portaldoestado.com.br\/index.php\/2025\/10\/30\/flamengo-avanca-a-final-da-libertadores-mesmo-com-desfalque-e-empata-com-racing\/\" \/>\n<meta property=\"og:locale\" content=\"pt_BR\" \/>\n<meta property=\"og:type\" content=\"article\" \/>\n<meta property=\"og:title\" content=\"Flamengo avan\u00e7a \u00e0 final da Libertadores mesmo com desfalque e empata com Racing - Portal do Estado\" \/>\n<meta property=\"og:description\" content=\"O Flamengo est\u00e1 classificado para a final da Copa Libertadores da Am\u00e9rica ap\u00f3s empatar por 0 a 0 com o Racing-ARG, nesta quarta-feira (29\/10), em Avellaneda. No jogo de ida, a equipe carioca havia garantido vantagem com a vit\u00f3ria por 1 a 0, gol do colombiano Carrascal. A partida come\u00e7ou com oportunidades para ambos os \u2026\" \/>\n<meta property=\"og:url\" content=\"https:\/\/portaldoestado.com.br\/index.php\/2025\/10\/30\/flamengo-avanca-a-final-da-libertadores-mesmo-com-desfalque-e-empata-com-racing\/\" \/>\n<meta property=\"og:site_name\" content=\"Portal do Estado\" \/>\n<meta property=\"article:published_time\" content=\"2025-10-30T14:39:59+00:00\" \/>\n<meta property=\"og:image\" content=\"https:\/\/portaldoestado.com.br\/wp-content\/uploads\/2025\/10\/foto-leo-dias-2025-10-22T231816.880.png\" \/>\n\t<meta property=\"og:image:width\" content=\"1200\" \/>\n\t<meta property=\"og:image:height\" content=\"900\" \/>\n\t<meta property=\"og:image:type\" content=\"image\/png\" \/>\n<meta name=\"author\" content=\"assessoriadefamosos\" \/>\n<meta name=\"twitter:card\" content=\"summary_large_image\" \/>\n<meta name=\"twitter:label1\" content=\"Escrito por\" \/>\n\t<meta name=\"twitter:data1\" content=\"assessoriadefamosos\" \/>\n\t<meta name=\"twitter:label2\" content=\"Est. tempo de leitura\" \/>\n\t<meta name=\"twitter:data2\" content=\"1 minuto\" \/>\n<script type=\"application\/ld+json\" class=\"yoast-schema-graph\">{\"@context\":\"https:\/\/schema.org\",\"@graph\":[{\"@type\":\"Article\",\"@id\":\"https:\/\/portaldoestado.com.br\/index.php\/2025\/10\/30\/flamengo-avanca-a-final-da-libertadores-mesmo-com-desfalque-e-empata-com-racing\/#article\",\"isPartOf\":{\"@id\":\"https:\/\/portaldoestado.com.br\/index.php\/2025\/10\/30\/flamengo-avanca-a-final-da-libertadores-mesmo-com-desfalque-e-empata-com-racing\/\"},\"author\":{\"name\":\"assessoriadefamosos\",\"@id\":\"https:\/\/portaldoestado.com.br\/#\/schema\/person\/5ca0174f3c8c84b59da62ea14b698cb9\"},\"headline\":\"Flamengo avan\u00e7a \u00e0 final da Libertadores mesmo com desfalque e empata com Racing\",\"datePublished\":\"2025-10-30T14:39:59+00:00\",\"mainEntityOfPage\":{\"@id\":\"https:\/\/portaldoestado.com.br\/index.php\/2025\/10\/30\/flamengo-avanca-a-final-da-libertadores-mesmo-com-desfalque-e-empata-com-racing\/\"},\"wordCount\":304,\"publisher\":{\"@id\":\"https:\/\/portaldoestado.com.br\/#organization\"},\"image\":{\"@id\":\"https:\/\/portaldoestado.com.br\/index.php\/2025\/10\/30\/flamengo-avanca-a-final-da-libertadores-mesmo-com-desfalque-e-empata-com-racing\/#primaryimage\"},\"thumbnailUrl\":\"https:\/\/portaldoestado.com.br\/wp-content\/uploads\/2025\/10\/foto-leo-dias-2025-10-22T231816.880.png\",\"articleSection\":[\"Famosos\"],\"inLanguage\":\"pt-BR\"},{\"@type\":\"WebPage\",\"@id\":\"https:\/\/portaldoestado.com.br\/index.php\/2025\/10\/30\/flamengo-avanca-a-final-da-libertadores-mesmo-com-desfalque-e-empata-com-racing\/\",\"url\":\"https:\/\/portaldoestado.com.br\/index.php\/2025\/10\/30\/flamengo-avanca-a-final-da-libertadores-mesmo-com-desfalque-e-empata-com-racing\/\",\"name\":\"Flamengo avan\u00e7a \u00e0 final da Libertadores mesmo com desfalque e empata com Racing - Portal do Estado\",\"isPartOf\":{\"@id\":\"https:\/\/portaldoestado.com.br\/#website\"},\"primaryImageOfPage\":{\"@id\":\"https:\/\/portaldoestado.com.br\/index.php\/2025\/10\/30\/flamengo-avanca-a-final-da-libertadores-mesmo-com-desfalque-e-empata-com-racing\/#primaryimage\"},\"image\":{\"@id\":\"https:\/\/portaldoestado.com.br\/index.php\/2025\/10\/30\/flamengo-avanca-a-final-da-libertadores-mesmo-com-desfalque-e-empata-com-racing\/#primaryimage\"},\"thumbnailUrl\":\"https:\/\/portaldoestado.com.br\/wp-content\/uploads\/2025\/10\/foto-leo-dias-2025-10-22T231816.880.png\",\"datePublished\":\"2025-10-30T14:39:59+00:00\",\"breadcrumb\":{\"@id\":\"https:\/\/portaldoestado.com.br\/index.php\/2025\/10\/30\/flamengo-avanca-a-final-da-libertadores-mesmo-com-desfalque-e-empata-com-racing\/#breadcrumb\"},\"inLanguage\":\"pt-BR\",\"potentialAction\":[{\"@type\":\"ReadAction\",\"target\":[\"https:\/\/portaldoestado.com.br\/index.php\/2025\/10\/30\/flamengo-avanca-a-final-da-libertadores-mesmo-com-desfalque-e-empata-com-racing\/\"]}]},{\"@type\":\"ImageObject\",\"inLanguage\":\"pt-BR\",\"@id\":\"https:\/\/portaldoestado.com.br\/index.php\/2025\/10\/30\/flamengo-avanca-a-final-da-libertadores-mesmo-com-desfalque-e-empata-com-racing\/#primaryimage\",\"url\":\"https:\/\/portaldoestado.com.br\/wp-content\/uploads\/2025\/10\/foto-leo-dias-2025-10-22T231816.880.png\",\"contentUrl\":\"https:\/\/portaldoestado.com.br\/wp-content\/uploads\/2025\/10\/foto-leo-dias-2025-10-22T231816.880.png\",\"width\":1200,\"height\":900},{\"@type\":\"BreadcrumbList\",\"@id\":\"https:\/\/portaldoestado.com.br\/index.php\/2025\/10\/30\/flamengo-avanca-a-final-da-libertadores-mesmo-com-desfalque-e-empata-com-racing\/#breadcrumb\",\"itemListElement\":[{\"@type\":\"ListItem\",\"position\":1,\"name\":\"In\u00edcio\",\"item\":\"https:\/\/portaldoestado.com.br\/\"},{\"@type\":\"ListItem\",\"position\":2,\"name\":\"Flamengo avan\u00e7a \u00e0 final da Libertadores mesmo com desfalque e empata com Racing\"}]},{\"@type\":\"WebSite\",\"@id\":\"https:\/\/portaldoestado.com.br\/#website\",\"url\":\"https:\/\/portaldoestado.com.br\/\",\"name\":\"Portal do Estado\",\"description\":\"\",\"publisher\":{\"@id\":\"https:\/\/portaldoestado.com.br\/#organization\"},\"potentialAction\":[{\"@type\":\"SearchAction\",\"target\":{\"@type\":\"EntryPoint\",\"urlTemplate\":\"https:\/\/portaldoestado.com.br\/?s={search_term_string}\"},\"query-input\":{\"@type\":\"PropertyValueSpecification\",\"valueRequired\":true,\"valueName\":\"search_term_string\"}}],\"inLanguage\":\"pt-BR\"},{\"@type\":\"Organization\",\"@id\":\"https:\/\/portaldoestado.com.br\/#organization\",\"name\":\"Portal do Estado\",\"url\":\"https:\/\/portaldoestado.com.br\/\",\"logo\":{\"@type\":\"ImageObject\",\"inLanguage\":\"pt-BR\",\"@id\":\"https:\/\/portaldoestado.com.br\/#\/schema\/logo\/image\/\",\"url\":\"https:\/\/portaldoestado.com.br\/wp-content\/uploads\/2025\/04\/cropped-6f69b19a-6472-43bf-b1b3-e1910bbbd4e8.png\",\"contentUrl\":\"https:\/\/portaldoestado.com.br\/wp-content\/uploads\/2025\/04\/cropped-6f69b19a-6472-43bf-b1b3-e1910bbbd4e8.png\",\"width\":1024,\"height\":350,\"caption\":\"Portal do Estado\"},\"image\":{\"@id\":\"https:\/\/portaldoestado.com.br\/#\/schema\/logo\/image\/\"}},{\"@type\":\"Person\",\"@id\":\"https:\/\/portaldoestado.com.br\/#\/schema\/person\/5ca0174f3c8c84b59da62ea14b698cb9\",\"name\":\"assessoriadefamosos\",\"image\":{\"@type\":\"ImageObject\",\"inLanguage\":\"pt-BR\",\"@id\":\"https:\/\/portaldoestado.com.br\/#\/schema\/person\/image\/\",\"url\":\"https:\/\/secure.gravatar.com\/avatar\/a7acbdffcfbbae7240e59f47fe511ec5f5d8c252c779f0b8d9ab02a9e1d8c5ed?s=96&d=mm&r=g\",\"contentUrl\":\"https:\/\/secure.gravatar.com\/avatar\/a7acbdffcfbbae7240e59f47fe511ec5f5d8c252c779f0b8d9ab02a9e1d8c5ed?s=96&d=mm&r=g\",\"caption\":\"assessoriadefamosos\"},\"url\":\"https:\/\/portaldoestado.com.br\/index.php\/author\/assessoriadefamosos\/\"}]}<\/script>\n<!-- \/ Yoast SEO plugin. -->","yoast_head_json":{"title":"Flamengo avan\u00e7a \u00e0 final da Libertadores mesmo com desfalque e empata com Racing - Portal do Estado","robots":{"index":"index","follow":"follow","max-snippet":"max-snippet:-1","max-image-preview":"max-image-preview:large","max-video-preview":"max-video-preview:-1"},"canonical":"https:\/\/portaldoestado.com.br\/index.php\/2025\/10\/30\/flamengo-avanca-a-final-da-libertadores-mesmo-com-desfalque-e-empata-com-racing\/","og_locale":"pt_BR","og_type":"article","og_title":"Flamengo avan\u00e7a \u00e0 final da Libertadores mesmo com desfalque e empata com Racing - Portal do Estado","og_description":"O Flamengo est\u00e1 classificado para a final da Copa Libertadores da Am\u00e9rica ap\u00f3s empatar por 0 a 0 com o Racing-ARG, nesta quarta-feira (29\/10), em Avellaneda. No jogo de ida, a equipe carioca havia garantido vantagem com a vit\u00f3ria por 1 a 0, gol do colombiano Carrascal. A partida come\u00e7ou com oportunidades para ambos os \u2026","og_url":"https:\/\/portaldoestado.com.br\/index.php\/2025\/10\/30\/flamengo-avanca-a-final-da-libertadores-mesmo-com-desfalque-e-empata-com-racing\/","og_site_name":"Portal do Estado","article_published_time":"2025-10-30T14:39:59+00:00","og_image":[{"width":1200,"height":900,"url":"https:\/\/portaldoestado.com.br\/wp-content\/uploads\/2025\/10\/foto-leo-dias-2025-10-22T231816.880.png","type":"image\/png"}],"author":"assessoriadefamosos","twitter_card":"summary_large_image","twitter_misc":{"Escrito por":"assessoriadefamosos","Est. tempo de leitura":"1 minuto"},"schema":{"@context":"https:\/\/schema.org","@graph":[{"@type":"Article","@id":"https:\/\/portaldoestado.com.br\/index.php\/2025\/10\/30\/flamengo-avanca-a-final-da-libertadores-mesmo-com-desfalque-e-empata-com-racing\/#article","isPartOf":{"@id":"https:\/\/portaldoestado.com.br\/index.php\/2025\/10\/30\/flamengo-avanca-a-final-da-libertadores-mesmo-com-desfalque-e-empata-com-racing\/"},"author":{"name":"assessoriadefamosos","@id":"https:\/\/portaldoestado.com.br\/#\/schema\/person\/5ca0174f3c8c84b59da62ea14b698cb9"},"headline":"Flamengo avan\u00e7a \u00e0 final da Libertadores mesmo com desfalque e empata com Racing","datePublished":"2025-10-30T14:39:59+00:00","mainEntityOfPage":{"@id":"https:\/\/portaldoestado.com.br\/index.php\/2025\/10\/30\/flamengo-avanca-a-final-da-libertadores-mesmo-com-desfalque-e-empata-com-racing\/"},"wordCount":304,"publisher":{"@id":"https:\/\/portaldoestado.com.br\/#organization"},"image":{"@id":"https:\/\/portaldoestado.com.br\/index.php\/2025\/10\/30\/flamengo-avanca-a-final-da-libertadores-mesmo-com-desfalque-e-empata-com-racing\/#primaryimage"},"thumbnailUrl":"https:\/\/portaldoestado.com.br\/wp-content\/uploads\/2025\/10\/foto-leo-dias-2025-10-22T231816.880.png","articleSection":["Famosos"],"inLanguage":"pt-BR"},{"@type":"WebPage","@id":"https:\/\/portaldoestado.com.br\/index.php\/2025\/10\/30\/flamengo-avanca-a-final-da-libertadores-mesmo-com-desfalque-e-empata-com-racing\/","url":"https:\/\/portaldoestado.com.br\/index.php\/2025\/10\/30\/flamengo-avanca-a-final-da-libertadores-mesmo-com-desfalque-e-empata-com-racing\/","name":"Flamengo avan\u00e7a \u00e0 final da Libertadores mesmo com desfalque e empata com Racing - Portal do Estado","isPartOf":{"@id":"https:\/\/portaldoestado.com.br\/#website"},"primaryImageOfPage":{"@id":"https:\/\/portaldoestado.com.br\/index.php\/2025\/10\/30\/flamengo-avanca-a-final-da-libertadores-mesmo-com-desfalque-e-empata-com-racing\/#primaryimage"},"image":{"@id":"https:\/\/portaldoestado.com.br\/index.php\/2025\/10\/30\/flamengo-avanca-a-final-da-libertadores-mesmo-com-desfalque-e-empata-com-racing\/#primaryimage"},"thumbnailUrl":"https:\/\/portaldoestado.com.br\/wp-content\/uploads\/2025\/10\/foto-leo-dias-2025-10-22T231816.880.png","datePublished":"2025-10-30T14:39:59+00:00","breadcrumb":{"@id":"https:\/\/portaldoestado.com.br\/index.php\/2025\/10\/30\/flamengo-avanca-a-final-da-libertadores-mesmo-com-desfalque-e-empata-com-racing\/#breadcrumb"},"inLanguage":"pt-BR","potentialAction":[{"@type":"ReadAction","target":["https:\/\/portaldoestado.com.br\/index.php\/2025\/10\/30\/flamengo-avanca-a-final-da-libertadores-mesmo-com-desfalque-e-empata-com-racing\/"]}]},{"@type":"ImageObject","inLanguage":"pt-BR","@id":"https:\/\/portaldoestado.com.br\/index.php\/2025\/10\/30\/flamengo-avanca-a-final-da-libertadores-mesmo-com-desfalque-e-empata-com-racing\/#primaryimage","url":"https:\/\/portaldoestado.com.br\/wp-content\/uploads\/2025\/10\/foto-leo-dias-2025-10-22T231816.880.png","contentUrl":"https:\/\/portaldoestado.com.br\/wp-content\/uploads\/2025\/10\/foto-leo-dias-2025-10-22T231816.880.png","width":1200,"height":900},{"@type":"BreadcrumbList","@id":"https:\/\/portaldoestado.com.br\/index.php\/2025\/10\/30\/flamengo-avanca-a-final-da-libertadores-mesmo-com-desfalque-e-empata-com-racing\/#breadcrumb","itemListElement":[{"@type":"ListItem","position":1,"name":"In\u00edcio","item":"https:\/\/portaldoestado.com.br\/"},{"@type":"ListItem","position":2,"name":"Flamengo avan\u00e7a \u00e0 final da Libertadores mesmo com desfalque e empata com Racing"}]},{"@type":"WebSite","@id":"https:\/\/portaldoestado.com.br\/#website","url":"https:\/\/portaldoestado.com.br\/","name":"Portal do Estado","description":"","publisher":{"@id":"https:\/\/portaldoestado.com.br\/#organization"},"potentialAction":[{"@type":"SearchAction","target":{"@type":"EntryPoint","urlTemplate":"https:\/\/portaldoestado.com.br\/?s={search_term_string}"},"query-input":{"@type":"PropertyValueSpecification","valueRequired":true,"valueName":"search_term_string"}}],"inLanguage":"pt-BR"},{"@type":"Organization","@id":"https:\/\/portaldoestado.com.br\/#organization","name":"Portal do Estado","url":"https:\/\/portaldoestado.com.br\/","logo":{"@type":"ImageObject","inLanguage":"pt-BR","@id":"https:\/\/portaldoestado.com.br\/#\/schema\/logo\/image\/","url":"https:\/\/portaldoestado.com.br\/wp-content\/uploads\/2025\/04\/cropped-6f69b19a-6472-43bf-b1b3-e1910bbbd4e8.png","contentUrl":"https:\/\/portaldoestado.com.br\/wp-content\/uploads\/2025\/04\/cropped-6f69b19a-6472-43bf-b1b3-e1910bbbd4e8.png","width":1024,"height":350,"caption":"Portal do Estado"},"image":{"@id":"https:\/\/portaldoestado.com.br\/#\/schema\/logo\/image\/"}},{"@type":"Person","@id":"https:\/\/portaldoestado.com.br\/#\/schema\/person\/5ca0174f3c8c84b59da62ea14b698cb9","name":"assessoriadefamosos","image":{"@type":"ImageObject","inLanguage":"pt-BR","@id":"https:\/\/portaldoestado.com.br\/#\/schema\/person\/image\/","url":"https:\/\/secure.gravatar.com\/avatar\/a7acbdffcfbbae7240e59f47fe511ec5f5d8c252c779f0b8d9ab02a9e1d8c5ed?s=96&d=mm&r=g","contentUrl":"https:\/\/secure.gravatar.com\/avatar\/a7acbdffcfbbae7240e59f47fe511ec5f5d8c252c779f0b8d9ab02a9e1d8c5ed?s=96&d=mm&r=g","caption":"assessoriadefamosos"},"url":"https:\/\/portaldoestado.com.br\/index.php\/author\/assessoriadefamosos\/"}]}},"jetpack_featured_media_url":"https:\/\/portaldoestado.com.br\/wp-content\/uploads\/2025\/10\/foto-leo-dias-2025-10-22T231816.880.png","_links":{"self":[{"href":"https:\/\/portaldoestado.com.br\/index.php\/wp-json\/wp\/v2\/posts\/4126","targetHints":{"allow":["GET"]}}],"collection":[{"href":"https:\/\/portaldoestado.com.br\/index.php\/wp-json\/wp\/v2\/posts"}],"about":[{"href":"https:\/\/portaldoestado.com.br\/index.php\/wp-json\/wp\/v2\/types\/post"}],"author":[{"embeddable":true,"href":"https:\/\/portaldoestado.com.br\/index.php\/wp-json\/wp\/v2\/users\/2"}],"replies":[{"embeddable":true,"href":"https:\/\/portaldoestado.com.br\/index.php\/wp-json\/wp\/v2\/comments?post=4126"}],"version-history":[{"count":1,"href":"https:\/\/portaldoestado.com.br\/index.php\/wp-json\/wp\/v2\/posts\/4126\/revisions"}],"predecessor-version":[{"id":4127,"href":"https:\/\/portaldoestado.com.br\/index.php\/wp-json\/wp\/v2\/posts\/4126\/revisions\/4127"}],"wp:featuredmedia":[{"embeddable":true,"href":"https:\/\/portaldoestado.com.br\/index.php\/wp-json\/wp\/v2\/media\/4125"}],"wp:attachment":[{"href":"https:\/\/portaldoestado.com.br\/index.php\/wp-json\/wp\/v2\/media?parent=4126"}],"wp:term":[{"taxonomy":"category","embeddable":true,"href":"https:\/\/portaldoestado.com.br\/index.php\/wp-json\/wp\/v2\/categories?post=4126"},{"taxonomy":"post_tag","embeddable":true,"href":"https:\/\/portaldoestado.com.br\/index.php\/wp-json\/wp\/v2\/tags?post=4126"}],"curies":[{"name":"wp","href":"https:\/\/api.w.org\/{rel}","templated":true}]}}