{"id":4120,"date":"2025-10-30T14:31:30","date_gmt":"2025-10-30T14:31:30","guid":{"rendered":"https:\/\/portaldoestado.com.br\/?p=4120"},"modified":"2025-10-30T14:31:30","modified_gmt":"2025-10-30T14:31:30","slug":"sabrina-sato-relembra-luta-do-pai-contra-o-cancer-e-fala-sobre-amadurecimento-familiar-aprendi-o-real-sentido-de-cuidar","status":"publish","type":"post","link":"https:\/\/portaldoestado.com.br\/index.php\/2025\/10\/30\/sabrina-sato-relembra-luta-do-pai-contra-o-cancer-e-fala-sobre-amadurecimento-familiar-aprendi-o-real-sentido-de-cuidar\/","title":{"rendered":"Sabrina Sato relembra luta do pai contra o c\u00e2ncer e fala sobre amadurecimento familiar: \u201cAprendi o real sentido de cuidar\u201d"},"content":{"rendered":"\n<p>Sabrina Sato emocionou o p\u00fablico ao compartilhar, durante o programa <strong>\u201cSaia Justa\u201d<\/strong> exibido na quarta-feira (29\/10), os bastidores do per\u00edodo delicado em que seu pai, <strong>Omar Rahal<\/strong>, foi diagnosticado com <strong>c\u00e2ncer no p\u00e2ncreas<\/strong>. A apresentadora contou que o susto trouxe uma nova perspectiva sobre a vida e o envelhecimento dos pais.<\/p>\n\n\n\n<p>De acordo com Sabrina, Omar sempre foi um homem cheio de energia e determina\u00e7\u00e3o. \u201cMeu pai \u00e9 muito ativo, vive na fazenda, dirige, faz tudo sozinho. Eu nunca tinha percebido que ele estava envelhecendo, porque ele sempre foi muito independente e forte\u201d, revelou.<\/p>\n\n\n\n<p>O diagn\u00f3stico veio em agosto deste ano, e o patriarca precisou passar por uma cirurgia para retirada do \u00f3rg\u00e3o. Sabrina contou que estava gravando quando o marido, <strong>Nicolas Prattes<\/strong>, foi busc\u00e1-la no est\u00fadio para dar a not\u00edcia e lev\u00e1-la ao hospital. \u201cFoi um choque. Eu senti o sil\u00eancio no grupo da fam\u00edlia e j\u00e1 sabia que algo n\u00e3o estava certo. Quando cheguei, ele j\u00e1 estava internado.\u201d<\/p>\n\n\n\n<p>A apresentadora explicou que o momento fez toda a fam\u00edlia se unir ainda mais. \u201cA gente se revezava para ficar com ele. Ver meu pai, que sempre cuidou de todos, ali, precisando de n\u00f3s, foi o maior aprendizado da minha vida. Eu entendi o que \u00e9 realmente cuidar, com amor e gratid\u00e3o.\u201d<\/p>\n\n\n\n<p>Sabrina concluiu com uma reflex\u00e3o sobre o ciclo da vida e a import\u00e2ncia da presen\u00e7a familiar. \u201cChega um momento em que a gente percebe que os nossos her\u00f3is tamb\u00e9m precisam de colo. E tudo bem \u2014 porque o amor \u00e9 isso: estar junto, seja para rir ou para segurar a m\u00e3o quando o outro mais precisa.\u201d<\/p>\n","protected":false},"excerpt":{"rendered":"<p>Sabrina Sato emocionou o p\u00fablico ao compartilhar, durante o programa \u201cSaia Justa\u201d exibido na quarta-feira (29\/10), os bastidores do per\u00edodo delicado em que seu pai, Omar Rahal, foi diagnosticado com c\u00e2ncer no p\u00e2ncreas. A apresentadora contou que o susto trouxe uma nova perspectiva sobre a vida e o envelhecimento dos pais. De acordo com Sabrina, \u2026<\/p>\n","protected":false},"author":2,"featured_media":4119,"comment_status":"closed","ping_status":"open","sticky":false,"template":"","format":"standard","meta":{"footnotes":""},"categories":[3],"tags":[],"class_list":["post-4120","post","type-post","status-publish","format-standard","has-post-thumbnail","hentry","category-famosos"],"yoast_head":"<!-- This site is optimized with the Yoast SEO plugin v25.5 - https:\/\/yoast.com\/wordpress\/plugins\/seo\/ -->\n<title>Sabrina Sato relembra luta do pai contra o c\u00e2ncer e fala sobre amadurecimento familiar: \u201cAprendi o real sentido de cuidar\u201d - Portal do Estado<\/title>\n<meta name=\"robots\" content=\"index, follow, max-snippet:-1, max-image-preview:large, max-video-preview:-1\" \/>\n<link rel=\"canonical\" href=\"https:\/\/portaldoestado.com.br\/index.php\/2025\/10\/30\/sabrina-sato-relembra-luta-do-pai-contra-o-cancer-e-fala-sobre-amadurecimento-familiar-aprendi-o-real-sentido-de-cuidar\/\" \/>\n<meta property=\"og:locale\" content=\"pt_BR\" \/>\n<meta property=\"og:type\" content=\"article\" \/>\n<meta property=\"og:title\" content=\"Sabrina Sato relembra luta do pai contra o c\u00e2ncer e fala sobre amadurecimento familiar: \u201cAprendi o real sentido de cuidar\u201d - Portal do Estado\" \/>\n<meta property=\"og:description\" content=\"Sabrina Sato emocionou o p\u00fablico ao compartilhar, durante o programa \u201cSaia Justa\u201d exibido na quarta-feira (29\/10), os bastidores do per\u00edodo delicado em que seu pai, Omar Rahal, foi diagnosticado com c\u00e2ncer no p\u00e2ncreas. A apresentadora contou que o susto trouxe uma nova perspectiva sobre a vida e o envelhecimento dos pais. De acordo com Sabrina, \u2026\" \/>\n<meta property=\"og:url\" content=\"https:\/\/portaldoestado.com.br\/index.php\/2025\/10\/30\/sabrina-sato-relembra-luta-do-pai-contra-o-cancer-e-fala-sobre-amadurecimento-familiar-aprendi-o-real-sentido-de-cuidar\/\" \/>\n<meta property=\"og:site_name\" content=\"Portal do Estado\" \/>\n<meta property=\"article:published_time\" content=\"2025-10-30T14:31:30+00:00\" \/>\n<meta property=\"og:image\" content=\"https:\/\/portaldoestado.com.br\/wp-content\/uploads\/2025\/10\/Sabrina-Sato-e-pai-Omar.jpg\" \/>\n\t<meta property=\"og:image:width\" content=\"1200\" \/>\n\t<meta property=\"og:image:height\" content=\"900\" \/>\n\t<meta property=\"og:image:type\" content=\"image\/jpeg\" \/>\n<meta name=\"author\" content=\"assessoriadefamosos\" \/>\n<meta name=\"twitter:card\" content=\"summary_large_image\" \/>\n<meta name=\"twitter:label1\" content=\"Escrito por\" \/>\n\t<meta name=\"twitter:data1\" content=\"assessoriadefamosos\" \/>\n\t<meta name=\"twitter:label2\" content=\"Est. tempo de leitura\" \/>\n\t<meta name=\"twitter:data2\" content=\"1 minuto\" \/>\n<script type=\"application\/ld+json\" class=\"yoast-schema-graph\">{\"@context\":\"https:\/\/schema.org\",\"@graph\":[{\"@type\":\"Article\",\"@id\":\"https:\/\/portaldoestado.com.br\/index.php\/2025\/10\/30\/sabrina-sato-relembra-luta-do-pai-contra-o-cancer-e-fala-sobre-amadurecimento-familiar-aprendi-o-real-sentido-de-cuidar\/#article\",\"isPartOf\":{\"@id\":\"https:\/\/portaldoestado.com.br\/index.php\/2025\/10\/30\/sabrina-sato-relembra-luta-do-pai-contra-o-cancer-e-fala-sobre-amadurecimento-familiar-aprendi-o-real-sentido-de-cuidar\/\"},\"author\":{\"name\":\"assessoriadefamosos\",\"@id\":\"https:\/\/portaldoestado.com.br\/#\/schema\/person\/5ca0174f3c8c84b59da62ea14b698cb9\"},\"headline\":\"Sabrina Sato relembra luta do pai contra o c\u00e2ncer e fala sobre amadurecimento familiar: \u201cAprendi o real sentido de cuidar\u201d\",\"datePublished\":\"2025-10-30T14:31:30+00:00\",\"mainEntityOfPage\":{\"@id\":\"https:\/\/portaldoestado.com.br\/index.php\/2025\/10\/30\/sabrina-sato-relembra-luta-do-pai-contra-o-cancer-e-fala-sobre-amadurecimento-familiar-aprendi-o-real-sentido-de-cuidar\/\"},\"wordCount\":307,\"publisher\":{\"@id\":\"https:\/\/portaldoestado.com.br\/#organization\"},\"image\":{\"@id\":\"https:\/\/portaldoestado.com.br\/index.php\/2025\/10\/30\/sabrina-sato-relembra-luta-do-pai-contra-o-cancer-e-fala-sobre-amadurecimento-familiar-aprendi-o-real-sentido-de-cuidar\/#primaryimage\"},\"thumbnailUrl\":\"https:\/\/portaldoestado.com.br\/wp-content\/uploads\/2025\/10\/Sabrina-Sato-e-pai-Omar.jpg\",\"articleSection\":[\"Famosos\"],\"inLanguage\":\"pt-BR\"},{\"@type\":\"WebPage\",\"@id\":\"https:\/\/portaldoestado.com.br\/index.php\/2025\/10\/30\/sabrina-sato-relembra-luta-do-pai-contra-o-cancer-e-fala-sobre-amadurecimento-familiar-aprendi-o-real-sentido-de-cuidar\/\",\"url\":\"https:\/\/portaldoestado.com.br\/index.php\/2025\/10\/30\/sabrina-sato-relembra-luta-do-pai-contra-o-cancer-e-fala-sobre-amadurecimento-familiar-aprendi-o-real-sentido-de-cuidar\/\",\"name\":\"Sabrina Sato relembra luta do pai contra o c\u00e2ncer e fala sobre amadurecimento familiar: \u201cAprendi o real sentido de cuidar\u201d - Portal do Estado\",\"isPartOf\":{\"@id\":\"https:\/\/portaldoestado.com.br\/#website\"},\"primaryImageOfPage\":{\"@id\":\"https:\/\/portaldoestado.com.br\/index.php\/2025\/10\/30\/sabrina-sato-relembra-luta-do-pai-contra-o-cancer-e-fala-sobre-amadurecimento-familiar-aprendi-o-real-sentido-de-cuidar\/#primaryimage\"},\"image\":{\"@id\":\"https:\/\/portaldoestado.com.br\/index.php\/2025\/10\/30\/sabrina-sato-relembra-luta-do-pai-contra-o-cancer-e-fala-sobre-amadurecimento-familiar-aprendi-o-real-sentido-de-cuidar\/#primaryimage\"},\"thumbnailUrl\":\"https:\/\/portaldoestado.com.br\/wp-content\/uploads\/2025\/10\/Sabrina-Sato-e-pai-Omar.jpg\",\"datePublished\":\"2025-10-30T14:31:30+00:00\",\"breadcrumb\":{\"@id\":\"https:\/\/portaldoestado.com.br\/index.php\/2025\/10\/30\/sabrina-sato-relembra-luta-do-pai-contra-o-cancer-e-fala-sobre-amadurecimento-familiar-aprendi-o-real-sentido-de-cuidar\/#breadcrumb\"},\"inLanguage\":\"pt-BR\",\"potentialAction\":[{\"@type\":\"ReadAction\",\"target\":[\"https:\/\/portaldoestado.com.br\/index.php\/2025\/10\/30\/sabrina-sato-relembra-luta-do-pai-contra-o-cancer-e-fala-sobre-amadurecimento-familiar-aprendi-o-real-sentido-de-cuidar\/\"]}]},{\"@type\":\"ImageObject\",\"inLanguage\":\"pt-BR\",\"@id\":\"https:\/\/portaldoestado.com.br\/index.php\/2025\/10\/30\/sabrina-sato-relembra-luta-do-pai-contra-o-cancer-e-fala-sobre-amadurecimento-familiar-aprendi-o-real-sentido-de-cuidar\/#primaryimage\",\"url\":\"https:\/\/portaldoestado.com.br\/wp-content\/uploads\/2025\/10\/Sabrina-Sato-e-pai-Omar.jpg\",\"contentUrl\":\"https:\/\/portaldoestado.com.br\/wp-content\/uploads\/2025\/10\/Sabrina-Sato-e-pai-Omar.jpg\",\"width\":1200,\"height\":900},{\"@type\":\"BreadcrumbList\",\"@id\":\"https:\/\/portaldoestado.com.br\/index.php\/2025\/10\/30\/sabrina-sato-relembra-luta-do-pai-contra-o-cancer-e-fala-sobre-amadurecimento-familiar-aprendi-o-real-sentido-de-cuidar\/#breadcrumb\",\"itemListElement\":[{\"@type\":\"ListItem\",\"position\":1,\"name\":\"In\u00edcio\",\"item\":\"https:\/\/portaldoestado.com.br\/\"},{\"@type\":\"ListItem\",\"position\":2,\"name\":\"Sabrina Sato relembra luta do pai contra o c\u00e2ncer e fala sobre amadurecimento familiar: \u201cAprendi o real sentido de cuidar\u201d\"}]},{\"@type\":\"WebSite\",\"@id\":\"https:\/\/portaldoestado.com.br\/#website\",\"url\":\"https:\/\/portaldoestado.com.br\/\",\"name\":\"Portal do Estado\",\"description\":\"\",\"publisher\":{\"@id\":\"https:\/\/portaldoestado.com.br\/#organization\"},\"potentialAction\":[{\"@type\":\"SearchAction\",\"target\":{\"@type\":\"EntryPoint\",\"urlTemplate\":\"https:\/\/portaldoestado.com.br\/?s={search_term_string}\"},\"query-input\":{\"@type\":\"PropertyValueSpecification\",\"valueRequired\":true,\"valueName\":\"search_term_string\"}}],\"inLanguage\":\"pt-BR\"},{\"@type\":\"Organization\",\"@id\":\"https:\/\/portaldoestado.com.br\/#organization\",\"name\":\"Portal do Estado\",\"url\":\"https:\/\/portaldoestado.com.br\/\",\"logo\":{\"@type\":\"ImageObject\",\"inLanguage\":\"pt-BR\",\"@id\":\"https:\/\/portaldoestado.com.br\/#\/schema\/logo\/image\/\",\"url\":\"https:\/\/portaldoestado.com.br\/wp-content\/uploads\/2025\/04\/cropped-6f69b19a-6472-43bf-b1b3-e1910bbbd4e8.png\",\"contentUrl\":\"https:\/\/portaldoestado.com.br\/wp-content\/uploads\/2025\/04\/cropped-6f69b19a-6472-43bf-b1b3-e1910bbbd4e8.png\",\"width\":1024,\"height\":350,\"caption\":\"Portal do Estado\"},\"image\":{\"@id\":\"https:\/\/portaldoestado.com.br\/#\/schema\/logo\/image\/\"}},{\"@type\":\"Person\",\"@id\":\"https:\/\/portaldoestado.com.br\/#\/schema\/person\/5ca0174f3c8c84b59da62ea14b698cb9\",\"name\":\"assessoriadefamosos\",\"image\":{\"@type\":\"ImageObject\",\"inLanguage\":\"pt-BR\",\"@id\":\"https:\/\/portaldoestado.com.br\/#\/schema\/person\/image\/\",\"url\":\"https:\/\/secure.gravatar.com\/avatar\/a7acbdffcfbbae7240e59f47fe511ec5f5d8c252c779f0b8d9ab02a9e1d8c5ed?s=96&d=mm&r=g\",\"contentUrl\":\"https:\/\/secure.gravatar.com\/avatar\/a7acbdffcfbbae7240e59f47fe511ec5f5d8c252c779f0b8d9ab02a9e1d8c5ed?s=96&d=mm&r=g\",\"caption\":\"assessoriadefamosos\"},\"url\":\"https:\/\/portaldoestado.com.br\/index.php\/author\/assessoriadefamosos\/\"}]}<\/script>\n<!-- \/ Yoast SEO plugin. -->","yoast_head_json":{"title":"Sabrina Sato relembra luta do pai contra o c\u00e2ncer e fala sobre amadurecimento familiar: \u201cAprendi o real sentido de cuidar\u201d - Portal do Estado","robots":{"index":"index","follow":"follow","max-snippet":"max-snippet:-1","max-image-preview":"max-image-preview:large","max-video-preview":"max-video-preview:-1"},"canonical":"https:\/\/portaldoestado.com.br\/index.php\/2025\/10\/30\/sabrina-sato-relembra-luta-do-pai-contra-o-cancer-e-fala-sobre-amadurecimento-familiar-aprendi-o-real-sentido-de-cuidar\/","og_locale":"pt_BR","og_type":"article","og_title":"Sabrina Sato relembra luta do pai contra o c\u00e2ncer e fala sobre amadurecimento familiar: \u201cAprendi o real sentido de cuidar\u201d - Portal do Estado","og_description":"Sabrina Sato emocionou o p\u00fablico ao compartilhar, durante o programa \u201cSaia Justa\u201d exibido na quarta-feira (29\/10), os bastidores do per\u00edodo delicado em que seu pai, Omar Rahal, foi diagnosticado com c\u00e2ncer no p\u00e2ncreas. A apresentadora contou que o susto trouxe uma nova perspectiva sobre a vida e o envelhecimento dos pais. De acordo com Sabrina, \u2026","og_url":"https:\/\/portaldoestado.com.br\/index.php\/2025\/10\/30\/sabrina-sato-relembra-luta-do-pai-contra-o-cancer-e-fala-sobre-amadurecimento-familiar-aprendi-o-real-sentido-de-cuidar\/","og_site_name":"Portal do Estado","article_published_time":"2025-10-30T14:31:30+00:00","og_image":[{"width":1200,"height":900,"url":"https:\/\/portaldoestado.com.br\/wp-content\/uploads\/2025\/10\/Sabrina-Sato-e-pai-Omar.jpg","type":"image\/jpeg"}],"author":"assessoriadefamosos","twitter_card":"summary_large_image","twitter_misc":{"Escrito por":"assessoriadefamosos","Est. tempo de leitura":"1 minuto"},"schema":{"@context":"https:\/\/schema.org","@graph":[{"@type":"Article","@id":"https:\/\/portaldoestado.com.br\/index.php\/2025\/10\/30\/sabrina-sato-relembra-luta-do-pai-contra-o-cancer-e-fala-sobre-amadurecimento-familiar-aprendi-o-real-sentido-de-cuidar\/#article","isPartOf":{"@id":"https:\/\/portaldoestado.com.br\/index.php\/2025\/10\/30\/sabrina-sato-relembra-luta-do-pai-contra-o-cancer-e-fala-sobre-amadurecimento-familiar-aprendi-o-real-sentido-de-cuidar\/"},"author":{"name":"assessoriadefamosos","@id":"https:\/\/portaldoestado.com.br\/#\/schema\/person\/5ca0174f3c8c84b59da62ea14b698cb9"},"headline":"Sabrina Sato relembra luta do pai contra o c\u00e2ncer e fala sobre amadurecimento familiar: \u201cAprendi o real sentido de cuidar\u201d","datePublished":"2025-10-30T14:31:30+00:00","mainEntityOfPage":{"@id":"https:\/\/portaldoestado.com.br\/index.php\/2025\/10\/30\/sabrina-sato-relembra-luta-do-pai-contra-o-cancer-e-fala-sobre-amadurecimento-familiar-aprendi-o-real-sentido-de-cuidar\/"},"wordCount":307,"publisher":{"@id":"https:\/\/portaldoestado.com.br\/#organization"},"image":{"@id":"https:\/\/portaldoestado.com.br\/index.php\/2025\/10\/30\/sabrina-sato-relembra-luta-do-pai-contra-o-cancer-e-fala-sobre-amadurecimento-familiar-aprendi-o-real-sentido-de-cuidar\/#primaryimage"},"thumbnailUrl":"https:\/\/portaldoestado.com.br\/wp-content\/uploads\/2025\/10\/Sabrina-Sato-e-pai-Omar.jpg","articleSection":["Famosos"],"inLanguage":"pt-BR"},{"@type":"WebPage","@id":"https:\/\/portaldoestado.com.br\/index.php\/2025\/10\/30\/sabrina-sato-relembra-luta-do-pai-contra-o-cancer-e-fala-sobre-amadurecimento-familiar-aprendi-o-real-sentido-de-cuidar\/","url":"https:\/\/portaldoestado.com.br\/index.php\/2025\/10\/30\/sabrina-sato-relembra-luta-do-pai-contra-o-cancer-e-fala-sobre-amadurecimento-familiar-aprendi-o-real-sentido-de-cuidar\/","name":"Sabrina Sato relembra luta do pai contra o c\u00e2ncer e fala sobre amadurecimento familiar: \u201cAprendi o real sentido de cuidar\u201d - Portal do Estado","isPartOf":{"@id":"https:\/\/portaldoestado.com.br\/#website"},"primaryImageOfPage":{"@id":"https:\/\/portaldoestado.com.br\/index.php\/2025\/10\/30\/sabrina-sato-relembra-luta-do-pai-contra-o-cancer-e-fala-sobre-amadurecimento-familiar-aprendi-o-real-sentido-de-cuidar\/#primaryimage"},"image":{"@id":"https:\/\/portaldoestado.com.br\/index.php\/2025\/10\/30\/sabrina-sato-relembra-luta-do-pai-contra-o-cancer-e-fala-sobre-amadurecimento-familiar-aprendi-o-real-sentido-de-cuidar\/#primaryimage"},"thumbnailUrl":"https:\/\/portaldoestado.com.br\/wp-content\/uploads\/2025\/10\/Sabrina-Sato-e-pai-Omar.jpg","datePublished":"2025-10-30T14:31:30+00:00","breadcrumb":{"@id":"https:\/\/portaldoestado.com.br\/index.php\/2025\/10\/30\/sabrina-sato-relembra-luta-do-pai-contra-o-cancer-e-fala-sobre-amadurecimento-familiar-aprendi-o-real-sentido-de-cuidar\/#breadcrumb"},"inLanguage":"pt-BR","potentialAction":[{"@type":"ReadAction","target":["https:\/\/portaldoestado.com.br\/index.php\/2025\/10\/30\/sabrina-sato-relembra-luta-do-pai-contra-o-cancer-e-fala-sobre-amadurecimento-familiar-aprendi-o-real-sentido-de-cuidar\/"]}]},{"@type":"ImageObject","inLanguage":"pt-BR","@id":"https:\/\/portaldoestado.com.br\/index.php\/2025\/10\/30\/sabrina-sato-relembra-luta-do-pai-contra-o-cancer-e-fala-sobre-amadurecimento-familiar-aprendi-o-real-sentido-de-cuidar\/#primaryimage","url":"https:\/\/portaldoestado.com.br\/wp-content\/uploads\/2025\/10\/Sabrina-Sato-e-pai-Omar.jpg","contentUrl":"https:\/\/portaldoestado.com.br\/wp-content\/uploads\/2025\/10\/Sabrina-Sato-e-pai-Omar.jpg","width":1200,"height":900},{"@type":"BreadcrumbList","@id":"https:\/\/portaldoestado.com.br\/index.php\/2025\/10\/30\/sabrina-sato-relembra-luta-do-pai-contra-o-cancer-e-fala-sobre-amadurecimento-familiar-aprendi-o-real-sentido-de-cuidar\/#breadcrumb","itemListElement":[{"@type":"ListItem","position":1,"name":"In\u00edcio","item":"https:\/\/portaldoestado.com.br\/"},{"@type":"ListItem","position":2,"name":"Sabrina Sato relembra luta do pai contra o c\u00e2ncer e fala sobre amadurecimento familiar: \u201cAprendi o real sentido de cuidar\u201d"}]},{"@type":"WebSite","@id":"https:\/\/portaldoestado.com.br\/#website","url":"https:\/\/portaldoestado.com.br\/","name":"Portal do Estado","description":"","publisher":{"@id":"https:\/\/portaldoestado.com.br\/#organization"},"potentialAction":[{"@type":"SearchAction","target":{"@type":"EntryPoint","urlTemplate":"https:\/\/portaldoestado.com.br\/?s={search_term_string}"},"query-input":{"@type":"PropertyValueSpecification","valueRequired":true,"valueName":"search_term_string"}}],"inLanguage":"pt-BR"},{"@type":"Organization","@id":"https:\/\/portaldoestado.com.br\/#organization","name":"Portal do Estado","url":"https:\/\/portaldoestado.com.br\/","logo":{"@type":"ImageObject","inLanguage":"pt-BR","@id":"https:\/\/portaldoestado.com.br\/#\/schema\/logo\/image\/","url":"https:\/\/portaldoestado.com.br\/wp-content\/uploads\/2025\/04\/cropped-6f69b19a-6472-43bf-b1b3-e1910bbbd4e8.png","contentUrl":"https:\/\/portaldoestado.com.br\/wp-content\/uploads\/2025\/04\/cropped-6f69b19a-6472-43bf-b1b3-e1910bbbd4e8.png","width":1024,"height":350,"caption":"Portal do Estado"},"image":{"@id":"https:\/\/portaldoestado.com.br\/#\/schema\/logo\/image\/"}},{"@type":"Person","@id":"https:\/\/portaldoestado.com.br\/#\/schema\/person\/5ca0174f3c8c84b59da62ea14b698cb9","name":"assessoriadefamosos","image":{"@type":"ImageObject","inLanguage":"pt-BR","@id":"https:\/\/portaldoestado.com.br\/#\/schema\/person\/image\/","url":"https:\/\/secure.gravatar.com\/avatar\/a7acbdffcfbbae7240e59f47fe511ec5f5d8c252c779f0b8d9ab02a9e1d8c5ed?s=96&d=mm&r=g","contentUrl":"https:\/\/secure.gravatar.com\/avatar\/a7acbdffcfbbae7240e59f47fe511ec5f5d8c252c779f0b8d9ab02a9e1d8c5ed?s=96&d=mm&r=g","caption":"assessoriadefamosos"},"url":"https:\/\/portaldoestado.com.br\/index.php\/author\/assessoriadefamosos\/"}]}},"jetpack_featured_media_url":"https:\/\/portaldoestado.com.br\/wp-content\/uploads\/2025\/10\/Sabrina-Sato-e-pai-Omar.jpg","_links":{"self":[{"href":"https:\/\/portaldoestado.com.br\/index.php\/wp-json\/wp\/v2\/posts\/4120","targetHints":{"allow":["GET"]}}],"collection":[{"href":"https:\/\/portaldoestado.com.br\/index.php\/wp-json\/wp\/v2\/posts"}],"about":[{"href":"https:\/\/portaldoestado.com.br\/index.php\/wp-json\/wp\/v2\/types\/post"}],"author":[{"embeddable":true,"href":"https:\/\/portaldoestado.com.br\/index.php\/wp-json\/wp\/v2\/users\/2"}],"replies":[{"embeddable":true,"href":"https:\/\/portaldoestado.com.br\/index.php\/wp-json\/wp\/v2\/comments?post=4120"}],"version-history":[{"count":1,"href":"https:\/\/portaldoestado.com.br\/index.php\/wp-json\/wp\/v2\/posts\/4120\/revisions"}],"predecessor-version":[{"id":4121,"href":"https:\/\/portaldoestado.com.br\/index.php\/wp-json\/wp\/v2\/posts\/4120\/revisions\/4121"}],"wp:featuredmedia":[{"embeddable":true,"href":"https:\/\/portaldoestado.com.br\/index.php\/wp-json\/wp\/v2\/media\/4119"}],"wp:attachment":[{"href":"https:\/\/portaldoestado.com.br\/index.php\/wp-json\/wp\/v2\/media?parent=4120"}],"wp:term":[{"taxonomy":"category","embeddable":true,"href":"https:\/\/portaldoestado.com.br\/index.php\/wp-json\/wp\/v2\/categories?post=4120"},{"taxonomy":"post_tag","embeddable":true,"href":"https:\/\/portaldoestado.com.br\/index.php\/wp-json\/wp\/v2\/tags?post=4120"}],"curies":[{"name":"wp","href":"https:\/\/api.w.org\/{rel}","templated":true}]}}