{"id":4111,"date":"2025-10-30T14:19:15","date_gmt":"2025-10-30T14:19:15","guid":{"rendered":"https:\/\/portaldoestado.com.br\/?p=4111"},"modified":"2025-10-30T14:19:15","modified_gmt":"2025-10-30T14:19:15","slug":"paolla-oliveira-fala-sobre-autoaceitacao-e-desabafa-sobre-padroes-de-beleza-aprendi-a-me-libertar-dos-julgamentos","status":"publish","type":"post","link":"https:\/\/portaldoestado.com.br\/index.php\/2025\/10\/30\/paolla-oliveira-fala-sobre-autoaceitacao-e-desabafa-sobre-padroes-de-beleza-aprendi-a-me-libertar-dos-julgamentos\/","title":{"rendered":"Paolla Oliveira fala sobre autoaceita\u00e7\u00e3o e desabafa sobre padr\u00f5es de beleza: \u201cAprendi a me libertar dos julgamentos\u201d"},"content":{"rendered":"\n<p>Durante uma conversa sincera no videocast <strong>\u201cJornada da Beleza\u201d<\/strong>, da <em>Glamour Brasil<\/em>, exibido nesta quarta-feira (29\/10), <strong>Paolla Oliveira<\/strong> refletiu sobre sua trajet\u00f3ria, as inseguran\u00e7as e a forma como aprendeu a lidar com as cobran\u00e7as em torno da apar\u00eancia. A atriz contou que, durante boa parte da carreira, sentiu que era mais observada pela imagem do que reconhecida pelo talento.<\/p>\n\n\n\n<blockquote class=\"wp-block-quote is-layout-flow wp-block-quote-is-layout-flow\">\n<p>\u201cTive fases em que a minha apar\u00eancia parecia mais importante do que o meu trabalho. Falavam sobre o meu corpo, sobre como eu estava, e n\u00e3o sobre o que eu fazia artisticamente\u201d, relembrou.<\/p>\n<\/blockquote>\n\n\n\n<p>No epis\u00f3dio intitulado <strong>\u201cFiscal de corpo alheio\u201d<\/strong>, Paolla conversou com <strong>Dani Rudz<\/strong>, <strong>Manu Xavier<\/strong> e <strong>Isabella Marinelli<\/strong> sobre o impacto das cr\u00edticas na autoestima. A artista revelou que precisou de tempo e amadurecimento para compreender que n\u00e3o precisava corresponder \u00e0s expectativas externas.<\/p>\n\n\n\n<blockquote class=\"wp-block-quote is-layout-flow wp-block-quote-is-layout-flow\">\n<p>\u201cDurante muito tempo, eu me enxergava pelos olhos dos outros. Estava t\u00e3o preocupada em atender o que esperavam de mim que deixava de olhar para o que eu realmente era. Foi um processo entender que n\u00e3o precisava viver nesse desconforto\u201d, disse.<\/p>\n<\/blockquote>\n\n\n\n<p>Um dos momentos marcantes dessa mudan\u00e7a, segundo ela, aconteceu ap\u00f3s ver uma foto sua na praia ganhar repercuss\u00e3o negativa nas redes sociais.<\/p>\n\n\n\n<blockquote class=\"wp-block-quote is-layout-flow wp-block-quote-is-layout-flow\">\n<p>\u201cCome\u00e7aram a apontar supostos \u2018defeitos\u2019, e antes isso me abalaria profundamente. Eu me sentia culpada, como se tivesse feito algo errado. Hoje, vejo as mesmas coisas e simplesmente n\u00e3o sinto mais nada. Isso mostra o quanto evolu\u00ed\u201d, contou.<\/p>\n<\/blockquote>\n\n\n\n<p>A atriz destacou ainda a import\u00e2ncia de se desvincular da busca por aceita\u00e7\u00e3o:<\/p>\n\n\n\n<blockquote class=\"wp-block-quote is-layout-flow wp-block-quote-is-layout-flow\">\n<p>\u201cA internet cria padr\u00f5es irreais. Aprender a n\u00e3o depender da aprova\u00e7\u00e3o dos outros \u00e9 libertador. Hoje, eu escolho me acolher em vez de me julgar\u201d, afirmou.<\/p>\n<\/blockquote>\n\n\n\n<p>Com uma carreira consolidada e uma postura cada vez mais inspiradora, Paolla encerrou a conversa com uma mensagem de for\u00e7a:<\/p>\n\n\n\n<blockquote class=\"wp-block-quote is-layout-flow wp-block-quote-is-layout-flow\">\n<p>\u201cN\u00e3o deixem que os coment\u00e1rios definam quem voc\u00eas s\u00e3o. Cada mulher tem o direito de se sentir linda, do jeito que \u00e9.\u201d<\/p>\n<\/blockquote>\n","protected":false},"excerpt":{"rendered":"<p>Durante uma conversa sincera no videocast \u201cJornada da Beleza\u201d, da Glamour Brasil, exibido nesta quarta-feira (29\/10), Paolla Oliveira refletiu sobre sua trajet\u00f3ria, as inseguran\u00e7as e a forma como aprendeu a lidar com as cobran\u00e7as em torno da apar\u00eancia. A atriz contou que, durante boa parte da carreira, sentiu que era mais observada pela imagem do \u2026<\/p>\n","protected":false},"author":2,"featured_media":4110,"comment_status":"closed","ping_status":"open","sticky":false,"template":"","format":"standard","meta":{"footnotes":""},"categories":[3],"tags":[],"class_list":["post-4111","post","type-post","status-publish","format-standard","has-post-thumbnail","hentry","category-famosos"],"yoast_head":"<!-- This site is optimized with the Yoast SEO plugin v25.5 - https:\/\/yoast.com\/wordpress\/plugins\/seo\/ -->\n<title>Paolla Oliveira fala sobre autoaceita\u00e7\u00e3o e desabafa sobre padr\u00f5es de beleza: \u201cAprendi a me libertar dos julgamentos\u201d - Portal do Estado<\/title>\n<meta name=\"robots\" content=\"index, follow, max-snippet:-1, max-image-preview:large, max-video-preview:-1\" \/>\n<link rel=\"canonical\" href=\"https:\/\/portaldoestado.com.br\/index.php\/2025\/10\/30\/paolla-oliveira-fala-sobre-autoaceitacao-e-desabafa-sobre-padroes-de-beleza-aprendi-a-me-libertar-dos-julgamentos\/\" \/>\n<meta property=\"og:locale\" content=\"pt_BR\" \/>\n<meta property=\"og:type\" content=\"article\" \/>\n<meta property=\"og:title\" content=\"Paolla Oliveira fala sobre autoaceita\u00e7\u00e3o e desabafa sobre padr\u00f5es de beleza: \u201cAprendi a me libertar dos julgamentos\u201d - Portal do Estado\" \/>\n<meta property=\"og:description\" content=\"Durante uma conversa sincera no videocast \u201cJornada da Beleza\u201d, da Glamour Brasil, exibido nesta quarta-feira (29\/10), Paolla Oliveira refletiu sobre sua trajet\u00f3ria, as inseguran\u00e7as e a forma como aprendeu a lidar com as cobran\u00e7as em torno da apar\u00eancia. A atriz contou que, durante boa parte da carreira, sentiu que era mais observada pela imagem do \u2026\" \/>\n<meta property=\"og:url\" content=\"https:\/\/portaldoestado.com.br\/index.php\/2025\/10\/30\/paolla-oliveira-fala-sobre-autoaceitacao-e-desabafa-sobre-padroes-de-beleza-aprendi-a-me-libertar-dos-julgamentos\/\" \/>\n<meta property=\"og:site_name\" content=\"Portal do Estado\" \/>\n<meta property=\"article:published_time\" content=\"2025-10-30T14:19:15+00:00\" \/>\n<meta property=\"og:image\" content=\"https:\/\/portaldoestado.com.br\/wp-content\/uploads\/2025\/10\/K9TLZXzL-Tamanho-portal-12.jpg\" \/>\n\t<meta property=\"og:image:width\" content=\"1200\" \/>\n\t<meta property=\"og:image:height\" content=\"900\" \/>\n\t<meta property=\"og:image:type\" content=\"image\/jpeg\" \/>\n<meta name=\"author\" content=\"assessoriadefamosos\" \/>\n<meta name=\"twitter:card\" content=\"summary_large_image\" \/>\n<meta name=\"twitter:label1\" content=\"Escrito por\" \/>\n\t<meta name=\"twitter:data1\" content=\"assessoriadefamosos\" \/>\n\t<meta name=\"twitter:label2\" content=\"Est. tempo de leitura\" \/>\n\t<meta name=\"twitter:data2\" content=\"2 minutos\" \/>\n<script type=\"application\/ld+json\" class=\"yoast-schema-graph\">{\"@context\":\"https:\/\/schema.org\",\"@graph\":[{\"@type\":\"Article\",\"@id\":\"https:\/\/portaldoestado.com.br\/index.php\/2025\/10\/30\/paolla-oliveira-fala-sobre-autoaceitacao-e-desabafa-sobre-padroes-de-beleza-aprendi-a-me-libertar-dos-julgamentos\/#article\",\"isPartOf\":{\"@id\":\"https:\/\/portaldoestado.com.br\/index.php\/2025\/10\/30\/paolla-oliveira-fala-sobre-autoaceitacao-e-desabafa-sobre-padroes-de-beleza-aprendi-a-me-libertar-dos-julgamentos\/\"},\"author\":{\"name\":\"assessoriadefamosos\",\"@id\":\"https:\/\/portaldoestado.com.br\/#\/schema\/person\/5ca0174f3c8c84b59da62ea14b698cb9\"},\"headline\":\"Paolla Oliveira fala sobre autoaceita\u00e7\u00e3o e desabafa sobre padr\u00f5es de beleza: \u201cAprendi a me libertar dos julgamentos\u201d\",\"datePublished\":\"2025-10-30T14:19:15+00:00\",\"mainEntityOfPage\":{\"@id\":\"https:\/\/portaldoestado.com.br\/index.php\/2025\/10\/30\/paolla-oliveira-fala-sobre-autoaceitacao-e-desabafa-sobre-padroes-de-beleza-aprendi-a-me-libertar-dos-julgamentos\/\"},\"wordCount\":358,\"publisher\":{\"@id\":\"https:\/\/portaldoestado.com.br\/#organization\"},\"image\":{\"@id\":\"https:\/\/portaldoestado.com.br\/index.php\/2025\/10\/30\/paolla-oliveira-fala-sobre-autoaceitacao-e-desabafa-sobre-padroes-de-beleza-aprendi-a-me-libertar-dos-julgamentos\/#primaryimage\"},\"thumbnailUrl\":\"https:\/\/portaldoestado.com.br\/wp-content\/uploads\/2025\/10\/K9TLZXzL-Tamanho-portal-12.jpg\",\"articleSection\":[\"Famosos\"],\"inLanguage\":\"pt-BR\"},{\"@type\":\"WebPage\",\"@id\":\"https:\/\/portaldoestado.com.br\/index.php\/2025\/10\/30\/paolla-oliveira-fala-sobre-autoaceitacao-e-desabafa-sobre-padroes-de-beleza-aprendi-a-me-libertar-dos-julgamentos\/\",\"url\":\"https:\/\/portaldoestado.com.br\/index.php\/2025\/10\/30\/paolla-oliveira-fala-sobre-autoaceitacao-e-desabafa-sobre-padroes-de-beleza-aprendi-a-me-libertar-dos-julgamentos\/\",\"name\":\"Paolla Oliveira fala sobre autoaceita\u00e7\u00e3o e desabafa sobre padr\u00f5es de beleza: \u201cAprendi a me libertar dos julgamentos\u201d - Portal do Estado\",\"isPartOf\":{\"@id\":\"https:\/\/portaldoestado.com.br\/#website\"},\"primaryImageOfPage\":{\"@id\":\"https:\/\/portaldoestado.com.br\/index.php\/2025\/10\/30\/paolla-oliveira-fala-sobre-autoaceitacao-e-desabafa-sobre-padroes-de-beleza-aprendi-a-me-libertar-dos-julgamentos\/#primaryimage\"},\"image\":{\"@id\":\"https:\/\/portaldoestado.com.br\/index.php\/2025\/10\/30\/paolla-oliveira-fala-sobre-autoaceitacao-e-desabafa-sobre-padroes-de-beleza-aprendi-a-me-libertar-dos-julgamentos\/#primaryimage\"},\"thumbnailUrl\":\"https:\/\/portaldoestado.com.br\/wp-content\/uploads\/2025\/10\/K9TLZXzL-Tamanho-portal-12.jpg\",\"datePublished\":\"2025-10-30T14:19:15+00:00\",\"breadcrumb\":{\"@id\":\"https:\/\/portaldoestado.com.br\/index.php\/2025\/10\/30\/paolla-oliveira-fala-sobre-autoaceitacao-e-desabafa-sobre-padroes-de-beleza-aprendi-a-me-libertar-dos-julgamentos\/#breadcrumb\"},\"inLanguage\":\"pt-BR\",\"potentialAction\":[{\"@type\":\"ReadAction\",\"target\":[\"https:\/\/portaldoestado.com.br\/index.php\/2025\/10\/30\/paolla-oliveira-fala-sobre-autoaceitacao-e-desabafa-sobre-padroes-de-beleza-aprendi-a-me-libertar-dos-julgamentos\/\"]}]},{\"@type\":\"ImageObject\",\"inLanguage\":\"pt-BR\",\"@id\":\"https:\/\/portaldoestado.com.br\/index.php\/2025\/10\/30\/paolla-oliveira-fala-sobre-autoaceitacao-e-desabafa-sobre-padroes-de-beleza-aprendi-a-me-libertar-dos-julgamentos\/#primaryimage\",\"url\":\"https:\/\/portaldoestado.com.br\/wp-content\/uploads\/2025\/10\/K9TLZXzL-Tamanho-portal-12.jpg\",\"contentUrl\":\"https:\/\/portaldoestado.com.br\/wp-content\/uploads\/2025\/10\/K9TLZXzL-Tamanho-portal-12.jpg\",\"width\":1200,\"height\":900},{\"@type\":\"BreadcrumbList\",\"@id\":\"https:\/\/portaldoestado.com.br\/index.php\/2025\/10\/30\/paolla-oliveira-fala-sobre-autoaceitacao-e-desabafa-sobre-padroes-de-beleza-aprendi-a-me-libertar-dos-julgamentos\/#breadcrumb\",\"itemListElement\":[{\"@type\":\"ListItem\",\"position\":1,\"name\":\"In\u00edcio\",\"item\":\"https:\/\/portaldoestado.com.br\/\"},{\"@type\":\"ListItem\",\"position\":2,\"name\":\"Paolla Oliveira fala sobre autoaceita\u00e7\u00e3o e desabafa sobre padr\u00f5es de beleza: \u201cAprendi a me libertar dos julgamentos\u201d\"}]},{\"@type\":\"WebSite\",\"@id\":\"https:\/\/portaldoestado.com.br\/#website\",\"url\":\"https:\/\/portaldoestado.com.br\/\",\"name\":\"Portal do Estado\",\"description\":\"\",\"publisher\":{\"@id\":\"https:\/\/portaldoestado.com.br\/#organization\"},\"potentialAction\":[{\"@type\":\"SearchAction\",\"target\":{\"@type\":\"EntryPoint\",\"urlTemplate\":\"https:\/\/portaldoestado.com.br\/?s={search_term_string}\"},\"query-input\":{\"@type\":\"PropertyValueSpecification\",\"valueRequired\":true,\"valueName\":\"search_term_string\"}}],\"inLanguage\":\"pt-BR\"},{\"@type\":\"Organization\",\"@id\":\"https:\/\/portaldoestado.com.br\/#organization\",\"name\":\"Portal do Estado\",\"url\":\"https:\/\/portaldoestado.com.br\/\",\"logo\":{\"@type\":\"ImageObject\",\"inLanguage\":\"pt-BR\",\"@id\":\"https:\/\/portaldoestado.com.br\/#\/schema\/logo\/image\/\",\"url\":\"https:\/\/portaldoestado.com.br\/wp-content\/uploads\/2025\/04\/cropped-6f69b19a-6472-43bf-b1b3-e1910bbbd4e8.png\",\"contentUrl\":\"https:\/\/portaldoestado.com.br\/wp-content\/uploads\/2025\/04\/cropped-6f69b19a-6472-43bf-b1b3-e1910bbbd4e8.png\",\"width\":1024,\"height\":350,\"caption\":\"Portal do Estado\"},\"image\":{\"@id\":\"https:\/\/portaldoestado.com.br\/#\/schema\/logo\/image\/\"}},{\"@type\":\"Person\",\"@id\":\"https:\/\/portaldoestado.com.br\/#\/schema\/person\/5ca0174f3c8c84b59da62ea14b698cb9\",\"name\":\"assessoriadefamosos\",\"image\":{\"@type\":\"ImageObject\",\"inLanguage\":\"pt-BR\",\"@id\":\"https:\/\/portaldoestado.com.br\/#\/schema\/person\/image\/\",\"url\":\"https:\/\/secure.gravatar.com\/avatar\/a7acbdffcfbbae7240e59f47fe511ec5f5d8c252c779f0b8d9ab02a9e1d8c5ed?s=96&d=mm&r=g\",\"contentUrl\":\"https:\/\/secure.gravatar.com\/avatar\/a7acbdffcfbbae7240e59f47fe511ec5f5d8c252c779f0b8d9ab02a9e1d8c5ed?s=96&d=mm&r=g\",\"caption\":\"assessoriadefamosos\"},\"url\":\"https:\/\/portaldoestado.com.br\/index.php\/author\/assessoriadefamosos\/\"}]}<\/script>\n<!-- \/ Yoast SEO plugin. -->","yoast_head_json":{"title":"Paolla Oliveira fala sobre autoaceita\u00e7\u00e3o e desabafa sobre padr\u00f5es de beleza: \u201cAprendi a me libertar dos julgamentos\u201d - Portal do Estado","robots":{"index":"index","follow":"follow","max-snippet":"max-snippet:-1","max-image-preview":"max-image-preview:large","max-video-preview":"max-video-preview:-1"},"canonical":"https:\/\/portaldoestado.com.br\/index.php\/2025\/10\/30\/paolla-oliveira-fala-sobre-autoaceitacao-e-desabafa-sobre-padroes-de-beleza-aprendi-a-me-libertar-dos-julgamentos\/","og_locale":"pt_BR","og_type":"article","og_title":"Paolla Oliveira fala sobre autoaceita\u00e7\u00e3o e desabafa sobre padr\u00f5es de beleza: \u201cAprendi a me libertar dos julgamentos\u201d - Portal do Estado","og_description":"Durante uma conversa sincera no videocast \u201cJornada da Beleza\u201d, da Glamour Brasil, exibido nesta quarta-feira (29\/10), Paolla Oliveira refletiu sobre sua trajet\u00f3ria, as inseguran\u00e7as e a forma como aprendeu a lidar com as cobran\u00e7as em torno da apar\u00eancia. A atriz contou que, durante boa parte da carreira, sentiu que era mais observada pela imagem do \u2026","og_url":"https:\/\/portaldoestado.com.br\/index.php\/2025\/10\/30\/paolla-oliveira-fala-sobre-autoaceitacao-e-desabafa-sobre-padroes-de-beleza-aprendi-a-me-libertar-dos-julgamentos\/","og_site_name":"Portal do Estado","article_published_time":"2025-10-30T14:19:15+00:00","og_image":[{"width":1200,"height":900,"url":"https:\/\/portaldoestado.com.br\/wp-content\/uploads\/2025\/10\/K9TLZXzL-Tamanho-portal-12.jpg","type":"image\/jpeg"}],"author":"assessoriadefamosos","twitter_card":"summary_large_image","twitter_misc":{"Escrito por":"assessoriadefamosos","Est. tempo de leitura":"2 minutos"},"schema":{"@context":"https:\/\/schema.org","@graph":[{"@type":"Article","@id":"https:\/\/portaldoestado.com.br\/index.php\/2025\/10\/30\/paolla-oliveira-fala-sobre-autoaceitacao-e-desabafa-sobre-padroes-de-beleza-aprendi-a-me-libertar-dos-julgamentos\/#article","isPartOf":{"@id":"https:\/\/portaldoestado.com.br\/index.php\/2025\/10\/30\/paolla-oliveira-fala-sobre-autoaceitacao-e-desabafa-sobre-padroes-de-beleza-aprendi-a-me-libertar-dos-julgamentos\/"},"author":{"name":"assessoriadefamosos","@id":"https:\/\/portaldoestado.com.br\/#\/schema\/person\/5ca0174f3c8c84b59da62ea14b698cb9"},"headline":"Paolla Oliveira fala sobre autoaceita\u00e7\u00e3o e desabafa sobre padr\u00f5es de beleza: \u201cAprendi a me libertar dos julgamentos\u201d","datePublished":"2025-10-30T14:19:15+00:00","mainEntityOfPage":{"@id":"https:\/\/portaldoestado.com.br\/index.php\/2025\/10\/30\/paolla-oliveira-fala-sobre-autoaceitacao-e-desabafa-sobre-padroes-de-beleza-aprendi-a-me-libertar-dos-julgamentos\/"},"wordCount":358,"publisher":{"@id":"https:\/\/portaldoestado.com.br\/#organization"},"image":{"@id":"https:\/\/portaldoestado.com.br\/index.php\/2025\/10\/30\/paolla-oliveira-fala-sobre-autoaceitacao-e-desabafa-sobre-padroes-de-beleza-aprendi-a-me-libertar-dos-julgamentos\/#primaryimage"},"thumbnailUrl":"https:\/\/portaldoestado.com.br\/wp-content\/uploads\/2025\/10\/K9TLZXzL-Tamanho-portal-12.jpg","articleSection":["Famosos"],"inLanguage":"pt-BR"},{"@type":"WebPage","@id":"https:\/\/portaldoestado.com.br\/index.php\/2025\/10\/30\/paolla-oliveira-fala-sobre-autoaceitacao-e-desabafa-sobre-padroes-de-beleza-aprendi-a-me-libertar-dos-julgamentos\/","url":"https:\/\/portaldoestado.com.br\/index.php\/2025\/10\/30\/paolla-oliveira-fala-sobre-autoaceitacao-e-desabafa-sobre-padroes-de-beleza-aprendi-a-me-libertar-dos-julgamentos\/","name":"Paolla Oliveira fala sobre autoaceita\u00e7\u00e3o e desabafa sobre padr\u00f5es de beleza: \u201cAprendi a me libertar dos julgamentos\u201d - Portal do Estado","isPartOf":{"@id":"https:\/\/portaldoestado.com.br\/#website"},"primaryImageOfPage":{"@id":"https:\/\/portaldoestado.com.br\/index.php\/2025\/10\/30\/paolla-oliveira-fala-sobre-autoaceitacao-e-desabafa-sobre-padroes-de-beleza-aprendi-a-me-libertar-dos-julgamentos\/#primaryimage"},"image":{"@id":"https:\/\/portaldoestado.com.br\/index.php\/2025\/10\/30\/paolla-oliveira-fala-sobre-autoaceitacao-e-desabafa-sobre-padroes-de-beleza-aprendi-a-me-libertar-dos-julgamentos\/#primaryimage"},"thumbnailUrl":"https:\/\/portaldoestado.com.br\/wp-content\/uploads\/2025\/10\/K9TLZXzL-Tamanho-portal-12.jpg","datePublished":"2025-10-30T14:19:15+00:00","breadcrumb":{"@id":"https:\/\/portaldoestado.com.br\/index.php\/2025\/10\/30\/paolla-oliveira-fala-sobre-autoaceitacao-e-desabafa-sobre-padroes-de-beleza-aprendi-a-me-libertar-dos-julgamentos\/#breadcrumb"},"inLanguage":"pt-BR","potentialAction":[{"@type":"ReadAction","target":["https:\/\/portaldoestado.com.br\/index.php\/2025\/10\/30\/paolla-oliveira-fala-sobre-autoaceitacao-e-desabafa-sobre-padroes-de-beleza-aprendi-a-me-libertar-dos-julgamentos\/"]}]},{"@type":"ImageObject","inLanguage":"pt-BR","@id":"https:\/\/portaldoestado.com.br\/index.php\/2025\/10\/30\/paolla-oliveira-fala-sobre-autoaceitacao-e-desabafa-sobre-padroes-de-beleza-aprendi-a-me-libertar-dos-julgamentos\/#primaryimage","url":"https:\/\/portaldoestado.com.br\/wp-content\/uploads\/2025\/10\/K9TLZXzL-Tamanho-portal-12.jpg","contentUrl":"https:\/\/portaldoestado.com.br\/wp-content\/uploads\/2025\/10\/K9TLZXzL-Tamanho-portal-12.jpg","width":1200,"height":900},{"@type":"BreadcrumbList","@id":"https:\/\/portaldoestado.com.br\/index.php\/2025\/10\/30\/paolla-oliveira-fala-sobre-autoaceitacao-e-desabafa-sobre-padroes-de-beleza-aprendi-a-me-libertar-dos-julgamentos\/#breadcrumb","itemListElement":[{"@type":"ListItem","position":1,"name":"In\u00edcio","item":"https:\/\/portaldoestado.com.br\/"},{"@type":"ListItem","position":2,"name":"Paolla Oliveira fala sobre autoaceita\u00e7\u00e3o e desabafa sobre padr\u00f5es de beleza: \u201cAprendi a me libertar dos julgamentos\u201d"}]},{"@type":"WebSite","@id":"https:\/\/portaldoestado.com.br\/#website","url":"https:\/\/portaldoestado.com.br\/","name":"Portal do Estado","description":"","publisher":{"@id":"https:\/\/portaldoestado.com.br\/#organization"},"potentialAction":[{"@type":"SearchAction","target":{"@type":"EntryPoint","urlTemplate":"https:\/\/portaldoestado.com.br\/?s={search_term_string}"},"query-input":{"@type":"PropertyValueSpecification","valueRequired":true,"valueName":"search_term_string"}}],"inLanguage":"pt-BR"},{"@type":"Organization","@id":"https:\/\/portaldoestado.com.br\/#organization","name":"Portal do Estado","url":"https:\/\/portaldoestado.com.br\/","logo":{"@type":"ImageObject","inLanguage":"pt-BR","@id":"https:\/\/portaldoestado.com.br\/#\/schema\/logo\/image\/","url":"https:\/\/portaldoestado.com.br\/wp-content\/uploads\/2025\/04\/cropped-6f69b19a-6472-43bf-b1b3-e1910bbbd4e8.png","contentUrl":"https:\/\/portaldoestado.com.br\/wp-content\/uploads\/2025\/04\/cropped-6f69b19a-6472-43bf-b1b3-e1910bbbd4e8.png","width":1024,"height":350,"caption":"Portal do Estado"},"image":{"@id":"https:\/\/portaldoestado.com.br\/#\/schema\/logo\/image\/"}},{"@type":"Person","@id":"https:\/\/portaldoestado.com.br\/#\/schema\/person\/5ca0174f3c8c84b59da62ea14b698cb9","name":"assessoriadefamosos","image":{"@type":"ImageObject","inLanguage":"pt-BR","@id":"https:\/\/portaldoestado.com.br\/#\/schema\/person\/image\/","url":"https:\/\/secure.gravatar.com\/avatar\/a7acbdffcfbbae7240e59f47fe511ec5f5d8c252c779f0b8d9ab02a9e1d8c5ed?s=96&d=mm&r=g","contentUrl":"https:\/\/secure.gravatar.com\/avatar\/a7acbdffcfbbae7240e59f47fe511ec5f5d8c252c779f0b8d9ab02a9e1d8c5ed?s=96&d=mm&r=g","caption":"assessoriadefamosos"},"url":"https:\/\/portaldoestado.com.br\/index.php\/author\/assessoriadefamosos\/"}]}},"jetpack_featured_media_url":"https:\/\/portaldoestado.com.br\/wp-content\/uploads\/2025\/10\/K9TLZXzL-Tamanho-portal-12.jpg","_links":{"self":[{"href":"https:\/\/portaldoestado.com.br\/index.php\/wp-json\/wp\/v2\/posts\/4111","targetHints":{"allow":["GET"]}}],"collection":[{"href":"https:\/\/portaldoestado.com.br\/index.php\/wp-json\/wp\/v2\/posts"}],"about":[{"href":"https:\/\/portaldoestado.com.br\/index.php\/wp-json\/wp\/v2\/types\/post"}],"author":[{"embeddable":true,"href":"https:\/\/portaldoestado.com.br\/index.php\/wp-json\/wp\/v2\/users\/2"}],"replies":[{"embeddable":true,"href":"https:\/\/portaldoestado.com.br\/index.php\/wp-json\/wp\/v2\/comments?post=4111"}],"version-history":[{"count":1,"href":"https:\/\/portaldoestado.com.br\/index.php\/wp-json\/wp\/v2\/posts\/4111\/revisions"}],"predecessor-version":[{"id":4112,"href":"https:\/\/portaldoestado.com.br\/index.php\/wp-json\/wp\/v2\/posts\/4111\/revisions\/4112"}],"wp:featuredmedia":[{"embeddable":true,"href":"https:\/\/portaldoestado.com.br\/index.php\/wp-json\/wp\/v2\/media\/4110"}],"wp:attachment":[{"href":"https:\/\/portaldoestado.com.br\/index.php\/wp-json\/wp\/v2\/media?parent=4111"}],"wp:term":[{"taxonomy":"category","embeddable":true,"href":"https:\/\/portaldoestado.com.br\/index.php\/wp-json\/wp\/v2\/categories?post=4111"},{"taxonomy":"post_tag","embeddable":true,"href":"https:\/\/portaldoestado.com.br\/index.php\/wp-json\/wp\/v2\/tags?post=4111"}],"curies":[{"name":"wp","href":"https:\/\/api.w.org\/{rel}","templated":true}]}}