{"id":4105,"date":"2025-10-29T21:48:41","date_gmt":"2025-10-29T21:48:41","guid":{"rendered":"https:\/\/portaldoestado.com.br\/?p=4105"},"modified":"2025-10-29T21:48:41","modified_gmt":"2025-10-29T21:48:41","slug":"ivete-sangalo-estreia-turne-ivete-clareou-em-sao-paulo-com-convidados-especiais-e-show-repleto-de-classicos-do-samba-e-pagode","status":"publish","type":"post","link":"https:\/\/portaldoestado.com.br\/index.php\/2025\/10\/29\/ivete-sangalo-estreia-turne-ivete-clareou-em-sao-paulo-com-convidados-especiais-e-show-repleto-de-classicos-do-samba-e-pagode\/","title":{"rendered":"Ivete Sangalo estreia turn\u00ea \u201cIvete Clareou\u201d em S\u00e3o Paulo com convidados especiais e show repleto de cl\u00e1ssicos do samba e pagode"},"content":{"rendered":"\n<p>No \u00faltimo s\u00e1bado, dia 25 de outubro, Ivete Sangalo realizou o primeiro show de <strong>\u201c99 apresenta: Ivete Clareou\u201d,<\/strong> com um espet\u00e1culo que celebra a tradi\u00e7\u00e3o do samba e resgata as ra\u00edzes musicais da cantora baiana. O evento, idealizado e produzido por Super Sounds e IESSI Entertainment, reuniu mais de 13 mil pessoas no Jockey Clube de S\u00e3o Paulo e marcou o in\u00edcio da turn\u00ea, que passar\u00e1 por Belo Horizonte, Rio de Janeiro, Salvador e Porto Alegre nas pr\u00f3ximas semanas.<\/p>\n\n\n\n<p>Ivete comandou uma apresenta\u00e7\u00e3o de aproximadamente cinco horas, com repert\u00f3rio repleto de cl\u00e1ssicos do samba e pagode, al\u00e9m de grandes sucessos da sua trajet\u00f3ria \u2013 que foram revisitados ao som do compasso do samba. \u201cJu\u00edzo Final\u201d, \u201cCanto das Tr\u00eas Ra\u00e7as\u201d, \u201cMina de F\u00e9\u201d, \u201cDeixa Acontecer Naturalmente\u201d, \u201cPaparico\u201d e \u201cDer\u00ea\u201d foram algumas das can\u00e7\u00f5es interpretadas pela artista.<\/p>\n\n\n\n<p>Entre os convidados, estiveram nomes que abrilhantaram ainda mais o evento e trouxeram a pluralidade da m\u00fasica brasileira. Di Ferrero, Ferrugem, Salgadinho, Juliana Diniz, Silva e Naldo Benny subiram ao palco para participa\u00e7\u00f5es especiais, com hits reinventados como \u201cCedo ou Tarde\u201d e \u201cAmor de Chocolate\u201d ao som do pandeiro, cavaco e tamborim. A abertura ficou nas m\u00e3os da DJ Jude Paulla.<\/p>\n\n\n\n<p>Criado para promover uma imers\u00e3o no universo do samba, o show contou com palco 360\u00ba e elementos visuais que referenciavam grandes nomes do ritmo \u2013 como placas em homenagem a Clara Nunes, Dem\u00f4nios da Garoa e Alcione. A energia foi mantida do come\u00e7o ao fim: a plateia sambou, cantou junto, dan\u00e7ou e celebrou cada momento at\u00e9 anoitecer. O clima foi de muita festa e total conex\u00e3o com o universo do samba.<\/p>\n\n\n\n<p>\u201cQuero agradecer \u00e0 Super Sounds e ao meu time da IESSI Entertainment, duas empresas que se uniram para criar esse projeto e fazer a entrega que eu sempre sonhei. Esse show eu dedico a voc\u00eas, que trabalharam muito durante um ano para fazer acontecer, \u00e0 minha banda maravilhosa, que vem ensaiando bastante comigo, e ao meu maestro Boris Bass, diretor do disco e do repert\u00f3rio. Muito obrigada ao p\u00fablico tamb\u00e9m, espero que essa experi\u00eancia tenha acontecido da maneira que voc\u00eas imaginaram\u201d, declarou Ivete, no palco.<\/p>\n","protected":false},"excerpt":{"rendered":"<p>No \u00faltimo s\u00e1bado, dia 25 de outubro, Ivete Sangalo realizou o primeiro show de \u201c99 apresenta: Ivete Clareou\u201d, com um espet\u00e1culo que celebra a tradi\u00e7\u00e3o do samba e resgata as ra\u00edzes musicais da cantora baiana. O evento, idealizado e produzido por Super Sounds e IESSI Entertainment, reuniu mais de 13 mil pessoas no Jockey Clube \u2026<\/p>\n","protected":false},"author":2,"featured_media":4104,"comment_status":"closed","ping_status":"open","sticky":false,"template":"","format":"standard","meta":{"footnotes":""},"categories":[3],"tags":[],"class_list":["post-4105","post","type-post","status-publish","format-standard","has-post-thumbnail","hentry","category-famosos"],"yoast_head":"<!-- This site is optimized with the Yoast SEO plugin v25.5 - https:\/\/yoast.com\/wordpress\/plugins\/seo\/ -->\n<title>Ivete Sangalo estreia turn\u00ea \u201cIvete Clareou\u201d em S\u00e3o Paulo com convidados especiais e show repleto de cl\u00e1ssicos do samba e pagode - Portal do Estado<\/title>\n<meta name=\"robots\" content=\"index, follow, max-snippet:-1, max-image-preview:large, max-video-preview:-1\" \/>\n<link rel=\"canonical\" href=\"https:\/\/portaldoestado.com.br\/index.php\/2025\/10\/29\/ivete-sangalo-estreia-turne-ivete-clareou-em-sao-paulo-com-convidados-especiais-e-show-repleto-de-classicos-do-samba-e-pagode\/\" \/>\n<meta property=\"og:locale\" content=\"pt_BR\" \/>\n<meta property=\"og:type\" content=\"article\" \/>\n<meta property=\"og:title\" content=\"Ivete Sangalo estreia turn\u00ea \u201cIvete Clareou\u201d em S\u00e3o Paulo com convidados especiais e show repleto de cl\u00e1ssicos do samba e pagode - Portal do Estado\" \/>\n<meta property=\"og:description\" content=\"No \u00faltimo s\u00e1bado, dia 25 de outubro, Ivete Sangalo realizou o primeiro show de \u201c99 apresenta: Ivete Clareou\u201d, com um espet\u00e1culo que celebra a tradi\u00e7\u00e3o do samba e resgata as ra\u00edzes musicais da cantora baiana. O evento, idealizado e produzido por Super Sounds e IESSI Entertainment, reuniu mais de 13 mil pessoas no Jockey Clube \u2026\" \/>\n<meta property=\"og:url\" content=\"https:\/\/portaldoestado.com.br\/index.php\/2025\/10\/29\/ivete-sangalo-estreia-turne-ivete-clareou-em-sao-paulo-com-convidados-especiais-e-show-repleto-de-classicos-do-samba-e-pagode\/\" \/>\n<meta property=\"og:site_name\" content=\"Portal do Estado\" \/>\n<meta property=\"article:published_time\" content=\"2025-10-29T21:48:41+00:00\" \/>\n<meta property=\"og:image\" content=\"https:\/\/portaldoestado.com.br\/wp-content\/uploads\/2025\/10\/Ivete-Clareou-SP.jpg\" \/>\n\t<meta property=\"og:image:width\" content=\"908\" \/>\n\t<meta property=\"og:image:height\" content=\"604\" \/>\n\t<meta property=\"og:image:type\" content=\"image\/jpeg\" \/>\n<meta name=\"author\" content=\"assessoriadefamosos\" \/>\n<meta name=\"twitter:card\" content=\"summary_large_image\" \/>\n<meta name=\"twitter:label1\" content=\"Escrito por\" \/>\n\t<meta name=\"twitter:data1\" content=\"assessoriadefamosos\" \/>\n\t<meta name=\"twitter:label2\" content=\"Est. tempo de leitura\" \/>\n\t<meta name=\"twitter:data2\" content=\"2 minutos\" \/>\n<script type=\"application\/ld+json\" class=\"yoast-schema-graph\">{\"@context\":\"https:\/\/schema.org\",\"@graph\":[{\"@type\":\"Article\",\"@id\":\"https:\/\/portaldoestado.com.br\/index.php\/2025\/10\/29\/ivete-sangalo-estreia-turne-ivete-clareou-em-sao-paulo-com-convidados-especiais-e-show-repleto-de-classicos-do-samba-e-pagode\/#article\",\"isPartOf\":{\"@id\":\"https:\/\/portaldoestado.com.br\/index.php\/2025\/10\/29\/ivete-sangalo-estreia-turne-ivete-clareou-em-sao-paulo-com-convidados-especiais-e-show-repleto-de-classicos-do-samba-e-pagode\/\"},\"author\":{\"name\":\"assessoriadefamosos\",\"@id\":\"https:\/\/portaldoestado.com.br\/#\/schema\/person\/5ca0174f3c8c84b59da62ea14b698cb9\"},\"headline\":\"Ivete Sangalo estreia turn\u00ea \u201cIvete Clareou\u201d em S\u00e3o Paulo com convidados especiais e show repleto de cl\u00e1ssicos do samba e pagode\",\"datePublished\":\"2025-10-29T21:48:41+00:00\",\"mainEntityOfPage\":{\"@id\":\"https:\/\/portaldoestado.com.br\/index.php\/2025\/10\/29\/ivete-sangalo-estreia-turne-ivete-clareou-em-sao-paulo-com-convidados-especiais-e-show-repleto-de-classicos-do-samba-e-pagode\/\"},\"wordCount\":397,\"publisher\":{\"@id\":\"https:\/\/portaldoestado.com.br\/#organization\"},\"image\":{\"@id\":\"https:\/\/portaldoestado.com.br\/index.php\/2025\/10\/29\/ivete-sangalo-estreia-turne-ivete-clareou-em-sao-paulo-com-convidados-especiais-e-show-repleto-de-classicos-do-samba-e-pagode\/#primaryimage\"},\"thumbnailUrl\":\"https:\/\/portaldoestado.com.br\/wp-content\/uploads\/2025\/10\/Ivete-Clareou-SP.jpg\",\"articleSection\":[\"Famosos\"],\"inLanguage\":\"pt-BR\"},{\"@type\":\"WebPage\",\"@id\":\"https:\/\/portaldoestado.com.br\/index.php\/2025\/10\/29\/ivete-sangalo-estreia-turne-ivete-clareou-em-sao-paulo-com-convidados-especiais-e-show-repleto-de-classicos-do-samba-e-pagode\/\",\"url\":\"https:\/\/portaldoestado.com.br\/index.php\/2025\/10\/29\/ivete-sangalo-estreia-turne-ivete-clareou-em-sao-paulo-com-convidados-especiais-e-show-repleto-de-classicos-do-samba-e-pagode\/\",\"name\":\"Ivete Sangalo estreia turn\u00ea \u201cIvete Clareou\u201d em S\u00e3o Paulo com convidados especiais e show repleto de cl\u00e1ssicos do samba e pagode - Portal do Estado\",\"isPartOf\":{\"@id\":\"https:\/\/portaldoestado.com.br\/#website\"},\"primaryImageOfPage\":{\"@id\":\"https:\/\/portaldoestado.com.br\/index.php\/2025\/10\/29\/ivete-sangalo-estreia-turne-ivete-clareou-em-sao-paulo-com-convidados-especiais-e-show-repleto-de-classicos-do-samba-e-pagode\/#primaryimage\"},\"image\":{\"@id\":\"https:\/\/portaldoestado.com.br\/index.php\/2025\/10\/29\/ivete-sangalo-estreia-turne-ivete-clareou-em-sao-paulo-com-convidados-especiais-e-show-repleto-de-classicos-do-samba-e-pagode\/#primaryimage\"},\"thumbnailUrl\":\"https:\/\/portaldoestado.com.br\/wp-content\/uploads\/2025\/10\/Ivete-Clareou-SP.jpg\",\"datePublished\":\"2025-10-29T21:48:41+00:00\",\"breadcrumb\":{\"@id\":\"https:\/\/portaldoestado.com.br\/index.php\/2025\/10\/29\/ivete-sangalo-estreia-turne-ivete-clareou-em-sao-paulo-com-convidados-especiais-e-show-repleto-de-classicos-do-samba-e-pagode\/#breadcrumb\"},\"inLanguage\":\"pt-BR\",\"potentialAction\":[{\"@type\":\"ReadAction\",\"target\":[\"https:\/\/portaldoestado.com.br\/index.php\/2025\/10\/29\/ivete-sangalo-estreia-turne-ivete-clareou-em-sao-paulo-com-convidados-especiais-e-show-repleto-de-classicos-do-samba-e-pagode\/\"]}]},{\"@type\":\"ImageObject\",\"inLanguage\":\"pt-BR\",\"@id\":\"https:\/\/portaldoestado.com.br\/index.php\/2025\/10\/29\/ivete-sangalo-estreia-turne-ivete-clareou-em-sao-paulo-com-convidados-especiais-e-show-repleto-de-classicos-do-samba-e-pagode\/#primaryimage\",\"url\":\"https:\/\/portaldoestado.com.br\/wp-content\/uploads\/2025\/10\/Ivete-Clareou-SP.jpg\",\"contentUrl\":\"https:\/\/portaldoestado.com.br\/wp-content\/uploads\/2025\/10\/Ivete-Clareou-SP.jpg\",\"width\":908,\"height\":604},{\"@type\":\"BreadcrumbList\",\"@id\":\"https:\/\/portaldoestado.com.br\/index.php\/2025\/10\/29\/ivete-sangalo-estreia-turne-ivete-clareou-em-sao-paulo-com-convidados-especiais-e-show-repleto-de-classicos-do-samba-e-pagode\/#breadcrumb\",\"itemListElement\":[{\"@type\":\"ListItem\",\"position\":1,\"name\":\"In\u00edcio\",\"item\":\"https:\/\/portaldoestado.com.br\/\"},{\"@type\":\"ListItem\",\"position\":2,\"name\":\"Ivete Sangalo estreia turn\u00ea \u201cIvete Clareou\u201d em S\u00e3o Paulo com convidados especiais e show repleto de cl\u00e1ssicos do samba e pagode\"}]},{\"@type\":\"WebSite\",\"@id\":\"https:\/\/portaldoestado.com.br\/#website\",\"url\":\"https:\/\/portaldoestado.com.br\/\",\"name\":\"Portal do Estado\",\"description\":\"\",\"publisher\":{\"@id\":\"https:\/\/portaldoestado.com.br\/#organization\"},\"potentialAction\":[{\"@type\":\"SearchAction\",\"target\":{\"@type\":\"EntryPoint\",\"urlTemplate\":\"https:\/\/portaldoestado.com.br\/?s={search_term_string}\"},\"query-input\":{\"@type\":\"PropertyValueSpecification\",\"valueRequired\":true,\"valueName\":\"search_term_string\"}}],\"inLanguage\":\"pt-BR\"},{\"@type\":\"Organization\",\"@id\":\"https:\/\/portaldoestado.com.br\/#organization\",\"name\":\"Portal do Estado\",\"url\":\"https:\/\/portaldoestado.com.br\/\",\"logo\":{\"@type\":\"ImageObject\",\"inLanguage\":\"pt-BR\",\"@id\":\"https:\/\/portaldoestado.com.br\/#\/schema\/logo\/image\/\",\"url\":\"https:\/\/portaldoestado.com.br\/wp-content\/uploads\/2025\/04\/cropped-6f69b19a-6472-43bf-b1b3-e1910bbbd4e8.png\",\"contentUrl\":\"https:\/\/portaldoestado.com.br\/wp-content\/uploads\/2025\/04\/cropped-6f69b19a-6472-43bf-b1b3-e1910bbbd4e8.png\",\"width\":1024,\"height\":350,\"caption\":\"Portal do Estado\"},\"image\":{\"@id\":\"https:\/\/portaldoestado.com.br\/#\/schema\/logo\/image\/\"}},{\"@type\":\"Person\",\"@id\":\"https:\/\/portaldoestado.com.br\/#\/schema\/person\/5ca0174f3c8c84b59da62ea14b698cb9\",\"name\":\"assessoriadefamosos\",\"image\":{\"@type\":\"ImageObject\",\"inLanguage\":\"pt-BR\",\"@id\":\"https:\/\/portaldoestado.com.br\/#\/schema\/person\/image\/\",\"url\":\"https:\/\/secure.gravatar.com\/avatar\/a7acbdffcfbbae7240e59f47fe511ec5f5d8c252c779f0b8d9ab02a9e1d8c5ed?s=96&d=mm&r=g\",\"contentUrl\":\"https:\/\/secure.gravatar.com\/avatar\/a7acbdffcfbbae7240e59f47fe511ec5f5d8c252c779f0b8d9ab02a9e1d8c5ed?s=96&d=mm&r=g\",\"caption\":\"assessoriadefamosos\"},\"url\":\"https:\/\/portaldoestado.com.br\/index.php\/author\/assessoriadefamosos\/\"}]}<\/script>\n<!-- \/ Yoast SEO plugin. -->","yoast_head_json":{"title":"Ivete Sangalo estreia turn\u00ea \u201cIvete Clareou\u201d em S\u00e3o Paulo com convidados especiais e show repleto de cl\u00e1ssicos do samba e pagode - Portal do Estado","robots":{"index":"index","follow":"follow","max-snippet":"max-snippet:-1","max-image-preview":"max-image-preview:large","max-video-preview":"max-video-preview:-1"},"canonical":"https:\/\/portaldoestado.com.br\/index.php\/2025\/10\/29\/ivete-sangalo-estreia-turne-ivete-clareou-em-sao-paulo-com-convidados-especiais-e-show-repleto-de-classicos-do-samba-e-pagode\/","og_locale":"pt_BR","og_type":"article","og_title":"Ivete Sangalo estreia turn\u00ea \u201cIvete Clareou\u201d em S\u00e3o Paulo com convidados especiais e show repleto de cl\u00e1ssicos do samba e pagode - Portal do Estado","og_description":"No \u00faltimo s\u00e1bado, dia 25 de outubro, Ivete Sangalo realizou o primeiro show de \u201c99 apresenta: Ivete Clareou\u201d, com um espet\u00e1culo que celebra a tradi\u00e7\u00e3o do samba e resgata as ra\u00edzes musicais da cantora baiana. O evento, idealizado e produzido por Super Sounds e IESSI Entertainment, reuniu mais de 13 mil pessoas no Jockey Clube \u2026","og_url":"https:\/\/portaldoestado.com.br\/index.php\/2025\/10\/29\/ivete-sangalo-estreia-turne-ivete-clareou-em-sao-paulo-com-convidados-especiais-e-show-repleto-de-classicos-do-samba-e-pagode\/","og_site_name":"Portal do Estado","article_published_time":"2025-10-29T21:48:41+00:00","og_image":[{"width":908,"height":604,"url":"https:\/\/portaldoestado.com.br\/wp-content\/uploads\/2025\/10\/Ivete-Clareou-SP.jpg","type":"image\/jpeg"}],"author":"assessoriadefamosos","twitter_card":"summary_large_image","twitter_misc":{"Escrito por":"assessoriadefamosos","Est. tempo de leitura":"2 minutos"},"schema":{"@context":"https:\/\/schema.org","@graph":[{"@type":"Article","@id":"https:\/\/portaldoestado.com.br\/index.php\/2025\/10\/29\/ivete-sangalo-estreia-turne-ivete-clareou-em-sao-paulo-com-convidados-especiais-e-show-repleto-de-classicos-do-samba-e-pagode\/#article","isPartOf":{"@id":"https:\/\/portaldoestado.com.br\/index.php\/2025\/10\/29\/ivete-sangalo-estreia-turne-ivete-clareou-em-sao-paulo-com-convidados-especiais-e-show-repleto-de-classicos-do-samba-e-pagode\/"},"author":{"name":"assessoriadefamosos","@id":"https:\/\/portaldoestado.com.br\/#\/schema\/person\/5ca0174f3c8c84b59da62ea14b698cb9"},"headline":"Ivete Sangalo estreia turn\u00ea \u201cIvete Clareou\u201d em S\u00e3o Paulo com convidados especiais e show repleto de cl\u00e1ssicos do samba e pagode","datePublished":"2025-10-29T21:48:41+00:00","mainEntityOfPage":{"@id":"https:\/\/portaldoestado.com.br\/index.php\/2025\/10\/29\/ivete-sangalo-estreia-turne-ivete-clareou-em-sao-paulo-com-convidados-especiais-e-show-repleto-de-classicos-do-samba-e-pagode\/"},"wordCount":397,"publisher":{"@id":"https:\/\/portaldoestado.com.br\/#organization"},"image":{"@id":"https:\/\/portaldoestado.com.br\/index.php\/2025\/10\/29\/ivete-sangalo-estreia-turne-ivete-clareou-em-sao-paulo-com-convidados-especiais-e-show-repleto-de-classicos-do-samba-e-pagode\/#primaryimage"},"thumbnailUrl":"https:\/\/portaldoestado.com.br\/wp-content\/uploads\/2025\/10\/Ivete-Clareou-SP.jpg","articleSection":["Famosos"],"inLanguage":"pt-BR"},{"@type":"WebPage","@id":"https:\/\/portaldoestado.com.br\/index.php\/2025\/10\/29\/ivete-sangalo-estreia-turne-ivete-clareou-em-sao-paulo-com-convidados-especiais-e-show-repleto-de-classicos-do-samba-e-pagode\/","url":"https:\/\/portaldoestado.com.br\/index.php\/2025\/10\/29\/ivete-sangalo-estreia-turne-ivete-clareou-em-sao-paulo-com-convidados-especiais-e-show-repleto-de-classicos-do-samba-e-pagode\/","name":"Ivete Sangalo estreia turn\u00ea \u201cIvete Clareou\u201d em S\u00e3o Paulo com convidados especiais e show repleto de cl\u00e1ssicos do samba e pagode - Portal do Estado","isPartOf":{"@id":"https:\/\/portaldoestado.com.br\/#website"},"primaryImageOfPage":{"@id":"https:\/\/portaldoestado.com.br\/index.php\/2025\/10\/29\/ivete-sangalo-estreia-turne-ivete-clareou-em-sao-paulo-com-convidados-especiais-e-show-repleto-de-classicos-do-samba-e-pagode\/#primaryimage"},"image":{"@id":"https:\/\/portaldoestado.com.br\/index.php\/2025\/10\/29\/ivete-sangalo-estreia-turne-ivete-clareou-em-sao-paulo-com-convidados-especiais-e-show-repleto-de-classicos-do-samba-e-pagode\/#primaryimage"},"thumbnailUrl":"https:\/\/portaldoestado.com.br\/wp-content\/uploads\/2025\/10\/Ivete-Clareou-SP.jpg","datePublished":"2025-10-29T21:48:41+00:00","breadcrumb":{"@id":"https:\/\/portaldoestado.com.br\/index.php\/2025\/10\/29\/ivete-sangalo-estreia-turne-ivete-clareou-em-sao-paulo-com-convidados-especiais-e-show-repleto-de-classicos-do-samba-e-pagode\/#breadcrumb"},"inLanguage":"pt-BR","potentialAction":[{"@type":"ReadAction","target":["https:\/\/portaldoestado.com.br\/index.php\/2025\/10\/29\/ivete-sangalo-estreia-turne-ivete-clareou-em-sao-paulo-com-convidados-especiais-e-show-repleto-de-classicos-do-samba-e-pagode\/"]}]},{"@type":"ImageObject","inLanguage":"pt-BR","@id":"https:\/\/portaldoestado.com.br\/index.php\/2025\/10\/29\/ivete-sangalo-estreia-turne-ivete-clareou-em-sao-paulo-com-convidados-especiais-e-show-repleto-de-classicos-do-samba-e-pagode\/#primaryimage","url":"https:\/\/portaldoestado.com.br\/wp-content\/uploads\/2025\/10\/Ivete-Clareou-SP.jpg","contentUrl":"https:\/\/portaldoestado.com.br\/wp-content\/uploads\/2025\/10\/Ivete-Clareou-SP.jpg","width":908,"height":604},{"@type":"BreadcrumbList","@id":"https:\/\/portaldoestado.com.br\/index.php\/2025\/10\/29\/ivete-sangalo-estreia-turne-ivete-clareou-em-sao-paulo-com-convidados-especiais-e-show-repleto-de-classicos-do-samba-e-pagode\/#breadcrumb","itemListElement":[{"@type":"ListItem","position":1,"name":"In\u00edcio","item":"https:\/\/portaldoestado.com.br\/"},{"@type":"ListItem","position":2,"name":"Ivete Sangalo estreia turn\u00ea \u201cIvete Clareou\u201d em S\u00e3o Paulo com convidados especiais e show repleto de cl\u00e1ssicos do samba e pagode"}]},{"@type":"WebSite","@id":"https:\/\/portaldoestado.com.br\/#website","url":"https:\/\/portaldoestado.com.br\/","name":"Portal do Estado","description":"","publisher":{"@id":"https:\/\/portaldoestado.com.br\/#organization"},"potentialAction":[{"@type":"SearchAction","target":{"@type":"EntryPoint","urlTemplate":"https:\/\/portaldoestado.com.br\/?s={search_term_string}"},"query-input":{"@type":"PropertyValueSpecification","valueRequired":true,"valueName":"search_term_string"}}],"inLanguage":"pt-BR"},{"@type":"Organization","@id":"https:\/\/portaldoestado.com.br\/#organization","name":"Portal do Estado","url":"https:\/\/portaldoestado.com.br\/","logo":{"@type":"ImageObject","inLanguage":"pt-BR","@id":"https:\/\/portaldoestado.com.br\/#\/schema\/logo\/image\/","url":"https:\/\/portaldoestado.com.br\/wp-content\/uploads\/2025\/04\/cropped-6f69b19a-6472-43bf-b1b3-e1910bbbd4e8.png","contentUrl":"https:\/\/portaldoestado.com.br\/wp-content\/uploads\/2025\/04\/cropped-6f69b19a-6472-43bf-b1b3-e1910bbbd4e8.png","width":1024,"height":350,"caption":"Portal do Estado"},"image":{"@id":"https:\/\/portaldoestado.com.br\/#\/schema\/logo\/image\/"}},{"@type":"Person","@id":"https:\/\/portaldoestado.com.br\/#\/schema\/person\/5ca0174f3c8c84b59da62ea14b698cb9","name":"assessoriadefamosos","image":{"@type":"ImageObject","inLanguage":"pt-BR","@id":"https:\/\/portaldoestado.com.br\/#\/schema\/person\/image\/","url":"https:\/\/secure.gravatar.com\/avatar\/a7acbdffcfbbae7240e59f47fe511ec5f5d8c252c779f0b8d9ab02a9e1d8c5ed?s=96&d=mm&r=g","contentUrl":"https:\/\/secure.gravatar.com\/avatar\/a7acbdffcfbbae7240e59f47fe511ec5f5d8c252c779f0b8d9ab02a9e1d8c5ed?s=96&d=mm&r=g","caption":"assessoriadefamosos"},"url":"https:\/\/portaldoestado.com.br\/index.php\/author\/assessoriadefamosos\/"}]}},"jetpack_featured_media_url":"https:\/\/portaldoestado.com.br\/wp-content\/uploads\/2025\/10\/Ivete-Clareou-SP.jpg","_links":{"self":[{"href":"https:\/\/portaldoestado.com.br\/index.php\/wp-json\/wp\/v2\/posts\/4105","targetHints":{"allow":["GET"]}}],"collection":[{"href":"https:\/\/portaldoestado.com.br\/index.php\/wp-json\/wp\/v2\/posts"}],"about":[{"href":"https:\/\/portaldoestado.com.br\/index.php\/wp-json\/wp\/v2\/types\/post"}],"author":[{"embeddable":true,"href":"https:\/\/portaldoestado.com.br\/index.php\/wp-json\/wp\/v2\/users\/2"}],"replies":[{"embeddable":true,"href":"https:\/\/portaldoestado.com.br\/index.php\/wp-json\/wp\/v2\/comments?post=4105"}],"version-history":[{"count":1,"href":"https:\/\/portaldoestado.com.br\/index.php\/wp-json\/wp\/v2\/posts\/4105\/revisions"}],"predecessor-version":[{"id":4106,"href":"https:\/\/portaldoestado.com.br\/index.php\/wp-json\/wp\/v2\/posts\/4105\/revisions\/4106"}],"wp:featuredmedia":[{"embeddable":true,"href":"https:\/\/portaldoestado.com.br\/index.php\/wp-json\/wp\/v2\/media\/4104"}],"wp:attachment":[{"href":"https:\/\/portaldoestado.com.br\/index.php\/wp-json\/wp\/v2\/media?parent=4105"}],"wp:term":[{"taxonomy":"category","embeddable":true,"href":"https:\/\/portaldoestado.com.br\/index.php\/wp-json\/wp\/v2\/categories?post=4105"},{"taxonomy":"post_tag","embeddable":true,"href":"https:\/\/portaldoestado.com.br\/index.php\/wp-json\/wp\/v2\/tags?post=4105"}],"curies":[{"name":"wp","href":"https:\/\/api.w.org\/{rel}","templated":true}]}}