{"id":3865,"date":"2025-10-23T19:49:30","date_gmt":"2025-10-23T19:49:30","guid":{"rendered":"https:\/\/portaldoestado.com.br\/?p=3865"},"modified":"2025-10-23T19:49:30","modified_gmt":"2025-10-23T19:49:30","slug":"marcello-novaes-celebra-reencontro-com-leticia-spiller-e-filhos-em-gravacao-da-globo-uma-noite-especial","status":"publish","type":"post","link":"https:\/\/portaldoestado.com.br\/index.php\/2025\/10\/23\/marcello-novaes-celebra-reencontro-com-leticia-spiller-e-filhos-em-gravacao-da-globo-uma-noite-especial\/","title":{"rendered":"Marcello Novaes celebra reencontro com Let\u00edcia Spiller e filhos em grava\u00e7\u00e3o da Globo: \u201cUma noite especial\u201d"},"content":{"rendered":"\n<p>Marcello Novaes compartilhou um momento emocionante com os f\u00e3s ao mostrar a reuni\u00e3o em fam\u00edlia durante a grava\u00e7\u00e3o da vinheta de fim de ano da TV Globo. O ator, que vive o personagem Jaques em <em>Dona de Mim<\/em>, apareceu ao lado dos filhos, Pedro e Diogo Novaes, e da ex-esposa, Let\u00edcia Spiller, com quem mant\u00e9m uma rela\u00e7\u00e3o de amizade e carinho.<\/p>\n\n\n\n<p>Nas fotos publicadas em suas redes sociais, os quatro surgem sorridentes nos bastidores da emissora. \u201cFam\u00edlia reunida para comemorar o fim do ano. Diogo, Pedro e Let\u00edcia. Uma noite especial para todos n\u00f3s. Um privil\u00e9gio!\u201d, escreveu o ator na legenda.<\/p>\n\n\n\n<p>O encontro aconteceu na noite de ter\u00e7a-feira (21\/10), nos Est\u00fadios Globo, no Rio de Janeiro. Com o tema <em>fam\u00edlia<\/em>, a tradicional vinheta deste ano reuniu diversos artistas com seus entes queridos, como Renata Vasconcellos, que levou a irm\u00e3 g\u00eamea, Lanza, e C\u00e9sar Tralli, acompanhado da esposa, Ticiane Pinheiro.<\/p>\n\n\n\n<p>Marcello e Let\u00edcia foram casados entre 1995 e 2000 e s\u00e3o pais de Pedro Novaes, atualmente no elenco da novela <em>Tr\u00eas Gra\u00e7as<\/em>, interpretando Leonardo Ferrete. J\u00e1 Diogo, o filho mais velho do ator, \u00e9 fruto de seu relacionamento anterior com a empres\u00e1ria Sheyla Beta.<\/p>\n\n\n\n<p>A publica\u00e7\u00e3o de Marcello recebeu uma enxurrada de elogios, com f\u00e3s destacando a maturidade e o carinho que o ator e Let\u00edcia mant\u00eam mesmo ap\u00f3s o fim do casamento. \u201cBonito ver uma fam\u00edlia que segue unida pelo amor e respeito\u201d, comentou uma seguidora.<\/p>\n","protected":false},"excerpt":{"rendered":"<p>Marcello Novaes compartilhou um momento emocionante com os f\u00e3s ao mostrar a reuni\u00e3o em fam\u00edlia durante a grava\u00e7\u00e3o da vinheta de fim de ano da TV Globo. O ator, que vive o personagem Jaques em Dona de Mim, apareceu ao lado dos filhos, Pedro e Diogo Novaes, e da ex-esposa, Let\u00edcia Spiller, com quem mant\u00e9m \u2026<\/p>\n","protected":false},"author":2,"featured_media":3864,"comment_status":"closed","ping_status":"open","sticky":false,"template":"","format":"standard","meta":{"footnotes":""},"categories":[3],"tags":[],"class_list":["post-3865","post","type-post","status-publish","format-standard","has-post-thumbnail","hentry","category-famosos"],"yoast_head":"<!-- This site is optimized with the Yoast SEO plugin v25.5 - https:\/\/yoast.com\/wordpress\/plugins\/seo\/ -->\n<title>Marcello Novaes celebra reencontro com Let\u00edcia Spiller e filhos em grava\u00e7\u00e3o da Globo: \u201cUma noite especial\u201d - Portal do Estado<\/title>\n<meta name=\"robots\" content=\"index, follow, max-snippet:-1, max-image-preview:large, max-video-preview:-1\" \/>\n<link rel=\"canonical\" href=\"https:\/\/portaldoestado.com.br\/index.php\/2025\/10\/23\/marcello-novaes-celebra-reencontro-com-leticia-spiller-e-filhos-em-gravacao-da-globo-uma-noite-especial\/\" \/>\n<meta property=\"og:locale\" content=\"pt_BR\" \/>\n<meta property=\"og:type\" content=\"article\" \/>\n<meta property=\"og:title\" content=\"Marcello Novaes celebra reencontro com Let\u00edcia Spiller e filhos em grava\u00e7\u00e3o da Globo: \u201cUma noite especial\u201d - Portal do Estado\" \/>\n<meta property=\"og:description\" content=\"Marcello Novaes compartilhou um momento emocionante com os f\u00e3s ao mostrar a reuni\u00e3o em fam\u00edlia durante a grava\u00e7\u00e3o da vinheta de fim de ano da TV Globo. O ator, que vive o personagem Jaques em Dona de Mim, apareceu ao lado dos filhos, Pedro e Diogo Novaes, e da ex-esposa, Let\u00edcia Spiller, com quem mant\u00e9m \u2026\" \/>\n<meta property=\"og:url\" content=\"https:\/\/portaldoestado.com.br\/index.php\/2025\/10\/23\/marcello-novaes-celebra-reencontro-com-leticia-spiller-e-filhos-em-gravacao-da-globo-uma-noite-especial\/\" \/>\n<meta property=\"og:site_name\" content=\"Portal do Estado\" \/>\n<meta property=\"article:published_time\" content=\"2025-10-23T19:49:30+00:00\" \/>\n<meta property=\"og:image\" content=\"https:\/\/portaldoestado.com.br\/wp-content\/uploads\/2025\/10\/DQEnyPnw-Design-sem-nome-39.jpg\" \/>\n\t<meta property=\"og:image:width\" content=\"1200\" \/>\n\t<meta property=\"og:image:height\" content=\"900\" \/>\n\t<meta property=\"og:image:type\" content=\"image\/jpeg\" \/>\n<meta name=\"author\" content=\"assessoriadefamosos\" \/>\n<meta name=\"twitter:card\" content=\"summary_large_image\" \/>\n<meta name=\"twitter:label1\" content=\"Escrito por\" \/>\n\t<meta name=\"twitter:data1\" content=\"assessoriadefamosos\" \/>\n\t<meta name=\"twitter:label2\" content=\"Est. tempo de leitura\" \/>\n\t<meta name=\"twitter:data2\" content=\"1 minuto\" \/>\n<script type=\"application\/ld+json\" class=\"yoast-schema-graph\">{\"@context\":\"https:\/\/schema.org\",\"@graph\":[{\"@type\":\"Article\",\"@id\":\"https:\/\/portaldoestado.com.br\/index.php\/2025\/10\/23\/marcello-novaes-celebra-reencontro-com-leticia-spiller-e-filhos-em-gravacao-da-globo-uma-noite-especial\/#article\",\"isPartOf\":{\"@id\":\"https:\/\/portaldoestado.com.br\/index.php\/2025\/10\/23\/marcello-novaes-celebra-reencontro-com-leticia-spiller-e-filhos-em-gravacao-da-globo-uma-noite-especial\/\"},\"author\":{\"name\":\"assessoriadefamosos\",\"@id\":\"https:\/\/portaldoestado.com.br\/#\/schema\/person\/5ca0174f3c8c84b59da62ea14b698cb9\"},\"headline\":\"Marcello Novaes celebra reencontro com Let\u00edcia Spiller e filhos em grava\u00e7\u00e3o da Globo: \u201cUma noite especial\u201d\",\"datePublished\":\"2025-10-23T19:49:30+00:00\",\"mainEntityOfPage\":{\"@id\":\"https:\/\/portaldoestado.com.br\/index.php\/2025\/10\/23\/marcello-novaes-celebra-reencontro-com-leticia-spiller-e-filhos-em-gravacao-da-globo-uma-noite-especial\/\"},\"wordCount\":277,\"publisher\":{\"@id\":\"https:\/\/portaldoestado.com.br\/#organization\"},\"image\":{\"@id\":\"https:\/\/portaldoestado.com.br\/index.php\/2025\/10\/23\/marcello-novaes-celebra-reencontro-com-leticia-spiller-e-filhos-em-gravacao-da-globo-uma-noite-especial\/#primaryimage\"},\"thumbnailUrl\":\"https:\/\/portaldoestado.com.br\/wp-content\/uploads\/2025\/10\/DQEnyPnw-Design-sem-nome-39.jpg\",\"articleSection\":[\"Famosos\"],\"inLanguage\":\"pt-BR\"},{\"@type\":\"WebPage\",\"@id\":\"https:\/\/portaldoestado.com.br\/index.php\/2025\/10\/23\/marcello-novaes-celebra-reencontro-com-leticia-spiller-e-filhos-em-gravacao-da-globo-uma-noite-especial\/\",\"url\":\"https:\/\/portaldoestado.com.br\/index.php\/2025\/10\/23\/marcello-novaes-celebra-reencontro-com-leticia-spiller-e-filhos-em-gravacao-da-globo-uma-noite-especial\/\",\"name\":\"Marcello Novaes celebra reencontro com Let\u00edcia Spiller e filhos em grava\u00e7\u00e3o da Globo: \u201cUma noite especial\u201d - Portal do Estado\",\"isPartOf\":{\"@id\":\"https:\/\/portaldoestado.com.br\/#website\"},\"primaryImageOfPage\":{\"@id\":\"https:\/\/portaldoestado.com.br\/index.php\/2025\/10\/23\/marcello-novaes-celebra-reencontro-com-leticia-spiller-e-filhos-em-gravacao-da-globo-uma-noite-especial\/#primaryimage\"},\"image\":{\"@id\":\"https:\/\/portaldoestado.com.br\/index.php\/2025\/10\/23\/marcello-novaes-celebra-reencontro-com-leticia-spiller-e-filhos-em-gravacao-da-globo-uma-noite-especial\/#primaryimage\"},\"thumbnailUrl\":\"https:\/\/portaldoestado.com.br\/wp-content\/uploads\/2025\/10\/DQEnyPnw-Design-sem-nome-39.jpg\",\"datePublished\":\"2025-10-23T19:49:30+00:00\",\"breadcrumb\":{\"@id\":\"https:\/\/portaldoestado.com.br\/index.php\/2025\/10\/23\/marcello-novaes-celebra-reencontro-com-leticia-spiller-e-filhos-em-gravacao-da-globo-uma-noite-especial\/#breadcrumb\"},\"inLanguage\":\"pt-BR\",\"potentialAction\":[{\"@type\":\"ReadAction\",\"target\":[\"https:\/\/portaldoestado.com.br\/index.php\/2025\/10\/23\/marcello-novaes-celebra-reencontro-com-leticia-spiller-e-filhos-em-gravacao-da-globo-uma-noite-especial\/\"]}]},{\"@type\":\"ImageObject\",\"inLanguage\":\"pt-BR\",\"@id\":\"https:\/\/portaldoestado.com.br\/index.php\/2025\/10\/23\/marcello-novaes-celebra-reencontro-com-leticia-spiller-e-filhos-em-gravacao-da-globo-uma-noite-especial\/#primaryimage\",\"url\":\"https:\/\/portaldoestado.com.br\/wp-content\/uploads\/2025\/10\/DQEnyPnw-Design-sem-nome-39.jpg\",\"contentUrl\":\"https:\/\/portaldoestado.com.br\/wp-content\/uploads\/2025\/10\/DQEnyPnw-Design-sem-nome-39.jpg\",\"width\":1200,\"height\":900},{\"@type\":\"BreadcrumbList\",\"@id\":\"https:\/\/portaldoestado.com.br\/index.php\/2025\/10\/23\/marcello-novaes-celebra-reencontro-com-leticia-spiller-e-filhos-em-gravacao-da-globo-uma-noite-especial\/#breadcrumb\",\"itemListElement\":[{\"@type\":\"ListItem\",\"position\":1,\"name\":\"In\u00edcio\",\"item\":\"https:\/\/portaldoestado.com.br\/\"},{\"@type\":\"ListItem\",\"position\":2,\"name\":\"Marcello Novaes celebra reencontro com Let\u00edcia Spiller e filhos em grava\u00e7\u00e3o da Globo: \u201cUma noite especial\u201d\"}]},{\"@type\":\"WebSite\",\"@id\":\"https:\/\/portaldoestado.com.br\/#website\",\"url\":\"https:\/\/portaldoestado.com.br\/\",\"name\":\"Portal do Estado\",\"description\":\"\",\"publisher\":{\"@id\":\"https:\/\/portaldoestado.com.br\/#organization\"},\"potentialAction\":[{\"@type\":\"SearchAction\",\"target\":{\"@type\":\"EntryPoint\",\"urlTemplate\":\"https:\/\/portaldoestado.com.br\/?s={search_term_string}\"},\"query-input\":{\"@type\":\"PropertyValueSpecification\",\"valueRequired\":true,\"valueName\":\"search_term_string\"}}],\"inLanguage\":\"pt-BR\"},{\"@type\":\"Organization\",\"@id\":\"https:\/\/portaldoestado.com.br\/#organization\",\"name\":\"Portal do Estado\",\"url\":\"https:\/\/portaldoestado.com.br\/\",\"logo\":{\"@type\":\"ImageObject\",\"inLanguage\":\"pt-BR\",\"@id\":\"https:\/\/portaldoestado.com.br\/#\/schema\/logo\/image\/\",\"url\":\"https:\/\/portaldoestado.com.br\/wp-content\/uploads\/2025\/04\/cropped-6f69b19a-6472-43bf-b1b3-e1910bbbd4e8.png\",\"contentUrl\":\"https:\/\/portaldoestado.com.br\/wp-content\/uploads\/2025\/04\/cropped-6f69b19a-6472-43bf-b1b3-e1910bbbd4e8.png\",\"width\":1024,\"height\":350,\"caption\":\"Portal do Estado\"},\"image\":{\"@id\":\"https:\/\/portaldoestado.com.br\/#\/schema\/logo\/image\/\"}},{\"@type\":\"Person\",\"@id\":\"https:\/\/portaldoestado.com.br\/#\/schema\/person\/5ca0174f3c8c84b59da62ea14b698cb9\",\"name\":\"assessoriadefamosos\",\"image\":{\"@type\":\"ImageObject\",\"inLanguage\":\"pt-BR\",\"@id\":\"https:\/\/portaldoestado.com.br\/#\/schema\/person\/image\/\",\"url\":\"https:\/\/secure.gravatar.com\/avatar\/a7acbdffcfbbae7240e59f47fe511ec5f5d8c252c779f0b8d9ab02a9e1d8c5ed?s=96&d=mm&r=g\",\"contentUrl\":\"https:\/\/secure.gravatar.com\/avatar\/a7acbdffcfbbae7240e59f47fe511ec5f5d8c252c779f0b8d9ab02a9e1d8c5ed?s=96&d=mm&r=g\",\"caption\":\"assessoriadefamosos\"},\"url\":\"https:\/\/portaldoestado.com.br\/index.php\/author\/assessoriadefamosos\/\"}]}<\/script>\n<!-- \/ Yoast SEO plugin. -->","yoast_head_json":{"title":"Marcello Novaes celebra reencontro com Let\u00edcia Spiller e filhos em grava\u00e7\u00e3o da Globo: \u201cUma noite especial\u201d - Portal do Estado","robots":{"index":"index","follow":"follow","max-snippet":"max-snippet:-1","max-image-preview":"max-image-preview:large","max-video-preview":"max-video-preview:-1"},"canonical":"https:\/\/portaldoestado.com.br\/index.php\/2025\/10\/23\/marcello-novaes-celebra-reencontro-com-leticia-spiller-e-filhos-em-gravacao-da-globo-uma-noite-especial\/","og_locale":"pt_BR","og_type":"article","og_title":"Marcello Novaes celebra reencontro com Let\u00edcia Spiller e filhos em grava\u00e7\u00e3o da Globo: \u201cUma noite especial\u201d - Portal do Estado","og_description":"Marcello Novaes compartilhou um momento emocionante com os f\u00e3s ao mostrar a reuni\u00e3o em fam\u00edlia durante a grava\u00e7\u00e3o da vinheta de fim de ano da TV Globo. O ator, que vive o personagem Jaques em Dona de Mim, apareceu ao lado dos filhos, Pedro e Diogo Novaes, e da ex-esposa, Let\u00edcia Spiller, com quem mant\u00e9m \u2026","og_url":"https:\/\/portaldoestado.com.br\/index.php\/2025\/10\/23\/marcello-novaes-celebra-reencontro-com-leticia-spiller-e-filhos-em-gravacao-da-globo-uma-noite-especial\/","og_site_name":"Portal do Estado","article_published_time":"2025-10-23T19:49:30+00:00","og_image":[{"width":1200,"height":900,"url":"https:\/\/portaldoestado.com.br\/wp-content\/uploads\/2025\/10\/DQEnyPnw-Design-sem-nome-39.jpg","type":"image\/jpeg"}],"author":"assessoriadefamosos","twitter_card":"summary_large_image","twitter_misc":{"Escrito por":"assessoriadefamosos","Est. tempo de leitura":"1 minuto"},"schema":{"@context":"https:\/\/schema.org","@graph":[{"@type":"Article","@id":"https:\/\/portaldoestado.com.br\/index.php\/2025\/10\/23\/marcello-novaes-celebra-reencontro-com-leticia-spiller-e-filhos-em-gravacao-da-globo-uma-noite-especial\/#article","isPartOf":{"@id":"https:\/\/portaldoestado.com.br\/index.php\/2025\/10\/23\/marcello-novaes-celebra-reencontro-com-leticia-spiller-e-filhos-em-gravacao-da-globo-uma-noite-especial\/"},"author":{"name":"assessoriadefamosos","@id":"https:\/\/portaldoestado.com.br\/#\/schema\/person\/5ca0174f3c8c84b59da62ea14b698cb9"},"headline":"Marcello Novaes celebra reencontro com Let\u00edcia Spiller e filhos em grava\u00e7\u00e3o da Globo: \u201cUma noite especial\u201d","datePublished":"2025-10-23T19:49:30+00:00","mainEntityOfPage":{"@id":"https:\/\/portaldoestado.com.br\/index.php\/2025\/10\/23\/marcello-novaes-celebra-reencontro-com-leticia-spiller-e-filhos-em-gravacao-da-globo-uma-noite-especial\/"},"wordCount":277,"publisher":{"@id":"https:\/\/portaldoestado.com.br\/#organization"},"image":{"@id":"https:\/\/portaldoestado.com.br\/index.php\/2025\/10\/23\/marcello-novaes-celebra-reencontro-com-leticia-spiller-e-filhos-em-gravacao-da-globo-uma-noite-especial\/#primaryimage"},"thumbnailUrl":"https:\/\/portaldoestado.com.br\/wp-content\/uploads\/2025\/10\/DQEnyPnw-Design-sem-nome-39.jpg","articleSection":["Famosos"],"inLanguage":"pt-BR"},{"@type":"WebPage","@id":"https:\/\/portaldoestado.com.br\/index.php\/2025\/10\/23\/marcello-novaes-celebra-reencontro-com-leticia-spiller-e-filhos-em-gravacao-da-globo-uma-noite-especial\/","url":"https:\/\/portaldoestado.com.br\/index.php\/2025\/10\/23\/marcello-novaes-celebra-reencontro-com-leticia-spiller-e-filhos-em-gravacao-da-globo-uma-noite-especial\/","name":"Marcello Novaes celebra reencontro com Let\u00edcia Spiller e filhos em grava\u00e7\u00e3o da Globo: \u201cUma noite especial\u201d - Portal do Estado","isPartOf":{"@id":"https:\/\/portaldoestado.com.br\/#website"},"primaryImageOfPage":{"@id":"https:\/\/portaldoestado.com.br\/index.php\/2025\/10\/23\/marcello-novaes-celebra-reencontro-com-leticia-spiller-e-filhos-em-gravacao-da-globo-uma-noite-especial\/#primaryimage"},"image":{"@id":"https:\/\/portaldoestado.com.br\/index.php\/2025\/10\/23\/marcello-novaes-celebra-reencontro-com-leticia-spiller-e-filhos-em-gravacao-da-globo-uma-noite-especial\/#primaryimage"},"thumbnailUrl":"https:\/\/portaldoestado.com.br\/wp-content\/uploads\/2025\/10\/DQEnyPnw-Design-sem-nome-39.jpg","datePublished":"2025-10-23T19:49:30+00:00","breadcrumb":{"@id":"https:\/\/portaldoestado.com.br\/index.php\/2025\/10\/23\/marcello-novaes-celebra-reencontro-com-leticia-spiller-e-filhos-em-gravacao-da-globo-uma-noite-especial\/#breadcrumb"},"inLanguage":"pt-BR","potentialAction":[{"@type":"ReadAction","target":["https:\/\/portaldoestado.com.br\/index.php\/2025\/10\/23\/marcello-novaes-celebra-reencontro-com-leticia-spiller-e-filhos-em-gravacao-da-globo-uma-noite-especial\/"]}]},{"@type":"ImageObject","inLanguage":"pt-BR","@id":"https:\/\/portaldoestado.com.br\/index.php\/2025\/10\/23\/marcello-novaes-celebra-reencontro-com-leticia-spiller-e-filhos-em-gravacao-da-globo-uma-noite-especial\/#primaryimage","url":"https:\/\/portaldoestado.com.br\/wp-content\/uploads\/2025\/10\/DQEnyPnw-Design-sem-nome-39.jpg","contentUrl":"https:\/\/portaldoestado.com.br\/wp-content\/uploads\/2025\/10\/DQEnyPnw-Design-sem-nome-39.jpg","width":1200,"height":900},{"@type":"BreadcrumbList","@id":"https:\/\/portaldoestado.com.br\/index.php\/2025\/10\/23\/marcello-novaes-celebra-reencontro-com-leticia-spiller-e-filhos-em-gravacao-da-globo-uma-noite-especial\/#breadcrumb","itemListElement":[{"@type":"ListItem","position":1,"name":"In\u00edcio","item":"https:\/\/portaldoestado.com.br\/"},{"@type":"ListItem","position":2,"name":"Marcello Novaes celebra reencontro com Let\u00edcia Spiller e filhos em grava\u00e7\u00e3o da Globo: \u201cUma noite especial\u201d"}]},{"@type":"WebSite","@id":"https:\/\/portaldoestado.com.br\/#website","url":"https:\/\/portaldoestado.com.br\/","name":"Portal do Estado","description":"","publisher":{"@id":"https:\/\/portaldoestado.com.br\/#organization"},"potentialAction":[{"@type":"SearchAction","target":{"@type":"EntryPoint","urlTemplate":"https:\/\/portaldoestado.com.br\/?s={search_term_string}"},"query-input":{"@type":"PropertyValueSpecification","valueRequired":true,"valueName":"search_term_string"}}],"inLanguage":"pt-BR"},{"@type":"Organization","@id":"https:\/\/portaldoestado.com.br\/#organization","name":"Portal do Estado","url":"https:\/\/portaldoestado.com.br\/","logo":{"@type":"ImageObject","inLanguage":"pt-BR","@id":"https:\/\/portaldoestado.com.br\/#\/schema\/logo\/image\/","url":"https:\/\/portaldoestado.com.br\/wp-content\/uploads\/2025\/04\/cropped-6f69b19a-6472-43bf-b1b3-e1910bbbd4e8.png","contentUrl":"https:\/\/portaldoestado.com.br\/wp-content\/uploads\/2025\/04\/cropped-6f69b19a-6472-43bf-b1b3-e1910bbbd4e8.png","width":1024,"height":350,"caption":"Portal do Estado"},"image":{"@id":"https:\/\/portaldoestado.com.br\/#\/schema\/logo\/image\/"}},{"@type":"Person","@id":"https:\/\/portaldoestado.com.br\/#\/schema\/person\/5ca0174f3c8c84b59da62ea14b698cb9","name":"assessoriadefamosos","image":{"@type":"ImageObject","inLanguage":"pt-BR","@id":"https:\/\/portaldoestado.com.br\/#\/schema\/person\/image\/","url":"https:\/\/secure.gravatar.com\/avatar\/a7acbdffcfbbae7240e59f47fe511ec5f5d8c252c779f0b8d9ab02a9e1d8c5ed?s=96&d=mm&r=g","contentUrl":"https:\/\/secure.gravatar.com\/avatar\/a7acbdffcfbbae7240e59f47fe511ec5f5d8c252c779f0b8d9ab02a9e1d8c5ed?s=96&d=mm&r=g","caption":"assessoriadefamosos"},"url":"https:\/\/portaldoestado.com.br\/index.php\/author\/assessoriadefamosos\/"}]}},"jetpack_featured_media_url":"https:\/\/portaldoestado.com.br\/wp-content\/uploads\/2025\/10\/DQEnyPnw-Design-sem-nome-39.jpg","_links":{"self":[{"href":"https:\/\/portaldoestado.com.br\/index.php\/wp-json\/wp\/v2\/posts\/3865","targetHints":{"allow":["GET"]}}],"collection":[{"href":"https:\/\/portaldoestado.com.br\/index.php\/wp-json\/wp\/v2\/posts"}],"about":[{"href":"https:\/\/portaldoestado.com.br\/index.php\/wp-json\/wp\/v2\/types\/post"}],"author":[{"embeddable":true,"href":"https:\/\/portaldoestado.com.br\/index.php\/wp-json\/wp\/v2\/users\/2"}],"replies":[{"embeddable":true,"href":"https:\/\/portaldoestado.com.br\/index.php\/wp-json\/wp\/v2\/comments?post=3865"}],"version-history":[{"count":1,"href":"https:\/\/portaldoestado.com.br\/index.php\/wp-json\/wp\/v2\/posts\/3865\/revisions"}],"predecessor-version":[{"id":3866,"href":"https:\/\/portaldoestado.com.br\/index.php\/wp-json\/wp\/v2\/posts\/3865\/revisions\/3866"}],"wp:featuredmedia":[{"embeddable":true,"href":"https:\/\/portaldoestado.com.br\/index.php\/wp-json\/wp\/v2\/media\/3864"}],"wp:attachment":[{"href":"https:\/\/portaldoestado.com.br\/index.php\/wp-json\/wp\/v2\/media?parent=3865"}],"wp:term":[{"taxonomy":"category","embeddable":true,"href":"https:\/\/portaldoestado.com.br\/index.php\/wp-json\/wp\/v2\/categories?post=3865"},{"taxonomy":"post_tag","embeddable":true,"href":"https:\/\/portaldoestado.com.br\/index.php\/wp-json\/wp\/v2\/tags?post=3865"}],"curies":[{"name":"wp","href":"https:\/\/api.w.org\/{rel}","templated":true}]}}