{"id":3859,"date":"2025-10-23T17:01:20","date_gmt":"2025-10-23T17:01:20","guid":{"rendered":"https:\/\/portaldoestado.com.br\/?p=3859"},"modified":"2025-10-23T17:01:20","modified_gmt":"2025-10-23T17:01:20","slug":"rachel-novaes-lanca-album-uma-voz-uma-lembranca-e-uma-cancao","status":"publish","type":"post","link":"https:\/\/portaldoestado.com.br\/index.php\/2025\/10\/23\/rachel-novaes-lanca-album-uma-voz-uma-lembranca-e-uma-cancao\/","title":{"rendered":"Rachel Novaes lan\u00e7a \u00e1lbum \u201cUma voz, uma lembran\u00e7a e uma can\u00e7\u00e3o&#8221;"},"content":{"rendered":"<!-- wp:paragraph \"className\":\"p1\" -->\n<p class=\"p1\">Ao longo de nossa trajet\u00f3ria, existem m\u00fasicas que se tornam verdadeiras \u201ccompanheiras\u201d em diferentes fases. Algumas nos marcam em momentos de alegria, outras nos confortam diante de perdas, algumas nos inspiram a superar desafios, e outras ainda nos acompanham em conquistas e celebra\u00e7\u00f5es pessoais. Pensando nisso, a cantora Rachel Novaes, um dos nomes mais respeitados do gospel, estreia nessa ter\u00e7a-feira (09), \u00e0s 10h, seu novo \u00e1lbum, \u201cUma Voz, Uma Lembran\u00e7a e Uma Can\u00e7\u00e3o\u201d.<\/p>\n<!-- \/wp:post-content -->\n\n<!-- wp:paragraph \"className\":\"p1\" -->\n<p class=\"p1\">O projeto \u00e9 uma s\u00e9rie idealizada pela Musile Records \u2013 selo especializado no segmento gospel \u2013 com o objetivo de compartilhar uma sele\u00e7\u00e3o de can\u00e7\u00f5es que se tornaram trilha sonora na hist\u00f3ria de cada artista. Julia Vit\u00f3ria, int\u00e9rprete do hit \u201cDe Dentro Pra Fora\u201d, foi a primeira convidada a fazer parte disso, e agora \u00e9 a vez de Rachel Novaes compartilhar seu \u00e1lbum, que foi gravado 100% em est\u00fadio, justamente para expor com riqueza de detalhes a instrumenta\u00e7\u00e3o ac\u00fastica e sofisticada dos arranjos.<\/p>\n<!-- \/wp:paragraph -->\n\n<!-- wp:paragraph \"className\":\"p1\" -->\n<p class=\"p1\">\u201cTem m\u00fasicas que jamais me esquecerei, como a que cantei durante a gesta\u00e7\u00e3o da minha filha, ou at\u00e9 mesmo a minha primeira composi\u00e7\u00e3o. Este trabalho \u00e9 uma forma de reunir tr\u00eas elementos muito especiais: Uma voz &#8211; que dessa vez \u00e9 a minha; uma lembran\u00e7a &#8211; hist\u00f3rias, pessoas que fizeram parte da nossa vida; e uma can\u00e7\u00e3o &#8211; uma forma \u00fanica de registrar tudo isso\u201d, comenta a cantora que tem 25 anos de carreira.<\/p>\n<!-- \/wp:paragraph -->\n\n<!-- wp:paragraph \"className\":\"p1\" -->\n<p class=\"p1\">O repert\u00f3rio \u00e9 composto por sete faixas, entre elas \u201cEsta Paz\u201d, que teve ampla repercuss\u00e3o ap\u00f3s Rachel publicar um v\u00eddeo nas redes sociais, somando mais de um milh\u00e3o de views. Outros destaques s\u00e3o: \u201cClamo Jesus\u201d, vers\u00e3o em portugu\u00eas de \u201cI Speak Jesus\u201d, o cl\u00e1ssico \u201cN\u00e3o Tenhas Sobre Ti\u201d, da banda Milad, e \u201cEle Vem Pra Te Salvar\u201d, que ela interpretou ao lado de Adhemar de Campos no DVD \u201cComunh\u00e3o e Adora\u00e7\u00e3o 6\u201d, um verdadeiro marco no meio gospel.<\/p>\n<!-- \/wp:paragraph -->\n\n<!-- wp:paragraph \"className\":\"p1\" -->\n<p class=\"p1\">Atualmente, Rachel Novaes possui 1,3 milh\u00e3o de ouvintes mensais e 130 milh\u00f5es de streams, al\u00e9m de ter excelente engajamento nas redes sociais. O seu \u00faltimo trabalho em parceria com a Musile Records, \u201cAo Vivo nos EUA\u201d, foi um dos projetos de maior relev\u00e2ncia de sua trajet\u00f3ria, com destaque para \u201cMil Motivos\u201d, feat com Fernandinho, que j\u00e1 ultrapassa sete milh\u00f5es de plays, e \u201cMinh&#8217;alma Engrandece ao Senhor \/ Adorado\u201d, com a participa\u00e7\u00e3o da Thamires Garcia.<\/p>\n<!-- \/wp:paragraph -->\n\n<!-- wp:paragraph \"className\":\"p1\" -->\n<p class=\"p1\">A partir do dia 09 de setembro, todas as faixas do \u00e1lbum \u201cUma Voz, Uma Lembran\u00e7a e Uma Can\u00e7\u00e3o\u201d estar\u00e3o dispon\u00edveis nas plataformas de streaming e os videoclipes ser\u00e3o lan\u00e7ados semanalmente, a cada ter\u00e7a-feira, no canal do YouTube da Musile Records. N\u00e3o deixe de conferir!<\/p>\n<!-- \/wp:paragraph -->","protected":false},"excerpt":{"rendered":"<p>Ao longo de nossa trajet\u00f3ria, existem m\u00fasicas que se tornam verdadeiras \u201ccompanheiras\u201d em diferentes fases. Algumas nos marcam em momentos de alegria, outras nos confortam diante de perdas, algumas nos inspiram a superar desafios, e outras ainda nos acompanham em conquistas e celebra\u00e7\u00f5es pessoais. Pensando nisso, a cantora Rachel Novaes, um dos nomes mais respeitados \u2026<\/p>\n","protected":false},"author":2,"featured_media":3858,"comment_status":"closed","ping_status":"open","sticky":false,"template":"","format":"standard","meta":{"footnotes":""},"categories":[4],"tags":[],"class_list":["post-3859","post","type-post","status-publish","format-standard","has-post-thumbnail","hentry","category-geral"],"yoast_head":"<!-- This site is optimized with the Yoast SEO plugin v25.5 - https:\/\/yoast.com\/wordpress\/plugins\/seo\/ -->\n<title>Rachel Novaes lan\u00e7a \u00e1lbum \u201cUma voz, uma lembran\u00e7a e uma can\u00e7\u00e3o&quot; - Portal do Estado<\/title>\n<meta name=\"robots\" content=\"index, follow, max-snippet:-1, max-image-preview:large, max-video-preview:-1\" \/>\n<link rel=\"canonical\" href=\"https:\/\/portaldoestado.com.br\/index.php\/2025\/10\/23\/rachel-novaes-lanca-album-uma-voz-uma-lembranca-e-uma-cancao\/\" \/>\n<meta property=\"og:locale\" content=\"pt_BR\" \/>\n<meta property=\"og:type\" content=\"article\" \/>\n<meta property=\"og:title\" content=\"Rachel Novaes lan\u00e7a \u00e1lbum \u201cUma voz, uma lembran\u00e7a e uma can\u00e7\u00e3o&quot; - Portal do Estado\" \/>\n<meta property=\"og:description\" content=\"Ao longo de nossa trajet\u00f3ria, existem m\u00fasicas que se tornam verdadeiras \u201ccompanheiras\u201d em diferentes fases. Algumas nos marcam em momentos de alegria, outras nos confortam diante de perdas, algumas nos inspiram a superar desafios, e outras ainda nos acompanham em conquistas e celebra\u00e7\u00f5es pessoais. Pensando nisso, a cantora Rachel Novaes, um dos nomes mais respeitados \u2026\" \/>\n<meta property=\"og:url\" content=\"https:\/\/portaldoestado.com.br\/index.php\/2025\/10\/23\/rachel-novaes-lanca-album-uma-voz-uma-lembranca-e-uma-cancao\/\" \/>\n<meta property=\"og:site_name\" content=\"Portal do Estado\" \/>\n<meta property=\"article:published_time\" content=\"2025-10-23T17:01:20+00:00\" \/>\n<meta property=\"og:image\" content=\"https:\/\/portaldoestado.com.br\/wp-content\/uploads\/2025\/10\/05-rachel-novaes-uma-voz-uma-lembranca-e-uma-cancao-16x9-creditos-beto-santana-1-1024x576.png\" \/>\n\t<meta property=\"og:image:width\" content=\"1024\" \/>\n\t<meta property=\"og:image:height\" content=\"576\" \/>\n\t<meta property=\"og:image:type\" content=\"image\/png\" \/>\n<meta name=\"author\" content=\"assessoriadefamosos\" \/>\n<meta name=\"twitter:card\" content=\"summary_large_image\" \/>\n<meta name=\"twitter:label1\" content=\"Escrito por\" \/>\n\t<meta name=\"twitter:data1\" content=\"assessoriadefamosos\" \/>\n\t<meta name=\"twitter:label2\" content=\"Est. tempo de leitura\" \/>\n\t<meta name=\"twitter:data2\" content=\"2 minutos\" \/>\n<script type=\"application\/ld+json\" class=\"yoast-schema-graph\">{\"@context\":\"https:\/\/schema.org\",\"@graph\":[{\"@type\":\"Article\",\"@id\":\"https:\/\/portaldoestado.com.br\/index.php\/2025\/10\/23\/rachel-novaes-lanca-album-uma-voz-uma-lembranca-e-uma-cancao\/#article\",\"isPartOf\":{\"@id\":\"https:\/\/portaldoestado.com.br\/index.php\/2025\/10\/23\/rachel-novaes-lanca-album-uma-voz-uma-lembranca-e-uma-cancao\/\"},\"author\":{\"name\":\"assessoriadefamosos\",\"@id\":\"https:\/\/portaldoestado.com.br\/#\/schema\/person\/5ca0174f3c8c84b59da62ea14b698cb9\"},\"headline\":\"Rachel Novaes lan\u00e7a \u00e1lbum \u201cUma voz, uma lembran\u00e7a e uma can\u00e7\u00e3o&#8221;\",\"datePublished\":\"2025-10-23T17:01:20+00:00\",\"mainEntityOfPage\":{\"@id\":\"https:\/\/portaldoestado.com.br\/index.php\/2025\/10\/23\/rachel-novaes-lanca-album-uma-voz-uma-lembranca-e-uma-cancao\/\"},\"wordCount\":476,\"publisher\":{\"@id\":\"https:\/\/portaldoestado.com.br\/#organization\"},\"image\":{\"@id\":\"https:\/\/portaldoestado.com.br\/index.php\/2025\/10\/23\/rachel-novaes-lanca-album-uma-voz-uma-lembranca-e-uma-cancao\/#primaryimage\"},\"thumbnailUrl\":\"https:\/\/portaldoestado.com.br\/wp-content\/uploads\/2025\/10\/05-rachel-novaes-uma-voz-uma-lembranca-e-uma-cancao-16x9-creditos-beto-santana-1.png\",\"articleSection\":[\"Geral\"],\"inLanguage\":\"pt-BR\"},{\"@type\":\"WebPage\",\"@id\":\"https:\/\/portaldoestado.com.br\/index.php\/2025\/10\/23\/rachel-novaes-lanca-album-uma-voz-uma-lembranca-e-uma-cancao\/\",\"url\":\"https:\/\/portaldoestado.com.br\/index.php\/2025\/10\/23\/rachel-novaes-lanca-album-uma-voz-uma-lembranca-e-uma-cancao\/\",\"name\":\"Rachel Novaes lan\u00e7a \u00e1lbum \u201cUma voz, uma lembran\u00e7a e uma can\u00e7\u00e3o\\\" - Portal do Estado\",\"isPartOf\":{\"@id\":\"https:\/\/portaldoestado.com.br\/#website\"},\"primaryImageOfPage\":{\"@id\":\"https:\/\/portaldoestado.com.br\/index.php\/2025\/10\/23\/rachel-novaes-lanca-album-uma-voz-uma-lembranca-e-uma-cancao\/#primaryimage\"},\"image\":{\"@id\":\"https:\/\/portaldoestado.com.br\/index.php\/2025\/10\/23\/rachel-novaes-lanca-album-uma-voz-uma-lembranca-e-uma-cancao\/#primaryimage\"},\"thumbnailUrl\":\"https:\/\/portaldoestado.com.br\/wp-content\/uploads\/2025\/10\/05-rachel-novaes-uma-voz-uma-lembranca-e-uma-cancao-16x9-creditos-beto-santana-1.png\",\"datePublished\":\"2025-10-23T17:01:20+00:00\",\"breadcrumb\":{\"@id\":\"https:\/\/portaldoestado.com.br\/index.php\/2025\/10\/23\/rachel-novaes-lanca-album-uma-voz-uma-lembranca-e-uma-cancao\/#breadcrumb\"},\"inLanguage\":\"pt-BR\",\"potentialAction\":[{\"@type\":\"ReadAction\",\"target\":[\"https:\/\/portaldoestado.com.br\/index.php\/2025\/10\/23\/rachel-novaes-lanca-album-uma-voz-uma-lembranca-e-uma-cancao\/\"]}]},{\"@type\":\"ImageObject\",\"inLanguage\":\"pt-BR\",\"@id\":\"https:\/\/portaldoestado.com.br\/index.php\/2025\/10\/23\/rachel-novaes-lanca-album-uma-voz-uma-lembranca-e-uma-cancao\/#primaryimage\",\"url\":\"https:\/\/portaldoestado.com.br\/wp-content\/uploads\/2025\/10\/05-rachel-novaes-uma-voz-uma-lembranca-e-uma-cancao-16x9-creditos-beto-santana-1.png\",\"contentUrl\":\"https:\/\/portaldoestado.com.br\/wp-content\/uploads\/2025\/10\/05-rachel-novaes-uma-voz-uma-lembranca-e-uma-cancao-16x9-creditos-beto-santana-1.png\",\"width\":2000,\"height\":1125},{\"@type\":\"BreadcrumbList\",\"@id\":\"https:\/\/portaldoestado.com.br\/index.php\/2025\/10\/23\/rachel-novaes-lanca-album-uma-voz-uma-lembranca-e-uma-cancao\/#breadcrumb\",\"itemListElement\":[{\"@type\":\"ListItem\",\"position\":1,\"name\":\"In\u00edcio\",\"item\":\"https:\/\/portaldoestado.com.br\/\"},{\"@type\":\"ListItem\",\"position\":2,\"name\":\"Rachel Novaes lan\u00e7a \u00e1lbum \u201cUma voz, uma lembran\u00e7a e uma can\u00e7\u00e3o&#8221;\"}]},{\"@type\":\"WebSite\",\"@id\":\"https:\/\/portaldoestado.com.br\/#website\",\"url\":\"https:\/\/portaldoestado.com.br\/\",\"name\":\"Portal do Estado\",\"description\":\"\",\"publisher\":{\"@id\":\"https:\/\/portaldoestado.com.br\/#organization\"},\"potentialAction\":[{\"@type\":\"SearchAction\",\"target\":{\"@type\":\"EntryPoint\",\"urlTemplate\":\"https:\/\/portaldoestado.com.br\/?s={search_term_string}\"},\"query-input\":{\"@type\":\"PropertyValueSpecification\",\"valueRequired\":true,\"valueName\":\"search_term_string\"}}],\"inLanguage\":\"pt-BR\"},{\"@type\":\"Organization\",\"@id\":\"https:\/\/portaldoestado.com.br\/#organization\",\"name\":\"Portal do Estado\",\"url\":\"https:\/\/portaldoestado.com.br\/\",\"logo\":{\"@type\":\"ImageObject\",\"inLanguage\":\"pt-BR\",\"@id\":\"https:\/\/portaldoestado.com.br\/#\/schema\/logo\/image\/\",\"url\":\"https:\/\/portaldoestado.com.br\/wp-content\/uploads\/2025\/04\/cropped-6f69b19a-6472-43bf-b1b3-e1910bbbd4e8.png\",\"contentUrl\":\"https:\/\/portaldoestado.com.br\/wp-content\/uploads\/2025\/04\/cropped-6f69b19a-6472-43bf-b1b3-e1910bbbd4e8.png\",\"width\":1024,\"height\":350,\"caption\":\"Portal do Estado\"},\"image\":{\"@id\":\"https:\/\/portaldoestado.com.br\/#\/schema\/logo\/image\/\"}},{\"@type\":\"Person\",\"@id\":\"https:\/\/portaldoestado.com.br\/#\/schema\/person\/5ca0174f3c8c84b59da62ea14b698cb9\",\"name\":\"assessoriadefamosos\",\"image\":{\"@type\":\"ImageObject\",\"inLanguage\":\"pt-BR\",\"@id\":\"https:\/\/portaldoestado.com.br\/#\/schema\/person\/image\/\",\"url\":\"https:\/\/secure.gravatar.com\/avatar\/a7acbdffcfbbae7240e59f47fe511ec5f5d8c252c779f0b8d9ab02a9e1d8c5ed?s=96&d=mm&r=g\",\"contentUrl\":\"https:\/\/secure.gravatar.com\/avatar\/a7acbdffcfbbae7240e59f47fe511ec5f5d8c252c779f0b8d9ab02a9e1d8c5ed?s=96&d=mm&r=g\",\"caption\":\"assessoriadefamosos\"},\"url\":\"https:\/\/portaldoestado.com.br\/index.php\/author\/assessoriadefamosos\/\"}]}<\/script>\n<!-- \/ Yoast SEO plugin. -->","yoast_head_json":{"title":"Rachel Novaes lan\u00e7a \u00e1lbum \u201cUma voz, uma lembran\u00e7a e uma can\u00e7\u00e3o\" - Portal do Estado","robots":{"index":"index","follow":"follow","max-snippet":"max-snippet:-1","max-image-preview":"max-image-preview:large","max-video-preview":"max-video-preview:-1"},"canonical":"https:\/\/portaldoestado.com.br\/index.php\/2025\/10\/23\/rachel-novaes-lanca-album-uma-voz-uma-lembranca-e-uma-cancao\/","og_locale":"pt_BR","og_type":"article","og_title":"Rachel Novaes lan\u00e7a \u00e1lbum \u201cUma voz, uma lembran\u00e7a e uma can\u00e7\u00e3o\" - Portal do Estado","og_description":"Ao longo de nossa trajet\u00f3ria, existem m\u00fasicas que se tornam verdadeiras \u201ccompanheiras\u201d em diferentes fases. Algumas nos marcam em momentos de alegria, outras nos confortam diante de perdas, algumas nos inspiram a superar desafios, e outras ainda nos acompanham em conquistas e celebra\u00e7\u00f5es pessoais. Pensando nisso, a cantora Rachel Novaes, um dos nomes mais respeitados \u2026","og_url":"https:\/\/portaldoestado.com.br\/index.php\/2025\/10\/23\/rachel-novaes-lanca-album-uma-voz-uma-lembranca-e-uma-cancao\/","og_site_name":"Portal do Estado","article_published_time":"2025-10-23T17:01:20+00:00","og_image":[{"width":1024,"height":576,"url":"https:\/\/portaldoestado.com.br\/wp-content\/uploads\/2025\/10\/05-rachel-novaes-uma-voz-uma-lembranca-e-uma-cancao-16x9-creditos-beto-santana-1-1024x576.png","type":"image\/png"}],"author":"assessoriadefamosos","twitter_card":"summary_large_image","twitter_misc":{"Escrito por":"assessoriadefamosos","Est. tempo de leitura":"2 minutos"},"schema":{"@context":"https:\/\/schema.org","@graph":[{"@type":"Article","@id":"https:\/\/portaldoestado.com.br\/index.php\/2025\/10\/23\/rachel-novaes-lanca-album-uma-voz-uma-lembranca-e-uma-cancao\/#article","isPartOf":{"@id":"https:\/\/portaldoestado.com.br\/index.php\/2025\/10\/23\/rachel-novaes-lanca-album-uma-voz-uma-lembranca-e-uma-cancao\/"},"author":{"name":"assessoriadefamosos","@id":"https:\/\/portaldoestado.com.br\/#\/schema\/person\/5ca0174f3c8c84b59da62ea14b698cb9"},"headline":"Rachel Novaes lan\u00e7a \u00e1lbum \u201cUma voz, uma lembran\u00e7a e uma can\u00e7\u00e3o&#8221;","datePublished":"2025-10-23T17:01:20+00:00","mainEntityOfPage":{"@id":"https:\/\/portaldoestado.com.br\/index.php\/2025\/10\/23\/rachel-novaes-lanca-album-uma-voz-uma-lembranca-e-uma-cancao\/"},"wordCount":476,"publisher":{"@id":"https:\/\/portaldoestado.com.br\/#organization"},"image":{"@id":"https:\/\/portaldoestado.com.br\/index.php\/2025\/10\/23\/rachel-novaes-lanca-album-uma-voz-uma-lembranca-e-uma-cancao\/#primaryimage"},"thumbnailUrl":"https:\/\/portaldoestado.com.br\/wp-content\/uploads\/2025\/10\/05-rachel-novaes-uma-voz-uma-lembranca-e-uma-cancao-16x9-creditos-beto-santana-1.png","articleSection":["Geral"],"inLanguage":"pt-BR"},{"@type":"WebPage","@id":"https:\/\/portaldoestado.com.br\/index.php\/2025\/10\/23\/rachel-novaes-lanca-album-uma-voz-uma-lembranca-e-uma-cancao\/","url":"https:\/\/portaldoestado.com.br\/index.php\/2025\/10\/23\/rachel-novaes-lanca-album-uma-voz-uma-lembranca-e-uma-cancao\/","name":"Rachel Novaes lan\u00e7a \u00e1lbum \u201cUma voz, uma lembran\u00e7a e uma can\u00e7\u00e3o\" - Portal do Estado","isPartOf":{"@id":"https:\/\/portaldoestado.com.br\/#website"},"primaryImageOfPage":{"@id":"https:\/\/portaldoestado.com.br\/index.php\/2025\/10\/23\/rachel-novaes-lanca-album-uma-voz-uma-lembranca-e-uma-cancao\/#primaryimage"},"image":{"@id":"https:\/\/portaldoestado.com.br\/index.php\/2025\/10\/23\/rachel-novaes-lanca-album-uma-voz-uma-lembranca-e-uma-cancao\/#primaryimage"},"thumbnailUrl":"https:\/\/portaldoestado.com.br\/wp-content\/uploads\/2025\/10\/05-rachel-novaes-uma-voz-uma-lembranca-e-uma-cancao-16x9-creditos-beto-santana-1.png","datePublished":"2025-10-23T17:01:20+00:00","breadcrumb":{"@id":"https:\/\/portaldoestado.com.br\/index.php\/2025\/10\/23\/rachel-novaes-lanca-album-uma-voz-uma-lembranca-e-uma-cancao\/#breadcrumb"},"inLanguage":"pt-BR","potentialAction":[{"@type":"ReadAction","target":["https:\/\/portaldoestado.com.br\/index.php\/2025\/10\/23\/rachel-novaes-lanca-album-uma-voz-uma-lembranca-e-uma-cancao\/"]}]},{"@type":"ImageObject","inLanguage":"pt-BR","@id":"https:\/\/portaldoestado.com.br\/index.php\/2025\/10\/23\/rachel-novaes-lanca-album-uma-voz-uma-lembranca-e-uma-cancao\/#primaryimage","url":"https:\/\/portaldoestado.com.br\/wp-content\/uploads\/2025\/10\/05-rachel-novaes-uma-voz-uma-lembranca-e-uma-cancao-16x9-creditos-beto-santana-1.png","contentUrl":"https:\/\/portaldoestado.com.br\/wp-content\/uploads\/2025\/10\/05-rachel-novaes-uma-voz-uma-lembranca-e-uma-cancao-16x9-creditos-beto-santana-1.png","width":2000,"height":1125},{"@type":"BreadcrumbList","@id":"https:\/\/portaldoestado.com.br\/index.php\/2025\/10\/23\/rachel-novaes-lanca-album-uma-voz-uma-lembranca-e-uma-cancao\/#breadcrumb","itemListElement":[{"@type":"ListItem","position":1,"name":"In\u00edcio","item":"https:\/\/portaldoestado.com.br\/"},{"@type":"ListItem","position":2,"name":"Rachel Novaes lan\u00e7a \u00e1lbum \u201cUma voz, uma lembran\u00e7a e uma can\u00e7\u00e3o&#8221;"}]},{"@type":"WebSite","@id":"https:\/\/portaldoestado.com.br\/#website","url":"https:\/\/portaldoestado.com.br\/","name":"Portal do Estado","description":"","publisher":{"@id":"https:\/\/portaldoestado.com.br\/#organization"},"potentialAction":[{"@type":"SearchAction","target":{"@type":"EntryPoint","urlTemplate":"https:\/\/portaldoestado.com.br\/?s={search_term_string}"},"query-input":{"@type":"PropertyValueSpecification","valueRequired":true,"valueName":"search_term_string"}}],"inLanguage":"pt-BR"},{"@type":"Organization","@id":"https:\/\/portaldoestado.com.br\/#organization","name":"Portal do Estado","url":"https:\/\/portaldoestado.com.br\/","logo":{"@type":"ImageObject","inLanguage":"pt-BR","@id":"https:\/\/portaldoestado.com.br\/#\/schema\/logo\/image\/","url":"https:\/\/portaldoestado.com.br\/wp-content\/uploads\/2025\/04\/cropped-6f69b19a-6472-43bf-b1b3-e1910bbbd4e8.png","contentUrl":"https:\/\/portaldoestado.com.br\/wp-content\/uploads\/2025\/04\/cropped-6f69b19a-6472-43bf-b1b3-e1910bbbd4e8.png","width":1024,"height":350,"caption":"Portal do Estado"},"image":{"@id":"https:\/\/portaldoestado.com.br\/#\/schema\/logo\/image\/"}},{"@type":"Person","@id":"https:\/\/portaldoestado.com.br\/#\/schema\/person\/5ca0174f3c8c84b59da62ea14b698cb9","name":"assessoriadefamosos","image":{"@type":"ImageObject","inLanguage":"pt-BR","@id":"https:\/\/portaldoestado.com.br\/#\/schema\/person\/image\/","url":"https:\/\/secure.gravatar.com\/avatar\/a7acbdffcfbbae7240e59f47fe511ec5f5d8c252c779f0b8d9ab02a9e1d8c5ed?s=96&d=mm&r=g","contentUrl":"https:\/\/secure.gravatar.com\/avatar\/a7acbdffcfbbae7240e59f47fe511ec5f5d8c252c779f0b8d9ab02a9e1d8c5ed?s=96&d=mm&r=g","caption":"assessoriadefamosos"},"url":"https:\/\/portaldoestado.com.br\/index.php\/author\/assessoriadefamosos\/"}]}},"jetpack_featured_media_url":"https:\/\/portaldoestado.com.br\/wp-content\/uploads\/2025\/10\/05-rachel-novaes-uma-voz-uma-lembranca-e-uma-cancao-16x9-creditos-beto-santana-1.png","_links":{"self":[{"href":"https:\/\/portaldoestado.com.br\/index.php\/wp-json\/wp\/v2\/posts\/3859","targetHints":{"allow":["GET"]}}],"collection":[{"href":"https:\/\/portaldoestado.com.br\/index.php\/wp-json\/wp\/v2\/posts"}],"about":[{"href":"https:\/\/portaldoestado.com.br\/index.php\/wp-json\/wp\/v2\/types\/post"}],"author":[{"embeddable":true,"href":"https:\/\/portaldoestado.com.br\/index.php\/wp-json\/wp\/v2\/users\/2"}],"replies":[{"embeddable":true,"href":"https:\/\/portaldoestado.com.br\/index.php\/wp-json\/wp\/v2\/comments?post=3859"}],"version-history":[{"count":1,"href":"https:\/\/portaldoestado.com.br\/index.php\/wp-json\/wp\/v2\/posts\/3859\/revisions"}],"predecessor-version":[{"id":3860,"href":"https:\/\/portaldoestado.com.br\/index.php\/wp-json\/wp\/v2\/posts\/3859\/revisions\/3860"}],"wp:featuredmedia":[{"embeddable":true,"href":"https:\/\/portaldoestado.com.br\/index.php\/wp-json\/wp\/v2\/media\/3858"}],"wp:attachment":[{"href":"https:\/\/portaldoestado.com.br\/index.php\/wp-json\/wp\/v2\/media?parent=3859"}],"wp:term":[{"taxonomy":"category","embeddable":true,"href":"https:\/\/portaldoestado.com.br\/index.php\/wp-json\/wp\/v2\/categories?post=3859"},{"taxonomy":"post_tag","embeddable":true,"href":"https:\/\/portaldoestado.com.br\/index.php\/wp-json\/wp\/v2\/tags?post=3859"}],"curies":[{"name":"wp","href":"https:\/\/api.w.org\/{rel}","templated":true}]}}