{"id":3856,"date":"2025-10-23T14:20:18","date_gmt":"2025-10-23T14:20:18","guid":{"rendered":"https:\/\/portaldoestado.com.br\/?p=3856"},"modified":"2025-10-23T14:20:18","modified_gmt":"2025-10-23T14:20:18","slug":"um-novo-capitulo-na-musica-sertaneja-sonho-por-sonho-com-edu-strada-no-flamenco","status":"publish","type":"post","link":"https:\/\/portaldoestado.com.br\/index.php\/2025\/10\/23\/um-novo-capitulo-na-musica-sertaneja-sonho-por-sonho-com-edu-strada-no-flamenco\/","title":{"rendered":"Um novo cap\u00edtulo na m\u00fasica sertaneja: \u201cSonho por Sonho\u201d com Edu Strada no Flamenco"},"content":{"rendered":"\n<p>O cantor e compositor Edu Strada apresenta uma fus\u00e3o ousada entre a emo\u00e7\u00e3o do sertanejo e a intensidade do flamenco \u2014 uma releitura moderna, vibrante e cheia de verdade do cl\u00e1ssico eternizado por Leandro &#038; Leonardo.<\/p>\n\n\n<!-- wp:image \"id\":195213 -->\n<figure class=\"wp-block-image\"><img decoding=\"async\" src=\"https:\/\/tonamidia.com.br\/wp-content\/uploads\/2014\/01\/edustrada-05-21out25_tonamidia.jpg\" alt=\"\" class=\"wp-image-195213\" \/><\/figure>\n<!-- \/wp:post-content -->\n\n<!-- wp:paragraph -->\n<p>Mais do que uma regrava\u00e7\u00e3o, o single chega com um estilo pr\u00f3prio: uma ponte entre raiz e paix\u00e3o, tradi\u00e7\u00e3o e liberdade. Com voz firme, alma mineira e cora\u00e7\u00e3o latino, Edu Strada transforma sua hist\u00f3ria em ritmo, entrega e verdade.<\/p>\n<!-- \/wp:paragraph -->\n\n<!-- wp:paragraph -->\n<p>Edu Strada. \u00c9 Sertanejo. \u00c9 Flamenco. \u00c9 Verdade.<\/p>\n<!-- \/wp:paragraph -->\n\n<!-- wp:paragraph -->\n<p><strong>>> Instagram: <a href=\"https:\/\/www.instagram.com\/edustradaoficial\/\" target=\"_blank\" rel=\"noreferrer noopener\">@edustradaoficial<\/a><\/strong><\/p>\n<!-- \/wp:paragraph -->\n\n<!-- wp:embed \"url\":\"https:\/\/www.youtube.com\/watch?v=s4aA3gOLigU\",\"type\":\"video\",\"providerNameSlug\":\"youtube\",\"responsive\":true,\"className\":\"wp-embed-aspect-16-9 wp-has-aspect-ratio\" -->\n<figure class=\"wp-block-embed is-type-video is-provider-youtube wp-block-embed-youtube wp-embed-aspect-16-9 wp-has-aspect-ratio\"><div class=\"wp-block-embed__wrapper\">\n<iframe loading=\"lazy\" title=\"Sonho Por Sonho - Edu Strada no Flamenco [CLIPE OFICIAL]\" width=\"640\" height=\"360\" src=\"https:\/\/www.youtube.com\/embed\/s4aA3gOLigU?feature=oembed\" frameborder=\"0\" allow=\"accelerometer; autoplay; clipboard-write; encrypted-media; gyroscope; picture-in-picture; web-share\" referrerpolicy=\"strict-origin-when-cross-origin\" allowfullscreen><\/iframe>\n<\/div><\/figure>\n<!-- \/wp:embed -->\n\n<!-- wp:paragraph -->\n<p>#claudelopes70\u00a0 #edustrada #sonhoporsonho #edustradasonhoporsonho #flamencosertanejo #novosertanejo #sertanejocomalma #Refr\u00e3oDeArena #BrasilCantaJunto.<\/p>\n<!-- \/wp:paragraph -->","protected":false},"excerpt":{"rendered":"<p>O cantor e compositor Edu Strada apresenta uma fus\u00e3o ousada entre a emo\u00e7\u00e3o do sertanejo e a intensidade do flamenco \u2014 uma releitura moderna, vibrante e cheia de verdade do cl\u00e1ssico eternizado por Leandro &#038; Leonardo. Mais do que uma regrava\u00e7\u00e3o, o single chega com um estilo pr\u00f3prio: uma ponte entre raiz e paix\u00e3o, tradi\u00e7\u00e3o \u2026<\/p>\n","protected":false},"author":2,"featured_media":3855,"comment_status":"closed","ping_status":"open","sticky":false,"template":"","format":"standard","meta":{"footnotes":""},"categories":[8],"tags":[9,181],"class_list":["post-3856","post","type-post","status-publish","format-standard","has-post-thumbnail","hentry","category-musica","tag-claudelopes70","tag-edustrada"],"yoast_head":"<!-- This site is optimized with the Yoast SEO plugin v25.5 - https:\/\/yoast.com\/wordpress\/plugins\/seo\/ -->\n<title>Um novo cap\u00edtulo na m\u00fasica sertaneja: \u201cSonho por Sonho\u201d com Edu Strada no Flamenco - Portal do Estado<\/title>\n<meta name=\"robots\" content=\"index, follow, max-snippet:-1, max-image-preview:large, max-video-preview:-1\" \/>\n<link rel=\"canonical\" href=\"https:\/\/portaldoestado.com.br\/index.php\/2025\/10\/23\/um-novo-capitulo-na-musica-sertaneja-sonho-por-sonho-com-edu-strada-no-flamenco\/\" \/>\n<meta property=\"og:locale\" content=\"pt_BR\" \/>\n<meta property=\"og:type\" content=\"article\" \/>\n<meta property=\"og:title\" content=\"Um novo cap\u00edtulo na m\u00fasica sertaneja: \u201cSonho por Sonho\u201d com Edu Strada no Flamenco - Portal do Estado\" \/>\n<meta property=\"og:description\" content=\"O cantor e compositor Edu Strada apresenta uma fus\u00e3o ousada entre a emo\u00e7\u00e3o do sertanejo e a intensidade do flamenco \u2014 uma releitura moderna, vibrante e cheia de verdade do cl\u00e1ssico eternizado por Leandro &amp; Leonardo. Mais do que uma regrava\u00e7\u00e3o, o single chega com um estilo pr\u00f3prio: uma ponte entre raiz e paix\u00e3o, tradi\u00e7\u00e3o \u2026\" \/>\n<meta property=\"og:url\" content=\"https:\/\/portaldoestado.com.br\/index.php\/2025\/10\/23\/um-novo-capitulo-na-musica-sertaneja-sonho-por-sonho-com-edu-strada-no-flamenco\/\" \/>\n<meta property=\"og:site_name\" content=\"Portal do Estado\" \/>\n<meta property=\"article:published_time\" content=\"2025-10-23T14:20:18+00:00\" \/>\n<meta property=\"og:image\" content=\"https:\/\/portaldoestado.com.br\/wp-content\/uploads\/2025\/10\/edustrada-04-21out25_tonamidia.jpg\" \/>\n\t<meta property=\"og:image:width\" content=\"760\" \/>\n\t<meta property=\"og:image:height\" content=\"428\" \/>\n\t<meta property=\"og:image:type\" content=\"image\/jpeg\" \/>\n<meta name=\"author\" content=\"assessoriadefamosos\" \/>\n<meta name=\"twitter:card\" content=\"summary_large_image\" \/>\n<meta name=\"twitter:label1\" content=\"Escrito por\" \/>\n\t<meta name=\"twitter:data1\" content=\"assessoriadefamosos\" \/>\n\t<meta name=\"twitter:label2\" content=\"Est. tempo de leitura\" \/>\n\t<meta name=\"twitter:data2\" content=\"1 minuto\" \/>\n<script type=\"application\/ld+json\" class=\"yoast-schema-graph\">{\"@context\":\"https:\/\/schema.org\",\"@graph\":[{\"@type\":\"Article\",\"@id\":\"https:\/\/portaldoestado.com.br\/index.php\/2025\/10\/23\/um-novo-capitulo-na-musica-sertaneja-sonho-por-sonho-com-edu-strada-no-flamenco\/#article\",\"isPartOf\":{\"@id\":\"https:\/\/portaldoestado.com.br\/index.php\/2025\/10\/23\/um-novo-capitulo-na-musica-sertaneja-sonho-por-sonho-com-edu-strada-no-flamenco\/\"},\"author\":{\"name\":\"assessoriadefamosos\",\"@id\":\"https:\/\/portaldoestado.com.br\/#\/schema\/person\/5ca0174f3c8c84b59da62ea14b698cb9\"},\"headline\":\"Um novo cap\u00edtulo na m\u00fasica sertaneja: \u201cSonho por Sonho\u201d com Edu Strada no Flamenco\",\"datePublished\":\"2025-10-23T14:20:18+00:00\",\"mainEntityOfPage\":{\"@id\":\"https:\/\/portaldoestado.com.br\/index.php\/2025\/10\/23\/um-novo-capitulo-na-musica-sertaneja-sonho-por-sonho-com-edu-strada-no-flamenco\/\"},\"wordCount\":124,\"publisher\":{\"@id\":\"https:\/\/portaldoestado.com.br\/#organization\"},\"image\":{\"@id\":\"https:\/\/portaldoestado.com.br\/index.php\/2025\/10\/23\/um-novo-capitulo-na-musica-sertaneja-sonho-por-sonho-com-edu-strada-no-flamenco\/#primaryimage\"},\"thumbnailUrl\":\"https:\/\/portaldoestado.com.br\/wp-content\/uploads\/2025\/10\/edustrada-04-21out25_tonamidia.jpg\",\"keywords\":[\"claudelopes70\",\"edustrada\"],\"articleSection\":[\"M\u00fasica\"],\"inLanguage\":\"pt-BR\"},{\"@type\":\"WebPage\",\"@id\":\"https:\/\/portaldoestado.com.br\/index.php\/2025\/10\/23\/um-novo-capitulo-na-musica-sertaneja-sonho-por-sonho-com-edu-strada-no-flamenco\/\",\"url\":\"https:\/\/portaldoestado.com.br\/index.php\/2025\/10\/23\/um-novo-capitulo-na-musica-sertaneja-sonho-por-sonho-com-edu-strada-no-flamenco\/\",\"name\":\"Um novo cap\u00edtulo na m\u00fasica sertaneja: \u201cSonho por Sonho\u201d com Edu Strada no Flamenco - Portal do Estado\",\"isPartOf\":{\"@id\":\"https:\/\/portaldoestado.com.br\/#website\"},\"primaryImageOfPage\":{\"@id\":\"https:\/\/portaldoestado.com.br\/index.php\/2025\/10\/23\/um-novo-capitulo-na-musica-sertaneja-sonho-por-sonho-com-edu-strada-no-flamenco\/#primaryimage\"},\"image\":{\"@id\":\"https:\/\/portaldoestado.com.br\/index.php\/2025\/10\/23\/um-novo-capitulo-na-musica-sertaneja-sonho-por-sonho-com-edu-strada-no-flamenco\/#primaryimage\"},\"thumbnailUrl\":\"https:\/\/portaldoestado.com.br\/wp-content\/uploads\/2025\/10\/edustrada-04-21out25_tonamidia.jpg\",\"datePublished\":\"2025-10-23T14:20:18+00:00\",\"breadcrumb\":{\"@id\":\"https:\/\/portaldoestado.com.br\/index.php\/2025\/10\/23\/um-novo-capitulo-na-musica-sertaneja-sonho-por-sonho-com-edu-strada-no-flamenco\/#breadcrumb\"},\"inLanguage\":\"pt-BR\",\"potentialAction\":[{\"@type\":\"ReadAction\",\"target\":[\"https:\/\/portaldoestado.com.br\/index.php\/2025\/10\/23\/um-novo-capitulo-na-musica-sertaneja-sonho-por-sonho-com-edu-strada-no-flamenco\/\"]}]},{\"@type\":\"ImageObject\",\"inLanguage\":\"pt-BR\",\"@id\":\"https:\/\/portaldoestado.com.br\/index.php\/2025\/10\/23\/um-novo-capitulo-na-musica-sertaneja-sonho-por-sonho-com-edu-strada-no-flamenco\/#primaryimage\",\"url\":\"https:\/\/portaldoestado.com.br\/wp-content\/uploads\/2025\/10\/edustrada-04-21out25_tonamidia.jpg\",\"contentUrl\":\"https:\/\/portaldoestado.com.br\/wp-content\/uploads\/2025\/10\/edustrada-04-21out25_tonamidia.jpg\",\"width\":760,\"height\":428},{\"@type\":\"BreadcrumbList\",\"@id\":\"https:\/\/portaldoestado.com.br\/index.php\/2025\/10\/23\/um-novo-capitulo-na-musica-sertaneja-sonho-por-sonho-com-edu-strada-no-flamenco\/#breadcrumb\",\"itemListElement\":[{\"@type\":\"ListItem\",\"position\":1,\"name\":\"In\u00edcio\",\"item\":\"https:\/\/portaldoestado.com.br\/\"},{\"@type\":\"ListItem\",\"position\":2,\"name\":\"Um novo cap\u00edtulo na m\u00fasica sertaneja: \u201cSonho por Sonho\u201d com Edu Strada no Flamenco\"}]},{\"@type\":\"WebSite\",\"@id\":\"https:\/\/portaldoestado.com.br\/#website\",\"url\":\"https:\/\/portaldoestado.com.br\/\",\"name\":\"Portal do Estado\",\"description\":\"\",\"publisher\":{\"@id\":\"https:\/\/portaldoestado.com.br\/#organization\"},\"potentialAction\":[{\"@type\":\"SearchAction\",\"target\":{\"@type\":\"EntryPoint\",\"urlTemplate\":\"https:\/\/portaldoestado.com.br\/?s={search_term_string}\"},\"query-input\":{\"@type\":\"PropertyValueSpecification\",\"valueRequired\":true,\"valueName\":\"search_term_string\"}}],\"inLanguage\":\"pt-BR\"},{\"@type\":\"Organization\",\"@id\":\"https:\/\/portaldoestado.com.br\/#organization\",\"name\":\"Portal do Estado\",\"url\":\"https:\/\/portaldoestado.com.br\/\",\"logo\":{\"@type\":\"ImageObject\",\"inLanguage\":\"pt-BR\",\"@id\":\"https:\/\/portaldoestado.com.br\/#\/schema\/logo\/image\/\",\"url\":\"https:\/\/portaldoestado.com.br\/wp-content\/uploads\/2025\/04\/cropped-6f69b19a-6472-43bf-b1b3-e1910bbbd4e8.png\",\"contentUrl\":\"https:\/\/portaldoestado.com.br\/wp-content\/uploads\/2025\/04\/cropped-6f69b19a-6472-43bf-b1b3-e1910bbbd4e8.png\",\"width\":1024,\"height\":350,\"caption\":\"Portal do Estado\"},\"image\":{\"@id\":\"https:\/\/portaldoestado.com.br\/#\/schema\/logo\/image\/\"}},{\"@type\":\"Person\",\"@id\":\"https:\/\/portaldoestado.com.br\/#\/schema\/person\/5ca0174f3c8c84b59da62ea14b698cb9\",\"name\":\"assessoriadefamosos\",\"image\":{\"@type\":\"ImageObject\",\"inLanguage\":\"pt-BR\",\"@id\":\"https:\/\/portaldoestado.com.br\/#\/schema\/person\/image\/\",\"url\":\"https:\/\/secure.gravatar.com\/avatar\/a7acbdffcfbbae7240e59f47fe511ec5f5d8c252c779f0b8d9ab02a9e1d8c5ed?s=96&d=mm&r=g\",\"contentUrl\":\"https:\/\/secure.gravatar.com\/avatar\/a7acbdffcfbbae7240e59f47fe511ec5f5d8c252c779f0b8d9ab02a9e1d8c5ed?s=96&d=mm&r=g\",\"caption\":\"assessoriadefamosos\"},\"url\":\"https:\/\/portaldoestado.com.br\/index.php\/author\/assessoriadefamosos\/\"}]}<\/script>\n<!-- \/ Yoast SEO plugin. -->","yoast_head_json":{"title":"Um novo cap\u00edtulo na m\u00fasica sertaneja: \u201cSonho por Sonho\u201d com Edu Strada no Flamenco - Portal do Estado","robots":{"index":"index","follow":"follow","max-snippet":"max-snippet:-1","max-image-preview":"max-image-preview:large","max-video-preview":"max-video-preview:-1"},"canonical":"https:\/\/portaldoestado.com.br\/index.php\/2025\/10\/23\/um-novo-capitulo-na-musica-sertaneja-sonho-por-sonho-com-edu-strada-no-flamenco\/","og_locale":"pt_BR","og_type":"article","og_title":"Um novo cap\u00edtulo na m\u00fasica sertaneja: \u201cSonho por Sonho\u201d com Edu Strada no Flamenco - Portal do Estado","og_description":"O cantor e compositor Edu Strada apresenta uma fus\u00e3o ousada entre a emo\u00e7\u00e3o do sertanejo e a intensidade do flamenco \u2014 uma releitura moderna, vibrante e cheia de verdade do cl\u00e1ssico eternizado por Leandro & Leonardo. Mais do que uma regrava\u00e7\u00e3o, o single chega com um estilo pr\u00f3prio: uma ponte entre raiz e paix\u00e3o, tradi\u00e7\u00e3o \u2026","og_url":"https:\/\/portaldoestado.com.br\/index.php\/2025\/10\/23\/um-novo-capitulo-na-musica-sertaneja-sonho-por-sonho-com-edu-strada-no-flamenco\/","og_site_name":"Portal do Estado","article_published_time":"2025-10-23T14:20:18+00:00","og_image":[{"width":760,"height":428,"url":"https:\/\/portaldoestado.com.br\/wp-content\/uploads\/2025\/10\/edustrada-04-21out25_tonamidia.jpg","type":"image\/jpeg"}],"author":"assessoriadefamosos","twitter_card":"summary_large_image","twitter_misc":{"Escrito por":"assessoriadefamosos","Est. tempo de leitura":"1 minuto"},"schema":{"@context":"https:\/\/schema.org","@graph":[{"@type":"Article","@id":"https:\/\/portaldoestado.com.br\/index.php\/2025\/10\/23\/um-novo-capitulo-na-musica-sertaneja-sonho-por-sonho-com-edu-strada-no-flamenco\/#article","isPartOf":{"@id":"https:\/\/portaldoestado.com.br\/index.php\/2025\/10\/23\/um-novo-capitulo-na-musica-sertaneja-sonho-por-sonho-com-edu-strada-no-flamenco\/"},"author":{"name":"assessoriadefamosos","@id":"https:\/\/portaldoestado.com.br\/#\/schema\/person\/5ca0174f3c8c84b59da62ea14b698cb9"},"headline":"Um novo cap\u00edtulo na m\u00fasica sertaneja: \u201cSonho por Sonho\u201d com Edu Strada no Flamenco","datePublished":"2025-10-23T14:20:18+00:00","mainEntityOfPage":{"@id":"https:\/\/portaldoestado.com.br\/index.php\/2025\/10\/23\/um-novo-capitulo-na-musica-sertaneja-sonho-por-sonho-com-edu-strada-no-flamenco\/"},"wordCount":124,"publisher":{"@id":"https:\/\/portaldoestado.com.br\/#organization"},"image":{"@id":"https:\/\/portaldoestado.com.br\/index.php\/2025\/10\/23\/um-novo-capitulo-na-musica-sertaneja-sonho-por-sonho-com-edu-strada-no-flamenco\/#primaryimage"},"thumbnailUrl":"https:\/\/portaldoestado.com.br\/wp-content\/uploads\/2025\/10\/edustrada-04-21out25_tonamidia.jpg","keywords":["claudelopes70","edustrada"],"articleSection":["M\u00fasica"],"inLanguage":"pt-BR"},{"@type":"WebPage","@id":"https:\/\/portaldoestado.com.br\/index.php\/2025\/10\/23\/um-novo-capitulo-na-musica-sertaneja-sonho-por-sonho-com-edu-strada-no-flamenco\/","url":"https:\/\/portaldoestado.com.br\/index.php\/2025\/10\/23\/um-novo-capitulo-na-musica-sertaneja-sonho-por-sonho-com-edu-strada-no-flamenco\/","name":"Um novo cap\u00edtulo na m\u00fasica sertaneja: \u201cSonho por Sonho\u201d com Edu Strada no Flamenco - Portal do Estado","isPartOf":{"@id":"https:\/\/portaldoestado.com.br\/#website"},"primaryImageOfPage":{"@id":"https:\/\/portaldoestado.com.br\/index.php\/2025\/10\/23\/um-novo-capitulo-na-musica-sertaneja-sonho-por-sonho-com-edu-strada-no-flamenco\/#primaryimage"},"image":{"@id":"https:\/\/portaldoestado.com.br\/index.php\/2025\/10\/23\/um-novo-capitulo-na-musica-sertaneja-sonho-por-sonho-com-edu-strada-no-flamenco\/#primaryimage"},"thumbnailUrl":"https:\/\/portaldoestado.com.br\/wp-content\/uploads\/2025\/10\/edustrada-04-21out25_tonamidia.jpg","datePublished":"2025-10-23T14:20:18+00:00","breadcrumb":{"@id":"https:\/\/portaldoestado.com.br\/index.php\/2025\/10\/23\/um-novo-capitulo-na-musica-sertaneja-sonho-por-sonho-com-edu-strada-no-flamenco\/#breadcrumb"},"inLanguage":"pt-BR","potentialAction":[{"@type":"ReadAction","target":["https:\/\/portaldoestado.com.br\/index.php\/2025\/10\/23\/um-novo-capitulo-na-musica-sertaneja-sonho-por-sonho-com-edu-strada-no-flamenco\/"]}]},{"@type":"ImageObject","inLanguage":"pt-BR","@id":"https:\/\/portaldoestado.com.br\/index.php\/2025\/10\/23\/um-novo-capitulo-na-musica-sertaneja-sonho-por-sonho-com-edu-strada-no-flamenco\/#primaryimage","url":"https:\/\/portaldoestado.com.br\/wp-content\/uploads\/2025\/10\/edustrada-04-21out25_tonamidia.jpg","contentUrl":"https:\/\/portaldoestado.com.br\/wp-content\/uploads\/2025\/10\/edustrada-04-21out25_tonamidia.jpg","width":760,"height":428},{"@type":"BreadcrumbList","@id":"https:\/\/portaldoestado.com.br\/index.php\/2025\/10\/23\/um-novo-capitulo-na-musica-sertaneja-sonho-por-sonho-com-edu-strada-no-flamenco\/#breadcrumb","itemListElement":[{"@type":"ListItem","position":1,"name":"In\u00edcio","item":"https:\/\/portaldoestado.com.br\/"},{"@type":"ListItem","position":2,"name":"Um novo cap\u00edtulo na m\u00fasica sertaneja: \u201cSonho por Sonho\u201d com Edu Strada no Flamenco"}]},{"@type":"WebSite","@id":"https:\/\/portaldoestado.com.br\/#website","url":"https:\/\/portaldoestado.com.br\/","name":"Portal do Estado","description":"","publisher":{"@id":"https:\/\/portaldoestado.com.br\/#organization"},"potentialAction":[{"@type":"SearchAction","target":{"@type":"EntryPoint","urlTemplate":"https:\/\/portaldoestado.com.br\/?s={search_term_string}"},"query-input":{"@type":"PropertyValueSpecification","valueRequired":true,"valueName":"search_term_string"}}],"inLanguage":"pt-BR"},{"@type":"Organization","@id":"https:\/\/portaldoestado.com.br\/#organization","name":"Portal do Estado","url":"https:\/\/portaldoestado.com.br\/","logo":{"@type":"ImageObject","inLanguage":"pt-BR","@id":"https:\/\/portaldoestado.com.br\/#\/schema\/logo\/image\/","url":"https:\/\/portaldoestado.com.br\/wp-content\/uploads\/2025\/04\/cropped-6f69b19a-6472-43bf-b1b3-e1910bbbd4e8.png","contentUrl":"https:\/\/portaldoestado.com.br\/wp-content\/uploads\/2025\/04\/cropped-6f69b19a-6472-43bf-b1b3-e1910bbbd4e8.png","width":1024,"height":350,"caption":"Portal do Estado"},"image":{"@id":"https:\/\/portaldoestado.com.br\/#\/schema\/logo\/image\/"}},{"@type":"Person","@id":"https:\/\/portaldoestado.com.br\/#\/schema\/person\/5ca0174f3c8c84b59da62ea14b698cb9","name":"assessoriadefamosos","image":{"@type":"ImageObject","inLanguage":"pt-BR","@id":"https:\/\/portaldoestado.com.br\/#\/schema\/person\/image\/","url":"https:\/\/secure.gravatar.com\/avatar\/a7acbdffcfbbae7240e59f47fe511ec5f5d8c252c779f0b8d9ab02a9e1d8c5ed?s=96&d=mm&r=g","contentUrl":"https:\/\/secure.gravatar.com\/avatar\/a7acbdffcfbbae7240e59f47fe511ec5f5d8c252c779f0b8d9ab02a9e1d8c5ed?s=96&d=mm&r=g","caption":"assessoriadefamosos"},"url":"https:\/\/portaldoestado.com.br\/index.php\/author\/assessoriadefamosos\/"}]}},"jetpack_featured_media_url":"https:\/\/portaldoestado.com.br\/wp-content\/uploads\/2025\/10\/edustrada-04-21out25_tonamidia.jpg","_links":{"self":[{"href":"https:\/\/portaldoestado.com.br\/index.php\/wp-json\/wp\/v2\/posts\/3856","targetHints":{"allow":["GET"]}}],"collection":[{"href":"https:\/\/portaldoestado.com.br\/index.php\/wp-json\/wp\/v2\/posts"}],"about":[{"href":"https:\/\/portaldoestado.com.br\/index.php\/wp-json\/wp\/v2\/types\/post"}],"author":[{"embeddable":true,"href":"https:\/\/portaldoestado.com.br\/index.php\/wp-json\/wp\/v2\/users\/2"}],"replies":[{"embeddable":true,"href":"https:\/\/portaldoestado.com.br\/index.php\/wp-json\/wp\/v2\/comments?post=3856"}],"version-history":[{"count":1,"href":"https:\/\/portaldoestado.com.br\/index.php\/wp-json\/wp\/v2\/posts\/3856\/revisions"}],"predecessor-version":[{"id":3857,"href":"https:\/\/portaldoestado.com.br\/index.php\/wp-json\/wp\/v2\/posts\/3856\/revisions\/3857"}],"wp:featuredmedia":[{"embeddable":true,"href":"https:\/\/portaldoestado.com.br\/index.php\/wp-json\/wp\/v2\/media\/3855"}],"wp:attachment":[{"href":"https:\/\/portaldoestado.com.br\/index.php\/wp-json\/wp\/v2\/media?parent=3856"}],"wp:term":[{"taxonomy":"category","embeddable":true,"href":"https:\/\/portaldoestado.com.br\/index.php\/wp-json\/wp\/v2\/categories?post=3856"},{"taxonomy":"post_tag","embeddable":true,"href":"https:\/\/portaldoestado.com.br\/index.php\/wp-json\/wp\/v2\/tags?post=3856"}],"curies":[{"name":"wp","href":"https:\/\/api.w.org\/{rel}","templated":true}]}}