{"id":3685,"date":"2025-10-17T18:42:03","date_gmt":"2025-10-17T18:42:03","guid":{"rendered":"https:\/\/portaldoestado.com.br\/?p=3685"},"modified":"2025-10-17T18:42:03","modified_gmt":"2025-10-17T18:42:03","slug":"henrique-barack-obama-apresenta-o-obamismo-e-anuncia-candidatura-com-ambicao-de-transformar-o-brasil-e-o-mundo-2","status":"publish","type":"post","link":"https:\/\/portaldoestado.com.br\/index.php\/2025\/10\/17\/henrique-barack-obama-apresenta-o-obamismo-e-anuncia-candidatura-com-ambicao-de-transformar-o-brasil-e-o-mundo-2\/","title":{"rendered":"Henrique Barack Obama apresenta o Obamismo e anuncia candidatura com ambi\u00e7\u00e3o de transformar o Brasil e o mundo"},"content":{"rendered":"\n<p>Em um momento hist\u00f3rico transmitido ao vivo pela R\u00e1dio Kawsachun Coca, o pensador, pol\u00edtico e ativista humanit\u00e1rio <strong>Henrique Barack Obama<\/strong> anunciou oficialmente sua candidatura ao <strong>Senado e \u00e0 Presid\u00eancia do Brasil<\/strong>, marcando o in\u00edcio de uma nova era em sua trajet\u00f3ria de engajamento social, filos\u00f3fico e pol\u00edtico. O an\u00fancio aconteceu ap\u00f3s sua participa\u00e7\u00e3o decisiva na <strong>cria\u00e7\u00e3o do Movimento Intercontinental Antimperialista (MIA)<\/strong>, realizado na Bol\u00edvia, evento que reuniu mais de <strong>25 mil pessoas<\/strong> e l\u00edderes de diversas na\u00e7\u00f5es do mundo.<\/p>\n\n\n\n<p>Durante seu discurso, Henrique destacou que sua atua\u00e7\u00e3o \u00e9 guiada pelos princ\u00edpios do <strong>Obamismo<\/strong>, corrente filos\u00f3fica e pol\u00edtica idealizada por ele, que tem como prop\u00f3sito impulsionar a pol\u00edtica mundial rumo \u00e0 <strong>evolu\u00e7\u00e3o, \u00e0 justi\u00e7a social e ao desenvolvimento humano integral<\/strong>. Segundo o pensador, o movimento \u00e9 sustentado por <strong>16 pilares fundamentais<\/strong>, que v\u00e3o desde a defesa da soberania econ\u00f4mica e da coopera\u00e7\u00e3o entre as na\u00e7\u00f5es at\u00e9 a preserva\u00e7\u00e3o cultural, a valoriza\u00e7\u00e3o da f\u00e9 e o fortalecimento da justi\u00e7a social.<\/p>\n\n\n\n<p>O encontro internacional que consolidou a funda\u00e7\u00e3o do MIA tamb\u00e9m contou com a presen\u00e7a de um ex-presidente boliviano, identificado por Henrique como um antigo \u201copositor\u201d, que decidiu se unir \u00e0 iniciativa ao reconhecer a relev\u00e2ncia do projeto. \u201c<strong>Atuei como embaixador da paz e mediador de conflitos em v\u00e1rios pa\u00edses<\/strong>\u201d, afirmou Henrique Barack Obama, ressaltando o car\u00e1ter conciliador, diplom\u00e1tico e humanit\u00e1rio de sua miss\u00e3o.<\/p>\n\n\n\n<p>De acordo com seu idealizador, o <strong>Obamismo<\/strong> surge como a primeira filosofia capaz de unir <strong>pr\u00e1tica pol\u00edtica, desenvolvimento econ\u00f4mico e consci\u00eancia global<\/strong> em um mesmo eixo de a\u00e7\u00e3o. A corrente defende valores como <strong>responsabilidade socioambiental, liberdade religiosa, meritocracia, descentraliza\u00e7\u00e3o econ\u00f4mica e interc\u00e2mbio de conhecimento<\/strong> entre povos. Para Henrique, a verdadeira transforma\u00e7\u00e3o social depende da uni\u00e3o entre f\u00e9, inova\u00e7\u00e3o e a\u00e7\u00e3o pol\u00edtica concreta.<\/p>\n\n\n\n<p>Entre os conceitos centrais do movimento est\u00e3o ainda a <strong>defesa da soberania nacional<\/strong>, a <strong>educa\u00e7\u00e3o financeira<\/strong> por meio das <strong>tecnologias digitais<\/strong>, como <strong>blockchain e criptomoedas<\/strong>, e o compromisso com os <strong>Objetivos de Desenvolvimento Sustent\u00e1vel da ONU (ODS 2030)<\/strong>. Henrique faz quest\u00e3o de refor\u00e7ar que o Obamismo <strong>n\u00e3o pertence a governos, partidos ou corpora\u00e7\u00f5es<\/strong>, mas sim \u00e0 humanidade como um todo. \u201c<strong>Acreditamos que \u00e9 poss\u00edvel implementar todos os conceitos aqui contidos. Sim, n\u00f3s podemos<\/strong>\u201d, declarou, evocando o lema que se tornou s\u00edmbolo de sua filosofia.<\/p>\n\n\n\n<p>Com o nascimento do MIA e a consolida\u00e7\u00e3o do Obamismo, Henrique Barack Obama direciona agora sua ampla experi\u00eancia internacional ao cen\u00e1rio pol\u00edtico brasileiro. Seu discurso, pautado na <strong>uni\u00e3o, na paz e na justi\u00e7a social<\/strong>, reflete uma vis\u00e3o global, mas com ra\u00edzes firmes na realidade do Brasil.<\/p>\n\n\n\n<p>\u201c<strong>O mundo precisa de l\u00edderes que acreditem na for\u00e7a do bem comum, na f\u00e9 e na capacidade humana de evoluir<\/strong>\u201d, afirmou ao encerrar sua fala, sob aplausos. Com voz firme e olhar vision\u00e1rio, Henrique deixou claro que sua jornada n\u00e3o se limita \u00e0 pol\u00edtica \u2014 \u00e9 tamb\u00e9m <strong>espiritual e filos\u00f3fica<\/strong>, um chamado \u00e0 reflex\u00e3o e \u00e0 a\u00e7\u00e3o coletiva em nome de um <strong>futuro mais justo, solid\u00e1rio e sustent\u00e1vel<\/strong>.<\/p>\n\n\n<!-- wp:image \"id\":93719,\"align\":\"center\" -->\n<figure class=\"wp-block-image aligncenter\"><img decoding=\"async\" src=\"https:\/\/tonafama.ig.com.br\/wp-content\/uploads\/2025\/10\/bd4f327b-b221-47dc-b099-09468cec00e1.jpg\" alt=\"\" class=\"wp-image-93719\"\/><\/figure>\n<!-- \/wp:post-content -->\n\n<!-- wp:image \"id\":93765,\"align\":\"center\" -->\n<figure class=\"wp-block-image aligncenter\"><img decoding=\"async\" src=\"https:\/\/tonafama.ig.com.br\/wp-content\/uploads\/2025\/10\/176706ec-5c3d-4499-a24d-f0a7c314d5f3-472x1024.jpg\" alt=\"\" class=\"wp-image-93765\"\/><\/figure>\n<!-- \/wp:image -->\n\n<!-- wp:image \"id\":93766,\"align\":\"center\" -->\n<figure class=\"wp-block-image aligncenter\"><img decoding=\"async\" src=\"https:\/\/tonafama.ig.com.br\/wp-content\/uploads\/2025\/10\/d8822d89-237a-443f-8379-ccce8be7b8c2-576x1024.jpg\" alt=\"\" class=\"wp-image-93766\"\/><\/figure>\n<!-- \/wp:image -->\n\n<!-- wp:image \"id\":93767,\"align\":\"center\" -->\n<figure class=\"wp-block-image aligncenter\"><img decoding=\"async\" src=\"https:\/\/tonafama.ig.com.br\/wp-content\/uploads\/2025\/10\/1566b5b1-99e6-4aa7-9039-b82dde6df0b3-461x1024.jpg\" alt=\"\" class=\"wp-image-93767\"\/><\/figure>\n<!-- \/wp:image -->\n\n<!-- wp:paragraph -->\n<p>Fonte: <a href=\"https:\/\/tonafama.ig.com.br\/henrique-barack-obama-apresenta-o-obamismo-e-anuncia-candidatura-com-ambicao-de-transformar-o-brasil-e-o-mundo-2\/\">Henrique Barack Obama apresenta o Obamismo e anuncia candidatura com ambi\u00e7\u00e3o de transformar o Brasil e o mundo<\/a><\/p>\n<!-- \/wp:paragraph -->","protected":false},"excerpt":{"rendered":"<p>Em um momento hist\u00f3rico transmitido ao vivo pela R\u00e1dio Kawsachun Coca, o pensador, pol\u00edtico e ativista humanit\u00e1rio Henrique Barack Obama anunciou oficialmente sua candidatura ao Senado e \u00e0 Presid\u00eancia do Brasil, marcando o in\u00edcio de uma nova era em sua trajet\u00f3ria de engajamento social, filos\u00f3fico e pol\u00edtico. O an\u00fancio aconteceu ap\u00f3s sua participa\u00e7\u00e3o decisiva na \u2026<\/p>\n","protected":false},"author":2,"featured_media":3684,"comment_status":"closed","ping_status":"open","sticky":false,"template":"","format":"standard","meta":{"footnotes":""},"categories":[3],"tags":[],"class_list":["post-3685","post","type-post","status-publish","format-standard","has-post-thumbnail","hentry","category-famosos"],"yoast_head":"<!-- This site is optimized with the Yoast SEO plugin v25.5 - https:\/\/yoast.com\/wordpress\/plugins\/seo\/ -->\n<title>Henrique Barack Obama apresenta o Obamismo e anuncia candidatura com ambi\u00e7\u00e3o de transformar o Brasil e o mundo - Portal do Estado<\/title>\n<meta name=\"robots\" content=\"index, follow, max-snippet:-1, max-image-preview:large, max-video-preview:-1\" \/>\n<link rel=\"canonical\" href=\"https:\/\/portaldoestado.com.br\/index.php\/2025\/10\/17\/henrique-barack-obama-apresenta-o-obamismo-e-anuncia-candidatura-com-ambicao-de-transformar-o-brasil-e-o-mundo-2\/\" \/>\n<meta property=\"og:locale\" content=\"pt_BR\" \/>\n<meta property=\"og:type\" content=\"article\" \/>\n<meta property=\"og:title\" content=\"Henrique Barack Obama apresenta o Obamismo e anuncia candidatura com ambi\u00e7\u00e3o de transformar o Brasil e o mundo - Portal do Estado\" \/>\n<meta property=\"og:description\" content=\"Em um momento hist\u00f3rico transmitido ao vivo pela R\u00e1dio Kawsachun Coca, o pensador, pol\u00edtico e ativista humanit\u00e1rio Henrique Barack Obama anunciou oficialmente sua candidatura ao Senado e \u00e0 Presid\u00eancia do Brasil, marcando o in\u00edcio de uma nova era em sua trajet\u00f3ria de engajamento social, filos\u00f3fico e pol\u00edtico. O an\u00fancio aconteceu ap\u00f3s sua participa\u00e7\u00e3o decisiva na \u2026\" \/>\n<meta property=\"og:url\" content=\"https:\/\/portaldoestado.com.br\/index.php\/2025\/10\/17\/henrique-barack-obama-apresenta-o-obamismo-e-anuncia-candidatura-com-ambicao-de-transformar-o-brasil-e-o-mundo-2\/\" \/>\n<meta property=\"og:site_name\" content=\"Portal do Estado\" \/>\n<meta property=\"article:published_time\" content=\"2025-10-17T18:42:03+00:00\" \/>\n<meta property=\"og:image\" content=\"https:\/\/portaldoestado.com.br\/wp-content\/uploads\/2025\/10\/d0f3961d-8fc1-474e-b1a4-86e36357494a-e1760715201611-720x470-1.jpg\" \/>\n\t<meta property=\"og:image:width\" content=\"720\" \/>\n\t<meta property=\"og:image:height\" content=\"470\" \/>\n\t<meta property=\"og:image:type\" content=\"image\/jpeg\" \/>\n<meta name=\"author\" content=\"assessoriadefamosos\" \/>\n<meta name=\"twitter:card\" content=\"summary_large_image\" \/>\n<meta name=\"twitter:label1\" content=\"Escrito por\" \/>\n\t<meta name=\"twitter:data1\" content=\"assessoriadefamosos\" \/>\n\t<meta name=\"twitter:label2\" content=\"Est. tempo de leitura\" \/>\n\t<meta name=\"twitter:data2\" content=\"3 minutos\" \/>\n<script type=\"application\/ld+json\" class=\"yoast-schema-graph\">{\"@context\":\"https:\/\/schema.org\",\"@graph\":[{\"@type\":\"Article\",\"@id\":\"https:\/\/portaldoestado.com.br\/index.php\/2025\/10\/17\/henrique-barack-obama-apresenta-o-obamismo-e-anuncia-candidatura-com-ambicao-de-transformar-o-brasil-e-o-mundo-2\/#article\",\"isPartOf\":{\"@id\":\"https:\/\/portaldoestado.com.br\/index.php\/2025\/10\/17\/henrique-barack-obama-apresenta-o-obamismo-e-anuncia-candidatura-com-ambicao-de-transformar-o-brasil-e-o-mundo-2\/\"},\"author\":{\"name\":\"assessoriadefamosos\",\"@id\":\"https:\/\/portaldoestado.com.br\/#\/schema\/person\/5ca0174f3c8c84b59da62ea14b698cb9\"},\"headline\":\"Henrique Barack Obama apresenta o Obamismo e anuncia candidatura com ambi\u00e7\u00e3o de transformar o Brasil e o mundo\",\"datePublished\":\"2025-10-17T18:42:03+00:00\",\"mainEntityOfPage\":{\"@id\":\"https:\/\/portaldoestado.com.br\/index.php\/2025\/10\/17\/henrique-barack-obama-apresenta-o-obamismo-e-anuncia-candidatura-com-ambicao-de-transformar-o-brasil-e-o-mundo-2\/\"},\"wordCount\":587,\"publisher\":{\"@id\":\"https:\/\/portaldoestado.com.br\/#organization\"},\"image\":{\"@id\":\"https:\/\/portaldoestado.com.br\/index.php\/2025\/10\/17\/henrique-barack-obama-apresenta-o-obamismo-e-anuncia-candidatura-com-ambicao-de-transformar-o-brasil-e-o-mundo-2\/#primaryimage\"},\"thumbnailUrl\":\"https:\/\/portaldoestado.com.br\/wp-content\/uploads\/2025\/10\/d0f3961d-8fc1-474e-b1a4-86e36357494a-e1760715201611-720x470-1.jpg\",\"articleSection\":[\"Famosos\"],\"inLanguage\":\"pt-BR\"},{\"@type\":\"WebPage\",\"@id\":\"https:\/\/portaldoestado.com.br\/index.php\/2025\/10\/17\/henrique-barack-obama-apresenta-o-obamismo-e-anuncia-candidatura-com-ambicao-de-transformar-o-brasil-e-o-mundo-2\/\",\"url\":\"https:\/\/portaldoestado.com.br\/index.php\/2025\/10\/17\/henrique-barack-obama-apresenta-o-obamismo-e-anuncia-candidatura-com-ambicao-de-transformar-o-brasil-e-o-mundo-2\/\",\"name\":\"Henrique Barack Obama apresenta o Obamismo e anuncia candidatura com ambi\u00e7\u00e3o de transformar o Brasil e o mundo - Portal do Estado\",\"isPartOf\":{\"@id\":\"https:\/\/portaldoestado.com.br\/#website\"},\"primaryImageOfPage\":{\"@id\":\"https:\/\/portaldoestado.com.br\/index.php\/2025\/10\/17\/henrique-barack-obama-apresenta-o-obamismo-e-anuncia-candidatura-com-ambicao-de-transformar-o-brasil-e-o-mundo-2\/#primaryimage\"},\"image\":{\"@id\":\"https:\/\/portaldoestado.com.br\/index.php\/2025\/10\/17\/henrique-barack-obama-apresenta-o-obamismo-e-anuncia-candidatura-com-ambicao-de-transformar-o-brasil-e-o-mundo-2\/#primaryimage\"},\"thumbnailUrl\":\"https:\/\/portaldoestado.com.br\/wp-content\/uploads\/2025\/10\/d0f3961d-8fc1-474e-b1a4-86e36357494a-e1760715201611-720x470-1.jpg\",\"datePublished\":\"2025-10-17T18:42:03+00:00\",\"breadcrumb\":{\"@id\":\"https:\/\/portaldoestado.com.br\/index.php\/2025\/10\/17\/henrique-barack-obama-apresenta-o-obamismo-e-anuncia-candidatura-com-ambicao-de-transformar-o-brasil-e-o-mundo-2\/#breadcrumb\"},\"inLanguage\":\"pt-BR\",\"potentialAction\":[{\"@type\":\"ReadAction\",\"target\":[\"https:\/\/portaldoestado.com.br\/index.php\/2025\/10\/17\/henrique-barack-obama-apresenta-o-obamismo-e-anuncia-candidatura-com-ambicao-de-transformar-o-brasil-e-o-mundo-2\/\"]}]},{\"@type\":\"ImageObject\",\"inLanguage\":\"pt-BR\",\"@id\":\"https:\/\/portaldoestado.com.br\/index.php\/2025\/10\/17\/henrique-barack-obama-apresenta-o-obamismo-e-anuncia-candidatura-com-ambicao-de-transformar-o-brasil-e-o-mundo-2\/#primaryimage\",\"url\":\"https:\/\/portaldoestado.com.br\/wp-content\/uploads\/2025\/10\/d0f3961d-8fc1-474e-b1a4-86e36357494a-e1760715201611-720x470-1.jpg\",\"contentUrl\":\"https:\/\/portaldoestado.com.br\/wp-content\/uploads\/2025\/10\/d0f3961d-8fc1-474e-b1a4-86e36357494a-e1760715201611-720x470-1.jpg\",\"width\":720,\"height\":470},{\"@type\":\"BreadcrumbList\",\"@id\":\"https:\/\/portaldoestado.com.br\/index.php\/2025\/10\/17\/henrique-barack-obama-apresenta-o-obamismo-e-anuncia-candidatura-com-ambicao-de-transformar-o-brasil-e-o-mundo-2\/#breadcrumb\",\"itemListElement\":[{\"@type\":\"ListItem\",\"position\":1,\"name\":\"In\u00edcio\",\"item\":\"https:\/\/portaldoestado.com.br\/\"},{\"@type\":\"ListItem\",\"position\":2,\"name\":\"Henrique Barack Obama apresenta o Obamismo e anuncia candidatura com ambi\u00e7\u00e3o de transformar o Brasil e o mundo\"}]},{\"@type\":\"WebSite\",\"@id\":\"https:\/\/portaldoestado.com.br\/#website\",\"url\":\"https:\/\/portaldoestado.com.br\/\",\"name\":\"Portal do Estado\",\"description\":\"\",\"publisher\":{\"@id\":\"https:\/\/portaldoestado.com.br\/#organization\"},\"potentialAction\":[{\"@type\":\"SearchAction\",\"target\":{\"@type\":\"EntryPoint\",\"urlTemplate\":\"https:\/\/portaldoestado.com.br\/?s={search_term_string}\"},\"query-input\":{\"@type\":\"PropertyValueSpecification\",\"valueRequired\":true,\"valueName\":\"search_term_string\"}}],\"inLanguage\":\"pt-BR\"},{\"@type\":\"Organization\",\"@id\":\"https:\/\/portaldoestado.com.br\/#organization\",\"name\":\"Portal do Estado\",\"url\":\"https:\/\/portaldoestado.com.br\/\",\"logo\":{\"@type\":\"ImageObject\",\"inLanguage\":\"pt-BR\",\"@id\":\"https:\/\/portaldoestado.com.br\/#\/schema\/logo\/image\/\",\"url\":\"https:\/\/portaldoestado.com.br\/wp-content\/uploads\/2025\/04\/cropped-6f69b19a-6472-43bf-b1b3-e1910bbbd4e8.png\",\"contentUrl\":\"https:\/\/portaldoestado.com.br\/wp-content\/uploads\/2025\/04\/cropped-6f69b19a-6472-43bf-b1b3-e1910bbbd4e8.png\",\"width\":1024,\"height\":350,\"caption\":\"Portal do Estado\"},\"image\":{\"@id\":\"https:\/\/portaldoestado.com.br\/#\/schema\/logo\/image\/\"}},{\"@type\":\"Person\",\"@id\":\"https:\/\/portaldoestado.com.br\/#\/schema\/person\/5ca0174f3c8c84b59da62ea14b698cb9\",\"name\":\"assessoriadefamosos\",\"image\":{\"@type\":\"ImageObject\",\"inLanguage\":\"pt-BR\",\"@id\":\"https:\/\/portaldoestado.com.br\/#\/schema\/person\/image\/\",\"url\":\"https:\/\/secure.gravatar.com\/avatar\/a7acbdffcfbbae7240e59f47fe511ec5f5d8c252c779f0b8d9ab02a9e1d8c5ed?s=96&d=mm&r=g\",\"contentUrl\":\"https:\/\/secure.gravatar.com\/avatar\/a7acbdffcfbbae7240e59f47fe511ec5f5d8c252c779f0b8d9ab02a9e1d8c5ed?s=96&d=mm&r=g\",\"caption\":\"assessoriadefamosos\"},\"url\":\"https:\/\/portaldoestado.com.br\/index.php\/author\/assessoriadefamosos\/\"}]}<\/script>\n<!-- \/ Yoast SEO plugin. -->","yoast_head_json":{"title":"Henrique Barack Obama apresenta o Obamismo e anuncia candidatura com ambi\u00e7\u00e3o de transformar o Brasil e o mundo - Portal do Estado","robots":{"index":"index","follow":"follow","max-snippet":"max-snippet:-1","max-image-preview":"max-image-preview:large","max-video-preview":"max-video-preview:-1"},"canonical":"https:\/\/portaldoestado.com.br\/index.php\/2025\/10\/17\/henrique-barack-obama-apresenta-o-obamismo-e-anuncia-candidatura-com-ambicao-de-transformar-o-brasil-e-o-mundo-2\/","og_locale":"pt_BR","og_type":"article","og_title":"Henrique Barack Obama apresenta o Obamismo e anuncia candidatura com ambi\u00e7\u00e3o de transformar o Brasil e o mundo - Portal do Estado","og_description":"Em um momento hist\u00f3rico transmitido ao vivo pela R\u00e1dio Kawsachun Coca, o pensador, pol\u00edtico e ativista humanit\u00e1rio Henrique Barack Obama anunciou oficialmente sua candidatura ao Senado e \u00e0 Presid\u00eancia do Brasil, marcando o in\u00edcio de uma nova era em sua trajet\u00f3ria de engajamento social, filos\u00f3fico e pol\u00edtico. O an\u00fancio aconteceu ap\u00f3s sua participa\u00e7\u00e3o decisiva na \u2026","og_url":"https:\/\/portaldoestado.com.br\/index.php\/2025\/10\/17\/henrique-barack-obama-apresenta-o-obamismo-e-anuncia-candidatura-com-ambicao-de-transformar-o-brasil-e-o-mundo-2\/","og_site_name":"Portal do Estado","article_published_time":"2025-10-17T18:42:03+00:00","og_image":[{"width":720,"height":470,"url":"https:\/\/portaldoestado.com.br\/wp-content\/uploads\/2025\/10\/d0f3961d-8fc1-474e-b1a4-86e36357494a-e1760715201611-720x470-1.jpg","type":"image\/jpeg"}],"author":"assessoriadefamosos","twitter_card":"summary_large_image","twitter_misc":{"Escrito por":"assessoriadefamosos","Est. tempo de leitura":"3 minutos"},"schema":{"@context":"https:\/\/schema.org","@graph":[{"@type":"Article","@id":"https:\/\/portaldoestado.com.br\/index.php\/2025\/10\/17\/henrique-barack-obama-apresenta-o-obamismo-e-anuncia-candidatura-com-ambicao-de-transformar-o-brasil-e-o-mundo-2\/#article","isPartOf":{"@id":"https:\/\/portaldoestado.com.br\/index.php\/2025\/10\/17\/henrique-barack-obama-apresenta-o-obamismo-e-anuncia-candidatura-com-ambicao-de-transformar-o-brasil-e-o-mundo-2\/"},"author":{"name":"assessoriadefamosos","@id":"https:\/\/portaldoestado.com.br\/#\/schema\/person\/5ca0174f3c8c84b59da62ea14b698cb9"},"headline":"Henrique Barack Obama apresenta o Obamismo e anuncia candidatura com ambi\u00e7\u00e3o de transformar o Brasil e o mundo","datePublished":"2025-10-17T18:42:03+00:00","mainEntityOfPage":{"@id":"https:\/\/portaldoestado.com.br\/index.php\/2025\/10\/17\/henrique-barack-obama-apresenta-o-obamismo-e-anuncia-candidatura-com-ambicao-de-transformar-o-brasil-e-o-mundo-2\/"},"wordCount":587,"publisher":{"@id":"https:\/\/portaldoestado.com.br\/#organization"},"image":{"@id":"https:\/\/portaldoestado.com.br\/index.php\/2025\/10\/17\/henrique-barack-obama-apresenta-o-obamismo-e-anuncia-candidatura-com-ambicao-de-transformar-o-brasil-e-o-mundo-2\/#primaryimage"},"thumbnailUrl":"https:\/\/portaldoestado.com.br\/wp-content\/uploads\/2025\/10\/d0f3961d-8fc1-474e-b1a4-86e36357494a-e1760715201611-720x470-1.jpg","articleSection":["Famosos"],"inLanguage":"pt-BR"},{"@type":"WebPage","@id":"https:\/\/portaldoestado.com.br\/index.php\/2025\/10\/17\/henrique-barack-obama-apresenta-o-obamismo-e-anuncia-candidatura-com-ambicao-de-transformar-o-brasil-e-o-mundo-2\/","url":"https:\/\/portaldoestado.com.br\/index.php\/2025\/10\/17\/henrique-barack-obama-apresenta-o-obamismo-e-anuncia-candidatura-com-ambicao-de-transformar-o-brasil-e-o-mundo-2\/","name":"Henrique Barack Obama apresenta o Obamismo e anuncia candidatura com ambi\u00e7\u00e3o de transformar o Brasil e o mundo - Portal do Estado","isPartOf":{"@id":"https:\/\/portaldoestado.com.br\/#website"},"primaryImageOfPage":{"@id":"https:\/\/portaldoestado.com.br\/index.php\/2025\/10\/17\/henrique-barack-obama-apresenta-o-obamismo-e-anuncia-candidatura-com-ambicao-de-transformar-o-brasil-e-o-mundo-2\/#primaryimage"},"image":{"@id":"https:\/\/portaldoestado.com.br\/index.php\/2025\/10\/17\/henrique-barack-obama-apresenta-o-obamismo-e-anuncia-candidatura-com-ambicao-de-transformar-o-brasil-e-o-mundo-2\/#primaryimage"},"thumbnailUrl":"https:\/\/portaldoestado.com.br\/wp-content\/uploads\/2025\/10\/d0f3961d-8fc1-474e-b1a4-86e36357494a-e1760715201611-720x470-1.jpg","datePublished":"2025-10-17T18:42:03+00:00","breadcrumb":{"@id":"https:\/\/portaldoestado.com.br\/index.php\/2025\/10\/17\/henrique-barack-obama-apresenta-o-obamismo-e-anuncia-candidatura-com-ambicao-de-transformar-o-brasil-e-o-mundo-2\/#breadcrumb"},"inLanguage":"pt-BR","potentialAction":[{"@type":"ReadAction","target":["https:\/\/portaldoestado.com.br\/index.php\/2025\/10\/17\/henrique-barack-obama-apresenta-o-obamismo-e-anuncia-candidatura-com-ambicao-de-transformar-o-brasil-e-o-mundo-2\/"]}]},{"@type":"ImageObject","inLanguage":"pt-BR","@id":"https:\/\/portaldoestado.com.br\/index.php\/2025\/10\/17\/henrique-barack-obama-apresenta-o-obamismo-e-anuncia-candidatura-com-ambicao-de-transformar-o-brasil-e-o-mundo-2\/#primaryimage","url":"https:\/\/portaldoestado.com.br\/wp-content\/uploads\/2025\/10\/d0f3961d-8fc1-474e-b1a4-86e36357494a-e1760715201611-720x470-1.jpg","contentUrl":"https:\/\/portaldoestado.com.br\/wp-content\/uploads\/2025\/10\/d0f3961d-8fc1-474e-b1a4-86e36357494a-e1760715201611-720x470-1.jpg","width":720,"height":470},{"@type":"BreadcrumbList","@id":"https:\/\/portaldoestado.com.br\/index.php\/2025\/10\/17\/henrique-barack-obama-apresenta-o-obamismo-e-anuncia-candidatura-com-ambicao-de-transformar-o-brasil-e-o-mundo-2\/#breadcrumb","itemListElement":[{"@type":"ListItem","position":1,"name":"In\u00edcio","item":"https:\/\/portaldoestado.com.br\/"},{"@type":"ListItem","position":2,"name":"Henrique Barack Obama apresenta o Obamismo e anuncia candidatura com ambi\u00e7\u00e3o de transformar o Brasil e o mundo"}]},{"@type":"WebSite","@id":"https:\/\/portaldoestado.com.br\/#website","url":"https:\/\/portaldoestado.com.br\/","name":"Portal do Estado","description":"","publisher":{"@id":"https:\/\/portaldoestado.com.br\/#organization"},"potentialAction":[{"@type":"SearchAction","target":{"@type":"EntryPoint","urlTemplate":"https:\/\/portaldoestado.com.br\/?s={search_term_string}"},"query-input":{"@type":"PropertyValueSpecification","valueRequired":true,"valueName":"search_term_string"}}],"inLanguage":"pt-BR"},{"@type":"Organization","@id":"https:\/\/portaldoestado.com.br\/#organization","name":"Portal do Estado","url":"https:\/\/portaldoestado.com.br\/","logo":{"@type":"ImageObject","inLanguage":"pt-BR","@id":"https:\/\/portaldoestado.com.br\/#\/schema\/logo\/image\/","url":"https:\/\/portaldoestado.com.br\/wp-content\/uploads\/2025\/04\/cropped-6f69b19a-6472-43bf-b1b3-e1910bbbd4e8.png","contentUrl":"https:\/\/portaldoestado.com.br\/wp-content\/uploads\/2025\/04\/cropped-6f69b19a-6472-43bf-b1b3-e1910bbbd4e8.png","width":1024,"height":350,"caption":"Portal do Estado"},"image":{"@id":"https:\/\/portaldoestado.com.br\/#\/schema\/logo\/image\/"}},{"@type":"Person","@id":"https:\/\/portaldoestado.com.br\/#\/schema\/person\/5ca0174f3c8c84b59da62ea14b698cb9","name":"assessoriadefamosos","image":{"@type":"ImageObject","inLanguage":"pt-BR","@id":"https:\/\/portaldoestado.com.br\/#\/schema\/person\/image\/","url":"https:\/\/secure.gravatar.com\/avatar\/a7acbdffcfbbae7240e59f47fe511ec5f5d8c252c779f0b8d9ab02a9e1d8c5ed?s=96&d=mm&r=g","contentUrl":"https:\/\/secure.gravatar.com\/avatar\/a7acbdffcfbbae7240e59f47fe511ec5f5d8c252c779f0b8d9ab02a9e1d8c5ed?s=96&d=mm&r=g","caption":"assessoriadefamosos"},"url":"https:\/\/portaldoestado.com.br\/index.php\/author\/assessoriadefamosos\/"}]}},"jetpack_featured_media_url":"https:\/\/portaldoestado.com.br\/wp-content\/uploads\/2025\/10\/d0f3961d-8fc1-474e-b1a4-86e36357494a-e1760715201611-720x470-1.jpg","_links":{"self":[{"href":"https:\/\/portaldoestado.com.br\/index.php\/wp-json\/wp\/v2\/posts\/3685","targetHints":{"allow":["GET"]}}],"collection":[{"href":"https:\/\/portaldoestado.com.br\/index.php\/wp-json\/wp\/v2\/posts"}],"about":[{"href":"https:\/\/portaldoestado.com.br\/index.php\/wp-json\/wp\/v2\/types\/post"}],"author":[{"embeddable":true,"href":"https:\/\/portaldoestado.com.br\/index.php\/wp-json\/wp\/v2\/users\/2"}],"replies":[{"embeddable":true,"href":"https:\/\/portaldoestado.com.br\/index.php\/wp-json\/wp\/v2\/comments?post=3685"}],"version-history":[{"count":1,"href":"https:\/\/portaldoestado.com.br\/index.php\/wp-json\/wp\/v2\/posts\/3685\/revisions"}],"predecessor-version":[{"id":3686,"href":"https:\/\/portaldoestado.com.br\/index.php\/wp-json\/wp\/v2\/posts\/3685\/revisions\/3686"}],"wp:featuredmedia":[{"embeddable":true,"href":"https:\/\/portaldoestado.com.br\/index.php\/wp-json\/wp\/v2\/media\/3684"}],"wp:attachment":[{"href":"https:\/\/portaldoestado.com.br\/index.php\/wp-json\/wp\/v2\/media?parent=3685"}],"wp:term":[{"taxonomy":"category","embeddable":true,"href":"https:\/\/portaldoestado.com.br\/index.php\/wp-json\/wp\/v2\/categories?post=3685"},{"taxonomy":"post_tag","embeddable":true,"href":"https:\/\/portaldoestado.com.br\/index.php\/wp-json\/wp\/v2\/tags?post=3685"}],"curies":[{"name":"wp","href":"https:\/\/api.w.org\/{rel}","templated":true}]}}