{"id":239,"date":"2025-06-10T16:16:03","date_gmt":"2025-06-10T16:16:03","guid":{"rendered":"https:\/\/portaldoestado.com.br\/?p=239"},"modified":"2025-06-10T16:16:03","modified_gmt":"2025-06-10T16:16:03","slug":"arraia-do-berimbau-2025-programacao-com-os-melhores-da-musica-do-brasil","status":"publish","type":"post","link":"https:\/\/portaldoestado.com.br\/index.php\/2025\/06\/10\/arraia-do-berimbau-2025-programacao-com-os-melhores-da-musica-do-brasil\/","title":{"rendered":"&#8216;Arrai\u00e1 do Berimbau 2025&#8217; programa\u00e7\u00e3o com os melhores da m\u00fasica do Brasil"},"content":{"rendered":"\n<p>Com ra\u00edzes que remontam a 1997, o <strong>Arrai\u00e1 do Berimbau<\/strong> chega \u00e0 sua edi\u00e7\u00e3o de 2025 com a mesma miss\u00e3o que o consagrou: resgatar e celebrar com orgulho as tradi\u00e7\u00f5es juninas. O evento, que se tornou um dos maiores e mais aguardados da Bahia, volta a movimentar <strong>Concei\u00e7\u00e3o do Jacu\u00edpe<\/strong> com uma programa\u00e7\u00e3o de peso e um ambiente pensado com cuidado para acolher quem faz o S\u00e3o Jo\u00e3o acontecer: o povo.<\/p>\n\n\n\n<p>De 19 a 24 de junho, a cidade se transforma em um verdadeiro polo de cultura, m\u00fasica e alegria, recebendo milhares de visitantes por dia. O p\u00fablico estimado ultrapassa 50 mil pessoas por noite, consolidando o Arrai\u00e1 como o Melhor S\u00e3o Jo\u00e3o da Bahia, com repercuss\u00e3o em todo o Estado.<\/p>\n\n\n\n<p>Neste ano, o Arrai\u00e1 do Berimbau ser\u00e1 realizado no Est\u00e1dio Municipal, uma escolha feita com o cora\u00e7\u00e3o e com olhar voltado ao bem-estar de todos. O novo espa\u00e7o oferece melhor acesso, mais conforto e organiza\u00e7\u00e3o, garantindo mais tranquilidade para curtir os festejos com seguran\u00e7a e alegria.<\/p>\n\n\n<!-- wp:image \"id\":191208,\"align\":\"center\" -->\n<figure class=\"wp-block-image aligncenter\"><img decoding=\"async\" src=\"https:\/\/tonamidia.com.br\/wp-content\/uploads\/2025\/06\/arraiadobirimbau2025-b_tonamidia.jpg\" alt=\"\" class=\"wp-image-191208\" \/><\/figure>\n<!-- \/wp:post-content -->\n\n<!-- wp:paragraph -->\n<p>A grade de atra\u00e7\u00f5es une os maiores nomes da m\u00fasica nacional com os talentos da casa. No palco, estrelas como Jorge &#038; Mateus, Simone Mendes, Calcinha Preta, Fl\u00e1vio Jos\u00e9, L\u00e9o Santana, Mari Fernandez, Bell Marques, Z\u00e9 Vaqueiro, Matheus Fernandes, Toque Dez, Solange Almeida, Danniel Vieira, Silvanno Salles, Nuzio Medeiros, Ju Marques, entre muitos outros, prometem shows inesquec\u00edveis.<\/p>\n<!-- \/wp:paragraph -->\n\n<!-- wp:paragraph -->\n<p>O evento ainda conta com seguran\u00e7a refor\u00e7ada, decora\u00e7\u00e3o tem\u00e1tica, pra\u00e7a de alimenta\u00e7\u00e3o e espa\u00e7os que valorizam a cultura local e a economia criativa do munic\u00edpio.<\/p>\n<!-- \/wp:paragraph -->\n\n<!-- wp:paragraph -->\n<p>Localizado estrategicamente, o Munic\u00edpio de Concei\u00e7\u00e3o do Jacu\u00edpe est\u00e1 a apenas 20 km de Feira de Santana e 100 km de Salvador, o que facilita a chegada de visitantes de diversas regi\u00f5es.<\/p>\n<!-- \/wp:paragraph -->\n\n<!-- wp:paragraph -->\n<p>Concei\u00e7\u00e3o do Jacu\u00edpe se prepara, mais uma vez, para viver dias de emo\u00e7\u00e3o, reencontros, tradi\u00e7\u00f5es e muito forr\u00f3.\nO Melhor S\u00e3o Jo\u00e3o da Bahia est\u00e1 mais vivo do que nunca \u2014 e voc\u00ea \u00e9 nosso convidado especial!<\/p>\n<!-- \/wp:paragraph -->\n\n<!-- wp:paragraph -->\n<p>Siga: <a href=\"https:\/\/www.instagram.com\/saojoaodeberimbauoficial\/\" target=\"_blank\" rel=\"noreferrer noopener\">@saojoaodeberimbauoficial<\/a>\nInforma\u00e7\u00f5es e contato para imprensa:\u00a0(75)\u00a098120-1750<\/p>\n<!-- \/wp:paragraph -->\n\n<!-- wp:image \"id\":191209,\"align\":\"center\" -->\n<figure class=\"wp-block-image aligncenter\"><img decoding=\"async\" src=\"https:\/\/tonamidia.com.br\/wp-content\/uploads\/2025\/06\/arraiadobirimbau2025-c_tonamidia.jpg\" alt=\"\" class=\"wp-image-191209\" \/><\/figure>\n<!-- \/wp:image -->\n\n<!-- wp:paragraph -->\n<p> #claudelopes70  #arraiadoberimbau #fredpontes #conceicaodojacuipe #saojoaodabahia<\/p>\n<!-- \/wp:paragraph -->","protected":false},"excerpt":{"rendered":"<p>Com ra\u00edzes que remontam a 1997, o Arrai\u00e1 do Berimbau chega \u00e0 sua edi\u00e7\u00e3o de 2025 com a mesma miss\u00e3o que o consagrou: resgatar e celebrar com orgulho as tradi\u00e7\u00f5es juninas. O evento, que se tornou um dos maiores e mais aguardados da Bahia, volta a movimentar Concei\u00e7\u00e3o do Jacu\u00edpe com uma programa\u00e7\u00e3o de peso \u2026<\/p>\n","protected":false},"author":2,"featured_media":238,"comment_status":"closed","ping_status":"open","sticky":false,"template":"","format":"standard","meta":{"footnotes":""},"categories":[8],"tags":[27,9],"class_list":["post-239","post","type-post","status-publish","format-standard","has-post-thumbnail","hentry","category-musica","tag-arraiadoberimbau","tag-claudelopes70"],"yoast_head":"<!-- This site is optimized with the Yoast SEO plugin v25.5 - https:\/\/yoast.com\/wordpress\/plugins\/seo\/ -->\n<title>&#039;Arrai\u00e1 do Berimbau 2025&#039; programa\u00e7\u00e3o com os melhores da m\u00fasica do Brasil - Portal do Estado<\/title>\n<meta name=\"robots\" content=\"index, follow, max-snippet:-1, max-image-preview:large, max-video-preview:-1\" \/>\n<link rel=\"canonical\" href=\"https:\/\/portaldoestado.com.br\/index.php\/2025\/06\/10\/arraia-do-berimbau-2025-programacao-com-os-melhores-da-musica-do-brasil\/\" \/>\n<meta property=\"og:locale\" content=\"pt_BR\" \/>\n<meta property=\"og:type\" content=\"article\" \/>\n<meta property=\"og:title\" content=\"&#039;Arrai\u00e1 do Berimbau 2025&#039; programa\u00e7\u00e3o com os melhores da m\u00fasica do Brasil - Portal do Estado\" \/>\n<meta property=\"og:description\" content=\"Com ra\u00edzes que remontam a 1997, o Arrai\u00e1 do Berimbau chega \u00e0 sua edi\u00e7\u00e3o de 2025 com a mesma miss\u00e3o que o consagrou: resgatar e celebrar com orgulho as tradi\u00e7\u00f5es juninas. O evento, que se tornou um dos maiores e mais aguardados da Bahia, volta a movimentar Concei\u00e7\u00e3o do Jacu\u00edpe com uma programa\u00e7\u00e3o de peso \u2026\" \/>\n<meta property=\"og:url\" content=\"https:\/\/portaldoestado.com.br\/index.php\/2025\/06\/10\/arraia-do-berimbau-2025-programacao-com-os-melhores-da-musica-do-brasil\/\" \/>\n<meta property=\"og:site_name\" content=\"Portal do Estado\" \/>\n<meta property=\"article:published_time\" content=\"2025-06-10T16:16:03+00:00\" \/>\n<meta property=\"og:image\" content=\"https:\/\/portaldoestado.com.br\/wp-content\/uploads\/2025\/06\/arraiadobirimbau2025_mavicaassessoria.jpg\" \/>\n\t<meta property=\"og:image:width\" content=\"760\" \/>\n\t<meta property=\"og:image:height\" content=\"428\" \/>\n\t<meta property=\"og:image:type\" content=\"image\/jpeg\" \/>\n<meta name=\"author\" content=\"assessoriadefamosos\" \/>\n<meta name=\"twitter:card\" content=\"summary_large_image\" \/>\n<meta name=\"twitter:label1\" content=\"Escrito por\" \/>\n\t<meta name=\"twitter:data1\" content=\"assessoriadefamosos\" \/>\n\t<meta name=\"twitter:label2\" content=\"Est. tempo de leitura\" \/>\n\t<meta name=\"twitter:data2\" content=\"2 minutos\" \/>\n<script type=\"application\/ld+json\" class=\"yoast-schema-graph\">{\"@context\":\"https:\/\/schema.org\",\"@graph\":[{\"@type\":\"Article\",\"@id\":\"https:\/\/portaldoestado.com.br\/index.php\/2025\/06\/10\/arraia-do-berimbau-2025-programacao-com-os-melhores-da-musica-do-brasil\/#article\",\"isPartOf\":{\"@id\":\"https:\/\/portaldoestado.com.br\/index.php\/2025\/06\/10\/arraia-do-berimbau-2025-programacao-com-os-melhores-da-musica-do-brasil\/\"},\"author\":{\"name\":\"assessoriadefamosos\",\"@id\":\"https:\/\/portaldoestado.com.br\/#\/schema\/person\/5ca0174f3c8c84b59da62ea14b698cb9\"},\"headline\":\"&#8216;Arrai\u00e1 do Berimbau 2025&#8217; programa\u00e7\u00e3o com os melhores da m\u00fasica do Brasil\",\"datePublished\":\"2025-06-10T16:16:03+00:00\",\"mainEntityOfPage\":{\"@id\":\"https:\/\/portaldoestado.com.br\/index.php\/2025\/06\/10\/arraia-do-berimbau-2025-programacao-com-os-melhores-da-musica-do-brasil\/\"},\"wordCount\":376,\"publisher\":{\"@id\":\"https:\/\/portaldoestado.com.br\/#organization\"},\"image\":{\"@id\":\"https:\/\/portaldoestado.com.br\/index.php\/2025\/06\/10\/arraia-do-berimbau-2025-programacao-com-os-melhores-da-musica-do-brasil\/#primaryimage\"},\"thumbnailUrl\":\"https:\/\/portaldoestado.com.br\/wp-content\/uploads\/2025\/06\/arraiadobirimbau2025_mavicaassessoria.jpg\",\"keywords\":[\"arraiadoberimbau\",\"claudelopes70\"],\"articleSection\":[\"M\u00fasica\"],\"inLanguage\":\"pt-BR\"},{\"@type\":\"WebPage\",\"@id\":\"https:\/\/portaldoestado.com.br\/index.php\/2025\/06\/10\/arraia-do-berimbau-2025-programacao-com-os-melhores-da-musica-do-brasil\/\",\"url\":\"https:\/\/portaldoestado.com.br\/index.php\/2025\/06\/10\/arraia-do-berimbau-2025-programacao-com-os-melhores-da-musica-do-brasil\/\",\"name\":\"'Arrai\u00e1 do Berimbau 2025' programa\u00e7\u00e3o com os melhores da m\u00fasica do Brasil - Portal do Estado\",\"isPartOf\":{\"@id\":\"https:\/\/portaldoestado.com.br\/#website\"},\"primaryImageOfPage\":{\"@id\":\"https:\/\/portaldoestado.com.br\/index.php\/2025\/06\/10\/arraia-do-berimbau-2025-programacao-com-os-melhores-da-musica-do-brasil\/#primaryimage\"},\"image\":{\"@id\":\"https:\/\/portaldoestado.com.br\/index.php\/2025\/06\/10\/arraia-do-berimbau-2025-programacao-com-os-melhores-da-musica-do-brasil\/#primaryimage\"},\"thumbnailUrl\":\"https:\/\/portaldoestado.com.br\/wp-content\/uploads\/2025\/06\/arraiadobirimbau2025_mavicaassessoria.jpg\",\"datePublished\":\"2025-06-10T16:16:03+00:00\",\"breadcrumb\":{\"@id\":\"https:\/\/portaldoestado.com.br\/index.php\/2025\/06\/10\/arraia-do-berimbau-2025-programacao-com-os-melhores-da-musica-do-brasil\/#breadcrumb\"},\"inLanguage\":\"pt-BR\",\"potentialAction\":[{\"@type\":\"ReadAction\",\"target\":[\"https:\/\/portaldoestado.com.br\/index.php\/2025\/06\/10\/arraia-do-berimbau-2025-programacao-com-os-melhores-da-musica-do-brasil\/\"]}]},{\"@type\":\"ImageObject\",\"inLanguage\":\"pt-BR\",\"@id\":\"https:\/\/portaldoestado.com.br\/index.php\/2025\/06\/10\/arraia-do-berimbau-2025-programacao-com-os-melhores-da-musica-do-brasil\/#primaryimage\",\"url\":\"https:\/\/portaldoestado.com.br\/wp-content\/uploads\/2025\/06\/arraiadobirimbau2025_mavicaassessoria.jpg\",\"contentUrl\":\"https:\/\/portaldoestado.com.br\/wp-content\/uploads\/2025\/06\/arraiadobirimbau2025_mavicaassessoria.jpg\",\"width\":760,\"height\":428},{\"@type\":\"BreadcrumbList\",\"@id\":\"https:\/\/portaldoestado.com.br\/index.php\/2025\/06\/10\/arraia-do-berimbau-2025-programacao-com-os-melhores-da-musica-do-brasil\/#breadcrumb\",\"itemListElement\":[{\"@type\":\"ListItem\",\"position\":1,\"name\":\"In\u00edcio\",\"item\":\"https:\/\/portaldoestado.com.br\/\"},{\"@type\":\"ListItem\",\"position\":2,\"name\":\"&#8216;Arrai\u00e1 do Berimbau 2025&#8217; programa\u00e7\u00e3o com os melhores da m\u00fasica do Brasil\"}]},{\"@type\":\"WebSite\",\"@id\":\"https:\/\/portaldoestado.com.br\/#website\",\"url\":\"https:\/\/portaldoestado.com.br\/\",\"name\":\"Portal do Estado\",\"description\":\"\",\"publisher\":{\"@id\":\"https:\/\/portaldoestado.com.br\/#organization\"},\"potentialAction\":[{\"@type\":\"SearchAction\",\"target\":{\"@type\":\"EntryPoint\",\"urlTemplate\":\"https:\/\/portaldoestado.com.br\/?s={search_term_string}\"},\"query-input\":{\"@type\":\"PropertyValueSpecification\",\"valueRequired\":true,\"valueName\":\"search_term_string\"}}],\"inLanguage\":\"pt-BR\"},{\"@type\":\"Organization\",\"@id\":\"https:\/\/portaldoestado.com.br\/#organization\",\"name\":\"Portal do Estado\",\"url\":\"https:\/\/portaldoestado.com.br\/\",\"logo\":{\"@type\":\"ImageObject\",\"inLanguage\":\"pt-BR\",\"@id\":\"https:\/\/portaldoestado.com.br\/#\/schema\/logo\/image\/\",\"url\":\"https:\/\/portaldoestado.com.br\/wp-content\/uploads\/2025\/04\/cropped-6f69b19a-6472-43bf-b1b3-e1910bbbd4e8.png\",\"contentUrl\":\"https:\/\/portaldoestado.com.br\/wp-content\/uploads\/2025\/04\/cropped-6f69b19a-6472-43bf-b1b3-e1910bbbd4e8.png\",\"width\":1024,\"height\":350,\"caption\":\"Portal do Estado\"},\"image\":{\"@id\":\"https:\/\/portaldoestado.com.br\/#\/schema\/logo\/image\/\"}},{\"@type\":\"Person\",\"@id\":\"https:\/\/portaldoestado.com.br\/#\/schema\/person\/5ca0174f3c8c84b59da62ea14b698cb9\",\"name\":\"assessoriadefamosos\",\"image\":{\"@type\":\"ImageObject\",\"inLanguage\":\"pt-BR\",\"@id\":\"https:\/\/portaldoestado.com.br\/#\/schema\/person\/image\/\",\"url\":\"https:\/\/secure.gravatar.com\/avatar\/a7acbdffcfbbae7240e59f47fe511ec5f5d8c252c779f0b8d9ab02a9e1d8c5ed?s=96&d=mm&r=g\",\"contentUrl\":\"https:\/\/secure.gravatar.com\/avatar\/a7acbdffcfbbae7240e59f47fe511ec5f5d8c252c779f0b8d9ab02a9e1d8c5ed?s=96&d=mm&r=g\",\"caption\":\"assessoriadefamosos\"},\"url\":\"https:\/\/portaldoestado.com.br\/index.php\/author\/assessoriadefamosos\/\"}]}<\/script>\n<!-- \/ Yoast SEO plugin. -->","yoast_head_json":{"title":"'Arrai\u00e1 do Berimbau 2025' programa\u00e7\u00e3o com os melhores da m\u00fasica do Brasil - Portal do Estado","robots":{"index":"index","follow":"follow","max-snippet":"max-snippet:-1","max-image-preview":"max-image-preview:large","max-video-preview":"max-video-preview:-1"},"canonical":"https:\/\/portaldoestado.com.br\/index.php\/2025\/06\/10\/arraia-do-berimbau-2025-programacao-com-os-melhores-da-musica-do-brasil\/","og_locale":"pt_BR","og_type":"article","og_title":"'Arrai\u00e1 do Berimbau 2025' programa\u00e7\u00e3o com os melhores da m\u00fasica do Brasil - Portal do Estado","og_description":"Com ra\u00edzes que remontam a 1997, o Arrai\u00e1 do Berimbau chega \u00e0 sua edi\u00e7\u00e3o de 2025 com a mesma miss\u00e3o que o consagrou: resgatar e celebrar com orgulho as tradi\u00e7\u00f5es juninas. O evento, que se tornou um dos maiores e mais aguardados da Bahia, volta a movimentar Concei\u00e7\u00e3o do Jacu\u00edpe com uma programa\u00e7\u00e3o de peso \u2026","og_url":"https:\/\/portaldoestado.com.br\/index.php\/2025\/06\/10\/arraia-do-berimbau-2025-programacao-com-os-melhores-da-musica-do-brasil\/","og_site_name":"Portal do Estado","article_published_time":"2025-06-10T16:16:03+00:00","og_image":[{"width":760,"height":428,"url":"https:\/\/portaldoestado.com.br\/wp-content\/uploads\/2025\/06\/arraiadobirimbau2025_mavicaassessoria.jpg","type":"image\/jpeg"}],"author":"assessoriadefamosos","twitter_card":"summary_large_image","twitter_misc":{"Escrito por":"assessoriadefamosos","Est. tempo de leitura":"2 minutos"},"schema":{"@context":"https:\/\/schema.org","@graph":[{"@type":"Article","@id":"https:\/\/portaldoestado.com.br\/index.php\/2025\/06\/10\/arraia-do-berimbau-2025-programacao-com-os-melhores-da-musica-do-brasil\/#article","isPartOf":{"@id":"https:\/\/portaldoestado.com.br\/index.php\/2025\/06\/10\/arraia-do-berimbau-2025-programacao-com-os-melhores-da-musica-do-brasil\/"},"author":{"name":"assessoriadefamosos","@id":"https:\/\/portaldoestado.com.br\/#\/schema\/person\/5ca0174f3c8c84b59da62ea14b698cb9"},"headline":"&#8216;Arrai\u00e1 do Berimbau 2025&#8217; programa\u00e7\u00e3o com os melhores da m\u00fasica do Brasil","datePublished":"2025-06-10T16:16:03+00:00","mainEntityOfPage":{"@id":"https:\/\/portaldoestado.com.br\/index.php\/2025\/06\/10\/arraia-do-berimbau-2025-programacao-com-os-melhores-da-musica-do-brasil\/"},"wordCount":376,"publisher":{"@id":"https:\/\/portaldoestado.com.br\/#organization"},"image":{"@id":"https:\/\/portaldoestado.com.br\/index.php\/2025\/06\/10\/arraia-do-berimbau-2025-programacao-com-os-melhores-da-musica-do-brasil\/#primaryimage"},"thumbnailUrl":"https:\/\/portaldoestado.com.br\/wp-content\/uploads\/2025\/06\/arraiadobirimbau2025_mavicaassessoria.jpg","keywords":["arraiadoberimbau","claudelopes70"],"articleSection":["M\u00fasica"],"inLanguage":"pt-BR"},{"@type":"WebPage","@id":"https:\/\/portaldoestado.com.br\/index.php\/2025\/06\/10\/arraia-do-berimbau-2025-programacao-com-os-melhores-da-musica-do-brasil\/","url":"https:\/\/portaldoestado.com.br\/index.php\/2025\/06\/10\/arraia-do-berimbau-2025-programacao-com-os-melhores-da-musica-do-brasil\/","name":"'Arrai\u00e1 do Berimbau 2025' programa\u00e7\u00e3o com os melhores da m\u00fasica do Brasil - Portal do Estado","isPartOf":{"@id":"https:\/\/portaldoestado.com.br\/#website"},"primaryImageOfPage":{"@id":"https:\/\/portaldoestado.com.br\/index.php\/2025\/06\/10\/arraia-do-berimbau-2025-programacao-com-os-melhores-da-musica-do-brasil\/#primaryimage"},"image":{"@id":"https:\/\/portaldoestado.com.br\/index.php\/2025\/06\/10\/arraia-do-berimbau-2025-programacao-com-os-melhores-da-musica-do-brasil\/#primaryimage"},"thumbnailUrl":"https:\/\/portaldoestado.com.br\/wp-content\/uploads\/2025\/06\/arraiadobirimbau2025_mavicaassessoria.jpg","datePublished":"2025-06-10T16:16:03+00:00","breadcrumb":{"@id":"https:\/\/portaldoestado.com.br\/index.php\/2025\/06\/10\/arraia-do-berimbau-2025-programacao-com-os-melhores-da-musica-do-brasil\/#breadcrumb"},"inLanguage":"pt-BR","potentialAction":[{"@type":"ReadAction","target":["https:\/\/portaldoestado.com.br\/index.php\/2025\/06\/10\/arraia-do-berimbau-2025-programacao-com-os-melhores-da-musica-do-brasil\/"]}]},{"@type":"ImageObject","inLanguage":"pt-BR","@id":"https:\/\/portaldoestado.com.br\/index.php\/2025\/06\/10\/arraia-do-berimbau-2025-programacao-com-os-melhores-da-musica-do-brasil\/#primaryimage","url":"https:\/\/portaldoestado.com.br\/wp-content\/uploads\/2025\/06\/arraiadobirimbau2025_mavicaassessoria.jpg","contentUrl":"https:\/\/portaldoestado.com.br\/wp-content\/uploads\/2025\/06\/arraiadobirimbau2025_mavicaassessoria.jpg","width":760,"height":428},{"@type":"BreadcrumbList","@id":"https:\/\/portaldoestado.com.br\/index.php\/2025\/06\/10\/arraia-do-berimbau-2025-programacao-com-os-melhores-da-musica-do-brasil\/#breadcrumb","itemListElement":[{"@type":"ListItem","position":1,"name":"In\u00edcio","item":"https:\/\/portaldoestado.com.br\/"},{"@type":"ListItem","position":2,"name":"&#8216;Arrai\u00e1 do Berimbau 2025&#8217; programa\u00e7\u00e3o com os melhores da m\u00fasica do Brasil"}]},{"@type":"WebSite","@id":"https:\/\/portaldoestado.com.br\/#website","url":"https:\/\/portaldoestado.com.br\/","name":"Portal do Estado","description":"","publisher":{"@id":"https:\/\/portaldoestado.com.br\/#organization"},"potentialAction":[{"@type":"SearchAction","target":{"@type":"EntryPoint","urlTemplate":"https:\/\/portaldoestado.com.br\/?s={search_term_string}"},"query-input":{"@type":"PropertyValueSpecification","valueRequired":true,"valueName":"search_term_string"}}],"inLanguage":"pt-BR"},{"@type":"Organization","@id":"https:\/\/portaldoestado.com.br\/#organization","name":"Portal do Estado","url":"https:\/\/portaldoestado.com.br\/","logo":{"@type":"ImageObject","inLanguage":"pt-BR","@id":"https:\/\/portaldoestado.com.br\/#\/schema\/logo\/image\/","url":"https:\/\/portaldoestado.com.br\/wp-content\/uploads\/2025\/04\/cropped-6f69b19a-6472-43bf-b1b3-e1910bbbd4e8.png","contentUrl":"https:\/\/portaldoestado.com.br\/wp-content\/uploads\/2025\/04\/cropped-6f69b19a-6472-43bf-b1b3-e1910bbbd4e8.png","width":1024,"height":350,"caption":"Portal do Estado"},"image":{"@id":"https:\/\/portaldoestado.com.br\/#\/schema\/logo\/image\/"}},{"@type":"Person","@id":"https:\/\/portaldoestado.com.br\/#\/schema\/person\/5ca0174f3c8c84b59da62ea14b698cb9","name":"assessoriadefamosos","image":{"@type":"ImageObject","inLanguage":"pt-BR","@id":"https:\/\/portaldoestado.com.br\/#\/schema\/person\/image\/","url":"https:\/\/secure.gravatar.com\/avatar\/a7acbdffcfbbae7240e59f47fe511ec5f5d8c252c779f0b8d9ab02a9e1d8c5ed?s=96&d=mm&r=g","contentUrl":"https:\/\/secure.gravatar.com\/avatar\/a7acbdffcfbbae7240e59f47fe511ec5f5d8c252c779f0b8d9ab02a9e1d8c5ed?s=96&d=mm&r=g","caption":"assessoriadefamosos"},"url":"https:\/\/portaldoestado.com.br\/index.php\/author\/assessoriadefamosos\/"}]}},"jetpack_featured_media_url":"https:\/\/portaldoestado.com.br\/wp-content\/uploads\/2025\/06\/arraiadobirimbau2025_mavicaassessoria.jpg","_links":{"self":[{"href":"https:\/\/portaldoestado.com.br\/index.php\/wp-json\/wp\/v2\/posts\/239","targetHints":{"allow":["GET"]}}],"collection":[{"href":"https:\/\/portaldoestado.com.br\/index.php\/wp-json\/wp\/v2\/posts"}],"about":[{"href":"https:\/\/portaldoestado.com.br\/index.php\/wp-json\/wp\/v2\/types\/post"}],"author":[{"embeddable":true,"href":"https:\/\/portaldoestado.com.br\/index.php\/wp-json\/wp\/v2\/users\/2"}],"replies":[{"embeddable":true,"href":"https:\/\/portaldoestado.com.br\/index.php\/wp-json\/wp\/v2\/comments?post=239"}],"version-history":[{"count":1,"href":"https:\/\/portaldoestado.com.br\/index.php\/wp-json\/wp\/v2\/posts\/239\/revisions"}],"predecessor-version":[{"id":240,"href":"https:\/\/portaldoestado.com.br\/index.php\/wp-json\/wp\/v2\/posts\/239\/revisions\/240"}],"wp:featuredmedia":[{"embeddable":true,"href":"https:\/\/portaldoestado.com.br\/index.php\/wp-json\/wp\/v2\/media\/238"}],"wp:attachment":[{"href":"https:\/\/portaldoestado.com.br\/index.php\/wp-json\/wp\/v2\/media?parent=239"}],"wp:term":[{"taxonomy":"category","embeddable":true,"href":"https:\/\/portaldoestado.com.br\/index.php\/wp-json\/wp\/v2\/categories?post=239"},{"taxonomy":"post_tag","embeddable":true,"href":"https:\/\/portaldoestado.com.br\/index.php\/wp-json\/wp\/v2\/tags?post=239"}],"curies":[{"name":"wp","href":"https:\/\/api.w.org\/{rel}","templated":true}]}}