{"id":218,"date":"2025-06-09T20:38:08","date_gmt":"2025-06-09T20:38:08","guid":{"rendered":"https:\/\/portaldoestado.com.br\/?p=218"},"modified":"2025-06-09T20:38:08","modified_gmt":"2025-06-09T20:38:08","slug":"festa-junina-e-dia-dos-namorados-embalam-familias-e-casais-no-shopping-franco-da-rocha","status":"publish","type":"post","link":"https:\/\/portaldoestado.com.br\/index.php\/2025\/06\/09\/festa-junina-e-dia-dos-namorados-embalam-familias-e-casais-no-shopping-franco-da-rocha\/","title":{"rendered":"Festa junina e Dia dos Namorados embalam fam\u00edlias e casais no Shopping Franco da Rocha"},"content":{"rendered":"\n<p>O m\u00eas de junho ser\u00e1 especial ao p\u00fablico do Shopping Franco da Rocha. Entre os dias 12 e 15, de quinta-feira a domingo, o empreendimento oferece momentos inesquec\u00edveis aos casais na celebra\u00e7\u00e3o do Dia dos Namorados e uma divertida festa junina com comidas e bebidas t\u00edpicas.<\/p>\n\n\n\n<p>Na quinta-feira, dia 12, o amor vai tomar conta do Shopping Franco da Rocha. O Cupido vai circular pelos corredores, das 18h \u00e0s 20h, espalhando charme e boas energias. Para completar o clima rom\u00e2ntico, a Pra\u00e7a de Alimenta\u00e7\u00e3o recebe apresenta\u00e7\u00f5es ao vivo, das 19h \u00e0s 22h. Na programa\u00e7\u00e3o, est\u00e3o Vania Lima e Gu Ferreira e Banda, embalando a noite com muita m\u00fasica e emo\u00e7\u00e3o.<\/p>\n\n\n<!-- wp:image \"id\":29473,\"sizeSlug\":\"large\",\"linkDestination\":\"none\" -->\n<figure class=\"wp-block-image size-large\"><img decoding=\"async\" src=\"https:\/\/www.michelasi.com.br\/wp-content\/uploads\/2025\/06\/96d7bf8e-96f2-4698-bf30-ceb184d9a701-1024x461.jpeg\" alt=\"\" class=\"wp-image-29473\"\/><\/figure>\n<!-- \/wp:post-content -->\n\n<!-- wp:paragraph -->\n<p>J\u00e1 nos dias 13 (sexta), 14 (s\u00e1bado) e 15 (domingo), a Fifteen Eventos realizar\u00e1 uma grande Festa Junina, com o apoio do Shopping Franco da Rocha e do programa Economia Solid\u00e1ria, mantido pela Secretaria de Assist\u00eancia Social de Franco da Rocha e o Fundo Social de Solidariedade.<\/p>\n<!-- \/wp:paragraph -->\n\n<!-- wp:paragraph -->\n<p>Das 14h \u00e0s 22h, a festa ser\u00e1 na \u00e1rea externa do empreendimento, com acesso pelo McDonalds. Al\u00e9m das barracas tradicionais com comidas, caldos e sopas, quent\u00e3o, vinho quente e outras del\u00edcias, o evento ter\u00e1 atra\u00e7\u00f5es musicais com repert\u00f3rio variado para deixar o ambiente mais agrad\u00e1vel e animado.<\/p>\n<!-- \/wp:paragraph -->\n\n<!-- wp:paragraph -->\n<p>&#8220;O Shopping Franco da Rocha oferece uma oportunidade para que as fam\u00edlias da cidade e regi\u00e3o se divirtam em uma festa junina para todas as idades, com muita gastronomia e boa m\u00fasica. Al\u00e9m disso, os casais v\u00e3o encontrar op\u00e7\u00f5es de presentes e uma noite muito especial para celebrar o amor no Dia dos Namorados&#8221;, diz o superintendente Paulo Roberto Guedes J\u00fanior.<\/p>\n<!-- \/wp:paragraph -->\n\n<!-- wp:paragraph -->\n<p>Administrado pela WE9, o Shopping Franco da Rocha \u00e9 uma refer\u00eancia na regi\u00e3o desde 2017. Possui uma extensa gama de produtos, servi\u00e7os e lazer, ambiente climatizado, seguro e moderno.<\/p>\n<!-- \/wp:paragraph -->\n\n<!-- wp:paragraph -->\n<p>Dia dos Namorados\n\ud83d\uddd3 Data: 12 de Junho (Quinta-Feira)\n\ud83d\udccd Local: Pra\u00e7a de Alimenta\u00e7\u00e3o\n\ud83d\udd55 Cupido: Das 18h \u00e0s 20h\n\ud83c\udfa4 Shows: Das 19h \u00e0s 22h<\/p>\n<!-- \/wp:paragraph -->\n\n<!-- wp:paragraph -->\n<p>Festa Junina\n\ud83d\uddd3 Data: 13, 14 e 15 de Junho (Sexta a Domingo)\n\ud83d\udccd Local: \u00c1rea Externa do Shopping (acesso pelo McDonald&#8217;s)\n\u23f0 Hor\u00e1rio: Das 14h \u00e0s 22h\n\ud83c\udfa4 Atra\u00e7\u00f5es: M\u00fasica ao vivo, comidas e bebidas t\u00edpicas<\/p>\n<!-- \/wp:paragraph -->\n\n<!-- wp:paragraph -->\n<p>Shopping Franco da Rocha\nEndere\u00e7o: Av. dos Expedicion\u00e1rios, 77, Centro, Franco da Rocha\/SP\nFuncionamento: Lojas (Seg. a s\u00e1b. das 9h \u00e0s 21h \/ domingos e feriados das 14h \u00e0s 20h) e Pra\u00e7a de Alimenta\u00e7\u00e3o (Seg. a s\u00e1b. das 11h \u00e0s 22h \/ domingos e feriados das 11h \u00e0s 20h).\nTelefone: (11) 4443-0450\nFacebook: ShoppingFrancodaRochaOficial\nInstagram: @shoppingfrancodarocha<\/p>\n<!-- \/wp:paragraph -->","protected":false},"excerpt":{"rendered":"<p>O m\u00eas de junho ser\u00e1 especial ao p\u00fablico do Shopping Franco da Rocha. Entre os dias 12 e 15, de quinta-feira a domingo, o empreendimento oferece momentos inesquec\u00edveis aos casais na celebra\u00e7\u00e3o do Dia dos Namorados e uma divertida festa junina com comidas e bebidas t\u00edpicas. Na quinta-feira, dia 12, o amor vai tomar conta \u2026<\/p>\n","protected":false},"author":2,"featured_media":217,"comment_status":"closed","ping_status":"open","sticky":false,"template":"","format":"standard","meta":{"footnotes":""},"categories":[7],"tags":[],"class_list":["post-218","post","type-post","status-publish","format-standard","has-post-thumbnail","hentry","category-eventos"],"yoast_head":"<!-- This site is optimized with the Yoast SEO plugin v25.5 - https:\/\/yoast.com\/wordpress\/plugins\/seo\/ -->\n<title>Festa junina e Dia dos Namorados embalam fam\u00edlias e casais no Shopping Franco da Rocha - Portal do Estado<\/title>\n<meta name=\"robots\" content=\"index, follow, max-snippet:-1, max-image-preview:large, max-video-preview:-1\" \/>\n<link rel=\"canonical\" href=\"https:\/\/portaldoestado.com.br\/index.php\/2025\/06\/09\/festa-junina-e-dia-dos-namorados-embalam-familias-e-casais-no-shopping-franco-da-rocha\/\" \/>\n<meta property=\"og:locale\" content=\"pt_BR\" \/>\n<meta property=\"og:type\" content=\"article\" \/>\n<meta property=\"og:title\" content=\"Festa junina e Dia dos Namorados embalam fam\u00edlias e casais no Shopping Franco da Rocha - Portal do Estado\" \/>\n<meta property=\"og:description\" content=\"O m\u00eas de junho ser\u00e1 especial ao p\u00fablico do Shopping Franco da Rocha. Entre os dias 12 e 15, de quinta-feira a domingo, o empreendimento oferece momentos inesquec\u00edveis aos casais na celebra\u00e7\u00e3o do Dia dos Namorados e uma divertida festa junina com comidas e bebidas t\u00edpicas. Na quinta-feira, dia 12, o amor vai tomar conta \u2026\" \/>\n<meta property=\"og:url\" content=\"https:\/\/portaldoestado.com.br\/index.php\/2025\/06\/09\/festa-junina-e-dia-dos-namorados-embalam-familias-e-casais-no-shopping-franco-da-rocha\/\" \/>\n<meta property=\"og:site_name\" content=\"Portal do Estado\" \/>\n<meta property=\"article:published_time\" content=\"2025-06-09T20:38:08+00:00\" \/>\n<meta property=\"og:image\" content=\"https:\/\/portaldoestado.com.br\/wp-content\/uploads\/2025\/06\/ec022a87-be54-4573-8a00-0614e158b23e.jpeg\" \/>\n\t<meta property=\"og:image:width\" content=\"1600\" \/>\n\t<meta property=\"og:image:height\" content=\"720\" \/>\n\t<meta property=\"og:image:type\" content=\"image\/jpeg\" \/>\n<meta name=\"author\" content=\"assessoriadefamosos\" \/>\n<meta name=\"twitter:card\" content=\"summary_large_image\" \/>\n<meta name=\"twitter:label1\" content=\"Escrito por\" \/>\n\t<meta name=\"twitter:data1\" content=\"assessoriadefamosos\" \/>\n\t<meta name=\"twitter:label2\" content=\"Est. tempo de leitura\" \/>\n\t<meta name=\"twitter:data2\" content=\"2 minutos\" \/>\n<script type=\"application\/ld+json\" class=\"yoast-schema-graph\">{\"@context\":\"https:\/\/schema.org\",\"@graph\":[{\"@type\":\"Article\",\"@id\":\"https:\/\/portaldoestado.com.br\/index.php\/2025\/06\/09\/festa-junina-e-dia-dos-namorados-embalam-familias-e-casais-no-shopping-franco-da-rocha\/#article\",\"isPartOf\":{\"@id\":\"https:\/\/portaldoestado.com.br\/index.php\/2025\/06\/09\/festa-junina-e-dia-dos-namorados-embalam-familias-e-casais-no-shopping-franco-da-rocha\/\"},\"author\":{\"name\":\"assessoriadefamosos\",\"@id\":\"https:\/\/portaldoestado.com.br\/#\/schema\/person\/5ca0174f3c8c84b59da62ea14b698cb9\"},\"headline\":\"Festa junina e Dia dos Namorados embalam fam\u00edlias e casais no Shopping Franco da Rocha\",\"datePublished\":\"2025-06-09T20:38:08+00:00\",\"mainEntityOfPage\":{\"@id\":\"https:\/\/portaldoestado.com.br\/index.php\/2025\/06\/09\/festa-junina-e-dia-dos-namorados-embalam-familias-e-casais-no-shopping-franco-da-rocha\/\"},\"wordCount\":451,\"publisher\":{\"@id\":\"https:\/\/portaldoestado.com.br\/#organization\"},\"image\":{\"@id\":\"https:\/\/portaldoestado.com.br\/index.php\/2025\/06\/09\/festa-junina-e-dia-dos-namorados-embalam-familias-e-casais-no-shopping-franco-da-rocha\/#primaryimage\"},\"thumbnailUrl\":\"https:\/\/portaldoestado.com.br\/wp-content\/uploads\/2025\/06\/ec022a87-be54-4573-8a00-0614e158b23e.jpeg\",\"articleSection\":[\"Eventos\"],\"inLanguage\":\"pt-BR\"},{\"@type\":\"WebPage\",\"@id\":\"https:\/\/portaldoestado.com.br\/index.php\/2025\/06\/09\/festa-junina-e-dia-dos-namorados-embalam-familias-e-casais-no-shopping-franco-da-rocha\/\",\"url\":\"https:\/\/portaldoestado.com.br\/index.php\/2025\/06\/09\/festa-junina-e-dia-dos-namorados-embalam-familias-e-casais-no-shopping-franco-da-rocha\/\",\"name\":\"Festa junina e Dia dos Namorados embalam fam\u00edlias e casais no Shopping Franco da Rocha - Portal do Estado\",\"isPartOf\":{\"@id\":\"https:\/\/portaldoestado.com.br\/#website\"},\"primaryImageOfPage\":{\"@id\":\"https:\/\/portaldoestado.com.br\/index.php\/2025\/06\/09\/festa-junina-e-dia-dos-namorados-embalam-familias-e-casais-no-shopping-franco-da-rocha\/#primaryimage\"},\"image\":{\"@id\":\"https:\/\/portaldoestado.com.br\/index.php\/2025\/06\/09\/festa-junina-e-dia-dos-namorados-embalam-familias-e-casais-no-shopping-franco-da-rocha\/#primaryimage\"},\"thumbnailUrl\":\"https:\/\/portaldoestado.com.br\/wp-content\/uploads\/2025\/06\/ec022a87-be54-4573-8a00-0614e158b23e.jpeg\",\"datePublished\":\"2025-06-09T20:38:08+00:00\",\"breadcrumb\":{\"@id\":\"https:\/\/portaldoestado.com.br\/index.php\/2025\/06\/09\/festa-junina-e-dia-dos-namorados-embalam-familias-e-casais-no-shopping-franco-da-rocha\/#breadcrumb\"},\"inLanguage\":\"pt-BR\",\"potentialAction\":[{\"@type\":\"ReadAction\",\"target\":[\"https:\/\/portaldoestado.com.br\/index.php\/2025\/06\/09\/festa-junina-e-dia-dos-namorados-embalam-familias-e-casais-no-shopping-franco-da-rocha\/\"]}]},{\"@type\":\"ImageObject\",\"inLanguage\":\"pt-BR\",\"@id\":\"https:\/\/portaldoestado.com.br\/index.php\/2025\/06\/09\/festa-junina-e-dia-dos-namorados-embalam-familias-e-casais-no-shopping-franco-da-rocha\/#primaryimage\",\"url\":\"https:\/\/portaldoestado.com.br\/wp-content\/uploads\/2025\/06\/ec022a87-be54-4573-8a00-0614e158b23e.jpeg\",\"contentUrl\":\"https:\/\/portaldoestado.com.br\/wp-content\/uploads\/2025\/06\/ec022a87-be54-4573-8a00-0614e158b23e.jpeg\",\"width\":1600,\"height\":720},{\"@type\":\"BreadcrumbList\",\"@id\":\"https:\/\/portaldoestado.com.br\/index.php\/2025\/06\/09\/festa-junina-e-dia-dos-namorados-embalam-familias-e-casais-no-shopping-franco-da-rocha\/#breadcrumb\",\"itemListElement\":[{\"@type\":\"ListItem\",\"position\":1,\"name\":\"In\u00edcio\",\"item\":\"https:\/\/portaldoestado.com.br\/\"},{\"@type\":\"ListItem\",\"position\":2,\"name\":\"Festa junina e Dia dos Namorados embalam fam\u00edlias e casais no Shopping Franco da Rocha\"}]},{\"@type\":\"WebSite\",\"@id\":\"https:\/\/portaldoestado.com.br\/#website\",\"url\":\"https:\/\/portaldoestado.com.br\/\",\"name\":\"Portal do Estado\",\"description\":\"\",\"publisher\":{\"@id\":\"https:\/\/portaldoestado.com.br\/#organization\"},\"potentialAction\":[{\"@type\":\"SearchAction\",\"target\":{\"@type\":\"EntryPoint\",\"urlTemplate\":\"https:\/\/portaldoestado.com.br\/?s={search_term_string}\"},\"query-input\":{\"@type\":\"PropertyValueSpecification\",\"valueRequired\":true,\"valueName\":\"search_term_string\"}}],\"inLanguage\":\"pt-BR\"},{\"@type\":\"Organization\",\"@id\":\"https:\/\/portaldoestado.com.br\/#organization\",\"name\":\"Portal do Estado\",\"url\":\"https:\/\/portaldoestado.com.br\/\",\"logo\":{\"@type\":\"ImageObject\",\"inLanguage\":\"pt-BR\",\"@id\":\"https:\/\/portaldoestado.com.br\/#\/schema\/logo\/image\/\",\"url\":\"https:\/\/portaldoestado.com.br\/wp-content\/uploads\/2025\/04\/cropped-6f69b19a-6472-43bf-b1b3-e1910bbbd4e8.png\",\"contentUrl\":\"https:\/\/portaldoestado.com.br\/wp-content\/uploads\/2025\/04\/cropped-6f69b19a-6472-43bf-b1b3-e1910bbbd4e8.png\",\"width\":1024,\"height\":350,\"caption\":\"Portal do Estado\"},\"image\":{\"@id\":\"https:\/\/portaldoestado.com.br\/#\/schema\/logo\/image\/\"}},{\"@type\":\"Person\",\"@id\":\"https:\/\/portaldoestado.com.br\/#\/schema\/person\/5ca0174f3c8c84b59da62ea14b698cb9\",\"name\":\"assessoriadefamosos\",\"image\":{\"@type\":\"ImageObject\",\"inLanguage\":\"pt-BR\",\"@id\":\"https:\/\/portaldoestado.com.br\/#\/schema\/person\/image\/\",\"url\":\"https:\/\/secure.gravatar.com\/avatar\/a7acbdffcfbbae7240e59f47fe511ec5f5d8c252c779f0b8d9ab02a9e1d8c5ed?s=96&d=mm&r=g\",\"contentUrl\":\"https:\/\/secure.gravatar.com\/avatar\/a7acbdffcfbbae7240e59f47fe511ec5f5d8c252c779f0b8d9ab02a9e1d8c5ed?s=96&d=mm&r=g\",\"caption\":\"assessoriadefamosos\"},\"url\":\"https:\/\/portaldoestado.com.br\/index.php\/author\/assessoriadefamosos\/\"}]}<\/script>\n<!-- \/ Yoast SEO plugin. -->","yoast_head_json":{"title":"Festa junina e Dia dos Namorados embalam fam\u00edlias e casais no Shopping Franco da Rocha - Portal do Estado","robots":{"index":"index","follow":"follow","max-snippet":"max-snippet:-1","max-image-preview":"max-image-preview:large","max-video-preview":"max-video-preview:-1"},"canonical":"https:\/\/portaldoestado.com.br\/index.php\/2025\/06\/09\/festa-junina-e-dia-dos-namorados-embalam-familias-e-casais-no-shopping-franco-da-rocha\/","og_locale":"pt_BR","og_type":"article","og_title":"Festa junina e Dia dos Namorados embalam fam\u00edlias e casais no Shopping Franco da Rocha - Portal do Estado","og_description":"O m\u00eas de junho ser\u00e1 especial ao p\u00fablico do Shopping Franco da Rocha. Entre os dias 12 e 15, de quinta-feira a domingo, o empreendimento oferece momentos inesquec\u00edveis aos casais na celebra\u00e7\u00e3o do Dia dos Namorados e uma divertida festa junina com comidas e bebidas t\u00edpicas. Na quinta-feira, dia 12, o amor vai tomar conta \u2026","og_url":"https:\/\/portaldoestado.com.br\/index.php\/2025\/06\/09\/festa-junina-e-dia-dos-namorados-embalam-familias-e-casais-no-shopping-franco-da-rocha\/","og_site_name":"Portal do Estado","article_published_time":"2025-06-09T20:38:08+00:00","og_image":[{"width":1600,"height":720,"url":"https:\/\/portaldoestado.com.br\/wp-content\/uploads\/2025\/06\/ec022a87-be54-4573-8a00-0614e158b23e.jpeg","type":"image\/jpeg"}],"author":"assessoriadefamosos","twitter_card":"summary_large_image","twitter_misc":{"Escrito por":"assessoriadefamosos","Est. tempo de leitura":"2 minutos"},"schema":{"@context":"https:\/\/schema.org","@graph":[{"@type":"Article","@id":"https:\/\/portaldoestado.com.br\/index.php\/2025\/06\/09\/festa-junina-e-dia-dos-namorados-embalam-familias-e-casais-no-shopping-franco-da-rocha\/#article","isPartOf":{"@id":"https:\/\/portaldoestado.com.br\/index.php\/2025\/06\/09\/festa-junina-e-dia-dos-namorados-embalam-familias-e-casais-no-shopping-franco-da-rocha\/"},"author":{"name":"assessoriadefamosos","@id":"https:\/\/portaldoestado.com.br\/#\/schema\/person\/5ca0174f3c8c84b59da62ea14b698cb9"},"headline":"Festa junina e Dia dos Namorados embalam fam\u00edlias e casais no Shopping Franco da Rocha","datePublished":"2025-06-09T20:38:08+00:00","mainEntityOfPage":{"@id":"https:\/\/portaldoestado.com.br\/index.php\/2025\/06\/09\/festa-junina-e-dia-dos-namorados-embalam-familias-e-casais-no-shopping-franco-da-rocha\/"},"wordCount":451,"publisher":{"@id":"https:\/\/portaldoestado.com.br\/#organization"},"image":{"@id":"https:\/\/portaldoestado.com.br\/index.php\/2025\/06\/09\/festa-junina-e-dia-dos-namorados-embalam-familias-e-casais-no-shopping-franco-da-rocha\/#primaryimage"},"thumbnailUrl":"https:\/\/portaldoestado.com.br\/wp-content\/uploads\/2025\/06\/ec022a87-be54-4573-8a00-0614e158b23e.jpeg","articleSection":["Eventos"],"inLanguage":"pt-BR"},{"@type":"WebPage","@id":"https:\/\/portaldoestado.com.br\/index.php\/2025\/06\/09\/festa-junina-e-dia-dos-namorados-embalam-familias-e-casais-no-shopping-franco-da-rocha\/","url":"https:\/\/portaldoestado.com.br\/index.php\/2025\/06\/09\/festa-junina-e-dia-dos-namorados-embalam-familias-e-casais-no-shopping-franco-da-rocha\/","name":"Festa junina e Dia dos Namorados embalam fam\u00edlias e casais no Shopping Franco da Rocha - Portal do Estado","isPartOf":{"@id":"https:\/\/portaldoestado.com.br\/#website"},"primaryImageOfPage":{"@id":"https:\/\/portaldoestado.com.br\/index.php\/2025\/06\/09\/festa-junina-e-dia-dos-namorados-embalam-familias-e-casais-no-shopping-franco-da-rocha\/#primaryimage"},"image":{"@id":"https:\/\/portaldoestado.com.br\/index.php\/2025\/06\/09\/festa-junina-e-dia-dos-namorados-embalam-familias-e-casais-no-shopping-franco-da-rocha\/#primaryimage"},"thumbnailUrl":"https:\/\/portaldoestado.com.br\/wp-content\/uploads\/2025\/06\/ec022a87-be54-4573-8a00-0614e158b23e.jpeg","datePublished":"2025-06-09T20:38:08+00:00","breadcrumb":{"@id":"https:\/\/portaldoestado.com.br\/index.php\/2025\/06\/09\/festa-junina-e-dia-dos-namorados-embalam-familias-e-casais-no-shopping-franco-da-rocha\/#breadcrumb"},"inLanguage":"pt-BR","potentialAction":[{"@type":"ReadAction","target":["https:\/\/portaldoestado.com.br\/index.php\/2025\/06\/09\/festa-junina-e-dia-dos-namorados-embalam-familias-e-casais-no-shopping-franco-da-rocha\/"]}]},{"@type":"ImageObject","inLanguage":"pt-BR","@id":"https:\/\/portaldoestado.com.br\/index.php\/2025\/06\/09\/festa-junina-e-dia-dos-namorados-embalam-familias-e-casais-no-shopping-franco-da-rocha\/#primaryimage","url":"https:\/\/portaldoestado.com.br\/wp-content\/uploads\/2025\/06\/ec022a87-be54-4573-8a00-0614e158b23e.jpeg","contentUrl":"https:\/\/portaldoestado.com.br\/wp-content\/uploads\/2025\/06\/ec022a87-be54-4573-8a00-0614e158b23e.jpeg","width":1600,"height":720},{"@type":"BreadcrumbList","@id":"https:\/\/portaldoestado.com.br\/index.php\/2025\/06\/09\/festa-junina-e-dia-dos-namorados-embalam-familias-e-casais-no-shopping-franco-da-rocha\/#breadcrumb","itemListElement":[{"@type":"ListItem","position":1,"name":"In\u00edcio","item":"https:\/\/portaldoestado.com.br\/"},{"@type":"ListItem","position":2,"name":"Festa junina e Dia dos Namorados embalam fam\u00edlias e casais no Shopping Franco da Rocha"}]},{"@type":"WebSite","@id":"https:\/\/portaldoestado.com.br\/#website","url":"https:\/\/portaldoestado.com.br\/","name":"Portal do Estado","description":"","publisher":{"@id":"https:\/\/portaldoestado.com.br\/#organization"},"potentialAction":[{"@type":"SearchAction","target":{"@type":"EntryPoint","urlTemplate":"https:\/\/portaldoestado.com.br\/?s={search_term_string}"},"query-input":{"@type":"PropertyValueSpecification","valueRequired":true,"valueName":"search_term_string"}}],"inLanguage":"pt-BR"},{"@type":"Organization","@id":"https:\/\/portaldoestado.com.br\/#organization","name":"Portal do Estado","url":"https:\/\/portaldoestado.com.br\/","logo":{"@type":"ImageObject","inLanguage":"pt-BR","@id":"https:\/\/portaldoestado.com.br\/#\/schema\/logo\/image\/","url":"https:\/\/portaldoestado.com.br\/wp-content\/uploads\/2025\/04\/cropped-6f69b19a-6472-43bf-b1b3-e1910bbbd4e8.png","contentUrl":"https:\/\/portaldoestado.com.br\/wp-content\/uploads\/2025\/04\/cropped-6f69b19a-6472-43bf-b1b3-e1910bbbd4e8.png","width":1024,"height":350,"caption":"Portal do Estado"},"image":{"@id":"https:\/\/portaldoestado.com.br\/#\/schema\/logo\/image\/"}},{"@type":"Person","@id":"https:\/\/portaldoestado.com.br\/#\/schema\/person\/5ca0174f3c8c84b59da62ea14b698cb9","name":"assessoriadefamosos","image":{"@type":"ImageObject","inLanguage":"pt-BR","@id":"https:\/\/portaldoestado.com.br\/#\/schema\/person\/image\/","url":"https:\/\/secure.gravatar.com\/avatar\/a7acbdffcfbbae7240e59f47fe511ec5f5d8c252c779f0b8d9ab02a9e1d8c5ed?s=96&d=mm&r=g","contentUrl":"https:\/\/secure.gravatar.com\/avatar\/a7acbdffcfbbae7240e59f47fe511ec5f5d8c252c779f0b8d9ab02a9e1d8c5ed?s=96&d=mm&r=g","caption":"assessoriadefamosos"},"url":"https:\/\/portaldoestado.com.br\/index.php\/author\/assessoriadefamosos\/"}]}},"jetpack_featured_media_url":"https:\/\/portaldoestado.com.br\/wp-content\/uploads\/2025\/06\/ec022a87-be54-4573-8a00-0614e158b23e.jpeg","_links":{"self":[{"href":"https:\/\/portaldoestado.com.br\/index.php\/wp-json\/wp\/v2\/posts\/218","targetHints":{"allow":["GET"]}}],"collection":[{"href":"https:\/\/portaldoestado.com.br\/index.php\/wp-json\/wp\/v2\/posts"}],"about":[{"href":"https:\/\/portaldoestado.com.br\/index.php\/wp-json\/wp\/v2\/types\/post"}],"author":[{"embeddable":true,"href":"https:\/\/portaldoestado.com.br\/index.php\/wp-json\/wp\/v2\/users\/2"}],"replies":[{"embeddable":true,"href":"https:\/\/portaldoestado.com.br\/index.php\/wp-json\/wp\/v2\/comments?post=218"}],"version-history":[{"count":1,"href":"https:\/\/portaldoestado.com.br\/index.php\/wp-json\/wp\/v2\/posts\/218\/revisions"}],"predecessor-version":[{"id":219,"href":"https:\/\/portaldoestado.com.br\/index.php\/wp-json\/wp\/v2\/posts\/218\/revisions\/219"}],"wp:featuredmedia":[{"embeddable":true,"href":"https:\/\/portaldoestado.com.br\/index.php\/wp-json\/wp\/v2\/media\/217"}],"wp:attachment":[{"href":"https:\/\/portaldoestado.com.br\/index.php\/wp-json\/wp\/v2\/media?parent=218"}],"wp:term":[{"taxonomy":"category","embeddable":true,"href":"https:\/\/portaldoestado.com.br\/index.php\/wp-json\/wp\/v2\/categories?post=218"},{"taxonomy":"post_tag","embeddable":true,"href":"https:\/\/portaldoestado.com.br\/index.php\/wp-json\/wp\/v2\/tags?post=218"}],"curies":[{"name":"wp","href":"https:\/\/api.w.org\/{rel}","templated":true}]}}