{"id":2154,"date":"2025-09-02T19:21:57","date_gmt":"2025-09-02T19:21:57","guid":{"rendered":"https:\/\/portaldoestado.com.br\/?p=2154"},"modified":"2025-09-02T19:21:57","modified_gmt":"2025-09-02T19:21:57","slug":"shoppingsantaursula-inaugura-parque-universo-kids","status":"publish","type":"post","link":"https:\/\/portaldoestado.com.br\/index.php\/2025\/09\/02\/shoppingsantaursula-inaugura-parque-universo-kids\/","title":{"rendered":"ShoppingSanta\u00darsula inaugura Parque Universo Kids"},"content":{"rendered":"\n<p>O ShoppingSanta\u00darsula recebe, at\u00e9 14 de outubro, o Parque Universo Kids \u2013 uma atra\u00e7\u00e3o l\u00fadica e interativa voltada para o p\u00fablico infantil. Instalado na Pra\u00e7a de Eventos, no Piso T\u00e9rreo, o espa\u00e7o convida as crian\u00e7as a explorarem um circuito colorido e sensorial, repleto de atividades para estimular a criatividade, a imagina\u00e7\u00e3o e os sentidos.<\/p>\n\n\n\n<p>Entre os destaques est\u00e3o a piscina de bolinhas, os escorregadores, as camas el\u00e1sticas e \u00e1reas dedicadas a pintura e desenho. A proposta \u00e9 transformar a divers\u00e3o em mem\u00f3rias especiais para os pequenos, em um ambiente seguro e acolhedor.<\/p>\n\n\n\n<p>A atra\u00e7\u00e3o \u00e9 indicada para crian\u00e7as de at\u00e9 12 anos. Menores de cinco anos devem estar acompanhados por um adulto respons\u00e1vel, que n\u00e3o paga ingresso. Os valores variam entre R$30 e R$60, de acordo com o tempo de perman\u00eancia, com a possibilidade de adquirir minutos adicionais por R$2 cada.<\/p>\n\n\n\n<p>\u201cNosso objetivo \u00e9 oferecer experi\u00eancias que v\u00e3o al\u00e9m das compras, criando oportunidades de lazer e conviv\u00eancia para toda a fam\u00edlia. O Parque Universo Kids traduz esse prop\u00f3sito ao reunir divers\u00e3o e interatividade em um s\u00f3 espa\u00e7o, refor\u00e7ando o papel do shopping como ponto de encontro da cidade\u201d, afirma Cleiton Marinsech, gerente geral do ShoppingSanta\u00darsula.<\/p>\n\n\n\n<h2 class=\"wp-block-heading\"><strong>Servi\u00e7o<\/strong><\/h2>\n\n\n\n<p><em>Parque Universo Kids<\/em><\/p>\n\n\n\n<p><strong>Data:<\/strong> At\u00e9 14 de outubro<\/p>\n\n\n\n<p><strong>Local:<\/strong> Pra\u00e7a de Eventos (Piso T\u00e9rreo)<\/p>\n\n\n\n<p><strong>Valores:<\/strong> R$ 30 reais por 15 minutos; R$ 50 reais por 30 minutos; R$ 60 reais por 60 minutos; R$ 2,00 o minuto adicional; PCDs pagam meia entrada.<\/p>\n\n\n\n<p><strong>Hor\u00e1rio de funcionamento:<\/strong> De segunda-feira a s\u00e1bado, das 09h \u00e0s 21h, e aos domingos das 14h \u00e0s 20h.<\/p>\n","protected":false},"excerpt":{"rendered":"<p>Atra\u00e7\u00e3o infantil re\u00fane piscina de bolinhas, escorregadores, camas el\u00e1sticas e oficinas criativas<\/p>\n","protected":false},"author":2,"featured_media":2153,"comment_status":"closed","ping_status":"open","sticky":false,"template":"","format":"standard","meta":{"footnotes":""},"categories":[48],"tags":[113],"class_list":["post-2154","post","type-post","status-publish","format-standard","has-post-thumbnail","hentry","category-agenda","tag-diversao"],"yoast_head":"<!-- This site is optimized with the Yoast SEO plugin v25.5 - https:\/\/yoast.com\/wordpress\/plugins\/seo\/ -->\n<title>ShoppingSanta\u00darsula inaugura Parque Universo Kids - Portal do Estado<\/title>\n<meta name=\"robots\" content=\"index, follow, max-snippet:-1, max-image-preview:large, max-video-preview:-1\" \/>\n<link rel=\"canonical\" href=\"https:\/\/portaldoestado.com.br\/index.php\/2025\/09\/02\/shoppingsantaursula-inaugura-parque-universo-kids\/\" \/>\n<meta property=\"og:locale\" content=\"pt_BR\" \/>\n<meta property=\"og:type\" content=\"article\" \/>\n<meta property=\"og:title\" content=\"ShoppingSanta\u00darsula inaugura Parque Universo Kids - Portal do Estado\" \/>\n<meta property=\"og:description\" content=\"Atra\u00e7\u00e3o infantil re\u00fane piscina de bolinhas, escorregadores, camas el\u00e1sticas e oficinas criativas\" \/>\n<meta property=\"og:url\" content=\"https:\/\/portaldoestado.com.br\/index.php\/2025\/09\/02\/shoppingsantaursula-inaugura-parque-universo-kids\/\" \/>\n<meta property=\"og:site_name\" content=\"Portal do Estado\" \/>\n<meta property=\"article:published_time\" content=\"2025-09-02T19:21:57+00:00\" \/>\n<meta property=\"og:image\" content=\"https:\/\/portaldoestado.com.br\/wp-content\/uploads\/2025\/09\/WhatsApp-Image-2025-09-02-at-14.30.28.jpeg\" \/>\n\t<meta property=\"og:image:width\" content=\"1600\" \/>\n\t<meta property=\"og:image:height\" content=\"1200\" \/>\n\t<meta property=\"og:image:type\" content=\"image\/jpeg\" \/>\n<meta name=\"author\" content=\"assessoriadefamosos\" \/>\n<meta name=\"twitter:card\" content=\"summary_large_image\" \/>\n<meta name=\"twitter:label1\" content=\"Escrito por\" \/>\n\t<meta name=\"twitter:data1\" content=\"assessoriadefamosos\" \/>\n\t<meta name=\"twitter:label2\" content=\"Est. tempo de leitura\" \/>\n\t<meta name=\"twitter:data2\" content=\"1 minuto\" \/>\n<script type=\"application\/ld+json\" class=\"yoast-schema-graph\">{\"@context\":\"https:\/\/schema.org\",\"@graph\":[{\"@type\":\"Article\",\"@id\":\"https:\/\/portaldoestado.com.br\/index.php\/2025\/09\/02\/shoppingsantaursula-inaugura-parque-universo-kids\/#article\",\"isPartOf\":{\"@id\":\"https:\/\/portaldoestado.com.br\/index.php\/2025\/09\/02\/shoppingsantaursula-inaugura-parque-universo-kids\/\"},\"author\":{\"name\":\"assessoriadefamosos\",\"@id\":\"https:\/\/portaldoestado.com.br\/#\/schema\/person\/5ca0174f3c8c84b59da62ea14b698cb9\"},\"headline\":\"ShoppingSanta\u00darsula inaugura Parque Universo Kids\",\"datePublished\":\"2025-09-02T19:21:57+00:00\",\"mainEntityOfPage\":{\"@id\":\"https:\/\/portaldoestado.com.br\/index.php\/2025\/09\/02\/shoppingsantaursula-inaugura-parque-universo-kids\/\"},\"wordCount\":281,\"publisher\":{\"@id\":\"https:\/\/portaldoestado.com.br\/#organization\"},\"image\":{\"@id\":\"https:\/\/portaldoestado.com.br\/index.php\/2025\/09\/02\/shoppingsantaursula-inaugura-parque-universo-kids\/#primaryimage\"},\"thumbnailUrl\":\"https:\/\/portaldoestado.com.br\/wp-content\/uploads\/2025\/09\/WhatsApp-Image-2025-09-02-at-14.30.28.jpeg\",\"keywords\":[\"divers\u00e3o\"],\"articleSection\":[\"Agenda\"],\"inLanguage\":\"pt-BR\"},{\"@type\":\"WebPage\",\"@id\":\"https:\/\/portaldoestado.com.br\/index.php\/2025\/09\/02\/shoppingsantaursula-inaugura-parque-universo-kids\/\",\"url\":\"https:\/\/portaldoestado.com.br\/index.php\/2025\/09\/02\/shoppingsantaursula-inaugura-parque-universo-kids\/\",\"name\":\"ShoppingSanta\u00darsula inaugura Parque Universo Kids - Portal do Estado\",\"isPartOf\":{\"@id\":\"https:\/\/portaldoestado.com.br\/#website\"},\"primaryImageOfPage\":{\"@id\":\"https:\/\/portaldoestado.com.br\/index.php\/2025\/09\/02\/shoppingsantaursula-inaugura-parque-universo-kids\/#primaryimage\"},\"image\":{\"@id\":\"https:\/\/portaldoestado.com.br\/index.php\/2025\/09\/02\/shoppingsantaursula-inaugura-parque-universo-kids\/#primaryimage\"},\"thumbnailUrl\":\"https:\/\/portaldoestado.com.br\/wp-content\/uploads\/2025\/09\/WhatsApp-Image-2025-09-02-at-14.30.28.jpeg\",\"datePublished\":\"2025-09-02T19:21:57+00:00\",\"breadcrumb\":{\"@id\":\"https:\/\/portaldoestado.com.br\/index.php\/2025\/09\/02\/shoppingsantaursula-inaugura-parque-universo-kids\/#breadcrumb\"},\"inLanguage\":\"pt-BR\",\"potentialAction\":[{\"@type\":\"ReadAction\",\"target\":[\"https:\/\/portaldoestado.com.br\/index.php\/2025\/09\/02\/shoppingsantaursula-inaugura-parque-universo-kids\/\"]}]},{\"@type\":\"ImageObject\",\"inLanguage\":\"pt-BR\",\"@id\":\"https:\/\/portaldoestado.com.br\/index.php\/2025\/09\/02\/shoppingsantaursula-inaugura-parque-universo-kids\/#primaryimage\",\"url\":\"https:\/\/portaldoestado.com.br\/wp-content\/uploads\/2025\/09\/WhatsApp-Image-2025-09-02-at-14.30.28.jpeg\",\"contentUrl\":\"https:\/\/portaldoestado.com.br\/wp-content\/uploads\/2025\/09\/WhatsApp-Image-2025-09-02-at-14.30.28.jpeg\",\"width\":1600,\"height\":1200},{\"@type\":\"BreadcrumbList\",\"@id\":\"https:\/\/portaldoestado.com.br\/index.php\/2025\/09\/02\/shoppingsantaursula-inaugura-parque-universo-kids\/#breadcrumb\",\"itemListElement\":[{\"@type\":\"ListItem\",\"position\":1,\"name\":\"In\u00edcio\",\"item\":\"https:\/\/portaldoestado.com.br\/\"},{\"@type\":\"ListItem\",\"position\":2,\"name\":\"ShoppingSanta\u00darsula inaugura Parque Universo Kids\"}]},{\"@type\":\"WebSite\",\"@id\":\"https:\/\/portaldoestado.com.br\/#website\",\"url\":\"https:\/\/portaldoestado.com.br\/\",\"name\":\"Portal do Estado\",\"description\":\"\",\"publisher\":{\"@id\":\"https:\/\/portaldoestado.com.br\/#organization\"},\"potentialAction\":[{\"@type\":\"SearchAction\",\"target\":{\"@type\":\"EntryPoint\",\"urlTemplate\":\"https:\/\/portaldoestado.com.br\/?s={search_term_string}\"},\"query-input\":{\"@type\":\"PropertyValueSpecification\",\"valueRequired\":true,\"valueName\":\"search_term_string\"}}],\"inLanguage\":\"pt-BR\"},{\"@type\":\"Organization\",\"@id\":\"https:\/\/portaldoestado.com.br\/#organization\",\"name\":\"Portal do Estado\",\"url\":\"https:\/\/portaldoestado.com.br\/\",\"logo\":{\"@type\":\"ImageObject\",\"inLanguage\":\"pt-BR\",\"@id\":\"https:\/\/portaldoestado.com.br\/#\/schema\/logo\/image\/\",\"url\":\"https:\/\/portaldoestado.com.br\/wp-content\/uploads\/2025\/04\/cropped-6f69b19a-6472-43bf-b1b3-e1910bbbd4e8.png\",\"contentUrl\":\"https:\/\/portaldoestado.com.br\/wp-content\/uploads\/2025\/04\/cropped-6f69b19a-6472-43bf-b1b3-e1910bbbd4e8.png\",\"width\":1024,\"height\":350,\"caption\":\"Portal do Estado\"},\"image\":{\"@id\":\"https:\/\/portaldoestado.com.br\/#\/schema\/logo\/image\/\"}},{\"@type\":\"Person\",\"@id\":\"https:\/\/portaldoestado.com.br\/#\/schema\/person\/5ca0174f3c8c84b59da62ea14b698cb9\",\"name\":\"assessoriadefamosos\",\"image\":{\"@type\":\"ImageObject\",\"inLanguage\":\"pt-BR\",\"@id\":\"https:\/\/portaldoestado.com.br\/#\/schema\/person\/image\/\",\"url\":\"https:\/\/secure.gravatar.com\/avatar\/a7acbdffcfbbae7240e59f47fe511ec5f5d8c252c779f0b8d9ab02a9e1d8c5ed?s=96&d=mm&r=g\",\"contentUrl\":\"https:\/\/secure.gravatar.com\/avatar\/a7acbdffcfbbae7240e59f47fe511ec5f5d8c252c779f0b8d9ab02a9e1d8c5ed?s=96&d=mm&r=g\",\"caption\":\"assessoriadefamosos\"},\"url\":\"https:\/\/portaldoestado.com.br\/index.php\/author\/assessoriadefamosos\/\"}]}<\/script>\n<!-- \/ Yoast SEO plugin. -->","yoast_head_json":{"title":"ShoppingSanta\u00darsula inaugura Parque Universo Kids - Portal do Estado","robots":{"index":"index","follow":"follow","max-snippet":"max-snippet:-1","max-image-preview":"max-image-preview:large","max-video-preview":"max-video-preview:-1"},"canonical":"https:\/\/portaldoestado.com.br\/index.php\/2025\/09\/02\/shoppingsantaursula-inaugura-parque-universo-kids\/","og_locale":"pt_BR","og_type":"article","og_title":"ShoppingSanta\u00darsula inaugura Parque Universo Kids - Portal do Estado","og_description":"Atra\u00e7\u00e3o infantil re\u00fane piscina de bolinhas, escorregadores, camas el\u00e1sticas e oficinas criativas","og_url":"https:\/\/portaldoestado.com.br\/index.php\/2025\/09\/02\/shoppingsantaursula-inaugura-parque-universo-kids\/","og_site_name":"Portal do Estado","article_published_time":"2025-09-02T19:21:57+00:00","og_image":[{"width":1600,"height":1200,"url":"https:\/\/portaldoestado.com.br\/wp-content\/uploads\/2025\/09\/WhatsApp-Image-2025-09-02-at-14.30.28.jpeg","type":"image\/jpeg"}],"author":"assessoriadefamosos","twitter_card":"summary_large_image","twitter_misc":{"Escrito por":"assessoriadefamosos","Est. tempo de leitura":"1 minuto"},"schema":{"@context":"https:\/\/schema.org","@graph":[{"@type":"Article","@id":"https:\/\/portaldoestado.com.br\/index.php\/2025\/09\/02\/shoppingsantaursula-inaugura-parque-universo-kids\/#article","isPartOf":{"@id":"https:\/\/portaldoestado.com.br\/index.php\/2025\/09\/02\/shoppingsantaursula-inaugura-parque-universo-kids\/"},"author":{"name":"assessoriadefamosos","@id":"https:\/\/portaldoestado.com.br\/#\/schema\/person\/5ca0174f3c8c84b59da62ea14b698cb9"},"headline":"ShoppingSanta\u00darsula inaugura Parque Universo Kids","datePublished":"2025-09-02T19:21:57+00:00","mainEntityOfPage":{"@id":"https:\/\/portaldoestado.com.br\/index.php\/2025\/09\/02\/shoppingsantaursula-inaugura-parque-universo-kids\/"},"wordCount":281,"publisher":{"@id":"https:\/\/portaldoestado.com.br\/#organization"},"image":{"@id":"https:\/\/portaldoestado.com.br\/index.php\/2025\/09\/02\/shoppingsantaursula-inaugura-parque-universo-kids\/#primaryimage"},"thumbnailUrl":"https:\/\/portaldoestado.com.br\/wp-content\/uploads\/2025\/09\/WhatsApp-Image-2025-09-02-at-14.30.28.jpeg","keywords":["divers\u00e3o"],"articleSection":["Agenda"],"inLanguage":"pt-BR"},{"@type":"WebPage","@id":"https:\/\/portaldoestado.com.br\/index.php\/2025\/09\/02\/shoppingsantaursula-inaugura-parque-universo-kids\/","url":"https:\/\/portaldoestado.com.br\/index.php\/2025\/09\/02\/shoppingsantaursula-inaugura-parque-universo-kids\/","name":"ShoppingSanta\u00darsula inaugura Parque Universo Kids - Portal do Estado","isPartOf":{"@id":"https:\/\/portaldoestado.com.br\/#website"},"primaryImageOfPage":{"@id":"https:\/\/portaldoestado.com.br\/index.php\/2025\/09\/02\/shoppingsantaursula-inaugura-parque-universo-kids\/#primaryimage"},"image":{"@id":"https:\/\/portaldoestado.com.br\/index.php\/2025\/09\/02\/shoppingsantaursula-inaugura-parque-universo-kids\/#primaryimage"},"thumbnailUrl":"https:\/\/portaldoestado.com.br\/wp-content\/uploads\/2025\/09\/WhatsApp-Image-2025-09-02-at-14.30.28.jpeg","datePublished":"2025-09-02T19:21:57+00:00","breadcrumb":{"@id":"https:\/\/portaldoestado.com.br\/index.php\/2025\/09\/02\/shoppingsantaursula-inaugura-parque-universo-kids\/#breadcrumb"},"inLanguage":"pt-BR","potentialAction":[{"@type":"ReadAction","target":["https:\/\/portaldoestado.com.br\/index.php\/2025\/09\/02\/shoppingsantaursula-inaugura-parque-universo-kids\/"]}]},{"@type":"ImageObject","inLanguage":"pt-BR","@id":"https:\/\/portaldoestado.com.br\/index.php\/2025\/09\/02\/shoppingsantaursula-inaugura-parque-universo-kids\/#primaryimage","url":"https:\/\/portaldoestado.com.br\/wp-content\/uploads\/2025\/09\/WhatsApp-Image-2025-09-02-at-14.30.28.jpeg","contentUrl":"https:\/\/portaldoestado.com.br\/wp-content\/uploads\/2025\/09\/WhatsApp-Image-2025-09-02-at-14.30.28.jpeg","width":1600,"height":1200},{"@type":"BreadcrumbList","@id":"https:\/\/portaldoestado.com.br\/index.php\/2025\/09\/02\/shoppingsantaursula-inaugura-parque-universo-kids\/#breadcrumb","itemListElement":[{"@type":"ListItem","position":1,"name":"In\u00edcio","item":"https:\/\/portaldoestado.com.br\/"},{"@type":"ListItem","position":2,"name":"ShoppingSanta\u00darsula inaugura Parque Universo Kids"}]},{"@type":"WebSite","@id":"https:\/\/portaldoestado.com.br\/#website","url":"https:\/\/portaldoestado.com.br\/","name":"Portal do Estado","description":"","publisher":{"@id":"https:\/\/portaldoestado.com.br\/#organization"},"potentialAction":[{"@type":"SearchAction","target":{"@type":"EntryPoint","urlTemplate":"https:\/\/portaldoestado.com.br\/?s={search_term_string}"},"query-input":{"@type":"PropertyValueSpecification","valueRequired":true,"valueName":"search_term_string"}}],"inLanguage":"pt-BR"},{"@type":"Organization","@id":"https:\/\/portaldoestado.com.br\/#organization","name":"Portal do Estado","url":"https:\/\/portaldoestado.com.br\/","logo":{"@type":"ImageObject","inLanguage":"pt-BR","@id":"https:\/\/portaldoestado.com.br\/#\/schema\/logo\/image\/","url":"https:\/\/portaldoestado.com.br\/wp-content\/uploads\/2025\/04\/cropped-6f69b19a-6472-43bf-b1b3-e1910bbbd4e8.png","contentUrl":"https:\/\/portaldoestado.com.br\/wp-content\/uploads\/2025\/04\/cropped-6f69b19a-6472-43bf-b1b3-e1910bbbd4e8.png","width":1024,"height":350,"caption":"Portal do Estado"},"image":{"@id":"https:\/\/portaldoestado.com.br\/#\/schema\/logo\/image\/"}},{"@type":"Person","@id":"https:\/\/portaldoestado.com.br\/#\/schema\/person\/5ca0174f3c8c84b59da62ea14b698cb9","name":"assessoriadefamosos","image":{"@type":"ImageObject","inLanguage":"pt-BR","@id":"https:\/\/portaldoestado.com.br\/#\/schema\/person\/image\/","url":"https:\/\/secure.gravatar.com\/avatar\/a7acbdffcfbbae7240e59f47fe511ec5f5d8c252c779f0b8d9ab02a9e1d8c5ed?s=96&d=mm&r=g","contentUrl":"https:\/\/secure.gravatar.com\/avatar\/a7acbdffcfbbae7240e59f47fe511ec5f5d8c252c779f0b8d9ab02a9e1d8c5ed?s=96&d=mm&r=g","caption":"assessoriadefamosos"},"url":"https:\/\/portaldoestado.com.br\/index.php\/author\/assessoriadefamosos\/"}]}},"jetpack_featured_media_url":"https:\/\/portaldoestado.com.br\/wp-content\/uploads\/2025\/09\/WhatsApp-Image-2025-09-02-at-14.30.28.jpeg","_links":{"self":[{"href":"https:\/\/portaldoestado.com.br\/index.php\/wp-json\/wp\/v2\/posts\/2154","targetHints":{"allow":["GET"]}}],"collection":[{"href":"https:\/\/portaldoestado.com.br\/index.php\/wp-json\/wp\/v2\/posts"}],"about":[{"href":"https:\/\/portaldoestado.com.br\/index.php\/wp-json\/wp\/v2\/types\/post"}],"author":[{"embeddable":true,"href":"https:\/\/portaldoestado.com.br\/index.php\/wp-json\/wp\/v2\/users\/2"}],"replies":[{"embeddable":true,"href":"https:\/\/portaldoestado.com.br\/index.php\/wp-json\/wp\/v2\/comments?post=2154"}],"version-history":[{"count":1,"href":"https:\/\/portaldoestado.com.br\/index.php\/wp-json\/wp\/v2\/posts\/2154\/revisions"}],"predecessor-version":[{"id":2155,"href":"https:\/\/portaldoestado.com.br\/index.php\/wp-json\/wp\/v2\/posts\/2154\/revisions\/2155"}],"wp:featuredmedia":[{"embeddable":true,"href":"https:\/\/portaldoestado.com.br\/index.php\/wp-json\/wp\/v2\/media\/2153"}],"wp:attachment":[{"href":"https:\/\/portaldoestado.com.br\/index.php\/wp-json\/wp\/v2\/media?parent=2154"}],"wp:term":[{"taxonomy":"category","embeddable":true,"href":"https:\/\/portaldoestado.com.br\/index.php\/wp-json\/wp\/v2\/categories?post=2154"},{"taxonomy":"post_tag","embeddable":true,"href":"https:\/\/portaldoestado.com.br\/index.php\/wp-json\/wp\/v2\/tags?post=2154"}],"curies":[{"name":"wp","href":"https:\/\/api.w.org\/{rel}","templated":true}]}}