{"id":2044,"date":"2025-08-28T18:07:20","date_gmt":"2025-08-28T18:07:20","guid":{"rendered":"https:\/\/portaldoestado.com.br\/?p=2044"},"modified":"2025-08-28T18:07:20","modified_gmt":"2025-08-28T18:07:20","slug":"wanessa-camargo-revela-lado-b-um-mergulho-em-memorias-e-emocoes-escondidas","status":"publish","type":"post","link":"https:\/\/portaldoestado.com.br\/index.php\/2025\/08\/28\/wanessa-camargo-revela-lado-b-um-mergulho-em-memorias-e-emocoes-escondidas\/","title":{"rendered":"Wanessa Camargo revela \u201cLado B\u201d, um mergulho em mem\u00f3rias e emo\u00e7\u00f5es escondidas"},"content":{"rendered":"\n<p>Wanessa Camargo convida o p\u00fablico a redescobrir sua trajet\u00f3ria com \u201cLado B\u201d, projeto dividido em duas partes que celebra a m\u00fasica em sua forma mais afetiva. A primeira estreia em 29 de agosto, e a segunda chega em setembro, prolongando a experi\u00eancia como um cap\u00edtulo cont\u00ednuo de emo\u00e7\u00e3o.\nRegistrado em dezembro de 2024 no ic\u00f4nico Teatro Bibi Ferreira, em S\u00e3o Paulo, o show nasceu como gesto de gratid\u00e3o. Em vez de hits j\u00e1 consagrados, \u201cLado B\u201d ilumina can\u00e7\u00f5es que sempre viveram discretamente no repert\u00f3rio, mas se tornaram tesouros guardados no cora\u00e7\u00e3o dos f\u00e3s.\n\u201cEsse projeto \u00e9 um presente para quem sempre esteve comigo. S\u00e3o m\u00fasicas que marcam momentos da minha vida e da vida de muita gente, e eu queria dar a elas o destaque que merecem\u201d, diz Wanessa.\nCom lan\u00e7amento nas plataformas e v\u00eddeos dispon\u00edveis no YouTube, \u201cLado B\u201d promete ser mais do que um registro musical: \u00e9 um encontro \u00edntimo, uma viagem no tempo, uma forma de mostrar que at\u00e9 as can\u00e7\u00f5es menos conhecidas t\u00eam o poder de transformar.<\/p>\n\n\n<!-- wp:image \"id\":32713,\"sizeSlug\":\"full\",\"linkDestination\":\"none\" -->\n<figure class=\"wp-block-image size-full\"><img decoding=\"async\" src=\"https:\/\/www.michelasi.com.br\/wp-content\/uploads\/2025\/08\/wanessa-1.png\" alt=\"\" class=\"wp-image-32713\" \/><\/figure>\n<!-- \/wp:post-content -->","protected":false},"excerpt":{"rendered":"<p>Wanessa Camargo convida o p\u00fablico a redescobrir sua trajet\u00f3ria com \u201cLado B\u201d, projeto dividido em duas partes que celebra a m\u00fasica em sua forma mais afetiva. A primeira estreia em 29 de agosto, e a segunda chega em setembro, prolongando a experi\u00eancia como um cap\u00edtulo cont\u00ednuo de emo\u00e7\u00e3o.Registrado em dezembro de 2024 no ic\u00f4nico Teatro \u2026<\/p>\n","protected":false},"author":2,"featured_media":2043,"comment_status":"closed","ping_status":"open","sticky":false,"template":"","format":"standard","meta":{"footnotes":""},"categories":[8],"tags":[],"class_list":["post-2044","post","type-post","status-publish","format-standard","has-post-thumbnail","hentry","category-musica"],"yoast_head":"<!-- This site is optimized with the Yoast SEO plugin v25.5 - https:\/\/yoast.com\/wordpress\/plugins\/seo\/ -->\n<title>Wanessa Camargo revela \u201cLado B\u201d, um mergulho em mem\u00f3rias e emo\u00e7\u00f5es escondidas - Portal do Estado<\/title>\n<meta name=\"robots\" content=\"index, follow, max-snippet:-1, max-image-preview:large, max-video-preview:-1\" \/>\n<link rel=\"canonical\" href=\"https:\/\/portaldoestado.com.br\/index.php\/2025\/08\/28\/wanessa-camargo-revela-lado-b-um-mergulho-em-memorias-e-emocoes-escondidas\/\" \/>\n<meta property=\"og:locale\" content=\"pt_BR\" \/>\n<meta property=\"og:type\" content=\"article\" \/>\n<meta property=\"og:title\" content=\"Wanessa Camargo revela \u201cLado B\u201d, um mergulho em mem\u00f3rias e emo\u00e7\u00f5es escondidas - Portal do Estado\" \/>\n<meta property=\"og:description\" content=\"Wanessa Camargo convida o p\u00fablico a redescobrir sua trajet\u00f3ria com \u201cLado B\u201d, projeto dividido em duas partes que celebra a m\u00fasica em sua forma mais afetiva. A primeira estreia em 29 de agosto, e a segunda chega em setembro, prolongando a experi\u00eancia como um cap\u00edtulo cont\u00ednuo de emo\u00e7\u00e3o.Registrado em dezembro de 2024 no ic\u00f4nico Teatro \u2026\" \/>\n<meta property=\"og:url\" content=\"https:\/\/portaldoestado.com.br\/index.php\/2025\/08\/28\/wanessa-camargo-revela-lado-b-um-mergulho-em-memorias-e-emocoes-escondidas\/\" \/>\n<meta property=\"og:site_name\" content=\"Portal do Estado\" \/>\n<meta property=\"article:published_time\" content=\"2025-08-28T18:07:20+00:00\" \/>\n<meta property=\"og:image\" content=\"https:\/\/portaldoestado.com.br\/wp-content\/uploads\/2025\/08\/wanessa-1.png\" \/>\n\t<meta property=\"og:image:width\" content=\"428\" \/>\n\t<meta property=\"og:image:height\" content=\"207\" \/>\n\t<meta property=\"og:image:type\" content=\"image\/png\" \/>\n<meta name=\"author\" content=\"assessoriadefamosos\" \/>\n<meta name=\"twitter:card\" content=\"summary_large_image\" \/>\n<meta name=\"twitter:label1\" content=\"Escrito por\" \/>\n\t<meta name=\"twitter:data1\" content=\"assessoriadefamosos\" \/>\n\t<meta name=\"twitter:label2\" content=\"Est. tempo de leitura\" \/>\n\t<meta name=\"twitter:data2\" content=\"1 minuto\" \/>\n<script type=\"application\/ld+json\" class=\"yoast-schema-graph\">{\"@context\":\"https:\/\/schema.org\",\"@graph\":[{\"@type\":\"Article\",\"@id\":\"https:\/\/portaldoestado.com.br\/index.php\/2025\/08\/28\/wanessa-camargo-revela-lado-b-um-mergulho-em-memorias-e-emocoes-escondidas\/#article\",\"isPartOf\":{\"@id\":\"https:\/\/portaldoestado.com.br\/index.php\/2025\/08\/28\/wanessa-camargo-revela-lado-b-um-mergulho-em-memorias-e-emocoes-escondidas\/\"},\"author\":{\"name\":\"assessoriadefamosos\",\"@id\":\"https:\/\/portaldoestado.com.br\/#\/schema\/person\/5ca0174f3c8c84b59da62ea14b698cb9\"},\"headline\":\"Wanessa Camargo revela \u201cLado B\u201d, um mergulho em mem\u00f3rias e emo\u00e7\u00f5es escondidas\",\"datePublished\":\"2025-08-28T18:07:20+00:00\",\"mainEntityOfPage\":{\"@id\":\"https:\/\/portaldoestado.com.br\/index.php\/2025\/08\/28\/wanessa-camargo-revela-lado-b-um-mergulho-em-memorias-e-emocoes-escondidas\/\"},\"wordCount\":202,\"publisher\":{\"@id\":\"https:\/\/portaldoestado.com.br\/#organization\"},\"image\":{\"@id\":\"https:\/\/portaldoestado.com.br\/index.php\/2025\/08\/28\/wanessa-camargo-revela-lado-b-um-mergulho-em-memorias-e-emocoes-escondidas\/#primaryimage\"},\"thumbnailUrl\":\"https:\/\/portaldoestado.com.br\/wp-content\/uploads\/2025\/08\/wanessa-1.png\",\"articleSection\":[\"M\u00fasica\"],\"inLanguage\":\"pt-BR\"},{\"@type\":\"WebPage\",\"@id\":\"https:\/\/portaldoestado.com.br\/index.php\/2025\/08\/28\/wanessa-camargo-revela-lado-b-um-mergulho-em-memorias-e-emocoes-escondidas\/\",\"url\":\"https:\/\/portaldoestado.com.br\/index.php\/2025\/08\/28\/wanessa-camargo-revela-lado-b-um-mergulho-em-memorias-e-emocoes-escondidas\/\",\"name\":\"Wanessa Camargo revela \u201cLado B\u201d, um mergulho em mem\u00f3rias e emo\u00e7\u00f5es escondidas - Portal do Estado\",\"isPartOf\":{\"@id\":\"https:\/\/portaldoestado.com.br\/#website\"},\"primaryImageOfPage\":{\"@id\":\"https:\/\/portaldoestado.com.br\/index.php\/2025\/08\/28\/wanessa-camargo-revela-lado-b-um-mergulho-em-memorias-e-emocoes-escondidas\/#primaryimage\"},\"image\":{\"@id\":\"https:\/\/portaldoestado.com.br\/index.php\/2025\/08\/28\/wanessa-camargo-revela-lado-b-um-mergulho-em-memorias-e-emocoes-escondidas\/#primaryimage\"},\"thumbnailUrl\":\"https:\/\/portaldoestado.com.br\/wp-content\/uploads\/2025\/08\/wanessa-1.png\",\"datePublished\":\"2025-08-28T18:07:20+00:00\",\"breadcrumb\":{\"@id\":\"https:\/\/portaldoestado.com.br\/index.php\/2025\/08\/28\/wanessa-camargo-revela-lado-b-um-mergulho-em-memorias-e-emocoes-escondidas\/#breadcrumb\"},\"inLanguage\":\"pt-BR\",\"potentialAction\":[{\"@type\":\"ReadAction\",\"target\":[\"https:\/\/portaldoestado.com.br\/index.php\/2025\/08\/28\/wanessa-camargo-revela-lado-b-um-mergulho-em-memorias-e-emocoes-escondidas\/\"]}]},{\"@type\":\"ImageObject\",\"inLanguage\":\"pt-BR\",\"@id\":\"https:\/\/portaldoestado.com.br\/index.php\/2025\/08\/28\/wanessa-camargo-revela-lado-b-um-mergulho-em-memorias-e-emocoes-escondidas\/#primaryimage\",\"url\":\"https:\/\/portaldoestado.com.br\/wp-content\/uploads\/2025\/08\/wanessa-1.png\",\"contentUrl\":\"https:\/\/portaldoestado.com.br\/wp-content\/uploads\/2025\/08\/wanessa-1.png\",\"width\":428,\"height\":207},{\"@type\":\"BreadcrumbList\",\"@id\":\"https:\/\/portaldoestado.com.br\/index.php\/2025\/08\/28\/wanessa-camargo-revela-lado-b-um-mergulho-em-memorias-e-emocoes-escondidas\/#breadcrumb\",\"itemListElement\":[{\"@type\":\"ListItem\",\"position\":1,\"name\":\"In\u00edcio\",\"item\":\"https:\/\/portaldoestado.com.br\/\"},{\"@type\":\"ListItem\",\"position\":2,\"name\":\"Wanessa Camargo revela \u201cLado B\u201d, um mergulho em mem\u00f3rias e emo\u00e7\u00f5es escondidas\"}]},{\"@type\":\"WebSite\",\"@id\":\"https:\/\/portaldoestado.com.br\/#website\",\"url\":\"https:\/\/portaldoestado.com.br\/\",\"name\":\"Portal do Estado\",\"description\":\"\",\"publisher\":{\"@id\":\"https:\/\/portaldoestado.com.br\/#organization\"},\"potentialAction\":[{\"@type\":\"SearchAction\",\"target\":{\"@type\":\"EntryPoint\",\"urlTemplate\":\"https:\/\/portaldoestado.com.br\/?s={search_term_string}\"},\"query-input\":{\"@type\":\"PropertyValueSpecification\",\"valueRequired\":true,\"valueName\":\"search_term_string\"}}],\"inLanguage\":\"pt-BR\"},{\"@type\":\"Organization\",\"@id\":\"https:\/\/portaldoestado.com.br\/#organization\",\"name\":\"Portal do Estado\",\"url\":\"https:\/\/portaldoestado.com.br\/\",\"logo\":{\"@type\":\"ImageObject\",\"inLanguage\":\"pt-BR\",\"@id\":\"https:\/\/portaldoestado.com.br\/#\/schema\/logo\/image\/\",\"url\":\"https:\/\/portaldoestado.com.br\/wp-content\/uploads\/2025\/04\/cropped-6f69b19a-6472-43bf-b1b3-e1910bbbd4e8.png\",\"contentUrl\":\"https:\/\/portaldoestado.com.br\/wp-content\/uploads\/2025\/04\/cropped-6f69b19a-6472-43bf-b1b3-e1910bbbd4e8.png\",\"width\":1024,\"height\":350,\"caption\":\"Portal do Estado\"},\"image\":{\"@id\":\"https:\/\/portaldoestado.com.br\/#\/schema\/logo\/image\/\"}},{\"@type\":\"Person\",\"@id\":\"https:\/\/portaldoestado.com.br\/#\/schema\/person\/5ca0174f3c8c84b59da62ea14b698cb9\",\"name\":\"assessoriadefamosos\",\"image\":{\"@type\":\"ImageObject\",\"inLanguage\":\"pt-BR\",\"@id\":\"https:\/\/portaldoestado.com.br\/#\/schema\/person\/image\/\",\"url\":\"https:\/\/secure.gravatar.com\/avatar\/a7acbdffcfbbae7240e59f47fe511ec5f5d8c252c779f0b8d9ab02a9e1d8c5ed?s=96&d=mm&r=g\",\"contentUrl\":\"https:\/\/secure.gravatar.com\/avatar\/a7acbdffcfbbae7240e59f47fe511ec5f5d8c252c779f0b8d9ab02a9e1d8c5ed?s=96&d=mm&r=g\",\"caption\":\"assessoriadefamosos\"},\"url\":\"https:\/\/portaldoestado.com.br\/index.php\/author\/assessoriadefamosos\/\"}]}<\/script>\n<!-- \/ Yoast SEO plugin. -->","yoast_head_json":{"title":"Wanessa Camargo revela \u201cLado B\u201d, um mergulho em mem\u00f3rias e emo\u00e7\u00f5es escondidas - Portal do Estado","robots":{"index":"index","follow":"follow","max-snippet":"max-snippet:-1","max-image-preview":"max-image-preview:large","max-video-preview":"max-video-preview:-1"},"canonical":"https:\/\/portaldoestado.com.br\/index.php\/2025\/08\/28\/wanessa-camargo-revela-lado-b-um-mergulho-em-memorias-e-emocoes-escondidas\/","og_locale":"pt_BR","og_type":"article","og_title":"Wanessa Camargo revela \u201cLado B\u201d, um mergulho em mem\u00f3rias e emo\u00e7\u00f5es escondidas - Portal do Estado","og_description":"Wanessa Camargo convida o p\u00fablico a redescobrir sua trajet\u00f3ria com \u201cLado B\u201d, projeto dividido em duas partes que celebra a m\u00fasica em sua forma mais afetiva. A primeira estreia em 29 de agosto, e a segunda chega em setembro, prolongando a experi\u00eancia como um cap\u00edtulo cont\u00ednuo de emo\u00e7\u00e3o.Registrado em dezembro de 2024 no ic\u00f4nico Teatro \u2026","og_url":"https:\/\/portaldoestado.com.br\/index.php\/2025\/08\/28\/wanessa-camargo-revela-lado-b-um-mergulho-em-memorias-e-emocoes-escondidas\/","og_site_name":"Portal do Estado","article_published_time":"2025-08-28T18:07:20+00:00","og_image":[{"width":428,"height":207,"url":"https:\/\/portaldoestado.com.br\/wp-content\/uploads\/2025\/08\/wanessa-1.png","type":"image\/png"}],"author":"assessoriadefamosos","twitter_card":"summary_large_image","twitter_misc":{"Escrito por":"assessoriadefamosos","Est. tempo de leitura":"1 minuto"},"schema":{"@context":"https:\/\/schema.org","@graph":[{"@type":"Article","@id":"https:\/\/portaldoestado.com.br\/index.php\/2025\/08\/28\/wanessa-camargo-revela-lado-b-um-mergulho-em-memorias-e-emocoes-escondidas\/#article","isPartOf":{"@id":"https:\/\/portaldoestado.com.br\/index.php\/2025\/08\/28\/wanessa-camargo-revela-lado-b-um-mergulho-em-memorias-e-emocoes-escondidas\/"},"author":{"name":"assessoriadefamosos","@id":"https:\/\/portaldoestado.com.br\/#\/schema\/person\/5ca0174f3c8c84b59da62ea14b698cb9"},"headline":"Wanessa Camargo revela \u201cLado B\u201d, um mergulho em mem\u00f3rias e emo\u00e7\u00f5es escondidas","datePublished":"2025-08-28T18:07:20+00:00","mainEntityOfPage":{"@id":"https:\/\/portaldoestado.com.br\/index.php\/2025\/08\/28\/wanessa-camargo-revela-lado-b-um-mergulho-em-memorias-e-emocoes-escondidas\/"},"wordCount":202,"publisher":{"@id":"https:\/\/portaldoestado.com.br\/#organization"},"image":{"@id":"https:\/\/portaldoestado.com.br\/index.php\/2025\/08\/28\/wanessa-camargo-revela-lado-b-um-mergulho-em-memorias-e-emocoes-escondidas\/#primaryimage"},"thumbnailUrl":"https:\/\/portaldoestado.com.br\/wp-content\/uploads\/2025\/08\/wanessa-1.png","articleSection":["M\u00fasica"],"inLanguage":"pt-BR"},{"@type":"WebPage","@id":"https:\/\/portaldoestado.com.br\/index.php\/2025\/08\/28\/wanessa-camargo-revela-lado-b-um-mergulho-em-memorias-e-emocoes-escondidas\/","url":"https:\/\/portaldoestado.com.br\/index.php\/2025\/08\/28\/wanessa-camargo-revela-lado-b-um-mergulho-em-memorias-e-emocoes-escondidas\/","name":"Wanessa Camargo revela \u201cLado B\u201d, um mergulho em mem\u00f3rias e emo\u00e7\u00f5es escondidas - Portal do Estado","isPartOf":{"@id":"https:\/\/portaldoestado.com.br\/#website"},"primaryImageOfPage":{"@id":"https:\/\/portaldoestado.com.br\/index.php\/2025\/08\/28\/wanessa-camargo-revela-lado-b-um-mergulho-em-memorias-e-emocoes-escondidas\/#primaryimage"},"image":{"@id":"https:\/\/portaldoestado.com.br\/index.php\/2025\/08\/28\/wanessa-camargo-revela-lado-b-um-mergulho-em-memorias-e-emocoes-escondidas\/#primaryimage"},"thumbnailUrl":"https:\/\/portaldoestado.com.br\/wp-content\/uploads\/2025\/08\/wanessa-1.png","datePublished":"2025-08-28T18:07:20+00:00","breadcrumb":{"@id":"https:\/\/portaldoestado.com.br\/index.php\/2025\/08\/28\/wanessa-camargo-revela-lado-b-um-mergulho-em-memorias-e-emocoes-escondidas\/#breadcrumb"},"inLanguage":"pt-BR","potentialAction":[{"@type":"ReadAction","target":["https:\/\/portaldoestado.com.br\/index.php\/2025\/08\/28\/wanessa-camargo-revela-lado-b-um-mergulho-em-memorias-e-emocoes-escondidas\/"]}]},{"@type":"ImageObject","inLanguage":"pt-BR","@id":"https:\/\/portaldoestado.com.br\/index.php\/2025\/08\/28\/wanessa-camargo-revela-lado-b-um-mergulho-em-memorias-e-emocoes-escondidas\/#primaryimage","url":"https:\/\/portaldoestado.com.br\/wp-content\/uploads\/2025\/08\/wanessa-1.png","contentUrl":"https:\/\/portaldoestado.com.br\/wp-content\/uploads\/2025\/08\/wanessa-1.png","width":428,"height":207},{"@type":"BreadcrumbList","@id":"https:\/\/portaldoestado.com.br\/index.php\/2025\/08\/28\/wanessa-camargo-revela-lado-b-um-mergulho-em-memorias-e-emocoes-escondidas\/#breadcrumb","itemListElement":[{"@type":"ListItem","position":1,"name":"In\u00edcio","item":"https:\/\/portaldoestado.com.br\/"},{"@type":"ListItem","position":2,"name":"Wanessa Camargo revela \u201cLado B\u201d, um mergulho em mem\u00f3rias e emo\u00e7\u00f5es escondidas"}]},{"@type":"WebSite","@id":"https:\/\/portaldoestado.com.br\/#website","url":"https:\/\/portaldoestado.com.br\/","name":"Portal do Estado","description":"","publisher":{"@id":"https:\/\/portaldoestado.com.br\/#organization"},"potentialAction":[{"@type":"SearchAction","target":{"@type":"EntryPoint","urlTemplate":"https:\/\/portaldoestado.com.br\/?s={search_term_string}"},"query-input":{"@type":"PropertyValueSpecification","valueRequired":true,"valueName":"search_term_string"}}],"inLanguage":"pt-BR"},{"@type":"Organization","@id":"https:\/\/portaldoestado.com.br\/#organization","name":"Portal do Estado","url":"https:\/\/portaldoestado.com.br\/","logo":{"@type":"ImageObject","inLanguage":"pt-BR","@id":"https:\/\/portaldoestado.com.br\/#\/schema\/logo\/image\/","url":"https:\/\/portaldoestado.com.br\/wp-content\/uploads\/2025\/04\/cropped-6f69b19a-6472-43bf-b1b3-e1910bbbd4e8.png","contentUrl":"https:\/\/portaldoestado.com.br\/wp-content\/uploads\/2025\/04\/cropped-6f69b19a-6472-43bf-b1b3-e1910bbbd4e8.png","width":1024,"height":350,"caption":"Portal do Estado"},"image":{"@id":"https:\/\/portaldoestado.com.br\/#\/schema\/logo\/image\/"}},{"@type":"Person","@id":"https:\/\/portaldoestado.com.br\/#\/schema\/person\/5ca0174f3c8c84b59da62ea14b698cb9","name":"assessoriadefamosos","image":{"@type":"ImageObject","inLanguage":"pt-BR","@id":"https:\/\/portaldoestado.com.br\/#\/schema\/person\/image\/","url":"https:\/\/secure.gravatar.com\/avatar\/a7acbdffcfbbae7240e59f47fe511ec5f5d8c252c779f0b8d9ab02a9e1d8c5ed?s=96&d=mm&r=g","contentUrl":"https:\/\/secure.gravatar.com\/avatar\/a7acbdffcfbbae7240e59f47fe511ec5f5d8c252c779f0b8d9ab02a9e1d8c5ed?s=96&d=mm&r=g","caption":"assessoriadefamosos"},"url":"https:\/\/portaldoestado.com.br\/index.php\/author\/assessoriadefamosos\/"}]}},"jetpack_featured_media_url":"https:\/\/portaldoestado.com.br\/wp-content\/uploads\/2025\/08\/wanessa-1.png","_links":{"self":[{"href":"https:\/\/portaldoestado.com.br\/index.php\/wp-json\/wp\/v2\/posts\/2044","targetHints":{"allow":["GET"]}}],"collection":[{"href":"https:\/\/portaldoestado.com.br\/index.php\/wp-json\/wp\/v2\/posts"}],"about":[{"href":"https:\/\/portaldoestado.com.br\/index.php\/wp-json\/wp\/v2\/types\/post"}],"author":[{"embeddable":true,"href":"https:\/\/portaldoestado.com.br\/index.php\/wp-json\/wp\/v2\/users\/2"}],"replies":[{"embeddable":true,"href":"https:\/\/portaldoestado.com.br\/index.php\/wp-json\/wp\/v2\/comments?post=2044"}],"version-history":[{"count":1,"href":"https:\/\/portaldoestado.com.br\/index.php\/wp-json\/wp\/v2\/posts\/2044\/revisions"}],"predecessor-version":[{"id":2045,"href":"https:\/\/portaldoestado.com.br\/index.php\/wp-json\/wp\/v2\/posts\/2044\/revisions\/2045"}],"wp:featuredmedia":[{"embeddable":true,"href":"https:\/\/portaldoestado.com.br\/index.php\/wp-json\/wp\/v2\/media\/2043"}],"wp:attachment":[{"href":"https:\/\/portaldoestado.com.br\/index.php\/wp-json\/wp\/v2\/media?parent=2044"}],"wp:term":[{"taxonomy":"category","embeddable":true,"href":"https:\/\/portaldoestado.com.br\/index.php\/wp-json\/wp\/v2\/categories?post=2044"},{"taxonomy":"post_tag","embeddable":true,"href":"https:\/\/portaldoestado.com.br\/index.php\/wp-json\/wp\/v2\/tags?post=2044"}],"curies":[{"name":"wp","href":"https:\/\/api.w.org\/{rel}","templated":true}]}}