{"id":1777,"date":"2025-08-17T19:10:41","date_gmt":"2025-08-17T19:10:41","guid":{"rendered":"https:\/\/portaldoestado.com.br\/?p=1777"},"modified":"2025-08-17T19:10:41","modified_gmt":"2025-08-17T19:10:41","slug":"thiago-michelasi-brilha-no-to-no-sbt-e-se-consolida-como-revelacao-da-tv-brasileira","status":"publish","type":"post","link":"https:\/\/portaldoestado.com.br\/index.php\/2025\/08\/17\/thiago-michelasi-brilha-no-to-no-sbt-e-se-consolida-como-revelacao-da-tv-brasileira\/","title":{"rendered":"Thiago Michelasi brilha no \u201cT\u00f4 no SBT\u201d e se consolida como revela\u00e7\u00e3o da TV brasileira"},"content":{"rendered":"\n<p>Thiago Michelasi vem se firmando como uma das grandes revela\u00e7\u00f5es da televis\u00e3o brasileira. \u00c0 frente do programa <strong>\u201cT\u00f4 no SBT\u201d<\/strong>, ele promete transformar as manh\u00e3s de domingo em momentos de informa\u00e7\u00e3o, entretenimento e cultura \u2014 e tem cumprido essa promessa com maestria.<\/p>\n\n\n\n<p>Exibido todos os domingos, \u00e0s 9h30, o programa j\u00e1 conquistou espectadores em todo o pa\u00eds. O p\u00fablico destaca o <strong>carisma, a simpatia e a humildade<\/strong> de Thiago como diferenciais que tornam sua apresenta\u00e7\u00e3o \u00fanica. Com uma linguagem leve e descontra\u00edda, ele conduz entrevistas exclusivas com artistas, cobre shows e eventos culturais, apresenta dicas de gastronomia, explora bastidores do entretenimento, compartilha fofocas e muitas novidades que cativam telespectadores de todas as idades.<\/p>\n\n\n\n<p>Al\u00e9m do sucesso diante das c\u00e2meras, Thiago tem aproveitado a oportunidade para <strong>conhecer novos pa\u00edses e culturas<\/strong>. J\u00e1 visitou <strong>Chile, Argentina e Uruguai<\/strong> e antecipa que uma nova viagem est\u00e1 prestes a acontecer, prometendo <strong>novidades exclusivas e experi\u00eancias in\u00e9ditas<\/strong> para o p\u00fablico. Segundo o apresentador, <strong>\u201cdepois que entrei no SBT, tudo est\u00e1 mudando na minha vida, mas sigo firme mantendo minha humildade\u201d<\/strong>, mostrando que o reconhecimento n\u00e3o alterou sua ess\u00eancia.<\/p>\n\n\n\n<p>Mais do que entretenimento, o programa de Thiago se tornou um <strong>verdadeiro curador de experi\u00eancias<\/strong>, levando hist\u00f3rias, curiosidades e momentos especiais das viagens e eventos diretamente para a tela. Essa abordagem tem conquistado cada vez mais f\u00e3s, consolidando seu espa\u00e7o na televis\u00e3o nacional.<\/p>\n\n\n\n<p>Com talento, dedica\u00e7\u00e3o e autenticidade, Thiago Michelasi demonstra estar pronto para se tornar <strong>uma refer\u00eancia na televis\u00e3o brasileira<\/strong>. Animando as manh\u00e3s de domingo, compartilhando experi\u00eancias internacionais e conquistando cora\u00e7\u00f5es por onde passa, ele prova que <strong>carisma e profissionalismo s\u00e3o a combina\u00e7\u00e3o perfeita para quem quer brilhar na m\u00eddia<\/strong>.<\/p>\n","protected":false},"excerpt":{"rendered":"<p>Thiago Michelasi vem se firmando como uma das grandes revela\u00e7\u00f5es da televis\u00e3o brasileira. \u00c0 frente do programa \u201cT\u00f4 no SBT\u201d, ele promete transformar as manh\u00e3s de domingo em momentos de informa\u00e7\u00e3o, entretenimento e cultura \u2014 e tem cumprido essa promessa com maestria. Exibido todos os domingos, \u00e0s 9h30, o programa j\u00e1 conquistou espectadores em todo \u2026<\/p>\n","protected":false},"author":2,"featured_media":1776,"comment_status":"closed","ping_status":"open","sticky":false,"template":"","format":"standard","meta":{"footnotes":""},"categories":[3],"tags":[],"class_list":["post-1777","post","type-post","status-publish","format-standard","has-post-thumbnail","hentry","category-famosos"],"yoast_head":"<!-- This site is optimized with the Yoast SEO plugin v25.5 - https:\/\/yoast.com\/wordpress\/plugins\/seo\/ -->\n<title>Thiago Michelasi brilha no \u201cT\u00f4 no SBT\u201d e se consolida como revela\u00e7\u00e3o da TV brasileira - Portal do Estado<\/title>\n<meta name=\"robots\" content=\"index, follow, max-snippet:-1, max-image-preview:large, max-video-preview:-1\" \/>\n<link rel=\"canonical\" href=\"https:\/\/portaldoestado.com.br\/index.php\/2025\/08\/17\/thiago-michelasi-brilha-no-to-no-sbt-e-se-consolida-como-revelacao-da-tv-brasileira\/\" \/>\n<meta property=\"og:locale\" content=\"pt_BR\" \/>\n<meta property=\"og:type\" content=\"article\" \/>\n<meta property=\"og:title\" content=\"Thiago Michelasi brilha no \u201cT\u00f4 no SBT\u201d e se consolida como revela\u00e7\u00e3o da TV brasileira - Portal do Estado\" \/>\n<meta property=\"og:description\" content=\"Thiago Michelasi vem se firmando como uma das grandes revela\u00e7\u00f5es da televis\u00e3o brasileira. \u00c0 frente do programa \u201cT\u00f4 no SBT\u201d, ele promete transformar as manh\u00e3s de domingo em momentos de informa\u00e7\u00e3o, entretenimento e cultura \u2014 e tem cumprido essa promessa com maestria. Exibido todos os domingos, \u00e0s 9h30, o programa j\u00e1 conquistou espectadores em todo \u2026\" \/>\n<meta property=\"og:url\" content=\"https:\/\/portaldoestado.com.br\/index.php\/2025\/08\/17\/thiago-michelasi-brilha-no-to-no-sbt-e-se-consolida-como-revelacao-da-tv-brasileira\/\" \/>\n<meta property=\"og:site_name\" content=\"Portal do Estado\" \/>\n<meta property=\"article:published_time\" content=\"2025-08-17T19:10:41+00:00\" \/>\n<meta property=\"og:image\" content=\"https:\/\/portaldoestado.com.br\/wp-content\/uploads\/2025\/08\/WhatsApp-Image-2025-08-17-at-16.04.41-e1755457652582.jpeg\" \/>\n\t<meta property=\"og:image:width\" content=\"525\" \/>\n\t<meta property=\"og:image:height\" content=\"486\" \/>\n\t<meta property=\"og:image:type\" content=\"image\/jpeg\" \/>\n<meta name=\"author\" content=\"assessoriadefamosos\" \/>\n<meta name=\"twitter:card\" content=\"summary_large_image\" \/>\n<meta name=\"twitter:label1\" content=\"Escrito por\" \/>\n\t<meta name=\"twitter:data1\" content=\"assessoriadefamosos\" \/>\n\t<meta name=\"twitter:label2\" content=\"Est. tempo de leitura\" \/>\n\t<meta name=\"twitter:data2\" content=\"2 minutos\" \/>\n<script type=\"application\/ld+json\" class=\"yoast-schema-graph\">{\"@context\":\"https:\/\/schema.org\",\"@graph\":[{\"@type\":\"Article\",\"@id\":\"https:\/\/portaldoestado.com.br\/index.php\/2025\/08\/17\/thiago-michelasi-brilha-no-to-no-sbt-e-se-consolida-como-revelacao-da-tv-brasileira\/#article\",\"isPartOf\":{\"@id\":\"https:\/\/portaldoestado.com.br\/index.php\/2025\/08\/17\/thiago-michelasi-brilha-no-to-no-sbt-e-se-consolida-como-revelacao-da-tv-brasileira\/\"},\"author\":{\"name\":\"assessoriadefamosos\",\"@id\":\"https:\/\/portaldoestado.com.br\/#\/schema\/person\/5ca0174f3c8c84b59da62ea14b698cb9\"},\"headline\":\"Thiago Michelasi brilha no \u201cT\u00f4 no SBT\u201d e se consolida como revela\u00e7\u00e3o da TV brasileira\",\"datePublished\":\"2025-08-17T19:10:41+00:00\",\"mainEntityOfPage\":{\"@id\":\"https:\/\/portaldoestado.com.br\/index.php\/2025\/08\/17\/thiago-michelasi-brilha-no-to-no-sbt-e-se-consolida-como-revelacao-da-tv-brasileira\/\"},\"wordCount\":318,\"publisher\":{\"@id\":\"https:\/\/portaldoestado.com.br\/#organization\"},\"image\":{\"@id\":\"https:\/\/portaldoestado.com.br\/index.php\/2025\/08\/17\/thiago-michelasi-brilha-no-to-no-sbt-e-se-consolida-como-revelacao-da-tv-brasileira\/#primaryimage\"},\"thumbnailUrl\":\"https:\/\/portaldoestado.com.br\/wp-content\/uploads\/2025\/08\/WhatsApp-Image-2025-08-17-at-16.04.41-e1755457652582.jpeg\",\"articleSection\":[\"Famosos\"],\"inLanguage\":\"pt-BR\"},{\"@type\":\"WebPage\",\"@id\":\"https:\/\/portaldoestado.com.br\/index.php\/2025\/08\/17\/thiago-michelasi-brilha-no-to-no-sbt-e-se-consolida-como-revelacao-da-tv-brasileira\/\",\"url\":\"https:\/\/portaldoestado.com.br\/index.php\/2025\/08\/17\/thiago-michelasi-brilha-no-to-no-sbt-e-se-consolida-como-revelacao-da-tv-brasileira\/\",\"name\":\"Thiago Michelasi brilha no \u201cT\u00f4 no SBT\u201d e se consolida como revela\u00e7\u00e3o da TV brasileira - Portal do Estado\",\"isPartOf\":{\"@id\":\"https:\/\/portaldoestado.com.br\/#website\"},\"primaryImageOfPage\":{\"@id\":\"https:\/\/portaldoestado.com.br\/index.php\/2025\/08\/17\/thiago-michelasi-brilha-no-to-no-sbt-e-se-consolida-como-revelacao-da-tv-brasileira\/#primaryimage\"},\"image\":{\"@id\":\"https:\/\/portaldoestado.com.br\/index.php\/2025\/08\/17\/thiago-michelasi-brilha-no-to-no-sbt-e-se-consolida-como-revelacao-da-tv-brasileira\/#primaryimage\"},\"thumbnailUrl\":\"https:\/\/portaldoestado.com.br\/wp-content\/uploads\/2025\/08\/WhatsApp-Image-2025-08-17-at-16.04.41-e1755457652582.jpeg\",\"datePublished\":\"2025-08-17T19:10:41+00:00\",\"breadcrumb\":{\"@id\":\"https:\/\/portaldoestado.com.br\/index.php\/2025\/08\/17\/thiago-michelasi-brilha-no-to-no-sbt-e-se-consolida-como-revelacao-da-tv-brasileira\/#breadcrumb\"},\"inLanguage\":\"pt-BR\",\"potentialAction\":[{\"@type\":\"ReadAction\",\"target\":[\"https:\/\/portaldoestado.com.br\/index.php\/2025\/08\/17\/thiago-michelasi-brilha-no-to-no-sbt-e-se-consolida-como-revelacao-da-tv-brasileira\/\"]}]},{\"@type\":\"ImageObject\",\"inLanguage\":\"pt-BR\",\"@id\":\"https:\/\/portaldoestado.com.br\/index.php\/2025\/08\/17\/thiago-michelasi-brilha-no-to-no-sbt-e-se-consolida-como-revelacao-da-tv-brasileira\/#primaryimage\",\"url\":\"https:\/\/portaldoestado.com.br\/wp-content\/uploads\/2025\/08\/WhatsApp-Image-2025-08-17-at-16.04.41-e1755457652582.jpeg\",\"contentUrl\":\"https:\/\/portaldoestado.com.br\/wp-content\/uploads\/2025\/08\/WhatsApp-Image-2025-08-17-at-16.04.41-e1755457652582.jpeg\",\"width\":525,\"height\":486},{\"@type\":\"BreadcrumbList\",\"@id\":\"https:\/\/portaldoestado.com.br\/index.php\/2025\/08\/17\/thiago-michelasi-brilha-no-to-no-sbt-e-se-consolida-como-revelacao-da-tv-brasileira\/#breadcrumb\",\"itemListElement\":[{\"@type\":\"ListItem\",\"position\":1,\"name\":\"In\u00edcio\",\"item\":\"https:\/\/portaldoestado.com.br\/\"},{\"@type\":\"ListItem\",\"position\":2,\"name\":\"Thiago Michelasi brilha no \u201cT\u00f4 no SBT\u201d e se consolida como revela\u00e7\u00e3o da TV brasileira\"}]},{\"@type\":\"WebSite\",\"@id\":\"https:\/\/portaldoestado.com.br\/#website\",\"url\":\"https:\/\/portaldoestado.com.br\/\",\"name\":\"Portal do Estado\",\"description\":\"\",\"publisher\":{\"@id\":\"https:\/\/portaldoestado.com.br\/#organization\"},\"potentialAction\":[{\"@type\":\"SearchAction\",\"target\":{\"@type\":\"EntryPoint\",\"urlTemplate\":\"https:\/\/portaldoestado.com.br\/?s={search_term_string}\"},\"query-input\":{\"@type\":\"PropertyValueSpecification\",\"valueRequired\":true,\"valueName\":\"search_term_string\"}}],\"inLanguage\":\"pt-BR\"},{\"@type\":\"Organization\",\"@id\":\"https:\/\/portaldoestado.com.br\/#organization\",\"name\":\"Portal do Estado\",\"url\":\"https:\/\/portaldoestado.com.br\/\",\"logo\":{\"@type\":\"ImageObject\",\"inLanguage\":\"pt-BR\",\"@id\":\"https:\/\/portaldoestado.com.br\/#\/schema\/logo\/image\/\",\"url\":\"https:\/\/portaldoestado.com.br\/wp-content\/uploads\/2025\/04\/cropped-6f69b19a-6472-43bf-b1b3-e1910bbbd4e8.png\",\"contentUrl\":\"https:\/\/portaldoestado.com.br\/wp-content\/uploads\/2025\/04\/cropped-6f69b19a-6472-43bf-b1b3-e1910bbbd4e8.png\",\"width\":1024,\"height\":350,\"caption\":\"Portal do Estado\"},\"image\":{\"@id\":\"https:\/\/portaldoestado.com.br\/#\/schema\/logo\/image\/\"}},{\"@type\":\"Person\",\"@id\":\"https:\/\/portaldoestado.com.br\/#\/schema\/person\/5ca0174f3c8c84b59da62ea14b698cb9\",\"name\":\"assessoriadefamosos\",\"image\":{\"@type\":\"ImageObject\",\"inLanguage\":\"pt-BR\",\"@id\":\"https:\/\/portaldoestado.com.br\/#\/schema\/person\/image\/\",\"url\":\"https:\/\/secure.gravatar.com\/avatar\/a7acbdffcfbbae7240e59f47fe511ec5f5d8c252c779f0b8d9ab02a9e1d8c5ed?s=96&d=mm&r=g\",\"contentUrl\":\"https:\/\/secure.gravatar.com\/avatar\/a7acbdffcfbbae7240e59f47fe511ec5f5d8c252c779f0b8d9ab02a9e1d8c5ed?s=96&d=mm&r=g\",\"caption\":\"assessoriadefamosos\"},\"url\":\"https:\/\/portaldoestado.com.br\/index.php\/author\/assessoriadefamosos\/\"}]}<\/script>\n<!-- \/ Yoast SEO plugin. -->","yoast_head_json":{"title":"Thiago Michelasi brilha no \u201cT\u00f4 no SBT\u201d e se consolida como revela\u00e7\u00e3o da TV brasileira - Portal do Estado","robots":{"index":"index","follow":"follow","max-snippet":"max-snippet:-1","max-image-preview":"max-image-preview:large","max-video-preview":"max-video-preview:-1"},"canonical":"https:\/\/portaldoestado.com.br\/index.php\/2025\/08\/17\/thiago-michelasi-brilha-no-to-no-sbt-e-se-consolida-como-revelacao-da-tv-brasileira\/","og_locale":"pt_BR","og_type":"article","og_title":"Thiago Michelasi brilha no \u201cT\u00f4 no SBT\u201d e se consolida como revela\u00e7\u00e3o da TV brasileira - Portal do Estado","og_description":"Thiago Michelasi vem se firmando como uma das grandes revela\u00e7\u00f5es da televis\u00e3o brasileira. \u00c0 frente do programa \u201cT\u00f4 no SBT\u201d, ele promete transformar as manh\u00e3s de domingo em momentos de informa\u00e7\u00e3o, entretenimento e cultura \u2014 e tem cumprido essa promessa com maestria. Exibido todos os domingos, \u00e0s 9h30, o programa j\u00e1 conquistou espectadores em todo \u2026","og_url":"https:\/\/portaldoestado.com.br\/index.php\/2025\/08\/17\/thiago-michelasi-brilha-no-to-no-sbt-e-se-consolida-como-revelacao-da-tv-brasileira\/","og_site_name":"Portal do Estado","article_published_time":"2025-08-17T19:10:41+00:00","og_image":[{"width":525,"height":486,"url":"https:\/\/portaldoestado.com.br\/wp-content\/uploads\/2025\/08\/WhatsApp-Image-2025-08-17-at-16.04.41-e1755457652582.jpeg","type":"image\/jpeg"}],"author":"assessoriadefamosos","twitter_card":"summary_large_image","twitter_misc":{"Escrito por":"assessoriadefamosos","Est. tempo de leitura":"2 minutos"},"schema":{"@context":"https:\/\/schema.org","@graph":[{"@type":"Article","@id":"https:\/\/portaldoestado.com.br\/index.php\/2025\/08\/17\/thiago-michelasi-brilha-no-to-no-sbt-e-se-consolida-como-revelacao-da-tv-brasileira\/#article","isPartOf":{"@id":"https:\/\/portaldoestado.com.br\/index.php\/2025\/08\/17\/thiago-michelasi-brilha-no-to-no-sbt-e-se-consolida-como-revelacao-da-tv-brasileira\/"},"author":{"name":"assessoriadefamosos","@id":"https:\/\/portaldoestado.com.br\/#\/schema\/person\/5ca0174f3c8c84b59da62ea14b698cb9"},"headline":"Thiago Michelasi brilha no \u201cT\u00f4 no SBT\u201d e se consolida como revela\u00e7\u00e3o da TV brasileira","datePublished":"2025-08-17T19:10:41+00:00","mainEntityOfPage":{"@id":"https:\/\/portaldoestado.com.br\/index.php\/2025\/08\/17\/thiago-michelasi-brilha-no-to-no-sbt-e-se-consolida-como-revelacao-da-tv-brasileira\/"},"wordCount":318,"publisher":{"@id":"https:\/\/portaldoestado.com.br\/#organization"},"image":{"@id":"https:\/\/portaldoestado.com.br\/index.php\/2025\/08\/17\/thiago-michelasi-brilha-no-to-no-sbt-e-se-consolida-como-revelacao-da-tv-brasileira\/#primaryimage"},"thumbnailUrl":"https:\/\/portaldoestado.com.br\/wp-content\/uploads\/2025\/08\/WhatsApp-Image-2025-08-17-at-16.04.41-e1755457652582.jpeg","articleSection":["Famosos"],"inLanguage":"pt-BR"},{"@type":"WebPage","@id":"https:\/\/portaldoestado.com.br\/index.php\/2025\/08\/17\/thiago-michelasi-brilha-no-to-no-sbt-e-se-consolida-como-revelacao-da-tv-brasileira\/","url":"https:\/\/portaldoestado.com.br\/index.php\/2025\/08\/17\/thiago-michelasi-brilha-no-to-no-sbt-e-se-consolida-como-revelacao-da-tv-brasileira\/","name":"Thiago Michelasi brilha no \u201cT\u00f4 no SBT\u201d e se consolida como revela\u00e7\u00e3o da TV brasileira - Portal do Estado","isPartOf":{"@id":"https:\/\/portaldoestado.com.br\/#website"},"primaryImageOfPage":{"@id":"https:\/\/portaldoestado.com.br\/index.php\/2025\/08\/17\/thiago-michelasi-brilha-no-to-no-sbt-e-se-consolida-como-revelacao-da-tv-brasileira\/#primaryimage"},"image":{"@id":"https:\/\/portaldoestado.com.br\/index.php\/2025\/08\/17\/thiago-michelasi-brilha-no-to-no-sbt-e-se-consolida-como-revelacao-da-tv-brasileira\/#primaryimage"},"thumbnailUrl":"https:\/\/portaldoestado.com.br\/wp-content\/uploads\/2025\/08\/WhatsApp-Image-2025-08-17-at-16.04.41-e1755457652582.jpeg","datePublished":"2025-08-17T19:10:41+00:00","breadcrumb":{"@id":"https:\/\/portaldoestado.com.br\/index.php\/2025\/08\/17\/thiago-michelasi-brilha-no-to-no-sbt-e-se-consolida-como-revelacao-da-tv-brasileira\/#breadcrumb"},"inLanguage":"pt-BR","potentialAction":[{"@type":"ReadAction","target":["https:\/\/portaldoestado.com.br\/index.php\/2025\/08\/17\/thiago-michelasi-brilha-no-to-no-sbt-e-se-consolida-como-revelacao-da-tv-brasileira\/"]}]},{"@type":"ImageObject","inLanguage":"pt-BR","@id":"https:\/\/portaldoestado.com.br\/index.php\/2025\/08\/17\/thiago-michelasi-brilha-no-to-no-sbt-e-se-consolida-como-revelacao-da-tv-brasileira\/#primaryimage","url":"https:\/\/portaldoestado.com.br\/wp-content\/uploads\/2025\/08\/WhatsApp-Image-2025-08-17-at-16.04.41-e1755457652582.jpeg","contentUrl":"https:\/\/portaldoestado.com.br\/wp-content\/uploads\/2025\/08\/WhatsApp-Image-2025-08-17-at-16.04.41-e1755457652582.jpeg","width":525,"height":486},{"@type":"BreadcrumbList","@id":"https:\/\/portaldoestado.com.br\/index.php\/2025\/08\/17\/thiago-michelasi-brilha-no-to-no-sbt-e-se-consolida-como-revelacao-da-tv-brasileira\/#breadcrumb","itemListElement":[{"@type":"ListItem","position":1,"name":"In\u00edcio","item":"https:\/\/portaldoestado.com.br\/"},{"@type":"ListItem","position":2,"name":"Thiago Michelasi brilha no \u201cT\u00f4 no SBT\u201d e se consolida como revela\u00e7\u00e3o da TV brasileira"}]},{"@type":"WebSite","@id":"https:\/\/portaldoestado.com.br\/#website","url":"https:\/\/portaldoestado.com.br\/","name":"Portal do Estado","description":"","publisher":{"@id":"https:\/\/portaldoestado.com.br\/#organization"},"potentialAction":[{"@type":"SearchAction","target":{"@type":"EntryPoint","urlTemplate":"https:\/\/portaldoestado.com.br\/?s={search_term_string}"},"query-input":{"@type":"PropertyValueSpecification","valueRequired":true,"valueName":"search_term_string"}}],"inLanguage":"pt-BR"},{"@type":"Organization","@id":"https:\/\/portaldoestado.com.br\/#organization","name":"Portal do Estado","url":"https:\/\/portaldoestado.com.br\/","logo":{"@type":"ImageObject","inLanguage":"pt-BR","@id":"https:\/\/portaldoestado.com.br\/#\/schema\/logo\/image\/","url":"https:\/\/portaldoestado.com.br\/wp-content\/uploads\/2025\/04\/cropped-6f69b19a-6472-43bf-b1b3-e1910bbbd4e8.png","contentUrl":"https:\/\/portaldoestado.com.br\/wp-content\/uploads\/2025\/04\/cropped-6f69b19a-6472-43bf-b1b3-e1910bbbd4e8.png","width":1024,"height":350,"caption":"Portal do Estado"},"image":{"@id":"https:\/\/portaldoestado.com.br\/#\/schema\/logo\/image\/"}},{"@type":"Person","@id":"https:\/\/portaldoestado.com.br\/#\/schema\/person\/5ca0174f3c8c84b59da62ea14b698cb9","name":"assessoriadefamosos","image":{"@type":"ImageObject","inLanguage":"pt-BR","@id":"https:\/\/portaldoestado.com.br\/#\/schema\/person\/image\/","url":"https:\/\/secure.gravatar.com\/avatar\/a7acbdffcfbbae7240e59f47fe511ec5f5d8c252c779f0b8d9ab02a9e1d8c5ed?s=96&d=mm&r=g","contentUrl":"https:\/\/secure.gravatar.com\/avatar\/a7acbdffcfbbae7240e59f47fe511ec5f5d8c252c779f0b8d9ab02a9e1d8c5ed?s=96&d=mm&r=g","caption":"assessoriadefamosos"},"url":"https:\/\/portaldoestado.com.br\/index.php\/author\/assessoriadefamosos\/"}]}},"jetpack_featured_media_url":"https:\/\/portaldoestado.com.br\/wp-content\/uploads\/2025\/08\/WhatsApp-Image-2025-08-17-at-16.04.41-e1755457652582.jpeg","_links":{"self":[{"href":"https:\/\/portaldoestado.com.br\/index.php\/wp-json\/wp\/v2\/posts\/1777","targetHints":{"allow":["GET"]}}],"collection":[{"href":"https:\/\/portaldoestado.com.br\/index.php\/wp-json\/wp\/v2\/posts"}],"about":[{"href":"https:\/\/portaldoestado.com.br\/index.php\/wp-json\/wp\/v2\/types\/post"}],"author":[{"embeddable":true,"href":"https:\/\/portaldoestado.com.br\/index.php\/wp-json\/wp\/v2\/users\/2"}],"replies":[{"embeddable":true,"href":"https:\/\/portaldoestado.com.br\/index.php\/wp-json\/wp\/v2\/comments?post=1777"}],"version-history":[{"count":1,"href":"https:\/\/portaldoestado.com.br\/index.php\/wp-json\/wp\/v2\/posts\/1777\/revisions"}],"predecessor-version":[{"id":1778,"href":"https:\/\/portaldoestado.com.br\/index.php\/wp-json\/wp\/v2\/posts\/1777\/revisions\/1778"}],"wp:featuredmedia":[{"embeddable":true,"href":"https:\/\/portaldoestado.com.br\/index.php\/wp-json\/wp\/v2\/media\/1776"}],"wp:attachment":[{"href":"https:\/\/portaldoestado.com.br\/index.php\/wp-json\/wp\/v2\/media?parent=1777"}],"wp:term":[{"taxonomy":"category","embeddable":true,"href":"https:\/\/portaldoestado.com.br\/index.php\/wp-json\/wp\/v2\/categories?post=1777"},{"taxonomy":"post_tag","embeddable":true,"href":"https:\/\/portaldoestado.com.br\/index.php\/wp-json\/wp\/v2\/tags?post=1777"}],"curies":[{"name":"wp","href":"https:\/\/api.w.org\/{rel}","templated":true}]}}