{"id":1774,"date":"2025-08-17T17:10:45","date_gmt":"2025-08-17T17:10:45","guid":{"rendered":"https:\/\/portaldoestado.com.br\/?p=1774"},"modified":"2025-08-17T17:10:45","modified_gmt":"2025-08-17T17:10:45","slug":"danilo-vascai-a-voz-que-esta-conquistando-o-brasil-com-talento-carisma-e-presenca-de-palco-inesquecivel","status":"publish","type":"post","link":"https:\/\/portaldoestado.com.br\/index.php\/2025\/08\/17\/danilo-vascai-a-voz-que-esta-conquistando-o-brasil-com-talento-carisma-e-presenca-de-palco-inesquecivel\/","title":{"rendered":"Danilo Vascai: a voz que est\u00e1 conquistando o Brasil com talento, carisma e presen\u00e7a de palco inesquec\u00edvel"},"content":{"rendered":"\n<p>Com apenas 29 anos, <strong>Danilo Vascai<\/strong>, natural de Osasco, desponta como uma das maiores revela\u00e7\u00f5es do sertanejo brasileiro. Com uma voz hipnotizante, presen\u00e7a de palco marcante e carisma imposs\u00edvel de ignorar, ele vem conquistando f\u00e3s em todo o interior paulista. Mas \u00e9 em <strong>Porto Ferreira<\/strong>, cidade que considera seu lar, que Danilo se firma como verdadeiro protagonista da cena musical local. Recentemente, em podcast, o cantor revelou que est\u00e1 prestes a lan\u00e7ar uma m\u00fasica que promete <strong>explodir em todo o pa\u00eds<\/strong>, elevando seu nome a novos patamares.<\/p>\n\n\n<!-- wp:heading \"level\":3 -->\n<h3 class=\"wp-block-heading\">Porto Ferreira j\u00e1 tem seu astro<\/h3>\n<!-- \/wp:post-content -->\n\n<!-- wp:paragraph -->\n<p>Danilo n\u00e3o \u00e9 apenas um cantor: \u00e9 <strong>uma experi\u00eancia completa<\/strong>. Seus shows em bares, clubes e casas de eventos transformam qualquer espa\u00e7o em festa. Sua energia contagiante, intera\u00e7\u00e3o genu\u00edna com o p\u00fablico e capacidade de envolver plateias de todas as idades fazem dele o artista mais requisitado da regi\u00e3o. Em festas e quermesses de Porto Ferreira e Tamba\u00fa, sua presen\u00e7a j\u00e1 \u00e9 considerada <strong>essencial<\/strong>.<\/p>\n<!-- \/wp:paragraph -->\n\n<!-- wp:quote -->\n<blockquote class=\"wp-block-quote\"><!-- wp:paragraph -->\n<p>\u201cOs shows de Danilo s\u00e3o inesquec\u00edveis! Ele transforma qualquer lugar em pura divers\u00e3o e energia. \u00c9 imposs\u00edvel n\u00e3o se apaixonar pela forma como ele se entrega no palco\u201d, afirmam f\u00e3s fi\u00e9is.<\/p>\n<!-- \/wp:paragraph --><\/blockquote>\n<!-- \/wp:quote -->\n\n<!-- wp:paragraph -->\n<p>Al\u00e9m de encantar no palco, Danilo mant\u00e9m uma rela\u00e7\u00e3o pr\u00f3xima com seus seguidores, compartilhando bastidores, momentos de rotina e hist\u00f3rias de carreira nas redes sociais. Sua humildade j\u00e1 o levou ao <strong>programa do Ratinho, no SBT<\/strong>, provando que seu talento \u00e9 reconhecido nacionalmente e que o c\u00e9u \u00e9 o limite para este jovem astro.<\/p>\n<!-- \/wp:paragraph -->\n\n<!-- wp:heading \"level\":3 -->\n<h3 class=\"wp-block-heading\">Uma carreira em ascens\u00e3o pelo Brasil<\/h3>\n<!-- \/wp:heading -->\n\n<!-- wp:paragraph -->\n<p>O sucesso de Danilo se reflete em uma agenda intensa que segue at\u00e9 dezembro de 2025. Ele j\u00e1 marcou presen\u00e7a em <strong>Fortaleza, Porto Seguro, Gramado<\/strong> e diversas cidades do estado de S\u00e3o Paulo. Para este ano, j\u00e1 est\u00e3o confirmados grandes shows em <strong>Salvador e Rio de Janeiro<\/strong>, al\u00e9m de participa\u00e7\u00f5es especiais em cruzeiros que prometem experi\u00eancias memor\u00e1veis para os f\u00e3s.<\/p>\n<!-- \/wp:paragraph -->\n\n<!-- wp:paragraph -->\n<p>Cada apresenta\u00e7\u00e3o de Danilo \u00e9 <strong>\u00fanica e inesquec\u00edvel<\/strong>, resultado de sua versatilidade musical, presen\u00e7a de palco e carisma inconfund\u00edvel. Essa combina\u00e7\u00e3o o torna um dos nomes mais promissores do sertanejo contempor\u00e2neo, capaz de conquistar qualquer p\u00fablico.<\/p>\n<!-- \/wp:paragraph -->\n\n<!-- wp:heading \"level\":3 -->\n<h3 class=\"wp-block-heading\">Como acompanhar e contratar Danilo Vascai<\/h3>\n<!-- \/wp:heading -->\n\n<!-- wp:paragraph -->\n<p>Para contratar o cantor, a <strong>Michelasi Produ\u00e7\u00f5es<\/strong> \u00e9 o canal oficial de contato: <strong>(11) 99876-1088<\/strong>. Para acompanhar sua carreira e n\u00e3o perder nenhuma novidade, acesse o Instagram <strong><a class=\"\" href=\"https:\/\/www.instagram.com\/danilovascai\">@danilovascai<\/a><\/strong>, onde ele compartilha momentos de shows, bastidores e a rotina de um artista em ascens\u00e3o.<\/p>\n<!-- \/wp:paragraph -->\n\n<!-- wp:paragraph -->\n<p>Com talento, dedica\u00e7\u00e3o e proximidade genu\u00edna com o p\u00fablico, <strong>Danilo Vascai<\/strong> segue conquistando o Brasil. Apoiado por Porto Ferreira e por uma legi\u00e3o crescente de f\u00e3s, ele est\u00e1 pronto para <strong>novos desafios e para se tornar um dos grandes nomes da m\u00fasica nacional<\/strong>.<\/p>\n<!-- \/wp:paragraph -->","protected":false},"excerpt":{"rendered":"<p>Com apenas 29 anos, Danilo Vascai, natural de Osasco, desponta como uma das maiores revela\u00e7\u00f5es do sertanejo brasileiro. Com uma voz hipnotizante, presen\u00e7a de palco marcante e carisma imposs\u00edvel de ignorar, ele vem conquistando f\u00e3s em todo o interior paulista. Mas \u00e9 em Porto Ferreira, cidade que considera seu lar, que Danilo se firma como \u2026<\/p>\n","protected":false},"author":2,"featured_media":1773,"comment_status":"closed","ping_status":"open","sticky":false,"template":"","format":"standard","meta":{"footnotes":""},"categories":[3],"tags":[],"class_list":["post-1774","post","type-post","status-publish","format-standard","has-post-thumbnail","hentry","category-famosos"],"yoast_head":"<!-- This site is optimized with the Yoast SEO plugin v25.5 - https:\/\/yoast.com\/wordpress\/plugins\/seo\/ -->\n<title>Danilo Vascai: a voz que est\u00e1 conquistando o Brasil com talento, carisma e presen\u00e7a de palco inesquec\u00edvel - Portal do Estado<\/title>\n<meta name=\"robots\" content=\"index, follow, max-snippet:-1, max-image-preview:large, max-video-preview:-1\" \/>\n<link rel=\"canonical\" href=\"https:\/\/portaldoestado.com.br\/index.php\/2025\/08\/17\/danilo-vascai-a-voz-que-esta-conquistando-o-brasil-com-talento-carisma-e-presenca-de-palco-inesquecivel\/\" \/>\n<meta property=\"og:locale\" content=\"pt_BR\" \/>\n<meta property=\"og:type\" content=\"article\" \/>\n<meta property=\"og:title\" content=\"Danilo Vascai: a voz que est\u00e1 conquistando o Brasil com talento, carisma e presen\u00e7a de palco inesquec\u00edvel - Portal do Estado\" \/>\n<meta property=\"og:description\" content=\"Com apenas 29 anos, Danilo Vascai, natural de Osasco, desponta como uma das maiores revela\u00e7\u00f5es do sertanejo brasileiro. Com uma voz hipnotizante, presen\u00e7a de palco marcante e carisma imposs\u00edvel de ignorar, ele vem conquistando f\u00e3s em todo o interior paulista. Mas \u00e9 em Porto Ferreira, cidade que considera seu lar, que Danilo se firma como \u2026\" \/>\n<meta property=\"og:url\" content=\"https:\/\/portaldoestado.com.br\/index.php\/2025\/08\/17\/danilo-vascai-a-voz-que-esta-conquistando-o-brasil-com-talento-carisma-e-presenca-de-palco-inesquecivel\/\" \/>\n<meta property=\"og:site_name\" content=\"Portal do Estado\" \/>\n<meta property=\"article:published_time\" content=\"2025-08-17T17:10:45+00:00\" \/>\n<meta property=\"og:image\" content=\"https:\/\/portaldoestado.com.br\/wp-content\/uploads\/2025\/08\/WhatsApp-Image-2025-08-17-at-13.59.21-e1755450197762.jpeg\" \/>\n\t<meta property=\"og:image:width\" content=\"1185\" \/>\n\t<meta property=\"og:image:height\" content=\"783\" \/>\n\t<meta property=\"og:image:type\" content=\"image\/jpeg\" \/>\n<meta name=\"author\" content=\"assessoriadefamosos\" \/>\n<meta name=\"twitter:card\" content=\"summary_large_image\" \/>\n<meta name=\"twitter:label1\" content=\"Escrito por\" \/>\n\t<meta name=\"twitter:data1\" content=\"assessoriadefamosos\" \/>\n\t<meta name=\"twitter:label2\" content=\"Est. tempo de leitura\" \/>\n\t<meta name=\"twitter:data2\" content=\"2 minutos\" \/>\n<script type=\"application\/ld+json\" class=\"yoast-schema-graph\">{\"@context\":\"https:\/\/schema.org\",\"@graph\":[{\"@type\":\"Article\",\"@id\":\"https:\/\/portaldoestado.com.br\/index.php\/2025\/08\/17\/danilo-vascai-a-voz-que-esta-conquistando-o-brasil-com-talento-carisma-e-presenca-de-palco-inesquecivel\/#article\",\"isPartOf\":{\"@id\":\"https:\/\/portaldoestado.com.br\/index.php\/2025\/08\/17\/danilo-vascai-a-voz-que-esta-conquistando-o-brasil-com-talento-carisma-e-presenca-de-palco-inesquecivel\/\"},\"author\":{\"name\":\"assessoriadefamosos\",\"@id\":\"https:\/\/portaldoestado.com.br\/#\/schema\/person\/5ca0174f3c8c84b59da62ea14b698cb9\"},\"headline\":\"Danilo Vascai: a voz que est\u00e1 conquistando o Brasil com talento, carisma e presen\u00e7a de palco inesquec\u00edvel\",\"datePublished\":\"2025-08-17T17:10:45+00:00\",\"mainEntityOfPage\":{\"@id\":\"https:\/\/portaldoestado.com.br\/index.php\/2025\/08\/17\/danilo-vascai-a-voz-que-esta-conquistando-o-brasil-com-talento-carisma-e-presenca-de-palco-inesquecivel\/\"},\"wordCount\":496,\"publisher\":{\"@id\":\"https:\/\/portaldoestado.com.br\/#organization\"},\"image\":{\"@id\":\"https:\/\/portaldoestado.com.br\/index.php\/2025\/08\/17\/danilo-vascai-a-voz-que-esta-conquistando-o-brasil-com-talento-carisma-e-presenca-de-palco-inesquecivel\/#primaryimage\"},\"thumbnailUrl\":\"https:\/\/portaldoestado.com.br\/wp-content\/uploads\/2025\/08\/WhatsApp-Image-2025-08-17-at-13.59.21-e1755450197762.jpeg\",\"articleSection\":[\"Famosos\"],\"inLanguage\":\"pt-BR\"},{\"@type\":\"WebPage\",\"@id\":\"https:\/\/portaldoestado.com.br\/index.php\/2025\/08\/17\/danilo-vascai-a-voz-que-esta-conquistando-o-brasil-com-talento-carisma-e-presenca-de-palco-inesquecivel\/\",\"url\":\"https:\/\/portaldoestado.com.br\/index.php\/2025\/08\/17\/danilo-vascai-a-voz-que-esta-conquistando-o-brasil-com-talento-carisma-e-presenca-de-palco-inesquecivel\/\",\"name\":\"Danilo Vascai: a voz que est\u00e1 conquistando o Brasil com talento, carisma e presen\u00e7a de palco inesquec\u00edvel - Portal do Estado\",\"isPartOf\":{\"@id\":\"https:\/\/portaldoestado.com.br\/#website\"},\"primaryImageOfPage\":{\"@id\":\"https:\/\/portaldoestado.com.br\/index.php\/2025\/08\/17\/danilo-vascai-a-voz-que-esta-conquistando-o-brasil-com-talento-carisma-e-presenca-de-palco-inesquecivel\/#primaryimage\"},\"image\":{\"@id\":\"https:\/\/portaldoestado.com.br\/index.php\/2025\/08\/17\/danilo-vascai-a-voz-que-esta-conquistando-o-brasil-com-talento-carisma-e-presenca-de-palco-inesquecivel\/#primaryimage\"},\"thumbnailUrl\":\"https:\/\/portaldoestado.com.br\/wp-content\/uploads\/2025\/08\/WhatsApp-Image-2025-08-17-at-13.59.21-e1755450197762.jpeg\",\"datePublished\":\"2025-08-17T17:10:45+00:00\",\"breadcrumb\":{\"@id\":\"https:\/\/portaldoestado.com.br\/index.php\/2025\/08\/17\/danilo-vascai-a-voz-que-esta-conquistando-o-brasil-com-talento-carisma-e-presenca-de-palco-inesquecivel\/#breadcrumb\"},\"inLanguage\":\"pt-BR\",\"potentialAction\":[{\"@type\":\"ReadAction\",\"target\":[\"https:\/\/portaldoestado.com.br\/index.php\/2025\/08\/17\/danilo-vascai-a-voz-que-esta-conquistando-o-brasil-com-talento-carisma-e-presenca-de-palco-inesquecivel\/\"]}]},{\"@type\":\"ImageObject\",\"inLanguage\":\"pt-BR\",\"@id\":\"https:\/\/portaldoestado.com.br\/index.php\/2025\/08\/17\/danilo-vascai-a-voz-que-esta-conquistando-o-brasil-com-talento-carisma-e-presenca-de-palco-inesquecivel\/#primaryimage\",\"url\":\"https:\/\/portaldoestado.com.br\/wp-content\/uploads\/2025\/08\/WhatsApp-Image-2025-08-17-at-13.59.21-e1755450197762.jpeg\",\"contentUrl\":\"https:\/\/portaldoestado.com.br\/wp-content\/uploads\/2025\/08\/WhatsApp-Image-2025-08-17-at-13.59.21-e1755450197762.jpeg\",\"width\":1185,\"height\":783},{\"@type\":\"BreadcrumbList\",\"@id\":\"https:\/\/portaldoestado.com.br\/index.php\/2025\/08\/17\/danilo-vascai-a-voz-que-esta-conquistando-o-brasil-com-talento-carisma-e-presenca-de-palco-inesquecivel\/#breadcrumb\",\"itemListElement\":[{\"@type\":\"ListItem\",\"position\":1,\"name\":\"In\u00edcio\",\"item\":\"https:\/\/portaldoestado.com.br\/\"},{\"@type\":\"ListItem\",\"position\":2,\"name\":\"Danilo Vascai: a voz que est\u00e1 conquistando o Brasil com talento, carisma e presen\u00e7a de palco inesquec\u00edvel\"}]},{\"@type\":\"WebSite\",\"@id\":\"https:\/\/portaldoestado.com.br\/#website\",\"url\":\"https:\/\/portaldoestado.com.br\/\",\"name\":\"Portal do Estado\",\"description\":\"\",\"publisher\":{\"@id\":\"https:\/\/portaldoestado.com.br\/#organization\"},\"potentialAction\":[{\"@type\":\"SearchAction\",\"target\":{\"@type\":\"EntryPoint\",\"urlTemplate\":\"https:\/\/portaldoestado.com.br\/?s={search_term_string}\"},\"query-input\":{\"@type\":\"PropertyValueSpecification\",\"valueRequired\":true,\"valueName\":\"search_term_string\"}}],\"inLanguage\":\"pt-BR\"},{\"@type\":\"Organization\",\"@id\":\"https:\/\/portaldoestado.com.br\/#organization\",\"name\":\"Portal do Estado\",\"url\":\"https:\/\/portaldoestado.com.br\/\",\"logo\":{\"@type\":\"ImageObject\",\"inLanguage\":\"pt-BR\",\"@id\":\"https:\/\/portaldoestado.com.br\/#\/schema\/logo\/image\/\",\"url\":\"https:\/\/portaldoestado.com.br\/wp-content\/uploads\/2025\/04\/cropped-6f69b19a-6472-43bf-b1b3-e1910bbbd4e8.png\",\"contentUrl\":\"https:\/\/portaldoestado.com.br\/wp-content\/uploads\/2025\/04\/cropped-6f69b19a-6472-43bf-b1b3-e1910bbbd4e8.png\",\"width\":1024,\"height\":350,\"caption\":\"Portal do Estado\"},\"image\":{\"@id\":\"https:\/\/portaldoestado.com.br\/#\/schema\/logo\/image\/\"}},{\"@type\":\"Person\",\"@id\":\"https:\/\/portaldoestado.com.br\/#\/schema\/person\/5ca0174f3c8c84b59da62ea14b698cb9\",\"name\":\"assessoriadefamosos\",\"image\":{\"@type\":\"ImageObject\",\"inLanguage\":\"pt-BR\",\"@id\":\"https:\/\/portaldoestado.com.br\/#\/schema\/person\/image\/\",\"url\":\"https:\/\/secure.gravatar.com\/avatar\/a7acbdffcfbbae7240e59f47fe511ec5f5d8c252c779f0b8d9ab02a9e1d8c5ed?s=96&d=mm&r=g\",\"contentUrl\":\"https:\/\/secure.gravatar.com\/avatar\/a7acbdffcfbbae7240e59f47fe511ec5f5d8c252c779f0b8d9ab02a9e1d8c5ed?s=96&d=mm&r=g\",\"caption\":\"assessoriadefamosos\"},\"url\":\"https:\/\/portaldoestado.com.br\/index.php\/author\/assessoriadefamosos\/\"}]}<\/script>\n<!-- \/ Yoast SEO plugin. -->","yoast_head_json":{"title":"Danilo Vascai: a voz que est\u00e1 conquistando o Brasil com talento, carisma e presen\u00e7a de palco inesquec\u00edvel - Portal do Estado","robots":{"index":"index","follow":"follow","max-snippet":"max-snippet:-1","max-image-preview":"max-image-preview:large","max-video-preview":"max-video-preview:-1"},"canonical":"https:\/\/portaldoestado.com.br\/index.php\/2025\/08\/17\/danilo-vascai-a-voz-que-esta-conquistando-o-brasil-com-talento-carisma-e-presenca-de-palco-inesquecivel\/","og_locale":"pt_BR","og_type":"article","og_title":"Danilo Vascai: a voz que est\u00e1 conquistando o Brasil com talento, carisma e presen\u00e7a de palco inesquec\u00edvel - Portal do Estado","og_description":"Com apenas 29 anos, Danilo Vascai, natural de Osasco, desponta como uma das maiores revela\u00e7\u00f5es do sertanejo brasileiro. Com uma voz hipnotizante, presen\u00e7a de palco marcante e carisma imposs\u00edvel de ignorar, ele vem conquistando f\u00e3s em todo o interior paulista. Mas \u00e9 em Porto Ferreira, cidade que considera seu lar, que Danilo se firma como \u2026","og_url":"https:\/\/portaldoestado.com.br\/index.php\/2025\/08\/17\/danilo-vascai-a-voz-que-esta-conquistando-o-brasil-com-talento-carisma-e-presenca-de-palco-inesquecivel\/","og_site_name":"Portal do Estado","article_published_time":"2025-08-17T17:10:45+00:00","og_image":[{"width":1185,"height":783,"url":"https:\/\/portaldoestado.com.br\/wp-content\/uploads\/2025\/08\/WhatsApp-Image-2025-08-17-at-13.59.21-e1755450197762.jpeg","type":"image\/jpeg"}],"author":"assessoriadefamosos","twitter_card":"summary_large_image","twitter_misc":{"Escrito por":"assessoriadefamosos","Est. tempo de leitura":"2 minutos"},"schema":{"@context":"https:\/\/schema.org","@graph":[{"@type":"Article","@id":"https:\/\/portaldoestado.com.br\/index.php\/2025\/08\/17\/danilo-vascai-a-voz-que-esta-conquistando-o-brasil-com-talento-carisma-e-presenca-de-palco-inesquecivel\/#article","isPartOf":{"@id":"https:\/\/portaldoestado.com.br\/index.php\/2025\/08\/17\/danilo-vascai-a-voz-que-esta-conquistando-o-brasil-com-talento-carisma-e-presenca-de-palco-inesquecivel\/"},"author":{"name":"assessoriadefamosos","@id":"https:\/\/portaldoestado.com.br\/#\/schema\/person\/5ca0174f3c8c84b59da62ea14b698cb9"},"headline":"Danilo Vascai: a voz que est\u00e1 conquistando o Brasil com talento, carisma e presen\u00e7a de palco inesquec\u00edvel","datePublished":"2025-08-17T17:10:45+00:00","mainEntityOfPage":{"@id":"https:\/\/portaldoestado.com.br\/index.php\/2025\/08\/17\/danilo-vascai-a-voz-que-esta-conquistando-o-brasil-com-talento-carisma-e-presenca-de-palco-inesquecivel\/"},"wordCount":496,"publisher":{"@id":"https:\/\/portaldoestado.com.br\/#organization"},"image":{"@id":"https:\/\/portaldoestado.com.br\/index.php\/2025\/08\/17\/danilo-vascai-a-voz-que-esta-conquistando-o-brasil-com-talento-carisma-e-presenca-de-palco-inesquecivel\/#primaryimage"},"thumbnailUrl":"https:\/\/portaldoestado.com.br\/wp-content\/uploads\/2025\/08\/WhatsApp-Image-2025-08-17-at-13.59.21-e1755450197762.jpeg","articleSection":["Famosos"],"inLanguage":"pt-BR"},{"@type":"WebPage","@id":"https:\/\/portaldoestado.com.br\/index.php\/2025\/08\/17\/danilo-vascai-a-voz-que-esta-conquistando-o-brasil-com-talento-carisma-e-presenca-de-palco-inesquecivel\/","url":"https:\/\/portaldoestado.com.br\/index.php\/2025\/08\/17\/danilo-vascai-a-voz-que-esta-conquistando-o-brasil-com-talento-carisma-e-presenca-de-palco-inesquecivel\/","name":"Danilo Vascai: a voz que est\u00e1 conquistando o Brasil com talento, carisma e presen\u00e7a de palco inesquec\u00edvel - Portal do Estado","isPartOf":{"@id":"https:\/\/portaldoestado.com.br\/#website"},"primaryImageOfPage":{"@id":"https:\/\/portaldoestado.com.br\/index.php\/2025\/08\/17\/danilo-vascai-a-voz-que-esta-conquistando-o-brasil-com-talento-carisma-e-presenca-de-palco-inesquecivel\/#primaryimage"},"image":{"@id":"https:\/\/portaldoestado.com.br\/index.php\/2025\/08\/17\/danilo-vascai-a-voz-que-esta-conquistando-o-brasil-com-talento-carisma-e-presenca-de-palco-inesquecivel\/#primaryimage"},"thumbnailUrl":"https:\/\/portaldoestado.com.br\/wp-content\/uploads\/2025\/08\/WhatsApp-Image-2025-08-17-at-13.59.21-e1755450197762.jpeg","datePublished":"2025-08-17T17:10:45+00:00","breadcrumb":{"@id":"https:\/\/portaldoestado.com.br\/index.php\/2025\/08\/17\/danilo-vascai-a-voz-que-esta-conquistando-o-brasil-com-talento-carisma-e-presenca-de-palco-inesquecivel\/#breadcrumb"},"inLanguage":"pt-BR","potentialAction":[{"@type":"ReadAction","target":["https:\/\/portaldoestado.com.br\/index.php\/2025\/08\/17\/danilo-vascai-a-voz-que-esta-conquistando-o-brasil-com-talento-carisma-e-presenca-de-palco-inesquecivel\/"]}]},{"@type":"ImageObject","inLanguage":"pt-BR","@id":"https:\/\/portaldoestado.com.br\/index.php\/2025\/08\/17\/danilo-vascai-a-voz-que-esta-conquistando-o-brasil-com-talento-carisma-e-presenca-de-palco-inesquecivel\/#primaryimage","url":"https:\/\/portaldoestado.com.br\/wp-content\/uploads\/2025\/08\/WhatsApp-Image-2025-08-17-at-13.59.21-e1755450197762.jpeg","contentUrl":"https:\/\/portaldoestado.com.br\/wp-content\/uploads\/2025\/08\/WhatsApp-Image-2025-08-17-at-13.59.21-e1755450197762.jpeg","width":1185,"height":783},{"@type":"BreadcrumbList","@id":"https:\/\/portaldoestado.com.br\/index.php\/2025\/08\/17\/danilo-vascai-a-voz-que-esta-conquistando-o-brasil-com-talento-carisma-e-presenca-de-palco-inesquecivel\/#breadcrumb","itemListElement":[{"@type":"ListItem","position":1,"name":"In\u00edcio","item":"https:\/\/portaldoestado.com.br\/"},{"@type":"ListItem","position":2,"name":"Danilo Vascai: a voz que est\u00e1 conquistando o Brasil com talento, carisma e presen\u00e7a de palco inesquec\u00edvel"}]},{"@type":"WebSite","@id":"https:\/\/portaldoestado.com.br\/#website","url":"https:\/\/portaldoestado.com.br\/","name":"Portal do Estado","description":"","publisher":{"@id":"https:\/\/portaldoestado.com.br\/#organization"},"potentialAction":[{"@type":"SearchAction","target":{"@type":"EntryPoint","urlTemplate":"https:\/\/portaldoestado.com.br\/?s={search_term_string}"},"query-input":{"@type":"PropertyValueSpecification","valueRequired":true,"valueName":"search_term_string"}}],"inLanguage":"pt-BR"},{"@type":"Organization","@id":"https:\/\/portaldoestado.com.br\/#organization","name":"Portal do Estado","url":"https:\/\/portaldoestado.com.br\/","logo":{"@type":"ImageObject","inLanguage":"pt-BR","@id":"https:\/\/portaldoestado.com.br\/#\/schema\/logo\/image\/","url":"https:\/\/portaldoestado.com.br\/wp-content\/uploads\/2025\/04\/cropped-6f69b19a-6472-43bf-b1b3-e1910bbbd4e8.png","contentUrl":"https:\/\/portaldoestado.com.br\/wp-content\/uploads\/2025\/04\/cropped-6f69b19a-6472-43bf-b1b3-e1910bbbd4e8.png","width":1024,"height":350,"caption":"Portal do Estado"},"image":{"@id":"https:\/\/portaldoestado.com.br\/#\/schema\/logo\/image\/"}},{"@type":"Person","@id":"https:\/\/portaldoestado.com.br\/#\/schema\/person\/5ca0174f3c8c84b59da62ea14b698cb9","name":"assessoriadefamosos","image":{"@type":"ImageObject","inLanguage":"pt-BR","@id":"https:\/\/portaldoestado.com.br\/#\/schema\/person\/image\/","url":"https:\/\/secure.gravatar.com\/avatar\/a7acbdffcfbbae7240e59f47fe511ec5f5d8c252c779f0b8d9ab02a9e1d8c5ed?s=96&d=mm&r=g","contentUrl":"https:\/\/secure.gravatar.com\/avatar\/a7acbdffcfbbae7240e59f47fe511ec5f5d8c252c779f0b8d9ab02a9e1d8c5ed?s=96&d=mm&r=g","caption":"assessoriadefamosos"},"url":"https:\/\/portaldoestado.com.br\/index.php\/author\/assessoriadefamosos\/"}]}},"jetpack_featured_media_url":"https:\/\/portaldoestado.com.br\/wp-content\/uploads\/2025\/08\/WhatsApp-Image-2025-08-17-at-13.59.21-e1755450197762.jpeg","_links":{"self":[{"href":"https:\/\/portaldoestado.com.br\/index.php\/wp-json\/wp\/v2\/posts\/1774","targetHints":{"allow":["GET"]}}],"collection":[{"href":"https:\/\/portaldoestado.com.br\/index.php\/wp-json\/wp\/v2\/posts"}],"about":[{"href":"https:\/\/portaldoestado.com.br\/index.php\/wp-json\/wp\/v2\/types\/post"}],"author":[{"embeddable":true,"href":"https:\/\/portaldoestado.com.br\/index.php\/wp-json\/wp\/v2\/users\/2"}],"replies":[{"embeddable":true,"href":"https:\/\/portaldoestado.com.br\/index.php\/wp-json\/wp\/v2\/comments?post=1774"}],"version-history":[{"count":1,"href":"https:\/\/portaldoestado.com.br\/index.php\/wp-json\/wp\/v2\/posts\/1774\/revisions"}],"predecessor-version":[{"id":1775,"href":"https:\/\/portaldoestado.com.br\/index.php\/wp-json\/wp\/v2\/posts\/1774\/revisions\/1775"}],"wp:featuredmedia":[{"embeddable":true,"href":"https:\/\/portaldoestado.com.br\/index.php\/wp-json\/wp\/v2\/media\/1773"}],"wp:attachment":[{"href":"https:\/\/portaldoestado.com.br\/index.php\/wp-json\/wp\/v2\/media?parent=1774"}],"wp:term":[{"taxonomy":"category","embeddable":true,"href":"https:\/\/portaldoestado.com.br\/index.php\/wp-json\/wp\/v2\/categories?post=1774"},{"taxonomy":"post_tag","embeddable":true,"href":"https:\/\/portaldoestado.com.br\/index.php\/wp-json\/wp\/v2\/tags?post=1774"}],"curies":[{"name":"wp","href":"https:\/\/api.w.org\/{rel}","templated":true}]}}