{"id":1768,"date":"2025-08-17T15:51:56","date_gmt":"2025-08-17T15:51:56","guid":{"rendered":"https:\/\/portaldoestado.com.br\/?p=1768"},"modified":"2025-08-17T15:51:56","modified_gmt":"2025-08-17T15:51:56","slug":"audiencia-de-custodia-mantem-prisao-de-hytalo-santos-e-israel-nata-vicente","status":"publish","type":"post","link":"https:\/\/portaldoestado.com.br\/index.php\/2025\/08\/17\/audiencia-de-custodia-mantem-prisao-de-hytalo-santos-e-israel-nata-vicente\/","title":{"rendered":"Audi\u00eancia de Cust\u00f3dia Mant\u00e9m Pris\u00e3o de Hytalo Santos e Israel Nata Vicente"},"content":{"rendered":"\n<p>Neste s\u00e1bado (16\/8), Hytalo Santos e seu esposo, Israel Nata Vicente, tiveram suas pris\u00f5es confirmadas durante audi\u00eancia de cust\u00f3dia realizada por videoconfer\u00eancia na Comarca de Osasco, em S\u00e3o Paulo. A sess\u00e3o foi presidida pelo juiz Paulo Ricardo Cursino de Moura e ocorreu por volta das 11h, sem que fossem constatadas irregularidades no cumprimento dos mandados.<\/p>\n\n\n\n<p>Durante a audi\u00eancia, a defesa do casal solicitou a revoga\u00e7\u00e3o das pris\u00f5es, pedido que acabou sendo indeferido pelo magistrado. Ele esclareceu que tais quest\u00f5es devem ser analisadas pelo ju\u00edzo que originalmente decretou as pris\u00f5es.<\/p>\n\n\n\n<p>O relat\u00f3rio da sess\u00e3o informa que ambos os autuados tiveram direito a entrevista privada com o advogado Dr. Ricardo Mamoru Ueno, que esteve presente pessoalmente na Cadeia P\u00fablica de Carapicu\u00edba. Todo o procedimento seguiu rigorosamente as normas legais, atendendo \u00e0 determina\u00e7\u00e3o do Supremo Tribunal Federal, que exige a realiza\u00e7\u00e3o de audi\u00eancia de cust\u00f3dia para qualquer modalidade de pris\u00e3o, seja tempor\u00e1ria, preventiva ou definitiva.<\/p>\n\n\n\n<p>O juiz ressaltou que n\u00e3o foram identificadas irregularidades no processo e que todas as manifesta\u00e7\u00f5es, declara\u00e7\u00f5es e ocorr\u00eancias durante a audi\u00eancia foram registradas em \u00e1udio e v\u00eddeo, assegurando total transpar\u00eancia. Com isso, as pris\u00f5es foram mantidas, e o casal ser\u00e1 transferido para a Para\u00edba conforme determina\u00e7\u00e3o do ju\u00edzo de origem.<\/p>\n","protected":false},"excerpt":{"rendered":"<p>Neste s\u00e1bado (16\/8), Hytalo Santos e seu esposo, Israel Nata Vicente, tiveram suas pris\u00f5es confirmadas durante audi\u00eancia de cust\u00f3dia realizada por videoconfer\u00eancia na Comarca de Osasco, em S\u00e3o Paulo. A sess\u00e3o foi presidida pelo juiz Paulo Ricardo Cursino de Moura e ocorreu por volta das 11h, sem que fossem constatadas irregularidades no cumprimento dos mandados. \u2026<\/p>\n","protected":false},"author":2,"featured_media":1767,"comment_status":"closed","ping_status":"open","sticky":false,"template":"","format":"standard","meta":{"footnotes":""},"categories":[3],"tags":[],"class_list":["post-1768","post","type-post","status-publish","format-standard","has-post-thumbnail","hentry","category-famosos"],"yoast_head":"<!-- This site is optimized with the Yoast SEO plugin v25.5 - https:\/\/yoast.com\/wordpress\/plugins\/seo\/ -->\n<title>Audi\u00eancia de Cust\u00f3dia Mant\u00e9m Pris\u00e3o de Hytalo Santos e Israel Nata Vicente - Portal do Estado<\/title>\n<meta name=\"robots\" content=\"index, follow, max-snippet:-1, max-image-preview:large, max-video-preview:-1\" \/>\n<link rel=\"canonical\" href=\"https:\/\/portaldoestado.com.br\/index.php\/2025\/08\/17\/audiencia-de-custodia-mantem-prisao-de-hytalo-santos-e-israel-nata-vicente\/\" \/>\n<meta property=\"og:locale\" content=\"pt_BR\" \/>\n<meta property=\"og:type\" content=\"article\" \/>\n<meta property=\"og:title\" content=\"Audi\u00eancia de Cust\u00f3dia Mant\u00e9m Pris\u00e3o de Hytalo Santos e Israel Nata Vicente - Portal do Estado\" \/>\n<meta property=\"og:description\" content=\"Neste s\u00e1bado (16\/8), Hytalo Santos e seu esposo, Israel Nata Vicente, tiveram suas pris\u00f5es confirmadas durante audi\u00eancia de cust\u00f3dia realizada por videoconfer\u00eancia na Comarca de Osasco, em S\u00e3o Paulo. A sess\u00e3o foi presidida pelo juiz Paulo Ricardo Cursino de Moura e ocorreu por volta das 11h, sem que fossem constatadas irregularidades no cumprimento dos mandados. \u2026\" \/>\n<meta property=\"og:url\" content=\"https:\/\/portaldoestado.com.br\/index.php\/2025\/08\/17\/audiencia-de-custodia-mantem-prisao-de-hytalo-santos-e-israel-nata-vicente\/\" \/>\n<meta property=\"og:site_name\" content=\"Portal do Estado\" \/>\n<meta property=\"article:published_time\" content=\"2025-08-17T15:51:56+00:00\" \/>\n<meta property=\"og:image\" content=\"https:\/\/portaldoestado.com.br\/wp-content\/uploads\/2025\/08\/WhatsApp-Image-2025-08-15-at-11.47.16.jpeg\" \/>\n\t<meta property=\"og:image:width\" content=\"1200\" \/>\n\t<meta property=\"og:image:height\" content=\"900\" \/>\n\t<meta property=\"og:image:type\" content=\"image\/jpeg\" \/>\n<meta name=\"author\" content=\"assessoriadefamosos\" \/>\n<meta name=\"twitter:card\" content=\"summary_large_image\" \/>\n<meta name=\"twitter:label1\" content=\"Escrito por\" \/>\n\t<meta name=\"twitter:data1\" content=\"assessoriadefamosos\" \/>\n\t<meta name=\"twitter:label2\" content=\"Est. tempo de leitura\" \/>\n\t<meta name=\"twitter:data2\" content=\"1 minuto\" \/>\n<script type=\"application\/ld+json\" class=\"yoast-schema-graph\">{\"@context\":\"https:\/\/schema.org\",\"@graph\":[{\"@type\":\"Article\",\"@id\":\"https:\/\/portaldoestado.com.br\/index.php\/2025\/08\/17\/audiencia-de-custodia-mantem-prisao-de-hytalo-santos-e-israel-nata-vicente\/#article\",\"isPartOf\":{\"@id\":\"https:\/\/portaldoestado.com.br\/index.php\/2025\/08\/17\/audiencia-de-custodia-mantem-prisao-de-hytalo-santos-e-israel-nata-vicente\/\"},\"author\":{\"name\":\"assessoriadefamosos\",\"@id\":\"https:\/\/portaldoestado.com.br\/#\/schema\/person\/5ca0174f3c8c84b59da62ea14b698cb9\"},\"headline\":\"Audi\u00eancia de Cust\u00f3dia Mant\u00e9m Pris\u00e3o de Hytalo Santos e Israel Nata Vicente\",\"datePublished\":\"2025-08-17T15:51:56+00:00\",\"mainEntityOfPage\":{\"@id\":\"https:\/\/portaldoestado.com.br\/index.php\/2025\/08\/17\/audiencia-de-custodia-mantem-prisao-de-hytalo-santos-e-israel-nata-vicente\/\"},\"wordCount\":250,\"publisher\":{\"@id\":\"https:\/\/portaldoestado.com.br\/#organization\"},\"image\":{\"@id\":\"https:\/\/portaldoestado.com.br\/index.php\/2025\/08\/17\/audiencia-de-custodia-mantem-prisao-de-hytalo-santos-e-israel-nata-vicente\/#primaryimage\"},\"thumbnailUrl\":\"https:\/\/portaldoestado.com.br\/wp-content\/uploads\/2025\/08\/WhatsApp-Image-2025-08-15-at-11.47.16.jpeg\",\"articleSection\":[\"Famosos\"],\"inLanguage\":\"pt-BR\"},{\"@type\":\"WebPage\",\"@id\":\"https:\/\/portaldoestado.com.br\/index.php\/2025\/08\/17\/audiencia-de-custodia-mantem-prisao-de-hytalo-santos-e-israel-nata-vicente\/\",\"url\":\"https:\/\/portaldoestado.com.br\/index.php\/2025\/08\/17\/audiencia-de-custodia-mantem-prisao-de-hytalo-santos-e-israel-nata-vicente\/\",\"name\":\"Audi\u00eancia de Cust\u00f3dia Mant\u00e9m Pris\u00e3o de Hytalo Santos e Israel Nata Vicente - Portal do Estado\",\"isPartOf\":{\"@id\":\"https:\/\/portaldoestado.com.br\/#website\"},\"primaryImageOfPage\":{\"@id\":\"https:\/\/portaldoestado.com.br\/index.php\/2025\/08\/17\/audiencia-de-custodia-mantem-prisao-de-hytalo-santos-e-israel-nata-vicente\/#primaryimage\"},\"image\":{\"@id\":\"https:\/\/portaldoestado.com.br\/index.php\/2025\/08\/17\/audiencia-de-custodia-mantem-prisao-de-hytalo-santos-e-israel-nata-vicente\/#primaryimage\"},\"thumbnailUrl\":\"https:\/\/portaldoestado.com.br\/wp-content\/uploads\/2025\/08\/WhatsApp-Image-2025-08-15-at-11.47.16.jpeg\",\"datePublished\":\"2025-08-17T15:51:56+00:00\",\"breadcrumb\":{\"@id\":\"https:\/\/portaldoestado.com.br\/index.php\/2025\/08\/17\/audiencia-de-custodia-mantem-prisao-de-hytalo-santos-e-israel-nata-vicente\/#breadcrumb\"},\"inLanguage\":\"pt-BR\",\"potentialAction\":[{\"@type\":\"ReadAction\",\"target\":[\"https:\/\/portaldoestado.com.br\/index.php\/2025\/08\/17\/audiencia-de-custodia-mantem-prisao-de-hytalo-santos-e-israel-nata-vicente\/\"]}]},{\"@type\":\"ImageObject\",\"inLanguage\":\"pt-BR\",\"@id\":\"https:\/\/portaldoestado.com.br\/index.php\/2025\/08\/17\/audiencia-de-custodia-mantem-prisao-de-hytalo-santos-e-israel-nata-vicente\/#primaryimage\",\"url\":\"https:\/\/portaldoestado.com.br\/wp-content\/uploads\/2025\/08\/WhatsApp-Image-2025-08-15-at-11.47.16.jpeg\",\"contentUrl\":\"https:\/\/portaldoestado.com.br\/wp-content\/uploads\/2025\/08\/WhatsApp-Image-2025-08-15-at-11.47.16.jpeg\",\"width\":1200,\"height\":900},{\"@type\":\"BreadcrumbList\",\"@id\":\"https:\/\/portaldoestado.com.br\/index.php\/2025\/08\/17\/audiencia-de-custodia-mantem-prisao-de-hytalo-santos-e-israel-nata-vicente\/#breadcrumb\",\"itemListElement\":[{\"@type\":\"ListItem\",\"position\":1,\"name\":\"In\u00edcio\",\"item\":\"https:\/\/portaldoestado.com.br\/\"},{\"@type\":\"ListItem\",\"position\":2,\"name\":\"Audi\u00eancia de Cust\u00f3dia Mant\u00e9m Pris\u00e3o de Hytalo Santos e Israel Nata Vicente\"}]},{\"@type\":\"WebSite\",\"@id\":\"https:\/\/portaldoestado.com.br\/#website\",\"url\":\"https:\/\/portaldoestado.com.br\/\",\"name\":\"Portal do Estado\",\"description\":\"\",\"publisher\":{\"@id\":\"https:\/\/portaldoestado.com.br\/#organization\"},\"potentialAction\":[{\"@type\":\"SearchAction\",\"target\":{\"@type\":\"EntryPoint\",\"urlTemplate\":\"https:\/\/portaldoestado.com.br\/?s={search_term_string}\"},\"query-input\":{\"@type\":\"PropertyValueSpecification\",\"valueRequired\":true,\"valueName\":\"search_term_string\"}}],\"inLanguage\":\"pt-BR\"},{\"@type\":\"Organization\",\"@id\":\"https:\/\/portaldoestado.com.br\/#organization\",\"name\":\"Portal do Estado\",\"url\":\"https:\/\/portaldoestado.com.br\/\",\"logo\":{\"@type\":\"ImageObject\",\"inLanguage\":\"pt-BR\",\"@id\":\"https:\/\/portaldoestado.com.br\/#\/schema\/logo\/image\/\",\"url\":\"https:\/\/portaldoestado.com.br\/wp-content\/uploads\/2025\/04\/cropped-6f69b19a-6472-43bf-b1b3-e1910bbbd4e8.png\",\"contentUrl\":\"https:\/\/portaldoestado.com.br\/wp-content\/uploads\/2025\/04\/cropped-6f69b19a-6472-43bf-b1b3-e1910bbbd4e8.png\",\"width\":1024,\"height\":350,\"caption\":\"Portal do Estado\"},\"image\":{\"@id\":\"https:\/\/portaldoestado.com.br\/#\/schema\/logo\/image\/\"}},{\"@type\":\"Person\",\"@id\":\"https:\/\/portaldoestado.com.br\/#\/schema\/person\/5ca0174f3c8c84b59da62ea14b698cb9\",\"name\":\"assessoriadefamosos\",\"image\":{\"@type\":\"ImageObject\",\"inLanguage\":\"pt-BR\",\"@id\":\"https:\/\/portaldoestado.com.br\/#\/schema\/person\/image\/\",\"url\":\"https:\/\/secure.gravatar.com\/avatar\/a7acbdffcfbbae7240e59f47fe511ec5f5d8c252c779f0b8d9ab02a9e1d8c5ed?s=96&d=mm&r=g\",\"contentUrl\":\"https:\/\/secure.gravatar.com\/avatar\/a7acbdffcfbbae7240e59f47fe511ec5f5d8c252c779f0b8d9ab02a9e1d8c5ed?s=96&d=mm&r=g\",\"caption\":\"assessoriadefamosos\"},\"url\":\"https:\/\/portaldoestado.com.br\/index.php\/author\/assessoriadefamosos\/\"}]}<\/script>\n<!-- \/ Yoast SEO plugin. -->","yoast_head_json":{"title":"Audi\u00eancia de Cust\u00f3dia Mant\u00e9m Pris\u00e3o de Hytalo Santos e Israel Nata Vicente - Portal do Estado","robots":{"index":"index","follow":"follow","max-snippet":"max-snippet:-1","max-image-preview":"max-image-preview:large","max-video-preview":"max-video-preview:-1"},"canonical":"https:\/\/portaldoestado.com.br\/index.php\/2025\/08\/17\/audiencia-de-custodia-mantem-prisao-de-hytalo-santos-e-israel-nata-vicente\/","og_locale":"pt_BR","og_type":"article","og_title":"Audi\u00eancia de Cust\u00f3dia Mant\u00e9m Pris\u00e3o de Hytalo Santos e Israel Nata Vicente - Portal do Estado","og_description":"Neste s\u00e1bado (16\/8), Hytalo Santos e seu esposo, Israel Nata Vicente, tiveram suas pris\u00f5es confirmadas durante audi\u00eancia de cust\u00f3dia realizada por videoconfer\u00eancia na Comarca de Osasco, em S\u00e3o Paulo. A sess\u00e3o foi presidida pelo juiz Paulo Ricardo Cursino de Moura e ocorreu por volta das 11h, sem que fossem constatadas irregularidades no cumprimento dos mandados. \u2026","og_url":"https:\/\/portaldoestado.com.br\/index.php\/2025\/08\/17\/audiencia-de-custodia-mantem-prisao-de-hytalo-santos-e-israel-nata-vicente\/","og_site_name":"Portal do Estado","article_published_time":"2025-08-17T15:51:56+00:00","og_image":[{"width":1200,"height":900,"url":"https:\/\/portaldoestado.com.br\/wp-content\/uploads\/2025\/08\/WhatsApp-Image-2025-08-15-at-11.47.16.jpeg","type":"image\/jpeg"}],"author":"assessoriadefamosos","twitter_card":"summary_large_image","twitter_misc":{"Escrito por":"assessoriadefamosos","Est. tempo de leitura":"1 minuto"},"schema":{"@context":"https:\/\/schema.org","@graph":[{"@type":"Article","@id":"https:\/\/portaldoestado.com.br\/index.php\/2025\/08\/17\/audiencia-de-custodia-mantem-prisao-de-hytalo-santos-e-israel-nata-vicente\/#article","isPartOf":{"@id":"https:\/\/portaldoestado.com.br\/index.php\/2025\/08\/17\/audiencia-de-custodia-mantem-prisao-de-hytalo-santos-e-israel-nata-vicente\/"},"author":{"name":"assessoriadefamosos","@id":"https:\/\/portaldoestado.com.br\/#\/schema\/person\/5ca0174f3c8c84b59da62ea14b698cb9"},"headline":"Audi\u00eancia de Cust\u00f3dia Mant\u00e9m Pris\u00e3o de Hytalo Santos e Israel Nata Vicente","datePublished":"2025-08-17T15:51:56+00:00","mainEntityOfPage":{"@id":"https:\/\/portaldoestado.com.br\/index.php\/2025\/08\/17\/audiencia-de-custodia-mantem-prisao-de-hytalo-santos-e-israel-nata-vicente\/"},"wordCount":250,"publisher":{"@id":"https:\/\/portaldoestado.com.br\/#organization"},"image":{"@id":"https:\/\/portaldoestado.com.br\/index.php\/2025\/08\/17\/audiencia-de-custodia-mantem-prisao-de-hytalo-santos-e-israel-nata-vicente\/#primaryimage"},"thumbnailUrl":"https:\/\/portaldoestado.com.br\/wp-content\/uploads\/2025\/08\/WhatsApp-Image-2025-08-15-at-11.47.16.jpeg","articleSection":["Famosos"],"inLanguage":"pt-BR"},{"@type":"WebPage","@id":"https:\/\/portaldoestado.com.br\/index.php\/2025\/08\/17\/audiencia-de-custodia-mantem-prisao-de-hytalo-santos-e-israel-nata-vicente\/","url":"https:\/\/portaldoestado.com.br\/index.php\/2025\/08\/17\/audiencia-de-custodia-mantem-prisao-de-hytalo-santos-e-israel-nata-vicente\/","name":"Audi\u00eancia de Cust\u00f3dia Mant\u00e9m Pris\u00e3o de Hytalo Santos e Israel Nata Vicente - Portal do Estado","isPartOf":{"@id":"https:\/\/portaldoestado.com.br\/#website"},"primaryImageOfPage":{"@id":"https:\/\/portaldoestado.com.br\/index.php\/2025\/08\/17\/audiencia-de-custodia-mantem-prisao-de-hytalo-santos-e-israel-nata-vicente\/#primaryimage"},"image":{"@id":"https:\/\/portaldoestado.com.br\/index.php\/2025\/08\/17\/audiencia-de-custodia-mantem-prisao-de-hytalo-santos-e-israel-nata-vicente\/#primaryimage"},"thumbnailUrl":"https:\/\/portaldoestado.com.br\/wp-content\/uploads\/2025\/08\/WhatsApp-Image-2025-08-15-at-11.47.16.jpeg","datePublished":"2025-08-17T15:51:56+00:00","breadcrumb":{"@id":"https:\/\/portaldoestado.com.br\/index.php\/2025\/08\/17\/audiencia-de-custodia-mantem-prisao-de-hytalo-santos-e-israel-nata-vicente\/#breadcrumb"},"inLanguage":"pt-BR","potentialAction":[{"@type":"ReadAction","target":["https:\/\/portaldoestado.com.br\/index.php\/2025\/08\/17\/audiencia-de-custodia-mantem-prisao-de-hytalo-santos-e-israel-nata-vicente\/"]}]},{"@type":"ImageObject","inLanguage":"pt-BR","@id":"https:\/\/portaldoestado.com.br\/index.php\/2025\/08\/17\/audiencia-de-custodia-mantem-prisao-de-hytalo-santos-e-israel-nata-vicente\/#primaryimage","url":"https:\/\/portaldoestado.com.br\/wp-content\/uploads\/2025\/08\/WhatsApp-Image-2025-08-15-at-11.47.16.jpeg","contentUrl":"https:\/\/portaldoestado.com.br\/wp-content\/uploads\/2025\/08\/WhatsApp-Image-2025-08-15-at-11.47.16.jpeg","width":1200,"height":900},{"@type":"BreadcrumbList","@id":"https:\/\/portaldoestado.com.br\/index.php\/2025\/08\/17\/audiencia-de-custodia-mantem-prisao-de-hytalo-santos-e-israel-nata-vicente\/#breadcrumb","itemListElement":[{"@type":"ListItem","position":1,"name":"In\u00edcio","item":"https:\/\/portaldoestado.com.br\/"},{"@type":"ListItem","position":2,"name":"Audi\u00eancia de Cust\u00f3dia Mant\u00e9m Pris\u00e3o de Hytalo Santos e Israel Nata Vicente"}]},{"@type":"WebSite","@id":"https:\/\/portaldoestado.com.br\/#website","url":"https:\/\/portaldoestado.com.br\/","name":"Portal do Estado","description":"","publisher":{"@id":"https:\/\/portaldoestado.com.br\/#organization"},"potentialAction":[{"@type":"SearchAction","target":{"@type":"EntryPoint","urlTemplate":"https:\/\/portaldoestado.com.br\/?s={search_term_string}"},"query-input":{"@type":"PropertyValueSpecification","valueRequired":true,"valueName":"search_term_string"}}],"inLanguage":"pt-BR"},{"@type":"Organization","@id":"https:\/\/portaldoestado.com.br\/#organization","name":"Portal do Estado","url":"https:\/\/portaldoestado.com.br\/","logo":{"@type":"ImageObject","inLanguage":"pt-BR","@id":"https:\/\/portaldoestado.com.br\/#\/schema\/logo\/image\/","url":"https:\/\/portaldoestado.com.br\/wp-content\/uploads\/2025\/04\/cropped-6f69b19a-6472-43bf-b1b3-e1910bbbd4e8.png","contentUrl":"https:\/\/portaldoestado.com.br\/wp-content\/uploads\/2025\/04\/cropped-6f69b19a-6472-43bf-b1b3-e1910bbbd4e8.png","width":1024,"height":350,"caption":"Portal do Estado"},"image":{"@id":"https:\/\/portaldoestado.com.br\/#\/schema\/logo\/image\/"}},{"@type":"Person","@id":"https:\/\/portaldoestado.com.br\/#\/schema\/person\/5ca0174f3c8c84b59da62ea14b698cb9","name":"assessoriadefamosos","image":{"@type":"ImageObject","inLanguage":"pt-BR","@id":"https:\/\/portaldoestado.com.br\/#\/schema\/person\/image\/","url":"https:\/\/secure.gravatar.com\/avatar\/a7acbdffcfbbae7240e59f47fe511ec5f5d8c252c779f0b8d9ab02a9e1d8c5ed?s=96&d=mm&r=g","contentUrl":"https:\/\/secure.gravatar.com\/avatar\/a7acbdffcfbbae7240e59f47fe511ec5f5d8c252c779f0b8d9ab02a9e1d8c5ed?s=96&d=mm&r=g","caption":"assessoriadefamosos"},"url":"https:\/\/portaldoestado.com.br\/index.php\/author\/assessoriadefamosos\/"}]}},"jetpack_featured_media_url":"https:\/\/portaldoestado.com.br\/wp-content\/uploads\/2025\/08\/WhatsApp-Image-2025-08-15-at-11.47.16.jpeg","_links":{"self":[{"href":"https:\/\/portaldoestado.com.br\/index.php\/wp-json\/wp\/v2\/posts\/1768","targetHints":{"allow":["GET"]}}],"collection":[{"href":"https:\/\/portaldoestado.com.br\/index.php\/wp-json\/wp\/v2\/posts"}],"about":[{"href":"https:\/\/portaldoestado.com.br\/index.php\/wp-json\/wp\/v2\/types\/post"}],"author":[{"embeddable":true,"href":"https:\/\/portaldoestado.com.br\/index.php\/wp-json\/wp\/v2\/users\/2"}],"replies":[{"embeddable":true,"href":"https:\/\/portaldoestado.com.br\/index.php\/wp-json\/wp\/v2\/comments?post=1768"}],"version-history":[{"count":1,"href":"https:\/\/portaldoestado.com.br\/index.php\/wp-json\/wp\/v2\/posts\/1768\/revisions"}],"predecessor-version":[{"id":1769,"href":"https:\/\/portaldoestado.com.br\/index.php\/wp-json\/wp\/v2\/posts\/1768\/revisions\/1769"}],"wp:featuredmedia":[{"embeddable":true,"href":"https:\/\/portaldoestado.com.br\/index.php\/wp-json\/wp\/v2\/media\/1767"}],"wp:attachment":[{"href":"https:\/\/portaldoestado.com.br\/index.php\/wp-json\/wp\/v2\/media?parent=1768"}],"wp:term":[{"taxonomy":"category","embeddable":true,"href":"https:\/\/portaldoestado.com.br\/index.php\/wp-json\/wp\/v2\/categories?post=1768"},{"taxonomy":"post_tag","embeddable":true,"href":"https:\/\/portaldoestado.com.br\/index.php\/wp-json\/wp\/v2\/tags?post=1768"}],"curies":[{"name":"wp","href":"https:\/\/api.w.org\/{rel}","templated":true}]}}