{"id":1765,"date":"2025-08-17T15:42:34","date_gmt":"2025-08-17T15:42:34","guid":{"rendered":"https:\/\/portaldoestado.com.br\/?p=1765"},"modified":"2025-08-17T15:42:34","modified_gmt":"2025-08-17T15:42:34","slug":"carlinhos-maia-aproveita-repercussao-de-caso-de-hytalo-santos-para-chamar-atencao-a-ilha-de-marajo","status":"publish","type":"post","link":"https:\/\/portaldoestado.com.br\/index.php\/2025\/08\/17\/carlinhos-maia-aproveita-repercussao-de-caso-de-hytalo-santos-para-chamar-atencao-a-ilha-de-marajo\/","title":{"rendered":"Carlinhos Maia aproveita repercuss\u00e3o de caso de Hytalo Santos para chamar aten\u00e7\u00e3o \u00e0 Ilha de Maraj\u00f3"},"content":{"rendered":"\n<p>Neste domingo (17\/8), o influenciador <strong>Carlinhos Maia<\/strong> usou suas redes sociais para comentar a pris\u00e3o do colega <strong>Hytalo Santos<\/strong>, aproveitando o momento de repercuss\u00e3o para destacar uma causa que, segundo ele, demanda ainda mais urg\u00eancia: a situa\u00e7\u00e3o da <strong>Ilha de Maraj\u00f3<\/strong>, no Par\u00e1. Carlinhos apontou que a regi\u00e3o enfrenta problemas graves e recorrentes, como explora\u00e7\u00e3o sexual e tr\u00e1fico de pessoas, quest\u00f5es que muitas vezes passam despercebidas pela sociedade e pelas autoridades.<\/p>\n\n\n\n<p>\u201cQuero aproveitar a aten\u00e7\u00e3o que voc\u00eas est\u00e3o dando a este caso para direcionar o olhar tamb\u00e9m \u00e0 Ilha de Maraj\u00f3. \u00c9 l\u00e1 que precisamos de fiscaliza\u00e7\u00e3o e mobiliza\u00e7\u00e3o com a mesma intensidade\u201d, afirmou o humorista. Ele ressaltou que a indigna\u00e7\u00e3o do p\u00fablico costuma ser passageira: \u201cH\u00e1 barulho, surgem memes, text\u00f5es, mas a realidade segue, e muitos j\u00e1 v\u00eam denunciando h\u00e1 anos sem que haja mudan\u00e7as efetivas.\u201d<\/p>\n\n\n\n<p>O influenciador pediu que o engajamento em torno do caso Hytalo se transforme em aten\u00e7\u00e3o cont\u00ednua a problemas estruturais mais s\u00e9rios: \u201cN\u00e3o deixem essa revolta ser moment\u00e2nea. Direcionem a mesma energia para algo que \u00e9, de fato, tr\u00e1fico humano acontecendo \u00e0 vista de todos h\u00e1 anos.\u201d<\/p>\n\n\n\n<p>Carlinhos tamb\u00e9m enfatizou a necessidade de a\u00e7\u00f5es preventivas e de conscientiza\u00e7\u00e3o social: \u201cN\u00e3o basta apenas punir quem explora ou grava crian\u00e7as. \u00c9 fundamental observar a educa\u00e7\u00e3o, os conte\u00fados consumidos, a forma como os pais e comunidades interagem com os jovens e at\u00e9 mesmo a m\u00fasica e mensagens que chegam a eles diariamente.\u201d<\/p>\n\n\n\n<p>Por fim, ele refor\u00e7ou que a discuss\u00e3o precisa ir al\u00e9m de casos isolados, envolvendo pol\u00edticas p\u00fablicas e o engajamento de toda a sociedade na prote\u00e7\u00e3o de crian\u00e7as e adolescentes em situa\u00e7\u00e3o de vulnerabilidade.<\/p>\n","protected":false},"excerpt":{"rendered":"<p>Neste domingo (17\/8), o influenciador Carlinhos Maia usou suas redes sociais para comentar a pris\u00e3o do colega Hytalo Santos, aproveitando o momento de repercuss\u00e3o para destacar uma causa que, segundo ele, demanda ainda mais urg\u00eancia: a situa\u00e7\u00e3o da Ilha de Maraj\u00f3, no Par\u00e1. Carlinhos apontou que a regi\u00e3o enfrenta problemas graves e recorrentes, como explora\u00e7\u00e3o \u2026<\/p>\n","protected":false},"author":2,"featured_media":1764,"comment_status":"closed","ping_status":"open","sticky":false,"template":"","format":"standard","meta":{"footnotes":""},"categories":[3],"tags":[],"class_list":["post-1765","post","type-post","status-publish","format-standard","has-post-thumbnail","hentry","category-famosos"],"yoast_head":"<!-- This site is optimized with the Yoast SEO plugin v25.5 - https:\/\/yoast.com\/wordpress\/plugins\/seo\/ -->\n<title>Carlinhos Maia aproveita repercuss\u00e3o de caso de Hytalo Santos para chamar aten\u00e7\u00e3o \u00e0 Ilha de Maraj\u00f3 - Portal do Estado<\/title>\n<meta name=\"robots\" content=\"index, follow, max-snippet:-1, max-image-preview:large, max-video-preview:-1\" \/>\n<link rel=\"canonical\" href=\"https:\/\/portaldoestado.com.br\/index.php\/2025\/08\/17\/carlinhos-maia-aproveita-repercussao-de-caso-de-hytalo-santos-para-chamar-atencao-a-ilha-de-marajo\/\" \/>\n<meta property=\"og:locale\" content=\"pt_BR\" \/>\n<meta property=\"og:type\" content=\"article\" \/>\n<meta property=\"og:title\" content=\"Carlinhos Maia aproveita repercuss\u00e3o de caso de Hytalo Santos para chamar aten\u00e7\u00e3o \u00e0 Ilha de Maraj\u00f3 - Portal do Estado\" \/>\n<meta property=\"og:description\" content=\"Neste domingo (17\/8), o influenciador Carlinhos Maia usou suas redes sociais para comentar a pris\u00e3o do colega Hytalo Santos, aproveitando o momento de repercuss\u00e3o para destacar uma causa que, segundo ele, demanda ainda mais urg\u00eancia: a situa\u00e7\u00e3o da Ilha de Maraj\u00f3, no Par\u00e1. Carlinhos apontou que a regi\u00e3o enfrenta problemas graves e recorrentes, como explora\u00e7\u00e3o \u2026\" \/>\n<meta property=\"og:url\" content=\"https:\/\/portaldoestado.com.br\/index.php\/2025\/08\/17\/carlinhos-maia-aproveita-repercussao-de-caso-de-hytalo-santos-para-chamar-atencao-a-ilha-de-marajo\/\" \/>\n<meta property=\"og:site_name\" content=\"Portal do Estado\" \/>\n<meta property=\"article:published_time\" content=\"2025-08-17T15:42:34+00:00\" \/>\n<meta property=\"og:image\" content=\"https:\/\/portaldoestado.com.br\/wp-content\/uploads\/2025\/08\/padrao-leo-2025-08-17T114318.862-615x461-1.jpg\" \/>\n\t<meta property=\"og:image:width\" content=\"615\" \/>\n\t<meta property=\"og:image:height\" content=\"461\" \/>\n\t<meta property=\"og:image:type\" content=\"image\/jpeg\" \/>\n<meta name=\"author\" content=\"assessoriadefamosos\" \/>\n<meta name=\"twitter:card\" content=\"summary_large_image\" \/>\n<meta name=\"twitter:label1\" content=\"Escrito por\" \/>\n\t<meta name=\"twitter:data1\" content=\"assessoriadefamosos\" \/>\n\t<meta name=\"twitter:label2\" content=\"Est. tempo de leitura\" \/>\n\t<meta name=\"twitter:data2\" content=\"2 minutos\" \/>\n<script type=\"application\/ld+json\" class=\"yoast-schema-graph\">{\"@context\":\"https:\/\/schema.org\",\"@graph\":[{\"@type\":\"Article\",\"@id\":\"https:\/\/portaldoestado.com.br\/index.php\/2025\/08\/17\/carlinhos-maia-aproveita-repercussao-de-caso-de-hytalo-santos-para-chamar-atencao-a-ilha-de-marajo\/#article\",\"isPartOf\":{\"@id\":\"https:\/\/portaldoestado.com.br\/index.php\/2025\/08\/17\/carlinhos-maia-aproveita-repercussao-de-caso-de-hytalo-santos-para-chamar-atencao-a-ilha-de-marajo\/\"},\"author\":{\"name\":\"assessoriadefamosos\",\"@id\":\"https:\/\/portaldoestado.com.br\/#\/schema\/person\/5ca0174f3c8c84b59da62ea14b698cb9\"},\"headline\":\"Carlinhos Maia aproveita repercuss\u00e3o de caso de Hytalo Santos para chamar aten\u00e7\u00e3o \u00e0 Ilha de Maraj\u00f3\",\"datePublished\":\"2025-08-17T15:42:34+00:00\",\"mainEntityOfPage\":{\"@id\":\"https:\/\/portaldoestado.com.br\/index.php\/2025\/08\/17\/carlinhos-maia-aproveita-repercussao-de-caso-de-hytalo-santos-para-chamar-atencao-a-ilha-de-marajo\/\"},\"wordCount\":320,\"publisher\":{\"@id\":\"https:\/\/portaldoestado.com.br\/#organization\"},\"image\":{\"@id\":\"https:\/\/portaldoestado.com.br\/index.php\/2025\/08\/17\/carlinhos-maia-aproveita-repercussao-de-caso-de-hytalo-santos-para-chamar-atencao-a-ilha-de-marajo\/#primaryimage\"},\"thumbnailUrl\":\"https:\/\/portaldoestado.com.br\/wp-content\/uploads\/2025\/08\/padrao-leo-2025-08-17T114318.862-615x461-1.jpg\",\"articleSection\":[\"Famosos\"],\"inLanguage\":\"pt-BR\"},{\"@type\":\"WebPage\",\"@id\":\"https:\/\/portaldoestado.com.br\/index.php\/2025\/08\/17\/carlinhos-maia-aproveita-repercussao-de-caso-de-hytalo-santos-para-chamar-atencao-a-ilha-de-marajo\/\",\"url\":\"https:\/\/portaldoestado.com.br\/index.php\/2025\/08\/17\/carlinhos-maia-aproveita-repercussao-de-caso-de-hytalo-santos-para-chamar-atencao-a-ilha-de-marajo\/\",\"name\":\"Carlinhos Maia aproveita repercuss\u00e3o de caso de Hytalo Santos para chamar aten\u00e7\u00e3o \u00e0 Ilha de Maraj\u00f3 - Portal do Estado\",\"isPartOf\":{\"@id\":\"https:\/\/portaldoestado.com.br\/#website\"},\"primaryImageOfPage\":{\"@id\":\"https:\/\/portaldoestado.com.br\/index.php\/2025\/08\/17\/carlinhos-maia-aproveita-repercussao-de-caso-de-hytalo-santos-para-chamar-atencao-a-ilha-de-marajo\/#primaryimage\"},\"image\":{\"@id\":\"https:\/\/portaldoestado.com.br\/index.php\/2025\/08\/17\/carlinhos-maia-aproveita-repercussao-de-caso-de-hytalo-santos-para-chamar-atencao-a-ilha-de-marajo\/#primaryimage\"},\"thumbnailUrl\":\"https:\/\/portaldoestado.com.br\/wp-content\/uploads\/2025\/08\/padrao-leo-2025-08-17T114318.862-615x461-1.jpg\",\"datePublished\":\"2025-08-17T15:42:34+00:00\",\"breadcrumb\":{\"@id\":\"https:\/\/portaldoestado.com.br\/index.php\/2025\/08\/17\/carlinhos-maia-aproveita-repercussao-de-caso-de-hytalo-santos-para-chamar-atencao-a-ilha-de-marajo\/#breadcrumb\"},\"inLanguage\":\"pt-BR\",\"potentialAction\":[{\"@type\":\"ReadAction\",\"target\":[\"https:\/\/portaldoestado.com.br\/index.php\/2025\/08\/17\/carlinhos-maia-aproveita-repercussao-de-caso-de-hytalo-santos-para-chamar-atencao-a-ilha-de-marajo\/\"]}]},{\"@type\":\"ImageObject\",\"inLanguage\":\"pt-BR\",\"@id\":\"https:\/\/portaldoestado.com.br\/index.php\/2025\/08\/17\/carlinhos-maia-aproveita-repercussao-de-caso-de-hytalo-santos-para-chamar-atencao-a-ilha-de-marajo\/#primaryimage\",\"url\":\"https:\/\/portaldoestado.com.br\/wp-content\/uploads\/2025\/08\/padrao-leo-2025-08-17T114318.862-615x461-1.jpg\",\"contentUrl\":\"https:\/\/portaldoestado.com.br\/wp-content\/uploads\/2025\/08\/padrao-leo-2025-08-17T114318.862-615x461-1.jpg\",\"width\":615,\"height\":461},{\"@type\":\"BreadcrumbList\",\"@id\":\"https:\/\/portaldoestado.com.br\/index.php\/2025\/08\/17\/carlinhos-maia-aproveita-repercussao-de-caso-de-hytalo-santos-para-chamar-atencao-a-ilha-de-marajo\/#breadcrumb\",\"itemListElement\":[{\"@type\":\"ListItem\",\"position\":1,\"name\":\"In\u00edcio\",\"item\":\"https:\/\/portaldoestado.com.br\/\"},{\"@type\":\"ListItem\",\"position\":2,\"name\":\"Carlinhos Maia aproveita repercuss\u00e3o de caso de Hytalo Santos para chamar aten\u00e7\u00e3o \u00e0 Ilha de Maraj\u00f3\"}]},{\"@type\":\"WebSite\",\"@id\":\"https:\/\/portaldoestado.com.br\/#website\",\"url\":\"https:\/\/portaldoestado.com.br\/\",\"name\":\"Portal do Estado\",\"description\":\"\",\"publisher\":{\"@id\":\"https:\/\/portaldoestado.com.br\/#organization\"},\"potentialAction\":[{\"@type\":\"SearchAction\",\"target\":{\"@type\":\"EntryPoint\",\"urlTemplate\":\"https:\/\/portaldoestado.com.br\/?s={search_term_string}\"},\"query-input\":{\"@type\":\"PropertyValueSpecification\",\"valueRequired\":true,\"valueName\":\"search_term_string\"}}],\"inLanguage\":\"pt-BR\"},{\"@type\":\"Organization\",\"@id\":\"https:\/\/portaldoestado.com.br\/#organization\",\"name\":\"Portal do Estado\",\"url\":\"https:\/\/portaldoestado.com.br\/\",\"logo\":{\"@type\":\"ImageObject\",\"inLanguage\":\"pt-BR\",\"@id\":\"https:\/\/portaldoestado.com.br\/#\/schema\/logo\/image\/\",\"url\":\"https:\/\/portaldoestado.com.br\/wp-content\/uploads\/2025\/04\/cropped-6f69b19a-6472-43bf-b1b3-e1910bbbd4e8.png\",\"contentUrl\":\"https:\/\/portaldoestado.com.br\/wp-content\/uploads\/2025\/04\/cropped-6f69b19a-6472-43bf-b1b3-e1910bbbd4e8.png\",\"width\":1024,\"height\":350,\"caption\":\"Portal do Estado\"},\"image\":{\"@id\":\"https:\/\/portaldoestado.com.br\/#\/schema\/logo\/image\/\"}},{\"@type\":\"Person\",\"@id\":\"https:\/\/portaldoestado.com.br\/#\/schema\/person\/5ca0174f3c8c84b59da62ea14b698cb9\",\"name\":\"assessoriadefamosos\",\"image\":{\"@type\":\"ImageObject\",\"inLanguage\":\"pt-BR\",\"@id\":\"https:\/\/portaldoestado.com.br\/#\/schema\/person\/image\/\",\"url\":\"https:\/\/secure.gravatar.com\/avatar\/a7acbdffcfbbae7240e59f47fe511ec5f5d8c252c779f0b8d9ab02a9e1d8c5ed?s=96&d=mm&r=g\",\"contentUrl\":\"https:\/\/secure.gravatar.com\/avatar\/a7acbdffcfbbae7240e59f47fe511ec5f5d8c252c779f0b8d9ab02a9e1d8c5ed?s=96&d=mm&r=g\",\"caption\":\"assessoriadefamosos\"},\"url\":\"https:\/\/portaldoestado.com.br\/index.php\/author\/assessoriadefamosos\/\"}]}<\/script>\n<!-- \/ Yoast SEO plugin. -->","yoast_head_json":{"title":"Carlinhos Maia aproveita repercuss\u00e3o de caso de Hytalo Santos para chamar aten\u00e7\u00e3o \u00e0 Ilha de Maraj\u00f3 - Portal do Estado","robots":{"index":"index","follow":"follow","max-snippet":"max-snippet:-1","max-image-preview":"max-image-preview:large","max-video-preview":"max-video-preview:-1"},"canonical":"https:\/\/portaldoestado.com.br\/index.php\/2025\/08\/17\/carlinhos-maia-aproveita-repercussao-de-caso-de-hytalo-santos-para-chamar-atencao-a-ilha-de-marajo\/","og_locale":"pt_BR","og_type":"article","og_title":"Carlinhos Maia aproveita repercuss\u00e3o de caso de Hytalo Santos para chamar aten\u00e7\u00e3o \u00e0 Ilha de Maraj\u00f3 - Portal do Estado","og_description":"Neste domingo (17\/8), o influenciador Carlinhos Maia usou suas redes sociais para comentar a pris\u00e3o do colega Hytalo Santos, aproveitando o momento de repercuss\u00e3o para destacar uma causa que, segundo ele, demanda ainda mais urg\u00eancia: a situa\u00e7\u00e3o da Ilha de Maraj\u00f3, no Par\u00e1. Carlinhos apontou que a regi\u00e3o enfrenta problemas graves e recorrentes, como explora\u00e7\u00e3o \u2026","og_url":"https:\/\/portaldoestado.com.br\/index.php\/2025\/08\/17\/carlinhos-maia-aproveita-repercussao-de-caso-de-hytalo-santos-para-chamar-atencao-a-ilha-de-marajo\/","og_site_name":"Portal do Estado","article_published_time":"2025-08-17T15:42:34+00:00","og_image":[{"width":615,"height":461,"url":"https:\/\/portaldoestado.com.br\/wp-content\/uploads\/2025\/08\/padrao-leo-2025-08-17T114318.862-615x461-1.jpg","type":"image\/jpeg"}],"author":"assessoriadefamosos","twitter_card":"summary_large_image","twitter_misc":{"Escrito por":"assessoriadefamosos","Est. tempo de leitura":"2 minutos"},"schema":{"@context":"https:\/\/schema.org","@graph":[{"@type":"Article","@id":"https:\/\/portaldoestado.com.br\/index.php\/2025\/08\/17\/carlinhos-maia-aproveita-repercussao-de-caso-de-hytalo-santos-para-chamar-atencao-a-ilha-de-marajo\/#article","isPartOf":{"@id":"https:\/\/portaldoestado.com.br\/index.php\/2025\/08\/17\/carlinhos-maia-aproveita-repercussao-de-caso-de-hytalo-santos-para-chamar-atencao-a-ilha-de-marajo\/"},"author":{"name":"assessoriadefamosos","@id":"https:\/\/portaldoestado.com.br\/#\/schema\/person\/5ca0174f3c8c84b59da62ea14b698cb9"},"headline":"Carlinhos Maia aproveita repercuss\u00e3o de caso de Hytalo Santos para chamar aten\u00e7\u00e3o \u00e0 Ilha de Maraj\u00f3","datePublished":"2025-08-17T15:42:34+00:00","mainEntityOfPage":{"@id":"https:\/\/portaldoestado.com.br\/index.php\/2025\/08\/17\/carlinhos-maia-aproveita-repercussao-de-caso-de-hytalo-santos-para-chamar-atencao-a-ilha-de-marajo\/"},"wordCount":320,"publisher":{"@id":"https:\/\/portaldoestado.com.br\/#organization"},"image":{"@id":"https:\/\/portaldoestado.com.br\/index.php\/2025\/08\/17\/carlinhos-maia-aproveita-repercussao-de-caso-de-hytalo-santos-para-chamar-atencao-a-ilha-de-marajo\/#primaryimage"},"thumbnailUrl":"https:\/\/portaldoestado.com.br\/wp-content\/uploads\/2025\/08\/padrao-leo-2025-08-17T114318.862-615x461-1.jpg","articleSection":["Famosos"],"inLanguage":"pt-BR"},{"@type":"WebPage","@id":"https:\/\/portaldoestado.com.br\/index.php\/2025\/08\/17\/carlinhos-maia-aproveita-repercussao-de-caso-de-hytalo-santos-para-chamar-atencao-a-ilha-de-marajo\/","url":"https:\/\/portaldoestado.com.br\/index.php\/2025\/08\/17\/carlinhos-maia-aproveita-repercussao-de-caso-de-hytalo-santos-para-chamar-atencao-a-ilha-de-marajo\/","name":"Carlinhos Maia aproveita repercuss\u00e3o de caso de Hytalo Santos para chamar aten\u00e7\u00e3o \u00e0 Ilha de Maraj\u00f3 - Portal do Estado","isPartOf":{"@id":"https:\/\/portaldoestado.com.br\/#website"},"primaryImageOfPage":{"@id":"https:\/\/portaldoestado.com.br\/index.php\/2025\/08\/17\/carlinhos-maia-aproveita-repercussao-de-caso-de-hytalo-santos-para-chamar-atencao-a-ilha-de-marajo\/#primaryimage"},"image":{"@id":"https:\/\/portaldoestado.com.br\/index.php\/2025\/08\/17\/carlinhos-maia-aproveita-repercussao-de-caso-de-hytalo-santos-para-chamar-atencao-a-ilha-de-marajo\/#primaryimage"},"thumbnailUrl":"https:\/\/portaldoestado.com.br\/wp-content\/uploads\/2025\/08\/padrao-leo-2025-08-17T114318.862-615x461-1.jpg","datePublished":"2025-08-17T15:42:34+00:00","breadcrumb":{"@id":"https:\/\/portaldoestado.com.br\/index.php\/2025\/08\/17\/carlinhos-maia-aproveita-repercussao-de-caso-de-hytalo-santos-para-chamar-atencao-a-ilha-de-marajo\/#breadcrumb"},"inLanguage":"pt-BR","potentialAction":[{"@type":"ReadAction","target":["https:\/\/portaldoestado.com.br\/index.php\/2025\/08\/17\/carlinhos-maia-aproveita-repercussao-de-caso-de-hytalo-santos-para-chamar-atencao-a-ilha-de-marajo\/"]}]},{"@type":"ImageObject","inLanguage":"pt-BR","@id":"https:\/\/portaldoestado.com.br\/index.php\/2025\/08\/17\/carlinhos-maia-aproveita-repercussao-de-caso-de-hytalo-santos-para-chamar-atencao-a-ilha-de-marajo\/#primaryimage","url":"https:\/\/portaldoestado.com.br\/wp-content\/uploads\/2025\/08\/padrao-leo-2025-08-17T114318.862-615x461-1.jpg","contentUrl":"https:\/\/portaldoestado.com.br\/wp-content\/uploads\/2025\/08\/padrao-leo-2025-08-17T114318.862-615x461-1.jpg","width":615,"height":461},{"@type":"BreadcrumbList","@id":"https:\/\/portaldoestado.com.br\/index.php\/2025\/08\/17\/carlinhos-maia-aproveita-repercussao-de-caso-de-hytalo-santos-para-chamar-atencao-a-ilha-de-marajo\/#breadcrumb","itemListElement":[{"@type":"ListItem","position":1,"name":"In\u00edcio","item":"https:\/\/portaldoestado.com.br\/"},{"@type":"ListItem","position":2,"name":"Carlinhos Maia aproveita repercuss\u00e3o de caso de Hytalo Santos para chamar aten\u00e7\u00e3o \u00e0 Ilha de Maraj\u00f3"}]},{"@type":"WebSite","@id":"https:\/\/portaldoestado.com.br\/#website","url":"https:\/\/portaldoestado.com.br\/","name":"Portal do Estado","description":"","publisher":{"@id":"https:\/\/portaldoestado.com.br\/#organization"},"potentialAction":[{"@type":"SearchAction","target":{"@type":"EntryPoint","urlTemplate":"https:\/\/portaldoestado.com.br\/?s={search_term_string}"},"query-input":{"@type":"PropertyValueSpecification","valueRequired":true,"valueName":"search_term_string"}}],"inLanguage":"pt-BR"},{"@type":"Organization","@id":"https:\/\/portaldoestado.com.br\/#organization","name":"Portal do Estado","url":"https:\/\/portaldoestado.com.br\/","logo":{"@type":"ImageObject","inLanguage":"pt-BR","@id":"https:\/\/portaldoestado.com.br\/#\/schema\/logo\/image\/","url":"https:\/\/portaldoestado.com.br\/wp-content\/uploads\/2025\/04\/cropped-6f69b19a-6472-43bf-b1b3-e1910bbbd4e8.png","contentUrl":"https:\/\/portaldoestado.com.br\/wp-content\/uploads\/2025\/04\/cropped-6f69b19a-6472-43bf-b1b3-e1910bbbd4e8.png","width":1024,"height":350,"caption":"Portal do Estado"},"image":{"@id":"https:\/\/portaldoestado.com.br\/#\/schema\/logo\/image\/"}},{"@type":"Person","@id":"https:\/\/portaldoestado.com.br\/#\/schema\/person\/5ca0174f3c8c84b59da62ea14b698cb9","name":"assessoriadefamosos","image":{"@type":"ImageObject","inLanguage":"pt-BR","@id":"https:\/\/portaldoestado.com.br\/#\/schema\/person\/image\/","url":"https:\/\/secure.gravatar.com\/avatar\/a7acbdffcfbbae7240e59f47fe511ec5f5d8c252c779f0b8d9ab02a9e1d8c5ed?s=96&d=mm&r=g","contentUrl":"https:\/\/secure.gravatar.com\/avatar\/a7acbdffcfbbae7240e59f47fe511ec5f5d8c252c779f0b8d9ab02a9e1d8c5ed?s=96&d=mm&r=g","caption":"assessoriadefamosos"},"url":"https:\/\/portaldoestado.com.br\/index.php\/author\/assessoriadefamosos\/"}]}},"jetpack_featured_media_url":"https:\/\/portaldoestado.com.br\/wp-content\/uploads\/2025\/08\/padrao-leo-2025-08-17T114318.862-615x461-1.jpg","_links":{"self":[{"href":"https:\/\/portaldoestado.com.br\/index.php\/wp-json\/wp\/v2\/posts\/1765","targetHints":{"allow":["GET"]}}],"collection":[{"href":"https:\/\/portaldoestado.com.br\/index.php\/wp-json\/wp\/v2\/posts"}],"about":[{"href":"https:\/\/portaldoestado.com.br\/index.php\/wp-json\/wp\/v2\/types\/post"}],"author":[{"embeddable":true,"href":"https:\/\/portaldoestado.com.br\/index.php\/wp-json\/wp\/v2\/users\/2"}],"replies":[{"embeddable":true,"href":"https:\/\/portaldoestado.com.br\/index.php\/wp-json\/wp\/v2\/comments?post=1765"}],"version-history":[{"count":1,"href":"https:\/\/portaldoestado.com.br\/index.php\/wp-json\/wp\/v2\/posts\/1765\/revisions"}],"predecessor-version":[{"id":1766,"href":"https:\/\/portaldoestado.com.br\/index.php\/wp-json\/wp\/v2\/posts\/1765\/revisions\/1766"}],"wp:featuredmedia":[{"embeddable":true,"href":"https:\/\/portaldoestado.com.br\/index.php\/wp-json\/wp\/v2\/media\/1764"}],"wp:attachment":[{"href":"https:\/\/portaldoestado.com.br\/index.php\/wp-json\/wp\/v2\/media?parent=1765"}],"wp:term":[{"taxonomy":"category","embeddable":true,"href":"https:\/\/portaldoestado.com.br\/index.php\/wp-json\/wp\/v2\/categories?post=1765"},{"taxonomy":"post_tag","embeddable":true,"href":"https:\/\/portaldoestado.com.br\/index.php\/wp-json\/wp\/v2\/tags?post=1765"}],"curies":[{"name":"wp","href":"https:\/\/api.w.org\/{rel}","templated":true}]}}