{"id":1759,"date":"2025-08-17T15:36:35","date_gmt":"2025-08-17T15:36:35","guid":{"rendered":"https:\/\/portaldoestado.com.br\/?p=1759"},"modified":"2025-08-17T15:36:35","modified_gmt":"2025-08-17T15:36:35","slug":"nathalia-arcuri-revela-primeira-gravidez-aos-40-anos-e-compartilha-emocao-ao-lado-de-lucas-pugliessa","status":"publish","type":"post","link":"https:\/\/portaldoestado.com.br\/index.php\/2025\/08\/17\/nathalia-arcuri-revela-primeira-gravidez-aos-40-anos-e-compartilha-emocao-ao-lado-de-lucas-pugliessa\/","title":{"rendered":"Nathalia Arcuri revela primeira gravidez aos 40 anos e compartilha emo\u00e7\u00e3o ao lado de Lucas Pugliessa"},"content":{"rendered":"\n<p>A jornalista e empres\u00e1ria <strong>Nathalia Arcuri<\/strong>, fundadora do canal de finan\u00e7as \u201cMe Poupe!\u201d, anunciou neste s\u00e1bado (16) que ser\u00e1 m\u00e3e pela primeira vez. Aos 40 anos, ela revelou a novidade em uma publica\u00e7\u00e3o no Instagram, onde acumula mais de 3,4 milh\u00f5es de seguidores. O beb\u00ea \u00e9 fruto de seu relacionamento com o ex-atleta e modelo internacional <strong>Lucas Pugliessa<\/strong>, com quem est\u00e1 desde o in\u00edcio deste ano.<\/p>\n\n\n\n<p>No an\u00fancio, Nathalia descreveu a descoberta da gesta\u00e7\u00e3o de forma emocionante. \u201cH\u00e1 alguns meses, percebemos que n\u00e3o \u00e9ramos mais apenas dois. Duas linhas em um teste de farm\u00e1cia confirmaram o que meu cora\u00e7\u00e3o j\u00e1 suspeitava. Desde ent\u00e3o, cada batida desse pequeno cora\u00e7\u00e3o \u00e9 uma explos\u00e3o de alegria\u201d, declarou. Ela ainda brincou sobre os sintomas da gravidez, mencionando mudan\u00e7as no corpo, desejos inesperados e a intensidade das novas sensa\u00e7\u00f5es.<\/p>\n\n\n\n<p>Segundo a comunicadora, a gravidez foi planejada e, at\u00e9 o momento, o casal ainda n\u00e3o sabe o sexo do beb\u00ea. \u201c\u00c9 um amor que cresce a cada dia. N\u00e3o tem fuma\u00e7a colorida nem grandes an\u00fancios, apenas n\u00f3s dois \u2014 agora tr\u00eas \u2014 aprendendo juntos que a vida escreve hist\u00f3rias melhores do que qualquer roteiro\u201d, completou.<\/p>\n\n\n\n<p>O casal tamb\u00e9m compartilhou um v\u00eddeo com registros da rotina a dois, que agora ganha um novo cap\u00edtulo: passeios, encontros rom\u00e2nticos, momentos na cozinha, consultas m\u00e9dicas e a emo\u00e7\u00e3o da confirma\u00e7\u00e3o da gravidez.<\/p>\n\n\n\n<p>A revela\u00e7\u00e3o rapidamente repercutiu entre f\u00e3s e admiradores, que celebraram a nova fase da influenciadora com mensagens de carinho e votos de felicidades para a futura fam\u00edlia.<\/p>\n","protected":false},"excerpt":{"rendered":"<p>A jornalista e empres\u00e1ria Nathalia Arcuri, fundadora do canal de finan\u00e7as \u201cMe Poupe!\u201d, anunciou neste s\u00e1bado (16) que ser\u00e1 m\u00e3e pela primeira vez. Aos 40 anos, ela revelou a novidade em uma publica\u00e7\u00e3o no Instagram, onde acumula mais de 3,4 milh\u00f5es de seguidores. O beb\u00ea \u00e9 fruto de seu relacionamento com o ex-atleta e modelo \u2026<\/p>\n","protected":false},"author":2,"featured_media":1758,"comment_status":"closed","ping_status":"open","sticky":false,"template":"","format":"standard","meta":{"footnotes":""},"categories":[3],"tags":[],"class_list":["post-1759","post","type-post","status-publish","format-standard","has-post-thumbnail","hentry","category-famosos"],"yoast_head":"<!-- This site is optimized with the Yoast SEO plugin v25.5 - https:\/\/yoast.com\/wordpress\/plugins\/seo\/ -->\n<title>Nathalia Arcuri revela primeira gravidez aos 40 anos e compartilha emo\u00e7\u00e3o ao lado de Lucas Pugliessa - Portal do Estado<\/title>\n<meta name=\"robots\" content=\"index, follow, max-snippet:-1, max-image-preview:large, max-video-preview:-1\" \/>\n<link rel=\"canonical\" href=\"https:\/\/portaldoestado.com.br\/index.php\/2025\/08\/17\/nathalia-arcuri-revela-primeira-gravidez-aos-40-anos-e-compartilha-emocao-ao-lado-de-lucas-pugliessa\/\" \/>\n<meta property=\"og:locale\" content=\"pt_BR\" \/>\n<meta property=\"og:type\" content=\"article\" \/>\n<meta property=\"og:title\" content=\"Nathalia Arcuri revela primeira gravidez aos 40 anos e compartilha emo\u00e7\u00e3o ao lado de Lucas Pugliessa - Portal do Estado\" \/>\n<meta property=\"og:description\" content=\"A jornalista e empres\u00e1ria Nathalia Arcuri, fundadora do canal de finan\u00e7as \u201cMe Poupe!\u201d, anunciou neste s\u00e1bado (16) que ser\u00e1 m\u00e3e pela primeira vez. Aos 40 anos, ela revelou a novidade em uma publica\u00e7\u00e3o no Instagram, onde acumula mais de 3,4 milh\u00f5es de seguidores. O beb\u00ea \u00e9 fruto de seu relacionamento com o ex-atleta e modelo \u2026\" \/>\n<meta property=\"og:url\" content=\"https:\/\/portaldoestado.com.br\/index.php\/2025\/08\/17\/nathalia-arcuri-revela-primeira-gravidez-aos-40-anos-e-compartilha-emocao-ao-lado-de-lucas-pugliessa\/\" \/>\n<meta property=\"og:site_name\" content=\"Portal do Estado\" \/>\n<meta property=\"article:published_time\" content=\"2025-08-17T15:36:35+00:00\" \/>\n<meta property=\"og:image\" content=\"https:\/\/portaldoestado.com.br\/wp-content\/uploads\/2025\/08\/A2olaH4P-Backup-Capa-2-fotos.png\" \/>\n\t<meta property=\"og:image:width\" content=\"1200\" \/>\n\t<meta property=\"og:image:height\" content=\"900\" \/>\n\t<meta property=\"og:image:type\" content=\"image\/png\" \/>\n<meta name=\"author\" content=\"assessoriadefamosos\" \/>\n<meta name=\"twitter:card\" content=\"summary_large_image\" \/>\n<meta name=\"twitter:label1\" content=\"Escrito por\" \/>\n\t<meta name=\"twitter:data1\" content=\"assessoriadefamosos\" \/>\n\t<meta name=\"twitter:label2\" content=\"Est. tempo de leitura\" \/>\n\t<meta name=\"twitter:data2\" content=\"1 minuto\" \/>\n<script type=\"application\/ld+json\" class=\"yoast-schema-graph\">{\"@context\":\"https:\/\/schema.org\",\"@graph\":[{\"@type\":\"Article\",\"@id\":\"https:\/\/portaldoestado.com.br\/index.php\/2025\/08\/17\/nathalia-arcuri-revela-primeira-gravidez-aos-40-anos-e-compartilha-emocao-ao-lado-de-lucas-pugliessa\/#article\",\"isPartOf\":{\"@id\":\"https:\/\/portaldoestado.com.br\/index.php\/2025\/08\/17\/nathalia-arcuri-revela-primeira-gravidez-aos-40-anos-e-compartilha-emocao-ao-lado-de-lucas-pugliessa\/\"},\"author\":{\"name\":\"assessoriadefamosos\",\"@id\":\"https:\/\/portaldoestado.com.br\/#\/schema\/person\/5ca0174f3c8c84b59da62ea14b698cb9\"},\"headline\":\"Nathalia Arcuri revela primeira gravidez aos 40 anos e compartilha emo\u00e7\u00e3o ao lado de Lucas Pugliessa\",\"datePublished\":\"2025-08-17T15:36:35+00:00\",\"mainEntityOfPage\":{\"@id\":\"https:\/\/portaldoestado.com.br\/index.php\/2025\/08\/17\/nathalia-arcuri-revela-primeira-gravidez-aos-40-anos-e-compartilha-emocao-ao-lado-de-lucas-pugliessa\/\"},\"wordCount\":291,\"publisher\":{\"@id\":\"https:\/\/portaldoestado.com.br\/#organization\"},\"image\":{\"@id\":\"https:\/\/portaldoestado.com.br\/index.php\/2025\/08\/17\/nathalia-arcuri-revela-primeira-gravidez-aos-40-anos-e-compartilha-emocao-ao-lado-de-lucas-pugliessa\/#primaryimage\"},\"thumbnailUrl\":\"https:\/\/portaldoestado.com.br\/wp-content\/uploads\/2025\/08\/A2olaH4P-Backup-Capa-2-fotos.png\",\"articleSection\":[\"Famosos\"],\"inLanguage\":\"pt-BR\"},{\"@type\":\"WebPage\",\"@id\":\"https:\/\/portaldoestado.com.br\/index.php\/2025\/08\/17\/nathalia-arcuri-revela-primeira-gravidez-aos-40-anos-e-compartilha-emocao-ao-lado-de-lucas-pugliessa\/\",\"url\":\"https:\/\/portaldoestado.com.br\/index.php\/2025\/08\/17\/nathalia-arcuri-revela-primeira-gravidez-aos-40-anos-e-compartilha-emocao-ao-lado-de-lucas-pugliessa\/\",\"name\":\"Nathalia Arcuri revela primeira gravidez aos 40 anos e compartilha emo\u00e7\u00e3o ao lado de Lucas Pugliessa - Portal do Estado\",\"isPartOf\":{\"@id\":\"https:\/\/portaldoestado.com.br\/#website\"},\"primaryImageOfPage\":{\"@id\":\"https:\/\/portaldoestado.com.br\/index.php\/2025\/08\/17\/nathalia-arcuri-revela-primeira-gravidez-aos-40-anos-e-compartilha-emocao-ao-lado-de-lucas-pugliessa\/#primaryimage\"},\"image\":{\"@id\":\"https:\/\/portaldoestado.com.br\/index.php\/2025\/08\/17\/nathalia-arcuri-revela-primeira-gravidez-aos-40-anos-e-compartilha-emocao-ao-lado-de-lucas-pugliessa\/#primaryimage\"},\"thumbnailUrl\":\"https:\/\/portaldoestado.com.br\/wp-content\/uploads\/2025\/08\/A2olaH4P-Backup-Capa-2-fotos.png\",\"datePublished\":\"2025-08-17T15:36:35+00:00\",\"breadcrumb\":{\"@id\":\"https:\/\/portaldoestado.com.br\/index.php\/2025\/08\/17\/nathalia-arcuri-revela-primeira-gravidez-aos-40-anos-e-compartilha-emocao-ao-lado-de-lucas-pugliessa\/#breadcrumb\"},\"inLanguage\":\"pt-BR\",\"potentialAction\":[{\"@type\":\"ReadAction\",\"target\":[\"https:\/\/portaldoestado.com.br\/index.php\/2025\/08\/17\/nathalia-arcuri-revela-primeira-gravidez-aos-40-anos-e-compartilha-emocao-ao-lado-de-lucas-pugliessa\/\"]}]},{\"@type\":\"ImageObject\",\"inLanguage\":\"pt-BR\",\"@id\":\"https:\/\/portaldoestado.com.br\/index.php\/2025\/08\/17\/nathalia-arcuri-revela-primeira-gravidez-aos-40-anos-e-compartilha-emocao-ao-lado-de-lucas-pugliessa\/#primaryimage\",\"url\":\"https:\/\/portaldoestado.com.br\/wp-content\/uploads\/2025\/08\/A2olaH4P-Backup-Capa-2-fotos.png\",\"contentUrl\":\"https:\/\/portaldoestado.com.br\/wp-content\/uploads\/2025\/08\/A2olaH4P-Backup-Capa-2-fotos.png\",\"width\":1200,\"height\":900},{\"@type\":\"BreadcrumbList\",\"@id\":\"https:\/\/portaldoestado.com.br\/index.php\/2025\/08\/17\/nathalia-arcuri-revela-primeira-gravidez-aos-40-anos-e-compartilha-emocao-ao-lado-de-lucas-pugliessa\/#breadcrumb\",\"itemListElement\":[{\"@type\":\"ListItem\",\"position\":1,\"name\":\"In\u00edcio\",\"item\":\"https:\/\/portaldoestado.com.br\/\"},{\"@type\":\"ListItem\",\"position\":2,\"name\":\"Nathalia Arcuri revela primeira gravidez aos 40 anos e compartilha emo\u00e7\u00e3o ao lado de Lucas Pugliessa\"}]},{\"@type\":\"WebSite\",\"@id\":\"https:\/\/portaldoestado.com.br\/#website\",\"url\":\"https:\/\/portaldoestado.com.br\/\",\"name\":\"Portal do Estado\",\"description\":\"\",\"publisher\":{\"@id\":\"https:\/\/portaldoestado.com.br\/#organization\"},\"potentialAction\":[{\"@type\":\"SearchAction\",\"target\":{\"@type\":\"EntryPoint\",\"urlTemplate\":\"https:\/\/portaldoestado.com.br\/?s={search_term_string}\"},\"query-input\":{\"@type\":\"PropertyValueSpecification\",\"valueRequired\":true,\"valueName\":\"search_term_string\"}}],\"inLanguage\":\"pt-BR\"},{\"@type\":\"Organization\",\"@id\":\"https:\/\/portaldoestado.com.br\/#organization\",\"name\":\"Portal do Estado\",\"url\":\"https:\/\/portaldoestado.com.br\/\",\"logo\":{\"@type\":\"ImageObject\",\"inLanguage\":\"pt-BR\",\"@id\":\"https:\/\/portaldoestado.com.br\/#\/schema\/logo\/image\/\",\"url\":\"https:\/\/portaldoestado.com.br\/wp-content\/uploads\/2025\/04\/cropped-6f69b19a-6472-43bf-b1b3-e1910bbbd4e8.png\",\"contentUrl\":\"https:\/\/portaldoestado.com.br\/wp-content\/uploads\/2025\/04\/cropped-6f69b19a-6472-43bf-b1b3-e1910bbbd4e8.png\",\"width\":1024,\"height\":350,\"caption\":\"Portal do Estado\"},\"image\":{\"@id\":\"https:\/\/portaldoestado.com.br\/#\/schema\/logo\/image\/\"}},{\"@type\":\"Person\",\"@id\":\"https:\/\/portaldoestado.com.br\/#\/schema\/person\/5ca0174f3c8c84b59da62ea14b698cb9\",\"name\":\"assessoriadefamosos\",\"image\":{\"@type\":\"ImageObject\",\"inLanguage\":\"pt-BR\",\"@id\":\"https:\/\/portaldoestado.com.br\/#\/schema\/person\/image\/\",\"url\":\"https:\/\/secure.gravatar.com\/avatar\/a7acbdffcfbbae7240e59f47fe511ec5f5d8c252c779f0b8d9ab02a9e1d8c5ed?s=96&d=mm&r=g\",\"contentUrl\":\"https:\/\/secure.gravatar.com\/avatar\/a7acbdffcfbbae7240e59f47fe511ec5f5d8c252c779f0b8d9ab02a9e1d8c5ed?s=96&d=mm&r=g\",\"caption\":\"assessoriadefamosos\"},\"url\":\"https:\/\/portaldoestado.com.br\/index.php\/author\/assessoriadefamosos\/\"}]}<\/script>\n<!-- \/ Yoast SEO plugin. -->","yoast_head_json":{"title":"Nathalia Arcuri revela primeira gravidez aos 40 anos e compartilha emo\u00e7\u00e3o ao lado de Lucas Pugliessa - Portal do Estado","robots":{"index":"index","follow":"follow","max-snippet":"max-snippet:-1","max-image-preview":"max-image-preview:large","max-video-preview":"max-video-preview:-1"},"canonical":"https:\/\/portaldoestado.com.br\/index.php\/2025\/08\/17\/nathalia-arcuri-revela-primeira-gravidez-aos-40-anos-e-compartilha-emocao-ao-lado-de-lucas-pugliessa\/","og_locale":"pt_BR","og_type":"article","og_title":"Nathalia Arcuri revela primeira gravidez aos 40 anos e compartilha emo\u00e7\u00e3o ao lado de Lucas Pugliessa - Portal do Estado","og_description":"A jornalista e empres\u00e1ria Nathalia Arcuri, fundadora do canal de finan\u00e7as \u201cMe Poupe!\u201d, anunciou neste s\u00e1bado (16) que ser\u00e1 m\u00e3e pela primeira vez. Aos 40 anos, ela revelou a novidade em uma publica\u00e7\u00e3o no Instagram, onde acumula mais de 3,4 milh\u00f5es de seguidores. O beb\u00ea \u00e9 fruto de seu relacionamento com o ex-atleta e modelo \u2026","og_url":"https:\/\/portaldoestado.com.br\/index.php\/2025\/08\/17\/nathalia-arcuri-revela-primeira-gravidez-aos-40-anos-e-compartilha-emocao-ao-lado-de-lucas-pugliessa\/","og_site_name":"Portal do Estado","article_published_time":"2025-08-17T15:36:35+00:00","og_image":[{"width":1200,"height":900,"url":"https:\/\/portaldoestado.com.br\/wp-content\/uploads\/2025\/08\/A2olaH4P-Backup-Capa-2-fotos.png","type":"image\/png"}],"author":"assessoriadefamosos","twitter_card":"summary_large_image","twitter_misc":{"Escrito por":"assessoriadefamosos","Est. tempo de leitura":"1 minuto"},"schema":{"@context":"https:\/\/schema.org","@graph":[{"@type":"Article","@id":"https:\/\/portaldoestado.com.br\/index.php\/2025\/08\/17\/nathalia-arcuri-revela-primeira-gravidez-aos-40-anos-e-compartilha-emocao-ao-lado-de-lucas-pugliessa\/#article","isPartOf":{"@id":"https:\/\/portaldoestado.com.br\/index.php\/2025\/08\/17\/nathalia-arcuri-revela-primeira-gravidez-aos-40-anos-e-compartilha-emocao-ao-lado-de-lucas-pugliessa\/"},"author":{"name":"assessoriadefamosos","@id":"https:\/\/portaldoestado.com.br\/#\/schema\/person\/5ca0174f3c8c84b59da62ea14b698cb9"},"headline":"Nathalia Arcuri revela primeira gravidez aos 40 anos e compartilha emo\u00e7\u00e3o ao lado de Lucas Pugliessa","datePublished":"2025-08-17T15:36:35+00:00","mainEntityOfPage":{"@id":"https:\/\/portaldoestado.com.br\/index.php\/2025\/08\/17\/nathalia-arcuri-revela-primeira-gravidez-aos-40-anos-e-compartilha-emocao-ao-lado-de-lucas-pugliessa\/"},"wordCount":291,"publisher":{"@id":"https:\/\/portaldoestado.com.br\/#organization"},"image":{"@id":"https:\/\/portaldoestado.com.br\/index.php\/2025\/08\/17\/nathalia-arcuri-revela-primeira-gravidez-aos-40-anos-e-compartilha-emocao-ao-lado-de-lucas-pugliessa\/#primaryimage"},"thumbnailUrl":"https:\/\/portaldoestado.com.br\/wp-content\/uploads\/2025\/08\/A2olaH4P-Backup-Capa-2-fotos.png","articleSection":["Famosos"],"inLanguage":"pt-BR"},{"@type":"WebPage","@id":"https:\/\/portaldoestado.com.br\/index.php\/2025\/08\/17\/nathalia-arcuri-revela-primeira-gravidez-aos-40-anos-e-compartilha-emocao-ao-lado-de-lucas-pugliessa\/","url":"https:\/\/portaldoestado.com.br\/index.php\/2025\/08\/17\/nathalia-arcuri-revela-primeira-gravidez-aos-40-anos-e-compartilha-emocao-ao-lado-de-lucas-pugliessa\/","name":"Nathalia Arcuri revela primeira gravidez aos 40 anos e compartilha emo\u00e7\u00e3o ao lado de Lucas Pugliessa - Portal do Estado","isPartOf":{"@id":"https:\/\/portaldoestado.com.br\/#website"},"primaryImageOfPage":{"@id":"https:\/\/portaldoestado.com.br\/index.php\/2025\/08\/17\/nathalia-arcuri-revela-primeira-gravidez-aos-40-anos-e-compartilha-emocao-ao-lado-de-lucas-pugliessa\/#primaryimage"},"image":{"@id":"https:\/\/portaldoestado.com.br\/index.php\/2025\/08\/17\/nathalia-arcuri-revela-primeira-gravidez-aos-40-anos-e-compartilha-emocao-ao-lado-de-lucas-pugliessa\/#primaryimage"},"thumbnailUrl":"https:\/\/portaldoestado.com.br\/wp-content\/uploads\/2025\/08\/A2olaH4P-Backup-Capa-2-fotos.png","datePublished":"2025-08-17T15:36:35+00:00","breadcrumb":{"@id":"https:\/\/portaldoestado.com.br\/index.php\/2025\/08\/17\/nathalia-arcuri-revela-primeira-gravidez-aos-40-anos-e-compartilha-emocao-ao-lado-de-lucas-pugliessa\/#breadcrumb"},"inLanguage":"pt-BR","potentialAction":[{"@type":"ReadAction","target":["https:\/\/portaldoestado.com.br\/index.php\/2025\/08\/17\/nathalia-arcuri-revela-primeira-gravidez-aos-40-anos-e-compartilha-emocao-ao-lado-de-lucas-pugliessa\/"]}]},{"@type":"ImageObject","inLanguage":"pt-BR","@id":"https:\/\/portaldoestado.com.br\/index.php\/2025\/08\/17\/nathalia-arcuri-revela-primeira-gravidez-aos-40-anos-e-compartilha-emocao-ao-lado-de-lucas-pugliessa\/#primaryimage","url":"https:\/\/portaldoestado.com.br\/wp-content\/uploads\/2025\/08\/A2olaH4P-Backup-Capa-2-fotos.png","contentUrl":"https:\/\/portaldoestado.com.br\/wp-content\/uploads\/2025\/08\/A2olaH4P-Backup-Capa-2-fotos.png","width":1200,"height":900},{"@type":"BreadcrumbList","@id":"https:\/\/portaldoestado.com.br\/index.php\/2025\/08\/17\/nathalia-arcuri-revela-primeira-gravidez-aos-40-anos-e-compartilha-emocao-ao-lado-de-lucas-pugliessa\/#breadcrumb","itemListElement":[{"@type":"ListItem","position":1,"name":"In\u00edcio","item":"https:\/\/portaldoestado.com.br\/"},{"@type":"ListItem","position":2,"name":"Nathalia Arcuri revela primeira gravidez aos 40 anos e compartilha emo\u00e7\u00e3o ao lado de Lucas Pugliessa"}]},{"@type":"WebSite","@id":"https:\/\/portaldoestado.com.br\/#website","url":"https:\/\/portaldoestado.com.br\/","name":"Portal do Estado","description":"","publisher":{"@id":"https:\/\/portaldoestado.com.br\/#organization"},"potentialAction":[{"@type":"SearchAction","target":{"@type":"EntryPoint","urlTemplate":"https:\/\/portaldoestado.com.br\/?s={search_term_string}"},"query-input":{"@type":"PropertyValueSpecification","valueRequired":true,"valueName":"search_term_string"}}],"inLanguage":"pt-BR"},{"@type":"Organization","@id":"https:\/\/portaldoestado.com.br\/#organization","name":"Portal do Estado","url":"https:\/\/portaldoestado.com.br\/","logo":{"@type":"ImageObject","inLanguage":"pt-BR","@id":"https:\/\/portaldoestado.com.br\/#\/schema\/logo\/image\/","url":"https:\/\/portaldoestado.com.br\/wp-content\/uploads\/2025\/04\/cropped-6f69b19a-6472-43bf-b1b3-e1910bbbd4e8.png","contentUrl":"https:\/\/portaldoestado.com.br\/wp-content\/uploads\/2025\/04\/cropped-6f69b19a-6472-43bf-b1b3-e1910bbbd4e8.png","width":1024,"height":350,"caption":"Portal do Estado"},"image":{"@id":"https:\/\/portaldoestado.com.br\/#\/schema\/logo\/image\/"}},{"@type":"Person","@id":"https:\/\/portaldoestado.com.br\/#\/schema\/person\/5ca0174f3c8c84b59da62ea14b698cb9","name":"assessoriadefamosos","image":{"@type":"ImageObject","inLanguage":"pt-BR","@id":"https:\/\/portaldoestado.com.br\/#\/schema\/person\/image\/","url":"https:\/\/secure.gravatar.com\/avatar\/a7acbdffcfbbae7240e59f47fe511ec5f5d8c252c779f0b8d9ab02a9e1d8c5ed?s=96&d=mm&r=g","contentUrl":"https:\/\/secure.gravatar.com\/avatar\/a7acbdffcfbbae7240e59f47fe511ec5f5d8c252c779f0b8d9ab02a9e1d8c5ed?s=96&d=mm&r=g","caption":"assessoriadefamosos"},"url":"https:\/\/portaldoestado.com.br\/index.php\/author\/assessoriadefamosos\/"}]}},"jetpack_featured_media_url":"https:\/\/portaldoestado.com.br\/wp-content\/uploads\/2025\/08\/A2olaH4P-Backup-Capa-2-fotos.png","_links":{"self":[{"href":"https:\/\/portaldoestado.com.br\/index.php\/wp-json\/wp\/v2\/posts\/1759","targetHints":{"allow":["GET"]}}],"collection":[{"href":"https:\/\/portaldoestado.com.br\/index.php\/wp-json\/wp\/v2\/posts"}],"about":[{"href":"https:\/\/portaldoestado.com.br\/index.php\/wp-json\/wp\/v2\/types\/post"}],"author":[{"embeddable":true,"href":"https:\/\/portaldoestado.com.br\/index.php\/wp-json\/wp\/v2\/users\/2"}],"replies":[{"embeddable":true,"href":"https:\/\/portaldoestado.com.br\/index.php\/wp-json\/wp\/v2\/comments?post=1759"}],"version-history":[{"count":1,"href":"https:\/\/portaldoestado.com.br\/index.php\/wp-json\/wp\/v2\/posts\/1759\/revisions"}],"predecessor-version":[{"id":1760,"href":"https:\/\/portaldoestado.com.br\/index.php\/wp-json\/wp\/v2\/posts\/1759\/revisions\/1760"}],"wp:featuredmedia":[{"embeddable":true,"href":"https:\/\/portaldoestado.com.br\/index.php\/wp-json\/wp\/v2\/media\/1758"}],"wp:attachment":[{"href":"https:\/\/portaldoestado.com.br\/index.php\/wp-json\/wp\/v2\/media?parent=1759"}],"wp:term":[{"taxonomy":"category","embeddable":true,"href":"https:\/\/portaldoestado.com.br\/index.php\/wp-json\/wp\/v2\/categories?post=1759"},{"taxonomy":"post_tag","embeddable":true,"href":"https:\/\/portaldoestado.com.br\/index.php\/wp-json\/wp\/v2\/tags?post=1759"}],"curies":[{"name":"wp","href":"https:\/\/api.w.org\/{rel}","templated":true}]}}