{"id":1756,"date":"2025-08-17T15:31:59","date_gmt":"2025-08-17T15:31:59","guid":{"rendered":"https:\/\/portaldoestado.com.br\/?p=1756"},"modified":"2025-08-17T15:31:59","modified_gmt":"2025-08-17T15:31:59","slug":"baile-do-bb-reune-estrelas-e-reforca-a-uniao-entre-glamour-e-solidariedade-em-sao-paulo","status":"publish","type":"post","link":"https:\/\/portaldoestado.com.br\/index.php\/2025\/08\/17\/baile-do-bb-reune-estrelas-e-reforca-a-uniao-entre-glamour-e-solidariedade-em-sao-paulo\/","title":{"rendered":"Baile do BB re\u00fane estrelas e refor\u00e7a a uni\u00e3o entre glamour e solidariedade em S\u00e3o Paulo"},"content":{"rendered":"\n<p>O Hotel Rosewood, em S\u00e3o Paulo, foi cen\u00e1rio de uma noite de puro requinte no \u00faltimo s\u00e1bado (16), quando recebeu a quinta edi\u00e7\u00e3o do <strong>Baile do BB<\/strong>. Idealizado por Beto Pacheco e Tiago Moura, o evento j\u00e1 figura entre os mais prestigiados do calend\u00e1rio social brasileiro. Este ano, a celebra\u00e7\u00e3o trouxe como refer\u00eancia o tema <strong>\u201cRoyale Couture Ball\u201d<\/strong>, inspirado na eleg\u00e2ncia da princesa Grace Kelly e na sofistica\u00e7\u00e3o das inesquec\u00edveis Bond Girls.<\/p>\n\n\n\n<p>Cerca de mil convidados prestigiaram a noite, que combinou moda, arte e solidariedade em uma atmosfera \u00fanica. O baile contou com leil\u00e3o beneficente, performances especiais e uma cenografia imersiva, proporcionando experi\u00eancias exclusivas aos presentes. Toda a renda obtida foi revertida para a <strong>Casa Santa Teresinha<\/strong>, entidade dedicada ao acolhimento de crian\u00e7as e adolescentes com doen\u00e7as gen\u00e9ticas raras da pele.<\/p>\n\n\n\n<p>Entre os famosos que marcaram presen\u00e7a estavam <strong>Juliana Paes, Fernanda Paes Leme, Isabelle Drummond, Maya Massafera, Ricardo Tozzi, Marco Pitombo, Juju Salimeni, Tha\u00eds Carla, Diogo Basaglia<\/strong> e <strong>Jordanna Maia<\/strong>. Seguindo o dress code black tie, as produ\u00e7\u00f5es exibiram muito brilho, plumas e paet\u00eas coloridos, traduzindo perfeitamente o esp\u00edrito glamouroso da noite. Juliana Paes, por exemplo, apostou em um look sofisticado que equilibrou tradi\u00e7\u00e3o e modernidade.<\/p>\n\n\n\n<p>Um dos momentos mais comentados foi a chegada da influenciadora <strong>Erika Schneider<\/strong>, que surgiu em um vestido exuberante assinado por Israel Valentim. A pe\u00e7a, de corte refinado e volumes marcantes, foi inspirada na est\u00e9tica cl\u00e1ssica de Grace Kelly. Para completar, Erika escolheu um colar de diamantes avaliado em R$ 128 mil, em styling assinado por Erickson Ramos, que real\u00e7ou ainda mais o impacto do visual.<\/p>\n\n\n\n<p>Consolidado como um dos eventos mais elegantes e relevantes de S\u00e3o Paulo, o <strong>Baile do BB<\/strong> mais uma vez mostrou que estilo e responsabilidade social podem caminhar juntos, transformando a festa em um verdadeiro s\u00edmbolo de moda, cultura e solidariedade.<\/p>\n","protected":false},"excerpt":{"rendered":"<p>O Hotel Rosewood, em S\u00e3o Paulo, foi cen\u00e1rio de uma noite de puro requinte no \u00faltimo s\u00e1bado (16), quando recebeu a quinta edi\u00e7\u00e3o do Baile do BB. Idealizado por Beto Pacheco e Tiago Moura, o evento j\u00e1 figura entre os mais prestigiados do calend\u00e1rio social brasileiro. Este ano, a celebra\u00e7\u00e3o trouxe como refer\u00eancia o tema \u2026<\/p>\n","protected":false},"author":2,"featured_media":1755,"comment_status":"closed","ping_status":"open","sticky":false,"template":"","format":"standard","meta":{"footnotes":""},"categories":[3],"tags":[],"class_list":["post-1756","post","type-post","status-publish","format-standard","has-post-thumbnail","hentry","category-famosos"],"yoast_head":"<!-- This site is optimized with the Yoast SEO plugin v25.5 - https:\/\/yoast.com\/wordpress\/plugins\/seo\/ -->\n<title>Baile do BB re\u00fane estrelas e refor\u00e7a a uni\u00e3o entre glamour e solidariedade em S\u00e3o Paulo - Portal do Estado<\/title>\n<meta name=\"robots\" content=\"index, follow, max-snippet:-1, max-image-preview:large, max-video-preview:-1\" \/>\n<link rel=\"canonical\" href=\"https:\/\/portaldoestado.com.br\/index.php\/2025\/08\/17\/baile-do-bb-reune-estrelas-e-reforca-a-uniao-entre-glamour-e-solidariedade-em-sao-paulo\/\" \/>\n<meta property=\"og:locale\" content=\"pt_BR\" \/>\n<meta property=\"og:type\" content=\"article\" \/>\n<meta property=\"og:title\" content=\"Baile do BB re\u00fane estrelas e refor\u00e7a a uni\u00e3o entre glamour e solidariedade em S\u00e3o Paulo - Portal do Estado\" \/>\n<meta property=\"og:description\" content=\"O Hotel Rosewood, em S\u00e3o Paulo, foi cen\u00e1rio de uma noite de puro requinte no \u00faltimo s\u00e1bado (16), quando recebeu a quinta edi\u00e7\u00e3o do Baile do BB. Idealizado por Beto Pacheco e Tiago Moura, o evento j\u00e1 figura entre os mais prestigiados do calend\u00e1rio social brasileiro. Este ano, a celebra\u00e7\u00e3o trouxe como refer\u00eancia o tema \u2026\" \/>\n<meta property=\"og:url\" content=\"https:\/\/portaldoestado.com.br\/index.php\/2025\/08\/17\/baile-do-bb-reune-estrelas-e-reforca-a-uniao-entre-glamour-e-solidariedade-em-sao-paulo\/\" \/>\n<meta property=\"og:site_name\" content=\"Portal do Estado\" \/>\n<meta property=\"article:published_time\" content=\"2025-08-17T15:31:59+00:00\" \/>\n<meta property=\"og:image\" content=\"https:\/\/portaldoestado.com.br\/wp-content\/uploads\/2025\/08\/wF7wtXCq-Padrao-para-Portal-LeoDias-5.jpg\" \/>\n\t<meta property=\"og:image:width\" content=\"1200\" \/>\n\t<meta property=\"og:image:height\" content=\"900\" \/>\n\t<meta property=\"og:image:type\" content=\"image\/jpeg\" \/>\n<meta name=\"author\" content=\"assessoriadefamosos\" \/>\n<meta name=\"twitter:card\" content=\"summary_large_image\" \/>\n<meta name=\"twitter:label1\" content=\"Escrito por\" \/>\n\t<meta name=\"twitter:data1\" content=\"assessoriadefamosos\" \/>\n\t<meta name=\"twitter:label2\" content=\"Est. tempo de leitura\" \/>\n\t<meta name=\"twitter:data2\" content=\"2 minutos\" \/>\n<script type=\"application\/ld+json\" class=\"yoast-schema-graph\">{\"@context\":\"https:\/\/schema.org\",\"@graph\":[{\"@type\":\"Article\",\"@id\":\"https:\/\/portaldoestado.com.br\/index.php\/2025\/08\/17\/baile-do-bb-reune-estrelas-e-reforca-a-uniao-entre-glamour-e-solidariedade-em-sao-paulo\/#article\",\"isPartOf\":{\"@id\":\"https:\/\/portaldoestado.com.br\/index.php\/2025\/08\/17\/baile-do-bb-reune-estrelas-e-reforca-a-uniao-entre-glamour-e-solidariedade-em-sao-paulo\/\"},\"author\":{\"name\":\"assessoriadefamosos\",\"@id\":\"https:\/\/portaldoestado.com.br\/#\/schema\/person\/5ca0174f3c8c84b59da62ea14b698cb9\"},\"headline\":\"Baile do BB re\u00fane estrelas e refor\u00e7a a uni\u00e3o entre glamour e solidariedade em S\u00e3o Paulo\",\"datePublished\":\"2025-08-17T15:31:59+00:00\",\"mainEntityOfPage\":{\"@id\":\"https:\/\/portaldoestado.com.br\/index.php\/2025\/08\/17\/baile-do-bb-reune-estrelas-e-reforca-a-uniao-entre-glamour-e-solidariedade-em-sao-paulo\/\"},\"wordCount\":346,\"publisher\":{\"@id\":\"https:\/\/portaldoestado.com.br\/#organization\"},\"image\":{\"@id\":\"https:\/\/portaldoestado.com.br\/index.php\/2025\/08\/17\/baile-do-bb-reune-estrelas-e-reforca-a-uniao-entre-glamour-e-solidariedade-em-sao-paulo\/#primaryimage\"},\"thumbnailUrl\":\"https:\/\/portaldoestado.com.br\/wp-content\/uploads\/2025\/08\/wF7wtXCq-Padrao-para-Portal-LeoDias-5.jpg\",\"articleSection\":[\"Famosos\"],\"inLanguage\":\"pt-BR\"},{\"@type\":\"WebPage\",\"@id\":\"https:\/\/portaldoestado.com.br\/index.php\/2025\/08\/17\/baile-do-bb-reune-estrelas-e-reforca-a-uniao-entre-glamour-e-solidariedade-em-sao-paulo\/\",\"url\":\"https:\/\/portaldoestado.com.br\/index.php\/2025\/08\/17\/baile-do-bb-reune-estrelas-e-reforca-a-uniao-entre-glamour-e-solidariedade-em-sao-paulo\/\",\"name\":\"Baile do BB re\u00fane estrelas e refor\u00e7a a uni\u00e3o entre glamour e solidariedade em S\u00e3o Paulo - Portal do Estado\",\"isPartOf\":{\"@id\":\"https:\/\/portaldoestado.com.br\/#website\"},\"primaryImageOfPage\":{\"@id\":\"https:\/\/portaldoestado.com.br\/index.php\/2025\/08\/17\/baile-do-bb-reune-estrelas-e-reforca-a-uniao-entre-glamour-e-solidariedade-em-sao-paulo\/#primaryimage\"},\"image\":{\"@id\":\"https:\/\/portaldoestado.com.br\/index.php\/2025\/08\/17\/baile-do-bb-reune-estrelas-e-reforca-a-uniao-entre-glamour-e-solidariedade-em-sao-paulo\/#primaryimage\"},\"thumbnailUrl\":\"https:\/\/portaldoestado.com.br\/wp-content\/uploads\/2025\/08\/wF7wtXCq-Padrao-para-Portal-LeoDias-5.jpg\",\"datePublished\":\"2025-08-17T15:31:59+00:00\",\"breadcrumb\":{\"@id\":\"https:\/\/portaldoestado.com.br\/index.php\/2025\/08\/17\/baile-do-bb-reune-estrelas-e-reforca-a-uniao-entre-glamour-e-solidariedade-em-sao-paulo\/#breadcrumb\"},\"inLanguage\":\"pt-BR\",\"potentialAction\":[{\"@type\":\"ReadAction\",\"target\":[\"https:\/\/portaldoestado.com.br\/index.php\/2025\/08\/17\/baile-do-bb-reune-estrelas-e-reforca-a-uniao-entre-glamour-e-solidariedade-em-sao-paulo\/\"]}]},{\"@type\":\"ImageObject\",\"inLanguage\":\"pt-BR\",\"@id\":\"https:\/\/portaldoestado.com.br\/index.php\/2025\/08\/17\/baile-do-bb-reune-estrelas-e-reforca-a-uniao-entre-glamour-e-solidariedade-em-sao-paulo\/#primaryimage\",\"url\":\"https:\/\/portaldoestado.com.br\/wp-content\/uploads\/2025\/08\/wF7wtXCq-Padrao-para-Portal-LeoDias-5.jpg\",\"contentUrl\":\"https:\/\/portaldoestado.com.br\/wp-content\/uploads\/2025\/08\/wF7wtXCq-Padrao-para-Portal-LeoDias-5.jpg\",\"width\":1200,\"height\":900},{\"@type\":\"BreadcrumbList\",\"@id\":\"https:\/\/portaldoestado.com.br\/index.php\/2025\/08\/17\/baile-do-bb-reune-estrelas-e-reforca-a-uniao-entre-glamour-e-solidariedade-em-sao-paulo\/#breadcrumb\",\"itemListElement\":[{\"@type\":\"ListItem\",\"position\":1,\"name\":\"In\u00edcio\",\"item\":\"https:\/\/portaldoestado.com.br\/\"},{\"@type\":\"ListItem\",\"position\":2,\"name\":\"Baile do BB re\u00fane estrelas e refor\u00e7a a uni\u00e3o entre glamour e solidariedade em S\u00e3o Paulo\"}]},{\"@type\":\"WebSite\",\"@id\":\"https:\/\/portaldoestado.com.br\/#website\",\"url\":\"https:\/\/portaldoestado.com.br\/\",\"name\":\"Portal do Estado\",\"description\":\"\",\"publisher\":{\"@id\":\"https:\/\/portaldoestado.com.br\/#organization\"},\"potentialAction\":[{\"@type\":\"SearchAction\",\"target\":{\"@type\":\"EntryPoint\",\"urlTemplate\":\"https:\/\/portaldoestado.com.br\/?s={search_term_string}\"},\"query-input\":{\"@type\":\"PropertyValueSpecification\",\"valueRequired\":true,\"valueName\":\"search_term_string\"}}],\"inLanguage\":\"pt-BR\"},{\"@type\":\"Organization\",\"@id\":\"https:\/\/portaldoestado.com.br\/#organization\",\"name\":\"Portal do Estado\",\"url\":\"https:\/\/portaldoestado.com.br\/\",\"logo\":{\"@type\":\"ImageObject\",\"inLanguage\":\"pt-BR\",\"@id\":\"https:\/\/portaldoestado.com.br\/#\/schema\/logo\/image\/\",\"url\":\"https:\/\/portaldoestado.com.br\/wp-content\/uploads\/2025\/04\/cropped-6f69b19a-6472-43bf-b1b3-e1910bbbd4e8.png\",\"contentUrl\":\"https:\/\/portaldoestado.com.br\/wp-content\/uploads\/2025\/04\/cropped-6f69b19a-6472-43bf-b1b3-e1910bbbd4e8.png\",\"width\":1024,\"height\":350,\"caption\":\"Portal do Estado\"},\"image\":{\"@id\":\"https:\/\/portaldoestado.com.br\/#\/schema\/logo\/image\/\"}},{\"@type\":\"Person\",\"@id\":\"https:\/\/portaldoestado.com.br\/#\/schema\/person\/5ca0174f3c8c84b59da62ea14b698cb9\",\"name\":\"assessoriadefamosos\",\"image\":{\"@type\":\"ImageObject\",\"inLanguage\":\"pt-BR\",\"@id\":\"https:\/\/portaldoestado.com.br\/#\/schema\/person\/image\/\",\"url\":\"https:\/\/secure.gravatar.com\/avatar\/a7acbdffcfbbae7240e59f47fe511ec5f5d8c252c779f0b8d9ab02a9e1d8c5ed?s=96&d=mm&r=g\",\"contentUrl\":\"https:\/\/secure.gravatar.com\/avatar\/a7acbdffcfbbae7240e59f47fe511ec5f5d8c252c779f0b8d9ab02a9e1d8c5ed?s=96&d=mm&r=g\",\"caption\":\"assessoriadefamosos\"},\"url\":\"https:\/\/portaldoestado.com.br\/index.php\/author\/assessoriadefamosos\/\"}]}<\/script>\n<!-- \/ Yoast SEO plugin. -->","yoast_head_json":{"title":"Baile do BB re\u00fane estrelas e refor\u00e7a a uni\u00e3o entre glamour e solidariedade em S\u00e3o Paulo - Portal do Estado","robots":{"index":"index","follow":"follow","max-snippet":"max-snippet:-1","max-image-preview":"max-image-preview:large","max-video-preview":"max-video-preview:-1"},"canonical":"https:\/\/portaldoestado.com.br\/index.php\/2025\/08\/17\/baile-do-bb-reune-estrelas-e-reforca-a-uniao-entre-glamour-e-solidariedade-em-sao-paulo\/","og_locale":"pt_BR","og_type":"article","og_title":"Baile do BB re\u00fane estrelas e refor\u00e7a a uni\u00e3o entre glamour e solidariedade em S\u00e3o Paulo - Portal do Estado","og_description":"O Hotel Rosewood, em S\u00e3o Paulo, foi cen\u00e1rio de uma noite de puro requinte no \u00faltimo s\u00e1bado (16), quando recebeu a quinta edi\u00e7\u00e3o do Baile do BB. Idealizado por Beto Pacheco e Tiago Moura, o evento j\u00e1 figura entre os mais prestigiados do calend\u00e1rio social brasileiro. Este ano, a celebra\u00e7\u00e3o trouxe como refer\u00eancia o tema \u2026","og_url":"https:\/\/portaldoestado.com.br\/index.php\/2025\/08\/17\/baile-do-bb-reune-estrelas-e-reforca-a-uniao-entre-glamour-e-solidariedade-em-sao-paulo\/","og_site_name":"Portal do Estado","article_published_time":"2025-08-17T15:31:59+00:00","og_image":[{"width":1200,"height":900,"url":"https:\/\/portaldoestado.com.br\/wp-content\/uploads\/2025\/08\/wF7wtXCq-Padrao-para-Portal-LeoDias-5.jpg","type":"image\/jpeg"}],"author":"assessoriadefamosos","twitter_card":"summary_large_image","twitter_misc":{"Escrito por":"assessoriadefamosos","Est. tempo de leitura":"2 minutos"},"schema":{"@context":"https:\/\/schema.org","@graph":[{"@type":"Article","@id":"https:\/\/portaldoestado.com.br\/index.php\/2025\/08\/17\/baile-do-bb-reune-estrelas-e-reforca-a-uniao-entre-glamour-e-solidariedade-em-sao-paulo\/#article","isPartOf":{"@id":"https:\/\/portaldoestado.com.br\/index.php\/2025\/08\/17\/baile-do-bb-reune-estrelas-e-reforca-a-uniao-entre-glamour-e-solidariedade-em-sao-paulo\/"},"author":{"name":"assessoriadefamosos","@id":"https:\/\/portaldoestado.com.br\/#\/schema\/person\/5ca0174f3c8c84b59da62ea14b698cb9"},"headline":"Baile do BB re\u00fane estrelas e refor\u00e7a a uni\u00e3o entre glamour e solidariedade em S\u00e3o Paulo","datePublished":"2025-08-17T15:31:59+00:00","mainEntityOfPage":{"@id":"https:\/\/portaldoestado.com.br\/index.php\/2025\/08\/17\/baile-do-bb-reune-estrelas-e-reforca-a-uniao-entre-glamour-e-solidariedade-em-sao-paulo\/"},"wordCount":346,"publisher":{"@id":"https:\/\/portaldoestado.com.br\/#organization"},"image":{"@id":"https:\/\/portaldoestado.com.br\/index.php\/2025\/08\/17\/baile-do-bb-reune-estrelas-e-reforca-a-uniao-entre-glamour-e-solidariedade-em-sao-paulo\/#primaryimage"},"thumbnailUrl":"https:\/\/portaldoestado.com.br\/wp-content\/uploads\/2025\/08\/wF7wtXCq-Padrao-para-Portal-LeoDias-5.jpg","articleSection":["Famosos"],"inLanguage":"pt-BR"},{"@type":"WebPage","@id":"https:\/\/portaldoestado.com.br\/index.php\/2025\/08\/17\/baile-do-bb-reune-estrelas-e-reforca-a-uniao-entre-glamour-e-solidariedade-em-sao-paulo\/","url":"https:\/\/portaldoestado.com.br\/index.php\/2025\/08\/17\/baile-do-bb-reune-estrelas-e-reforca-a-uniao-entre-glamour-e-solidariedade-em-sao-paulo\/","name":"Baile do BB re\u00fane estrelas e refor\u00e7a a uni\u00e3o entre glamour e solidariedade em S\u00e3o Paulo - Portal do Estado","isPartOf":{"@id":"https:\/\/portaldoestado.com.br\/#website"},"primaryImageOfPage":{"@id":"https:\/\/portaldoestado.com.br\/index.php\/2025\/08\/17\/baile-do-bb-reune-estrelas-e-reforca-a-uniao-entre-glamour-e-solidariedade-em-sao-paulo\/#primaryimage"},"image":{"@id":"https:\/\/portaldoestado.com.br\/index.php\/2025\/08\/17\/baile-do-bb-reune-estrelas-e-reforca-a-uniao-entre-glamour-e-solidariedade-em-sao-paulo\/#primaryimage"},"thumbnailUrl":"https:\/\/portaldoestado.com.br\/wp-content\/uploads\/2025\/08\/wF7wtXCq-Padrao-para-Portal-LeoDias-5.jpg","datePublished":"2025-08-17T15:31:59+00:00","breadcrumb":{"@id":"https:\/\/portaldoestado.com.br\/index.php\/2025\/08\/17\/baile-do-bb-reune-estrelas-e-reforca-a-uniao-entre-glamour-e-solidariedade-em-sao-paulo\/#breadcrumb"},"inLanguage":"pt-BR","potentialAction":[{"@type":"ReadAction","target":["https:\/\/portaldoestado.com.br\/index.php\/2025\/08\/17\/baile-do-bb-reune-estrelas-e-reforca-a-uniao-entre-glamour-e-solidariedade-em-sao-paulo\/"]}]},{"@type":"ImageObject","inLanguage":"pt-BR","@id":"https:\/\/portaldoestado.com.br\/index.php\/2025\/08\/17\/baile-do-bb-reune-estrelas-e-reforca-a-uniao-entre-glamour-e-solidariedade-em-sao-paulo\/#primaryimage","url":"https:\/\/portaldoestado.com.br\/wp-content\/uploads\/2025\/08\/wF7wtXCq-Padrao-para-Portal-LeoDias-5.jpg","contentUrl":"https:\/\/portaldoestado.com.br\/wp-content\/uploads\/2025\/08\/wF7wtXCq-Padrao-para-Portal-LeoDias-5.jpg","width":1200,"height":900},{"@type":"BreadcrumbList","@id":"https:\/\/portaldoestado.com.br\/index.php\/2025\/08\/17\/baile-do-bb-reune-estrelas-e-reforca-a-uniao-entre-glamour-e-solidariedade-em-sao-paulo\/#breadcrumb","itemListElement":[{"@type":"ListItem","position":1,"name":"In\u00edcio","item":"https:\/\/portaldoestado.com.br\/"},{"@type":"ListItem","position":2,"name":"Baile do BB re\u00fane estrelas e refor\u00e7a a uni\u00e3o entre glamour e solidariedade em S\u00e3o Paulo"}]},{"@type":"WebSite","@id":"https:\/\/portaldoestado.com.br\/#website","url":"https:\/\/portaldoestado.com.br\/","name":"Portal do Estado","description":"","publisher":{"@id":"https:\/\/portaldoestado.com.br\/#organization"},"potentialAction":[{"@type":"SearchAction","target":{"@type":"EntryPoint","urlTemplate":"https:\/\/portaldoestado.com.br\/?s={search_term_string}"},"query-input":{"@type":"PropertyValueSpecification","valueRequired":true,"valueName":"search_term_string"}}],"inLanguage":"pt-BR"},{"@type":"Organization","@id":"https:\/\/portaldoestado.com.br\/#organization","name":"Portal do Estado","url":"https:\/\/portaldoestado.com.br\/","logo":{"@type":"ImageObject","inLanguage":"pt-BR","@id":"https:\/\/portaldoestado.com.br\/#\/schema\/logo\/image\/","url":"https:\/\/portaldoestado.com.br\/wp-content\/uploads\/2025\/04\/cropped-6f69b19a-6472-43bf-b1b3-e1910bbbd4e8.png","contentUrl":"https:\/\/portaldoestado.com.br\/wp-content\/uploads\/2025\/04\/cropped-6f69b19a-6472-43bf-b1b3-e1910bbbd4e8.png","width":1024,"height":350,"caption":"Portal do Estado"},"image":{"@id":"https:\/\/portaldoestado.com.br\/#\/schema\/logo\/image\/"}},{"@type":"Person","@id":"https:\/\/portaldoestado.com.br\/#\/schema\/person\/5ca0174f3c8c84b59da62ea14b698cb9","name":"assessoriadefamosos","image":{"@type":"ImageObject","inLanguage":"pt-BR","@id":"https:\/\/portaldoestado.com.br\/#\/schema\/person\/image\/","url":"https:\/\/secure.gravatar.com\/avatar\/a7acbdffcfbbae7240e59f47fe511ec5f5d8c252c779f0b8d9ab02a9e1d8c5ed?s=96&d=mm&r=g","contentUrl":"https:\/\/secure.gravatar.com\/avatar\/a7acbdffcfbbae7240e59f47fe511ec5f5d8c252c779f0b8d9ab02a9e1d8c5ed?s=96&d=mm&r=g","caption":"assessoriadefamosos"},"url":"https:\/\/portaldoestado.com.br\/index.php\/author\/assessoriadefamosos\/"}]}},"jetpack_featured_media_url":"https:\/\/portaldoestado.com.br\/wp-content\/uploads\/2025\/08\/wF7wtXCq-Padrao-para-Portal-LeoDias-5.jpg","_links":{"self":[{"href":"https:\/\/portaldoestado.com.br\/index.php\/wp-json\/wp\/v2\/posts\/1756","targetHints":{"allow":["GET"]}}],"collection":[{"href":"https:\/\/portaldoestado.com.br\/index.php\/wp-json\/wp\/v2\/posts"}],"about":[{"href":"https:\/\/portaldoestado.com.br\/index.php\/wp-json\/wp\/v2\/types\/post"}],"author":[{"embeddable":true,"href":"https:\/\/portaldoestado.com.br\/index.php\/wp-json\/wp\/v2\/users\/2"}],"replies":[{"embeddable":true,"href":"https:\/\/portaldoestado.com.br\/index.php\/wp-json\/wp\/v2\/comments?post=1756"}],"version-history":[{"count":1,"href":"https:\/\/portaldoestado.com.br\/index.php\/wp-json\/wp\/v2\/posts\/1756\/revisions"}],"predecessor-version":[{"id":1757,"href":"https:\/\/portaldoestado.com.br\/index.php\/wp-json\/wp\/v2\/posts\/1756\/revisions\/1757"}],"wp:featuredmedia":[{"embeddable":true,"href":"https:\/\/portaldoestado.com.br\/index.php\/wp-json\/wp\/v2\/media\/1755"}],"wp:attachment":[{"href":"https:\/\/portaldoestado.com.br\/index.php\/wp-json\/wp\/v2\/media?parent=1756"}],"wp:term":[{"taxonomy":"category","embeddable":true,"href":"https:\/\/portaldoestado.com.br\/index.php\/wp-json\/wp\/v2\/categories?post=1756"},{"taxonomy":"post_tag","embeddable":true,"href":"https:\/\/portaldoestado.com.br\/index.php\/wp-json\/wp\/v2\/tags?post=1756"}],"curies":[{"name":"wp","href":"https:\/\/api.w.org\/{rel}","templated":true}]}}