{"id":1738,"date":"2025-08-15T19:52:18","date_gmt":"2025-08-15T19:52:18","guid":{"rendered":"https:\/\/portaldoestado.com.br\/?p=1738"},"modified":"2025-08-15T19:52:18","modified_gmt":"2025-08-15T19:52:18","slug":"fiorella-e-kaique-felipe-lancam-so-vivendo-cancao-sobre-recomecos-no-amor","status":"publish","type":"post","link":"https:\/\/portaldoestado.com.br\/index.php\/2025\/08\/15\/fiorella-e-kaique-felipe-lancam-so-vivendo-cancao-sobre-recomecos-no-amor\/","title":{"rendered":"Fiorella e Kaique &amp; Felipe lan\u00e7am \u201cS\u00f3 Vivendo\u201d, can\u00e7\u00e3o sobre recome\u00e7os no amor"},"content":{"rendered":"\n<p>A nova faixa chega \u00e0s plataformas nesta quinta-feira (10) e fala sobre dores do passado, aprendizado e a descoberta de um amor transformador. Uma colabora\u00e7\u00e3o que promete emocionar o p\u00fablico! A cantora Fiorella se une \u00e0 dupla Kaique &#038; Felipe no lan\u00e7amento de <strong>\u201cS\u00f3 Vivendo\u201d<\/strong>, dispon\u00edvel em todas as plataformas de \u00e1udio e v\u00eddeo a partir desta quinta-feira (10), \u00e0s 21h.<\/p>\n\n\n\n<p>Composta por Felipe KEF, Ray Ferrari e Anderson Marreta, a m\u00fasica narra a trajet\u00f3ria de algu\u00e9m que enfrentou relacionamentos frustrados, decep\u00e7\u00f5es e m\u00e1goas, mas que aprendeu com cada experi\u00eancia, at\u00e9 finalmente encontrar um amor verdadeiro capaz de transformar sua vida.<\/p>\n\n\n\n<p>\u201cFoi uma alegria enorme dividir esse projeto com o Kaique &#038; Felipe. A conex\u00e3o fluiu desde o primeiro momento e tudo aconteceu de forma muito natural. T\u00f4 muito feliz com o resultado! Essa m\u00fasica tem uma energia especial e poder cant\u00e1-la com os meninos tornou tudo ainda mais significativo. Acho que muita gente vai se identificar, t\u00f4 super animada pra ver a rea\u00e7\u00e3o do p\u00fablico!\u201d, celebra Fiorella.<\/p>\n\n\n\n<p>Kaique tamb\u00e9m compartilha sua experi\u00eancia: \u201cGravar \u2018S\u00f3 Vivendo\u2019 com a Fiorella foi incr\u00edvel! Somos f\u00e3s dela e ainda tem o Sorocaba, que \u00e9 nosso irm\u00e3o, como empres\u00e1rio. A m\u00fasica tem uma letra madura, fala sobre aprender com os erros e viver um amor diferente. Esse feat traduz bem a ess\u00eancia do Kaique &#038; Felipe e da Fiorella \u2013 rom\u00e2ntica e cheia de sentimento.\u201d<\/p>\n\n\n\n<p>Felipe completa: \u201cA Fiorella \u00e9 uma artista que a gente admira demais. Quando surgiu o convite pra gravar \u2018S\u00f3 Vivendo\u2019, fiquei muito feliz \u2013 a m\u00fasica tem a cara dela! Fala de um amor leve, positivo, e traz uma energia que t\u00e1 fazendo falta no sertanejo. Com ela e os KEF no beat, \u00e9 sucesso na certa!\u201d<\/p>\n\n\n\n<p>O lan\u00e7amento vem acompanhado de <strong>clipe oficial<\/strong>, dirigido por Rafa Costakent e gravado em S\u00e3o Paulo. O v\u00eddeo mescla cenas do trio com interpreta\u00e7\u00f5es de Fiorella, intensificando a mensagem da can\u00e7\u00e3o.<\/p>\n\n\n\n<p><strong>Informa\u00e7\u00f5es da faixa:<\/strong><\/p>\n\n\n\n<ul class=\"wp-block-list\">\n<li><strong>T\u00edtulo:<\/strong> S\u00f3 Vivendo<\/li>\n\n\n\n<li><strong>Artistas:<\/strong> Fiorella, Kaique &#038; Felipe<\/li>\n\n\n\n<li><strong>Lan\u00e7amento:<\/strong> 10 de julho de 2025<\/li>\n\n\n\n<li><strong>Compositores:<\/strong> Felipe KEF, Ray Ferrari, Anderson Marreta<\/li>\n<\/ul>\n\n\n\n<p><strong>Trecho da letra:<\/strong><\/p>\n\n\n\n<p>Agrade\u00e7o os textos de raiva\nDigitados \u00e0 base de l\u00e1grimas\nE toda vez que eu me arrumei\nE que eu me preparei pra quebrar a cara\n[&#8230;]\nSeu beijo chegou me mostrando\nQue antes de voc\u00ea s\u00f3 tava respirando\nN\u00e3o sei se eu tava s\u00f3 vivendo\nOu esperando por esse momento<\/p>\n","protected":false},"excerpt":{"rendered":"<p>A nova faixa chega \u00e0s plataformas nesta quinta-feira (10) e fala sobre dores do passado, aprendizado e a descoberta de um amor transformador. Uma colabora\u00e7\u00e3o que promete emocionar o p\u00fablico! A cantora Fiorella se une \u00e0 dupla Kaique &#038; Felipe no lan\u00e7amento de \u201cS\u00f3 Vivendo\u201d, dispon\u00edvel em todas as plataformas de \u00e1udio e v\u00eddeo a \u2026<\/p>\n","protected":false},"author":2,"featured_media":1737,"comment_status":"closed","ping_status":"open","sticky":false,"template":"","format":"standard","meta":{"footnotes":""},"categories":[3],"tags":[],"class_list":["post-1738","post","type-post","status-publish","format-standard","has-post-thumbnail","hentry","category-famosos"],"yoast_head":"<!-- This site is optimized with the Yoast SEO plugin v25.5 - https:\/\/yoast.com\/wordpress\/plugins\/seo\/ -->\n<title>Fiorella e Kaique &amp; Felipe lan\u00e7am \u201cS\u00f3 Vivendo\u201d, can\u00e7\u00e3o sobre recome\u00e7os no amor - Portal do Estado<\/title>\n<meta name=\"robots\" content=\"index, follow, max-snippet:-1, max-image-preview:large, max-video-preview:-1\" \/>\n<link rel=\"canonical\" href=\"https:\/\/portaldoestado.com.br\/index.php\/2025\/08\/15\/fiorella-e-kaique-felipe-lancam-so-vivendo-cancao-sobre-recomecos-no-amor\/\" \/>\n<meta property=\"og:locale\" content=\"pt_BR\" \/>\n<meta property=\"og:type\" content=\"article\" \/>\n<meta property=\"og:title\" content=\"Fiorella e Kaique &amp; Felipe lan\u00e7am \u201cS\u00f3 Vivendo\u201d, can\u00e7\u00e3o sobre recome\u00e7os no amor - Portal do Estado\" \/>\n<meta property=\"og:description\" content=\"A nova faixa chega \u00e0s plataformas nesta quinta-feira (10) e fala sobre dores do passado, aprendizado e a descoberta de um amor transformador. Uma colabora\u00e7\u00e3o que promete emocionar o p\u00fablico! A cantora Fiorella se une \u00e0 dupla Kaique &amp; Felipe no lan\u00e7amento de \u201cS\u00f3 Vivendo\u201d, dispon\u00edvel em todas as plataformas de \u00e1udio e v\u00eddeo a \u2026\" \/>\n<meta property=\"og:url\" content=\"https:\/\/portaldoestado.com.br\/index.php\/2025\/08\/15\/fiorella-e-kaique-felipe-lancam-so-vivendo-cancao-sobre-recomecos-no-amor\/\" \/>\n<meta property=\"og:site_name\" content=\"Portal do Estado\" \/>\n<meta property=\"article:published_time\" content=\"2025-08-15T19:52:18+00:00\" \/>\n<meta property=\"og:image\" content=\"https:\/\/portaldoestado.com.br\/wp-content\/uploads\/2025\/08\/So-Vivendo-Fiorella-_-Kaique-e-Felipe.jpg\" \/>\n\t<meta property=\"og:image:width\" content=\"2000\" \/>\n\t<meta property=\"og:image:height\" content=\"2000\" \/>\n\t<meta property=\"og:image:type\" content=\"image\/jpeg\" \/>\n<meta name=\"author\" content=\"assessoriadefamosos\" \/>\n<meta name=\"twitter:card\" content=\"summary_large_image\" \/>\n<meta name=\"twitter:label1\" content=\"Escrito por\" \/>\n\t<meta name=\"twitter:data1\" content=\"assessoriadefamosos\" \/>\n\t<meta name=\"twitter:label2\" content=\"Est. tempo de leitura\" \/>\n\t<meta name=\"twitter:data2\" content=\"2 minutos\" \/>\n<script type=\"application\/ld+json\" class=\"yoast-schema-graph\">{\"@context\":\"https:\/\/schema.org\",\"@graph\":[{\"@type\":\"Article\",\"@id\":\"https:\/\/portaldoestado.com.br\/index.php\/2025\/08\/15\/fiorella-e-kaique-felipe-lancam-so-vivendo-cancao-sobre-recomecos-no-amor\/#article\",\"isPartOf\":{\"@id\":\"https:\/\/portaldoestado.com.br\/index.php\/2025\/08\/15\/fiorella-e-kaique-felipe-lancam-so-vivendo-cancao-sobre-recomecos-no-amor\/\"},\"author\":{\"name\":\"assessoriadefamosos\",\"@id\":\"https:\/\/portaldoestado.com.br\/#\/schema\/person\/5ca0174f3c8c84b59da62ea14b698cb9\"},\"headline\":\"Fiorella e Kaique &amp; Felipe lan\u00e7am \u201cS\u00f3 Vivendo\u201d, can\u00e7\u00e3o sobre recome\u00e7os no amor\",\"datePublished\":\"2025-08-15T19:52:18+00:00\",\"mainEntityOfPage\":{\"@id\":\"https:\/\/portaldoestado.com.br\/index.php\/2025\/08\/15\/fiorella-e-kaique-felipe-lancam-so-vivendo-cancao-sobre-recomecos-no-amor\/\"},\"wordCount\":434,\"publisher\":{\"@id\":\"https:\/\/portaldoestado.com.br\/#organization\"},\"image\":{\"@id\":\"https:\/\/portaldoestado.com.br\/index.php\/2025\/08\/15\/fiorella-e-kaique-felipe-lancam-so-vivendo-cancao-sobre-recomecos-no-amor\/#primaryimage\"},\"thumbnailUrl\":\"https:\/\/portaldoestado.com.br\/wp-content\/uploads\/2025\/08\/So-Vivendo-Fiorella-_-Kaique-e-Felipe.jpg\",\"articleSection\":[\"Famosos\"],\"inLanguage\":\"pt-BR\"},{\"@type\":\"WebPage\",\"@id\":\"https:\/\/portaldoestado.com.br\/index.php\/2025\/08\/15\/fiorella-e-kaique-felipe-lancam-so-vivendo-cancao-sobre-recomecos-no-amor\/\",\"url\":\"https:\/\/portaldoestado.com.br\/index.php\/2025\/08\/15\/fiorella-e-kaique-felipe-lancam-so-vivendo-cancao-sobre-recomecos-no-amor\/\",\"name\":\"Fiorella e Kaique &amp; Felipe lan\u00e7am \u201cS\u00f3 Vivendo\u201d, can\u00e7\u00e3o sobre recome\u00e7os no amor - Portal do Estado\",\"isPartOf\":{\"@id\":\"https:\/\/portaldoestado.com.br\/#website\"},\"primaryImageOfPage\":{\"@id\":\"https:\/\/portaldoestado.com.br\/index.php\/2025\/08\/15\/fiorella-e-kaique-felipe-lancam-so-vivendo-cancao-sobre-recomecos-no-amor\/#primaryimage\"},\"image\":{\"@id\":\"https:\/\/portaldoestado.com.br\/index.php\/2025\/08\/15\/fiorella-e-kaique-felipe-lancam-so-vivendo-cancao-sobre-recomecos-no-amor\/#primaryimage\"},\"thumbnailUrl\":\"https:\/\/portaldoestado.com.br\/wp-content\/uploads\/2025\/08\/So-Vivendo-Fiorella-_-Kaique-e-Felipe.jpg\",\"datePublished\":\"2025-08-15T19:52:18+00:00\",\"breadcrumb\":{\"@id\":\"https:\/\/portaldoestado.com.br\/index.php\/2025\/08\/15\/fiorella-e-kaique-felipe-lancam-so-vivendo-cancao-sobre-recomecos-no-amor\/#breadcrumb\"},\"inLanguage\":\"pt-BR\",\"potentialAction\":[{\"@type\":\"ReadAction\",\"target\":[\"https:\/\/portaldoestado.com.br\/index.php\/2025\/08\/15\/fiorella-e-kaique-felipe-lancam-so-vivendo-cancao-sobre-recomecos-no-amor\/\"]}]},{\"@type\":\"ImageObject\",\"inLanguage\":\"pt-BR\",\"@id\":\"https:\/\/portaldoestado.com.br\/index.php\/2025\/08\/15\/fiorella-e-kaique-felipe-lancam-so-vivendo-cancao-sobre-recomecos-no-amor\/#primaryimage\",\"url\":\"https:\/\/portaldoestado.com.br\/wp-content\/uploads\/2025\/08\/So-Vivendo-Fiorella-_-Kaique-e-Felipe.jpg\",\"contentUrl\":\"https:\/\/portaldoestado.com.br\/wp-content\/uploads\/2025\/08\/So-Vivendo-Fiorella-_-Kaique-e-Felipe.jpg\",\"width\":2000,\"height\":2000},{\"@type\":\"BreadcrumbList\",\"@id\":\"https:\/\/portaldoestado.com.br\/index.php\/2025\/08\/15\/fiorella-e-kaique-felipe-lancam-so-vivendo-cancao-sobre-recomecos-no-amor\/#breadcrumb\",\"itemListElement\":[{\"@type\":\"ListItem\",\"position\":1,\"name\":\"In\u00edcio\",\"item\":\"https:\/\/portaldoestado.com.br\/\"},{\"@type\":\"ListItem\",\"position\":2,\"name\":\"Fiorella e Kaique &amp; Felipe lan\u00e7am \u201cS\u00f3 Vivendo\u201d, can\u00e7\u00e3o sobre recome\u00e7os no amor\"}]},{\"@type\":\"WebSite\",\"@id\":\"https:\/\/portaldoestado.com.br\/#website\",\"url\":\"https:\/\/portaldoestado.com.br\/\",\"name\":\"Portal do Estado\",\"description\":\"\",\"publisher\":{\"@id\":\"https:\/\/portaldoestado.com.br\/#organization\"},\"potentialAction\":[{\"@type\":\"SearchAction\",\"target\":{\"@type\":\"EntryPoint\",\"urlTemplate\":\"https:\/\/portaldoestado.com.br\/?s={search_term_string}\"},\"query-input\":{\"@type\":\"PropertyValueSpecification\",\"valueRequired\":true,\"valueName\":\"search_term_string\"}}],\"inLanguage\":\"pt-BR\"},{\"@type\":\"Organization\",\"@id\":\"https:\/\/portaldoestado.com.br\/#organization\",\"name\":\"Portal do Estado\",\"url\":\"https:\/\/portaldoestado.com.br\/\",\"logo\":{\"@type\":\"ImageObject\",\"inLanguage\":\"pt-BR\",\"@id\":\"https:\/\/portaldoestado.com.br\/#\/schema\/logo\/image\/\",\"url\":\"https:\/\/portaldoestado.com.br\/wp-content\/uploads\/2025\/04\/cropped-6f69b19a-6472-43bf-b1b3-e1910bbbd4e8.png\",\"contentUrl\":\"https:\/\/portaldoestado.com.br\/wp-content\/uploads\/2025\/04\/cropped-6f69b19a-6472-43bf-b1b3-e1910bbbd4e8.png\",\"width\":1024,\"height\":350,\"caption\":\"Portal do Estado\"},\"image\":{\"@id\":\"https:\/\/portaldoestado.com.br\/#\/schema\/logo\/image\/\"}},{\"@type\":\"Person\",\"@id\":\"https:\/\/portaldoestado.com.br\/#\/schema\/person\/5ca0174f3c8c84b59da62ea14b698cb9\",\"name\":\"assessoriadefamosos\",\"image\":{\"@type\":\"ImageObject\",\"inLanguage\":\"pt-BR\",\"@id\":\"https:\/\/portaldoestado.com.br\/#\/schema\/person\/image\/\",\"url\":\"https:\/\/secure.gravatar.com\/avatar\/a7acbdffcfbbae7240e59f47fe511ec5f5d8c252c779f0b8d9ab02a9e1d8c5ed?s=96&d=mm&r=g\",\"contentUrl\":\"https:\/\/secure.gravatar.com\/avatar\/a7acbdffcfbbae7240e59f47fe511ec5f5d8c252c779f0b8d9ab02a9e1d8c5ed?s=96&d=mm&r=g\",\"caption\":\"assessoriadefamosos\"},\"url\":\"https:\/\/portaldoestado.com.br\/index.php\/author\/assessoriadefamosos\/\"}]}<\/script>\n<!-- \/ Yoast SEO plugin. -->","yoast_head_json":{"title":"Fiorella e Kaique &amp; Felipe lan\u00e7am \u201cS\u00f3 Vivendo\u201d, can\u00e7\u00e3o sobre recome\u00e7os no amor - Portal do Estado","robots":{"index":"index","follow":"follow","max-snippet":"max-snippet:-1","max-image-preview":"max-image-preview:large","max-video-preview":"max-video-preview:-1"},"canonical":"https:\/\/portaldoestado.com.br\/index.php\/2025\/08\/15\/fiorella-e-kaique-felipe-lancam-so-vivendo-cancao-sobre-recomecos-no-amor\/","og_locale":"pt_BR","og_type":"article","og_title":"Fiorella e Kaique &amp; Felipe lan\u00e7am \u201cS\u00f3 Vivendo\u201d, can\u00e7\u00e3o sobre recome\u00e7os no amor - Portal do Estado","og_description":"A nova faixa chega \u00e0s plataformas nesta quinta-feira (10) e fala sobre dores do passado, aprendizado e a descoberta de um amor transformador. Uma colabora\u00e7\u00e3o que promete emocionar o p\u00fablico! A cantora Fiorella se une \u00e0 dupla Kaique & Felipe no lan\u00e7amento de \u201cS\u00f3 Vivendo\u201d, dispon\u00edvel em todas as plataformas de \u00e1udio e v\u00eddeo a \u2026","og_url":"https:\/\/portaldoestado.com.br\/index.php\/2025\/08\/15\/fiorella-e-kaique-felipe-lancam-so-vivendo-cancao-sobre-recomecos-no-amor\/","og_site_name":"Portal do Estado","article_published_time":"2025-08-15T19:52:18+00:00","og_image":[{"width":2000,"height":2000,"url":"https:\/\/portaldoestado.com.br\/wp-content\/uploads\/2025\/08\/So-Vivendo-Fiorella-_-Kaique-e-Felipe.jpg","type":"image\/jpeg"}],"author":"assessoriadefamosos","twitter_card":"summary_large_image","twitter_misc":{"Escrito por":"assessoriadefamosos","Est. tempo de leitura":"2 minutos"},"schema":{"@context":"https:\/\/schema.org","@graph":[{"@type":"Article","@id":"https:\/\/portaldoestado.com.br\/index.php\/2025\/08\/15\/fiorella-e-kaique-felipe-lancam-so-vivendo-cancao-sobre-recomecos-no-amor\/#article","isPartOf":{"@id":"https:\/\/portaldoestado.com.br\/index.php\/2025\/08\/15\/fiorella-e-kaique-felipe-lancam-so-vivendo-cancao-sobre-recomecos-no-amor\/"},"author":{"name":"assessoriadefamosos","@id":"https:\/\/portaldoestado.com.br\/#\/schema\/person\/5ca0174f3c8c84b59da62ea14b698cb9"},"headline":"Fiorella e Kaique &amp; Felipe lan\u00e7am \u201cS\u00f3 Vivendo\u201d, can\u00e7\u00e3o sobre recome\u00e7os no amor","datePublished":"2025-08-15T19:52:18+00:00","mainEntityOfPage":{"@id":"https:\/\/portaldoestado.com.br\/index.php\/2025\/08\/15\/fiorella-e-kaique-felipe-lancam-so-vivendo-cancao-sobre-recomecos-no-amor\/"},"wordCount":434,"publisher":{"@id":"https:\/\/portaldoestado.com.br\/#organization"},"image":{"@id":"https:\/\/portaldoestado.com.br\/index.php\/2025\/08\/15\/fiorella-e-kaique-felipe-lancam-so-vivendo-cancao-sobre-recomecos-no-amor\/#primaryimage"},"thumbnailUrl":"https:\/\/portaldoestado.com.br\/wp-content\/uploads\/2025\/08\/So-Vivendo-Fiorella-_-Kaique-e-Felipe.jpg","articleSection":["Famosos"],"inLanguage":"pt-BR"},{"@type":"WebPage","@id":"https:\/\/portaldoestado.com.br\/index.php\/2025\/08\/15\/fiorella-e-kaique-felipe-lancam-so-vivendo-cancao-sobre-recomecos-no-amor\/","url":"https:\/\/portaldoestado.com.br\/index.php\/2025\/08\/15\/fiorella-e-kaique-felipe-lancam-so-vivendo-cancao-sobre-recomecos-no-amor\/","name":"Fiorella e Kaique &amp; Felipe lan\u00e7am \u201cS\u00f3 Vivendo\u201d, can\u00e7\u00e3o sobre recome\u00e7os no amor - Portal do Estado","isPartOf":{"@id":"https:\/\/portaldoestado.com.br\/#website"},"primaryImageOfPage":{"@id":"https:\/\/portaldoestado.com.br\/index.php\/2025\/08\/15\/fiorella-e-kaique-felipe-lancam-so-vivendo-cancao-sobre-recomecos-no-amor\/#primaryimage"},"image":{"@id":"https:\/\/portaldoestado.com.br\/index.php\/2025\/08\/15\/fiorella-e-kaique-felipe-lancam-so-vivendo-cancao-sobre-recomecos-no-amor\/#primaryimage"},"thumbnailUrl":"https:\/\/portaldoestado.com.br\/wp-content\/uploads\/2025\/08\/So-Vivendo-Fiorella-_-Kaique-e-Felipe.jpg","datePublished":"2025-08-15T19:52:18+00:00","breadcrumb":{"@id":"https:\/\/portaldoestado.com.br\/index.php\/2025\/08\/15\/fiorella-e-kaique-felipe-lancam-so-vivendo-cancao-sobre-recomecos-no-amor\/#breadcrumb"},"inLanguage":"pt-BR","potentialAction":[{"@type":"ReadAction","target":["https:\/\/portaldoestado.com.br\/index.php\/2025\/08\/15\/fiorella-e-kaique-felipe-lancam-so-vivendo-cancao-sobre-recomecos-no-amor\/"]}]},{"@type":"ImageObject","inLanguage":"pt-BR","@id":"https:\/\/portaldoestado.com.br\/index.php\/2025\/08\/15\/fiorella-e-kaique-felipe-lancam-so-vivendo-cancao-sobre-recomecos-no-amor\/#primaryimage","url":"https:\/\/portaldoestado.com.br\/wp-content\/uploads\/2025\/08\/So-Vivendo-Fiorella-_-Kaique-e-Felipe.jpg","contentUrl":"https:\/\/portaldoestado.com.br\/wp-content\/uploads\/2025\/08\/So-Vivendo-Fiorella-_-Kaique-e-Felipe.jpg","width":2000,"height":2000},{"@type":"BreadcrumbList","@id":"https:\/\/portaldoestado.com.br\/index.php\/2025\/08\/15\/fiorella-e-kaique-felipe-lancam-so-vivendo-cancao-sobre-recomecos-no-amor\/#breadcrumb","itemListElement":[{"@type":"ListItem","position":1,"name":"In\u00edcio","item":"https:\/\/portaldoestado.com.br\/"},{"@type":"ListItem","position":2,"name":"Fiorella e Kaique &amp; Felipe lan\u00e7am \u201cS\u00f3 Vivendo\u201d, can\u00e7\u00e3o sobre recome\u00e7os no amor"}]},{"@type":"WebSite","@id":"https:\/\/portaldoestado.com.br\/#website","url":"https:\/\/portaldoestado.com.br\/","name":"Portal do Estado","description":"","publisher":{"@id":"https:\/\/portaldoestado.com.br\/#organization"},"potentialAction":[{"@type":"SearchAction","target":{"@type":"EntryPoint","urlTemplate":"https:\/\/portaldoestado.com.br\/?s={search_term_string}"},"query-input":{"@type":"PropertyValueSpecification","valueRequired":true,"valueName":"search_term_string"}}],"inLanguage":"pt-BR"},{"@type":"Organization","@id":"https:\/\/portaldoestado.com.br\/#organization","name":"Portal do Estado","url":"https:\/\/portaldoestado.com.br\/","logo":{"@type":"ImageObject","inLanguage":"pt-BR","@id":"https:\/\/portaldoestado.com.br\/#\/schema\/logo\/image\/","url":"https:\/\/portaldoestado.com.br\/wp-content\/uploads\/2025\/04\/cropped-6f69b19a-6472-43bf-b1b3-e1910bbbd4e8.png","contentUrl":"https:\/\/portaldoestado.com.br\/wp-content\/uploads\/2025\/04\/cropped-6f69b19a-6472-43bf-b1b3-e1910bbbd4e8.png","width":1024,"height":350,"caption":"Portal do Estado"},"image":{"@id":"https:\/\/portaldoestado.com.br\/#\/schema\/logo\/image\/"}},{"@type":"Person","@id":"https:\/\/portaldoestado.com.br\/#\/schema\/person\/5ca0174f3c8c84b59da62ea14b698cb9","name":"assessoriadefamosos","image":{"@type":"ImageObject","inLanguage":"pt-BR","@id":"https:\/\/portaldoestado.com.br\/#\/schema\/person\/image\/","url":"https:\/\/secure.gravatar.com\/avatar\/a7acbdffcfbbae7240e59f47fe511ec5f5d8c252c779f0b8d9ab02a9e1d8c5ed?s=96&d=mm&r=g","contentUrl":"https:\/\/secure.gravatar.com\/avatar\/a7acbdffcfbbae7240e59f47fe511ec5f5d8c252c779f0b8d9ab02a9e1d8c5ed?s=96&d=mm&r=g","caption":"assessoriadefamosos"},"url":"https:\/\/portaldoestado.com.br\/index.php\/author\/assessoriadefamosos\/"}]}},"jetpack_featured_media_url":"https:\/\/portaldoestado.com.br\/wp-content\/uploads\/2025\/08\/So-Vivendo-Fiorella-_-Kaique-e-Felipe.jpg","_links":{"self":[{"href":"https:\/\/portaldoestado.com.br\/index.php\/wp-json\/wp\/v2\/posts\/1738","targetHints":{"allow":["GET"]}}],"collection":[{"href":"https:\/\/portaldoestado.com.br\/index.php\/wp-json\/wp\/v2\/posts"}],"about":[{"href":"https:\/\/portaldoestado.com.br\/index.php\/wp-json\/wp\/v2\/types\/post"}],"author":[{"embeddable":true,"href":"https:\/\/portaldoestado.com.br\/index.php\/wp-json\/wp\/v2\/users\/2"}],"replies":[{"embeddable":true,"href":"https:\/\/portaldoestado.com.br\/index.php\/wp-json\/wp\/v2\/comments?post=1738"}],"version-history":[{"count":1,"href":"https:\/\/portaldoestado.com.br\/index.php\/wp-json\/wp\/v2\/posts\/1738\/revisions"}],"predecessor-version":[{"id":1739,"href":"https:\/\/portaldoestado.com.br\/index.php\/wp-json\/wp\/v2\/posts\/1738\/revisions\/1739"}],"wp:featuredmedia":[{"embeddable":true,"href":"https:\/\/portaldoestado.com.br\/index.php\/wp-json\/wp\/v2\/media\/1737"}],"wp:attachment":[{"href":"https:\/\/portaldoestado.com.br\/index.php\/wp-json\/wp\/v2\/media?parent=1738"}],"wp:term":[{"taxonomy":"category","embeddable":true,"href":"https:\/\/portaldoestado.com.br\/index.php\/wp-json\/wp\/v2\/categories?post=1738"},{"taxonomy":"post_tag","embeddable":true,"href":"https:\/\/portaldoestado.com.br\/index.php\/wp-json\/wp\/v2\/tags?post=1738"}],"curies":[{"name":"wp","href":"https:\/\/api.w.org\/{rel}","templated":true}]}}