{"id":1735,"date":"2025-08-15T19:45:03","date_gmt":"2025-08-15T19:45:03","guid":{"rendered":"https:\/\/portaldoestado.com.br\/?p=1735"},"modified":"2025-08-15T19:45:03","modified_gmt":"2025-08-15T19:45:03","slug":"sold-out-em-menos-de-duas-horas-menos-e-mais-esgota-ingressos-para-o-churrasquinho","status":"publish","type":"post","link":"https:\/\/portaldoestado.com.br\/index.php\/2025\/08\/15\/sold-out-em-menos-de-duas-horas-menos-e-mais-esgota-ingressos-para-o-churrasquinho\/","title":{"rendered":"Sold out! Em menos de duas horas, Menos \u00e9 Mais esgota ingressos para o Churrasquinho -+"},"content":{"rendered":"\n<p><strong>Evento acontece em S\u00e3o Paulo no dia 1\u00ba de novembro e reunir\u00e1 15 mil pessoas<\/strong><\/p>\n\n\n\n<p>Nesta segunda-feira (11), o grupo <strong>Menos \u00e9 Mais<\/strong> iniciou as vendas para a pr\u00f3xima edi\u00e7\u00e3o do <strong>Churrasquinho -+<\/strong>, marcando o aguardado retorno da label ap\u00f3s quase um ano de hiato. E o comeback veio em grande estilo: com grava\u00e7\u00e3o de um novo audiovisual e ingressos esgotados em tempo recorde.<\/p>\n\n\n\n<p>Foram disponibilizados <strong>15 mil ingressos<\/strong>, todos vendidos em menos de <strong>duas horas<\/strong>. A demanda superou as expectativas: mais de <strong>21 mil pessoas<\/strong> acessaram simultaneamente a plataforma da <strong>Ingresse<\/strong> para garantir presen\u00e7a nesse momento especial do grupo.<\/p>\n\n\n\n<p>\u201cFicamos muito honrados com essa anima\u00e7\u00e3o do p\u00fablico para o retorno do Churrasquinho\u201d, comenta <strong>Duz\u00e3o<\/strong>. \u201cNos vemos em breve, S\u00e3o Paulo. Vai ser especial!\u201d.<\/p>\n","protected":false},"excerpt":{"rendered":"<p>Evento acontece em S\u00e3o Paulo no dia 1\u00ba de novembro e reunir\u00e1 15 mil pessoas Nesta segunda-feira (11), o grupo Menos \u00e9 Mais iniciou as vendas para a pr\u00f3xima edi\u00e7\u00e3o do Churrasquinho -+, marcando o aguardado retorno da label ap\u00f3s quase um ano de hiato. E o comeback veio em grande estilo: com grava\u00e7\u00e3o de \u2026<\/p>\n","protected":false},"author":2,"featured_media":1734,"comment_status":"closed","ping_status":"open","sticky":false,"template":"","format":"standard","meta":{"footnotes":""},"categories":[3],"tags":[],"class_list":["post-1735","post","type-post","status-publish","format-standard","has-post-thumbnail","hentry","category-famosos"],"yoast_head":"<!-- This site is optimized with the Yoast SEO plugin v25.5 - https:\/\/yoast.com\/wordpress\/plugins\/seo\/ -->\n<title>Sold out! Em menos de duas horas, Menos \u00e9 Mais esgota ingressos para o Churrasquinho -+ - Portal do Estado<\/title>\n<meta name=\"robots\" content=\"index, follow, max-snippet:-1, max-image-preview:large, max-video-preview:-1\" \/>\n<link rel=\"canonical\" href=\"https:\/\/portaldoestado.com.br\/index.php\/2025\/08\/15\/sold-out-em-menos-de-duas-horas-menos-e-mais-esgota-ingressos-para-o-churrasquinho\/\" \/>\n<meta property=\"og:locale\" content=\"pt_BR\" \/>\n<meta property=\"og:type\" content=\"article\" \/>\n<meta property=\"og:title\" content=\"Sold out! Em menos de duas horas, Menos \u00e9 Mais esgota ingressos para o Churrasquinho -+ - Portal do Estado\" \/>\n<meta property=\"og:description\" content=\"Evento acontece em S\u00e3o Paulo no dia 1\u00ba de novembro e reunir\u00e1 15 mil pessoas Nesta segunda-feira (11), o grupo Menos \u00e9 Mais iniciou as vendas para a pr\u00f3xima edi\u00e7\u00e3o do Churrasquinho -+, marcando o aguardado retorno da label ap\u00f3s quase um ano de hiato. E o comeback veio em grande estilo: com grava\u00e7\u00e3o de \u2026\" \/>\n<meta property=\"og:url\" content=\"https:\/\/portaldoestado.com.br\/index.php\/2025\/08\/15\/sold-out-em-menos-de-duas-horas-menos-e-mais-esgota-ingressos-para-o-churrasquinho\/\" \/>\n<meta property=\"og:site_name\" content=\"Portal do Estado\" \/>\n<meta property=\"article:published_time\" content=\"2025-08-15T19:45:03+00:00\" \/>\n<meta property=\"og:image\" content=\"https:\/\/portaldoestado.com.br\/wp-content\/uploads\/2025\/08\/churrasquinho-menos-e-mais-sao-paulo-2024-aspect-ratio-845-540.webp\" \/>\n\t<meta property=\"og:image:width\" content=\"845\" \/>\n\t<meta property=\"og:image:height\" content=\"540\" \/>\n\t<meta property=\"og:image:type\" content=\"image\/webp\" \/>\n<meta name=\"author\" content=\"assessoriadefamosos\" \/>\n<meta name=\"twitter:card\" content=\"summary_large_image\" \/>\n<meta name=\"twitter:label1\" content=\"Escrito por\" \/>\n\t<meta name=\"twitter:data1\" content=\"assessoriadefamosos\" \/>\n\t<meta name=\"twitter:label2\" content=\"Est. tempo de leitura\" \/>\n\t<meta name=\"twitter:data2\" content=\"1 minuto\" \/>\n<script type=\"application\/ld+json\" class=\"yoast-schema-graph\">{\"@context\":\"https:\/\/schema.org\",\"@graph\":[{\"@type\":\"Article\",\"@id\":\"https:\/\/portaldoestado.com.br\/index.php\/2025\/08\/15\/sold-out-em-menos-de-duas-horas-menos-e-mais-esgota-ingressos-para-o-churrasquinho\/#article\",\"isPartOf\":{\"@id\":\"https:\/\/portaldoestado.com.br\/index.php\/2025\/08\/15\/sold-out-em-menos-de-duas-horas-menos-e-mais-esgota-ingressos-para-o-churrasquinho\/\"},\"author\":{\"name\":\"assessoriadefamosos\",\"@id\":\"https:\/\/portaldoestado.com.br\/#\/schema\/person\/5ca0174f3c8c84b59da62ea14b698cb9\"},\"headline\":\"Sold out! Em menos de duas horas, Menos \u00e9 Mais esgota ingressos para o Churrasquinho -+\",\"datePublished\":\"2025-08-15T19:45:03+00:00\",\"mainEntityOfPage\":{\"@id\":\"https:\/\/portaldoestado.com.br\/index.php\/2025\/08\/15\/sold-out-em-menos-de-duas-horas-menos-e-mais-esgota-ingressos-para-o-churrasquinho\/\"},\"wordCount\":143,\"publisher\":{\"@id\":\"https:\/\/portaldoestado.com.br\/#organization\"},\"image\":{\"@id\":\"https:\/\/portaldoestado.com.br\/index.php\/2025\/08\/15\/sold-out-em-menos-de-duas-horas-menos-e-mais-esgota-ingressos-para-o-churrasquinho\/#primaryimage\"},\"thumbnailUrl\":\"https:\/\/portaldoestado.com.br\/wp-content\/uploads\/2025\/08\/churrasquinho-menos-e-mais-sao-paulo-2024-aspect-ratio-845-540.webp\",\"articleSection\":[\"Famosos\"],\"inLanguage\":\"pt-BR\"},{\"@type\":\"WebPage\",\"@id\":\"https:\/\/portaldoestado.com.br\/index.php\/2025\/08\/15\/sold-out-em-menos-de-duas-horas-menos-e-mais-esgota-ingressos-para-o-churrasquinho\/\",\"url\":\"https:\/\/portaldoestado.com.br\/index.php\/2025\/08\/15\/sold-out-em-menos-de-duas-horas-menos-e-mais-esgota-ingressos-para-o-churrasquinho\/\",\"name\":\"Sold out! Em menos de duas horas, Menos \u00e9 Mais esgota ingressos para o Churrasquinho -+ - Portal do Estado\",\"isPartOf\":{\"@id\":\"https:\/\/portaldoestado.com.br\/#website\"},\"primaryImageOfPage\":{\"@id\":\"https:\/\/portaldoestado.com.br\/index.php\/2025\/08\/15\/sold-out-em-menos-de-duas-horas-menos-e-mais-esgota-ingressos-para-o-churrasquinho\/#primaryimage\"},\"image\":{\"@id\":\"https:\/\/portaldoestado.com.br\/index.php\/2025\/08\/15\/sold-out-em-menos-de-duas-horas-menos-e-mais-esgota-ingressos-para-o-churrasquinho\/#primaryimage\"},\"thumbnailUrl\":\"https:\/\/portaldoestado.com.br\/wp-content\/uploads\/2025\/08\/churrasquinho-menos-e-mais-sao-paulo-2024-aspect-ratio-845-540.webp\",\"datePublished\":\"2025-08-15T19:45:03+00:00\",\"breadcrumb\":{\"@id\":\"https:\/\/portaldoestado.com.br\/index.php\/2025\/08\/15\/sold-out-em-menos-de-duas-horas-menos-e-mais-esgota-ingressos-para-o-churrasquinho\/#breadcrumb\"},\"inLanguage\":\"pt-BR\",\"potentialAction\":[{\"@type\":\"ReadAction\",\"target\":[\"https:\/\/portaldoestado.com.br\/index.php\/2025\/08\/15\/sold-out-em-menos-de-duas-horas-menos-e-mais-esgota-ingressos-para-o-churrasquinho\/\"]}]},{\"@type\":\"ImageObject\",\"inLanguage\":\"pt-BR\",\"@id\":\"https:\/\/portaldoestado.com.br\/index.php\/2025\/08\/15\/sold-out-em-menos-de-duas-horas-menos-e-mais-esgota-ingressos-para-o-churrasquinho\/#primaryimage\",\"url\":\"https:\/\/portaldoestado.com.br\/wp-content\/uploads\/2025\/08\/churrasquinho-menos-e-mais-sao-paulo-2024-aspect-ratio-845-540.webp\",\"contentUrl\":\"https:\/\/portaldoestado.com.br\/wp-content\/uploads\/2025\/08\/churrasquinho-menos-e-mais-sao-paulo-2024-aspect-ratio-845-540.webp\",\"width\":845,\"height\":540},{\"@type\":\"BreadcrumbList\",\"@id\":\"https:\/\/portaldoestado.com.br\/index.php\/2025\/08\/15\/sold-out-em-menos-de-duas-horas-menos-e-mais-esgota-ingressos-para-o-churrasquinho\/#breadcrumb\",\"itemListElement\":[{\"@type\":\"ListItem\",\"position\":1,\"name\":\"In\u00edcio\",\"item\":\"https:\/\/portaldoestado.com.br\/\"},{\"@type\":\"ListItem\",\"position\":2,\"name\":\"Sold out! Em menos de duas horas, Menos \u00e9 Mais esgota ingressos para o Churrasquinho -+\"}]},{\"@type\":\"WebSite\",\"@id\":\"https:\/\/portaldoestado.com.br\/#website\",\"url\":\"https:\/\/portaldoestado.com.br\/\",\"name\":\"Portal do Estado\",\"description\":\"\",\"publisher\":{\"@id\":\"https:\/\/portaldoestado.com.br\/#organization\"},\"potentialAction\":[{\"@type\":\"SearchAction\",\"target\":{\"@type\":\"EntryPoint\",\"urlTemplate\":\"https:\/\/portaldoestado.com.br\/?s={search_term_string}\"},\"query-input\":{\"@type\":\"PropertyValueSpecification\",\"valueRequired\":true,\"valueName\":\"search_term_string\"}}],\"inLanguage\":\"pt-BR\"},{\"@type\":\"Organization\",\"@id\":\"https:\/\/portaldoestado.com.br\/#organization\",\"name\":\"Portal do Estado\",\"url\":\"https:\/\/portaldoestado.com.br\/\",\"logo\":{\"@type\":\"ImageObject\",\"inLanguage\":\"pt-BR\",\"@id\":\"https:\/\/portaldoestado.com.br\/#\/schema\/logo\/image\/\",\"url\":\"https:\/\/portaldoestado.com.br\/wp-content\/uploads\/2025\/04\/cropped-6f69b19a-6472-43bf-b1b3-e1910bbbd4e8.png\",\"contentUrl\":\"https:\/\/portaldoestado.com.br\/wp-content\/uploads\/2025\/04\/cropped-6f69b19a-6472-43bf-b1b3-e1910bbbd4e8.png\",\"width\":1024,\"height\":350,\"caption\":\"Portal do Estado\"},\"image\":{\"@id\":\"https:\/\/portaldoestado.com.br\/#\/schema\/logo\/image\/\"}},{\"@type\":\"Person\",\"@id\":\"https:\/\/portaldoestado.com.br\/#\/schema\/person\/5ca0174f3c8c84b59da62ea14b698cb9\",\"name\":\"assessoriadefamosos\",\"image\":{\"@type\":\"ImageObject\",\"inLanguage\":\"pt-BR\",\"@id\":\"https:\/\/portaldoestado.com.br\/#\/schema\/person\/image\/\",\"url\":\"https:\/\/secure.gravatar.com\/avatar\/a7acbdffcfbbae7240e59f47fe511ec5f5d8c252c779f0b8d9ab02a9e1d8c5ed?s=96&d=mm&r=g\",\"contentUrl\":\"https:\/\/secure.gravatar.com\/avatar\/a7acbdffcfbbae7240e59f47fe511ec5f5d8c252c779f0b8d9ab02a9e1d8c5ed?s=96&d=mm&r=g\",\"caption\":\"assessoriadefamosos\"},\"url\":\"https:\/\/portaldoestado.com.br\/index.php\/author\/assessoriadefamosos\/\"}]}<\/script>\n<!-- \/ Yoast SEO plugin. -->","yoast_head_json":{"title":"Sold out! Em menos de duas horas, Menos \u00e9 Mais esgota ingressos para o Churrasquinho -+ - Portal do Estado","robots":{"index":"index","follow":"follow","max-snippet":"max-snippet:-1","max-image-preview":"max-image-preview:large","max-video-preview":"max-video-preview:-1"},"canonical":"https:\/\/portaldoestado.com.br\/index.php\/2025\/08\/15\/sold-out-em-menos-de-duas-horas-menos-e-mais-esgota-ingressos-para-o-churrasquinho\/","og_locale":"pt_BR","og_type":"article","og_title":"Sold out! Em menos de duas horas, Menos \u00e9 Mais esgota ingressos para o Churrasquinho -+ - Portal do Estado","og_description":"Evento acontece em S\u00e3o Paulo no dia 1\u00ba de novembro e reunir\u00e1 15 mil pessoas Nesta segunda-feira (11), o grupo Menos \u00e9 Mais iniciou as vendas para a pr\u00f3xima edi\u00e7\u00e3o do Churrasquinho -+, marcando o aguardado retorno da label ap\u00f3s quase um ano de hiato. E o comeback veio em grande estilo: com grava\u00e7\u00e3o de \u2026","og_url":"https:\/\/portaldoestado.com.br\/index.php\/2025\/08\/15\/sold-out-em-menos-de-duas-horas-menos-e-mais-esgota-ingressos-para-o-churrasquinho\/","og_site_name":"Portal do Estado","article_published_time":"2025-08-15T19:45:03+00:00","og_image":[{"width":845,"height":540,"url":"https:\/\/portaldoestado.com.br\/wp-content\/uploads\/2025\/08\/churrasquinho-menos-e-mais-sao-paulo-2024-aspect-ratio-845-540.webp","type":"image\/webp"}],"author":"assessoriadefamosos","twitter_card":"summary_large_image","twitter_misc":{"Escrito por":"assessoriadefamosos","Est. tempo de leitura":"1 minuto"},"schema":{"@context":"https:\/\/schema.org","@graph":[{"@type":"Article","@id":"https:\/\/portaldoestado.com.br\/index.php\/2025\/08\/15\/sold-out-em-menos-de-duas-horas-menos-e-mais-esgota-ingressos-para-o-churrasquinho\/#article","isPartOf":{"@id":"https:\/\/portaldoestado.com.br\/index.php\/2025\/08\/15\/sold-out-em-menos-de-duas-horas-menos-e-mais-esgota-ingressos-para-o-churrasquinho\/"},"author":{"name":"assessoriadefamosos","@id":"https:\/\/portaldoestado.com.br\/#\/schema\/person\/5ca0174f3c8c84b59da62ea14b698cb9"},"headline":"Sold out! Em menos de duas horas, Menos \u00e9 Mais esgota ingressos para o Churrasquinho -+","datePublished":"2025-08-15T19:45:03+00:00","mainEntityOfPage":{"@id":"https:\/\/portaldoestado.com.br\/index.php\/2025\/08\/15\/sold-out-em-menos-de-duas-horas-menos-e-mais-esgota-ingressos-para-o-churrasquinho\/"},"wordCount":143,"publisher":{"@id":"https:\/\/portaldoestado.com.br\/#organization"},"image":{"@id":"https:\/\/portaldoestado.com.br\/index.php\/2025\/08\/15\/sold-out-em-menos-de-duas-horas-menos-e-mais-esgota-ingressos-para-o-churrasquinho\/#primaryimage"},"thumbnailUrl":"https:\/\/portaldoestado.com.br\/wp-content\/uploads\/2025\/08\/churrasquinho-menos-e-mais-sao-paulo-2024-aspect-ratio-845-540.webp","articleSection":["Famosos"],"inLanguage":"pt-BR"},{"@type":"WebPage","@id":"https:\/\/portaldoestado.com.br\/index.php\/2025\/08\/15\/sold-out-em-menos-de-duas-horas-menos-e-mais-esgota-ingressos-para-o-churrasquinho\/","url":"https:\/\/portaldoestado.com.br\/index.php\/2025\/08\/15\/sold-out-em-menos-de-duas-horas-menos-e-mais-esgota-ingressos-para-o-churrasquinho\/","name":"Sold out! Em menos de duas horas, Menos \u00e9 Mais esgota ingressos para o Churrasquinho -+ - Portal do Estado","isPartOf":{"@id":"https:\/\/portaldoestado.com.br\/#website"},"primaryImageOfPage":{"@id":"https:\/\/portaldoestado.com.br\/index.php\/2025\/08\/15\/sold-out-em-menos-de-duas-horas-menos-e-mais-esgota-ingressos-para-o-churrasquinho\/#primaryimage"},"image":{"@id":"https:\/\/portaldoestado.com.br\/index.php\/2025\/08\/15\/sold-out-em-menos-de-duas-horas-menos-e-mais-esgota-ingressos-para-o-churrasquinho\/#primaryimage"},"thumbnailUrl":"https:\/\/portaldoestado.com.br\/wp-content\/uploads\/2025\/08\/churrasquinho-menos-e-mais-sao-paulo-2024-aspect-ratio-845-540.webp","datePublished":"2025-08-15T19:45:03+00:00","breadcrumb":{"@id":"https:\/\/portaldoestado.com.br\/index.php\/2025\/08\/15\/sold-out-em-menos-de-duas-horas-menos-e-mais-esgota-ingressos-para-o-churrasquinho\/#breadcrumb"},"inLanguage":"pt-BR","potentialAction":[{"@type":"ReadAction","target":["https:\/\/portaldoestado.com.br\/index.php\/2025\/08\/15\/sold-out-em-menos-de-duas-horas-menos-e-mais-esgota-ingressos-para-o-churrasquinho\/"]}]},{"@type":"ImageObject","inLanguage":"pt-BR","@id":"https:\/\/portaldoestado.com.br\/index.php\/2025\/08\/15\/sold-out-em-menos-de-duas-horas-menos-e-mais-esgota-ingressos-para-o-churrasquinho\/#primaryimage","url":"https:\/\/portaldoestado.com.br\/wp-content\/uploads\/2025\/08\/churrasquinho-menos-e-mais-sao-paulo-2024-aspect-ratio-845-540.webp","contentUrl":"https:\/\/portaldoestado.com.br\/wp-content\/uploads\/2025\/08\/churrasquinho-menos-e-mais-sao-paulo-2024-aspect-ratio-845-540.webp","width":845,"height":540},{"@type":"BreadcrumbList","@id":"https:\/\/portaldoestado.com.br\/index.php\/2025\/08\/15\/sold-out-em-menos-de-duas-horas-menos-e-mais-esgota-ingressos-para-o-churrasquinho\/#breadcrumb","itemListElement":[{"@type":"ListItem","position":1,"name":"In\u00edcio","item":"https:\/\/portaldoestado.com.br\/"},{"@type":"ListItem","position":2,"name":"Sold out! Em menos de duas horas, Menos \u00e9 Mais esgota ingressos para o Churrasquinho -+"}]},{"@type":"WebSite","@id":"https:\/\/portaldoestado.com.br\/#website","url":"https:\/\/portaldoestado.com.br\/","name":"Portal do Estado","description":"","publisher":{"@id":"https:\/\/portaldoestado.com.br\/#organization"},"potentialAction":[{"@type":"SearchAction","target":{"@type":"EntryPoint","urlTemplate":"https:\/\/portaldoestado.com.br\/?s={search_term_string}"},"query-input":{"@type":"PropertyValueSpecification","valueRequired":true,"valueName":"search_term_string"}}],"inLanguage":"pt-BR"},{"@type":"Organization","@id":"https:\/\/portaldoestado.com.br\/#organization","name":"Portal do Estado","url":"https:\/\/portaldoestado.com.br\/","logo":{"@type":"ImageObject","inLanguage":"pt-BR","@id":"https:\/\/portaldoestado.com.br\/#\/schema\/logo\/image\/","url":"https:\/\/portaldoestado.com.br\/wp-content\/uploads\/2025\/04\/cropped-6f69b19a-6472-43bf-b1b3-e1910bbbd4e8.png","contentUrl":"https:\/\/portaldoestado.com.br\/wp-content\/uploads\/2025\/04\/cropped-6f69b19a-6472-43bf-b1b3-e1910bbbd4e8.png","width":1024,"height":350,"caption":"Portal do Estado"},"image":{"@id":"https:\/\/portaldoestado.com.br\/#\/schema\/logo\/image\/"}},{"@type":"Person","@id":"https:\/\/portaldoestado.com.br\/#\/schema\/person\/5ca0174f3c8c84b59da62ea14b698cb9","name":"assessoriadefamosos","image":{"@type":"ImageObject","inLanguage":"pt-BR","@id":"https:\/\/portaldoestado.com.br\/#\/schema\/person\/image\/","url":"https:\/\/secure.gravatar.com\/avatar\/a7acbdffcfbbae7240e59f47fe511ec5f5d8c252c779f0b8d9ab02a9e1d8c5ed?s=96&d=mm&r=g","contentUrl":"https:\/\/secure.gravatar.com\/avatar\/a7acbdffcfbbae7240e59f47fe511ec5f5d8c252c779f0b8d9ab02a9e1d8c5ed?s=96&d=mm&r=g","caption":"assessoriadefamosos"},"url":"https:\/\/portaldoestado.com.br\/index.php\/author\/assessoriadefamosos\/"}]}},"jetpack_featured_media_url":"https:\/\/portaldoestado.com.br\/wp-content\/uploads\/2025\/08\/churrasquinho-menos-e-mais-sao-paulo-2024-aspect-ratio-845-540.webp","_links":{"self":[{"href":"https:\/\/portaldoestado.com.br\/index.php\/wp-json\/wp\/v2\/posts\/1735","targetHints":{"allow":["GET"]}}],"collection":[{"href":"https:\/\/portaldoestado.com.br\/index.php\/wp-json\/wp\/v2\/posts"}],"about":[{"href":"https:\/\/portaldoestado.com.br\/index.php\/wp-json\/wp\/v2\/types\/post"}],"author":[{"embeddable":true,"href":"https:\/\/portaldoestado.com.br\/index.php\/wp-json\/wp\/v2\/users\/2"}],"replies":[{"embeddable":true,"href":"https:\/\/portaldoestado.com.br\/index.php\/wp-json\/wp\/v2\/comments?post=1735"}],"version-history":[{"count":1,"href":"https:\/\/portaldoestado.com.br\/index.php\/wp-json\/wp\/v2\/posts\/1735\/revisions"}],"predecessor-version":[{"id":1736,"href":"https:\/\/portaldoestado.com.br\/index.php\/wp-json\/wp\/v2\/posts\/1735\/revisions\/1736"}],"wp:featuredmedia":[{"embeddable":true,"href":"https:\/\/portaldoestado.com.br\/index.php\/wp-json\/wp\/v2\/media\/1734"}],"wp:attachment":[{"href":"https:\/\/portaldoestado.com.br\/index.php\/wp-json\/wp\/v2\/media?parent=1735"}],"wp:term":[{"taxonomy":"category","embeddable":true,"href":"https:\/\/portaldoestado.com.br\/index.php\/wp-json\/wp\/v2\/categories?post=1735"},{"taxonomy":"post_tag","embeddable":true,"href":"https:\/\/portaldoestado.com.br\/index.php\/wp-json\/wp\/v2\/tags?post=1735"}],"curies":[{"name":"wp","href":"https:\/\/api.w.org\/{rel}","templated":true}]}}