{"id":1732,"date":"2025-08-15T19:37:00","date_gmt":"2025-08-15T19:37:00","guid":{"rendered":"https:\/\/portaldoestado.com.br\/?p=1732"},"modified":"2025-08-15T19:37:00","modified_gmt":"2025-08-15T19:37:00","slug":"camarote-ou-bloco-conheca-as-opcoes-de-ingressos-e-experiencias-exclusivas-do-rp-folia-2025","status":"publish","type":"post","link":"https:\/\/portaldoestado.com.br\/index.php\/2025\/08\/15\/camarote-ou-bloco-conheca-as-opcoes-de-ingressos-e-experiencias-exclusivas-do-rp-folia-2025\/","title":{"rendered":"Camarote ou bloco: conhe\u00e7a as op\u00e7\u00f5es de ingressos e experi\u00eancias exclusivas do RP Folia 2025"},"content":{"rendered":"\n<p>O RP Folia 2025 promete agitar Ribeir\u00e3o Preto com shows de Bell Marques, Banda Eva e Saulo Fernandes, oferecendo nove horas de festa com trio el\u00e9trico e estrutura premium para os foli\u00f5es. O evento acontece no dia <strong>27 de setembro<\/strong>, no <strong>Est\u00e1dio Palma Travassos<\/strong>.<\/p>\n\n\n\n<p>Em sua <strong>3\u00aa edi\u00e7\u00e3o<\/strong>, o RP Folia integra o circuito de micaretas ao lado do Folian\u00f3polis, considerado um dos principais carnavais fora de \u00e9poca do Brasil. Com atra\u00e7\u00f5es renomadas e uma estrutura completa, o evento garante conforto, seguran\u00e7a e muita energia aos participantes.<\/p>\n\n\n\n<p><strong>Atra\u00e7\u00f5es confirmadas<\/strong>\nO line-up traz nomes consagrados do ax\u00e9, como <strong>Bell Marques, Banda Eva e Saulo Fernandes<\/strong>, prometendo apresenta\u00e7\u00f5es memor\u00e1veis ao longo do percurso do trio el\u00e9trico.<\/p>\n\n\n\n<p><strong>Setores e benef\u00edcios<\/strong>\nO p\u00fablico pode escolher entre dois setores de ingressos: <strong>Bloco<\/strong> e <strong>Camarote<\/strong>.<\/p>\n\n\n\n<ul class=\"wp-block-list\">\n<li><strong>Bloco:<\/strong> os foli\u00f5es acompanham os trios de dentro da pista, vivendo a experi\u00eancia intensa e animada do carnaval baiano.<\/li>\n\n\n\n<li><strong>Camarote:<\/strong> com venda em reta final do <strong>5\u00ba lote<\/strong>, oferece estrutura elevada, vista privilegiada, bares e banheiros exclusivos, \u00e1rea de descanso e mais conforto para curtir a festa tranquilamente.<\/li>\n<\/ul>\n\n\n\n<p><strong>Novo ponto de venda f\u00edsico<\/strong>\nAl\u00e9m da venda online pelo site <a class=\"\" href=\"https:\/\/www.blueticket.com.br\">www.blueticket.com.br<\/a>, o RP Folia inaugura um <strong>ponto de venda f\u00edsico<\/strong> na academia <strong>Bodytech<\/strong>, localizada no piso superior do <strong>Shopping Iguatemi Ribeir\u00e3o Preto<\/strong>. Os ingressos s\u00e3o vendidos sem taxa de conveni\u00eancia, garantindo praticidade aos foli\u00f5es. O atendimento \u00e9 de segunda a sexta, das 10h \u00e0s 22h, e aos s\u00e1bados e domingos, das 9h \u00e0s 13h.<\/p>\n\n\n\n<p><strong>Servi\u00e7o<\/strong>\n<strong>RP Folia 2025<\/strong><\/p>\n\n\n\n<ul class=\"wp-block-list\">\n<li><strong>Data:<\/strong> 27 de setembro (s\u00e1bado)<\/li>\n\n\n\n<li><strong>Local:<\/strong> Est\u00e1dio Palma Travassos \u2013 Av. Dr. Pl\u00ednio de Castro Prado, 1000<\/li>\n\n\n\n<li><strong>Ingressos:<\/strong> <a class=\"\" href=\"https:\/\/www.blueticket.com.br\">www.blueticket.com.br<\/a> e na Bodytech \u2013 Shopping Iguatemi Ribeir\u00e3o Preto<\/li>\n<\/ul>\n","protected":false},"excerpt":{"rendered":"<p>O RP Folia 2025 promete agitar Ribeir\u00e3o Preto com shows de Bell Marques, Banda Eva e Saulo Fernandes, oferecendo nove horas de festa com trio el\u00e9trico e estrutura premium para os foli\u00f5es. O evento acontece no dia 27 de setembro, no Est\u00e1dio Palma Travassos. Em sua 3\u00aa edi\u00e7\u00e3o, o RP Folia integra o circuito de \u2026<\/p>\n","protected":false},"author":2,"featured_media":1731,"comment_status":"closed","ping_status":"open","sticky":false,"template":"","format":"standard","meta":{"footnotes":""},"categories":[3],"tags":[],"class_list":["post-1732","post","type-post","status-publish","format-standard","has-post-thumbnail","hentry","category-famosos"],"yoast_head":"<!-- This site is optimized with the Yoast SEO plugin v25.5 - https:\/\/yoast.com\/wordpress\/plugins\/seo\/ -->\n<title>Camarote ou bloco: conhe\u00e7a as op\u00e7\u00f5es de ingressos e experi\u00eancias exclusivas do RP Folia 2025 - Portal do Estado<\/title>\n<meta name=\"robots\" content=\"index, follow, max-snippet:-1, max-image-preview:large, max-video-preview:-1\" \/>\n<link rel=\"canonical\" href=\"https:\/\/portaldoestado.com.br\/index.php\/2025\/08\/15\/camarote-ou-bloco-conheca-as-opcoes-de-ingressos-e-experiencias-exclusivas-do-rp-folia-2025\/\" \/>\n<meta property=\"og:locale\" content=\"pt_BR\" \/>\n<meta property=\"og:type\" content=\"article\" \/>\n<meta property=\"og:title\" content=\"Camarote ou bloco: conhe\u00e7a as op\u00e7\u00f5es de ingressos e experi\u00eancias exclusivas do RP Folia 2025 - Portal do Estado\" \/>\n<meta property=\"og:description\" content=\"O RP Folia 2025 promete agitar Ribeir\u00e3o Preto com shows de Bell Marques, Banda Eva e Saulo Fernandes, oferecendo nove horas de festa com trio el\u00e9trico e estrutura premium para os foli\u00f5es. O evento acontece no dia 27 de setembro, no Est\u00e1dio Palma Travassos. Em sua 3\u00aa edi\u00e7\u00e3o, o RP Folia integra o circuito de \u2026\" \/>\n<meta property=\"og:url\" content=\"https:\/\/portaldoestado.com.br\/index.php\/2025\/08\/15\/camarote-ou-bloco-conheca-as-opcoes-de-ingressos-e-experiencias-exclusivas-do-rp-folia-2025\/\" \/>\n<meta property=\"og:site_name\" content=\"Portal do Estado\" \/>\n<meta property=\"article:published_time\" content=\"2025-08-15T19:37:00+00:00\" \/>\n<meta property=\"og:image\" content=\"https:\/\/portaldoestado.com.br\/wp-content\/uploads\/2025\/08\/75411af9ea617fbe60e2ccb683eabebc.jpg\" \/>\n\t<meta property=\"og:image:width\" content=\"681\" \/>\n\t<meta property=\"og:image:height\" content=\"454\" \/>\n\t<meta property=\"og:image:type\" content=\"image\/jpeg\" \/>\n<meta name=\"author\" content=\"assessoriadefamosos\" \/>\n<meta name=\"twitter:card\" content=\"summary_large_image\" \/>\n<meta name=\"twitter:label1\" content=\"Escrito por\" \/>\n\t<meta name=\"twitter:data1\" content=\"assessoriadefamosos\" \/>\n\t<meta name=\"twitter:label2\" content=\"Est. tempo de leitura\" \/>\n\t<meta name=\"twitter:data2\" content=\"1 minuto\" \/>\n<script type=\"application\/ld+json\" class=\"yoast-schema-graph\">{\"@context\":\"https:\/\/schema.org\",\"@graph\":[{\"@type\":\"Article\",\"@id\":\"https:\/\/portaldoestado.com.br\/index.php\/2025\/08\/15\/camarote-ou-bloco-conheca-as-opcoes-de-ingressos-e-experiencias-exclusivas-do-rp-folia-2025\/#article\",\"isPartOf\":{\"@id\":\"https:\/\/portaldoestado.com.br\/index.php\/2025\/08\/15\/camarote-ou-bloco-conheca-as-opcoes-de-ingressos-e-experiencias-exclusivas-do-rp-folia-2025\/\"},\"author\":{\"name\":\"assessoriadefamosos\",\"@id\":\"https:\/\/portaldoestado.com.br\/#\/schema\/person\/5ca0174f3c8c84b59da62ea14b698cb9\"},\"headline\":\"Camarote ou bloco: conhe\u00e7a as op\u00e7\u00f5es de ingressos e experi\u00eancias exclusivas do RP Folia 2025\",\"datePublished\":\"2025-08-15T19:37:00+00:00\",\"mainEntityOfPage\":{\"@id\":\"https:\/\/portaldoestado.com.br\/index.php\/2025\/08\/15\/camarote-ou-bloco-conheca-as-opcoes-de-ingressos-e-experiencias-exclusivas-do-rp-folia-2025\/\"},\"wordCount\":315,\"publisher\":{\"@id\":\"https:\/\/portaldoestado.com.br\/#organization\"},\"image\":{\"@id\":\"https:\/\/portaldoestado.com.br\/index.php\/2025\/08\/15\/camarote-ou-bloco-conheca-as-opcoes-de-ingressos-e-experiencias-exclusivas-do-rp-folia-2025\/#primaryimage\"},\"thumbnailUrl\":\"https:\/\/portaldoestado.com.br\/wp-content\/uploads\/2025\/08\/75411af9ea617fbe60e2ccb683eabebc.jpg\",\"articleSection\":[\"Famosos\"],\"inLanguage\":\"pt-BR\"},{\"@type\":\"WebPage\",\"@id\":\"https:\/\/portaldoestado.com.br\/index.php\/2025\/08\/15\/camarote-ou-bloco-conheca-as-opcoes-de-ingressos-e-experiencias-exclusivas-do-rp-folia-2025\/\",\"url\":\"https:\/\/portaldoestado.com.br\/index.php\/2025\/08\/15\/camarote-ou-bloco-conheca-as-opcoes-de-ingressos-e-experiencias-exclusivas-do-rp-folia-2025\/\",\"name\":\"Camarote ou bloco: conhe\u00e7a as op\u00e7\u00f5es de ingressos e experi\u00eancias exclusivas do RP Folia 2025 - Portal do Estado\",\"isPartOf\":{\"@id\":\"https:\/\/portaldoestado.com.br\/#website\"},\"primaryImageOfPage\":{\"@id\":\"https:\/\/portaldoestado.com.br\/index.php\/2025\/08\/15\/camarote-ou-bloco-conheca-as-opcoes-de-ingressos-e-experiencias-exclusivas-do-rp-folia-2025\/#primaryimage\"},\"image\":{\"@id\":\"https:\/\/portaldoestado.com.br\/index.php\/2025\/08\/15\/camarote-ou-bloco-conheca-as-opcoes-de-ingressos-e-experiencias-exclusivas-do-rp-folia-2025\/#primaryimage\"},\"thumbnailUrl\":\"https:\/\/portaldoestado.com.br\/wp-content\/uploads\/2025\/08\/75411af9ea617fbe60e2ccb683eabebc.jpg\",\"datePublished\":\"2025-08-15T19:37:00+00:00\",\"breadcrumb\":{\"@id\":\"https:\/\/portaldoestado.com.br\/index.php\/2025\/08\/15\/camarote-ou-bloco-conheca-as-opcoes-de-ingressos-e-experiencias-exclusivas-do-rp-folia-2025\/#breadcrumb\"},\"inLanguage\":\"pt-BR\",\"potentialAction\":[{\"@type\":\"ReadAction\",\"target\":[\"https:\/\/portaldoestado.com.br\/index.php\/2025\/08\/15\/camarote-ou-bloco-conheca-as-opcoes-de-ingressos-e-experiencias-exclusivas-do-rp-folia-2025\/\"]}]},{\"@type\":\"ImageObject\",\"inLanguage\":\"pt-BR\",\"@id\":\"https:\/\/portaldoestado.com.br\/index.php\/2025\/08\/15\/camarote-ou-bloco-conheca-as-opcoes-de-ingressos-e-experiencias-exclusivas-do-rp-folia-2025\/#primaryimage\",\"url\":\"https:\/\/portaldoestado.com.br\/wp-content\/uploads\/2025\/08\/75411af9ea617fbe60e2ccb683eabebc.jpg\",\"contentUrl\":\"https:\/\/portaldoestado.com.br\/wp-content\/uploads\/2025\/08\/75411af9ea617fbe60e2ccb683eabebc.jpg\",\"width\":681,\"height\":454},{\"@type\":\"BreadcrumbList\",\"@id\":\"https:\/\/portaldoestado.com.br\/index.php\/2025\/08\/15\/camarote-ou-bloco-conheca-as-opcoes-de-ingressos-e-experiencias-exclusivas-do-rp-folia-2025\/#breadcrumb\",\"itemListElement\":[{\"@type\":\"ListItem\",\"position\":1,\"name\":\"In\u00edcio\",\"item\":\"https:\/\/portaldoestado.com.br\/\"},{\"@type\":\"ListItem\",\"position\":2,\"name\":\"Camarote ou bloco: conhe\u00e7a as op\u00e7\u00f5es de ingressos e experi\u00eancias exclusivas do RP Folia 2025\"}]},{\"@type\":\"WebSite\",\"@id\":\"https:\/\/portaldoestado.com.br\/#website\",\"url\":\"https:\/\/portaldoestado.com.br\/\",\"name\":\"Portal do Estado\",\"description\":\"\",\"publisher\":{\"@id\":\"https:\/\/portaldoestado.com.br\/#organization\"},\"potentialAction\":[{\"@type\":\"SearchAction\",\"target\":{\"@type\":\"EntryPoint\",\"urlTemplate\":\"https:\/\/portaldoestado.com.br\/?s={search_term_string}\"},\"query-input\":{\"@type\":\"PropertyValueSpecification\",\"valueRequired\":true,\"valueName\":\"search_term_string\"}}],\"inLanguage\":\"pt-BR\"},{\"@type\":\"Organization\",\"@id\":\"https:\/\/portaldoestado.com.br\/#organization\",\"name\":\"Portal do Estado\",\"url\":\"https:\/\/portaldoestado.com.br\/\",\"logo\":{\"@type\":\"ImageObject\",\"inLanguage\":\"pt-BR\",\"@id\":\"https:\/\/portaldoestado.com.br\/#\/schema\/logo\/image\/\",\"url\":\"https:\/\/portaldoestado.com.br\/wp-content\/uploads\/2025\/04\/cropped-6f69b19a-6472-43bf-b1b3-e1910bbbd4e8.png\",\"contentUrl\":\"https:\/\/portaldoestado.com.br\/wp-content\/uploads\/2025\/04\/cropped-6f69b19a-6472-43bf-b1b3-e1910bbbd4e8.png\",\"width\":1024,\"height\":350,\"caption\":\"Portal do Estado\"},\"image\":{\"@id\":\"https:\/\/portaldoestado.com.br\/#\/schema\/logo\/image\/\"}},{\"@type\":\"Person\",\"@id\":\"https:\/\/portaldoestado.com.br\/#\/schema\/person\/5ca0174f3c8c84b59da62ea14b698cb9\",\"name\":\"assessoriadefamosos\",\"image\":{\"@type\":\"ImageObject\",\"inLanguage\":\"pt-BR\",\"@id\":\"https:\/\/portaldoestado.com.br\/#\/schema\/person\/image\/\",\"url\":\"https:\/\/secure.gravatar.com\/avatar\/a7acbdffcfbbae7240e59f47fe511ec5f5d8c252c779f0b8d9ab02a9e1d8c5ed?s=96&d=mm&r=g\",\"contentUrl\":\"https:\/\/secure.gravatar.com\/avatar\/a7acbdffcfbbae7240e59f47fe511ec5f5d8c252c779f0b8d9ab02a9e1d8c5ed?s=96&d=mm&r=g\",\"caption\":\"assessoriadefamosos\"},\"url\":\"https:\/\/portaldoestado.com.br\/index.php\/author\/assessoriadefamosos\/\"}]}<\/script>\n<!-- \/ Yoast SEO plugin. -->","yoast_head_json":{"title":"Camarote ou bloco: conhe\u00e7a as op\u00e7\u00f5es de ingressos e experi\u00eancias exclusivas do RP Folia 2025 - Portal do Estado","robots":{"index":"index","follow":"follow","max-snippet":"max-snippet:-1","max-image-preview":"max-image-preview:large","max-video-preview":"max-video-preview:-1"},"canonical":"https:\/\/portaldoestado.com.br\/index.php\/2025\/08\/15\/camarote-ou-bloco-conheca-as-opcoes-de-ingressos-e-experiencias-exclusivas-do-rp-folia-2025\/","og_locale":"pt_BR","og_type":"article","og_title":"Camarote ou bloco: conhe\u00e7a as op\u00e7\u00f5es de ingressos e experi\u00eancias exclusivas do RP Folia 2025 - Portal do Estado","og_description":"O RP Folia 2025 promete agitar Ribeir\u00e3o Preto com shows de Bell Marques, Banda Eva e Saulo Fernandes, oferecendo nove horas de festa com trio el\u00e9trico e estrutura premium para os foli\u00f5es. O evento acontece no dia 27 de setembro, no Est\u00e1dio Palma Travassos. Em sua 3\u00aa edi\u00e7\u00e3o, o RP Folia integra o circuito de \u2026","og_url":"https:\/\/portaldoestado.com.br\/index.php\/2025\/08\/15\/camarote-ou-bloco-conheca-as-opcoes-de-ingressos-e-experiencias-exclusivas-do-rp-folia-2025\/","og_site_name":"Portal do Estado","article_published_time":"2025-08-15T19:37:00+00:00","og_image":[{"width":681,"height":454,"url":"https:\/\/portaldoestado.com.br\/wp-content\/uploads\/2025\/08\/75411af9ea617fbe60e2ccb683eabebc.jpg","type":"image\/jpeg"}],"author":"assessoriadefamosos","twitter_card":"summary_large_image","twitter_misc":{"Escrito por":"assessoriadefamosos","Est. tempo de leitura":"1 minuto"},"schema":{"@context":"https:\/\/schema.org","@graph":[{"@type":"Article","@id":"https:\/\/portaldoestado.com.br\/index.php\/2025\/08\/15\/camarote-ou-bloco-conheca-as-opcoes-de-ingressos-e-experiencias-exclusivas-do-rp-folia-2025\/#article","isPartOf":{"@id":"https:\/\/portaldoestado.com.br\/index.php\/2025\/08\/15\/camarote-ou-bloco-conheca-as-opcoes-de-ingressos-e-experiencias-exclusivas-do-rp-folia-2025\/"},"author":{"name":"assessoriadefamosos","@id":"https:\/\/portaldoestado.com.br\/#\/schema\/person\/5ca0174f3c8c84b59da62ea14b698cb9"},"headline":"Camarote ou bloco: conhe\u00e7a as op\u00e7\u00f5es de ingressos e experi\u00eancias exclusivas do RP Folia 2025","datePublished":"2025-08-15T19:37:00+00:00","mainEntityOfPage":{"@id":"https:\/\/portaldoestado.com.br\/index.php\/2025\/08\/15\/camarote-ou-bloco-conheca-as-opcoes-de-ingressos-e-experiencias-exclusivas-do-rp-folia-2025\/"},"wordCount":315,"publisher":{"@id":"https:\/\/portaldoestado.com.br\/#organization"},"image":{"@id":"https:\/\/portaldoestado.com.br\/index.php\/2025\/08\/15\/camarote-ou-bloco-conheca-as-opcoes-de-ingressos-e-experiencias-exclusivas-do-rp-folia-2025\/#primaryimage"},"thumbnailUrl":"https:\/\/portaldoestado.com.br\/wp-content\/uploads\/2025\/08\/75411af9ea617fbe60e2ccb683eabebc.jpg","articleSection":["Famosos"],"inLanguage":"pt-BR"},{"@type":"WebPage","@id":"https:\/\/portaldoestado.com.br\/index.php\/2025\/08\/15\/camarote-ou-bloco-conheca-as-opcoes-de-ingressos-e-experiencias-exclusivas-do-rp-folia-2025\/","url":"https:\/\/portaldoestado.com.br\/index.php\/2025\/08\/15\/camarote-ou-bloco-conheca-as-opcoes-de-ingressos-e-experiencias-exclusivas-do-rp-folia-2025\/","name":"Camarote ou bloco: conhe\u00e7a as op\u00e7\u00f5es de ingressos e experi\u00eancias exclusivas do RP Folia 2025 - Portal do Estado","isPartOf":{"@id":"https:\/\/portaldoestado.com.br\/#website"},"primaryImageOfPage":{"@id":"https:\/\/portaldoestado.com.br\/index.php\/2025\/08\/15\/camarote-ou-bloco-conheca-as-opcoes-de-ingressos-e-experiencias-exclusivas-do-rp-folia-2025\/#primaryimage"},"image":{"@id":"https:\/\/portaldoestado.com.br\/index.php\/2025\/08\/15\/camarote-ou-bloco-conheca-as-opcoes-de-ingressos-e-experiencias-exclusivas-do-rp-folia-2025\/#primaryimage"},"thumbnailUrl":"https:\/\/portaldoestado.com.br\/wp-content\/uploads\/2025\/08\/75411af9ea617fbe60e2ccb683eabebc.jpg","datePublished":"2025-08-15T19:37:00+00:00","breadcrumb":{"@id":"https:\/\/portaldoestado.com.br\/index.php\/2025\/08\/15\/camarote-ou-bloco-conheca-as-opcoes-de-ingressos-e-experiencias-exclusivas-do-rp-folia-2025\/#breadcrumb"},"inLanguage":"pt-BR","potentialAction":[{"@type":"ReadAction","target":["https:\/\/portaldoestado.com.br\/index.php\/2025\/08\/15\/camarote-ou-bloco-conheca-as-opcoes-de-ingressos-e-experiencias-exclusivas-do-rp-folia-2025\/"]}]},{"@type":"ImageObject","inLanguage":"pt-BR","@id":"https:\/\/portaldoestado.com.br\/index.php\/2025\/08\/15\/camarote-ou-bloco-conheca-as-opcoes-de-ingressos-e-experiencias-exclusivas-do-rp-folia-2025\/#primaryimage","url":"https:\/\/portaldoestado.com.br\/wp-content\/uploads\/2025\/08\/75411af9ea617fbe60e2ccb683eabebc.jpg","contentUrl":"https:\/\/portaldoestado.com.br\/wp-content\/uploads\/2025\/08\/75411af9ea617fbe60e2ccb683eabebc.jpg","width":681,"height":454},{"@type":"BreadcrumbList","@id":"https:\/\/portaldoestado.com.br\/index.php\/2025\/08\/15\/camarote-ou-bloco-conheca-as-opcoes-de-ingressos-e-experiencias-exclusivas-do-rp-folia-2025\/#breadcrumb","itemListElement":[{"@type":"ListItem","position":1,"name":"In\u00edcio","item":"https:\/\/portaldoestado.com.br\/"},{"@type":"ListItem","position":2,"name":"Camarote ou bloco: conhe\u00e7a as op\u00e7\u00f5es de ingressos e experi\u00eancias exclusivas do RP Folia 2025"}]},{"@type":"WebSite","@id":"https:\/\/portaldoestado.com.br\/#website","url":"https:\/\/portaldoestado.com.br\/","name":"Portal do Estado","description":"","publisher":{"@id":"https:\/\/portaldoestado.com.br\/#organization"},"potentialAction":[{"@type":"SearchAction","target":{"@type":"EntryPoint","urlTemplate":"https:\/\/portaldoestado.com.br\/?s={search_term_string}"},"query-input":{"@type":"PropertyValueSpecification","valueRequired":true,"valueName":"search_term_string"}}],"inLanguage":"pt-BR"},{"@type":"Organization","@id":"https:\/\/portaldoestado.com.br\/#organization","name":"Portal do Estado","url":"https:\/\/portaldoestado.com.br\/","logo":{"@type":"ImageObject","inLanguage":"pt-BR","@id":"https:\/\/portaldoestado.com.br\/#\/schema\/logo\/image\/","url":"https:\/\/portaldoestado.com.br\/wp-content\/uploads\/2025\/04\/cropped-6f69b19a-6472-43bf-b1b3-e1910bbbd4e8.png","contentUrl":"https:\/\/portaldoestado.com.br\/wp-content\/uploads\/2025\/04\/cropped-6f69b19a-6472-43bf-b1b3-e1910bbbd4e8.png","width":1024,"height":350,"caption":"Portal do Estado"},"image":{"@id":"https:\/\/portaldoestado.com.br\/#\/schema\/logo\/image\/"}},{"@type":"Person","@id":"https:\/\/portaldoestado.com.br\/#\/schema\/person\/5ca0174f3c8c84b59da62ea14b698cb9","name":"assessoriadefamosos","image":{"@type":"ImageObject","inLanguage":"pt-BR","@id":"https:\/\/portaldoestado.com.br\/#\/schema\/person\/image\/","url":"https:\/\/secure.gravatar.com\/avatar\/a7acbdffcfbbae7240e59f47fe511ec5f5d8c252c779f0b8d9ab02a9e1d8c5ed?s=96&d=mm&r=g","contentUrl":"https:\/\/secure.gravatar.com\/avatar\/a7acbdffcfbbae7240e59f47fe511ec5f5d8c252c779f0b8d9ab02a9e1d8c5ed?s=96&d=mm&r=g","caption":"assessoriadefamosos"},"url":"https:\/\/portaldoestado.com.br\/index.php\/author\/assessoriadefamosos\/"}]}},"jetpack_featured_media_url":"https:\/\/portaldoestado.com.br\/wp-content\/uploads\/2025\/08\/75411af9ea617fbe60e2ccb683eabebc.jpg","_links":{"self":[{"href":"https:\/\/portaldoestado.com.br\/index.php\/wp-json\/wp\/v2\/posts\/1732","targetHints":{"allow":["GET"]}}],"collection":[{"href":"https:\/\/portaldoestado.com.br\/index.php\/wp-json\/wp\/v2\/posts"}],"about":[{"href":"https:\/\/portaldoestado.com.br\/index.php\/wp-json\/wp\/v2\/types\/post"}],"author":[{"embeddable":true,"href":"https:\/\/portaldoestado.com.br\/index.php\/wp-json\/wp\/v2\/users\/2"}],"replies":[{"embeddable":true,"href":"https:\/\/portaldoestado.com.br\/index.php\/wp-json\/wp\/v2\/comments?post=1732"}],"version-history":[{"count":1,"href":"https:\/\/portaldoestado.com.br\/index.php\/wp-json\/wp\/v2\/posts\/1732\/revisions"}],"predecessor-version":[{"id":1733,"href":"https:\/\/portaldoestado.com.br\/index.php\/wp-json\/wp\/v2\/posts\/1732\/revisions\/1733"}],"wp:featuredmedia":[{"embeddable":true,"href":"https:\/\/portaldoestado.com.br\/index.php\/wp-json\/wp\/v2\/media\/1731"}],"wp:attachment":[{"href":"https:\/\/portaldoestado.com.br\/index.php\/wp-json\/wp\/v2\/media?parent=1732"}],"wp:term":[{"taxonomy":"category","embeddable":true,"href":"https:\/\/portaldoestado.com.br\/index.php\/wp-json\/wp\/v2\/categories?post=1732"},{"taxonomy":"post_tag","embeddable":true,"href":"https:\/\/portaldoestado.com.br\/index.php\/wp-json\/wp\/v2\/tags?post=1732"}],"curies":[{"name":"wp","href":"https:\/\/api.w.org\/{rel}","templated":true}]}}