{"id":1729,"date":"2025-08-15T19:33:41","date_gmt":"2025-08-15T19:33:41","guid":{"rendered":"https:\/\/portaldoestado.com.br\/?p=1729"},"modified":"2025-08-15T19:33:41","modified_gmt":"2025-08-15T19:33:41","slug":"o-livro-thales-lessa-transforma-sentimentos-em-musica-com-participacoes-de-matheus-kauan-diego-victor-hugo-luan-pereira-guilherme-benuto-e-mais","status":"publish","type":"post","link":"https:\/\/portaldoestado.com.br\/index.php\/2025\/08\/15\/o-livro-thales-lessa-transforma-sentimentos-em-musica-com-participacoes-de-matheus-kauan-diego-victor-hugo-luan-pereira-guilherme-benuto-e-mais\/","title":{"rendered":"\u201cO Livro\u201d: Thales Lessa transforma sentimentos em m\u00fasica com participa\u00e7\u00f5es de Matheus &amp; Kauan, Diego &amp; Victor Hugo, Luan Pereira, Guilherme &amp; Benuto e mais"},"content":{"rendered":"\n<p><strong>Grava\u00e7\u00e3o do projeto ocorreu ontem (12), em Goi\u00e2nia, com composi\u00e7\u00e3o escrita ao vivo por Thales e colabora\u00e7\u00f5es de Ju Marques, Panda, Anna Catarina e Theuzinho<\/strong><\/p>\n\n\n\n<p>Na \u00faltima ter\u00e7a-feira, 12, em Goi\u00e2nia, o cantor e compositor <strong>Thales Lessa<\/strong> protagonizou uma noite memor\u00e1vel com a grava\u00e7\u00e3o de seu novo projeto audiovisual, <strong>\u201cO Livro \u2013 Do que se sente pro que se escuta\u201d<\/strong>. Com um formato intimista e p\u00fablico restrito a 200 convidados, Thales recebeu no palco grandes nomes da m\u00fasica brasileira, como <strong>Matheus &#038; Kauan, Diego &#038; Victor Hugo, Luan Pereira, Guilherme &#038; Benuto, Ju Marques, Panda, Anna Catarina e Theuzinho<\/strong>, marcando mais um cap\u00edtulo de sua carreira.<\/p>\n\n\n\n<p>Cada participa\u00e7\u00e3o apresentou uma m\u00fasica in\u00e9dita e releituras de hits j\u00e1 consagrados, todos compostos por Thales, atualmente reconhecido como o <strong>compositor mais gravado da m\u00fasica brasileira<\/strong>. Momentos especiais da noite inclu\u00edram Guilherme &#038; Benuto dividindo o palco com Luan Pereira, e Anna Catarina cantando com Theuzinho, promovendo encontros \u00fanicos que refor\u00e7aram a for\u00e7a criativa do projeto.<\/p>\n\n\n\n<p>O projeto representa o <strong>primeiro volume de uma trilogia<\/strong>, que ter\u00e1 lan\u00e7amento em TVs, r\u00e1dios e plataformas digitais, revelando os bastidores emocionais e criativos por tr\u00e1s de cada can\u00e7\u00e3o. Cada faixa funciona como um cap\u00edtulo de um \u201clivro musical\u201d, costurado por mem\u00f3rias, sentimentos e hist\u00f3rias reais que marcaram a trajet\u00f3ria de Thales Lessa.<\/p>\n\n\n\n<p>\u201c<strong>Goi\u00e2nia sempre me abra\u00e7ou, n\u00e3o poderia ser em outro lugar essa grava\u00e7\u00e3o. Ter esses grandes amigos comigo nessa noite \u00e9 uma honra. S\u00f3 tenho a agradecer a eles por tirarem esse tempo e cantarem essas modas aqui comigo. \u2018O Livro\u2019 ser\u00e1 uma trilogia, e este \u00e9 apenas o primeiro volume. Ainda tenho muita hist\u00f3ria boa para contar por tr\u00e1s de cada m\u00fasica que voc\u00eas nem imaginam. Logo mais, o primeiro volume estar\u00e1 dispon\u00edvel para assistir, ouvir e ler!<\/strong>\u201d, contou Thales.<\/p>\n\n\n\n<p>Um dos momentos mais marcantes da noite foi o encerramento. Thales convidou uma pessoa da plateia para compartilhar sua hist\u00f3ria pessoal. A escolhida, <strong>Bia Monteiro<\/strong>, emocionou a todos com seu relato. Em menos de 15 minutos, Thales transformou a hist\u00f3ria da f\u00e3 em uma m\u00fasica ao vivo, registrada como parte do projeto \u2014 um gesto espont\u00e2neo que refletiu a ess\u00eancia do audiovisual: <strong>transformar sentimentos em can\u00e7\u00e3o<\/strong>.<\/p>\n\n\n\n<p>A dire\u00e7\u00e3o musical ficou por conta de <strong>Blener Maycom<\/strong>, enquanto a produ\u00e7\u00e3o de v\u00eddeo foi assinada por <strong>Flaney Gonzallez<\/strong>. O repert\u00f3rio transita entre sertanejo e brega, com arranjos que variam do estilo original ao ritmo arrocha, refor\u00e7ando a versatilidade do projeto.<\/p>\n\n\n\n<p>Com mais de <strong>2.000 m\u00fasicas gravadas<\/strong> e <strong>200 hits reconhecidos nacionalmente<\/strong>, Thales Lessa consolida sua relev\u00e2ncia na m\u00fasica brasileira com <strong>\u201cO Livro \u2013 Do que se sente pro que se escuta\u201d<\/strong>, iniciando uma nova fase de sua carreira e reafirmando sua identidade como um dos maiores compositores do pa\u00eds.<\/p>\n","protected":false},"excerpt":{"rendered":"<p>Grava\u00e7\u00e3o do projeto ocorreu ontem (12), em Goi\u00e2nia, com composi\u00e7\u00e3o escrita ao vivo por Thales e colabora\u00e7\u00f5es de Ju Marques, Panda, Anna Catarina e Theuzinho Na \u00faltima ter\u00e7a-feira, 12, em Goi\u00e2nia, o cantor e compositor Thales Lessa protagonizou uma noite memor\u00e1vel com a grava\u00e7\u00e3o de seu novo projeto audiovisual, \u201cO Livro \u2013 Do que se \u2026<\/p>\n","protected":false},"author":2,"featured_media":1728,"comment_status":"closed","ping_status":"open","sticky":false,"template":"","format":"standard","meta":{"footnotes":""},"categories":[3],"tags":[],"class_list":["post-1729","post","type-post","status-publish","format-standard","has-post-thumbnail","hentry","category-famosos"],"yoast_head":"<!-- This site is optimized with the Yoast SEO plugin v25.5 - https:\/\/yoast.com\/wordpress\/plugins\/seo\/ -->\n<title>\u201cO Livro\u201d: Thales Lessa transforma sentimentos em m\u00fasica com participa\u00e7\u00f5es de Matheus &amp; Kauan, Diego &amp; Victor Hugo, Luan Pereira, Guilherme &amp; Benuto e mais - Portal do Estado<\/title>\n<meta name=\"robots\" content=\"index, follow, max-snippet:-1, max-image-preview:large, max-video-preview:-1\" \/>\n<link rel=\"canonical\" href=\"https:\/\/portaldoestado.com.br\/index.php\/2025\/08\/15\/o-livro-thales-lessa-transforma-sentimentos-em-musica-com-participacoes-de-matheus-kauan-diego-victor-hugo-luan-pereira-guilherme-benuto-e-mais\/\" \/>\n<meta property=\"og:locale\" content=\"pt_BR\" \/>\n<meta property=\"og:type\" content=\"article\" \/>\n<meta property=\"og:title\" content=\"\u201cO Livro\u201d: Thales Lessa transforma sentimentos em m\u00fasica com participa\u00e7\u00f5es de Matheus &amp; Kauan, Diego &amp; Victor Hugo, Luan Pereira, Guilherme &amp; Benuto e mais - Portal do Estado\" \/>\n<meta property=\"og:description\" content=\"Grava\u00e7\u00e3o do projeto ocorreu ontem (12), em Goi\u00e2nia, com composi\u00e7\u00e3o escrita ao vivo por Thales e colabora\u00e7\u00f5es de Ju Marques, Panda, Anna Catarina e Theuzinho Na \u00faltima ter\u00e7a-feira, 12, em Goi\u00e2nia, o cantor e compositor Thales Lessa protagonizou uma noite memor\u00e1vel com a grava\u00e7\u00e3o de seu novo projeto audiovisual, \u201cO Livro \u2013 Do que se \u2026\" \/>\n<meta property=\"og:url\" content=\"https:\/\/portaldoestado.com.br\/index.php\/2025\/08\/15\/o-livro-thales-lessa-transforma-sentimentos-em-musica-com-participacoes-de-matheus-kauan-diego-victor-hugo-luan-pereira-guilherme-benuto-e-mais\/\" \/>\n<meta property=\"og:site_name\" content=\"Portal do Estado\" \/>\n<meta property=\"article:published_time\" content=\"2025-08-15T19:33:41+00:00\" \/>\n<meta property=\"og:image\" content=\"https:\/\/portaldoestado.com.br\/wp-content\/uploads\/2025\/08\/Thales-Lessa-e-Matheus-e-Kauan-Por-Jhonnathas-Franco-scaled-1.jpeg\" \/>\n\t<meta property=\"og:image:width\" content=\"2560\" \/>\n\t<meta property=\"og:image:height\" content=\"1708\" \/>\n\t<meta property=\"og:image:type\" content=\"image\/jpeg\" \/>\n<meta name=\"author\" content=\"assessoriadefamosos\" \/>\n<meta name=\"twitter:card\" content=\"summary_large_image\" \/>\n<meta name=\"twitter:label1\" content=\"Escrito por\" \/>\n\t<meta name=\"twitter:data1\" content=\"assessoriadefamosos\" \/>\n\t<meta name=\"twitter:label2\" content=\"Est. tempo de leitura\" \/>\n\t<meta name=\"twitter:data2\" content=\"2 minutos\" \/>\n<script type=\"application\/ld+json\" class=\"yoast-schema-graph\">{\"@context\":\"https:\/\/schema.org\",\"@graph\":[{\"@type\":\"Article\",\"@id\":\"https:\/\/portaldoestado.com.br\/index.php\/2025\/08\/15\/o-livro-thales-lessa-transforma-sentimentos-em-musica-com-participacoes-de-matheus-kauan-diego-victor-hugo-luan-pereira-guilherme-benuto-e-mais\/#article\",\"isPartOf\":{\"@id\":\"https:\/\/portaldoestado.com.br\/index.php\/2025\/08\/15\/o-livro-thales-lessa-transforma-sentimentos-em-musica-com-participacoes-de-matheus-kauan-diego-victor-hugo-luan-pereira-guilherme-benuto-e-mais\/\"},\"author\":{\"name\":\"assessoriadefamosos\",\"@id\":\"https:\/\/portaldoestado.com.br\/#\/schema\/person\/5ca0174f3c8c84b59da62ea14b698cb9\"},\"headline\":\"\u201cO Livro\u201d: Thales Lessa transforma sentimentos em m\u00fasica com participa\u00e7\u00f5es de Matheus &amp; Kauan, Diego &amp; Victor Hugo, Luan Pereira, Guilherme &amp; Benuto e mais\",\"datePublished\":\"2025-08-15T19:33:41+00:00\",\"mainEntityOfPage\":{\"@id\":\"https:\/\/portaldoestado.com.br\/index.php\/2025\/08\/15\/o-livro-thales-lessa-transforma-sentimentos-em-musica-com-participacoes-de-matheus-kauan-diego-victor-hugo-luan-pereira-guilherme-benuto-e-mais\/\"},\"wordCount\":513,\"publisher\":{\"@id\":\"https:\/\/portaldoestado.com.br\/#organization\"},\"image\":{\"@id\":\"https:\/\/portaldoestado.com.br\/index.php\/2025\/08\/15\/o-livro-thales-lessa-transforma-sentimentos-em-musica-com-participacoes-de-matheus-kauan-diego-victor-hugo-luan-pereira-guilherme-benuto-e-mais\/#primaryimage\"},\"thumbnailUrl\":\"https:\/\/portaldoestado.com.br\/wp-content\/uploads\/2025\/08\/Thales-Lessa-e-Matheus-e-Kauan-Por-Jhonnathas-Franco-scaled-1.jpeg\",\"articleSection\":[\"Famosos\"],\"inLanguage\":\"pt-BR\"},{\"@type\":\"WebPage\",\"@id\":\"https:\/\/portaldoestado.com.br\/index.php\/2025\/08\/15\/o-livro-thales-lessa-transforma-sentimentos-em-musica-com-participacoes-de-matheus-kauan-diego-victor-hugo-luan-pereira-guilherme-benuto-e-mais\/\",\"url\":\"https:\/\/portaldoestado.com.br\/index.php\/2025\/08\/15\/o-livro-thales-lessa-transforma-sentimentos-em-musica-com-participacoes-de-matheus-kauan-diego-victor-hugo-luan-pereira-guilherme-benuto-e-mais\/\",\"name\":\"\u201cO Livro\u201d: Thales Lessa transforma sentimentos em m\u00fasica com participa\u00e7\u00f5es de Matheus &amp; Kauan, Diego &amp; Victor Hugo, Luan Pereira, Guilherme &amp; Benuto e mais - Portal do Estado\",\"isPartOf\":{\"@id\":\"https:\/\/portaldoestado.com.br\/#website\"},\"primaryImageOfPage\":{\"@id\":\"https:\/\/portaldoestado.com.br\/index.php\/2025\/08\/15\/o-livro-thales-lessa-transforma-sentimentos-em-musica-com-participacoes-de-matheus-kauan-diego-victor-hugo-luan-pereira-guilherme-benuto-e-mais\/#primaryimage\"},\"image\":{\"@id\":\"https:\/\/portaldoestado.com.br\/index.php\/2025\/08\/15\/o-livro-thales-lessa-transforma-sentimentos-em-musica-com-participacoes-de-matheus-kauan-diego-victor-hugo-luan-pereira-guilherme-benuto-e-mais\/#primaryimage\"},\"thumbnailUrl\":\"https:\/\/portaldoestado.com.br\/wp-content\/uploads\/2025\/08\/Thales-Lessa-e-Matheus-e-Kauan-Por-Jhonnathas-Franco-scaled-1.jpeg\",\"datePublished\":\"2025-08-15T19:33:41+00:00\",\"breadcrumb\":{\"@id\":\"https:\/\/portaldoestado.com.br\/index.php\/2025\/08\/15\/o-livro-thales-lessa-transforma-sentimentos-em-musica-com-participacoes-de-matheus-kauan-diego-victor-hugo-luan-pereira-guilherme-benuto-e-mais\/#breadcrumb\"},\"inLanguage\":\"pt-BR\",\"potentialAction\":[{\"@type\":\"ReadAction\",\"target\":[\"https:\/\/portaldoestado.com.br\/index.php\/2025\/08\/15\/o-livro-thales-lessa-transforma-sentimentos-em-musica-com-participacoes-de-matheus-kauan-diego-victor-hugo-luan-pereira-guilherme-benuto-e-mais\/\"]}]},{\"@type\":\"ImageObject\",\"inLanguage\":\"pt-BR\",\"@id\":\"https:\/\/portaldoestado.com.br\/index.php\/2025\/08\/15\/o-livro-thales-lessa-transforma-sentimentos-em-musica-com-participacoes-de-matheus-kauan-diego-victor-hugo-luan-pereira-guilherme-benuto-e-mais\/#primaryimage\",\"url\":\"https:\/\/portaldoestado.com.br\/wp-content\/uploads\/2025\/08\/Thales-Lessa-e-Matheus-e-Kauan-Por-Jhonnathas-Franco-scaled-1.jpeg\",\"contentUrl\":\"https:\/\/portaldoestado.com.br\/wp-content\/uploads\/2025\/08\/Thales-Lessa-e-Matheus-e-Kauan-Por-Jhonnathas-Franco-scaled-1.jpeg\",\"width\":2560,\"height\":1708},{\"@type\":\"BreadcrumbList\",\"@id\":\"https:\/\/portaldoestado.com.br\/index.php\/2025\/08\/15\/o-livro-thales-lessa-transforma-sentimentos-em-musica-com-participacoes-de-matheus-kauan-diego-victor-hugo-luan-pereira-guilherme-benuto-e-mais\/#breadcrumb\",\"itemListElement\":[{\"@type\":\"ListItem\",\"position\":1,\"name\":\"In\u00edcio\",\"item\":\"https:\/\/portaldoestado.com.br\/\"},{\"@type\":\"ListItem\",\"position\":2,\"name\":\"\u201cO Livro\u201d: Thales Lessa transforma sentimentos em m\u00fasica com participa\u00e7\u00f5es de Matheus &amp; Kauan, Diego &amp; Victor Hugo, Luan Pereira, Guilherme &amp; Benuto e mais\"}]},{\"@type\":\"WebSite\",\"@id\":\"https:\/\/portaldoestado.com.br\/#website\",\"url\":\"https:\/\/portaldoestado.com.br\/\",\"name\":\"Portal do Estado\",\"description\":\"\",\"publisher\":{\"@id\":\"https:\/\/portaldoestado.com.br\/#organization\"},\"potentialAction\":[{\"@type\":\"SearchAction\",\"target\":{\"@type\":\"EntryPoint\",\"urlTemplate\":\"https:\/\/portaldoestado.com.br\/?s={search_term_string}\"},\"query-input\":{\"@type\":\"PropertyValueSpecification\",\"valueRequired\":true,\"valueName\":\"search_term_string\"}}],\"inLanguage\":\"pt-BR\"},{\"@type\":\"Organization\",\"@id\":\"https:\/\/portaldoestado.com.br\/#organization\",\"name\":\"Portal do Estado\",\"url\":\"https:\/\/portaldoestado.com.br\/\",\"logo\":{\"@type\":\"ImageObject\",\"inLanguage\":\"pt-BR\",\"@id\":\"https:\/\/portaldoestado.com.br\/#\/schema\/logo\/image\/\",\"url\":\"https:\/\/portaldoestado.com.br\/wp-content\/uploads\/2025\/04\/cropped-6f69b19a-6472-43bf-b1b3-e1910bbbd4e8.png\",\"contentUrl\":\"https:\/\/portaldoestado.com.br\/wp-content\/uploads\/2025\/04\/cropped-6f69b19a-6472-43bf-b1b3-e1910bbbd4e8.png\",\"width\":1024,\"height\":350,\"caption\":\"Portal do Estado\"},\"image\":{\"@id\":\"https:\/\/portaldoestado.com.br\/#\/schema\/logo\/image\/\"}},{\"@type\":\"Person\",\"@id\":\"https:\/\/portaldoestado.com.br\/#\/schema\/person\/5ca0174f3c8c84b59da62ea14b698cb9\",\"name\":\"assessoriadefamosos\",\"image\":{\"@type\":\"ImageObject\",\"inLanguage\":\"pt-BR\",\"@id\":\"https:\/\/portaldoestado.com.br\/#\/schema\/person\/image\/\",\"url\":\"https:\/\/secure.gravatar.com\/avatar\/a7acbdffcfbbae7240e59f47fe511ec5f5d8c252c779f0b8d9ab02a9e1d8c5ed?s=96&d=mm&r=g\",\"contentUrl\":\"https:\/\/secure.gravatar.com\/avatar\/a7acbdffcfbbae7240e59f47fe511ec5f5d8c252c779f0b8d9ab02a9e1d8c5ed?s=96&d=mm&r=g\",\"caption\":\"assessoriadefamosos\"},\"url\":\"https:\/\/portaldoestado.com.br\/index.php\/author\/assessoriadefamosos\/\"}]}<\/script>\n<!-- \/ Yoast SEO plugin. -->","yoast_head_json":{"title":"\u201cO Livro\u201d: Thales Lessa transforma sentimentos em m\u00fasica com participa\u00e7\u00f5es de Matheus &amp; Kauan, Diego &amp; Victor Hugo, Luan Pereira, Guilherme &amp; Benuto e mais - Portal do Estado","robots":{"index":"index","follow":"follow","max-snippet":"max-snippet:-1","max-image-preview":"max-image-preview:large","max-video-preview":"max-video-preview:-1"},"canonical":"https:\/\/portaldoestado.com.br\/index.php\/2025\/08\/15\/o-livro-thales-lessa-transforma-sentimentos-em-musica-com-participacoes-de-matheus-kauan-diego-victor-hugo-luan-pereira-guilherme-benuto-e-mais\/","og_locale":"pt_BR","og_type":"article","og_title":"\u201cO Livro\u201d: Thales Lessa transforma sentimentos em m\u00fasica com participa\u00e7\u00f5es de Matheus &amp; Kauan, Diego &amp; Victor Hugo, Luan Pereira, Guilherme &amp; Benuto e mais - Portal do Estado","og_description":"Grava\u00e7\u00e3o do projeto ocorreu ontem (12), em Goi\u00e2nia, com composi\u00e7\u00e3o escrita ao vivo por Thales e colabora\u00e7\u00f5es de Ju Marques, Panda, Anna Catarina e Theuzinho Na \u00faltima ter\u00e7a-feira, 12, em Goi\u00e2nia, o cantor e compositor Thales Lessa protagonizou uma noite memor\u00e1vel com a grava\u00e7\u00e3o de seu novo projeto audiovisual, \u201cO Livro \u2013 Do que se \u2026","og_url":"https:\/\/portaldoestado.com.br\/index.php\/2025\/08\/15\/o-livro-thales-lessa-transforma-sentimentos-em-musica-com-participacoes-de-matheus-kauan-diego-victor-hugo-luan-pereira-guilherme-benuto-e-mais\/","og_site_name":"Portal do Estado","article_published_time":"2025-08-15T19:33:41+00:00","og_image":[{"width":2560,"height":1708,"url":"https:\/\/portaldoestado.com.br\/wp-content\/uploads\/2025\/08\/Thales-Lessa-e-Matheus-e-Kauan-Por-Jhonnathas-Franco-scaled-1.jpeg","type":"image\/jpeg"}],"author":"assessoriadefamosos","twitter_card":"summary_large_image","twitter_misc":{"Escrito por":"assessoriadefamosos","Est. tempo de leitura":"2 minutos"},"schema":{"@context":"https:\/\/schema.org","@graph":[{"@type":"Article","@id":"https:\/\/portaldoestado.com.br\/index.php\/2025\/08\/15\/o-livro-thales-lessa-transforma-sentimentos-em-musica-com-participacoes-de-matheus-kauan-diego-victor-hugo-luan-pereira-guilherme-benuto-e-mais\/#article","isPartOf":{"@id":"https:\/\/portaldoestado.com.br\/index.php\/2025\/08\/15\/o-livro-thales-lessa-transforma-sentimentos-em-musica-com-participacoes-de-matheus-kauan-diego-victor-hugo-luan-pereira-guilherme-benuto-e-mais\/"},"author":{"name":"assessoriadefamosos","@id":"https:\/\/portaldoestado.com.br\/#\/schema\/person\/5ca0174f3c8c84b59da62ea14b698cb9"},"headline":"\u201cO Livro\u201d: Thales Lessa transforma sentimentos em m\u00fasica com participa\u00e7\u00f5es de Matheus &amp; Kauan, Diego &amp; Victor Hugo, Luan Pereira, Guilherme &amp; Benuto e mais","datePublished":"2025-08-15T19:33:41+00:00","mainEntityOfPage":{"@id":"https:\/\/portaldoestado.com.br\/index.php\/2025\/08\/15\/o-livro-thales-lessa-transforma-sentimentos-em-musica-com-participacoes-de-matheus-kauan-diego-victor-hugo-luan-pereira-guilherme-benuto-e-mais\/"},"wordCount":513,"publisher":{"@id":"https:\/\/portaldoestado.com.br\/#organization"},"image":{"@id":"https:\/\/portaldoestado.com.br\/index.php\/2025\/08\/15\/o-livro-thales-lessa-transforma-sentimentos-em-musica-com-participacoes-de-matheus-kauan-diego-victor-hugo-luan-pereira-guilherme-benuto-e-mais\/#primaryimage"},"thumbnailUrl":"https:\/\/portaldoestado.com.br\/wp-content\/uploads\/2025\/08\/Thales-Lessa-e-Matheus-e-Kauan-Por-Jhonnathas-Franco-scaled-1.jpeg","articleSection":["Famosos"],"inLanguage":"pt-BR"},{"@type":"WebPage","@id":"https:\/\/portaldoestado.com.br\/index.php\/2025\/08\/15\/o-livro-thales-lessa-transforma-sentimentos-em-musica-com-participacoes-de-matheus-kauan-diego-victor-hugo-luan-pereira-guilherme-benuto-e-mais\/","url":"https:\/\/portaldoestado.com.br\/index.php\/2025\/08\/15\/o-livro-thales-lessa-transforma-sentimentos-em-musica-com-participacoes-de-matheus-kauan-diego-victor-hugo-luan-pereira-guilherme-benuto-e-mais\/","name":"\u201cO Livro\u201d: Thales Lessa transforma sentimentos em m\u00fasica com participa\u00e7\u00f5es de Matheus &amp; Kauan, Diego &amp; Victor Hugo, Luan Pereira, Guilherme &amp; Benuto e mais - Portal do Estado","isPartOf":{"@id":"https:\/\/portaldoestado.com.br\/#website"},"primaryImageOfPage":{"@id":"https:\/\/portaldoestado.com.br\/index.php\/2025\/08\/15\/o-livro-thales-lessa-transforma-sentimentos-em-musica-com-participacoes-de-matheus-kauan-diego-victor-hugo-luan-pereira-guilherme-benuto-e-mais\/#primaryimage"},"image":{"@id":"https:\/\/portaldoestado.com.br\/index.php\/2025\/08\/15\/o-livro-thales-lessa-transforma-sentimentos-em-musica-com-participacoes-de-matheus-kauan-diego-victor-hugo-luan-pereira-guilherme-benuto-e-mais\/#primaryimage"},"thumbnailUrl":"https:\/\/portaldoestado.com.br\/wp-content\/uploads\/2025\/08\/Thales-Lessa-e-Matheus-e-Kauan-Por-Jhonnathas-Franco-scaled-1.jpeg","datePublished":"2025-08-15T19:33:41+00:00","breadcrumb":{"@id":"https:\/\/portaldoestado.com.br\/index.php\/2025\/08\/15\/o-livro-thales-lessa-transforma-sentimentos-em-musica-com-participacoes-de-matheus-kauan-diego-victor-hugo-luan-pereira-guilherme-benuto-e-mais\/#breadcrumb"},"inLanguage":"pt-BR","potentialAction":[{"@type":"ReadAction","target":["https:\/\/portaldoestado.com.br\/index.php\/2025\/08\/15\/o-livro-thales-lessa-transforma-sentimentos-em-musica-com-participacoes-de-matheus-kauan-diego-victor-hugo-luan-pereira-guilherme-benuto-e-mais\/"]}]},{"@type":"ImageObject","inLanguage":"pt-BR","@id":"https:\/\/portaldoestado.com.br\/index.php\/2025\/08\/15\/o-livro-thales-lessa-transforma-sentimentos-em-musica-com-participacoes-de-matheus-kauan-diego-victor-hugo-luan-pereira-guilherme-benuto-e-mais\/#primaryimage","url":"https:\/\/portaldoestado.com.br\/wp-content\/uploads\/2025\/08\/Thales-Lessa-e-Matheus-e-Kauan-Por-Jhonnathas-Franco-scaled-1.jpeg","contentUrl":"https:\/\/portaldoestado.com.br\/wp-content\/uploads\/2025\/08\/Thales-Lessa-e-Matheus-e-Kauan-Por-Jhonnathas-Franco-scaled-1.jpeg","width":2560,"height":1708},{"@type":"BreadcrumbList","@id":"https:\/\/portaldoestado.com.br\/index.php\/2025\/08\/15\/o-livro-thales-lessa-transforma-sentimentos-em-musica-com-participacoes-de-matheus-kauan-diego-victor-hugo-luan-pereira-guilherme-benuto-e-mais\/#breadcrumb","itemListElement":[{"@type":"ListItem","position":1,"name":"In\u00edcio","item":"https:\/\/portaldoestado.com.br\/"},{"@type":"ListItem","position":2,"name":"\u201cO Livro\u201d: Thales Lessa transforma sentimentos em m\u00fasica com participa\u00e7\u00f5es de Matheus &amp; Kauan, Diego &amp; Victor Hugo, Luan Pereira, Guilherme &amp; Benuto e mais"}]},{"@type":"WebSite","@id":"https:\/\/portaldoestado.com.br\/#website","url":"https:\/\/portaldoestado.com.br\/","name":"Portal do Estado","description":"","publisher":{"@id":"https:\/\/portaldoestado.com.br\/#organization"},"potentialAction":[{"@type":"SearchAction","target":{"@type":"EntryPoint","urlTemplate":"https:\/\/portaldoestado.com.br\/?s={search_term_string}"},"query-input":{"@type":"PropertyValueSpecification","valueRequired":true,"valueName":"search_term_string"}}],"inLanguage":"pt-BR"},{"@type":"Organization","@id":"https:\/\/portaldoestado.com.br\/#organization","name":"Portal do Estado","url":"https:\/\/portaldoestado.com.br\/","logo":{"@type":"ImageObject","inLanguage":"pt-BR","@id":"https:\/\/portaldoestado.com.br\/#\/schema\/logo\/image\/","url":"https:\/\/portaldoestado.com.br\/wp-content\/uploads\/2025\/04\/cropped-6f69b19a-6472-43bf-b1b3-e1910bbbd4e8.png","contentUrl":"https:\/\/portaldoestado.com.br\/wp-content\/uploads\/2025\/04\/cropped-6f69b19a-6472-43bf-b1b3-e1910bbbd4e8.png","width":1024,"height":350,"caption":"Portal do Estado"},"image":{"@id":"https:\/\/portaldoestado.com.br\/#\/schema\/logo\/image\/"}},{"@type":"Person","@id":"https:\/\/portaldoestado.com.br\/#\/schema\/person\/5ca0174f3c8c84b59da62ea14b698cb9","name":"assessoriadefamosos","image":{"@type":"ImageObject","inLanguage":"pt-BR","@id":"https:\/\/portaldoestado.com.br\/#\/schema\/person\/image\/","url":"https:\/\/secure.gravatar.com\/avatar\/a7acbdffcfbbae7240e59f47fe511ec5f5d8c252c779f0b8d9ab02a9e1d8c5ed?s=96&d=mm&r=g","contentUrl":"https:\/\/secure.gravatar.com\/avatar\/a7acbdffcfbbae7240e59f47fe511ec5f5d8c252c779f0b8d9ab02a9e1d8c5ed?s=96&d=mm&r=g","caption":"assessoriadefamosos"},"url":"https:\/\/portaldoestado.com.br\/index.php\/author\/assessoriadefamosos\/"}]}},"jetpack_featured_media_url":"https:\/\/portaldoestado.com.br\/wp-content\/uploads\/2025\/08\/Thales-Lessa-e-Matheus-e-Kauan-Por-Jhonnathas-Franco-scaled-1.jpeg","_links":{"self":[{"href":"https:\/\/portaldoestado.com.br\/index.php\/wp-json\/wp\/v2\/posts\/1729","targetHints":{"allow":["GET"]}}],"collection":[{"href":"https:\/\/portaldoestado.com.br\/index.php\/wp-json\/wp\/v2\/posts"}],"about":[{"href":"https:\/\/portaldoestado.com.br\/index.php\/wp-json\/wp\/v2\/types\/post"}],"author":[{"embeddable":true,"href":"https:\/\/portaldoestado.com.br\/index.php\/wp-json\/wp\/v2\/users\/2"}],"replies":[{"embeddable":true,"href":"https:\/\/portaldoestado.com.br\/index.php\/wp-json\/wp\/v2\/comments?post=1729"}],"version-history":[{"count":1,"href":"https:\/\/portaldoestado.com.br\/index.php\/wp-json\/wp\/v2\/posts\/1729\/revisions"}],"predecessor-version":[{"id":1730,"href":"https:\/\/portaldoestado.com.br\/index.php\/wp-json\/wp\/v2\/posts\/1729\/revisions\/1730"}],"wp:featuredmedia":[{"embeddable":true,"href":"https:\/\/portaldoestado.com.br\/index.php\/wp-json\/wp\/v2\/media\/1728"}],"wp:attachment":[{"href":"https:\/\/portaldoestado.com.br\/index.php\/wp-json\/wp\/v2\/media?parent=1729"}],"wp:term":[{"taxonomy":"category","embeddable":true,"href":"https:\/\/portaldoestado.com.br\/index.php\/wp-json\/wp\/v2\/categories?post=1729"},{"taxonomy":"post_tag","embeddable":true,"href":"https:\/\/portaldoestado.com.br\/index.php\/wp-json\/wp\/v2\/tags?post=1729"}],"curies":[{"name":"wp","href":"https:\/\/api.w.org\/{rel}","templated":true}]}}