{"id":1726,"date":"2025-08-15T19:27:30","date_gmt":"2025-08-15T19:27:30","guid":{"rendered":"https:\/\/portaldoestado.com.br\/?p=1726"},"modified":"2025-08-15T19:27:30","modified_gmt":"2025-08-15T19:27:30","slug":"stella-pure-gold-o-brinde-dourado-do-festival-de-cinema-de-gramado","status":"publish","type":"post","link":"https:\/\/portaldoestado.com.br\/index.php\/2025\/08\/15\/stella-pure-gold-o-brinde-dourado-do-festival-de-cinema-de-gramado\/","title":{"rendered":"Stella Pure Gold: o brinde dourado do Festival de Cinema de Gramado"},"content":{"rendered":"\n<p>S\u00edmbolo de excel\u00eancia e inova\u00e7\u00e3o da Ambev, <strong>Stella Pure Gold<\/strong> desembarca na 53\u00aa edi\u00e7\u00e3o do Festival de Cinema de Gramado para celebrar o melhor do audiovisual brasileiro e latino-americano. Com o sabor cl\u00e1ssico da Stella Artois, sem gl\u00faten, com menos calorias e apresentada em uma sofisticada embalagem dourada, a cerveja premium combina perfeitamente com experi\u00eancias sofisticadas, refor\u00e7ando o glamour do evento mais prestigiado do cinema nacional.<\/p>\n\n\n\n<p>De 13 a 23 de agosto, a charmosa Serra Ga\u00facha se transforma em palco de grandes produ\u00e7\u00f5es, talentos e hist\u00f3rias que emocionam. \u00c9 nesse cen\u00e1rio de reconhecimento que <strong>Stella Pure Gold<\/strong> reafirma sua ess\u00eancia: unir sabor marcante e leveza em cada brinde.<\/p>\n\n\n\n<p>\u201cA Ambev \u00e9 parceira do Festival de Cinema de Gramado h\u00e1 18 anos e, pela primeira vez, traz Stella Pure Gold para assinar o patroc\u00ednio. \u00c9 um momento especial para n\u00f3s, pois unimos a tradi\u00e7\u00e3o de apoiar este evento ic\u00f4nico \u00e0 oportunidade de aproximar o p\u00fablico de uma cerveja que combina sabor marcante e uma proposta inovadora, perfeita para celebrar o talento e a criatividade do nosso cinema\u201d, comenta <strong>Mariana Dedivitis<\/strong>, diretora de marketing de Stella Artois.<\/p>\n\n\n\n<p>O retorno de Stella Artois ao festival acontece em um momento de forte crescimento da marca: no segundo trimestre de 2025, <strong>Stella Pure Gold<\/strong> mais que dobrou seu volume em rela\u00e7\u00e3o ao mesmo per\u00edodo do ano anterior, representando cerca de 30% do total da marca no Brasil. Parte do portf\u00f3lio premium da Ambev, o desempenho do produto tamb\u00e9m contribui para o crescimento do segmento, que registrou um avan\u00e7o de 15% no per\u00edodo.<\/p>\n\n\n\n<p>Durante a 53\u00aa edi\u00e7\u00e3o do Festival de Cinema de Gramado, <strong>Stella Pure Gold<\/strong> promete marcar presen\u00e7a com um bar exclusivo e luminosos especiais que colocam o p\u00fablico no clima da celebra\u00e7\u00e3o. Afinal, quando o cinema brasileiro est\u00e1 em cena, a comemora\u00e7\u00e3o tamb\u00e9m merece ser dourada.<\/p>\n","protected":false},"excerpt":{"rendered":"<p>S\u00edmbolo de excel\u00eancia e inova\u00e7\u00e3o da Ambev, Stella Pure Gold desembarca na 53\u00aa edi\u00e7\u00e3o do Festival de Cinema de Gramado para celebrar o melhor do audiovisual brasileiro e latino-americano. Com o sabor cl\u00e1ssico da Stella Artois, sem gl\u00faten, com menos calorias e apresentada em uma sofisticada embalagem dourada, a cerveja premium combina perfeitamente com experi\u00eancias \u2026<\/p>\n","protected":false},"author":2,"featured_media":1725,"comment_status":"closed","ping_status":"open","sticky":false,"template":"","format":"standard","meta":{"footnotes":""},"categories":[3],"tags":[],"class_list":["post-1726","post","type-post","status-publish","format-standard","has-post-thumbnail","hentry","category-famosos"],"yoast_head":"<!-- This site is optimized with the Yoast SEO plugin v25.5 - https:\/\/yoast.com\/wordpress\/plugins\/seo\/ -->\n<title>Stella Pure Gold: o brinde dourado do Festival de Cinema de Gramado - Portal do Estado<\/title>\n<meta name=\"robots\" content=\"index, follow, max-snippet:-1, max-image-preview:large, max-video-preview:-1\" \/>\n<link rel=\"canonical\" href=\"https:\/\/portaldoestado.com.br\/index.php\/2025\/08\/15\/stella-pure-gold-o-brinde-dourado-do-festival-de-cinema-de-gramado\/\" \/>\n<meta property=\"og:locale\" content=\"pt_BR\" \/>\n<meta property=\"og:type\" content=\"article\" \/>\n<meta property=\"og:title\" content=\"Stella Pure Gold: o brinde dourado do Festival de Cinema de Gramado - Portal do Estado\" \/>\n<meta property=\"og:description\" content=\"S\u00edmbolo de excel\u00eancia e inova\u00e7\u00e3o da Ambev, Stella Pure Gold desembarca na 53\u00aa edi\u00e7\u00e3o do Festival de Cinema de Gramado para celebrar o melhor do audiovisual brasileiro e latino-americano. Com o sabor cl\u00e1ssico da Stella Artois, sem gl\u00faten, com menos calorias e apresentada em uma sofisticada embalagem dourada, a cerveja premium combina perfeitamente com experi\u00eancias \u2026\" \/>\n<meta property=\"og:url\" content=\"https:\/\/portaldoestado.com.br\/index.php\/2025\/08\/15\/stella-pure-gold-o-brinde-dourado-do-festival-de-cinema-de-gramado\/\" \/>\n<meta property=\"og:site_name\" content=\"Portal do Estado\" \/>\n<meta property=\"article:published_time\" content=\"2025-08-15T19:27:30+00:00\" \/>\n<meta property=\"og:image\" content=\"https:\/\/portaldoestado.com.br\/wp-content\/uploads\/2025\/08\/Stella-Artois_PureGold-Bottle-Wide_Open-with-Lid_-RGB-72dpi-scaled-1.jpg\" \/>\n\t<meta property=\"og:image:width\" content=\"1920\" \/>\n\t<meta property=\"og:image:height\" content=\"2560\" \/>\n\t<meta property=\"og:image:type\" content=\"image\/jpeg\" \/>\n<meta name=\"author\" content=\"assessoriadefamosos\" \/>\n<meta name=\"twitter:card\" content=\"summary_large_image\" \/>\n<meta name=\"twitter:label1\" content=\"Escrito por\" \/>\n\t<meta name=\"twitter:data1\" content=\"assessoriadefamosos\" \/>\n\t<meta name=\"twitter:label2\" content=\"Est. tempo de leitura\" \/>\n\t<meta name=\"twitter:data2\" content=\"2 minutos\" \/>\n<script type=\"application\/ld+json\" class=\"yoast-schema-graph\">{\"@context\":\"https:\/\/schema.org\",\"@graph\":[{\"@type\":\"Article\",\"@id\":\"https:\/\/portaldoestado.com.br\/index.php\/2025\/08\/15\/stella-pure-gold-o-brinde-dourado-do-festival-de-cinema-de-gramado\/#article\",\"isPartOf\":{\"@id\":\"https:\/\/portaldoestado.com.br\/index.php\/2025\/08\/15\/stella-pure-gold-o-brinde-dourado-do-festival-de-cinema-de-gramado\/\"},\"author\":{\"name\":\"assessoriadefamosos\",\"@id\":\"https:\/\/portaldoestado.com.br\/#\/schema\/person\/5ca0174f3c8c84b59da62ea14b698cb9\"},\"headline\":\"Stella Pure Gold: o brinde dourado do Festival de Cinema de Gramado\",\"datePublished\":\"2025-08-15T19:27:30+00:00\",\"mainEntityOfPage\":{\"@id\":\"https:\/\/portaldoestado.com.br\/index.php\/2025\/08\/15\/stella-pure-gold-o-brinde-dourado-do-festival-de-cinema-de-gramado\/\"},\"wordCount\":332,\"publisher\":{\"@id\":\"https:\/\/portaldoestado.com.br\/#organization\"},\"image\":{\"@id\":\"https:\/\/portaldoestado.com.br\/index.php\/2025\/08\/15\/stella-pure-gold-o-brinde-dourado-do-festival-de-cinema-de-gramado\/#primaryimage\"},\"thumbnailUrl\":\"https:\/\/portaldoestado.com.br\/wp-content\/uploads\/2025\/08\/Stella-Artois_PureGold-Bottle-Wide_Open-with-Lid_-RGB-72dpi-scaled-1.jpg\",\"articleSection\":[\"Famosos\"],\"inLanguage\":\"pt-BR\"},{\"@type\":\"WebPage\",\"@id\":\"https:\/\/portaldoestado.com.br\/index.php\/2025\/08\/15\/stella-pure-gold-o-brinde-dourado-do-festival-de-cinema-de-gramado\/\",\"url\":\"https:\/\/portaldoestado.com.br\/index.php\/2025\/08\/15\/stella-pure-gold-o-brinde-dourado-do-festival-de-cinema-de-gramado\/\",\"name\":\"Stella Pure Gold: o brinde dourado do Festival de Cinema de Gramado - Portal do Estado\",\"isPartOf\":{\"@id\":\"https:\/\/portaldoestado.com.br\/#website\"},\"primaryImageOfPage\":{\"@id\":\"https:\/\/portaldoestado.com.br\/index.php\/2025\/08\/15\/stella-pure-gold-o-brinde-dourado-do-festival-de-cinema-de-gramado\/#primaryimage\"},\"image\":{\"@id\":\"https:\/\/portaldoestado.com.br\/index.php\/2025\/08\/15\/stella-pure-gold-o-brinde-dourado-do-festival-de-cinema-de-gramado\/#primaryimage\"},\"thumbnailUrl\":\"https:\/\/portaldoestado.com.br\/wp-content\/uploads\/2025\/08\/Stella-Artois_PureGold-Bottle-Wide_Open-with-Lid_-RGB-72dpi-scaled-1.jpg\",\"datePublished\":\"2025-08-15T19:27:30+00:00\",\"breadcrumb\":{\"@id\":\"https:\/\/portaldoestado.com.br\/index.php\/2025\/08\/15\/stella-pure-gold-o-brinde-dourado-do-festival-de-cinema-de-gramado\/#breadcrumb\"},\"inLanguage\":\"pt-BR\",\"potentialAction\":[{\"@type\":\"ReadAction\",\"target\":[\"https:\/\/portaldoestado.com.br\/index.php\/2025\/08\/15\/stella-pure-gold-o-brinde-dourado-do-festival-de-cinema-de-gramado\/\"]}]},{\"@type\":\"ImageObject\",\"inLanguage\":\"pt-BR\",\"@id\":\"https:\/\/portaldoestado.com.br\/index.php\/2025\/08\/15\/stella-pure-gold-o-brinde-dourado-do-festival-de-cinema-de-gramado\/#primaryimage\",\"url\":\"https:\/\/portaldoestado.com.br\/wp-content\/uploads\/2025\/08\/Stella-Artois_PureGold-Bottle-Wide_Open-with-Lid_-RGB-72dpi-scaled-1.jpg\",\"contentUrl\":\"https:\/\/portaldoestado.com.br\/wp-content\/uploads\/2025\/08\/Stella-Artois_PureGold-Bottle-Wide_Open-with-Lid_-RGB-72dpi-scaled-1.jpg\",\"width\":1920,\"height\":2560},{\"@type\":\"BreadcrumbList\",\"@id\":\"https:\/\/portaldoestado.com.br\/index.php\/2025\/08\/15\/stella-pure-gold-o-brinde-dourado-do-festival-de-cinema-de-gramado\/#breadcrumb\",\"itemListElement\":[{\"@type\":\"ListItem\",\"position\":1,\"name\":\"In\u00edcio\",\"item\":\"https:\/\/portaldoestado.com.br\/\"},{\"@type\":\"ListItem\",\"position\":2,\"name\":\"Stella Pure Gold: o brinde dourado do Festival de Cinema de Gramado\"}]},{\"@type\":\"WebSite\",\"@id\":\"https:\/\/portaldoestado.com.br\/#website\",\"url\":\"https:\/\/portaldoestado.com.br\/\",\"name\":\"Portal do Estado\",\"description\":\"\",\"publisher\":{\"@id\":\"https:\/\/portaldoestado.com.br\/#organization\"},\"potentialAction\":[{\"@type\":\"SearchAction\",\"target\":{\"@type\":\"EntryPoint\",\"urlTemplate\":\"https:\/\/portaldoestado.com.br\/?s={search_term_string}\"},\"query-input\":{\"@type\":\"PropertyValueSpecification\",\"valueRequired\":true,\"valueName\":\"search_term_string\"}}],\"inLanguage\":\"pt-BR\"},{\"@type\":\"Organization\",\"@id\":\"https:\/\/portaldoestado.com.br\/#organization\",\"name\":\"Portal do Estado\",\"url\":\"https:\/\/portaldoestado.com.br\/\",\"logo\":{\"@type\":\"ImageObject\",\"inLanguage\":\"pt-BR\",\"@id\":\"https:\/\/portaldoestado.com.br\/#\/schema\/logo\/image\/\",\"url\":\"https:\/\/portaldoestado.com.br\/wp-content\/uploads\/2025\/04\/cropped-6f69b19a-6472-43bf-b1b3-e1910bbbd4e8.png\",\"contentUrl\":\"https:\/\/portaldoestado.com.br\/wp-content\/uploads\/2025\/04\/cropped-6f69b19a-6472-43bf-b1b3-e1910bbbd4e8.png\",\"width\":1024,\"height\":350,\"caption\":\"Portal do Estado\"},\"image\":{\"@id\":\"https:\/\/portaldoestado.com.br\/#\/schema\/logo\/image\/\"}},{\"@type\":\"Person\",\"@id\":\"https:\/\/portaldoestado.com.br\/#\/schema\/person\/5ca0174f3c8c84b59da62ea14b698cb9\",\"name\":\"assessoriadefamosos\",\"image\":{\"@type\":\"ImageObject\",\"inLanguage\":\"pt-BR\",\"@id\":\"https:\/\/portaldoestado.com.br\/#\/schema\/person\/image\/\",\"url\":\"https:\/\/secure.gravatar.com\/avatar\/a7acbdffcfbbae7240e59f47fe511ec5f5d8c252c779f0b8d9ab02a9e1d8c5ed?s=96&d=mm&r=g\",\"contentUrl\":\"https:\/\/secure.gravatar.com\/avatar\/a7acbdffcfbbae7240e59f47fe511ec5f5d8c252c779f0b8d9ab02a9e1d8c5ed?s=96&d=mm&r=g\",\"caption\":\"assessoriadefamosos\"},\"url\":\"https:\/\/portaldoestado.com.br\/index.php\/author\/assessoriadefamosos\/\"}]}<\/script>\n<!-- \/ Yoast SEO plugin. -->","yoast_head_json":{"title":"Stella Pure Gold: o brinde dourado do Festival de Cinema de Gramado - Portal do Estado","robots":{"index":"index","follow":"follow","max-snippet":"max-snippet:-1","max-image-preview":"max-image-preview:large","max-video-preview":"max-video-preview:-1"},"canonical":"https:\/\/portaldoestado.com.br\/index.php\/2025\/08\/15\/stella-pure-gold-o-brinde-dourado-do-festival-de-cinema-de-gramado\/","og_locale":"pt_BR","og_type":"article","og_title":"Stella Pure Gold: o brinde dourado do Festival de Cinema de Gramado - Portal do Estado","og_description":"S\u00edmbolo de excel\u00eancia e inova\u00e7\u00e3o da Ambev, Stella Pure Gold desembarca na 53\u00aa edi\u00e7\u00e3o do Festival de Cinema de Gramado para celebrar o melhor do audiovisual brasileiro e latino-americano. Com o sabor cl\u00e1ssico da Stella Artois, sem gl\u00faten, com menos calorias e apresentada em uma sofisticada embalagem dourada, a cerveja premium combina perfeitamente com experi\u00eancias \u2026","og_url":"https:\/\/portaldoestado.com.br\/index.php\/2025\/08\/15\/stella-pure-gold-o-brinde-dourado-do-festival-de-cinema-de-gramado\/","og_site_name":"Portal do Estado","article_published_time":"2025-08-15T19:27:30+00:00","og_image":[{"width":1920,"height":2560,"url":"https:\/\/portaldoestado.com.br\/wp-content\/uploads\/2025\/08\/Stella-Artois_PureGold-Bottle-Wide_Open-with-Lid_-RGB-72dpi-scaled-1.jpg","type":"image\/jpeg"}],"author":"assessoriadefamosos","twitter_card":"summary_large_image","twitter_misc":{"Escrito por":"assessoriadefamosos","Est. tempo de leitura":"2 minutos"},"schema":{"@context":"https:\/\/schema.org","@graph":[{"@type":"Article","@id":"https:\/\/portaldoestado.com.br\/index.php\/2025\/08\/15\/stella-pure-gold-o-brinde-dourado-do-festival-de-cinema-de-gramado\/#article","isPartOf":{"@id":"https:\/\/portaldoestado.com.br\/index.php\/2025\/08\/15\/stella-pure-gold-o-brinde-dourado-do-festival-de-cinema-de-gramado\/"},"author":{"name":"assessoriadefamosos","@id":"https:\/\/portaldoestado.com.br\/#\/schema\/person\/5ca0174f3c8c84b59da62ea14b698cb9"},"headline":"Stella Pure Gold: o brinde dourado do Festival de Cinema de Gramado","datePublished":"2025-08-15T19:27:30+00:00","mainEntityOfPage":{"@id":"https:\/\/portaldoestado.com.br\/index.php\/2025\/08\/15\/stella-pure-gold-o-brinde-dourado-do-festival-de-cinema-de-gramado\/"},"wordCount":332,"publisher":{"@id":"https:\/\/portaldoestado.com.br\/#organization"},"image":{"@id":"https:\/\/portaldoestado.com.br\/index.php\/2025\/08\/15\/stella-pure-gold-o-brinde-dourado-do-festival-de-cinema-de-gramado\/#primaryimage"},"thumbnailUrl":"https:\/\/portaldoestado.com.br\/wp-content\/uploads\/2025\/08\/Stella-Artois_PureGold-Bottle-Wide_Open-with-Lid_-RGB-72dpi-scaled-1.jpg","articleSection":["Famosos"],"inLanguage":"pt-BR"},{"@type":"WebPage","@id":"https:\/\/portaldoestado.com.br\/index.php\/2025\/08\/15\/stella-pure-gold-o-brinde-dourado-do-festival-de-cinema-de-gramado\/","url":"https:\/\/portaldoestado.com.br\/index.php\/2025\/08\/15\/stella-pure-gold-o-brinde-dourado-do-festival-de-cinema-de-gramado\/","name":"Stella Pure Gold: o brinde dourado do Festival de Cinema de Gramado - Portal do Estado","isPartOf":{"@id":"https:\/\/portaldoestado.com.br\/#website"},"primaryImageOfPage":{"@id":"https:\/\/portaldoestado.com.br\/index.php\/2025\/08\/15\/stella-pure-gold-o-brinde-dourado-do-festival-de-cinema-de-gramado\/#primaryimage"},"image":{"@id":"https:\/\/portaldoestado.com.br\/index.php\/2025\/08\/15\/stella-pure-gold-o-brinde-dourado-do-festival-de-cinema-de-gramado\/#primaryimage"},"thumbnailUrl":"https:\/\/portaldoestado.com.br\/wp-content\/uploads\/2025\/08\/Stella-Artois_PureGold-Bottle-Wide_Open-with-Lid_-RGB-72dpi-scaled-1.jpg","datePublished":"2025-08-15T19:27:30+00:00","breadcrumb":{"@id":"https:\/\/portaldoestado.com.br\/index.php\/2025\/08\/15\/stella-pure-gold-o-brinde-dourado-do-festival-de-cinema-de-gramado\/#breadcrumb"},"inLanguage":"pt-BR","potentialAction":[{"@type":"ReadAction","target":["https:\/\/portaldoestado.com.br\/index.php\/2025\/08\/15\/stella-pure-gold-o-brinde-dourado-do-festival-de-cinema-de-gramado\/"]}]},{"@type":"ImageObject","inLanguage":"pt-BR","@id":"https:\/\/portaldoestado.com.br\/index.php\/2025\/08\/15\/stella-pure-gold-o-brinde-dourado-do-festival-de-cinema-de-gramado\/#primaryimage","url":"https:\/\/portaldoestado.com.br\/wp-content\/uploads\/2025\/08\/Stella-Artois_PureGold-Bottle-Wide_Open-with-Lid_-RGB-72dpi-scaled-1.jpg","contentUrl":"https:\/\/portaldoestado.com.br\/wp-content\/uploads\/2025\/08\/Stella-Artois_PureGold-Bottle-Wide_Open-with-Lid_-RGB-72dpi-scaled-1.jpg","width":1920,"height":2560},{"@type":"BreadcrumbList","@id":"https:\/\/portaldoestado.com.br\/index.php\/2025\/08\/15\/stella-pure-gold-o-brinde-dourado-do-festival-de-cinema-de-gramado\/#breadcrumb","itemListElement":[{"@type":"ListItem","position":1,"name":"In\u00edcio","item":"https:\/\/portaldoestado.com.br\/"},{"@type":"ListItem","position":2,"name":"Stella Pure Gold: o brinde dourado do Festival de Cinema de Gramado"}]},{"@type":"WebSite","@id":"https:\/\/portaldoestado.com.br\/#website","url":"https:\/\/portaldoestado.com.br\/","name":"Portal do Estado","description":"","publisher":{"@id":"https:\/\/portaldoestado.com.br\/#organization"},"potentialAction":[{"@type":"SearchAction","target":{"@type":"EntryPoint","urlTemplate":"https:\/\/portaldoestado.com.br\/?s={search_term_string}"},"query-input":{"@type":"PropertyValueSpecification","valueRequired":true,"valueName":"search_term_string"}}],"inLanguage":"pt-BR"},{"@type":"Organization","@id":"https:\/\/portaldoestado.com.br\/#organization","name":"Portal do Estado","url":"https:\/\/portaldoestado.com.br\/","logo":{"@type":"ImageObject","inLanguage":"pt-BR","@id":"https:\/\/portaldoestado.com.br\/#\/schema\/logo\/image\/","url":"https:\/\/portaldoestado.com.br\/wp-content\/uploads\/2025\/04\/cropped-6f69b19a-6472-43bf-b1b3-e1910bbbd4e8.png","contentUrl":"https:\/\/portaldoestado.com.br\/wp-content\/uploads\/2025\/04\/cropped-6f69b19a-6472-43bf-b1b3-e1910bbbd4e8.png","width":1024,"height":350,"caption":"Portal do Estado"},"image":{"@id":"https:\/\/portaldoestado.com.br\/#\/schema\/logo\/image\/"}},{"@type":"Person","@id":"https:\/\/portaldoestado.com.br\/#\/schema\/person\/5ca0174f3c8c84b59da62ea14b698cb9","name":"assessoriadefamosos","image":{"@type":"ImageObject","inLanguage":"pt-BR","@id":"https:\/\/portaldoestado.com.br\/#\/schema\/person\/image\/","url":"https:\/\/secure.gravatar.com\/avatar\/a7acbdffcfbbae7240e59f47fe511ec5f5d8c252c779f0b8d9ab02a9e1d8c5ed?s=96&d=mm&r=g","contentUrl":"https:\/\/secure.gravatar.com\/avatar\/a7acbdffcfbbae7240e59f47fe511ec5f5d8c252c779f0b8d9ab02a9e1d8c5ed?s=96&d=mm&r=g","caption":"assessoriadefamosos"},"url":"https:\/\/portaldoestado.com.br\/index.php\/author\/assessoriadefamosos\/"}]}},"jetpack_featured_media_url":"https:\/\/portaldoestado.com.br\/wp-content\/uploads\/2025\/08\/Stella-Artois_PureGold-Bottle-Wide_Open-with-Lid_-RGB-72dpi-scaled-1.jpg","_links":{"self":[{"href":"https:\/\/portaldoestado.com.br\/index.php\/wp-json\/wp\/v2\/posts\/1726","targetHints":{"allow":["GET"]}}],"collection":[{"href":"https:\/\/portaldoestado.com.br\/index.php\/wp-json\/wp\/v2\/posts"}],"about":[{"href":"https:\/\/portaldoestado.com.br\/index.php\/wp-json\/wp\/v2\/types\/post"}],"author":[{"embeddable":true,"href":"https:\/\/portaldoestado.com.br\/index.php\/wp-json\/wp\/v2\/users\/2"}],"replies":[{"embeddable":true,"href":"https:\/\/portaldoestado.com.br\/index.php\/wp-json\/wp\/v2\/comments?post=1726"}],"version-history":[{"count":1,"href":"https:\/\/portaldoestado.com.br\/index.php\/wp-json\/wp\/v2\/posts\/1726\/revisions"}],"predecessor-version":[{"id":1727,"href":"https:\/\/portaldoestado.com.br\/index.php\/wp-json\/wp\/v2\/posts\/1726\/revisions\/1727"}],"wp:featuredmedia":[{"embeddable":true,"href":"https:\/\/portaldoestado.com.br\/index.php\/wp-json\/wp\/v2\/media\/1725"}],"wp:attachment":[{"href":"https:\/\/portaldoestado.com.br\/index.php\/wp-json\/wp\/v2\/media?parent=1726"}],"wp:term":[{"taxonomy":"category","embeddable":true,"href":"https:\/\/portaldoestado.com.br\/index.php\/wp-json\/wp\/v2\/categories?post=1726"},{"taxonomy":"post_tag","embeddable":true,"href":"https:\/\/portaldoestado.com.br\/index.php\/wp-json\/wp\/v2\/tags?post=1726"}],"curies":[{"name":"wp","href":"https:\/\/api.w.org\/{rel}","templated":true}]}}