{"id":1720,"date":"2025-08-15T19:17:17","date_gmt":"2025-08-15T19:17:17","guid":{"rendered":"https:\/\/portaldoestado.com.br\/?p=1720"},"modified":"2025-08-15T19:17:17","modified_gmt":"2025-08-15T19:17:17","slug":"izaias-pertrelly-e-destaque-no-mit-innovators-under-35-e-conquista-premio-na-categoria-inteligencia-artificial","status":"publish","type":"post","link":"https:\/\/portaldoestado.com.br\/index.php\/2025\/08\/15\/izaias-pertrelly-e-destaque-no-mit-innovators-under-35-e-conquista-premio-na-categoria-inteligencia-artificial\/","title":{"rendered":"Izaias Pertrelly \u00e9 destaque no MIT Innovators Under 35 e conquista pr\u00eamio na categoria \u201cIntelig\u00eancia Artificial\u201d"},"content":{"rendered":"\n<p>O brasileiro <strong>Izaias Pertrelly<\/strong>, CEO da <strong>Blue<\/strong>, acaba de entrar para um seleto grupo de mentes brilhantes reconhecidas pelo <strong>MIT Innovators Under 35<\/strong>, uma das premia\u00e7\u00f5es mais prestigiadas do mundo, concedida pelo <strong>Massachusetts Institute of Technology (MIT)<\/strong>. A conquista, anunciada nesta <strong>quinta-feira, 14<\/strong>, o coloca ao lado de nomes que j\u00e1 fizeram hist\u00f3ria, como <strong>Mark Zuckerberg<\/strong> (Facebook) e <strong>Larry Page<\/strong> (Google).<\/p>\n\n\n\n<p>Especialista em solu\u00e7\u00f5es in\u00e9ditas e de alto impacto em <strong>intelig\u00eancia artificial<\/strong>, Pertrelly tem revolucionado o uso da tecnologia para neg\u00f3cios, criando estrat\u00e9gias e ferramentas capazes de transformar empresas, governos e a sociedade. Seu trabalho combina vis\u00e3o estrat\u00e9gica e inova\u00e7\u00e3o aplicada, sempre com o objetivo de resolver problemas reais e gerar resultados concretos.<\/p>\n\n\n\n<p>O reconhecimento do MIT \u00e9 a coroa\u00e7\u00e3o de uma trajet\u00f3ria s\u00f3lida, constru\u00edda com dedica\u00e7\u00e3o, criatividade e ousadia \u2014 qualidades que o transformaram em uma das principais refer\u00eancias em intelig\u00eancia artificial no Brasil e, cada vez mais, no cen\u00e1rio global.<\/p>\n\n\n\n<blockquote class=\"wp-block-quote is-layout-flow wp-block-quote-is-layout-flow\">\n<p>\u201cReceber um reconhecimento como o MIT Innovators Under 35 \u00e9 a prova de que a inova\u00e7\u00e3o que fazemos no Brasil pode, sim, transformar o mundo. Esse pr\u00eamio n\u00e3o \u00e9 apenas sobre o que j\u00e1 fizemos, mas sobre o que ainda podemos conquistar. Mais do que um trof\u00e9u, encaro como uma responsabilidade imensa: continuar desenvolvendo solu\u00e7\u00f5es in\u00e9ditas que impactem positivamente empresas, governos e a sociedade, ajudando a resolver problemas reais com intelig\u00eancia artificial. Quero que este momento sirva de inspira\u00e7\u00e3o para outros brasileiros acreditarem que \u00e9 poss\u00edvel competir e vencer em qualquer lugar do planeta, desde que exista prop\u00f3sito, vis\u00e3o e determina\u00e7\u00e3o\u201d, declarou Izaias.<\/p>\n<\/blockquote>\n\n\n\n<p>A conquista n\u00e3o apenas inscreve o nome de Izaias Pertrelly na lista dos jovens mais inovadores do planeta, como tamb\u00e9m reafirma o potencial da <strong>tecnologia brasileira<\/strong> para competir em p\u00e9 de igualdade com os maiores centros de inova\u00e7\u00e3o do mundo.<\/p>\n\n\n\n<p>Com seu exemplo, Pertrelly abre caminho para que novas gera\u00e7\u00f5es de empreendedores, pesquisadores e vision\u00e1rios acreditem que <strong>ideias bem executadas podem mudar realidades<\/strong> \u2014 e at\u00e9 o pr\u00f3prio futuro.<\/p>\n","protected":false},"excerpt":{"rendered":"<p>O brasileiro Izaias Pertrelly, CEO da Blue, acaba de entrar para um seleto grupo de mentes brilhantes reconhecidas pelo MIT Innovators Under 35, uma das premia\u00e7\u00f5es mais prestigiadas do mundo, concedida pelo Massachusetts Institute of Technology (MIT). A conquista, anunciada nesta quinta-feira, 14, o coloca ao lado de nomes que j\u00e1 fizeram hist\u00f3ria, como Mark \u2026<\/p>\n","protected":false},"author":2,"featured_media":1719,"comment_status":"closed","ping_status":"open","sticky":false,"template":"","format":"standard","meta":{"footnotes":""},"categories":[3],"tags":[],"class_list":["post-1720","post","type-post","status-publish","format-standard","has-post-thumbnail","hentry","category-famosos"],"yoast_head":"<!-- This site is optimized with the Yoast SEO plugin v25.5 - https:\/\/yoast.com\/wordpress\/plugins\/seo\/ -->\n<title>Izaias Pertrelly \u00e9 destaque no MIT Innovators Under 35 e conquista pr\u00eamio na categoria \u201cIntelig\u00eancia Artificial\u201d - Portal do Estado<\/title>\n<meta name=\"robots\" content=\"index, follow, max-snippet:-1, max-image-preview:large, max-video-preview:-1\" \/>\n<link rel=\"canonical\" href=\"https:\/\/portaldoestado.com.br\/index.php\/2025\/08\/15\/izaias-pertrelly-e-destaque-no-mit-innovators-under-35-e-conquista-premio-na-categoria-inteligencia-artificial\/\" \/>\n<meta property=\"og:locale\" content=\"pt_BR\" \/>\n<meta property=\"og:type\" content=\"article\" \/>\n<meta property=\"og:title\" content=\"Izaias Pertrelly \u00e9 destaque no MIT Innovators Under 35 e conquista pr\u00eamio na categoria \u201cIntelig\u00eancia Artificial\u201d - Portal do Estado\" \/>\n<meta property=\"og:description\" content=\"O brasileiro Izaias Pertrelly, CEO da Blue, acaba de entrar para um seleto grupo de mentes brilhantes reconhecidas pelo MIT Innovators Under 35, uma das premia\u00e7\u00f5es mais prestigiadas do mundo, concedida pelo Massachusetts Institute of Technology (MIT). A conquista, anunciada nesta quinta-feira, 14, o coloca ao lado de nomes que j\u00e1 fizeram hist\u00f3ria, como Mark \u2026\" \/>\n<meta property=\"og:url\" content=\"https:\/\/portaldoestado.com.br\/index.php\/2025\/08\/15\/izaias-pertrelly-e-destaque-no-mit-innovators-under-35-e-conquista-premio-na-categoria-inteligencia-artificial\/\" \/>\n<meta property=\"og:site_name\" content=\"Portal do Estado\" \/>\n<meta property=\"article:published_time\" content=\"2025-08-15T19:17:17+00:00\" \/>\n<meta property=\"og:image\" content=\"https:\/\/portaldoestado.com.br\/wp-content\/uploads\/2025\/08\/Izaias-Pertrelly-Creditos_-Visionmakin-scaled-1.jpg\" \/>\n\t<meta property=\"og:image:width\" content=\"2560\" \/>\n\t<meta property=\"og:image:height\" content=\"1707\" \/>\n\t<meta property=\"og:image:type\" content=\"image\/jpeg\" \/>\n<meta name=\"author\" content=\"assessoriadefamosos\" \/>\n<meta name=\"twitter:card\" content=\"summary_large_image\" \/>\n<meta name=\"twitter:label1\" content=\"Escrito por\" \/>\n\t<meta name=\"twitter:data1\" content=\"assessoriadefamosos\" \/>\n\t<meta name=\"twitter:label2\" content=\"Est. tempo de leitura\" \/>\n\t<meta name=\"twitter:data2\" content=\"2 minutos\" \/>\n<script type=\"application\/ld+json\" class=\"yoast-schema-graph\">{\"@context\":\"https:\/\/schema.org\",\"@graph\":[{\"@type\":\"Article\",\"@id\":\"https:\/\/portaldoestado.com.br\/index.php\/2025\/08\/15\/izaias-pertrelly-e-destaque-no-mit-innovators-under-35-e-conquista-premio-na-categoria-inteligencia-artificial\/#article\",\"isPartOf\":{\"@id\":\"https:\/\/portaldoestado.com.br\/index.php\/2025\/08\/15\/izaias-pertrelly-e-destaque-no-mit-innovators-under-35-e-conquista-premio-na-categoria-inteligencia-artificial\/\"},\"author\":{\"name\":\"assessoriadefamosos\",\"@id\":\"https:\/\/portaldoestado.com.br\/#\/schema\/person\/5ca0174f3c8c84b59da62ea14b698cb9\"},\"headline\":\"Izaias Pertrelly \u00e9 destaque no MIT Innovators Under 35 e conquista pr\u00eamio na categoria \u201cIntelig\u00eancia Artificial\u201d\",\"datePublished\":\"2025-08-15T19:17:17+00:00\",\"mainEntityOfPage\":{\"@id\":\"https:\/\/portaldoestado.com.br\/index.php\/2025\/08\/15\/izaias-pertrelly-e-destaque-no-mit-innovators-under-35-e-conquista-premio-na-categoria-inteligencia-artificial\/\"},\"wordCount\":367,\"publisher\":{\"@id\":\"https:\/\/portaldoestado.com.br\/#organization\"},\"image\":{\"@id\":\"https:\/\/portaldoestado.com.br\/index.php\/2025\/08\/15\/izaias-pertrelly-e-destaque-no-mit-innovators-under-35-e-conquista-premio-na-categoria-inteligencia-artificial\/#primaryimage\"},\"thumbnailUrl\":\"https:\/\/portaldoestado.com.br\/wp-content\/uploads\/2025\/08\/Izaias-Pertrelly-Creditos_-Visionmakin-scaled-1.jpg\",\"articleSection\":[\"Famosos\"],\"inLanguage\":\"pt-BR\"},{\"@type\":\"WebPage\",\"@id\":\"https:\/\/portaldoestado.com.br\/index.php\/2025\/08\/15\/izaias-pertrelly-e-destaque-no-mit-innovators-under-35-e-conquista-premio-na-categoria-inteligencia-artificial\/\",\"url\":\"https:\/\/portaldoestado.com.br\/index.php\/2025\/08\/15\/izaias-pertrelly-e-destaque-no-mit-innovators-under-35-e-conquista-premio-na-categoria-inteligencia-artificial\/\",\"name\":\"Izaias Pertrelly \u00e9 destaque no MIT Innovators Under 35 e conquista pr\u00eamio na categoria \u201cIntelig\u00eancia Artificial\u201d - Portal do Estado\",\"isPartOf\":{\"@id\":\"https:\/\/portaldoestado.com.br\/#website\"},\"primaryImageOfPage\":{\"@id\":\"https:\/\/portaldoestado.com.br\/index.php\/2025\/08\/15\/izaias-pertrelly-e-destaque-no-mit-innovators-under-35-e-conquista-premio-na-categoria-inteligencia-artificial\/#primaryimage\"},\"image\":{\"@id\":\"https:\/\/portaldoestado.com.br\/index.php\/2025\/08\/15\/izaias-pertrelly-e-destaque-no-mit-innovators-under-35-e-conquista-premio-na-categoria-inteligencia-artificial\/#primaryimage\"},\"thumbnailUrl\":\"https:\/\/portaldoestado.com.br\/wp-content\/uploads\/2025\/08\/Izaias-Pertrelly-Creditos_-Visionmakin-scaled-1.jpg\",\"datePublished\":\"2025-08-15T19:17:17+00:00\",\"breadcrumb\":{\"@id\":\"https:\/\/portaldoestado.com.br\/index.php\/2025\/08\/15\/izaias-pertrelly-e-destaque-no-mit-innovators-under-35-e-conquista-premio-na-categoria-inteligencia-artificial\/#breadcrumb\"},\"inLanguage\":\"pt-BR\",\"potentialAction\":[{\"@type\":\"ReadAction\",\"target\":[\"https:\/\/portaldoestado.com.br\/index.php\/2025\/08\/15\/izaias-pertrelly-e-destaque-no-mit-innovators-under-35-e-conquista-premio-na-categoria-inteligencia-artificial\/\"]}]},{\"@type\":\"ImageObject\",\"inLanguage\":\"pt-BR\",\"@id\":\"https:\/\/portaldoestado.com.br\/index.php\/2025\/08\/15\/izaias-pertrelly-e-destaque-no-mit-innovators-under-35-e-conquista-premio-na-categoria-inteligencia-artificial\/#primaryimage\",\"url\":\"https:\/\/portaldoestado.com.br\/wp-content\/uploads\/2025\/08\/Izaias-Pertrelly-Creditos_-Visionmakin-scaled-1.jpg\",\"contentUrl\":\"https:\/\/portaldoestado.com.br\/wp-content\/uploads\/2025\/08\/Izaias-Pertrelly-Creditos_-Visionmakin-scaled-1.jpg\",\"width\":2560,\"height\":1707},{\"@type\":\"BreadcrumbList\",\"@id\":\"https:\/\/portaldoestado.com.br\/index.php\/2025\/08\/15\/izaias-pertrelly-e-destaque-no-mit-innovators-under-35-e-conquista-premio-na-categoria-inteligencia-artificial\/#breadcrumb\",\"itemListElement\":[{\"@type\":\"ListItem\",\"position\":1,\"name\":\"In\u00edcio\",\"item\":\"https:\/\/portaldoestado.com.br\/\"},{\"@type\":\"ListItem\",\"position\":2,\"name\":\"Izaias Pertrelly \u00e9 destaque no MIT Innovators Under 35 e conquista pr\u00eamio na categoria \u201cIntelig\u00eancia Artificial\u201d\"}]},{\"@type\":\"WebSite\",\"@id\":\"https:\/\/portaldoestado.com.br\/#website\",\"url\":\"https:\/\/portaldoestado.com.br\/\",\"name\":\"Portal do Estado\",\"description\":\"\",\"publisher\":{\"@id\":\"https:\/\/portaldoestado.com.br\/#organization\"},\"potentialAction\":[{\"@type\":\"SearchAction\",\"target\":{\"@type\":\"EntryPoint\",\"urlTemplate\":\"https:\/\/portaldoestado.com.br\/?s={search_term_string}\"},\"query-input\":{\"@type\":\"PropertyValueSpecification\",\"valueRequired\":true,\"valueName\":\"search_term_string\"}}],\"inLanguage\":\"pt-BR\"},{\"@type\":\"Organization\",\"@id\":\"https:\/\/portaldoestado.com.br\/#organization\",\"name\":\"Portal do Estado\",\"url\":\"https:\/\/portaldoestado.com.br\/\",\"logo\":{\"@type\":\"ImageObject\",\"inLanguage\":\"pt-BR\",\"@id\":\"https:\/\/portaldoestado.com.br\/#\/schema\/logo\/image\/\",\"url\":\"https:\/\/portaldoestado.com.br\/wp-content\/uploads\/2025\/04\/cropped-6f69b19a-6472-43bf-b1b3-e1910bbbd4e8.png\",\"contentUrl\":\"https:\/\/portaldoestado.com.br\/wp-content\/uploads\/2025\/04\/cropped-6f69b19a-6472-43bf-b1b3-e1910bbbd4e8.png\",\"width\":1024,\"height\":350,\"caption\":\"Portal do Estado\"},\"image\":{\"@id\":\"https:\/\/portaldoestado.com.br\/#\/schema\/logo\/image\/\"}},{\"@type\":\"Person\",\"@id\":\"https:\/\/portaldoestado.com.br\/#\/schema\/person\/5ca0174f3c8c84b59da62ea14b698cb9\",\"name\":\"assessoriadefamosos\",\"image\":{\"@type\":\"ImageObject\",\"inLanguage\":\"pt-BR\",\"@id\":\"https:\/\/portaldoestado.com.br\/#\/schema\/person\/image\/\",\"url\":\"https:\/\/secure.gravatar.com\/avatar\/a7acbdffcfbbae7240e59f47fe511ec5f5d8c252c779f0b8d9ab02a9e1d8c5ed?s=96&d=mm&r=g\",\"contentUrl\":\"https:\/\/secure.gravatar.com\/avatar\/a7acbdffcfbbae7240e59f47fe511ec5f5d8c252c779f0b8d9ab02a9e1d8c5ed?s=96&d=mm&r=g\",\"caption\":\"assessoriadefamosos\"},\"url\":\"https:\/\/portaldoestado.com.br\/index.php\/author\/assessoriadefamosos\/\"}]}<\/script>\n<!-- \/ Yoast SEO plugin. -->","yoast_head_json":{"title":"Izaias Pertrelly \u00e9 destaque no MIT Innovators Under 35 e conquista pr\u00eamio na categoria \u201cIntelig\u00eancia Artificial\u201d - Portal do Estado","robots":{"index":"index","follow":"follow","max-snippet":"max-snippet:-1","max-image-preview":"max-image-preview:large","max-video-preview":"max-video-preview:-1"},"canonical":"https:\/\/portaldoestado.com.br\/index.php\/2025\/08\/15\/izaias-pertrelly-e-destaque-no-mit-innovators-under-35-e-conquista-premio-na-categoria-inteligencia-artificial\/","og_locale":"pt_BR","og_type":"article","og_title":"Izaias Pertrelly \u00e9 destaque no MIT Innovators Under 35 e conquista pr\u00eamio na categoria \u201cIntelig\u00eancia Artificial\u201d - Portal do Estado","og_description":"O brasileiro Izaias Pertrelly, CEO da Blue, acaba de entrar para um seleto grupo de mentes brilhantes reconhecidas pelo MIT Innovators Under 35, uma das premia\u00e7\u00f5es mais prestigiadas do mundo, concedida pelo Massachusetts Institute of Technology (MIT). A conquista, anunciada nesta quinta-feira, 14, o coloca ao lado de nomes que j\u00e1 fizeram hist\u00f3ria, como Mark \u2026","og_url":"https:\/\/portaldoestado.com.br\/index.php\/2025\/08\/15\/izaias-pertrelly-e-destaque-no-mit-innovators-under-35-e-conquista-premio-na-categoria-inteligencia-artificial\/","og_site_name":"Portal do Estado","article_published_time":"2025-08-15T19:17:17+00:00","og_image":[{"width":2560,"height":1707,"url":"https:\/\/portaldoestado.com.br\/wp-content\/uploads\/2025\/08\/Izaias-Pertrelly-Creditos_-Visionmakin-scaled-1.jpg","type":"image\/jpeg"}],"author":"assessoriadefamosos","twitter_card":"summary_large_image","twitter_misc":{"Escrito por":"assessoriadefamosos","Est. tempo de leitura":"2 minutos"},"schema":{"@context":"https:\/\/schema.org","@graph":[{"@type":"Article","@id":"https:\/\/portaldoestado.com.br\/index.php\/2025\/08\/15\/izaias-pertrelly-e-destaque-no-mit-innovators-under-35-e-conquista-premio-na-categoria-inteligencia-artificial\/#article","isPartOf":{"@id":"https:\/\/portaldoestado.com.br\/index.php\/2025\/08\/15\/izaias-pertrelly-e-destaque-no-mit-innovators-under-35-e-conquista-premio-na-categoria-inteligencia-artificial\/"},"author":{"name":"assessoriadefamosos","@id":"https:\/\/portaldoestado.com.br\/#\/schema\/person\/5ca0174f3c8c84b59da62ea14b698cb9"},"headline":"Izaias Pertrelly \u00e9 destaque no MIT Innovators Under 35 e conquista pr\u00eamio na categoria \u201cIntelig\u00eancia Artificial\u201d","datePublished":"2025-08-15T19:17:17+00:00","mainEntityOfPage":{"@id":"https:\/\/portaldoestado.com.br\/index.php\/2025\/08\/15\/izaias-pertrelly-e-destaque-no-mit-innovators-under-35-e-conquista-premio-na-categoria-inteligencia-artificial\/"},"wordCount":367,"publisher":{"@id":"https:\/\/portaldoestado.com.br\/#organization"},"image":{"@id":"https:\/\/portaldoestado.com.br\/index.php\/2025\/08\/15\/izaias-pertrelly-e-destaque-no-mit-innovators-under-35-e-conquista-premio-na-categoria-inteligencia-artificial\/#primaryimage"},"thumbnailUrl":"https:\/\/portaldoestado.com.br\/wp-content\/uploads\/2025\/08\/Izaias-Pertrelly-Creditos_-Visionmakin-scaled-1.jpg","articleSection":["Famosos"],"inLanguage":"pt-BR"},{"@type":"WebPage","@id":"https:\/\/portaldoestado.com.br\/index.php\/2025\/08\/15\/izaias-pertrelly-e-destaque-no-mit-innovators-under-35-e-conquista-premio-na-categoria-inteligencia-artificial\/","url":"https:\/\/portaldoestado.com.br\/index.php\/2025\/08\/15\/izaias-pertrelly-e-destaque-no-mit-innovators-under-35-e-conquista-premio-na-categoria-inteligencia-artificial\/","name":"Izaias Pertrelly \u00e9 destaque no MIT Innovators Under 35 e conquista pr\u00eamio na categoria \u201cIntelig\u00eancia Artificial\u201d - Portal do Estado","isPartOf":{"@id":"https:\/\/portaldoestado.com.br\/#website"},"primaryImageOfPage":{"@id":"https:\/\/portaldoestado.com.br\/index.php\/2025\/08\/15\/izaias-pertrelly-e-destaque-no-mit-innovators-under-35-e-conquista-premio-na-categoria-inteligencia-artificial\/#primaryimage"},"image":{"@id":"https:\/\/portaldoestado.com.br\/index.php\/2025\/08\/15\/izaias-pertrelly-e-destaque-no-mit-innovators-under-35-e-conquista-premio-na-categoria-inteligencia-artificial\/#primaryimage"},"thumbnailUrl":"https:\/\/portaldoestado.com.br\/wp-content\/uploads\/2025\/08\/Izaias-Pertrelly-Creditos_-Visionmakin-scaled-1.jpg","datePublished":"2025-08-15T19:17:17+00:00","breadcrumb":{"@id":"https:\/\/portaldoestado.com.br\/index.php\/2025\/08\/15\/izaias-pertrelly-e-destaque-no-mit-innovators-under-35-e-conquista-premio-na-categoria-inteligencia-artificial\/#breadcrumb"},"inLanguage":"pt-BR","potentialAction":[{"@type":"ReadAction","target":["https:\/\/portaldoestado.com.br\/index.php\/2025\/08\/15\/izaias-pertrelly-e-destaque-no-mit-innovators-under-35-e-conquista-premio-na-categoria-inteligencia-artificial\/"]}]},{"@type":"ImageObject","inLanguage":"pt-BR","@id":"https:\/\/portaldoestado.com.br\/index.php\/2025\/08\/15\/izaias-pertrelly-e-destaque-no-mit-innovators-under-35-e-conquista-premio-na-categoria-inteligencia-artificial\/#primaryimage","url":"https:\/\/portaldoestado.com.br\/wp-content\/uploads\/2025\/08\/Izaias-Pertrelly-Creditos_-Visionmakin-scaled-1.jpg","contentUrl":"https:\/\/portaldoestado.com.br\/wp-content\/uploads\/2025\/08\/Izaias-Pertrelly-Creditos_-Visionmakin-scaled-1.jpg","width":2560,"height":1707},{"@type":"BreadcrumbList","@id":"https:\/\/portaldoestado.com.br\/index.php\/2025\/08\/15\/izaias-pertrelly-e-destaque-no-mit-innovators-under-35-e-conquista-premio-na-categoria-inteligencia-artificial\/#breadcrumb","itemListElement":[{"@type":"ListItem","position":1,"name":"In\u00edcio","item":"https:\/\/portaldoestado.com.br\/"},{"@type":"ListItem","position":2,"name":"Izaias Pertrelly \u00e9 destaque no MIT Innovators Under 35 e conquista pr\u00eamio na categoria \u201cIntelig\u00eancia Artificial\u201d"}]},{"@type":"WebSite","@id":"https:\/\/portaldoestado.com.br\/#website","url":"https:\/\/portaldoestado.com.br\/","name":"Portal do Estado","description":"","publisher":{"@id":"https:\/\/portaldoestado.com.br\/#organization"},"potentialAction":[{"@type":"SearchAction","target":{"@type":"EntryPoint","urlTemplate":"https:\/\/portaldoestado.com.br\/?s={search_term_string}"},"query-input":{"@type":"PropertyValueSpecification","valueRequired":true,"valueName":"search_term_string"}}],"inLanguage":"pt-BR"},{"@type":"Organization","@id":"https:\/\/portaldoestado.com.br\/#organization","name":"Portal do Estado","url":"https:\/\/portaldoestado.com.br\/","logo":{"@type":"ImageObject","inLanguage":"pt-BR","@id":"https:\/\/portaldoestado.com.br\/#\/schema\/logo\/image\/","url":"https:\/\/portaldoestado.com.br\/wp-content\/uploads\/2025\/04\/cropped-6f69b19a-6472-43bf-b1b3-e1910bbbd4e8.png","contentUrl":"https:\/\/portaldoestado.com.br\/wp-content\/uploads\/2025\/04\/cropped-6f69b19a-6472-43bf-b1b3-e1910bbbd4e8.png","width":1024,"height":350,"caption":"Portal do Estado"},"image":{"@id":"https:\/\/portaldoestado.com.br\/#\/schema\/logo\/image\/"}},{"@type":"Person","@id":"https:\/\/portaldoestado.com.br\/#\/schema\/person\/5ca0174f3c8c84b59da62ea14b698cb9","name":"assessoriadefamosos","image":{"@type":"ImageObject","inLanguage":"pt-BR","@id":"https:\/\/portaldoestado.com.br\/#\/schema\/person\/image\/","url":"https:\/\/secure.gravatar.com\/avatar\/a7acbdffcfbbae7240e59f47fe511ec5f5d8c252c779f0b8d9ab02a9e1d8c5ed?s=96&d=mm&r=g","contentUrl":"https:\/\/secure.gravatar.com\/avatar\/a7acbdffcfbbae7240e59f47fe511ec5f5d8c252c779f0b8d9ab02a9e1d8c5ed?s=96&d=mm&r=g","caption":"assessoriadefamosos"},"url":"https:\/\/portaldoestado.com.br\/index.php\/author\/assessoriadefamosos\/"}]}},"jetpack_featured_media_url":"https:\/\/portaldoestado.com.br\/wp-content\/uploads\/2025\/08\/Izaias-Pertrelly-Creditos_-Visionmakin-scaled-1.jpg","_links":{"self":[{"href":"https:\/\/portaldoestado.com.br\/index.php\/wp-json\/wp\/v2\/posts\/1720","targetHints":{"allow":["GET"]}}],"collection":[{"href":"https:\/\/portaldoestado.com.br\/index.php\/wp-json\/wp\/v2\/posts"}],"about":[{"href":"https:\/\/portaldoestado.com.br\/index.php\/wp-json\/wp\/v2\/types\/post"}],"author":[{"embeddable":true,"href":"https:\/\/portaldoestado.com.br\/index.php\/wp-json\/wp\/v2\/users\/2"}],"replies":[{"embeddable":true,"href":"https:\/\/portaldoestado.com.br\/index.php\/wp-json\/wp\/v2\/comments?post=1720"}],"version-history":[{"count":1,"href":"https:\/\/portaldoestado.com.br\/index.php\/wp-json\/wp\/v2\/posts\/1720\/revisions"}],"predecessor-version":[{"id":1721,"href":"https:\/\/portaldoestado.com.br\/index.php\/wp-json\/wp\/v2\/posts\/1720\/revisions\/1721"}],"wp:featuredmedia":[{"embeddable":true,"href":"https:\/\/portaldoestado.com.br\/index.php\/wp-json\/wp\/v2\/media\/1719"}],"wp:attachment":[{"href":"https:\/\/portaldoestado.com.br\/index.php\/wp-json\/wp\/v2\/media?parent=1720"}],"wp:term":[{"taxonomy":"category","embeddable":true,"href":"https:\/\/portaldoestado.com.br\/index.php\/wp-json\/wp\/v2\/categories?post=1720"},{"taxonomy":"post_tag","embeddable":true,"href":"https:\/\/portaldoestado.com.br\/index.php\/wp-json\/wp\/v2\/tags?post=1720"}],"curies":[{"name":"wp","href":"https:\/\/api.w.org\/{rel}","templated":true}]}}