{"id":1702,"date":"2025-08-14T20:38:15","date_gmt":"2025-08-14T20:38:15","guid":{"rendered":"https:\/\/portaldoestado.com.br\/?p=1702"},"modified":"2025-08-14T20:38:15","modified_gmt":"2025-08-14T20:38:15","slug":"neguinho-da-beija-flor-leva-samba-e-emocao-ao-casarao-do-firmino","status":"publish","type":"post","link":"https:\/\/portaldoestado.com.br\/index.php\/2025\/08\/14\/neguinho-da-beija-flor-leva-samba-e-emocao-ao-casarao-do-firmino\/","title":{"rendered":"Neguinho da Beija-Flor leva samba e emo\u00e7\u00e3o ao Casar\u00e3o do Firmino"},"content":{"rendered":"\n<p>\n<\/p>\n\n\n\n<p>O Casar\u00e3o do Firmino, no cora\u00e7\u00e3o da Lapa, recebe neste s\u00e1bado (16), a partir das 18h, um encontro imperd\u00edvel para os amantes do samba. Neguinho da Beija-Flor sobe ao palco em um show in\u00e9dito que promete relembrar sucessos marcantes de sua carreira, acompanhado dos int\u00e9rpretes Gera da Vila Isabel e Quinzinho, ex-Imp\u00e9rio Serrano e Viradouro.<\/p>\n\n\n\n<p>A noite come\u00e7a com a energia do grupo Puxadores do Samba, formado por cinco nomes consagrados do Carnaval: Tinga (Vila Isabel), Marquinhos Art\u2019Samba (Unidos da Tijuca), Serginho do Porto (\u00c1guia de Ouro e Est\u00e1cio de S\u00e1), Bruno Ribas (Unidos de Padre Miguel) e Wantuir (Porto da Pedra). Nos intervalos, a DJ Nicolle Neumann mant\u00e9m o clima festivo com um set variado.<\/p>\n\n\n\n<p>No repert\u00f3rio de Neguinho, n\u00e3o faltar\u00e3o cl\u00e1ssicos como \u201cNegra \u00c2ngela\u201d, \u201cGama\u00e7\u00e3o Danada\/Bem Melhor que Voc\u00ea\u201d, \u201cProblema Social\u201d e \u201cMenino de P\u00e9 no Ch\u00e3o\u201d, faixas que embalam gera\u00e7\u00f5es e fazem parte da mem\u00f3ria afetiva dos apaixonados pelo samba.<\/p>\n\n\n\n<p>O evento tamb\u00e9m marca a celebra\u00e7\u00e3o dos 50 anos de carreira de Neguinho, que, ap\u00f3s se despedir dos desfiles como int\u00e9rprete oficial da Beija-Flor, segue em novos projetos, como o \u00e1lbum \u201cEmpretecendo\u201d, em parceria com Xande de Pilares e participa\u00e7\u00f5es de Ferrugem, Zeca Pagodinho, Teresa Cristina, entre outros grandes nomes.<\/p>\n\n\n\n<p>Com uma proposta de valorizar a tradi\u00e7\u00e3o e a versatilidade art\u00edstica, a noite reunir\u00e1 talentos que representam a for\u00e7a e a hist\u00f3ria da m\u00fasica brasileira, em um espa\u00e7o que j\u00e1 se tornou refer\u00eancia cultural e ponto de encontro da boemia carioca.<\/p>\n\n\n\n<p><strong>SERVI\u00c7O<\/strong>\n<strong>Evento:<\/strong> Neguinho da Beija-Flor no Casar\u00e3o do Firmino\n<strong>Abertura:<\/strong> Puxadores do Samba\n<strong>Intervalos:<\/strong> DJ Nicolle Neumann\n<strong>Data:<\/strong> S\u00e1bado, 16 de agosto\n<strong>Hor\u00e1rio:<\/strong> A partir das 18h\n<strong>Local:<\/strong> Casar\u00e3o do Firmino \u2013 Rua da Rela\u00e7\u00e3o, 19, Lapa \u2013 Rio de Janeiro\n<strong>Ingressos:<\/strong> 1\u00ba Lote esgotado. 2\u00ba Lote: R$ 20,00 \u2013 Vendas pelo Sympla: <a class=\"\" href=\"https:\/\/www.sympla.com.br\/evento\/casarao-do-firmino-convida-neguinho-da-beija-flor-puxadores-do-samba-dj-nicolle\/3047422\">Clique aqui<\/a>\n<strong>Classifica\u00e7\u00e3o:<\/strong> 18 anos\n<strong>Informa\u00e7\u00f5es:<\/strong> (21) 97278-6881 | WhatsApp: (21) 99826-2068<\/p>\n","protected":false},"excerpt":{"rendered":"<p>O Casar\u00e3o do Firmino, no cora\u00e7\u00e3o da Lapa, recebe neste s\u00e1bado (16), a partir das 18h, um encontro imperd\u00edvel para os amantes do samba. Neguinho da Beija-Flor sobe ao palco em um show in\u00e9dito que promete relembrar sucessos marcantes de sua carreira, acompanhado dos int\u00e9rpretes Gera da Vila Isabel e Quinzinho, ex-Imp\u00e9rio Serrano e Viradouro. \u2026<\/p>\n","protected":false},"author":2,"featured_media":1701,"comment_status":"closed","ping_status":"open","sticky":false,"template":"","format":"standard","meta":{"footnotes":""},"categories":[4],"tags":[],"class_list":["post-1702","post","type-post","status-publish","format-standard","has-post-thumbnail","hentry","category-geral"],"yoast_head":"<!-- This site is optimized with the Yoast SEO plugin v25.5 - https:\/\/yoast.com\/wordpress\/plugins\/seo\/ -->\n<title>Neguinho da Beija-Flor leva samba e emo\u00e7\u00e3o ao Casar\u00e3o do Firmino - Portal do Estado<\/title>\n<meta name=\"robots\" content=\"index, follow, max-snippet:-1, max-image-preview:large, max-video-preview:-1\" \/>\n<link rel=\"canonical\" href=\"https:\/\/portaldoestado.com.br\/index.php\/2025\/08\/14\/neguinho-da-beija-flor-leva-samba-e-emocao-ao-casarao-do-firmino\/\" \/>\n<meta property=\"og:locale\" content=\"pt_BR\" \/>\n<meta property=\"og:type\" content=\"article\" \/>\n<meta property=\"og:title\" content=\"Neguinho da Beija-Flor leva samba e emo\u00e7\u00e3o ao Casar\u00e3o do Firmino - Portal do Estado\" \/>\n<meta property=\"og:description\" content=\"O Casar\u00e3o do Firmino, no cora\u00e7\u00e3o da Lapa, recebe neste s\u00e1bado (16), a partir das 18h, um encontro imperd\u00edvel para os amantes do samba. Neguinho da Beija-Flor sobe ao palco em um show in\u00e9dito que promete relembrar sucessos marcantes de sua carreira, acompanhado dos int\u00e9rpretes Gera da Vila Isabel e Quinzinho, ex-Imp\u00e9rio Serrano e Viradouro. \u2026\" \/>\n<meta property=\"og:url\" content=\"https:\/\/portaldoestado.com.br\/index.php\/2025\/08\/14\/neguinho-da-beija-flor-leva-samba-e-emocao-ao-casarao-do-firmino\/\" \/>\n<meta property=\"og:site_name\" content=\"Portal do Estado\" \/>\n<meta property=\"article:published_time\" content=\"2025-08-14T20:38:15+00:00\" \/>\n<meta property=\"og:image\" content=\"https:\/\/portaldoestado.com.br\/wp-content\/uploads\/2025\/08\/Sem-titulo.png\" \/>\n\t<meta property=\"og:image:width\" content=\"650\" \/>\n\t<meta property=\"og:image:height\" content=\"396\" \/>\n\t<meta property=\"og:image:type\" content=\"image\/png\" \/>\n<meta name=\"author\" content=\"assessoriadefamosos\" \/>\n<meta name=\"twitter:card\" content=\"summary_large_image\" \/>\n<meta name=\"twitter:label1\" content=\"Escrito por\" \/>\n\t<meta name=\"twitter:data1\" content=\"assessoriadefamosos\" \/>\n\t<meta name=\"twitter:label2\" content=\"Est. tempo de leitura\" \/>\n\t<meta name=\"twitter:data2\" content=\"2 minutos\" \/>\n<script type=\"application\/ld+json\" class=\"yoast-schema-graph\">{\"@context\":\"https:\/\/schema.org\",\"@graph\":[{\"@type\":\"Article\",\"@id\":\"https:\/\/portaldoestado.com.br\/index.php\/2025\/08\/14\/neguinho-da-beija-flor-leva-samba-e-emocao-ao-casarao-do-firmino\/#article\",\"isPartOf\":{\"@id\":\"https:\/\/portaldoestado.com.br\/index.php\/2025\/08\/14\/neguinho-da-beija-flor-leva-samba-e-emocao-ao-casarao-do-firmino\/\"},\"author\":{\"name\":\"assessoriadefamosos\",\"@id\":\"https:\/\/portaldoestado.com.br\/#\/schema\/person\/5ca0174f3c8c84b59da62ea14b698cb9\"},\"headline\":\"Neguinho da Beija-Flor leva samba e emo\u00e7\u00e3o ao Casar\u00e3o do Firmino\",\"datePublished\":\"2025-08-14T20:38:15+00:00\",\"mainEntityOfPage\":{\"@id\":\"https:\/\/portaldoestado.com.br\/index.php\/2025\/08\/14\/neguinho-da-beija-flor-leva-samba-e-emocao-ao-casarao-do-firmino\/\"},\"wordCount\":348,\"publisher\":{\"@id\":\"https:\/\/portaldoestado.com.br\/#organization\"},\"image\":{\"@id\":\"https:\/\/portaldoestado.com.br\/index.php\/2025\/08\/14\/neguinho-da-beija-flor-leva-samba-e-emocao-ao-casarao-do-firmino\/#primaryimage\"},\"thumbnailUrl\":\"https:\/\/portaldoestado.com.br\/wp-content\/uploads\/2025\/08\/Sem-titulo.png\",\"articleSection\":[\"Geral\"],\"inLanguage\":\"pt-BR\"},{\"@type\":\"WebPage\",\"@id\":\"https:\/\/portaldoestado.com.br\/index.php\/2025\/08\/14\/neguinho-da-beija-flor-leva-samba-e-emocao-ao-casarao-do-firmino\/\",\"url\":\"https:\/\/portaldoestado.com.br\/index.php\/2025\/08\/14\/neguinho-da-beija-flor-leva-samba-e-emocao-ao-casarao-do-firmino\/\",\"name\":\"Neguinho da Beija-Flor leva samba e emo\u00e7\u00e3o ao Casar\u00e3o do Firmino - Portal do Estado\",\"isPartOf\":{\"@id\":\"https:\/\/portaldoestado.com.br\/#website\"},\"primaryImageOfPage\":{\"@id\":\"https:\/\/portaldoestado.com.br\/index.php\/2025\/08\/14\/neguinho-da-beija-flor-leva-samba-e-emocao-ao-casarao-do-firmino\/#primaryimage\"},\"image\":{\"@id\":\"https:\/\/portaldoestado.com.br\/index.php\/2025\/08\/14\/neguinho-da-beija-flor-leva-samba-e-emocao-ao-casarao-do-firmino\/#primaryimage\"},\"thumbnailUrl\":\"https:\/\/portaldoestado.com.br\/wp-content\/uploads\/2025\/08\/Sem-titulo.png\",\"datePublished\":\"2025-08-14T20:38:15+00:00\",\"breadcrumb\":{\"@id\":\"https:\/\/portaldoestado.com.br\/index.php\/2025\/08\/14\/neguinho-da-beija-flor-leva-samba-e-emocao-ao-casarao-do-firmino\/#breadcrumb\"},\"inLanguage\":\"pt-BR\",\"potentialAction\":[{\"@type\":\"ReadAction\",\"target\":[\"https:\/\/portaldoestado.com.br\/index.php\/2025\/08\/14\/neguinho-da-beija-flor-leva-samba-e-emocao-ao-casarao-do-firmino\/\"]}]},{\"@type\":\"ImageObject\",\"inLanguage\":\"pt-BR\",\"@id\":\"https:\/\/portaldoestado.com.br\/index.php\/2025\/08\/14\/neguinho-da-beija-flor-leva-samba-e-emocao-ao-casarao-do-firmino\/#primaryimage\",\"url\":\"https:\/\/portaldoestado.com.br\/wp-content\/uploads\/2025\/08\/Sem-titulo.png\",\"contentUrl\":\"https:\/\/portaldoestado.com.br\/wp-content\/uploads\/2025\/08\/Sem-titulo.png\",\"width\":650,\"height\":396},{\"@type\":\"BreadcrumbList\",\"@id\":\"https:\/\/portaldoestado.com.br\/index.php\/2025\/08\/14\/neguinho-da-beija-flor-leva-samba-e-emocao-ao-casarao-do-firmino\/#breadcrumb\",\"itemListElement\":[{\"@type\":\"ListItem\",\"position\":1,\"name\":\"In\u00edcio\",\"item\":\"https:\/\/portaldoestado.com.br\/\"},{\"@type\":\"ListItem\",\"position\":2,\"name\":\"Neguinho da Beija-Flor leva samba e emo\u00e7\u00e3o ao Casar\u00e3o do Firmino\"}]},{\"@type\":\"WebSite\",\"@id\":\"https:\/\/portaldoestado.com.br\/#website\",\"url\":\"https:\/\/portaldoestado.com.br\/\",\"name\":\"Portal do Estado\",\"description\":\"\",\"publisher\":{\"@id\":\"https:\/\/portaldoestado.com.br\/#organization\"},\"potentialAction\":[{\"@type\":\"SearchAction\",\"target\":{\"@type\":\"EntryPoint\",\"urlTemplate\":\"https:\/\/portaldoestado.com.br\/?s={search_term_string}\"},\"query-input\":{\"@type\":\"PropertyValueSpecification\",\"valueRequired\":true,\"valueName\":\"search_term_string\"}}],\"inLanguage\":\"pt-BR\"},{\"@type\":\"Organization\",\"@id\":\"https:\/\/portaldoestado.com.br\/#organization\",\"name\":\"Portal do Estado\",\"url\":\"https:\/\/portaldoestado.com.br\/\",\"logo\":{\"@type\":\"ImageObject\",\"inLanguage\":\"pt-BR\",\"@id\":\"https:\/\/portaldoestado.com.br\/#\/schema\/logo\/image\/\",\"url\":\"https:\/\/portaldoestado.com.br\/wp-content\/uploads\/2025\/04\/cropped-6f69b19a-6472-43bf-b1b3-e1910bbbd4e8.png\",\"contentUrl\":\"https:\/\/portaldoestado.com.br\/wp-content\/uploads\/2025\/04\/cropped-6f69b19a-6472-43bf-b1b3-e1910bbbd4e8.png\",\"width\":1024,\"height\":350,\"caption\":\"Portal do Estado\"},\"image\":{\"@id\":\"https:\/\/portaldoestado.com.br\/#\/schema\/logo\/image\/\"}},{\"@type\":\"Person\",\"@id\":\"https:\/\/portaldoestado.com.br\/#\/schema\/person\/5ca0174f3c8c84b59da62ea14b698cb9\",\"name\":\"assessoriadefamosos\",\"image\":{\"@type\":\"ImageObject\",\"inLanguage\":\"pt-BR\",\"@id\":\"https:\/\/portaldoestado.com.br\/#\/schema\/person\/image\/\",\"url\":\"https:\/\/secure.gravatar.com\/avatar\/a7acbdffcfbbae7240e59f47fe511ec5f5d8c252c779f0b8d9ab02a9e1d8c5ed?s=96&d=mm&r=g\",\"contentUrl\":\"https:\/\/secure.gravatar.com\/avatar\/a7acbdffcfbbae7240e59f47fe511ec5f5d8c252c779f0b8d9ab02a9e1d8c5ed?s=96&d=mm&r=g\",\"caption\":\"assessoriadefamosos\"},\"url\":\"https:\/\/portaldoestado.com.br\/index.php\/author\/assessoriadefamosos\/\"}]}<\/script>\n<!-- \/ Yoast SEO plugin. -->","yoast_head_json":{"title":"Neguinho da Beija-Flor leva samba e emo\u00e7\u00e3o ao Casar\u00e3o do Firmino - Portal do Estado","robots":{"index":"index","follow":"follow","max-snippet":"max-snippet:-1","max-image-preview":"max-image-preview:large","max-video-preview":"max-video-preview:-1"},"canonical":"https:\/\/portaldoestado.com.br\/index.php\/2025\/08\/14\/neguinho-da-beija-flor-leva-samba-e-emocao-ao-casarao-do-firmino\/","og_locale":"pt_BR","og_type":"article","og_title":"Neguinho da Beija-Flor leva samba e emo\u00e7\u00e3o ao Casar\u00e3o do Firmino - Portal do Estado","og_description":"O Casar\u00e3o do Firmino, no cora\u00e7\u00e3o da Lapa, recebe neste s\u00e1bado (16), a partir das 18h, um encontro imperd\u00edvel para os amantes do samba. Neguinho da Beija-Flor sobe ao palco em um show in\u00e9dito que promete relembrar sucessos marcantes de sua carreira, acompanhado dos int\u00e9rpretes Gera da Vila Isabel e Quinzinho, ex-Imp\u00e9rio Serrano e Viradouro. \u2026","og_url":"https:\/\/portaldoestado.com.br\/index.php\/2025\/08\/14\/neguinho-da-beija-flor-leva-samba-e-emocao-ao-casarao-do-firmino\/","og_site_name":"Portal do Estado","article_published_time":"2025-08-14T20:38:15+00:00","og_image":[{"width":650,"height":396,"url":"https:\/\/portaldoestado.com.br\/wp-content\/uploads\/2025\/08\/Sem-titulo.png","type":"image\/png"}],"author":"assessoriadefamosos","twitter_card":"summary_large_image","twitter_misc":{"Escrito por":"assessoriadefamosos","Est. tempo de leitura":"2 minutos"},"schema":{"@context":"https:\/\/schema.org","@graph":[{"@type":"Article","@id":"https:\/\/portaldoestado.com.br\/index.php\/2025\/08\/14\/neguinho-da-beija-flor-leva-samba-e-emocao-ao-casarao-do-firmino\/#article","isPartOf":{"@id":"https:\/\/portaldoestado.com.br\/index.php\/2025\/08\/14\/neguinho-da-beija-flor-leva-samba-e-emocao-ao-casarao-do-firmino\/"},"author":{"name":"assessoriadefamosos","@id":"https:\/\/portaldoestado.com.br\/#\/schema\/person\/5ca0174f3c8c84b59da62ea14b698cb9"},"headline":"Neguinho da Beija-Flor leva samba e emo\u00e7\u00e3o ao Casar\u00e3o do Firmino","datePublished":"2025-08-14T20:38:15+00:00","mainEntityOfPage":{"@id":"https:\/\/portaldoestado.com.br\/index.php\/2025\/08\/14\/neguinho-da-beija-flor-leva-samba-e-emocao-ao-casarao-do-firmino\/"},"wordCount":348,"publisher":{"@id":"https:\/\/portaldoestado.com.br\/#organization"},"image":{"@id":"https:\/\/portaldoestado.com.br\/index.php\/2025\/08\/14\/neguinho-da-beija-flor-leva-samba-e-emocao-ao-casarao-do-firmino\/#primaryimage"},"thumbnailUrl":"https:\/\/portaldoestado.com.br\/wp-content\/uploads\/2025\/08\/Sem-titulo.png","articleSection":["Geral"],"inLanguage":"pt-BR"},{"@type":"WebPage","@id":"https:\/\/portaldoestado.com.br\/index.php\/2025\/08\/14\/neguinho-da-beija-flor-leva-samba-e-emocao-ao-casarao-do-firmino\/","url":"https:\/\/portaldoestado.com.br\/index.php\/2025\/08\/14\/neguinho-da-beija-flor-leva-samba-e-emocao-ao-casarao-do-firmino\/","name":"Neguinho da Beija-Flor leva samba e emo\u00e7\u00e3o ao Casar\u00e3o do Firmino - Portal do Estado","isPartOf":{"@id":"https:\/\/portaldoestado.com.br\/#website"},"primaryImageOfPage":{"@id":"https:\/\/portaldoestado.com.br\/index.php\/2025\/08\/14\/neguinho-da-beija-flor-leva-samba-e-emocao-ao-casarao-do-firmino\/#primaryimage"},"image":{"@id":"https:\/\/portaldoestado.com.br\/index.php\/2025\/08\/14\/neguinho-da-beija-flor-leva-samba-e-emocao-ao-casarao-do-firmino\/#primaryimage"},"thumbnailUrl":"https:\/\/portaldoestado.com.br\/wp-content\/uploads\/2025\/08\/Sem-titulo.png","datePublished":"2025-08-14T20:38:15+00:00","breadcrumb":{"@id":"https:\/\/portaldoestado.com.br\/index.php\/2025\/08\/14\/neguinho-da-beija-flor-leva-samba-e-emocao-ao-casarao-do-firmino\/#breadcrumb"},"inLanguage":"pt-BR","potentialAction":[{"@type":"ReadAction","target":["https:\/\/portaldoestado.com.br\/index.php\/2025\/08\/14\/neguinho-da-beija-flor-leva-samba-e-emocao-ao-casarao-do-firmino\/"]}]},{"@type":"ImageObject","inLanguage":"pt-BR","@id":"https:\/\/portaldoestado.com.br\/index.php\/2025\/08\/14\/neguinho-da-beija-flor-leva-samba-e-emocao-ao-casarao-do-firmino\/#primaryimage","url":"https:\/\/portaldoestado.com.br\/wp-content\/uploads\/2025\/08\/Sem-titulo.png","contentUrl":"https:\/\/portaldoestado.com.br\/wp-content\/uploads\/2025\/08\/Sem-titulo.png","width":650,"height":396},{"@type":"BreadcrumbList","@id":"https:\/\/portaldoestado.com.br\/index.php\/2025\/08\/14\/neguinho-da-beija-flor-leva-samba-e-emocao-ao-casarao-do-firmino\/#breadcrumb","itemListElement":[{"@type":"ListItem","position":1,"name":"In\u00edcio","item":"https:\/\/portaldoestado.com.br\/"},{"@type":"ListItem","position":2,"name":"Neguinho da Beija-Flor leva samba e emo\u00e7\u00e3o ao Casar\u00e3o do Firmino"}]},{"@type":"WebSite","@id":"https:\/\/portaldoestado.com.br\/#website","url":"https:\/\/portaldoestado.com.br\/","name":"Portal do Estado","description":"","publisher":{"@id":"https:\/\/portaldoestado.com.br\/#organization"},"potentialAction":[{"@type":"SearchAction","target":{"@type":"EntryPoint","urlTemplate":"https:\/\/portaldoestado.com.br\/?s={search_term_string}"},"query-input":{"@type":"PropertyValueSpecification","valueRequired":true,"valueName":"search_term_string"}}],"inLanguage":"pt-BR"},{"@type":"Organization","@id":"https:\/\/portaldoestado.com.br\/#organization","name":"Portal do Estado","url":"https:\/\/portaldoestado.com.br\/","logo":{"@type":"ImageObject","inLanguage":"pt-BR","@id":"https:\/\/portaldoestado.com.br\/#\/schema\/logo\/image\/","url":"https:\/\/portaldoestado.com.br\/wp-content\/uploads\/2025\/04\/cropped-6f69b19a-6472-43bf-b1b3-e1910bbbd4e8.png","contentUrl":"https:\/\/portaldoestado.com.br\/wp-content\/uploads\/2025\/04\/cropped-6f69b19a-6472-43bf-b1b3-e1910bbbd4e8.png","width":1024,"height":350,"caption":"Portal do Estado"},"image":{"@id":"https:\/\/portaldoestado.com.br\/#\/schema\/logo\/image\/"}},{"@type":"Person","@id":"https:\/\/portaldoestado.com.br\/#\/schema\/person\/5ca0174f3c8c84b59da62ea14b698cb9","name":"assessoriadefamosos","image":{"@type":"ImageObject","inLanguage":"pt-BR","@id":"https:\/\/portaldoestado.com.br\/#\/schema\/person\/image\/","url":"https:\/\/secure.gravatar.com\/avatar\/a7acbdffcfbbae7240e59f47fe511ec5f5d8c252c779f0b8d9ab02a9e1d8c5ed?s=96&d=mm&r=g","contentUrl":"https:\/\/secure.gravatar.com\/avatar\/a7acbdffcfbbae7240e59f47fe511ec5f5d8c252c779f0b8d9ab02a9e1d8c5ed?s=96&d=mm&r=g","caption":"assessoriadefamosos"},"url":"https:\/\/portaldoestado.com.br\/index.php\/author\/assessoriadefamosos\/"}]}},"jetpack_featured_media_url":"https:\/\/portaldoestado.com.br\/wp-content\/uploads\/2025\/08\/Sem-titulo.png","_links":{"self":[{"href":"https:\/\/portaldoestado.com.br\/index.php\/wp-json\/wp\/v2\/posts\/1702","targetHints":{"allow":["GET"]}}],"collection":[{"href":"https:\/\/portaldoestado.com.br\/index.php\/wp-json\/wp\/v2\/posts"}],"about":[{"href":"https:\/\/portaldoestado.com.br\/index.php\/wp-json\/wp\/v2\/types\/post"}],"author":[{"embeddable":true,"href":"https:\/\/portaldoestado.com.br\/index.php\/wp-json\/wp\/v2\/users\/2"}],"replies":[{"embeddable":true,"href":"https:\/\/portaldoestado.com.br\/index.php\/wp-json\/wp\/v2\/comments?post=1702"}],"version-history":[{"count":1,"href":"https:\/\/portaldoestado.com.br\/index.php\/wp-json\/wp\/v2\/posts\/1702\/revisions"}],"predecessor-version":[{"id":1703,"href":"https:\/\/portaldoestado.com.br\/index.php\/wp-json\/wp\/v2\/posts\/1702\/revisions\/1703"}],"wp:featuredmedia":[{"embeddable":true,"href":"https:\/\/portaldoestado.com.br\/index.php\/wp-json\/wp\/v2\/media\/1701"}],"wp:attachment":[{"href":"https:\/\/portaldoestado.com.br\/index.php\/wp-json\/wp\/v2\/media?parent=1702"}],"wp:term":[{"taxonomy":"category","embeddable":true,"href":"https:\/\/portaldoestado.com.br\/index.php\/wp-json\/wp\/v2\/categories?post=1702"},{"taxonomy":"post_tag","embeddable":true,"href":"https:\/\/portaldoestado.com.br\/index.php\/wp-json\/wp\/v2\/tags?post=1702"}],"curies":[{"name":"wp","href":"https:\/\/api.w.org\/{rel}","templated":true}]}}