{"id":1699,"date":"2025-08-14T20:25:14","date_gmt":"2025-08-14T20:25:14","guid":{"rendered":"https:\/\/portaldoestado.com.br\/?p=1699"},"modified":"2025-08-14T20:25:14","modified_gmt":"2025-08-14T20:25:14","slug":"programa-viva-a-tarde-recebe-vanessa-moura-para-falar-sobre-elegancia-atemporal","status":"publish","type":"post","link":"https:\/\/portaldoestado.com.br\/index.php\/2025\/08\/14\/programa-viva-a-tarde-recebe-vanessa-moura-para-falar-sobre-elegancia-atemporal\/","title":{"rendered":"Programa Viva a Tarde recebe Vanessa Moura para falar sobre eleg\u00e2ncia atemporal"},"content":{"rendered":"\n<p><\/p>\n\n\n\n<p><\/p>\n\n\n\n<p>Nesta quarta-feira, o Programa Viva a Tarde, da TV Aparecida, apresentado por Abiane e Gabriela Leite, contou com a participa\u00e7\u00e3o especial da consultora de imagem Vanessa Moura. Ao vivo, ela deu uma verdadeira aula sobre como construir uma imagem elegante sem depender de tend\u00eancias passageiras.<\/p>\n\n\n\n<p>Vanessa destacou que pe\u00e7as atemporais, mesmo aquelas que j\u00e1 sa\u00edram de linha nas lojas, ou pe\u00e7as statement com alto valor agregado, podem transformar o visual. Ela tamb\u00e9m citou como boas escolhas as pe\u00e7as vintage com CGC (antigo n\u00famero do CNPJ), que comprovam sua autenticidade e hist\u00f3ria.<\/p>\n\n\n\n<p>Para ela, tecidos sofisticados como linho, seda e couro s\u00e3o apostas certeiras para quem quer transmitir eleg\u00e2ncia e personalidade. \u201cPe\u00e7as vintage com CGC, pe\u00e7as com tecidos sofisticados como linho, seda e couro s\u00e3o \u00f3timas op\u00e7\u00f5es\u201d, afirmou a consultora.<\/p>\n","protected":false},"excerpt":{"rendered":"<p>Nesta quarta-feira, o Programa Viva a Tarde, da TV Aparecida, apresentado por Abiane e Gabriela Leite, contou com a participa\u00e7\u00e3o especial da consultora de imagem Vanessa Moura. Ao vivo, ela deu uma verdadeira aula sobre como construir uma imagem elegante sem depender de tend\u00eancias passageiras. Vanessa destacou que pe\u00e7as atemporais, mesmo aquelas que j\u00e1 sa\u00edram \u2026<\/p>\n","protected":false},"author":2,"featured_media":1698,"comment_status":"closed","ping_status":"open","sticky":false,"template":"","format":"standard","meta":{"footnotes":""},"categories":[4],"tags":[],"class_list":["post-1699","post","type-post","status-publish","format-standard","has-post-thumbnail","hentry","category-geral"],"yoast_head":"<!-- This site is optimized with the Yoast SEO plugin v25.5 - https:\/\/yoast.com\/wordpress\/plugins\/seo\/ -->\n<title>Programa Viva a Tarde recebe Vanessa Moura para falar sobre eleg\u00e2ncia atemporal - Portal do Estado<\/title>\n<meta name=\"robots\" content=\"index, follow, max-snippet:-1, max-image-preview:large, max-video-preview:-1\" \/>\n<link rel=\"canonical\" href=\"https:\/\/portaldoestado.com.br\/index.php\/2025\/08\/14\/programa-viva-a-tarde-recebe-vanessa-moura-para-falar-sobre-elegancia-atemporal\/\" \/>\n<meta property=\"og:locale\" content=\"pt_BR\" \/>\n<meta property=\"og:type\" content=\"article\" \/>\n<meta property=\"og:title\" content=\"Programa Viva a Tarde recebe Vanessa Moura para falar sobre eleg\u00e2ncia atemporal - Portal do Estado\" \/>\n<meta property=\"og:description\" content=\"Nesta quarta-feira, o Programa Viva a Tarde, da TV Aparecida, apresentado por Abiane e Gabriela Leite, contou com a participa\u00e7\u00e3o especial da consultora de imagem Vanessa Moura. Ao vivo, ela deu uma verdadeira aula sobre como construir uma imagem elegante sem depender de tend\u00eancias passageiras. Vanessa destacou que pe\u00e7as atemporais, mesmo aquelas que j\u00e1 sa\u00edram \u2026\" \/>\n<meta property=\"og:url\" content=\"https:\/\/portaldoestado.com.br\/index.php\/2025\/08\/14\/programa-viva-a-tarde-recebe-vanessa-moura-para-falar-sobre-elegancia-atemporal\/\" \/>\n<meta property=\"og:site_name\" content=\"Portal do Estado\" \/>\n<meta property=\"article:published_time\" content=\"2025-08-14T20:25:14+00:00\" \/>\n<meta property=\"og:image\" content=\"https:\/\/portaldoestado.com.br\/wp-content\/uploads\/2025\/08\/1-scaled-1.jpg\" \/>\n\t<meta property=\"og:image:width\" content=\"2560\" \/>\n\t<meta property=\"og:image:height\" content=\"1788\" \/>\n\t<meta property=\"og:image:type\" content=\"image\/jpeg\" \/>\n<meta name=\"author\" content=\"assessoriadefamosos\" \/>\n<meta name=\"twitter:card\" content=\"summary_large_image\" \/>\n<meta name=\"twitter:label1\" content=\"Escrito por\" \/>\n\t<meta name=\"twitter:data1\" content=\"assessoriadefamosos\" \/>\n\t<meta name=\"twitter:label2\" content=\"Est. tempo de leitura\" \/>\n\t<meta name=\"twitter:data2\" content=\"1 minuto\" \/>\n<script type=\"application\/ld+json\" class=\"yoast-schema-graph\">{\"@context\":\"https:\/\/schema.org\",\"@graph\":[{\"@type\":\"Article\",\"@id\":\"https:\/\/portaldoestado.com.br\/index.php\/2025\/08\/14\/programa-viva-a-tarde-recebe-vanessa-moura-para-falar-sobre-elegancia-atemporal\/#article\",\"isPartOf\":{\"@id\":\"https:\/\/portaldoestado.com.br\/index.php\/2025\/08\/14\/programa-viva-a-tarde-recebe-vanessa-moura-para-falar-sobre-elegancia-atemporal\/\"},\"author\":{\"name\":\"assessoriadefamosos\",\"@id\":\"https:\/\/portaldoestado.com.br\/#\/schema\/person\/5ca0174f3c8c84b59da62ea14b698cb9\"},\"headline\":\"Programa Viva a Tarde recebe Vanessa Moura para falar sobre eleg\u00e2ncia atemporal\",\"datePublished\":\"2025-08-14T20:25:14+00:00\",\"mainEntityOfPage\":{\"@id\":\"https:\/\/portaldoestado.com.br\/index.php\/2025\/08\/14\/programa-viva-a-tarde-recebe-vanessa-moura-para-falar-sobre-elegancia-atemporal\/\"},\"wordCount\":157,\"publisher\":{\"@id\":\"https:\/\/portaldoestado.com.br\/#organization\"},\"image\":{\"@id\":\"https:\/\/portaldoestado.com.br\/index.php\/2025\/08\/14\/programa-viva-a-tarde-recebe-vanessa-moura-para-falar-sobre-elegancia-atemporal\/#primaryimage\"},\"thumbnailUrl\":\"https:\/\/portaldoestado.com.br\/wp-content\/uploads\/2025\/08\/1-scaled-1.jpg\",\"articleSection\":[\"Geral\"],\"inLanguage\":\"pt-BR\"},{\"@type\":\"WebPage\",\"@id\":\"https:\/\/portaldoestado.com.br\/index.php\/2025\/08\/14\/programa-viva-a-tarde-recebe-vanessa-moura-para-falar-sobre-elegancia-atemporal\/\",\"url\":\"https:\/\/portaldoestado.com.br\/index.php\/2025\/08\/14\/programa-viva-a-tarde-recebe-vanessa-moura-para-falar-sobre-elegancia-atemporal\/\",\"name\":\"Programa Viva a Tarde recebe Vanessa Moura para falar sobre eleg\u00e2ncia atemporal - Portal do Estado\",\"isPartOf\":{\"@id\":\"https:\/\/portaldoestado.com.br\/#website\"},\"primaryImageOfPage\":{\"@id\":\"https:\/\/portaldoestado.com.br\/index.php\/2025\/08\/14\/programa-viva-a-tarde-recebe-vanessa-moura-para-falar-sobre-elegancia-atemporal\/#primaryimage\"},\"image\":{\"@id\":\"https:\/\/portaldoestado.com.br\/index.php\/2025\/08\/14\/programa-viva-a-tarde-recebe-vanessa-moura-para-falar-sobre-elegancia-atemporal\/#primaryimage\"},\"thumbnailUrl\":\"https:\/\/portaldoestado.com.br\/wp-content\/uploads\/2025\/08\/1-scaled-1.jpg\",\"datePublished\":\"2025-08-14T20:25:14+00:00\",\"breadcrumb\":{\"@id\":\"https:\/\/portaldoestado.com.br\/index.php\/2025\/08\/14\/programa-viva-a-tarde-recebe-vanessa-moura-para-falar-sobre-elegancia-atemporal\/#breadcrumb\"},\"inLanguage\":\"pt-BR\",\"potentialAction\":[{\"@type\":\"ReadAction\",\"target\":[\"https:\/\/portaldoestado.com.br\/index.php\/2025\/08\/14\/programa-viva-a-tarde-recebe-vanessa-moura-para-falar-sobre-elegancia-atemporal\/\"]}]},{\"@type\":\"ImageObject\",\"inLanguage\":\"pt-BR\",\"@id\":\"https:\/\/portaldoestado.com.br\/index.php\/2025\/08\/14\/programa-viva-a-tarde-recebe-vanessa-moura-para-falar-sobre-elegancia-atemporal\/#primaryimage\",\"url\":\"https:\/\/portaldoestado.com.br\/wp-content\/uploads\/2025\/08\/1-scaled-1.jpg\",\"contentUrl\":\"https:\/\/portaldoestado.com.br\/wp-content\/uploads\/2025\/08\/1-scaled-1.jpg\",\"width\":2560,\"height\":1788},{\"@type\":\"BreadcrumbList\",\"@id\":\"https:\/\/portaldoestado.com.br\/index.php\/2025\/08\/14\/programa-viva-a-tarde-recebe-vanessa-moura-para-falar-sobre-elegancia-atemporal\/#breadcrumb\",\"itemListElement\":[{\"@type\":\"ListItem\",\"position\":1,\"name\":\"In\u00edcio\",\"item\":\"https:\/\/portaldoestado.com.br\/\"},{\"@type\":\"ListItem\",\"position\":2,\"name\":\"Programa Viva a Tarde recebe Vanessa Moura para falar sobre eleg\u00e2ncia atemporal\"}]},{\"@type\":\"WebSite\",\"@id\":\"https:\/\/portaldoestado.com.br\/#website\",\"url\":\"https:\/\/portaldoestado.com.br\/\",\"name\":\"Portal do Estado\",\"description\":\"\",\"publisher\":{\"@id\":\"https:\/\/portaldoestado.com.br\/#organization\"},\"potentialAction\":[{\"@type\":\"SearchAction\",\"target\":{\"@type\":\"EntryPoint\",\"urlTemplate\":\"https:\/\/portaldoestado.com.br\/?s={search_term_string}\"},\"query-input\":{\"@type\":\"PropertyValueSpecification\",\"valueRequired\":true,\"valueName\":\"search_term_string\"}}],\"inLanguage\":\"pt-BR\"},{\"@type\":\"Organization\",\"@id\":\"https:\/\/portaldoestado.com.br\/#organization\",\"name\":\"Portal do Estado\",\"url\":\"https:\/\/portaldoestado.com.br\/\",\"logo\":{\"@type\":\"ImageObject\",\"inLanguage\":\"pt-BR\",\"@id\":\"https:\/\/portaldoestado.com.br\/#\/schema\/logo\/image\/\",\"url\":\"https:\/\/portaldoestado.com.br\/wp-content\/uploads\/2025\/04\/cropped-6f69b19a-6472-43bf-b1b3-e1910bbbd4e8.png\",\"contentUrl\":\"https:\/\/portaldoestado.com.br\/wp-content\/uploads\/2025\/04\/cropped-6f69b19a-6472-43bf-b1b3-e1910bbbd4e8.png\",\"width\":1024,\"height\":350,\"caption\":\"Portal do Estado\"},\"image\":{\"@id\":\"https:\/\/portaldoestado.com.br\/#\/schema\/logo\/image\/\"}},{\"@type\":\"Person\",\"@id\":\"https:\/\/portaldoestado.com.br\/#\/schema\/person\/5ca0174f3c8c84b59da62ea14b698cb9\",\"name\":\"assessoriadefamosos\",\"image\":{\"@type\":\"ImageObject\",\"inLanguage\":\"pt-BR\",\"@id\":\"https:\/\/portaldoestado.com.br\/#\/schema\/person\/image\/\",\"url\":\"https:\/\/secure.gravatar.com\/avatar\/a7acbdffcfbbae7240e59f47fe511ec5f5d8c252c779f0b8d9ab02a9e1d8c5ed?s=96&d=mm&r=g\",\"contentUrl\":\"https:\/\/secure.gravatar.com\/avatar\/a7acbdffcfbbae7240e59f47fe511ec5f5d8c252c779f0b8d9ab02a9e1d8c5ed?s=96&d=mm&r=g\",\"caption\":\"assessoriadefamosos\"},\"url\":\"https:\/\/portaldoestado.com.br\/index.php\/author\/assessoriadefamosos\/\"}]}<\/script>\n<!-- \/ Yoast SEO plugin. -->","yoast_head_json":{"title":"Programa Viva a Tarde recebe Vanessa Moura para falar sobre eleg\u00e2ncia atemporal - Portal do Estado","robots":{"index":"index","follow":"follow","max-snippet":"max-snippet:-1","max-image-preview":"max-image-preview:large","max-video-preview":"max-video-preview:-1"},"canonical":"https:\/\/portaldoestado.com.br\/index.php\/2025\/08\/14\/programa-viva-a-tarde-recebe-vanessa-moura-para-falar-sobre-elegancia-atemporal\/","og_locale":"pt_BR","og_type":"article","og_title":"Programa Viva a Tarde recebe Vanessa Moura para falar sobre eleg\u00e2ncia atemporal - Portal do Estado","og_description":"Nesta quarta-feira, o Programa Viva a Tarde, da TV Aparecida, apresentado por Abiane e Gabriela Leite, contou com a participa\u00e7\u00e3o especial da consultora de imagem Vanessa Moura. Ao vivo, ela deu uma verdadeira aula sobre como construir uma imagem elegante sem depender de tend\u00eancias passageiras. Vanessa destacou que pe\u00e7as atemporais, mesmo aquelas que j\u00e1 sa\u00edram \u2026","og_url":"https:\/\/portaldoestado.com.br\/index.php\/2025\/08\/14\/programa-viva-a-tarde-recebe-vanessa-moura-para-falar-sobre-elegancia-atemporal\/","og_site_name":"Portal do Estado","article_published_time":"2025-08-14T20:25:14+00:00","og_image":[{"width":2560,"height":1788,"url":"https:\/\/portaldoestado.com.br\/wp-content\/uploads\/2025\/08\/1-scaled-1.jpg","type":"image\/jpeg"}],"author":"assessoriadefamosos","twitter_card":"summary_large_image","twitter_misc":{"Escrito por":"assessoriadefamosos","Est. tempo de leitura":"1 minuto"},"schema":{"@context":"https:\/\/schema.org","@graph":[{"@type":"Article","@id":"https:\/\/portaldoestado.com.br\/index.php\/2025\/08\/14\/programa-viva-a-tarde-recebe-vanessa-moura-para-falar-sobre-elegancia-atemporal\/#article","isPartOf":{"@id":"https:\/\/portaldoestado.com.br\/index.php\/2025\/08\/14\/programa-viva-a-tarde-recebe-vanessa-moura-para-falar-sobre-elegancia-atemporal\/"},"author":{"name":"assessoriadefamosos","@id":"https:\/\/portaldoestado.com.br\/#\/schema\/person\/5ca0174f3c8c84b59da62ea14b698cb9"},"headline":"Programa Viva a Tarde recebe Vanessa Moura para falar sobre eleg\u00e2ncia atemporal","datePublished":"2025-08-14T20:25:14+00:00","mainEntityOfPage":{"@id":"https:\/\/portaldoestado.com.br\/index.php\/2025\/08\/14\/programa-viva-a-tarde-recebe-vanessa-moura-para-falar-sobre-elegancia-atemporal\/"},"wordCount":157,"publisher":{"@id":"https:\/\/portaldoestado.com.br\/#organization"},"image":{"@id":"https:\/\/portaldoestado.com.br\/index.php\/2025\/08\/14\/programa-viva-a-tarde-recebe-vanessa-moura-para-falar-sobre-elegancia-atemporal\/#primaryimage"},"thumbnailUrl":"https:\/\/portaldoestado.com.br\/wp-content\/uploads\/2025\/08\/1-scaled-1.jpg","articleSection":["Geral"],"inLanguage":"pt-BR"},{"@type":"WebPage","@id":"https:\/\/portaldoestado.com.br\/index.php\/2025\/08\/14\/programa-viva-a-tarde-recebe-vanessa-moura-para-falar-sobre-elegancia-atemporal\/","url":"https:\/\/portaldoestado.com.br\/index.php\/2025\/08\/14\/programa-viva-a-tarde-recebe-vanessa-moura-para-falar-sobre-elegancia-atemporal\/","name":"Programa Viva a Tarde recebe Vanessa Moura para falar sobre eleg\u00e2ncia atemporal - Portal do Estado","isPartOf":{"@id":"https:\/\/portaldoestado.com.br\/#website"},"primaryImageOfPage":{"@id":"https:\/\/portaldoestado.com.br\/index.php\/2025\/08\/14\/programa-viva-a-tarde-recebe-vanessa-moura-para-falar-sobre-elegancia-atemporal\/#primaryimage"},"image":{"@id":"https:\/\/portaldoestado.com.br\/index.php\/2025\/08\/14\/programa-viva-a-tarde-recebe-vanessa-moura-para-falar-sobre-elegancia-atemporal\/#primaryimage"},"thumbnailUrl":"https:\/\/portaldoestado.com.br\/wp-content\/uploads\/2025\/08\/1-scaled-1.jpg","datePublished":"2025-08-14T20:25:14+00:00","breadcrumb":{"@id":"https:\/\/portaldoestado.com.br\/index.php\/2025\/08\/14\/programa-viva-a-tarde-recebe-vanessa-moura-para-falar-sobre-elegancia-atemporal\/#breadcrumb"},"inLanguage":"pt-BR","potentialAction":[{"@type":"ReadAction","target":["https:\/\/portaldoestado.com.br\/index.php\/2025\/08\/14\/programa-viva-a-tarde-recebe-vanessa-moura-para-falar-sobre-elegancia-atemporal\/"]}]},{"@type":"ImageObject","inLanguage":"pt-BR","@id":"https:\/\/portaldoestado.com.br\/index.php\/2025\/08\/14\/programa-viva-a-tarde-recebe-vanessa-moura-para-falar-sobre-elegancia-atemporal\/#primaryimage","url":"https:\/\/portaldoestado.com.br\/wp-content\/uploads\/2025\/08\/1-scaled-1.jpg","contentUrl":"https:\/\/portaldoestado.com.br\/wp-content\/uploads\/2025\/08\/1-scaled-1.jpg","width":2560,"height":1788},{"@type":"BreadcrumbList","@id":"https:\/\/portaldoestado.com.br\/index.php\/2025\/08\/14\/programa-viva-a-tarde-recebe-vanessa-moura-para-falar-sobre-elegancia-atemporal\/#breadcrumb","itemListElement":[{"@type":"ListItem","position":1,"name":"In\u00edcio","item":"https:\/\/portaldoestado.com.br\/"},{"@type":"ListItem","position":2,"name":"Programa Viva a Tarde recebe Vanessa Moura para falar sobre eleg\u00e2ncia atemporal"}]},{"@type":"WebSite","@id":"https:\/\/portaldoestado.com.br\/#website","url":"https:\/\/portaldoestado.com.br\/","name":"Portal do Estado","description":"","publisher":{"@id":"https:\/\/portaldoestado.com.br\/#organization"},"potentialAction":[{"@type":"SearchAction","target":{"@type":"EntryPoint","urlTemplate":"https:\/\/portaldoestado.com.br\/?s={search_term_string}"},"query-input":{"@type":"PropertyValueSpecification","valueRequired":true,"valueName":"search_term_string"}}],"inLanguage":"pt-BR"},{"@type":"Organization","@id":"https:\/\/portaldoestado.com.br\/#organization","name":"Portal do Estado","url":"https:\/\/portaldoestado.com.br\/","logo":{"@type":"ImageObject","inLanguage":"pt-BR","@id":"https:\/\/portaldoestado.com.br\/#\/schema\/logo\/image\/","url":"https:\/\/portaldoestado.com.br\/wp-content\/uploads\/2025\/04\/cropped-6f69b19a-6472-43bf-b1b3-e1910bbbd4e8.png","contentUrl":"https:\/\/portaldoestado.com.br\/wp-content\/uploads\/2025\/04\/cropped-6f69b19a-6472-43bf-b1b3-e1910bbbd4e8.png","width":1024,"height":350,"caption":"Portal do Estado"},"image":{"@id":"https:\/\/portaldoestado.com.br\/#\/schema\/logo\/image\/"}},{"@type":"Person","@id":"https:\/\/portaldoestado.com.br\/#\/schema\/person\/5ca0174f3c8c84b59da62ea14b698cb9","name":"assessoriadefamosos","image":{"@type":"ImageObject","inLanguage":"pt-BR","@id":"https:\/\/portaldoestado.com.br\/#\/schema\/person\/image\/","url":"https:\/\/secure.gravatar.com\/avatar\/a7acbdffcfbbae7240e59f47fe511ec5f5d8c252c779f0b8d9ab02a9e1d8c5ed?s=96&d=mm&r=g","contentUrl":"https:\/\/secure.gravatar.com\/avatar\/a7acbdffcfbbae7240e59f47fe511ec5f5d8c252c779f0b8d9ab02a9e1d8c5ed?s=96&d=mm&r=g","caption":"assessoriadefamosos"},"url":"https:\/\/portaldoestado.com.br\/index.php\/author\/assessoriadefamosos\/"}]}},"jetpack_featured_media_url":"https:\/\/portaldoestado.com.br\/wp-content\/uploads\/2025\/08\/1-scaled-1.jpg","_links":{"self":[{"href":"https:\/\/portaldoestado.com.br\/index.php\/wp-json\/wp\/v2\/posts\/1699","targetHints":{"allow":["GET"]}}],"collection":[{"href":"https:\/\/portaldoestado.com.br\/index.php\/wp-json\/wp\/v2\/posts"}],"about":[{"href":"https:\/\/portaldoestado.com.br\/index.php\/wp-json\/wp\/v2\/types\/post"}],"author":[{"embeddable":true,"href":"https:\/\/portaldoestado.com.br\/index.php\/wp-json\/wp\/v2\/users\/2"}],"replies":[{"embeddable":true,"href":"https:\/\/portaldoestado.com.br\/index.php\/wp-json\/wp\/v2\/comments?post=1699"}],"version-history":[{"count":1,"href":"https:\/\/portaldoestado.com.br\/index.php\/wp-json\/wp\/v2\/posts\/1699\/revisions"}],"predecessor-version":[{"id":1700,"href":"https:\/\/portaldoestado.com.br\/index.php\/wp-json\/wp\/v2\/posts\/1699\/revisions\/1700"}],"wp:featuredmedia":[{"embeddable":true,"href":"https:\/\/portaldoestado.com.br\/index.php\/wp-json\/wp\/v2\/media\/1698"}],"wp:attachment":[{"href":"https:\/\/portaldoestado.com.br\/index.php\/wp-json\/wp\/v2\/media?parent=1699"}],"wp:term":[{"taxonomy":"category","embeddable":true,"href":"https:\/\/portaldoestado.com.br\/index.php\/wp-json\/wp\/v2\/categories?post=1699"},{"taxonomy":"post_tag","embeddable":true,"href":"https:\/\/portaldoestado.com.br\/index.php\/wp-json\/wp\/v2\/tags?post=1699"}],"curies":[{"name":"wp","href":"https:\/\/api.w.org\/{rel}","templated":true}]}}