{"id":1696,"date":"2025-08-14T19:46:21","date_gmt":"2025-08-14T19:46:21","guid":{"rendered":"https:\/\/portaldoestado.com.br\/?p=1696"},"modified":"2025-08-14T19:46:21","modified_gmt":"2025-08-14T19:46:21","slug":"o-segredo-da-clinica-milena-penna-para-transformar-vidas-no-vale-do-paraiba","status":"publish","type":"post","link":"https:\/\/portaldoestado.com.br\/index.php\/2025\/08\/14\/o-segredo-da-clinica-milena-penna-para-transformar-vidas-no-vale-do-paraiba\/","title":{"rendered":"O segredo da Cl\u00ednica Milena Penna para transformar vidas no Vale do Para\u00edba"},"content":{"rendered":"\n<p>Em S\u00e3o Jos\u00e9 dos Campos, existe um endere\u00e7o onde balan\u00e7a e autoestima andam juntas: a <strong>Cl\u00ednica de Emagrecimento e Est\u00e9tica Milena Penna<\/strong>. Mais do que ajudar a perder peso, o espa\u00e7o \u00e9 conhecido por unir ci\u00eancia, tecnologia e um cuidado humano que faz toda a diferen\u00e7a.<\/p>\n\n\n\n<p>Milena est\u00e1 h\u00e1 29 anos no universo da est\u00e9tica e, nos \u00faltimos 7, decidiu que iria al\u00e9m, combinando protocolos de emagrecimento personalizados com um investimento de mais de <strong>R$ 400 mil em equipamentos de ponta<\/strong>. O resultado? Toneladas de quilos eliminados e hist\u00f3rias de transforma\u00e7\u00e3o que n\u00e3o cabem em n\u00fameros.<\/p>\n\n\n\n<p>Entre as tecnologias que fazem parte dessa jornada est\u00e3o:<\/p>\n\n\n\n<ul class=\"wp-block-list\">\n<li><strong>Radiofrequ\u00eancia<\/strong> \u2013 estimula col\u00e1geno e elastina, combatendo a flacidez e melhorando a firmeza da pele.<\/li>\n\n\n\n<li><strong>Ultrassom<\/strong> \u2013 ajuda no contorno corporal e na quebra da gordura localizada.<\/li>\n\n\n\n<li><strong>Criolip\u00f3lise<\/strong> \u2013 elimina c\u00e9lulas de gordura atrav\u00e9s do congelamento.<\/li>\n\n\n\n<li><strong>Laser<\/strong> \u2013 acelera a regenera\u00e7\u00e3o celular e melhora a circula\u00e7\u00e3o.<\/li>\n\n\n\n<li><strong>Ozonioterapia<\/strong> \u2013 atua como anti-inflamat\u00f3rio e fortalece a imunidade.<\/li>\n<\/ul>\n\n\n\n<p>Todas elas s\u00e3o combinadas de forma estrat\u00e9gica para atender \u00e0s necessidades de cada paciente.<\/p>\n\n\n\n<p>\u201cA tecnologia nos permite personalizar protocolos e alcan\u00e7ar resultados mais r\u00e1pidos e seguros. Sem ela, o processo seria mais lento e menos expressivo\u201d, explica Milena Penna, fundadora da cl\u00ednica.<\/p>\n\n\n<!-- wp:image \"id\":31908,\"width\":\"840px\",\"height\":\"auto\",\"aspectRatio\":\"1\",\"sizeSlug\":\"large\",\"linkDestination\":\"none\" -->\n<figure class=\"wp-block-image size-large is-resized\"><img decoding=\"async\" src=\"https:\/\/www.michelasi.com.br\/wp-content\/uploads\/2025\/08\/WhatsApp-Image-2025-08-14-at-16.07.26-683x1024.jpeg\" alt=\"\" class=\"wp-image-31908\" style=\"aspect-ratio:1;width:840px;height:auto\" \/><\/figure>\n<!-- \/wp:post-content -->\n\n<!-- wp:paragraph -->\n<p>Mas o diferencial n\u00e3o est\u00e1 apenas nas m\u00e1quinas. Quem passa por l\u00e1 percebe que existe um acompanhamento de perto, sem julgamentos, celebrando cada conquista, seja ela uma mudan\u00e7a no corpo ou na mente.<\/p>\n<!-- \/wp:paragraph -->\n\n<!-- wp:paragraph -->\n<p>As pacientes falam sobre autoestima resgatada, novos h\u00e1bitos e um bem-estar que ultrapassa o espelho. E \u00e9 assim, com tecnologia, ci\u00eancia e muito acolhimento, que a Cl\u00ednica Milena Penna se firma como <strong>refer\u00eancia no Vale do Para\u00edba<\/strong>, provando que emagrecer pode, sim, ser um processo transformador por dentro e por fora.<\/p>\n<!-- \/wp:paragraph -->","protected":false},"excerpt":{"rendered":"<p>Em S\u00e3o Jos\u00e9 dos Campos, existe um endere\u00e7o onde balan\u00e7a e autoestima andam juntas: a Cl\u00ednica de Emagrecimento e Est\u00e9tica Milena Penna. Mais do que ajudar a perder peso, o espa\u00e7o \u00e9 conhecido por unir ci\u00eancia, tecnologia e um cuidado humano que faz toda a diferen\u00e7a. Milena est\u00e1 h\u00e1 29 anos no universo da est\u00e9tica \u2026<\/p>\n","protected":false},"author":2,"featured_media":1695,"comment_status":"closed","ping_status":"open","sticky":false,"template":"","format":"standard","meta":{"footnotes":""},"categories":[15,25],"tags":[],"class_list":["post-1696","post","type-post","status-publish","format-standard","has-post-thumbnail","hentry","category-beleza","category-saude"],"yoast_head":"<!-- This site is optimized with the Yoast SEO plugin v25.5 - https:\/\/yoast.com\/wordpress\/plugins\/seo\/ -->\n<title>O segredo da Cl\u00ednica Milena Penna para transformar vidas no Vale do Para\u00edba - Portal do Estado<\/title>\n<meta name=\"robots\" content=\"index, follow, max-snippet:-1, max-image-preview:large, max-video-preview:-1\" \/>\n<link rel=\"canonical\" href=\"https:\/\/portaldoestado.com.br\/index.php\/2025\/08\/14\/o-segredo-da-clinica-milena-penna-para-transformar-vidas-no-vale-do-paraiba\/\" \/>\n<meta property=\"og:locale\" content=\"pt_BR\" \/>\n<meta property=\"og:type\" content=\"article\" \/>\n<meta property=\"og:title\" content=\"O segredo da Cl\u00ednica Milena Penna para transformar vidas no Vale do Para\u00edba - Portal do Estado\" \/>\n<meta property=\"og:description\" content=\"Em S\u00e3o Jos\u00e9 dos Campos, existe um endere\u00e7o onde balan\u00e7a e autoestima andam juntas: a Cl\u00ednica de Emagrecimento e Est\u00e9tica Milena Penna. Mais do que ajudar a perder peso, o espa\u00e7o \u00e9 conhecido por unir ci\u00eancia, tecnologia e um cuidado humano que faz toda a diferen\u00e7a. Milena est\u00e1 h\u00e1 29 anos no universo da est\u00e9tica \u2026\" \/>\n<meta property=\"og:url\" content=\"https:\/\/portaldoestado.com.br\/index.php\/2025\/08\/14\/o-segredo-da-clinica-milena-penna-para-transformar-vidas-no-vale-do-paraiba\/\" \/>\n<meta property=\"og:site_name\" content=\"Portal do Estado\" \/>\n<meta property=\"article:published_time\" content=\"2025-08-14T19:46:21+00:00\" \/>\n<meta property=\"og:image\" content=\"https:\/\/portaldoestado.com.br\/wp-content\/uploads\/2025\/08\/WhatsApp-Image-2025-08-14-at-16.06.46.jpeg\" \/>\n\t<meta property=\"og:image:width\" content=\"1280\" \/>\n\t<meta property=\"og:image:height\" content=\"854\" \/>\n\t<meta property=\"og:image:type\" content=\"image\/jpeg\" \/>\n<meta name=\"author\" content=\"assessoriadefamosos\" \/>\n<meta name=\"twitter:card\" content=\"summary_large_image\" \/>\n<meta name=\"twitter:label1\" content=\"Escrito por\" \/>\n\t<meta name=\"twitter:data1\" content=\"assessoriadefamosos\" \/>\n\t<meta name=\"twitter:label2\" content=\"Est. tempo de leitura\" \/>\n\t<meta name=\"twitter:data2\" content=\"2 minutos\" \/>\n<script type=\"application\/ld+json\" class=\"yoast-schema-graph\">{\"@context\":\"https:\/\/schema.org\",\"@graph\":[{\"@type\":\"Article\",\"@id\":\"https:\/\/portaldoestado.com.br\/index.php\/2025\/08\/14\/o-segredo-da-clinica-milena-penna-para-transformar-vidas-no-vale-do-paraiba\/#article\",\"isPartOf\":{\"@id\":\"https:\/\/portaldoestado.com.br\/index.php\/2025\/08\/14\/o-segredo-da-clinica-milena-penna-para-transformar-vidas-no-vale-do-paraiba\/\"},\"author\":{\"name\":\"assessoriadefamosos\",\"@id\":\"https:\/\/portaldoestado.com.br\/#\/schema\/person\/5ca0174f3c8c84b59da62ea14b698cb9\"},\"headline\":\"O segredo da Cl\u00ednica Milena Penna para transformar vidas no Vale do Para\u00edba\",\"datePublished\":\"2025-08-14T19:46:21+00:00\",\"mainEntityOfPage\":{\"@id\":\"https:\/\/portaldoestado.com.br\/index.php\/2025\/08\/14\/o-segredo-da-clinica-milena-penna-para-transformar-vidas-no-vale-do-paraiba\/\"},\"wordCount\":328,\"publisher\":{\"@id\":\"https:\/\/portaldoestado.com.br\/#organization\"},\"image\":{\"@id\":\"https:\/\/portaldoestado.com.br\/index.php\/2025\/08\/14\/o-segredo-da-clinica-milena-penna-para-transformar-vidas-no-vale-do-paraiba\/#primaryimage\"},\"thumbnailUrl\":\"https:\/\/portaldoestado.com.br\/wp-content\/uploads\/2025\/08\/WhatsApp-Image-2025-08-14-at-16.06.46.jpeg\",\"articleSection\":[\"Beleza\",\"Sa\u00fade\"],\"inLanguage\":\"pt-BR\"},{\"@type\":\"WebPage\",\"@id\":\"https:\/\/portaldoestado.com.br\/index.php\/2025\/08\/14\/o-segredo-da-clinica-milena-penna-para-transformar-vidas-no-vale-do-paraiba\/\",\"url\":\"https:\/\/portaldoestado.com.br\/index.php\/2025\/08\/14\/o-segredo-da-clinica-milena-penna-para-transformar-vidas-no-vale-do-paraiba\/\",\"name\":\"O segredo da Cl\u00ednica Milena Penna para transformar vidas no Vale do Para\u00edba - Portal do Estado\",\"isPartOf\":{\"@id\":\"https:\/\/portaldoestado.com.br\/#website\"},\"primaryImageOfPage\":{\"@id\":\"https:\/\/portaldoestado.com.br\/index.php\/2025\/08\/14\/o-segredo-da-clinica-milena-penna-para-transformar-vidas-no-vale-do-paraiba\/#primaryimage\"},\"image\":{\"@id\":\"https:\/\/portaldoestado.com.br\/index.php\/2025\/08\/14\/o-segredo-da-clinica-milena-penna-para-transformar-vidas-no-vale-do-paraiba\/#primaryimage\"},\"thumbnailUrl\":\"https:\/\/portaldoestado.com.br\/wp-content\/uploads\/2025\/08\/WhatsApp-Image-2025-08-14-at-16.06.46.jpeg\",\"datePublished\":\"2025-08-14T19:46:21+00:00\",\"breadcrumb\":{\"@id\":\"https:\/\/portaldoestado.com.br\/index.php\/2025\/08\/14\/o-segredo-da-clinica-milena-penna-para-transformar-vidas-no-vale-do-paraiba\/#breadcrumb\"},\"inLanguage\":\"pt-BR\",\"potentialAction\":[{\"@type\":\"ReadAction\",\"target\":[\"https:\/\/portaldoestado.com.br\/index.php\/2025\/08\/14\/o-segredo-da-clinica-milena-penna-para-transformar-vidas-no-vale-do-paraiba\/\"]}]},{\"@type\":\"ImageObject\",\"inLanguage\":\"pt-BR\",\"@id\":\"https:\/\/portaldoestado.com.br\/index.php\/2025\/08\/14\/o-segredo-da-clinica-milena-penna-para-transformar-vidas-no-vale-do-paraiba\/#primaryimage\",\"url\":\"https:\/\/portaldoestado.com.br\/wp-content\/uploads\/2025\/08\/WhatsApp-Image-2025-08-14-at-16.06.46.jpeg\",\"contentUrl\":\"https:\/\/portaldoestado.com.br\/wp-content\/uploads\/2025\/08\/WhatsApp-Image-2025-08-14-at-16.06.46.jpeg\",\"width\":1280,\"height\":854},{\"@type\":\"BreadcrumbList\",\"@id\":\"https:\/\/portaldoestado.com.br\/index.php\/2025\/08\/14\/o-segredo-da-clinica-milena-penna-para-transformar-vidas-no-vale-do-paraiba\/#breadcrumb\",\"itemListElement\":[{\"@type\":\"ListItem\",\"position\":1,\"name\":\"In\u00edcio\",\"item\":\"https:\/\/portaldoestado.com.br\/\"},{\"@type\":\"ListItem\",\"position\":2,\"name\":\"O segredo da Cl\u00ednica Milena Penna para transformar vidas no Vale do Para\u00edba\"}]},{\"@type\":\"WebSite\",\"@id\":\"https:\/\/portaldoestado.com.br\/#website\",\"url\":\"https:\/\/portaldoestado.com.br\/\",\"name\":\"Portal do Estado\",\"description\":\"\",\"publisher\":{\"@id\":\"https:\/\/portaldoestado.com.br\/#organization\"},\"potentialAction\":[{\"@type\":\"SearchAction\",\"target\":{\"@type\":\"EntryPoint\",\"urlTemplate\":\"https:\/\/portaldoestado.com.br\/?s={search_term_string}\"},\"query-input\":{\"@type\":\"PropertyValueSpecification\",\"valueRequired\":true,\"valueName\":\"search_term_string\"}}],\"inLanguage\":\"pt-BR\"},{\"@type\":\"Organization\",\"@id\":\"https:\/\/portaldoestado.com.br\/#organization\",\"name\":\"Portal do Estado\",\"url\":\"https:\/\/portaldoestado.com.br\/\",\"logo\":{\"@type\":\"ImageObject\",\"inLanguage\":\"pt-BR\",\"@id\":\"https:\/\/portaldoestado.com.br\/#\/schema\/logo\/image\/\",\"url\":\"https:\/\/portaldoestado.com.br\/wp-content\/uploads\/2025\/04\/cropped-6f69b19a-6472-43bf-b1b3-e1910bbbd4e8.png\",\"contentUrl\":\"https:\/\/portaldoestado.com.br\/wp-content\/uploads\/2025\/04\/cropped-6f69b19a-6472-43bf-b1b3-e1910bbbd4e8.png\",\"width\":1024,\"height\":350,\"caption\":\"Portal do Estado\"},\"image\":{\"@id\":\"https:\/\/portaldoestado.com.br\/#\/schema\/logo\/image\/\"}},{\"@type\":\"Person\",\"@id\":\"https:\/\/portaldoestado.com.br\/#\/schema\/person\/5ca0174f3c8c84b59da62ea14b698cb9\",\"name\":\"assessoriadefamosos\",\"image\":{\"@type\":\"ImageObject\",\"inLanguage\":\"pt-BR\",\"@id\":\"https:\/\/portaldoestado.com.br\/#\/schema\/person\/image\/\",\"url\":\"https:\/\/secure.gravatar.com\/avatar\/a7acbdffcfbbae7240e59f47fe511ec5f5d8c252c779f0b8d9ab02a9e1d8c5ed?s=96&d=mm&r=g\",\"contentUrl\":\"https:\/\/secure.gravatar.com\/avatar\/a7acbdffcfbbae7240e59f47fe511ec5f5d8c252c779f0b8d9ab02a9e1d8c5ed?s=96&d=mm&r=g\",\"caption\":\"assessoriadefamosos\"},\"url\":\"https:\/\/portaldoestado.com.br\/index.php\/author\/assessoriadefamosos\/\"}]}<\/script>\n<!-- \/ Yoast SEO plugin. -->","yoast_head_json":{"title":"O segredo da Cl\u00ednica Milena Penna para transformar vidas no Vale do Para\u00edba - Portal do Estado","robots":{"index":"index","follow":"follow","max-snippet":"max-snippet:-1","max-image-preview":"max-image-preview:large","max-video-preview":"max-video-preview:-1"},"canonical":"https:\/\/portaldoestado.com.br\/index.php\/2025\/08\/14\/o-segredo-da-clinica-milena-penna-para-transformar-vidas-no-vale-do-paraiba\/","og_locale":"pt_BR","og_type":"article","og_title":"O segredo da Cl\u00ednica Milena Penna para transformar vidas no Vale do Para\u00edba - Portal do Estado","og_description":"Em S\u00e3o Jos\u00e9 dos Campos, existe um endere\u00e7o onde balan\u00e7a e autoestima andam juntas: a Cl\u00ednica de Emagrecimento e Est\u00e9tica Milena Penna. Mais do que ajudar a perder peso, o espa\u00e7o \u00e9 conhecido por unir ci\u00eancia, tecnologia e um cuidado humano que faz toda a diferen\u00e7a. Milena est\u00e1 h\u00e1 29 anos no universo da est\u00e9tica \u2026","og_url":"https:\/\/portaldoestado.com.br\/index.php\/2025\/08\/14\/o-segredo-da-clinica-milena-penna-para-transformar-vidas-no-vale-do-paraiba\/","og_site_name":"Portal do Estado","article_published_time":"2025-08-14T19:46:21+00:00","og_image":[{"width":1280,"height":854,"url":"https:\/\/portaldoestado.com.br\/wp-content\/uploads\/2025\/08\/WhatsApp-Image-2025-08-14-at-16.06.46.jpeg","type":"image\/jpeg"}],"author":"assessoriadefamosos","twitter_card":"summary_large_image","twitter_misc":{"Escrito por":"assessoriadefamosos","Est. tempo de leitura":"2 minutos"},"schema":{"@context":"https:\/\/schema.org","@graph":[{"@type":"Article","@id":"https:\/\/portaldoestado.com.br\/index.php\/2025\/08\/14\/o-segredo-da-clinica-milena-penna-para-transformar-vidas-no-vale-do-paraiba\/#article","isPartOf":{"@id":"https:\/\/portaldoestado.com.br\/index.php\/2025\/08\/14\/o-segredo-da-clinica-milena-penna-para-transformar-vidas-no-vale-do-paraiba\/"},"author":{"name":"assessoriadefamosos","@id":"https:\/\/portaldoestado.com.br\/#\/schema\/person\/5ca0174f3c8c84b59da62ea14b698cb9"},"headline":"O segredo da Cl\u00ednica Milena Penna para transformar vidas no Vale do Para\u00edba","datePublished":"2025-08-14T19:46:21+00:00","mainEntityOfPage":{"@id":"https:\/\/portaldoestado.com.br\/index.php\/2025\/08\/14\/o-segredo-da-clinica-milena-penna-para-transformar-vidas-no-vale-do-paraiba\/"},"wordCount":328,"publisher":{"@id":"https:\/\/portaldoestado.com.br\/#organization"},"image":{"@id":"https:\/\/portaldoestado.com.br\/index.php\/2025\/08\/14\/o-segredo-da-clinica-milena-penna-para-transformar-vidas-no-vale-do-paraiba\/#primaryimage"},"thumbnailUrl":"https:\/\/portaldoestado.com.br\/wp-content\/uploads\/2025\/08\/WhatsApp-Image-2025-08-14-at-16.06.46.jpeg","articleSection":["Beleza","Sa\u00fade"],"inLanguage":"pt-BR"},{"@type":"WebPage","@id":"https:\/\/portaldoestado.com.br\/index.php\/2025\/08\/14\/o-segredo-da-clinica-milena-penna-para-transformar-vidas-no-vale-do-paraiba\/","url":"https:\/\/portaldoestado.com.br\/index.php\/2025\/08\/14\/o-segredo-da-clinica-milena-penna-para-transformar-vidas-no-vale-do-paraiba\/","name":"O segredo da Cl\u00ednica Milena Penna para transformar vidas no Vale do Para\u00edba - Portal do Estado","isPartOf":{"@id":"https:\/\/portaldoestado.com.br\/#website"},"primaryImageOfPage":{"@id":"https:\/\/portaldoestado.com.br\/index.php\/2025\/08\/14\/o-segredo-da-clinica-milena-penna-para-transformar-vidas-no-vale-do-paraiba\/#primaryimage"},"image":{"@id":"https:\/\/portaldoestado.com.br\/index.php\/2025\/08\/14\/o-segredo-da-clinica-milena-penna-para-transformar-vidas-no-vale-do-paraiba\/#primaryimage"},"thumbnailUrl":"https:\/\/portaldoestado.com.br\/wp-content\/uploads\/2025\/08\/WhatsApp-Image-2025-08-14-at-16.06.46.jpeg","datePublished":"2025-08-14T19:46:21+00:00","breadcrumb":{"@id":"https:\/\/portaldoestado.com.br\/index.php\/2025\/08\/14\/o-segredo-da-clinica-milena-penna-para-transformar-vidas-no-vale-do-paraiba\/#breadcrumb"},"inLanguage":"pt-BR","potentialAction":[{"@type":"ReadAction","target":["https:\/\/portaldoestado.com.br\/index.php\/2025\/08\/14\/o-segredo-da-clinica-milena-penna-para-transformar-vidas-no-vale-do-paraiba\/"]}]},{"@type":"ImageObject","inLanguage":"pt-BR","@id":"https:\/\/portaldoestado.com.br\/index.php\/2025\/08\/14\/o-segredo-da-clinica-milena-penna-para-transformar-vidas-no-vale-do-paraiba\/#primaryimage","url":"https:\/\/portaldoestado.com.br\/wp-content\/uploads\/2025\/08\/WhatsApp-Image-2025-08-14-at-16.06.46.jpeg","contentUrl":"https:\/\/portaldoestado.com.br\/wp-content\/uploads\/2025\/08\/WhatsApp-Image-2025-08-14-at-16.06.46.jpeg","width":1280,"height":854},{"@type":"BreadcrumbList","@id":"https:\/\/portaldoestado.com.br\/index.php\/2025\/08\/14\/o-segredo-da-clinica-milena-penna-para-transformar-vidas-no-vale-do-paraiba\/#breadcrumb","itemListElement":[{"@type":"ListItem","position":1,"name":"In\u00edcio","item":"https:\/\/portaldoestado.com.br\/"},{"@type":"ListItem","position":2,"name":"O segredo da Cl\u00ednica Milena Penna para transformar vidas no Vale do Para\u00edba"}]},{"@type":"WebSite","@id":"https:\/\/portaldoestado.com.br\/#website","url":"https:\/\/portaldoestado.com.br\/","name":"Portal do Estado","description":"","publisher":{"@id":"https:\/\/portaldoestado.com.br\/#organization"},"potentialAction":[{"@type":"SearchAction","target":{"@type":"EntryPoint","urlTemplate":"https:\/\/portaldoestado.com.br\/?s={search_term_string}"},"query-input":{"@type":"PropertyValueSpecification","valueRequired":true,"valueName":"search_term_string"}}],"inLanguage":"pt-BR"},{"@type":"Organization","@id":"https:\/\/portaldoestado.com.br\/#organization","name":"Portal do Estado","url":"https:\/\/portaldoestado.com.br\/","logo":{"@type":"ImageObject","inLanguage":"pt-BR","@id":"https:\/\/portaldoestado.com.br\/#\/schema\/logo\/image\/","url":"https:\/\/portaldoestado.com.br\/wp-content\/uploads\/2025\/04\/cropped-6f69b19a-6472-43bf-b1b3-e1910bbbd4e8.png","contentUrl":"https:\/\/portaldoestado.com.br\/wp-content\/uploads\/2025\/04\/cropped-6f69b19a-6472-43bf-b1b3-e1910bbbd4e8.png","width":1024,"height":350,"caption":"Portal do Estado"},"image":{"@id":"https:\/\/portaldoestado.com.br\/#\/schema\/logo\/image\/"}},{"@type":"Person","@id":"https:\/\/portaldoestado.com.br\/#\/schema\/person\/5ca0174f3c8c84b59da62ea14b698cb9","name":"assessoriadefamosos","image":{"@type":"ImageObject","inLanguage":"pt-BR","@id":"https:\/\/portaldoestado.com.br\/#\/schema\/person\/image\/","url":"https:\/\/secure.gravatar.com\/avatar\/a7acbdffcfbbae7240e59f47fe511ec5f5d8c252c779f0b8d9ab02a9e1d8c5ed?s=96&d=mm&r=g","contentUrl":"https:\/\/secure.gravatar.com\/avatar\/a7acbdffcfbbae7240e59f47fe511ec5f5d8c252c779f0b8d9ab02a9e1d8c5ed?s=96&d=mm&r=g","caption":"assessoriadefamosos"},"url":"https:\/\/portaldoestado.com.br\/index.php\/author\/assessoriadefamosos\/"}]}},"jetpack_featured_media_url":"https:\/\/portaldoestado.com.br\/wp-content\/uploads\/2025\/08\/WhatsApp-Image-2025-08-14-at-16.06.46.jpeg","_links":{"self":[{"href":"https:\/\/portaldoestado.com.br\/index.php\/wp-json\/wp\/v2\/posts\/1696","targetHints":{"allow":["GET"]}}],"collection":[{"href":"https:\/\/portaldoestado.com.br\/index.php\/wp-json\/wp\/v2\/posts"}],"about":[{"href":"https:\/\/portaldoestado.com.br\/index.php\/wp-json\/wp\/v2\/types\/post"}],"author":[{"embeddable":true,"href":"https:\/\/portaldoestado.com.br\/index.php\/wp-json\/wp\/v2\/users\/2"}],"replies":[{"embeddable":true,"href":"https:\/\/portaldoestado.com.br\/index.php\/wp-json\/wp\/v2\/comments?post=1696"}],"version-history":[{"count":1,"href":"https:\/\/portaldoestado.com.br\/index.php\/wp-json\/wp\/v2\/posts\/1696\/revisions"}],"predecessor-version":[{"id":1697,"href":"https:\/\/portaldoestado.com.br\/index.php\/wp-json\/wp\/v2\/posts\/1696\/revisions\/1697"}],"wp:featuredmedia":[{"embeddable":true,"href":"https:\/\/portaldoestado.com.br\/index.php\/wp-json\/wp\/v2\/media\/1695"}],"wp:attachment":[{"href":"https:\/\/portaldoestado.com.br\/index.php\/wp-json\/wp\/v2\/media?parent=1696"}],"wp:term":[{"taxonomy":"category","embeddable":true,"href":"https:\/\/portaldoestado.com.br\/index.php\/wp-json\/wp\/v2\/categories?post=1696"},{"taxonomy":"post_tag","embeddable":true,"href":"https:\/\/portaldoestado.com.br\/index.php\/wp-json\/wp\/v2\/tags?post=1696"}],"curies":[{"name":"wp","href":"https:\/\/api.w.org\/{rel}","templated":true}]}}