{"id":1690,"date":"2025-08-14T17:01:09","date_gmt":"2025-08-14T17:01:09","guid":{"rendered":"https:\/\/portaldoestado.com.br\/?p=1690"},"modified":"2025-08-14T17:01:09","modified_gmt":"2025-08-14T17:01:09","slug":"fofoca-awards-agita-o-mundo-das-celebridades-no-dia-10-de-setembro","status":"publish","type":"post","link":"https:\/\/portaldoestado.com.br\/index.php\/2025\/08\/14\/fofoca-awards-agita-o-mundo-das-celebridades-no-dia-10-de-setembro\/","title":{"rendered":"Fofoca Awards agita o mundo das celebridades no dia 10 de setembro"},"content":{"rendered":"\n<p>Ap\u00f3s uma estreia que movimentou o mundo do entretenimento no ano passado, o <strong>Fofoca Awards2025<\/strong>, premia\u00e7\u00e3o dedicada aos jornalistas, apresentadores, criadores de conte\u00fado e ve\u00edculos especializados na vida das celebridades chega \u00e0 segunda edi\u00e7\u00e3o, no dia\u00a0<strong>10 de setembro<\/strong>, no Cineclube Cortina, em S\u00e3o Paulo. O evento, fechado para 250 convidados, ser\u00e1 transmitido ao vivo pelo UOL e a vota\u00e7\u00e3o popular, de quatro das oito categorias, come\u00e7ou no dia\u00a0<strong>1\u00ba de agosto.<\/strong><\/p>\n\n\n\n<p>Atualmente considerado como o &#8220;Oscar dos curadores da vida das celebridades\u201d, o Fofoca Awards ganha, mais uma vez, transmiss\u00e3o ao vivo do UOL (Home e Youtube). Tem in\u00edcio \u00e0s 21 horas, mas uma hora antes da celebra\u00e7\u00e3o, come\u00e7a o \u201cesquenta\u201d no tapete rosa do Cineclube Cortina.\u00a0<\/p>\n\n\n\n<p>Neste ano, a premia\u00e7\u00e3o destaca oito categorias, com destaque para tr\u00eas novas:\u00a0 \u201c<strong>Programa de Fofoca &#8211; R\u00e1dio<\/strong>\u201d,\u00a0<strong>\u201cCanal de YouTube<\/strong>\u00a0<strong>ou Podcast\u201d\u00a0<\/strong>e<strong>\u00a0\u201cFofoca Internacional\u201d<\/strong>. Quatro delas s\u00e3o abertas \u00e0 vota\u00e7\u00e3o\u00a0popular:\u00a0<strong>\u201cFofoqueiro do Ano\u201d<\/strong>,\u00a0<strong>\u201c@ de Fofoca\u201d<\/strong>,\u00a0<strong>\u201cFofoca Nacional\u201d<\/strong>\u00a0e\u00a0<strong>\u201cFofoca Internacional<\/strong>\u201d, atrav\u00e9s do link\u00a0<a href=\"https:\/\/marsilpromo.com.br\/\" target=\"_blank\" rel=\"noreferrer noopener\">https:\/\/marsilpromo.com.br\/<\/a>; e as outras quatro ser\u00e3o escolhidas pelo j\u00fari especializado:\u00a0\u201c<strong>Fofoqueiro Revela\u00e7\u00e3o<\/strong>\u201d, \u201c<strong>Programa de Fofoca &#8211; R\u00e1dio<\/strong>\u201d, \u201c<strong>Canal Youtube e Podcast<\/strong>\u201d e \u201c<strong>Programa de Fofoca &#8211; TV<\/strong>\u201d <\/p>\n\n\n\n<p>Cada pr\u00eamio ser\u00e1 entregue por uma personalidade convidada, entre elas, a astr\u00f3loga M\u00e1rcia Sensitiva, o apresentador Renato Ambr\u00f3sio (&#8220;Sabad\u00e3o de Todos&#8221;\/ Band TV)\u00a0e os artistas Naldo Benny e Roberta Miranda &#8211; que ainda far\u00e3o<em>\u00a0pocket shows<\/em>. A grande homenageada da noite ser\u00e1 a jornalista\u00a0<strong>S\u00f4nia Abr\u00e3o<\/strong>, refer\u00eancia do g\u00eanero, com mais de duas d\u00e9cadas no ar e uma legi\u00e3o fiel de telespectadores;\u00a0 a apresentadora ser\u00e1 laureada com o trof\u00e9u \u201cL\u00edngua de Ouro\u201d. O evento conta ainda com uma atra\u00e7\u00e3o musical surpresa.<\/p>\n\n\n\n<p>Idealizado por Keila Jimenez, Dennys Motta e Lallo Amaral, o Fofoca Awards, que \u00e9 a \u00fanica celebra\u00e7\u00e3o do mundo que valoriza os profissionais respons\u00e1veis por manter o pa\u00eds informado (e entretido!) sobre a vida dos famosos, nasceu para reconhecer o trabalho de quem pauta as conversas nas redes, d\u00e1 furos, analisa o comportamento desses famosos e mant\u00e9m o Brasil atualizado (e viciado) nas hist\u00f3rias que mais movimentam o imagin\u00e1rio popular. Como diz o lema da festa: \u201c<em>A gente odeia fofoca, mas\u2026 n\u00e3o guardamos segredos.<\/em>\u201d<\/p>\n\n\n\n<p>\u201c<em>Conseguimos fazer a maior reuni\u00e3o de jornalistas de celebridades do planeta na primeira edi\u00e7\u00e3o<\/em>.\u00a0<em>\u00c9 um dia de confraterniza\u00e7\u00e3o, para mostrar o poder do jornalismo de celebridades, o poder que temos com os nossos microfones e arrobas.<\/em>\u00a0<em>Voc\u00eas n\u00e3o imaginam o quanto essa ind\u00fastria movimenta. S\u00e3o tr\u00eas bilh\u00f5es de acessos mensais de busca sobre fofoca no Brasil\u201d<\/em>, afirma Dennys.\u00a0<em>\u201cFofoca n\u00e3o \u00e9 mentira. Fofoca \u00e9 uma narrativa. Se voc\u00ea quer se conectar com o p\u00fablico, essa conversa te interessa. A fofoca hoje engaja, cria tend\u00eancias, molda a sociedade e o jeito que a gente pensa\u201d<\/em>, completa Keila.<\/p>\n\n\n\n<p><em>\u201cTodo mundo acessa o celular diariamente para saber das not\u00edcias. Essas pessoas que consomem celebridades merecem participar\u201d,<\/em>\u00a0explica Dennys. Keila complementa:\u00a0<em>\u201cS\u00e3o assuntos que t\u00eam tudo a ver com o term\u00f4metro popular. A gente quer transformar a fofoca em algo bacana, n\u00e3o pejorativo. Mostrar a responsabilidade de quem produz.\u201d<\/em><\/p>\n\n\n\n<p>Os anfitri\u00f5es da noite s\u00e3o os idealizadores do pr\u00eamio:\u00a0<strong>Keila Jimenez<\/strong>\u00a0jornalista com passagens pelos jornais Folha de S.Paulo e O Estado de S.Paulo, e atualmente na Record TV e r\u00e1dio Disney, ela \u00e9 uma das mais respeitadas especialistas em celebridades do pa\u00eds; e\u00a0<strong>Dennys Motta\u00a0<\/strong> &#8211; apresentador dos programas \u201cPerrengue na Band\u201d (Band TV), \u201cUnidos Pelo Pequeno\u201d (r\u00e1dio Bandeirantes) e \u201cQuem N\u00e3o Faz Toma\u201d (r\u00e1dio 89 FM) &#8211; \u00e9 carism\u00e1tico, direto e com talento para conduzir o palco com muito humor. Juntos, eles dividem a cena com o mascote oficial da premia\u00e7\u00e3o: Matraka, considerado \u201ca l\u00edngua mais afiada do Brasil\u201d.<\/p>\n\n\n\n<p>A dire\u00e7\u00e3o de produ\u00e7\u00e3o do Fofoca Awards \u00e9 assinada por Lallo Amaral, que j\u00e1 foi criador de grandes eventos no Brasil, incluindo ativa\u00e7\u00f5es memor\u00e1veis para marcas como \u201cVideo Music Brasil\u201d e \u201cRockgol\u201d (MTV Brasil), Ford Models, HBO, UFC e Cavalera. E a dire\u00e7\u00e3o de transmiss\u00e3o, pelo segundo ano consecutivo, \u00e9 de Mayara Miranda, profissional com passagens por \u201cThe Masked Singer Brasil\u201d (TV Globo),\u00a0 Netflix, Prime Video, MAX e Red Bull, e viv\u00eancia internacional em produ\u00e7\u00f5es cinematogr\u00e1ficas como do filme hollywoodiano &#8220;Meu Amigo Pinguim\u201d, onde atuou como assistente de dire\u00e7\u00e3o.<\/p>\n\n\n\n<p><\/p>\n","protected":false},"excerpt":{"rendered":"<p>Ap\u00f3s uma estreia que movimentou o mundo do entretenimento no ano passado, o Fofoca Awards2025, premia\u00e7\u00e3o dedicada aos jornalistas, apresentadores, criadores de conte\u00fado e ve\u00edculos especializados na vida das celebridades chega \u00e0 segunda edi\u00e7\u00e3o, no dia\u00a010 de setembro, no Cineclube Cortina, em S\u00e3o Paulo. O evento, fechado para 250 convidados, ser\u00e1 transmitido ao vivo pelo \u2026<\/p>\n","protected":false},"author":2,"featured_media":1689,"comment_status":"closed","ping_status":"open","sticky":false,"template":"","format":"standard","meta":{"footnotes":""},"categories":[48],"tags":[],"class_list":["post-1690","post","type-post","status-publish","format-standard","has-post-thumbnail","hentry","category-agenda"],"yoast_head":"<!-- This site is optimized with the Yoast SEO plugin v25.5 - https:\/\/yoast.com\/wordpress\/plugins\/seo\/ -->\n<title>Fofoca Awards agita o mundo das celebridades no dia 10 de setembro - Portal do Estado<\/title>\n<meta name=\"robots\" content=\"index, follow, max-snippet:-1, max-image-preview:large, max-video-preview:-1\" \/>\n<link rel=\"canonical\" href=\"https:\/\/portaldoestado.com.br\/index.php\/2025\/08\/14\/fofoca-awards-agita-o-mundo-das-celebridades-no-dia-10-de-setembro\/\" \/>\n<meta property=\"og:locale\" content=\"pt_BR\" \/>\n<meta property=\"og:type\" content=\"article\" \/>\n<meta property=\"og:title\" content=\"Fofoca Awards agita o mundo das celebridades no dia 10 de setembro - Portal do Estado\" \/>\n<meta property=\"og:description\" content=\"Ap\u00f3s uma estreia que movimentou o mundo do entretenimento no ano passado, o Fofoca Awards2025, premia\u00e7\u00e3o dedicada aos jornalistas, apresentadores, criadores de conte\u00fado e ve\u00edculos especializados na vida das celebridades chega \u00e0 segunda edi\u00e7\u00e3o, no dia\u00a010 de setembro, no Cineclube Cortina, em S\u00e3o Paulo. O evento, fechado para 250 convidados, ser\u00e1 transmitido ao vivo pelo \u2026\" \/>\n<meta property=\"og:url\" content=\"https:\/\/portaldoestado.com.br\/index.php\/2025\/08\/14\/fofoca-awards-agita-o-mundo-das-celebridades-no-dia-10-de-setembro\/\" \/>\n<meta property=\"og:site_name\" content=\"Portal do Estado\" \/>\n<meta property=\"article:published_time\" content=\"2025-08-14T17:01:09+00:00\" \/>\n<meta property=\"og:image\" content=\"https:\/\/portaldoestado.com.br\/wp-content\/uploads\/2025\/08\/FOFOCA-AWARDS_EDICAO-2025_Dennys-Motta-Fofoca-Awards-e-Keila-Jimenez-1.Credito-Storino-Junior-1.jpg\" \/>\n\t<meta property=\"og:image:width\" content=\"2000\" \/>\n\t<meta property=\"og:image:height\" content=\"1333\" \/>\n\t<meta property=\"og:image:type\" content=\"image\/jpeg\" \/>\n<meta name=\"author\" content=\"assessoriadefamosos\" \/>\n<meta name=\"twitter:card\" content=\"summary_large_image\" \/>\n<meta name=\"twitter:label1\" content=\"Escrito por\" \/>\n\t<meta name=\"twitter:data1\" content=\"assessoriadefamosos\" \/>\n\t<meta name=\"twitter:label2\" content=\"Est. tempo de leitura\" \/>\n\t<meta name=\"twitter:data2\" content=\"4 minutos\" \/>\n<script type=\"application\/ld+json\" class=\"yoast-schema-graph\">{\"@context\":\"https:\/\/schema.org\",\"@graph\":[{\"@type\":\"Article\",\"@id\":\"https:\/\/portaldoestado.com.br\/index.php\/2025\/08\/14\/fofoca-awards-agita-o-mundo-das-celebridades-no-dia-10-de-setembro\/#article\",\"isPartOf\":{\"@id\":\"https:\/\/portaldoestado.com.br\/index.php\/2025\/08\/14\/fofoca-awards-agita-o-mundo-das-celebridades-no-dia-10-de-setembro\/\"},\"author\":{\"name\":\"assessoriadefamosos\",\"@id\":\"https:\/\/portaldoestado.com.br\/#\/schema\/person\/5ca0174f3c8c84b59da62ea14b698cb9\"},\"headline\":\"Fofoca Awards agita o mundo das celebridades no dia 10 de setembro\",\"datePublished\":\"2025-08-14T17:01:09+00:00\",\"mainEntityOfPage\":{\"@id\":\"https:\/\/portaldoestado.com.br\/index.php\/2025\/08\/14\/fofoca-awards-agita-o-mundo-das-celebridades-no-dia-10-de-setembro\/\"},\"wordCount\":775,\"publisher\":{\"@id\":\"https:\/\/portaldoestado.com.br\/#organization\"},\"image\":{\"@id\":\"https:\/\/portaldoestado.com.br\/index.php\/2025\/08\/14\/fofoca-awards-agita-o-mundo-das-celebridades-no-dia-10-de-setembro\/#primaryimage\"},\"thumbnailUrl\":\"https:\/\/portaldoestado.com.br\/wp-content\/uploads\/2025\/08\/FOFOCA-AWARDS_EDICAO-2025_Dennys-Motta-Fofoca-Awards-e-Keila-Jimenez-1.Credito-Storino-Junior-1.jpg\",\"articleSection\":[\"Agenda\"],\"inLanguage\":\"pt-BR\"},{\"@type\":\"WebPage\",\"@id\":\"https:\/\/portaldoestado.com.br\/index.php\/2025\/08\/14\/fofoca-awards-agita-o-mundo-das-celebridades-no-dia-10-de-setembro\/\",\"url\":\"https:\/\/portaldoestado.com.br\/index.php\/2025\/08\/14\/fofoca-awards-agita-o-mundo-das-celebridades-no-dia-10-de-setembro\/\",\"name\":\"Fofoca Awards agita o mundo das celebridades no dia 10 de setembro - Portal do Estado\",\"isPartOf\":{\"@id\":\"https:\/\/portaldoestado.com.br\/#website\"},\"primaryImageOfPage\":{\"@id\":\"https:\/\/portaldoestado.com.br\/index.php\/2025\/08\/14\/fofoca-awards-agita-o-mundo-das-celebridades-no-dia-10-de-setembro\/#primaryimage\"},\"image\":{\"@id\":\"https:\/\/portaldoestado.com.br\/index.php\/2025\/08\/14\/fofoca-awards-agita-o-mundo-das-celebridades-no-dia-10-de-setembro\/#primaryimage\"},\"thumbnailUrl\":\"https:\/\/portaldoestado.com.br\/wp-content\/uploads\/2025\/08\/FOFOCA-AWARDS_EDICAO-2025_Dennys-Motta-Fofoca-Awards-e-Keila-Jimenez-1.Credito-Storino-Junior-1.jpg\",\"datePublished\":\"2025-08-14T17:01:09+00:00\",\"breadcrumb\":{\"@id\":\"https:\/\/portaldoestado.com.br\/index.php\/2025\/08\/14\/fofoca-awards-agita-o-mundo-das-celebridades-no-dia-10-de-setembro\/#breadcrumb\"},\"inLanguage\":\"pt-BR\",\"potentialAction\":[{\"@type\":\"ReadAction\",\"target\":[\"https:\/\/portaldoestado.com.br\/index.php\/2025\/08\/14\/fofoca-awards-agita-o-mundo-das-celebridades-no-dia-10-de-setembro\/\"]}]},{\"@type\":\"ImageObject\",\"inLanguage\":\"pt-BR\",\"@id\":\"https:\/\/portaldoestado.com.br\/index.php\/2025\/08\/14\/fofoca-awards-agita-o-mundo-das-celebridades-no-dia-10-de-setembro\/#primaryimage\",\"url\":\"https:\/\/portaldoestado.com.br\/wp-content\/uploads\/2025\/08\/FOFOCA-AWARDS_EDICAO-2025_Dennys-Motta-Fofoca-Awards-e-Keila-Jimenez-1.Credito-Storino-Junior-1.jpg\",\"contentUrl\":\"https:\/\/portaldoestado.com.br\/wp-content\/uploads\/2025\/08\/FOFOCA-AWARDS_EDICAO-2025_Dennys-Motta-Fofoca-Awards-e-Keila-Jimenez-1.Credito-Storino-Junior-1.jpg\",\"width\":2000,\"height\":1333},{\"@type\":\"BreadcrumbList\",\"@id\":\"https:\/\/portaldoestado.com.br\/index.php\/2025\/08\/14\/fofoca-awards-agita-o-mundo-das-celebridades-no-dia-10-de-setembro\/#breadcrumb\",\"itemListElement\":[{\"@type\":\"ListItem\",\"position\":1,\"name\":\"In\u00edcio\",\"item\":\"https:\/\/portaldoestado.com.br\/\"},{\"@type\":\"ListItem\",\"position\":2,\"name\":\"Fofoca Awards agita o mundo das celebridades no dia 10 de setembro\"}]},{\"@type\":\"WebSite\",\"@id\":\"https:\/\/portaldoestado.com.br\/#website\",\"url\":\"https:\/\/portaldoestado.com.br\/\",\"name\":\"Portal do Estado\",\"description\":\"\",\"publisher\":{\"@id\":\"https:\/\/portaldoestado.com.br\/#organization\"},\"potentialAction\":[{\"@type\":\"SearchAction\",\"target\":{\"@type\":\"EntryPoint\",\"urlTemplate\":\"https:\/\/portaldoestado.com.br\/?s={search_term_string}\"},\"query-input\":{\"@type\":\"PropertyValueSpecification\",\"valueRequired\":true,\"valueName\":\"search_term_string\"}}],\"inLanguage\":\"pt-BR\"},{\"@type\":\"Organization\",\"@id\":\"https:\/\/portaldoestado.com.br\/#organization\",\"name\":\"Portal do Estado\",\"url\":\"https:\/\/portaldoestado.com.br\/\",\"logo\":{\"@type\":\"ImageObject\",\"inLanguage\":\"pt-BR\",\"@id\":\"https:\/\/portaldoestado.com.br\/#\/schema\/logo\/image\/\",\"url\":\"https:\/\/portaldoestado.com.br\/wp-content\/uploads\/2025\/04\/cropped-6f69b19a-6472-43bf-b1b3-e1910bbbd4e8.png\",\"contentUrl\":\"https:\/\/portaldoestado.com.br\/wp-content\/uploads\/2025\/04\/cropped-6f69b19a-6472-43bf-b1b3-e1910bbbd4e8.png\",\"width\":1024,\"height\":350,\"caption\":\"Portal do Estado\"},\"image\":{\"@id\":\"https:\/\/portaldoestado.com.br\/#\/schema\/logo\/image\/\"}},{\"@type\":\"Person\",\"@id\":\"https:\/\/portaldoestado.com.br\/#\/schema\/person\/5ca0174f3c8c84b59da62ea14b698cb9\",\"name\":\"assessoriadefamosos\",\"image\":{\"@type\":\"ImageObject\",\"inLanguage\":\"pt-BR\",\"@id\":\"https:\/\/portaldoestado.com.br\/#\/schema\/person\/image\/\",\"url\":\"https:\/\/secure.gravatar.com\/avatar\/a7acbdffcfbbae7240e59f47fe511ec5f5d8c252c779f0b8d9ab02a9e1d8c5ed?s=96&d=mm&r=g\",\"contentUrl\":\"https:\/\/secure.gravatar.com\/avatar\/a7acbdffcfbbae7240e59f47fe511ec5f5d8c252c779f0b8d9ab02a9e1d8c5ed?s=96&d=mm&r=g\",\"caption\":\"assessoriadefamosos\"},\"url\":\"https:\/\/portaldoestado.com.br\/index.php\/author\/assessoriadefamosos\/\"}]}<\/script>\n<!-- \/ Yoast SEO plugin. -->","yoast_head_json":{"title":"Fofoca Awards agita o mundo das celebridades no dia 10 de setembro - Portal do Estado","robots":{"index":"index","follow":"follow","max-snippet":"max-snippet:-1","max-image-preview":"max-image-preview:large","max-video-preview":"max-video-preview:-1"},"canonical":"https:\/\/portaldoestado.com.br\/index.php\/2025\/08\/14\/fofoca-awards-agita-o-mundo-das-celebridades-no-dia-10-de-setembro\/","og_locale":"pt_BR","og_type":"article","og_title":"Fofoca Awards agita o mundo das celebridades no dia 10 de setembro - Portal do Estado","og_description":"Ap\u00f3s uma estreia que movimentou o mundo do entretenimento no ano passado, o Fofoca Awards2025, premia\u00e7\u00e3o dedicada aos jornalistas, apresentadores, criadores de conte\u00fado e ve\u00edculos especializados na vida das celebridades chega \u00e0 segunda edi\u00e7\u00e3o, no dia\u00a010 de setembro, no Cineclube Cortina, em S\u00e3o Paulo. O evento, fechado para 250 convidados, ser\u00e1 transmitido ao vivo pelo \u2026","og_url":"https:\/\/portaldoestado.com.br\/index.php\/2025\/08\/14\/fofoca-awards-agita-o-mundo-das-celebridades-no-dia-10-de-setembro\/","og_site_name":"Portal do Estado","article_published_time":"2025-08-14T17:01:09+00:00","og_image":[{"width":2000,"height":1333,"url":"https:\/\/portaldoestado.com.br\/wp-content\/uploads\/2025\/08\/FOFOCA-AWARDS_EDICAO-2025_Dennys-Motta-Fofoca-Awards-e-Keila-Jimenez-1.Credito-Storino-Junior-1.jpg","type":"image\/jpeg"}],"author":"assessoriadefamosos","twitter_card":"summary_large_image","twitter_misc":{"Escrito por":"assessoriadefamosos","Est. tempo de leitura":"4 minutos"},"schema":{"@context":"https:\/\/schema.org","@graph":[{"@type":"Article","@id":"https:\/\/portaldoestado.com.br\/index.php\/2025\/08\/14\/fofoca-awards-agita-o-mundo-das-celebridades-no-dia-10-de-setembro\/#article","isPartOf":{"@id":"https:\/\/portaldoestado.com.br\/index.php\/2025\/08\/14\/fofoca-awards-agita-o-mundo-das-celebridades-no-dia-10-de-setembro\/"},"author":{"name":"assessoriadefamosos","@id":"https:\/\/portaldoestado.com.br\/#\/schema\/person\/5ca0174f3c8c84b59da62ea14b698cb9"},"headline":"Fofoca Awards agita o mundo das celebridades no dia 10 de setembro","datePublished":"2025-08-14T17:01:09+00:00","mainEntityOfPage":{"@id":"https:\/\/portaldoestado.com.br\/index.php\/2025\/08\/14\/fofoca-awards-agita-o-mundo-das-celebridades-no-dia-10-de-setembro\/"},"wordCount":775,"publisher":{"@id":"https:\/\/portaldoestado.com.br\/#organization"},"image":{"@id":"https:\/\/portaldoestado.com.br\/index.php\/2025\/08\/14\/fofoca-awards-agita-o-mundo-das-celebridades-no-dia-10-de-setembro\/#primaryimage"},"thumbnailUrl":"https:\/\/portaldoestado.com.br\/wp-content\/uploads\/2025\/08\/FOFOCA-AWARDS_EDICAO-2025_Dennys-Motta-Fofoca-Awards-e-Keila-Jimenez-1.Credito-Storino-Junior-1.jpg","articleSection":["Agenda"],"inLanguage":"pt-BR"},{"@type":"WebPage","@id":"https:\/\/portaldoestado.com.br\/index.php\/2025\/08\/14\/fofoca-awards-agita-o-mundo-das-celebridades-no-dia-10-de-setembro\/","url":"https:\/\/portaldoestado.com.br\/index.php\/2025\/08\/14\/fofoca-awards-agita-o-mundo-das-celebridades-no-dia-10-de-setembro\/","name":"Fofoca Awards agita o mundo das celebridades no dia 10 de setembro - Portal do Estado","isPartOf":{"@id":"https:\/\/portaldoestado.com.br\/#website"},"primaryImageOfPage":{"@id":"https:\/\/portaldoestado.com.br\/index.php\/2025\/08\/14\/fofoca-awards-agita-o-mundo-das-celebridades-no-dia-10-de-setembro\/#primaryimage"},"image":{"@id":"https:\/\/portaldoestado.com.br\/index.php\/2025\/08\/14\/fofoca-awards-agita-o-mundo-das-celebridades-no-dia-10-de-setembro\/#primaryimage"},"thumbnailUrl":"https:\/\/portaldoestado.com.br\/wp-content\/uploads\/2025\/08\/FOFOCA-AWARDS_EDICAO-2025_Dennys-Motta-Fofoca-Awards-e-Keila-Jimenez-1.Credito-Storino-Junior-1.jpg","datePublished":"2025-08-14T17:01:09+00:00","breadcrumb":{"@id":"https:\/\/portaldoestado.com.br\/index.php\/2025\/08\/14\/fofoca-awards-agita-o-mundo-das-celebridades-no-dia-10-de-setembro\/#breadcrumb"},"inLanguage":"pt-BR","potentialAction":[{"@type":"ReadAction","target":["https:\/\/portaldoestado.com.br\/index.php\/2025\/08\/14\/fofoca-awards-agita-o-mundo-das-celebridades-no-dia-10-de-setembro\/"]}]},{"@type":"ImageObject","inLanguage":"pt-BR","@id":"https:\/\/portaldoestado.com.br\/index.php\/2025\/08\/14\/fofoca-awards-agita-o-mundo-das-celebridades-no-dia-10-de-setembro\/#primaryimage","url":"https:\/\/portaldoestado.com.br\/wp-content\/uploads\/2025\/08\/FOFOCA-AWARDS_EDICAO-2025_Dennys-Motta-Fofoca-Awards-e-Keila-Jimenez-1.Credito-Storino-Junior-1.jpg","contentUrl":"https:\/\/portaldoestado.com.br\/wp-content\/uploads\/2025\/08\/FOFOCA-AWARDS_EDICAO-2025_Dennys-Motta-Fofoca-Awards-e-Keila-Jimenez-1.Credito-Storino-Junior-1.jpg","width":2000,"height":1333},{"@type":"BreadcrumbList","@id":"https:\/\/portaldoestado.com.br\/index.php\/2025\/08\/14\/fofoca-awards-agita-o-mundo-das-celebridades-no-dia-10-de-setembro\/#breadcrumb","itemListElement":[{"@type":"ListItem","position":1,"name":"In\u00edcio","item":"https:\/\/portaldoestado.com.br\/"},{"@type":"ListItem","position":2,"name":"Fofoca Awards agita o mundo das celebridades no dia 10 de setembro"}]},{"@type":"WebSite","@id":"https:\/\/portaldoestado.com.br\/#website","url":"https:\/\/portaldoestado.com.br\/","name":"Portal do Estado","description":"","publisher":{"@id":"https:\/\/portaldoestado.com.br\/#organization"},"potentialAction":[{"@type":"SearchAction","target":{"@type":"EntryPoint","urlTemplate":"https:\/\/portaldoestado.com.br\/?s={search_term_string}"},"query-input":{"@type":"PropertyValueSpecification","valueRequired":true,"valueName":"search_term_string"}}],"inLanguage":"pt-BR"},{"@type":"Organization","@id":"https:\/\/portaldoestado.com.br\/#organization","name":"Portal do Estado","url":"https:\/\/portaldoestado.com.br\/","logo":{"@type":"ImageObject","inLanguage":"pt-BR","@id":"https:\/\/portaldoestado.com.br\/#\/schema\/logo\/image\/","url":"https:\/\/portaldoestado.com.br\/wp-content\/uploads\/2025\/04\/cropped-6f69b19a-6472-43bf-b1b3-e1910bbbd4e8.png","contentUrl":"https:\/\/portaldoestado.com.br\/wp-content\/uploads\/2025\/04\/cropped-6f69b19a-6472-43bf-b1b3-e1910bbbd4e8.png","width":1024,"height":350,"caption":"Portal do Estado"},"image":{"@id":"https:\/\/portaldoestado.com.br\/#\/schema\/logo\/image\/"}},{"@type":"Person","@id":"https:\/\/portaldoestado.com.br\/#\/schema\/person\/5ca0174f3c8c84b59da62ea14b698cb9","name":"assessoriadefamosos","image":{"@type":"ImageObject","inLanguage":"pt-BR","@id":"https:\/\/portaldoestado.com.br\/#\/schema\/person\/image\/","url":"https:\/\/secure.gravatar.com\/avatar\/a7acbdffcfbbae7240e59f47fe511ec5f5d8c252c779f0b8d9ab02a9e1d8c5ed?s=96&d=mm&r=g","contentUrl":"https:\/\/secure.gravatar.com\/avatar\/a7acbdffcfbbae7240e59f47fe511ec5f5d8c252c779f0b8d9ab02a9e1d8c5ed?s=96&d=mm&r=g","caption":"assessoriadefamosos"},"url":"https:\/\/portaldoestado.com.br\/index.php\/author\/assessoriadefamosos\/"}]}},"jetpack_featured_media_url":"https:\/\/portaldoestado.com.br\/wp-content\/uploads\/2025\/08\/FOFOCA-AWARDS_EDICAO-2025_Dennys-Motta-Fofoca-Awards-e-Keila-Jimenez-1.Credito-Storino-Junior-1.jpg","_links":{"self":[{"href":"https:\/\/portaldoestado.com.br\/index.php\/wp-json\/wp\/v2\/posts\/1690","targetHints":{"allow":["GET"]}}],"collection":[{"href":"https:\/\/portaldoestado.com.br\/index.php\/wp-json\/wp\/v2\/posts"}],"about":[{"href":"https:\/\/portaldoestado.com.br\/index.php\/wp-json\/wp\/v2\/types\/post"}],"author":[{"embeddable":true,"href":"https:\/\/portaldoestado.com.br\/index.php\/wp-json\/wp\/v2\/users\/2"}],"replies":[{"embeddable":true,"href":"https:\/\/portaldoestado.com.br\/index.php\/wp-json\/wp\/v2\/comments?post=1690"}],"version-history":[{"count":1,"href":"https:\/\/portaldoestado.com.br\/index.php\/wp-json\/wp\/v2\/posts\/1690\/revisions"}],"predecessor-version":[{"id":1691,"href":"https:\/\/portaldoestado.com.br\/index.php\/wp-json\/wp\/v2\/posts\/1690\/revisions\/1691"}],"wp:featuredmedia":[{"embeddable":true,"href":"https:\/\/portaldoestado.com.br\/index.php\/wp-json\/wp\/v2\/media\/1689"}],"wp:attachment":[{"href":"https:\/\/portaldoestado.com.br\/index.php\/wp-json\/wp\/v2\/media?parent=1690"}],"wp:term":[{"taxonomy":"category","embeddable":true,"href":"https:\/\/portaldoestado.com.br\/index.php\/wp-json\/wp\/v2\/categories?post=1690"},{"taxonomy":"post_tag","embeddable":true,"href":"https:\/\/portaldoestado.com.br\/index.php\/wp-json\/wp\/v2\/tags?post=1690"}],"curies":[{"name":"wp","href":"https:\/\/api.w.org\/{rel}","templated":true}]}}