{"id":1687,"date":"2025-08-14T15:18:55","date_gmt":"2025-08-14T15:18:55","guid":{"rendered":"https:\/\/portaldoestado.com.br\/?p=1687"},"modified":"2025-08-14T15:18:55","modified_gmt":"2025-08-14T15:18:55","slug":"familia-zoreia-recebe-gui-santana-e-kieram-ecttori-em-episodio-com-humor-e-magica-fora-do-comum","status":"publish","type":"post","link":"https:\/\/portaldoestado.com.br\/index.php\/2025\/08\/14\/familia-zoreia-recebe-gui-santana-e-kieram-ecttori-em-episodio-com-humor-e-magica-fora-do-comum\/","title":{"rendered":"Fam\u00edlia Zoreia recebe Gui Santana e Kieram Ecttori em epis\u00f3dio com humor e m\u00e1gica fora do comum"},"content":{"rendered":"\n<p>A mais recente grava\u00e7\u00e3o do sitcom Fam\u00edlia Zoreia mostrou por que a produ\u00e7\u00e3o j\u00e1 se consolidou como uma das com\u00e9dias mais criativas da televis\u00e3o regional. Apostando em um epis\u00f3dio especial ambientado na inaugura\u00e7\u00e3o do fict\u00edcio Armaz\u00e9m do Zel\u00e3o, a s\u00e9rie trouxe para o elenco dois nomes de peso que elevaram ainda mais o n\u00edvel da narrativa: o humorista Gui Santana e o ilusionista Kieram Ecttori.<\/p>\n\n\n<!-- wp:image \"id\":31883,\"sizeSlug\":\"large\",\"linkDestination\":\"none\",\"align\":\"center\" -->\n<figure class=\"wp-block-image aligncenter size-large\"><img decoding=\"async\" src=\"https:\/\/www.michelasi.com.br\/wp-content\/uploads\/2025\/08\/WhatsApp-Image-2025-08-13-at-19.13.16-1024x683.jpeg\" alt=\"\" class=\"wp-image-31883\" \/><\/figure>\n<!-- \/wp:post-content -->\n\n<!-- wp:paragraph -->\n<p>Gui Santana, com sua habilidade \u00fanica de construir personagens que transitam entre o absurdo e o cotidiano, imprimiu um ritmo c\u00f4mico intenso \u00e0s cenas, arrancando gargalhadas tanto do elenco quanto da equipe t\u00e9cnica. J\u00e1 Kieram Ecttori, mestre em misturar mist\u00e9rio e espet\u00e1culo, trouxe um elemento extra de surpresa e encantamento, criando momentos que fogem da cartilha tradicional do humor televisivo e flertam com o inusitado.<\/p>\n<!-- \/wp:paragraph -->\n\n<!-- wp:paragraph -->\n<p>A qu\u00edmica entre os convidados e o elenco fixo da Fam\u00edlia Zoreia resultou em um epis\u00f3dio vibrante, em que improviso e roteiro se mesclam de forma org\u00e2nica. A escolha de situar a trama na inaugura\u00e7\u00e3o do Armaz\u00e9m do Zel\u00e3o abre espa\u00e7o para situa\u00e7\u00f5es absurdas e di\u00e1logos afiados, refor\u00e7ando a assinatura da s\u00e9rie: humor inteligente, popular e cheio de refer\u00eancias \u00e0 cultura brasileira.<\/p>\n<!-- \/wp:paragraph -->\n\n<!-- wp:image \"id\":31886,\"sizeSlug\":\"large\",\"linkDestination\":\"none\",\"align\":\"center\" -->\n<figure class=\"wp-block-image aligncenter size-large\"><img decoding=\"async\" src=\"https:\/\/www.michelasi.com.br\/wp-content\/uploads\/2025\/08\/WhatsApp-Image-2025-08-13-at-19.13.18-1-edited.jpeg\" alt=\"\" class=\"wp-image-31886\" \/><\/figure>\n<!-- \/wp:image -->\n\n<!-- wp:paragraph -->\n<p>O p\u00fablico pode esperar uma entrega de alto n\u00edvel, tanto no timing c\u00f4mico quanto na est\u00e9tica visual, provando que a Fam\u00edlia Zoreia n\u00e3o se contenta com o \u201cmais do mesmo\u201d e segue experimentando novas f\u00f3rmulas para conquistar a audi\u00eancia.<\/p>\n<!-- \/wp:paragraph -->\n\n<!-- wp:paragraph -->\n<p>Onde assistir:<\/p>\n<!-- \/wp:paragraph -->\n\n<!-- wp:paragraph -->\n<p>REDE TV! PARAN\u00c1 \u2013 Dom. 10h | Ter. 17h30 | Quin. 8h30\nTVCI \u2013 Dom. 11h | Quin. 22h\nCENTRAL TV \u2013 Seg. e Quin. 10h | Dom. 10h45\nBRTVMAX \u2013 Ter., Quin. e S\u00e1b.\nTVS STREAMING \u2013 Hor\u00e1rios na plataforma\nTENDA TV \u2013 Dom. 10h | Ter. 17h30 | Quin. 8h30\nTV Life Am\u00e9rica \u2013 Qua. e Sex. 16h | S\u00e1b. 9h\nGMC TV \u2013 Ter. e Quin. 21h | S\u00e1b. 23h | Dom. 12h\nCONEX\u00c3O TV \u2013 Seg. a Dom. 10h e 18h<\/p>\n<!-- \/wp:paragraph -->","protected":false},"excerpt":{"rendered":"<p>A mais recente grava\u00e7\u00e3o do sitcom Fam\u00edlia Zoreia mostrou por que a produ\u00e7\u00e3o j\u00e1 se consolidou como uma das com\u00e9dias mais criativas da televis\u00e3o regional. Apostando em um epis\u00f3dio especial ambientado na inaugura\u00e7\u00e3o do fict\u00edcio Armaz\u00e9m do Zel\u00e3o, a s\u00e9rie trouxe para o elenco dois nomes de peso que elevaram ainda mais o n\u00edvel da \u2026<\/p>\n","protected":false},"author":2,"featured_media":1686,"comment_status":"closed","ping_status":"open","sticky":false,"template":"","format":"standard","meta":{"footnotes":""},"categories":[3],"tags":[],"class_list":["post-1687","post","type-post","status-publish","format-standard","has-post-thumbnail","hentry","category-famosos"],"yoast_head":"<!-- This site is optimized with the Yoast SEO plugin v25.5 - https:\/\/yoast.com\/wordpress\/plugins\/seo\/ -->\n<title>Fam\u00edlia Zoreia recebe Gui Santana e Kieram Ecttori em epis\u00f3dio com humor e m\u00e1gica fora do comum - Portal do Estado<\/title>\n<meta name=\"robots\" content=\"index, follow, max-snippet:-1, max-image-preview:large, max-video-preview:-1\" \/>\n<link rel=\"canonical\" href=\"https:\/\/portaldoestado.com.br\/index.php\/2025\/08\/14\/familia-zoreia-recebe-gui-santana-e-kieram-ecttori-em-episodio-com-humor-e-magica-fora-do-comum\/\" \/>\n<meta property=\"og:locale\" content=\"pt_BR\" \/>\n<meta property=\"og:type\" content=\"article\" \/>\n<meta property=\"og:title\" content=\"Fam\u00edlia Zoreia recebe Gui Santana e Kieram Ecttori em epis\u00f3dio com humor e m\u00e1gica fora do comum - Portal do Estado\" \/>\n<meta property=\"og:description\" content=\"A mais recente grava\u00e7\u00e3o do sitcom Fam\u00edlia Zoreia mostrou por que a produ\u00e7\u00e3o j\u00e1 se consolidou como uma das com\u00e9dias mais criativas da televis\u00e3o regional. Apostando em um epis\u00f3dio especial ambientado na inaugura\u00e7\u00e3o do fict\u00edcio Armaz\u00e9m do Zel\u00e3o, a s\u00e9rie trouxe para o elenco dois nomes de peso que elevaram ainda mais o n\u00edvel da \u2026\" \/>\n<meta property=\"og:url\" content=\"https:\/\/portaldoestado.com.br\/index.php\/2025\/08\/14\/familia-zoreia-recebe-gui-santana-e-kieram-ecttori-em-episodio-com-humor-e-magica-fora-do-comum\/\" \/>\n<meta property=\"og:site_name\" content=\"Portal do Estado\" \/>\n<meta property=\"article:published_time\" content=\"2025-08-14T15:18:55+00:00\" \/>\n<meta property=\"og:image\" content=\"https:\/\/portaldoestado.com.br\/wp-content\/uploads\/2025\/08\/WhatsApp-Image-2025-08-13-at-19.13.17.jpeg\" \/>\n\t<meta property=\"og:image:width\" content=\"1368\" \/>\n\t<meta property=\"og:image:height\" content=\"912\" \/>\n\t<meta property=\"og:image:type\" content=\"image\/jpeg\" \/>\n<meta name=\"author\" content=\"assessoriadefamosos\" \/>\n<meta name=\"twitter:card\" content=\"summary_large_image\" \/>\n<meta name=\"twitter:label1\" content=\"Escrito por\" \/>\n\t<meta name=\"twitter:data1\" content=\"assessoriadefamosos\" \/>\n\t<meta name=\"twitter:label2\" content=\"Est. tempo de leitura\" \/>\n\t<meta name=\"twitter:data2\" content=\"2 minutos\" \/>\n<script type=\"application\/ld+json\" class=\"yoast-schema-graph\">{\"@context\":\"https:\/\/schema.org\",\"@graph\":[{\"@type\":\"Article\",\"@id\":\"https:\/\/portaldoestado.com.br\/index.php\/2025\/08\/14\/familia-zoreia-recebe-gui-santana-e-kieram-ecttori-em-episodio-com-humor-e-magica-fora-do-comum\/#article\",\"isPartOf\":{\"@id\":\"https:\/\/portaldoestado.com.br\/index.php\/2025\/08\/14\/familia-zoreia-recebe-gui-santana-e-kieram-ecttori-em-episodio-com-humor-e-magica-fora-do-comum\/\"},\"author\":{\"name\":\"assessoriadefamosos\",\"@id\":\"https:\/\/portaldoestado.com.br\/#\/schema\/person\/5ca0174f3c8c84b59da62ea14b698cb9\"},\"headline\":\"Fam\u00edlia Zoreia recebe Gui Santana e Kieram Ecttori em epis\u00f3dio com humor e m\u00e1gica fora do comum\",\"datePublished\":\"2025-08-14T15:18:55+00:00\",\"mainEntityOfPage\":{\"@id\":\"https:\/\/portaldoestado.com.br\/index.php\/2025\/08\/14\/familia-zoreia-recebe-gui-santana-e-kieram-ecttori-em-episodio-com-humor-e-magica-fora-do-comum\/\"},\"wordCount\":362,\"publisher\":{\"@id\":\"https:\/\/portaldoestado.com.br\/#organization\"},\"image\":{\"@id\":\"https:\/\/portaldoestado.com.br\/index.php\/2025\/08\/14\/familia-zoreia-recebe-gui-santana-e-kieram-ecttori-em-episodio-com-humor-e-magica-fora-do-comum\/#primaryimage\"},\"thumbnailUrl\":\"https:\/\/portaldoestado.com.br\/wp-content\/uploads\/2025\/08\/WhatsApp-Image-2025-08-13-at-19.13.17.jpeg\",\"articleSection\":[\"Famosos\"],\"inLanguage\":\"pt-BR\"},{\"@type\":\"WebPage\",\"@id\":\"https:\/\/portaldoestado.com.br\/index.php\/2025\/08\/14\/familia-zoreia-recebe-gui-santana-e-kieram-ecttori-em-episodio-com-humor-e-magica-fora-do-comum\/\",\"url\":\"https:\/\/portaldoestado.com.br\/index.php\/2025\/08\/14\/familia-zoreia-recebe-gui-santana-e-kieram-ecttori-em-episodio-com-humor-e-magica-fora-do-comum\/\",\"name\":\"Fam\u00edlia Zoreia recebe Gui Santana e Kieram Ecttori em epis\u00f3dio com humor e m\u00e1gica fora do comum - Portal do Estado\",\"isPartOf\":{\"@id\":\"https:\/\/portaldoestado.com.br\/#website\"},\"primaryImageOfPage\":{\"@id\":\"https:\/\/portaldoestado.com.br\/index.php\/2025\/08\/14\/familia-zoreia-recebe-gui-santana-e-kieram-ecttori-em-episodio-com-humor-e-magica-fora-do-comum\/#primaryimage\"},\"image\":{\"@id\":\"https:\/\/portaldoestado.com.br\/index.php\/2025\/08\/14\/familia-zoreia-recebe-gui-santana-e-kieram-ecttori-em-episodio-com-humor-e-magica-fora-do-comum\/#primaryimage\"},\"thumbnailUrl\":\"https:\/\/portaldoestado.com.br\/wp-content\/uploads\/2025\/08\/WhatsApp-Image-2025-08-13-at-19.13.17.jpeg\",\"datePublished\":\"2025-08-14T15:18:55+00:00\",\"breadcrumb\":{\"@id\":\"https:\/\/portaldoestado.com.br\/index.php\/2025\/08\/14\/familia-zoreia-recebe-gui-santana-e-kieram-ecttori-em-episodio-com-humor-e-magica-fora-do-comum\/#breadcrumb\"},\"inLanguage\":\"pt-BR\",\"potentialAction\":[{\"@type\":\"ReadAction\",\"target\":[\"https:\/\/portaldoestado.com.br\/index.php\/2025\/08\/14\/familia-zoreia-recebe-gui-santana-e-kieram-ecttori-em-episodio-com-humor-e-magica-fora-do-comum\/\"]}]},{\"@type\":\"ImageObject\",\"inLanguage\":\"pt-BR\",\"@id\":\"https:\/\/portaldoestado.com.br\/index.php\/2025\/08\/14\/familia-zoreia-recebe-gui-santana-e-kieram-ecttori-em-episodio-com-humor-e-magica-fora-do-comum\/#primaryimage\",\"url\":\"https:\/\/portaldoestado.com.br\/wp-content\/uploads\/2025\/08\/WhatsApp-Image-2025-08-13-at-19.13.17.jpeg\",\"contentUrl\":\"https:\/\/portaldoestado.com.br\/wp-content\/uploads\/2025\/08\/WhatsApp-Image-2025-08-13-at-19.13.17.jpeg\",\"width\":1368,\"height\":912},{\"@type\":\"BreadcrumbList\",\"@id\":\"https:\/\/portaldoestado.com.br\/index.php\/2025\/08\/14\/familia-zoreia-recebe-gui-santana-e-kieram-ecttori-em-episodio-com-humor-e-magica-fora-do-comum\/#breadcrumb\",\"itemListElement\":[{\"@type\":\"ListItem\",\"position\":1,\"name\":\"In\u00edcio\",\"item\":\"https:\/\/portaldoestado.com.br\/\"},{\"@type\":\"ListItem\",\"position\":2,\"name\":\"Fam\u00edlia Zoreia recebe Gui Santana e Kieram Ecttori em epis\u00f3dio com humor e m\u00e1gica fora do comum\"}]},{\"@type\":\"WebSite\",\"@id\":\"https:\/\/portaldoestado.com.br\/#website\",\"url\":\"https:\/\/portaldoestado.com.br\/\",\"name\":\"Portal do Estado\",\"description\":\"\",\"publisher\":{\"@id\":\"https:\/\/portaldoestado.com.br\/#organization\"},\"potentialAction\":[{\"@type\":\"SearchAction\",\"target\":{\"@type\":\"EntryPoint\",\"urlTemplate\":\"https:\/\/portaldoestado.com.br\/?s={search_term_string}\"},\"query-input\":{\"@type\":\"PropertyValueSpecification\",\"valueRequired\":true,\"valueName\":\"search_term_string\"}}],\"inLanguage\":\"pt-BR\"},{\"@type\":\"Organization\",\"@id\":\"https:\/\/portaldoestado.com.br\/#organization\",\"name\":\"Portal do Estado\",\"url\":\"https:\/\/portaldoestado.com.br\/\",\"logo\":{\"@type\":\"ImageObject\",\"inLanguage\":\"pt-BR\",\"@id\":\"https:\/\/portaldoestado.com.br\/#\/schema\/logo\/image\/\",\"url\":\"https:\/\/portaldoestado.com.br\/wp-content\/uploads\/2025\/04\/cropped-6f69b19a-6472-43bf-b1b3-e1910bbbd4e8.png\",\"contentUrl\":\"https:\/\/portaldoestado.com.br\/wp-content\/uploads\/2025\/04\/cropped-6f69b19a-6472-43bf-b1b3-e1910bbbd4e8.png\",\"width\":1024,\"height\":350,\"caption\":\"Portal do Estado\"},\"image\":{\"@id\":\"https:\/\/portaldoestado.com.br\/#\/schema\/logo\/image\/\"}},{\"@type\":\"Person\",\"@id\":\"https:\/\/portaldoestado.com.br\/#\/schema\/person\/5ca0174f3c8c84b59da62ea14b698cb9\",\"name\":\"assessoriadefamosos\",\"image\":{\"@type\":\"ImageObject\",\"inLanguage\":\"pt-BR\",\"@id\":\"https:\/\/portaldoestado.com.br\/#\/schema\/person\/image\/\",\"url\":\"https:\/\/secure.gravatar.com\/avatar\/a7acbdffcfbbae7240e59f47fe511ec5f5d8c252c779f0b8d9ab02a9e1d8c5ed?s=96&d=mm&r=g\",\"contentUrl\":\"https:\/\/secure.gravatar.com\/avatar\/a7acbdffcfbbae7240e59f47fe511ec5f5d8c252c779f0b8d9ab02a9e1d8c5ed?s=96&d=mm&r=g\",\"caption\":\"assessoriadefamosos\"},\"url\":\"https:\/\/portaldoestado.com.br\/index.php\/author\/assessoriadefamosos\/\"}]}<\/script>\n<!-- \/ Yoast SEO plugin. -->","yoast_head_json":{"title":"Fam\u00edlia Zoreia recebe Gui Santana e Kieram Ecttori em epis\u00f3dio com humor e m\u00e1gica fora do comum - Portal do Estado","robots":{"index":"index","follow":"follow","max-snippet":"max-snippet:-1","max-image-preview":"max-image-preview:large","max-video-preview":"max-video-preview:-1"},"canonical":"https:\/\/portaldoestado.com.br\/index.php\/2025\/08\/14\/familia-zoreia-recebe-gui-santana-e-kieram-ecttori-em-episodio-com-humor-e-magica-fora-do-comum\/","og_locale":"pt_BR","og_type":"article","og_title":"Fam\u00edlia Zoreia recebe Gui Santana e Kieram Ecttori em epis\u00f3dio com humor e m\u00e1gica fora do comum - Portal do Estado","og_description":"A mais recente grava\u00e7\u00e3o do sitcom Fam\u00edlia Zoreia mostrou por que a produ\u00e7\u00e3o j\u00e1 se consolidou como uma das com\u00e9dias mais criativas da televis\u00e3o regional. Apostando em um epis\u00f3dio especial ambientado na inaugura\u00e7\u00e3o do fict\u00edcio Armaz\u00e9m do Zel\u00e3o, a s\u00e9rie trouxe para o elenco dois nomes de peso que elevaram ainda mais o n\u00edvel da \u2026","og_url":"https:\/\/portaldoestado.com.br\/index.php\/2025\/08\/14\/familia-zoreia-recebe-gui-santana-e-kieram-ecttori-em-episodio-com-humor-e-magica-fora-do-comum\/","og_site_name":"Portal do Estado","article_published_time":"2025-08-14T15:18:55+00:00","og_image":[{"width":1368,"height":912,"url":"https:\/\/portaldoestado.com.br\/wp-content\/uploads\/2025\/08\/WhatsApp-Image-2025-08-13-at-19.13.17.jpeg","type":"image\/jpeg"}],"author":"assessoriadefamosos","twitter_card":"summary_large_image","twitter_misc":{"Escrito por":"assessoriadefamosos","Est. tempo de leitura":"2 minutos"},"schema":{"@context":"https:\/\/schema.org","@graph":[{"@type":"Article","@id":"https:\/\/portaldoestado.com.br\/index.php\/2025\/08\/14\/familia-zoreia-recebe-gui-santana-e-kieram-ecttori-em-episodio-com-humor-e-magica-fora-do-comum\/#article","isPartOf":{"@id":"https:\/\/portaldoestado.com.br\/index.php\/2025\/08\/14\/familia-zoreia-recebe-gui-santana-e-kieram-ecttori-em-episodio-com-humor-e-magica-fora-do-comum\/"},"author":{"name":"assessoriadefamosos","@id":"https:\/\/portaldoestado.com.br\/#\/schema\/person\/5ca0174f3c8c84b59da62ea14b698cb9"},"headline":"Fam\u00edlia Zoreia recebe Gui Santana e Kieram Ecttori em epis\u00f3dio com humor e m\u00e1gica fora do comum","datePublished":"2025-08-14T15:18:55+00:00","mainEntityOfPage":{"@id":"https:\/\/portaldoestado.com.br\/index.php\/2025\/08\/14\/familia-zoreia-recebe-gui-santana-e-kieram-ecttori-em-episodio-com-humor-e-magica-fora-do-comum\/"},"wordCount":362,"publisher":{"@id":"https:\/\/portaldoestado.com.br\/#organization"},"image":{"@id":"https:\/\/portaldoestado.com.br\/index.php\/2025\/08\/14\/familia-zoreia-recebe-gui-santana-e-kieram-ecttori-em-episodio-com-humor-e-magica-fora-do-comum\/#primaryimage"},"thumbnailUrl":"https:\/\/portaldoestado.com.br\/wp-content\/uploads\/2025\/08\/WhatsApp-Image-2025-08-13-at-19.13.17.jpeg","articleSection":["Famosos"],"inLanguage":"pt-BR"},{"@type":"WebPage","@id":"https:\/\/portaldoestado.com.br\/index.php\/2025\/08\/14\/familia-zoreia-recebe-gui-santana-e-kieram-ecttori-em-episodio-com-humor-e-magica-fora-do-comum\/","url":"https:\/\/portaldoestado.com.br\/index.php\/2025\/08\/14\/familia-zoreia-recebe-gui-santana-e-kieram-ecttori-em-episodio-com-humor-e-magica-fora-do-comum\/","name":"Fam\u00edlia Zoreia recebe Gui Santana e Kieram Ecttori em epis\u00f3dio com humor e m\u00e1gica fora do comum - Portal do Estado","isPartOf":{"@id":"https:\/\/portaldoestado.com.br\/#website"},"primaryImageOfPage":{"@id":"https:\/\/portaldoestado.com.br\/index.php\/2025\/08\/14\/familia-zoreia-recebe-gui-santana-e-kieram-ecttori-em-episodio-com-humor-e-magica-fora-do-comum\/#primaryimage"},"image":{"@id":"https:\/\/portaldoestado.com.br\/index.php\/2025\/08\/14\/familia-zoreia-recebe-gui-santana-e-kieram-ecttori-em-episodio-com-humor-e-magica-fora-do-comum\/#primaryimage"},"thumbnailUrl":"https:\/\/portaldoestado.com.br\/wp-content\/uploads\/2025\/08\/WhatsApp-Image-2025-08-13-at-19.13.17.jpeg","datePublished":"2025-08-14T15:18:55+00:00","breadcrumb":{"@id":"https:\/\/portaldoestado.com.br\/index.php\/2025\/08\/14\/familia-zoreia-recebe-gui-santana-e-kieram-ecttori-em-episodio-com-humor-e-magica-fora-do-comum\/#breadcrumb"},"inLanguage":"pt-BR","potentialAction":[{"@type":"ReadAction","target":["https:\/\/portaldoestado.com.br\/index.php\/2025\/08\/14\/familia-zoreia-recebe-gui-santana-e-kieram-ecttori-em-episodio-com-humor-e-magica-fora-do-comum\/"]}]},{"@type":"ImageObject","inLanguage":"pt-BR","@id":"https:\/\/portaldoestado.com.br\/index.php\/2025\/08\/14\/familia-zoreia-recebe-gui-santana-e-kieram-ecttori-em-episodio-com-humor-e-magica-fora-do-comum\/#primaryimage","url":"https:\/\/portaldoestado.com.br\/wp-content\/uploads\/2025\/08\/WhatsApp-Image-2025-08-13-at-19.13.17.jpeg","contentUrl":"https:\/\/portaldoestado.com.br\/wp-content\/uploads\/2025\/08\/WhatsApp-Image-2025-08-13-at-19.13.17.jpeg","width":1368,"height":912},{"@type":"BreadcrumbList","@id":"https:\/\/portaldoestado.com.br\/index.php\/2025\/08\/14\/familia-zoreia-recebe-gui-santana-e-kieram-ecttori-em-episodio-com-humor-e-magica-fora-do-comum\/#breadcrumb","itemListElement":[{"@type":"ListItem","position":1,"name":"In\u00edcio","item":"https:\/\/portaldoestado.com.br\/"},{"@type":"ListItem","position":2,"name":"Fam\u00edlia Zoreia recebe Gui Santana e Kieram Ecttori em epis\u00f3dio com humor e m\u00e1gica fora do comum"}]},{"@type":"WebSite","@id":"https:\/\/portaldoestado.com.br\/#website","url":"https:\/\/portaldoestado.com.br\/","name":"Portal do Estado","description":"","publisher":{"@id":"https:\/\/portaldoestado.com.br\/#organization"},"potentialAction":[{"@type":"SearchAction","target":{"@type":"EntryPoint","urlTemplate":"https:\/\/portaldoestado.com.br\/?s={search_term_string}"},"query-input":{"@type":"PropertyValueSpecification","valueRequired":true,"valueName":"search_term_string"}}],"inLanguage":"pt-BR"},{"@type":"Organization","@id":"https:\/\/portaldoestado.com.br\/#organization","name":"Portal do Estado","url":"https:\/\/portaldoestado.com.br\/","logo":{"@type":"ImageObject","inLanguage":"pt-BR","@id":"https:\/\/portaldoestado.com.br\/#\/schema\/logo\/image\/","url":"https:\/\/portaldoestado.com.br\/wp-content\/uploads\/2025\/04\/cropped-6f69b19a-6472-43bf-b1b3-e1910bbbd4e8.png","contentUrl":"https:\/\/portaldoestado.com.br\/wp-content\/uploads\/2025\/04\/cropped-6f69b19a-6472-43bf-b1b3-e1910bbbd4e8.png","width":1024,"height":350,"caption":"Portal do Estado"},"image":{"@id":"https:\/\/portaldoestado.com.br\/#\/schema\/logo\/image\/"}},{"@type":"Person","@id":"https:\/\/portaldoestado.com.br\/#\/schema\/person\/5ca0174f3c8c84b59da62ea14b698cb9","name":"assessoriadefamosos","image":{"@type":"ImageObject","inLanguage":"pt-BR","@id":"https:\/\/portaldoestado.com.br\/#\/schema\/person\/image\/","url":"https:\/\/secure.gravatar.com\/avatar\/a7acbdffcfbbae7240e59f47fe511ec5f5d8c252c779f0b8d9ab02a9e1d8c5ed?s=96&d=mm&r=g","contentUrl":"https:\/\/secure.gravatar.com\/avatar\/a7acbdffcfbbae7240e59f47fe511ec5f5d8c252c779f0b8d9ab02a9e1d8c5ed?s=96&d=mm&r=g","caption":"assessoriadefamosos"},"url":"https:\/\/portaldoestado.com.br\/index.php\/author\/assessoriadefamosos\/"}]}},"jetpack_featured_media_url":"https:\/\/portaldoestado.com.br\/wp-content\/uploads\/2025\/08\/WhatsApp-Image-2025-08-13-at-19.13.17.jpeg","_links":{"self":[{"href":"https:\/\/portaldoestado.com.br\/index.php\/wp-json\/wp\/v2\/posts\/1687","targetHints":{"allow":["GET"]}}],"collection":[{"href":"https:\/\/portaldoestado.com.br\/index.php\/wp-json\/wp\/v2\/posts"}],"about":[{"href":"https:\/\/portaldoestado.com.br\/index.php\/wp-json\/wp\/v2\/types\/post"}],"author":[{"embeddable":true,"href":"https:\/\/portaldoestado.com.br\/index.php\/wp-json\/wp\/v2\/users\/2"}],"replies":[{"embeddable":true,"href":"https:\/\/portaldoestado.com.br\/index.php\/wp-json\/wp\/v2\/comments?post=1687"}],"version-history":[{"count":1,"href":"https:\/\/portaldoestado.com.br\/index.php\/wp-json\/wp\/v2\/posts\/1687\/revisions"}],"predecessor-version":[{"id":1688,"href":"https:\/\/portaldoestado.com.br\/index.php\/wp-json\/wp\/v2\/posts\/1687\/revisions\/1688"}],"wp:featuredmedia":[{"embeddable":true,"href":"https:\/\/portaldoestado.com.br\/index.php\/wp-json\/wp\/v2\/media\/1686"}],"wp:attachment":[{"href":"https:\/\/portaldoestado.com.br\/index.php\/wp-json\/wp\/v2\/media?parent=1687"}],"wp:term":[{"taxonomy":"category","embeddable":true,"href":"https:\/\/portaldoestado.com.br\/index.php\/wp-json\/wp\/v2\/categories?post=1687"},{"taxonomy":"post_tag","embeddable":true,"href":"https:\/\/portaldoestado.com.br\/index.php\/wp-json\/wp\/v2\/tags?post=1687"}],"curies":[{"name":"wp","href":"https:\/\/api.w.org\/{rel}","templated":true}]}}